{"id":165155,"date":"2021-10-14T16:39:35","date_gmt":"2021-10-14T19:39:35","guid":{"rendered":"https:\/\/diariotextual.com\/inicio\/?p=165155"},"modified":"2021-10-15T20:46:01","modified_gmt":"2021-10-15T23:46:01","slug":"cruces-en-diputados-por-el-aumento-del-presupuesto-y-el-acuerdo-de-la-deuda-de-la-anses","status":"publish","type":"post","link":"https:\/\/diariotextual.com\/inicio\/index.php\/2021\/10\/14\/cruces-en-diputados-por-el-aumento-del-presupuesto-y-el-acuerdo-de-la-deuda-de-la-anses\/","title":{"rendered":"En la sesi\u00f3n de Diputados, la oposici\u00f3n dijo que hubo una quita de la deuda de la Anses"},"content":{"rendered":"\n<p><strong>El oficialismo del Frejupa y los opositores comandados por el radicalismo y el macrismo se cruzaron en la sesi\u00f3n de la Legislatura de este jueves por el aumento del presupuesto de este a\u00f1o y el convenio firmado con la Anses para pagar el d\u00e9ficit de las cajas previsionales pampeanas. Los radicales dijeron que La Pampa acept\u00f3 una quita sobre el monto total.<\/strong><\/p>\n\n\n\n<p>En la sesi\u00f3n se llev\u00f3 a cabo un largo debate alrededor de tres proyectos que fueron analizados en el d\u00eda de ayer con la visita del ministro de Hacienda, <strong>Ernesto Franco<\/strong>, y su equipo de trabajo y que hoy el bloque del Frejupa solicit\u00f3 que se traten prioritariamente. Dos de las iniciativas tienen que ver con acuerdos entre Naci\u00f3n y Provincia, y una de ellas con el incremento del presupuesto de este a\u00f1o para, entre otros puntos, cubrir los aumentos salariales de los estatales.<\/p>\n\n\n\n<p>El primero de los proyectos, enviado por el Poder Ejecutivo, ten\u00eda que ver con el acuerdo de pago del Estado Nacional a la provincia de La Pampa por un monto de 2.229 millones de pesos por la deuda previsional. Fue aprobado por la mayor\u00eda del oficialismo, el Movimiento Productivo Pampeano y Comunidad Organizada, y rechazado por la minor\u00eda de la UCR y Propuesta Federal.<\/p>\n\n\n\n<p>\u00abSon fondos destinados a cubrir el d\u00e9ficit previsional, porque hab\u00eda quedado una deuda pendiente desde el 2009 al 2015 de 2.229 millones de pesos\u201d, dijo <strong>Roberto Robledo<\/strong>, diputado oficialista y miembro informante.<\/p>\n\n\n\n<p>A su vez, <strong>Francisco Torroba <\/strong>solicit\u00f3 la palabra para adelantar el voto negativo de su bloque. \u201cDurante siete a\u00f1os la expresidenta (Cristina Fern\u00e1ndez) se olvid\u00f3 de la deuda que ten\u00eda con La Pampa. La expresidenta visit\u00f3 en dos oportunidades la provincia y nadie le reclam\u00f3. Es grave el olvido de Naci\u00f3n y es grave que la provincia no haya accionado. Se ve que durmieron una prolongada siesta. Reci\u00e9n en el 2017, con el cambio de gobierno, recuerdan que Naci\u00f3n tiene una deuda y se recurre a la Justicia. Creemos que ha habido una mora en reclamar, y eso representa un perjuicio importante para La Pampa\u201d, argument\u00f3 el presidente de la UCR.<\/p>\n\n\n\n<p>En la misma l\u00ednea, <strong>Mar\u00eda Laura Trapaglia <\/strong>agreg\u00f3 que \u201cesta deuda se cobra sin la aplicaci\u00f3n de los intereses\u00bb sobre el capital. \u00abY s\u00ed fueron exigidos durante el gobierno anterior. Para el desarrollo de la provincia, toda deuda deber\u00e1 ser reclamada sin distinci\u00f3n de banderas pol\u00edticas\u00bb, expres\u00f3.<\/p>\n\n\n\n<p>Por su parte<strong>, Juan Brindesi<\/strong> acompa\u00f1\u00f3 la iniciativa. \u00abCelebro el proyecto del Poder Ejecutivo que defiende los intereses de la provincia, porque esto viene a reconocer una deuda sumamente importante\u00bb, dijo.<\/p>\n\n\n\n<p>Robledo le respondi\u00f3 a las y los diputados opositores. \u201cLa Pampa siempre ha reclamado. Lo importante es que en dos a\u00f1os de gesti\u00f3n el gobierno reconoci\u00f3 toda la deuda hist\u00f3rica, cuya suma de 2.229 millones de pesos ya fueron acreditados a la provincia y ya se pueden utilizar\u201d, dijo.<\/p>\n\n\n\n<p><strong>El radical Mauricio Ag\u00f3n se\u00f1al\u00f3 que en el acuerdo ha habido una quita. <\/strong>\u201cEste acuerdo es una gran quita, porque en la demanda que present\u00f3 la provincia, en forma tard\u00eda, se reclaman los montos hist\u00f3ricos con las actualizaciones, y hay un desfasaje entre los a\u00f1os. No se acord\u00f3 con Macri, pero este convenio efectivamente se aprob\u00f3 con una quita sin haber pasado por la C\u00e1mara\u201d, protest\u00f3.<\/p>\n\n\n\n<p><strong>Espartaco Mar\u00edn <\/strong>declar\u00f3 que \u00abno se comprend\u00eda\u00bb el voto negativo de la oposici\u00f3n. \u201cHablan de oportunismo por el signo pol\u00edtico, pero hay sobrados ejemplos de gobernadores que reclamaron a gobiernos nacionales justicialistas. Los acuerdos tambi\u00e9n deben ser acompa\u00f1ados sin bander\u00edas pol\u00edticas, y ahora la oposici\u00f3n va a rechazar el ingreso de fondos a La Pampa en un momento de crisis econ\u00f3mica. Adem\u00e1s, cuando se habla de quita, fue la Corte la que consider\u00f3 que los intereses a computar son a partir del a\u00f1o 2017\u201d, concluy\u00f3. \u00a0<\/p>\n\n\n\n<p>El segundo de los proyectos, por el que se incrementa en 12.014 millones de pesos el Presupuesto General de la Administraci\u00f3n Provincial para el Ejercicio 2021, fue aprobado por mayor\u00eda del Frejupa y del Movimiento Productivo Pampeano, y rechazado por parte de la UCR, Propuesta Federal y Comunidad Organizada.<\/p>\n\n\n\n<p>\u201cEste proyecto no es m\u00e1s ni menos que dejar a la luz el dibujo que era el presupuesto para este a\u00f1o. Esto refleja lo subestimados que estaban todos los \u00edndices presupuestados con respecto a los ingresos, a los \u00edndices de crecimientos y a los gastos\u201d, apunt\u00f3 Ag\u00f3n.<\/p>\n\n\n\n<p>Trapaglia manifest\u00f3 que \u201ceste cuerpo legislativo tiene que debatir cada erogaci\u00f3n, y las consultas deben ser hechas antes, no despu\u00e9s del dictamen\u201d, mientras que Sandra Fonseca agreg\u00f3 que \u201cnuestra tarea es la de controlar los recursos del pueblo\u201d por eso \u201cno acompa\u00f1ar\u00e9\u201d.<\/p>\n\n\n\n<p>Brindesi dijo que \u201cla pandemia ha repercutido en cada lugar, por eso se han utilizado recursos extraordinarios. Es entendible lo que el Ejecutivo plantea en este caso\u201d.<\/p>\n\n\n\n<p>En tanto, Robledo reflexion\u00f3: \u201cEl presupuesto presupone un monto. Cuando otras provincias se endeudan, La Pampa puede utilizar sus propios recursos. No se puede prever lo imprevisto. El paro de la actividad comercial y econ\u00f3mica no estaba previsto; ante eso es que el ahorro nuestro se hace presente. Tenemos que festejar que la provincia gasta lo que tiene que gastar, para poder tener reacci\u00f3n ante lo imprevisto\u201d.<\/p>\n\n\n\n<p><strong>Marcos Cuelle <\/strong>sali\u00f3 al cruce. \u201cEl Estado provincial no es una econom\u00eda familiar. Algunos hablan de colch\u00f3n antic\u00edclico y otros de econom\u00eda por no inversi\u00f3n. En plena crisis es cierto que hay imprevistos, pero eso revel\u00f3 toda la falta de inversi\u00f3n tanto en salud como en educaci\u00f3n. Yo entiendo la necesidad de defender a raja tabla un gobierno, pero hay un error enorme en creer que se puede manejar una econom\u00eda provincial como si fuera una econom\u00eda dom\u00e9stica. El gobierno no debe ahorrar, sino \u00a0que debe aportar los recursos a la sociedad e invertir\u201d, expres\u00f3.<\/p>\n\n\n\n<p>La tercera de las iniciativas, por la que se aprueba el Convenio Bilateral de Financiamiento entre ANSES y la provincia de la Pampa, por un monto de 1.960 millones de pesos, fue aprobada por unanimidad.<\/p>\n","protected":false},"excerpt":{"rendered":"<p>El oficialismo del Frejupa y los opositores comandados por el radicalismo y el macrismo se cruzaron en la sesi\u00f3n de la Legislatura de este jueves por el aumento del presupuesto&hellip;<\/p>\n","protected":false},"author":3,"featured_media":165157,"comment_status":"closed","ping_status":"open","sticky":false,"template":"","format":"standard","meta":{"_acf_changed":false,"footnotes":""},"categories":[11,8],"tags":[],"class_list":["post-165155","post","type-post","status-publish","format-standard","has-post-thumbnail","hentry","category-que-pasa","category-politica"],"acf":[],"yoast_head":"<!-- This site is optimized with the Yoast SEO plugin v27.5 - https:\/\/yoast.com\/product\/yoast-seo-wordpress\/ -->\n<title>En la sesi\u00f3n de Diputados, la oposici\u00f3n dijo que hubo una quita de la deuda de la Anses - Diario Textual<\/title>\n<meta name=\"robots\" content=\"index, follow, max-snippet:-1, max-image-preview:large, max-video-preview:-1\" \/>\n<link rel=\"canonical\" href=\"https:\/\/diariotextual.com\/inicio\/index.php\/2021\/10\/14\/cruces-en-diputados-por-el-aumento-del-presupuesto-y-el-acuerdo-de-la-deuda-de-la-anses\/\" \/>\n<meta property=\"og:locale\" content=\"es_ES\" \/>\n<meta property=\"og:type\" content=\"article\" \/>\n<meta property=\"og:title\" content=\"En la sesi\u00f3n de Diputados, la oposici\u00f3n dijo que hubo una quita de la deuda de la Anses - Diario Textual\" \/>\n<meta property=\"og:description\" content=\"El oficialismo del Frejupa y los opositores comandados por el radicalismo y el macrismo se cruzaron en la sesi\u00f3n de la Legislatura de este jueves por el aumento del presupuesto&hellip;\" \/>\n<meta property=\"og:url\" content=\"https:\/\/diariotextual.com\/inicio\/index.php\/2021\/10\/14\/cruces-en-diputados-por-el-aumento-del-presupuesto-y-el-acuerdo-de-la-deuda-de-la-anses\/\" \/>\n<meta property=\"og:site_name\" content=\"Diario Textual\" \/>\n<meta property=\"article:publisher\" content=\"https:\/\/www.facebook.com\/eltextual\" \/>\n<meta property=\"article:published_time\" content=\"2021-10-14T19:39:35+00:00\" \/>\n<meta property=\"article:modified_time\" content=\"2021-10-15T23:46:01+00:00\" \/>\n<meta property=\"og:image\" content=\"https:\/\/diariotextual.com\/inicio\/wp-content\/uploads\/2021\/10\/diputadossesion2021-1000.jpg\" \/>\n\t<meta property=\"og:image:width\" content=\"890\" \/>\n\t<meta property=\"og:image:height\" content=\"559\" \/>\n\t<meta property=\"og:image:type\" content=\"image\/jpeg\" \/>\n<meta name=\"author\" content=\"Diario1 Diario1\" \/>\n<meta name=\"twitter:card\" content=\"summary_large_image\" \/>\n<meta name=\"twitter:creator\" content=\"@eltextual\" \/>\n<meta name=\"twitter:site\" content=\"@eltextual\" \/>\n<meta name=\"twitter:label1\" content=\"Escrito por\" \/>\n\t<meta name=\"twitter:data1\" content=\"Diario1 Diario1\" \/>\n\t<meta name=\"twitter:label2\" content=\"Tiempo de lectura\" \/>\n\t<meta name=\"twitter:data2\" content=\"5 minutos\" \/>\n<script type=\"application\/ld+json\" class=\"yoast-schema-graph\">{\"@context\":\"https:\\\/\\\/schema.org\",\"@graph\":[{\"@type\":\"Article\",\"@id\":\"https:\\\/\\\/diariotextual.com\\\/inicio\\\/index.php\\\/2021\\\/10\\\/14\\\/cruces-en-diputados-por-el-aumento-del-presupuesto-y-el-acuerdo-de-la-deuda-de-la-anses\\\/#article\",\"isPartOf\":{\"@id\":\"https:\\\/\\\/diariotextual.com\\\/inicio\\\/index.php\\\/2021\\\/10\\\/14\\\/cruces-en-diputados-por-el-aumento-del-presupuesto-y-el-acuerdo-de-la-deuda-de-la-anses\\\/\"},\"author\":{\"name\":\"Diario1 Diario1\",\"@id\":\"https:\\\/\\\/diariotextual.com\\\/inicio\\\/#\\\/schema\\\/person\\\/418fc4093c33e86ed41562db3508f958\"},\"headline\":\"En la sesi\u00f3n de Diputados, la oposici\u00f3n dijo que hubo una quita de la deuda de la Anses\",\"datePublished\":\"2021-10-14T19:39:35+00:00\",\"dateModified\":\"2021-10-15T23:46:01+00:00\",\"mainEntityOfPage\":{\"@id\":\"https:\\\/\\\/diariotextual.com\\\/inicio\\\/index.php\\\/2021\\\/10\\\/14\\\/cruces-en-diputados-por-el-aumento-del-presupuesto-y-el-acuerdo-de-la-deuda-de-la-anses\\\/\"},\"wordCount\":1067,\"publisher\":{\"@id\":\"https:\\\/\\\/diariotextual.com\\\/inicio\\\/#organization\"},\"image\":{\"@id\":\"https:\\\/\\\/diariotextual.com\\\/inicio\\\/index.php\\\/2021\\\/10\\\/14\\\/cruces-en-diputados-por-el-aumento-del-presupuesto-y-el-acuerdo-de-la-deuda-de-la-anses\\\/#primaryimage\"},\"thumbnailUrl\":\"https:\\\/\\\/diariotextual.com\\\/inicio\\\/wp-content\\\/uploads\\\/2021\\\/10\\\/diputadossesion2021-1000.jpg\",\"articleSection\":[\"A - QUE PASA (al costado)\",\"POLITICA\"],\"inLanguage\":\"es\"},{\"@type\":\"WebPage\",\"@id\":\"https:\\\/\\\/diariotextual.com\\\/inicio\\\/index.php\\\/2021\\\/10\\\/14\\\/cruces-en-diputados-por-el-aumento-del-presupuesto-y-el-acuerdo-de-la-deuda-de-la-anses\\\/\",\"url\":\"https:\\\/\\\/diariotextual.com\\\/inicio\\\/index.php\\\/2021\\\/10\\\/14\\\/cruces-en-diputados-por-el-aumento-del-presupuesto-y-el-acuerdo-de-la-deuda-de-la-anses\\\/\",\"name\":\"En la sesi\u00f3n de Diputados, la oposici\u00f3n dijo que hubo una quita de la deuda de la Anses - Diario Textual\",\"isPartOf\":{\"@id\":\"https:\\\/\\\/diariotextual.com\\\/inicio\\\/#website\"},\"primaryImageOfPage\":{\"@id\":\"https:\\\/\\\/diariotextual.com\\\/inicio\\\/index.php\\\/2021\\\/10\\\/14\\\/cruces-en-diputados-por-el-aumento-del-presupuesto-y-el-acuerdo-de-la-deuda-de-la-anses\\\/#primaryimage\"},\"image\":{\"@id\":\"https:\\\/\\\/diariotextual.com\\\/inicio\\\/index.php\\\/2021\\\/10\\\/14\\\/cruces-en-diputados-por-el-aumento-del-presupuesto-y-el-acuerdo-de-la-deuda-de-la-anses\\\/#primaryimage\"},\"thumbnailUrl\":\"https:\\\/\\\/diariotextual.com\\\/inicio\\\/wp-content\\\/uploads\\\/2021\\\/10\\\/diputadossesion2021-1000.jpg\",\"datePublished\":\"2021-10-14T19:39:35+00:00\",\"dateModified\":\"2021-10-15T23:46:01+00:00\",\"breadcrumb\":{\"@id\":\"https:\\\/\\\/diariotextual.com\\\/inicio\\\/index.php\\\/2021\\\/10\\\/14\\\/cruces-en-diputados-por-el-aumento-del-presupuesto-y-el-acuerdo-de-la-deuda-de-la-anses\\\/#breadcrumb\"},\"inLanguage\":\"es\",\"potentialAction\":[{\"@type\":\"ReadAction\",\"target\":[\"https:\\\/\\\/diariotextual.com\\\/inicio\\\/index.php\\\/2021\\\/10\\\/14\\\/cruces-en-diputados-por-el-aumento-del-presupuesto-y-el-acuerdo-de-la-deuda-de-la-anses\\\/\"]}]},{\"@type\":\"ImageObject\",\"inLanguage\":\"es\",\"@id\":\"https:\\\/\\\/diariotextual.com\\\/inicio\\\/index.php\\\/2021\\\/10\\\/14\\\/cruces-en-diputados-por-el-aumento-del-presupuesto-y-el-acuerdo-de-la-deuda-de-la-anses\\\/#primaryimage\",\"url\":\"https:\\\/\\\/diariotextual.com\\\/inicio\\\/wp-content\\\/uploads\\\/2021\\\/10\\\/diputadossesion2021-1000.jpg\",\"contentUrl\":\"https:\\\/\\\/diariotextual.com\\\/inicio\\\/wp-content\\\/uploads\\\/2021\\\/10\\\/diputadossesion2021-1000.jpg\",\"width\":890,\"height\":559},{\"@type\":\"BreadcrumbList\",\"@id\":\"https:\\\/\\\/diariotextual.com\\\/inicio\\\/index.php\\\/2021\\\/10\\\/14\\\/cruces-en-diputados-por-el-aumento-del-presupuesto-y-el-acuerdo-de-la-deuda-de-la-anses\\\/#breadcrumb\",\"itemListElement\":[{\"@type\":\"ListItem\",\"position\":1,\"name\":\"Portada\",\"item\":\"https:\\\/\\\/diariotextual.com\\\/inicio\\\/\"},{\"@type\":\"ListItem\",\"position\":2,\"name\":\"En la sesi\u00f3n de Diputados, la oposici\u00f3n dijo que hubo una quita de la deuda de la Anses\"}]},{\"@type\":\"WebSite\",\"@id\":\"https:\\\/\\\/diariotextual.com\\\/inicio\\\/#website\",\"url\":\"https:\\\/\\\/diariotextual.com\\\/inicio\\\/\",\"name\":\"Diario Textual\",\"description\":\"\",\"publisher\":{\"@id\":\"https:\\\/\\\/diariotextual.com\\\/inicio\\\/#organization\"},\"potentialAction\":[{\"@type\":\"SearchAction\",\"target\":{\"@type\":\"EntryPoint\",\"urlTemplate\":\"https:\\\/\\\/diariotextual.com\\\/inicio\\\/?s={search_term_string}\"},\"query-input\":{\"@type\":\"PropertyValueSpecification\",\"valueRequired\":true,\"valueName\":\"search_term_string\"}}],\"inLanguage\":\"es\"},{\"@type\":\"Organization\",\"@id\":\"https:\\\/\\\/diariotextual.com\\\/inicio\\\/#organization\",\"name\":\"Diario Textual\",\"url\":\"https:\\\/\\\/diariotextual.com\\\/inicio\\\/\",\"logo\":{\"@type\":\"ImageObject\",\"inLanguage\":\"es\",\"@id\":\"https:\\\/\\\/diariotextual.com\\\/inicio\\\/#\\\/schema\\\/logo\\\/image\\\/\",\"url\":\"https:\\\/\\\/diariotextual.com\\\/inicio\\\/wp-content\\\/uploads\\\/2023\\\/05\\\/logotextual1.jpg\",\"contentUrl\":\"https:\\\/\\\/diariotextual.com\\\/inicio\\\/wp-content\\\/uploads\\\/2023\\\/05\\\/logotextual1.jpg\",\"width\":516,\"height\":76,\"caption\":\"Diario Textual\"},\"image\":{\"@id\":\"https:\\\/\\\/diariotextual.com\\\/inicio\\\/#\\\/schema\\\/logo\\\/image\\\/\"},\"sameAs\":[\"https:\\\/\\\/www.facebook.com\\\/eltextual\",\"https:\\\/\\\/x.com\\\/eltextual\",\"http:\\\/\\\/www.instagram.com\\\/eltextual\"]},{\"@type\":\"Person\",\"@id\":\"https:\\\/\\\/diariotextual.com\\\/inicio\\\/#\\\/schema\\\/person\\\/418fc4093c33e86ed41562db3508f958\",\"name\":\"Diario1 Diario1\",\"image\":{\"@type\":\"ImageObject\",\"inLanguage\":\"es\",\"@id\":\"https:\\\/\\\/secure.gravatar.com\\\/avatar\\\/9167d280179c85bc18be67aa7eda765854300033af4896dd779b608640f2ef7a?s=96&d=mm&r=g\",\"url\":\"https:\\\/\\\/secure.gravatar.com\\\/avatar\\\/9167d280179c85bc18be67aa7eda765854300033af4896dd779b608640f2ef7a?s=96&d=mm&r=g\",\"contentUrl\":\"https:\\\/\\\/secure.gravatar.com\\\/avatar\\\/9167d280179c85bc18be67aa7eda765854300033af4896dd779b608640f2ef7a?s=96&d=mm&r=g\",\"caption\":\"Diario1 Diario1\"},\"url\":\"https:\\\/\\\/diariotextual.com\\\/inicio\\\/index.php\\\/author\\\/diario1\\\/\"}]}<\/script>\n<!-- \/ Yoast SEO plugin. -->","yoast_head_json":{"title":"En la sesi\u00f3n de Diputados, la oposici\u00f3n dijo que hubo una quita de la deuda de la Anses - Diario Textual","robots":{"index":"index","follow":"follow","max-snippet":"max-snippet:-1","max-image-preview":"max-image-preview:large","max-video-preview":"max-video-preview:-1"},"canonical":"https:\/\/diariotextual.com\/inicio\/index.php\/2021\/10\/14\/cruces-en-diputados-por-el-aumento-del-presupuesto-y-el-acuerdo-de-la-deuda-de-la-anses\/","og_locale":"es_ES","og_type":"article","og_title":"En la sesi\u00f3n de Diputados, la oposici\u00f3n dijo que hubo una quita de la deuda de la Anses - Diario Textual","og_description":"El oficialismo del Frejupa y los opositores comandados por el radicalismo y el macrismo se cruzaron en la sesi\u00f3n de la Legislatura de este jueves por el aumento del presupuesto&hellip;","og_url":"https:\/\/diariotextual.com\/inicio\/index.php\/2021\/10\/14\/cruces-en-diputados-por-el-aumento-del-presupuesto-y-el-acuerdo-de-la-deuda-de-la-anses\/","og_site_name":"Diario Textual","article_publisher":"https:\/\/www.facebook.com\/eltextual","article_published_time":"2021-10-14T19:39:35+00:00","article_modified_time":"2021-10-15T23:46:01+00:00","og_image":[{"width":890,"height":559,"url":"https:\/\/diariotextual.com\/inicio\/wp-content\/uploads\/2021\/10\/diputadossesion2021-1000.jpg","type":"image\/jpeg"}],"author":"Diario1 Diario1","twitter_card":"summary_large_image","twitter_creator":"@eltextual","twitter_site":"@eltextual","twitter_misc":{"Escrito por":"Diario1 Diario1","Tiempo de lectura":"5 minutos"},"schema":{"@context":"https:\/\/schema.org","@graph":[{"@type":"Article","@id":"https:\/\/diariotextual.com\/inicio\/index.php\/2021\/10\/14\/cruces-en-diputados-por-el-aumento-del-presupuesto-y-el-acuerdo-de-la-deuda-de-la-anses\/#article","isPartOf":{"@id":"https:\/\/diariotextual.com\/inicio\/index.php\/2021\/10\/14\/cruces-en-diputados-por-el-aumento-del-presupuesto-y-el-acuerdo-de-la-deuda-de-la-anses\/"},"author":{"name":"Diario1 Diario1","@id":"https:\/\/diariotextual.com\/inicio\/#\/schema\/person\/418fc4093c33e86ed41562db3508f958"},"headline":"En la sesi\u00f3n de Diputados, la oposici\u00f3n dijo que hubo una quita de la deuda de la Anses","datePublished":"2021-10-14T19:39:35+00:00","dateModified":"2021-10-15T23:46:01+00:00","mainEntityOfPage":{"@id":"https:\/\/diariotextual.com\/inicio\/index.php\/2021\/10\/14\/cruces-en-diputados-por-el-aumento-del-presupuesto-y-el-acuerdo-de-la-deuda-de-la-anses\/"},"wordCount":1067,"publisher":{"@id":"https:\/\/diariotextual.com\/inicio\/#organization"},"image":{"@id":"https:\/\/diariotextual.com\/inicio\/index.php\/2021\/10\/14\/cruces-en-diputados-por-el-aumento-del-presupuesto-y-el-acuerdo-de-la-deuda-de-la-anses\/#primaryimage"},"thumbnailUrl":"https:\/\/diariotextual.com\/inicio\/wp-content\/uploads\/2021\/10\/diputadossesion2021-1000.jpg","articleSection":["A - QUE PASA (al costado)","POLITICA"],"inLanguage":"es"},{"@type":"WebPage","@id":"https:\/\/diariotextual.com\/inicio\/index.php\/2021\/10\/14\/cruces-en-diputados-por-el-aumento-del-presupuesto-y-el-acuerdo-de-la-deuda-de-la-anses\/","url":"https:\/\/diariotextual.com\/inicio\/index.php\/2021\/10\/14\/cruces-en-diputados-por-el-aumento-del-presupuesto-y-el-acuerdo-de-la-deuda-de-la-anses\/","name":"En la sesi\u00f3n de Diputados, la oposici\u00f3n dijo que hubo una quita de la deuda de la Anses - Diario Textual","isPartOf":{"@id":"https:\/\/diariotextual.com\/inicio\/#website"},"primaryImageOfPage":{"@id":"https:\/\/diariotextual.com\/inicio\/index.php\/2021\/10\/14\/cruces-en-diputados-por-el-aumento-del-presupuesto-y-el-acuerdo-de-la-deuda-de-la-anses\/#primaryimage"},"image":{"@id":"https:\/\/diariotextual.com\/inicio\/index.php\/2021\/10\/14\/cruces-en-diputados-por-el-aumento-del-presupuesto-y-el-acuerdo-de-la-deuda-de-la-anses\/#primaryimage"},"thumbnailUrl":"https:\/\/diariotextual.com\/inicio\/wp-content\/uploads\/2021\/10\/diputadossesion2021-1000.jpg","datePublished":"2021-10-14T19:39:35+00:00","dateModified":"2021-10-15T23:46:01+00:00","breadcrumb":{"@id":"https:\/\/diariotextual.com\/inicio\/index.php\/2021\/10\/14\/cruces-en-diputados-por-el-aumento-del-presupuesto-y-el-acuerdo-de-la-deuda-de-la-anses\/#breadcrumb"},"inLanguage":"es","potentialAction":[{"@type":"ReadAction","target":["https:\/\/diariotextual.com\/inicio\/index.php\/2021\/10\/14\/cruces-en-diputados-por-el-aumento-del-presupuesto-y-el-acuerdo-de-la-deuda-de-la-anses\/"]}]},{"@type":"ImageObject","inLanguage":"es","@id":"https:\/\/diariotextual.com\/inicio\/index.php\/2021\/10\/14\/cruces-en-diputados-por-el-aumento-del-presupuesto-y-el-acuerdo-de-la-deuda-de-la-anses\/#primaryimage","url":"https:\/\/diariotextual.com\/inicio\/wp-content\/uploads\/2021\/10\/diputadossesion2021-1000.jpg","contentUrl":"https:\/\/diariotextual.com\/inicio\/wp-content\/uploads\/2021\/10\/diputadossesion2021-1000.jpg","width":890,"height":559},{"@type":"BreadcrumbList","@id":"https:\/\/diariotextual.com\/inicio\/index.php\/2021\/10\/14\/cruces-en-diputados-por-el-aumento-del-presupuesto-y-el-acuerdo-de-la-deuda-de-la-anses\/#breadcrumb","itemListElement":[{"@type":"ListItem","position":1,"name":"Portada","item":"https:\/\/diariotextual.com\/inicio\/"},{"@type":"ListItem","position":2,"name":"En la sesi\u00f3n de Diputados, la oposici\u00f3n dijo que hubo una quita de la deuda de la Anses"}]},{"@type":"WebSite","@id":"https:\/\/diariotextual.com\/inicio\/#website","url":"https:\/\/diariotextual.com\/inicio\/","name":"Diario Textual","description":"","publisher":{"@id":"https:\/\/diariotextual.com\/inicio\/#organization"},"potentialAction":[{"@type":"SearchAction","target":{"@type":"EntryPoint","urlTemplate":"https:\/\/diariotextual.com\/inicio\/?s={search_term_string}"},"query-input":{"@type":"PropertyValueSpecification","valueRequired":true,"valueName":"search_term_string"}}],"inLanguage":"es"},{"@type":"Organization","@id":"https:\/\/diariotextual.com\/inicio\/#organization","name":"Diario Textual","url":"https:\/\/diariotextual.com\/inicio\/","logo":{"@type":"ImageObject","inLanguage":"es","@id":"https:\/\/diariotextual.com\/inicio\/#\/schema\/logo\/image\/","url":"https:\/\/diariotextual.com\/inicio\/wp-content\/uploads\/2023\/05\/logotextual1.jpg","contentUrl":"https:\/\/diariotextual.com\/inicio\/wp-content\/uploads\/2023\/05\/logotextual1.jpg","width":516,"height":76,"caption":"Diario Textual"},"image":{"@id":"https:\/\/diariotextual.com\/inicio\/#\/schema\/logo\/image\/"},"sameAs":["https:\/\/www.facebook.com\/eltextual","https:\/\/x.com\/eltextual","http:\/\/www.instagram.com\/eltextual"]},{"@type":"Person","@id":"https:\/\/diariotextual.com\/inicio\/#\/schema\/person\/418fc4093c33e86ed41562db3508f958","name":"Diario1 Diario1","image":{"@type":"ImageObject","inLanguage":"es","@id":"https:\/\/secure.gravatar.com\/avatar\/9167d280179c85bc18be67aa7eda765854300033af4896dd779b608640f2ef7a?s=96&d=mm&r=g","url":"https:\/\/secure.gravatar.com\/avatar\/9167d280179c85bc18be67aa7eda765854300033af4896dd779b608640f2ef7a?s=96&d=mm&r=g","contentUrl":"https:\/\/secure.gravatar.com\/avatar\/9167d280179c85bc18be67aa7eda765854300033af4896dd779b608640f2ef7a?s=96&d=mm&r=g","caption":"Diario1 Diario1"},"url":"https:\/\/diariotextual.com\/inicio\/index.php\/author\/diario1\/"}]}},"_links":{"self":[{"href":"https:\/\/diariotextual.com\/inicio\/index.php\/wp-json\/wp\/v2\/posts\/165155","targetHints":{"allow":["GET"]}}],"collection":[{"href":"https:\/\/diariotextual.com\/inicio\/index.php\/wp-json\/wp\/v2\/posts"}],"about":[{"href":"https:\/\/diariotextual.com\/inicio\/index.php\/wp-json\/wp\/v2\/types\/post"}],"author":[{"embeddable":true,"href":"https:\/\/diariotextual.com\/inicio\/index.php\/wp-json\/wp\/v2\/users\/3"}],"replies":[{"embeddable":true,"href":"https:\/\/diariotextual.com\/inicio\/index.php\/wp-json\/wp\/v2\/comments?post=165155"}],"version-history":[{"count":7,"href":"https:\/\/diariotextual.com\/inicio\/index.php\/wp-json\/wp\/v2\/posts\/165155\/revisions"}],"predecessor-version":[{"id":165167,"href":"https:\/\/diariotextual.com\/inicio\/index.php\/wp-json\/wp\/v2\/posts\/165155\/revisions\/165167"}],"wp:featuredmedia":[{"embeddable":true,"href":"https:\/\/diariotextual.com\/inicio\/index.php\/wp-json\/wp\/v2\/media\/165157"}],"wp:attachment":[{"href":"https:\/\/diariotextual.com\/inicio\/index.php\/wp-json\/wp\/v2\/media?parent=165155"}],"wp:term":[{"taxonomy":"category","embeddable":true,"href":"https:\/\/diariotextual.com\/inicio\/index.php\/wp-json\/wp\/v2\/categories?post=165155"},{"taxonomy":"post_tag","embeddable":true,"href":"https:\/\/diariotextual.com\/inicio\/index.php\/wp-json\/wp\/v2\/tags?post=165155"}],"curies":[{"name":"wp","href":"https:\/\/api.w.org\/{rel}","templated":true}]}}