{"id":165389,"date":"2021-10-16T10:00:29","date_gmt":"2021-10-16T13:00:29","guid":{"rendered":"https:\/\/diariotextual.com\/inicio\/?p=165389"},"modified":"2021-10-16T19:09:35","modified_gmt":"2021-10-16T22:09:35","slug":"solana-el-frente-de-todos-y-juntos-por-el-cambio-viven-en-un-termo","status":"publish","type":"post","link":"https:\/\/diariotextual.com\/inicio\/index.php\/2021\/10\/16\/solana-el-frente-de-todos-y-juntos-por-el-cambio-viven-en-un-termo\/","title":{"rendered":"Solana: \u00abEl Frente de Todos y Juntos por el Cambio viven en un termo\u00bb"},"content":{"rendered":"\n<p><strong>Luis Solana<\/strong>, candidato a senador nacional por el Partido Socialista, dijo que su espacio es una \u201calternativa superadora de la grieta\u201d en el pa\u00eds y fustig\u00f3 al Frente de Todos y Juntos por el Cambio. \u201c<strong>Hay que terminar con la locura. Esta gente, los del Frente de Todos y Juntos por el Cambio, viven en un termo. Deben bajar a la tierra y acordar sobre los grandes temas del pa\u00eds\u201d<\/strong>, sostuvo en declaraciones a Radio Textual (LU 33).<\/p>\n\n\n\n<p>El dirigente resalt\u00f3 que \u201cdebe haber di\u00e1logo y acuerdo\u201d sobre los \u201cgrandes temas\u201d del pa\u00eds.<\/p>\n\n\n\n<p>Dijo, tambi\u00e9n, que Todos y Juntos son los principales responsables de las \u201cdeudas de la pol\u00edtica con la sociedad\u201d argentina: una de las tasas de inflaci\u00f3n de las m\u00e1s altas del mundo, la desocupaci\u00f3n que supera los dos d\u00edgitos y la mitad de los habitantes en la informalidad.<\/p>\n\n\n\n<p>\u201cHoy hay una discusi\u00f3n in\u00fatil entre Juntos por el Cambio y el Frente de Todos: qui\u00e9n es el peor de los dos. De un lado, justifican su accionar porque se justifica con el desastre mayor del otro. En definitiva, los dos tienen raz\u00f3n: los dos son un desastre. El socialismo no es parte de eso\u201d, expres\u00f3.<\/p>\n\n\n\n<p>\u201cCreemos que debemos tener una idea superadora a la grieta. Lograr consenso y un di\u00e1logo sobre los temas centrales. Se necesitan alternativas que, en alg\u00fan momento, poner en discusi\u00f3n estas cosas\u201d, agreg\u00f3. \u201cSe necesita moderaci\u00f3n, cordura y sentarse y ponerse de acuerdo. <strong>Hay que terminar con la locura. Esta gente vive en un termo. Deben bajar a la tierra y acordar sobre los grandes temas del pa\u00eds<\/strong>\u201d, insisti\u00f3.<\/p>\n\n\n\n<p>El dirigente dijo que, si bien la pandemia de coronavirus es \u201cun atenuante\u201d, el Gobierno de Alberto Fern\u00e1ndez cometi\u00f3 \u201cerrores\u201d que pagaron todos los argentinos. \u201cLa pandemia no puede justificar los muy malos ejemplos que ha dado, por ejemplo, el presidente\u201d, sostuvo. \u201cLa primera parte de la cuarentena fue con un consenso del 95% de los argentinos. Luego, ya avanzado el conocimiento (sobre el virus), la cuarentena se extendi\u00f3 casi indefinidamente. No hubo ning\u00fan plan de gobierno ni salida a la cuarentena. Por eso fue tan dura para los argentinos\u201d, dijo.<\/p>\n\n\n\n<p><\/p>\n\n\n\n<p><\/p>\n\n\n\n<p><\/p>\n","protected":false},"excerpt":{"rendered":"<p>Luis Solana, candidato a senador nacional por el Partido Socialista, dijo que su espacio es una \u201calternativa superadora de la grieta\u201d en el pa\u00eds y fustig\u00f3 al Frente de Todos&hellip;<\/p>\n","protected":false},"author":3,"featured_media":58841,"comment_status":"closed","ping_status":"open","sticky":false,"template":"","format":"standard","meta":{"_acf_changed":false,"footnotes":""},"categories":[10,8],"tags":[108],"class_list":["post-165389","post","type-post","status-publish","format-standard","has-post-thumbnail","hentry","category-portada-2","category-politica","tag-solana"],"acf":[],"yoast_head":"<!-- This site is optimized with the Yoast SEO plugin v27.5 - https:\/\/yoast.com\/product\/yoast-seo-wordpress\/ -->\n<title>Solana: &quot;El Frente de Todos y Juntos por el Cambio viven en un termo&quot; - Diario Textual<\/title>\n<meta name=\"robots\" content=\"index, follow, max-snippet:-1, max-image-preview:large, max-video-preview:-1\" \/>\n<link rel=\"canonical\" href=\"https:\/\/diariotextual.com\/inicio\/index.php\/2021\/10\/16\/solana-el-frente-de-todos-y-juntos-por-el-cambio-viven-en-un-termo\/\" \/>\n<meta property=\"og:locale\" content=\"es_ES\" \/>\n<meta property=\"og:type\" content=\"article\" \/>\n<meta property=\"og:title\" content=\"Solana: &quot;El Frente de Todos y Juntos por el Cambio viven en un termo&quot; - Diario Textual\" \/>\n<meta property=\"og:description\" content=\"Luis Solana, candidato a senador nacional por el Partido Socialista, dijo que su espacio es una \u201calternativa superadora de la grieta\u201d en el pa\u00eds y fustig\u00f3 al Frente de Todos&hellip;\" \/>\n<meta property=\"og:url\" content=\"https:\/\/diariotextual.com\/inicio\/index.php\/2021\/10\/16\/solana-el-frente-de-todos-y-juntos-por-el-cambio-viven-en-un-termo\/\" \/>\n<meta property=\"og:site_name\" content=\"Diario Textual\" \/>\n<meta property=\"article:publisher\" content=\"https:\/\/www.facebook.com\/eltextual\" \/>\n<meta property=\"article:published_time\" content=\"2021-10-16T13:00:29+00:00\" \/>\n<meta property=\"article:modified_time\" content=\"2021-10-16T22:09:35+00:00\" \/>\n<meta property=\"og:image\" content=\"https:\/\/diariotextual.com\/inicio\/wp-content\/uploads\/2019\/08\/solanaluisvotaelecciones2019-13.jpg\" \/>\n\t<meta property=\"og:image:width\" content=\"1200\" \/>\n\t<meta property=\"og:image:height\" content=\"809\" \/>\n\t<meta property=\"og:image:type\" content=\"image\/jpeg\" \/>\n<meta name=\"author\" content=\"Diario1 Diario1\" \/>\n<meta name=\"twitter:card\" content=\"summary_large_image\" \/>\n<meta name=\"twitter:creator\" content=\"@eltextual\" \/>\n<meta name=\"twitter:site\" content=\"@eltextual\" \/>\n<meta name=\"twitter:label1\" content=\"Escrito por\" \/>\n\t<meta name=\"twitter:data1\" content=\"Diario1 Diario1\" \/>\n\t<meta name=\"twitter:label2\" content=\"Tiempo de lectura\" \/>\n\t<meta name=\"twitter:data2\" content=\"2 minutos\" \/>\n<script type=\"application\/ld+json\" class=\"yoast-schema-graph\">{\"@context\":\"https:\\\/\\\/schema.org\",\"@graph\":[{\"@type\":\"Article\",\"@id\":\"https:\\\/\\\/diariotextual.com\\\/inicio\\\/index.php\\\/2021\\\/10\\\/16\\\/solana-el-frente-de-todos-y-juntos-por-el-cambio-viven-en-un-termo\\\/#article\",\"isPartOf\":{\"@id\":\"https:\\\/\\\/diariotextual.com\\\/inicio\\\/index.php\\\/2021\\\/10\\\/16\\\/solana-el-frente-de-todos-y-juntos-por-el-cambio-viven-en-un-termo\\\/\"},\"author\":{\"name\":\"Diario1 Diario1\",\"@id\":\"https:\\\/\\\/diariotextual.com\\\/inicio\\\/#\\\/schema\\\/person\\\/418fc4093c33e86ed41562db3508f958\"},\"headline\":\"Solana: \u00abEl Frente de Todos y Juntos por el Cambio viven en un termo\u00bb\",\"datePublished\":\"2021-10-16T13:00:29+00:00\",\"dateModified\":\"2021-10-16T22:09:35+00:00\",\"mainEntityOfPage\":{\"@id\":\"https:\\\/\\\/diariotextual.com\\\/inicio\\\/index.php\\\/2021\\\/10\\\/16\\\/solana-el-frente-de-todos-y-juntos-por-el-cambio-viven-en-un-termo\\\/\"},\"wordCount\":389,\"publisher\":{\"@id\":\"https:\\\/\\\/diariotextual.com\\\/inicio\\\/#organization\"},\"image\":{\"@id\":\"https:\\\/\\\/diariotextual.com\\\/inicio\\\/index.php\\\/2021\\\/10\\\/16\\\/solana-el-frente-de-todos-y-juntos-por-el-cambio-viven-en-un-termo\\\/#primaryimage\"},\"thumbnailUrl\":\"https:\\\/\\\/diariotextual.com\\\/inicio\\\/wp-content\\\/uploads\\\/2019\\\/08\\\/solanaluisvotaelecciones2019-13.jpg\",\"keywords\":[\"solana\"],\"articleSection\":[\"A - PORTADA2\",\"POLITICA\"],\"inLanguage\":\"es\"},{\"@type\":\"WebPage\",\"@id\":\"https:\\\/\\\/diariotextual.com\\\/inicio\\\/index.php\\\/2021\\\/10\\\/16\\\/solana-el-frente-de-todos-y-juntos-por-el-cambio-viven-en-un-termo\\\/\",\"url\":\"https:\\\/\\\/diariotextual.com\\\/inicio\\\/index.php\\\/2021\\\/10\\\/16\\\/solana-el-frente-de-todos-y-juntos-por-el-cambio-viven-en-un-termo\\\/\",\"name\":\"Solana: \\\"El Frente de Todos y Juntos por el Cambio viven en un termo\\\" - Diario Textual\",\"isPartOf\":{\"@id\":\"https:\\\/\\\/diariotextual.com\\\/inicio\\\/#website\"},\"primaryImageOfPage\":{\"@id\":\"https:\\\/\\\/diariotextual.com\\\/inicio\\\/index.php\\\/2021\\\/10\\\/16\\\/solana-el-frente-de-todos-y-juntos-por-el-cambio-viven-en-un-termo\\\/#primaryimage\"},\"image\":{\"@id\":\"https:\\\/\\\/diariotextual.com\\\/inicio\\\/index.php\\\/2021\\\/10\\\/16\\\/solana-el-frente-de-todos-y-juntos-por-el-cambio-viven-en-un-termo\\\/#primaryimage\"},\"thumbnailUrl\":\"https:\\\/\\\/diariotextual.com\\\/inicio\\\/wp-content\\\/uploads\\\/2019\\\/08\\\/solanaluisvotaelecciones2019-13.jpg\",\"datePublished\":\"2021-10-16T13:00:29+00:00\",\"dateModified\":\"2021-10-16T22:09:35+00:00\",\"breadcrumb\":{\"@id\":\"https:\\\/\\\/diariotextual.com\\\/inicio\\\/index.php\\\/2021\\\/10\\\/16\\\/solana-el-frente-de-todos-y-juntos-por-el-cambio-viven-en-un-termo\\\/#breadcrumb\"},\"inLanguage\":\"es\",\"potentialAction\":[{\"@type\":\"ReadAction\",\"target\":[\"https:\\\/\\\/diariotextual.com\\\/inicio\\\/index.php\\\/2021\\\/10\\\/16\\\/solana-el-frente-de-todos-y-juntos-por-el-cambio-viven-en-un-termo\\\/\"]}]},{\"@type\":\"ImageObject\",\"inLanguage\":\"es\",\"@id\":\"https:\\\/\\\/diariotextual.com\\\/inicio\\\/index.php\\\/2021\\\/10\\\/16\\\/solana-el-frente-de-todos-y-juntos-por-el-cambio-viven-en-un-termo\\\/#primaryimage\",\"url\":\"https:\\\/\\\/diariotextual.com\\\/inicio\\\/wp-content\\\/uploads\\\/2019\\\/08\\\/solanaluisvotaelecciones2019-13.jpg\",\"contentUrl\":\"https:\\\/\\\/diariotextual.com\\\/inicio\\\/wp-content\\\/uploads\\\/2019\\\/08\\\/solanaluisvotaelecciones2019-13.jpg\",\"width\":1200,\"height\":809},{\"@type\":\"BreadcrumbList\",\"@id\":\"https:\\\/\\\/diariotextual.com\\\/inicio\\\/index.php\\\/2021\\\/10\\\/16\\\/solana-el-frente-de-todos-y-juntos-por-el-cambio-viven-en-un-termo\\\/#breadcrumb\",\"itemListElement\":[{\"@type\":\"ListItem\",\"position\":1,\"name\":\"Portada\",\"item\":\"https:\\\/\\\/diariotextual.com\\\/inicio\\\/\"},{\"@type\":\"ListItem\",\"position\":2,\"name\":\"Solana: \u00abEl Frente de Todos y Juntos por el Cambio viven en un termo\u00bb\"}]},{\"@type\":\"WebSite\",\"@id\":\"https:\\\/\\\/diariotextual.com\\\/inicio\\\/#website\",\"url\":\"https:\\\/\\\/diariotextual.com\\\/inicio\\\/\",\"name\":\"Diario Textual\",\"description\":\"\",\"publisher\":{\"@id\":\"https:\\\/\\\/diariotextual.com\\\/inicio\\\/#organization\"},\"potentialAction\":[{\"@type\":\"SearchAction\",\"target\":{\"@type\":\"EntryPoint\",\"urlTemplate\":\"https:\\\/\\\/diariotextual.com\\\/inicio\\\/?s={search_term_string}\"},\"query-input\":{\"@type\":\"PropertyValueSpecification\",\"valueRequired\":true,\"valueName\":\"search_term_string\"}}],\"inLanguage\":\"es\"},{\"@type\":\"Organization\",\"@id\":\"https:\\\/\\\/diariotextual.com\\\/inicio\\\/#organization\",\"name\":\"Diario Textual\",\"url\":\"https:\\\/\\\/diariotextual.com\\\/inicio\\\/\",\"logo\":{\"@type\":\"ImageObject\",\"inLanguage\":\"es\",\"@id\":\"https:\\\/\\\/diariotextual.com\\\/inicio\\\/#\\\/schema\\\/logo\\\/image\\\/\",\"url\":\"https:\\\/\\\/diariotextual.com\\\/inicio\\\/wp-content\\\/uploads\\\/2023\\\/05\\\/logotextual1.jpg\",\"contentUrl\":\"https:\\\/\\\/diariotextual.com\\\/inicio\\\/wp-content\\\/uploads\\\/2023\\\/05\\\/logotextual1.jpg\",\"width\":516,\"height\":76,\"caption\":\"Diario Textual\"},\"image\":{\"@id\":\"https:\\\/\\\/diariotextual.com\\\/inicio\\\/#\\\/schema\\\/logo\\\/image\\\/\"},\"sameAs\":[\"https:\\\/\\\/www.facebook.com\\\/eltextual\",\"https:\\\/\\\/x.com\\\/eltextual\",\"http:\\\/\\\/www.instagram.com\\\/eltextual\"]},{\"@type\":\"Person\",\"@id\":\"https:\\\/\\\/diariotextual.com\\\/inicio\\\/#\\\/schema\\\/person\\\/418fc4093c33e86ed41562db3508f958\",\"name\":\"Diario1 Diario1\",\"image\":{\"@type\":\"ImageObject\",\"inLanguage\":\"es\",\"@id\":\"https:\\\/\\\/secure.gravatar.com\\\/avatar\\\/9167d280179c85bc18be67aa7eda765854300033af4896dd779b608640f2ef7a?s=96&d=mm&r=g\",\"url\":\"https:\\\/\\\/secure.gravatar.com\\\/avatar\\\/9167d280179c85bc18be67aa7eda765854300033af4896dd779b608640f2ef7a?s=96&d=mm&r=g\",\"contentUrl\":\"https:\\\/\\\/secure.gravatar.com\\\/avatar\\\/9167d280179c85bc18be67aa7eda765854300033af4896dd779b608640f2ef7a?s=96&d=mm&r=g\",\"caption\":\"Diario1 Diario1\"},\"url\":\"https:\\\/\\\/diariotextual.com\\\/inicio\\\/index.php\\\/author\\\/diario1\\\/\"}]}<\/script>\n<!-- \/ Yoast SEO plugin. -->","yoast_head_json":{"title":"Solana: \"El Frente de Todos y Juntos por el Cambio viven en un termo\" - Diario Textual","robots":{"index":"index","follow":"follow","max-snippet":"max-snippet:-1","max-image-preview":"max-image-preview:large","max-video-preview":"max-video-preview:-1"},"canonical":"https:\/\/diariotextual.com\/inicio\/index.php\/2021\/10\/16\/solana-el-frente-de-todos-y-juntos-por-el-cambio-viven-en-un-termo\/","og_locale":"es_ES","og_type":"article","og_title":"Solana: \"El Frente de Todos y Juntos por el Cambio viven en un termo\" - Diario Textual","og_description":"Luis Solana, candidato a senador nacional por el Partido Socialista, dijo que su espacio es una \u201calternativa superadora de la grieta\u201d en el pa\u00eds y fustig\u00f3 al Frente de Todos&hellip;","og_url":"https:\/\/diariotextual.com\/inicio\/index.php\/2021\/10\/16\/solana-el-frente-de-todos-y-juntos-por-el-cambio-viven-en-un-termo\/","og_site_name":"Diario Textual","article_publisher":"https:\/\/www.facebook.com\/eltextual","article_published_time":"2021-10-16T13:00:29+00:00","article_modified_time":"2021-10-16T22:09:35+00:00","og_image":[{"width":1200,"height":809,"url":"https:\/\/diariotextual.com\/inicio\/wp-content\/uploads\/2019\/08\/solanaluisvotaelecciones2019-13.jpg","type":"image\/jpeg"}],"author":"Diario1 Diario1","twitter_card":"summary_large_image","twitter_creator":"@eltextual","twitter_site":"@eltextual","twitter_misc":{"Escrito por":"Diario1 Diario1","Tiempo de lectura":"2 minutos"},"schema":{"@context":"https:\/\/schema.org","@graph":[{"@type":"Article","@id":"https:\/\/diariotextual.com\/inicio\/index.php\/2021\/10\/16\/solana-el-frente-de-todos-y-juntos-por-el-cambio-viven-en-un-termo\/#article","isPartOf":{"@id":"https:\/\/diariotextual.com\/inicio\/index.php\/2021\/10\/16\/solana-el-frente-de-todos-y-juntos-por-el-cambio-viven-en-un-termo\/"},"author":{"name":"Diario1 Diario1","@id":"https:\/\/diariotextual.com\/inicio\/#\/schema\/person\/418fc4093c33e86ed41562db3508f958"},"headline":"Solana: \u00abEl Frente de Todos y Juntos por el Cambio viven en un termo\u00bb","datePublished":"2021-10-16T13:00:29+00:00","dateModified":"2021-10-16T22:09:35+00:00","mainEntityOfPage":{"@id":"https:\/\/diariotextual.com\/inicio\/index.php\/2021\/10\/16\/solana-el-frente-de-todos-y-juntos-por-el-cambio-viven-en-un-termo\/"},"wordCount":389,"publisher":{"@id":"https:\/\/diariotextual.com\/inicio\/#organization"},"image":{"@id":"https:\/\/diariotextual.com\/inicio\/index.php\/2021\/10\/16\/solana-el-frente-de-todos-y-juntos-por-el-cambio-viven-en-un-termo\/#primaryimage"},"thumbnailUrl":"https:\/\/diariotextual.com\/inicio\/wp-content\/uploads\/2019\/08\/solanaluisvotaelecciones2019-13.jpg","keywords":["solana"],"articleSection":["A - PORTADA2","POLITICA"],"inLanguage":"es"},{"@type":"WebPage","@id":"https:\/\/diariotextual.com\/inicio\/index.php\/2021\/10\/16\/solana-el-frente-de-todos-y-juntos-por-el-cambio-viven-en-un-termo\/","url":"https:\/\/diariotextual.com\/inicio\/index.php\/2021\/10\/16\/solana-el-frente-de-todos-y-juntos-por-el-cambio-viven-en-un-termo\/","name":"Solana: \"El Frente de Todos y Juntos por el Cambio viven en un termo\" - Diario Textual","isPartOf":{"@id":"https:\/\/diariotextual.com\/inicio\/#website"},"primaryImageOfPage":{"@id":"https:\/\/diariotextual.com\/inicio\/index.php\/2021\/10\/16\/solana-el-frente-de-todos-y-juntos-por-el-cambio-viven-en-un-termo\/#primaryimage"},"image":{"@id":"https:\/\/diariotextual.com\/inicio\/index.php\/2021\/10\/16\/solana-el-frente-de-todos-y-juntos-por-el-cambio-viven-en-un-termo\/#primaryimage"},"thumbnailUrl":"https:\/\/diariotextual.com\/inicio\/wp-content\/uploads\/2019\/08\/solanaluisvotaelecciones2019-13.jpg","datePublished":"2021-10-16T13:00:29+00:00","dateModified":"2021-10-16T22:09:35+00:00","breadcrumb":{"@id":"https:\/\/diariotextual.com\/inicio\/index.php\/2021\/10\/16\/solana-el-frente-de-todos-y-juntos-por-el-cambio-viven-en-un-termo\/#breadcrumb"},"inLanguage":"es","potentialAction":[{"@type":"ReadAction","target":["https:\/\/diariotextual.com\/inicio\/index.php\/2021\/10\/16\/solana-el-frente-de-todos-y-juntos-por-el-cambio-viven-en-un-termo\/"]}]},{"@type":"ImageObject","inLanguage":"es","@id":"https:\/\/diariotextual.com\/inicio\/index.php\/2021\/10\/16\/solana-el-frente-de-todos-y-juntos-por-el-cambio-viven-en-un-termo\/#primaryimage","url":"https:\/\/diariotextual.com\/inicio\/wp-content\/uploads\/2019\/08\/solanaluisvotaelecciones2019-13.jpg","contentUrl":"https:\/\/diariotextual.com\/inicio\/wp-content\/uploads\/2019\/08\/solanaluisvotaelecciones2019-13.jpg","width":1200,"height":809},{"@type":"BreadcrumbList","@id":"https:\/\/diariotextual.com\/inicio\/index.php\/2021\/10\/16\/solana-el-frente-de-todos-y-juntos-por-el-cambio-viven-en-un-termo\/#breadcrumb","itemListElement":[{"@type":"ListItem","position":1,"name":"Portada","item":"https:\/\/diariotextual.com\/inicio\/"},{"@type":"ListItem","position":2,"name":"Solana: \u00abEl Frente de Todos y Juntos por el Cambio viven en un termo\u00bb"}]},{"@type":"WebSite","@id":"https:\/\/diariotextual.com\/inicio\/#website","url":"https:\/\/diariotextual.com\/inicio\/","name":"Diario Textual","description":"","publisher":{"@id":"https:\/\/diariotextual.com\/inicio\/#organization"},"potentialAction":[{"@type":"SearchAction","target":{"@type":"EntryPoint","urlTemplate":"https:\/\/diariotextual.com\/inicio\/?s={search_term_string}"},"query-input":{"@type":"PropertyValueSpecification","valueRequired":true,"valueName":"search_term_string"}}],"inLanguage":"es"},{"@type":"Organization","@id":"https:\/\/diariotextual.com\/inicio\/#organization","name":"Diario Textual","url":"https:\/\/diariotextual.com\/inicio\/","logo":{"@type":"ImageObject","inLanguage":"es","@id":"https:\/\/diariotextual.com\/inicio\/#\/schema\/logo\/image\/","url":"https:\/\/diariotextual.com\/inicio\/wp-content\/uploads\/2023\/05\/logotextual1.jpg","contentUrl":"https:\/\/diariotextual.com\/inicio\/wp-content\/uploads\/2023\/05\/logotextual1.jpg","width":516,"height":76,"caption":"Diario Textual"},"image":{"@id":"https:\/\/diariotextual.com\/inicio\/#\/schema\/logo\/image\/"},"sameAs":["https:\/\/www.facebook.com\/eltextual","https:\/\/x.com\/eltextual","http:\/\/www.instagram.com\/eltextual"]},{"@type":"Person","@id":"https:\/\/diariotextual.com\/inicio\/#\/schema\/person\/418fc4093c33e86ed41562db3508f958","name":"Diario1 Diario1","image":{"@type":"ImageObject","inLanguage":"es","@id":"https:\/\/secure.gravatar.com\/avatar\/9167d280179c85bc18be67aa7eda765854300033af4896dd779b608640f2ef7a?s=96&d=mm&r=g","url":"https:\/\/secure.gravatar.com\/avatar\/9167d280179c85bc18be67aa7eda765854300033af4896dd779b608640f2ef7a?s=96&d=mm&r=g","contentUrl":"https:\/\/secure.gravatar.com\/avatar\/9167d280179c85bc18be67aa7eda765854300033af4896dd779b608640f2ef7a?s=96&d=mm&r=g","caption":"Diario1 Diario1"},"url":"https:\/\/diariotextual.com\/inicio\/index.php\/author\/diario1\/"}]}},"_links":{"self":[{"href":"https:\/\/diariotextual.com\/inicio\/index.php\/wp-json\/wp\/v2\/posts\/165389","targetHints":{"allow":["GET"]}}],"collection":[{"href":"https:\/\/diariotextual.com\/inicio\/index.php\/wp-json\/wp\/v2\/posts"}],"about":[{"href":"https:\/\/diariotextual.com\/inicio\/index.php\/wp-json\/wp\/v2\/types\/post"}],"author":[{"embeddable":true,"href":"https:\/\/diariotextual.com\/inicio\/index.php\/wp-json\/wp\/v2\/users\/3"}],"replies":[{"embeddable":true,"href":"https:\/\/diariotextual.com\/inicio\/index.php\/wp-json\/wp\/v2\/comments?post=165389"}],"version-history":[{"count":5,"href":"https:\/\/diariotextual.com\/inicio\/index.php\/wp-json\/wp\/v2\/posts\/165389\/revisions"}],"predecessor-version":[{"id":165394,"href":"https:\/\/diariotextual.com\/inicio\/index.php\/wp-json\/wp\/v2\/posts\/165389\/revisions\/165394"}],"wp:featuredmedia":[{"embeddable":true,"href":"https:\/\/diariotextual.com\/inicio\/index.php\/wp-json\/wp\/v2\/media\/58841"}],"wp:attachment":[{"href":"https:\/\/diariotextual.com\/inicio\/index.php\/wp-json\/wp\/v2\/media?parent=165389"}],"wp:term":[{"taxonomy":"category","embeddable":true,"href":"https:\/\/diariotextual.com\/inicio\/index.php\/wp-json\/wp\/v2\/categories?post=165389"},{"taxonomy":"post_tag","embeddable":true,"href":"https:\/\/diariotextual.com\/inicio\/index.php\/wp-json\/wp\/v2\/tags?post=165389"}],"curies":[{"name":"wp","href":"https:\/\/api.w.org\/{rel}","templated":true}]}}