{"id":165418,"date":"2021-10-16T17:23:07","date_gmt":"2021-10-16T20:23:07","guid":{"rendered":"https:\/\/diariotextual.com\/inicio\/?p=165418"},"modified":"2021-10-16T20:39:18","modified_gmt":"2021-10-16T23:39:18","slug":"el-gobierno-defendio-a-facundo-jones-huala-en-una-audiencia-por-su-libertad-condicional-en-chile","status":"publish","type":"post","link":"https:\/\/diariotextual.com\/inicio\/index.php\/2021\/10\/16\/el-gobierno-defendio-a-facundo-jones-huala-en-una-audiencia-por-su-libertad-condicional-en-chile\/","title":{"rendered":"El Gobierno defendi\u00f3 a Facundo Jones Huala en una audiencia por su libertad condicional en Chile"},"content":{"rendered":"\n<p>El l\u00edder mapuche argentino Facundo Jones Huala, quien fue extraditado a Chile en 2018 para cumplir una condena de nueve a\u00f1os por su participaci\u00f3n en un ataque incendiario en el pa\u00eds trasandino en 2013, solicit\u00f3 por tercera vez la libertad condicional y, en la audiencia donde se debati\u00f3 el recurso estuvo presente el embajador argentino en ese pa\u00eds, Rafael Bielsa, quien defendi\u00f3 al detenido.<\/p>\n\n\n\n<p>De todas maneras,<strong> la Justicia volvi\u00f3 a rechazar el pedido<\/strong>, seg\u00fan pudo saber La Naci\u00f3n, al tiempo que su defensa busca que el lonko termine de cumplir su pena en la Argentina.<\/p>\n\n\n\n<p>El pasado 5 de octubre, la solicitud del beneficio de libertad condicional de Jones Huala fue discutida en la Comisi\u00f3n de Libertades Condicionales de la Corte de Apelaciones de Temuco, ciudad en la que est\u00e1 detenido. All\u00ed, seg\u00fan qued\u00f3 plasmado en una certificaci\u00f3n del Poder Judicial sobre la audiencia, dio el presente Bielsa, designado para representar a la Argentina en Chile en agosto del a\u00f1o pasado.<\/p>\n\n\n\n<p><br>\u201cAtendido el hecho de requerirse antecedentes respecto del arraigo del penado, seg\u00fan Nota AL N\u00b0 5\/2021 del Consulado de la Argentina (\u2026), la Comisi\u00f3n otorg\u00f3 la palabra al se\u00f1or embajador de la Rep\u00fablica Argentina en Chile, don Rafael Bielsa, quien durante el tiempo que le fue otorgado, solo refut\u00f3 los argumentos entregados por el abogado de la Intendencia Regional de Los R\u00edos, don Hern\u00e1n Valdebenito Castillo\u201d, cit\u00f3 el diario El Mercurio.<\/p>\n\n\n\n<p>Finalmente, el 14 de octubre, la Justicia decidi\u00f3 rechazar nuevamente el recurso presentado por Jones Huala, seg\u00fan el fallo al que tuvo acceso La Naci\u00f3n.<\/p>\n\n\n\n<p>En los considerandos del texto, la Comisi\u00f3n de Libertad Condicional de Temuco indican que \u201cse inform\u00f3 que ha iniciado un proceso de traslado a su pa\u00eds natal, Argentina, sin que se hayan acompa\u00f1ado mayores antecedentes sobre el estado de la solicitud y sin que se haya entregado alg\u00fan tipo de informaci\u00f3n adicional por el Sr. Embajador de dicha naci\u00f3n, en cuanto a alg\u00fan tipo de diligencia bilateral al respecto, cuesti\u00f3n sobre la cual esta Comisi\u00f3n tampoco tiene competencia ni posibilidad de injerencia alguna\u201d.<\/p>\n\n\n\n<p><strong>Jones Huala fue condenado por el ataque a la casa de los cuidadores al interior del Fundo Pisu Pisu\u00e9 en R\u00edo Bueno, regi\u00f3n de Los R\u00edos,\u00a0<\/strong>que ocurri\u00f3 en enero de 2013, y por el cual el l\u00edder del movimiento Resistencia Ancestral Mapuche (RAM) fue\u00a0<strong>extraditado a Chile en septiembre de 2018,\u00a0<\/strong>luego de permanecer\u00a0<strong>cuatro a\u00f1os pr\u00f3fugo\u00a0<\/strong>en la patagonia argentina. En diciembre de ese a\u00f1o se conoci\u00f3 la sentencia, por el ataque incendiario y tambi\u00e9n por posesi\u00f3n de un arma de fuego artesanal.<\/p>\n\n\n\n<p><\/p>\n","protected":false},"excerpt":{"rendered":"<p>El l\u00edder mapuche argentino Facundo Jones Huala, quien fue extraditado a Chile en 2018 para cumplir una condena de nueve a\u00f1os por su participaci\u00f3n en un ataque incendiario en el&hellip;<\/p>\n","protected":false},"author":3,"featured_media":13541,"comment_status":"closed","ping_status":"open","sticky":false,"template":"","format":"standard","meta":{"_acf_changed":false,"footnotes":""},"categories":[1,8],"tags":[],"class_list":["post-165418","post","type-post","status-publish","format-standard","has-post-thumbnail","hentry","category-es-noticia","category-politica"],"acf":[],"yoast_head":"<!-- This site is optimized with the Yoast SEO plugin v27.5 - https:\/\/yoast.com\/product\/yoast-seo-wordpress\/ -->\n<title>El Gobierno defendi\u00f3 a Facundo Jones Huala en una audiencia por su libertad condicional en Chile - Diario Textual<\/title>\n<meta name=\"robots\" content=\"index, follow, max-snippet:-1, max-image-preview:large, max-video-preview:-1\" \/>\n<link rel=\"canonical\" href=\"https:\/\/diariotextual.com\/inicio\/index.php\/2021\/10\/16\/el-gobierno-defendio-a-facundo-jones-huala-en-una-audiencia-por-su-libertad-condicional-en-chile\/\" \/>\n<meta property=\"og:locale\" content=\"es_ES\" \/>\n<meta property=\"og:type\" content=\"article\" \/>\n<meta property=\"og:title\" content=\"El Gobierno defendi\u00f3 a Facundo Jones Huala en una audiencia por su libertad condicional en Chile - Diario Textual\" \/>\n<meta property=\"og:description\" content=\"El l\u00edder mapuche argentino Facundo Jones Huala, quien fue extraditado a Chile en 2018 para cumplir una condena de nueve a\u00f1os por su participaci\u00f3n en un ataque incendiario en el&hellip;\" \/>\n<meta property=\"og:url\" content=\"https:\/\/diariotextual.com\/inicio\/index.php\/2021\/10\/16\/el-gobierno-defendio-a-facundo-jones-huala-en-una-audiencia-por-su-libertad-condicional-en-chile\/\" \/>\n<meta property=\"og:site_name\" content=\"Diario Textual\" \/>\n<meta property=\"article:publisher\" content=\"https:\/\/www.facebook.com\/eltextual\" \/>\n<meta property=\"article:published_time\" content=\"2021-10-16T20:23:07+00:00\" \/>\n<meta property=\"article:modified_time\" content=\"2021-10-16T23:39:18+00:00\" \/>\n<meta property=\"og:image\" content=\"https:\/\/diariotextual.com\/inicio\/wp-content\/uploads\/2018\/07\/joneshualafacundo233.jpg\" \/>\n\t<meta property=\"og:image:width\" content=\"823\" \/>\n\t<meta property=\"og:image:height\" content=\"463\" \/>\n\t<meta property=\"og:image:type\" content=\"image\/jpeg\" \/>\n<meta name=\"author\" content=\"Diario1 Diario1\" \/>\n<meta name=\"twitter:card\" content=\"summary_large_image\" \/>\n<meta name=\"twitter:creator\" content=\"@eltextual\" \/>\n<meta name=\"twitter:site\" content=\"@eltextual\" \/>\n<meta name=\"twitter:label1\" content=\"Escrito por\" \/>\n\t<meta name=\"twitter:data1\" content=\"Diario1 Diario1\" \/>\n\t<meta name=\"twitter:label2\" content=\"Tiempo de lectura\" \/>\n\t<meta name=\"twitter:data2\" content=\"2 minutos\" \/>\n<script type=\"application\/ld+json\" class=\"yoast-schema-graph\">{\"@context\":\"https:\\\/\\\/schema.org\",\"@graph\":[{\"@type\":\"Article\",\"@id\":\"https:\\\/\\\/diariotextual.com\\\/inicio\\\/index.php\\\/2021\\\/10\\\/16\\\/el-gobierno-defendio-a-facundo-jones-huala-en-una-audiencia-por-su-libertad-condicional-en-chile\\\/#article\",\"isPartOf\":{\"@id\":\"https:\\\/\\\/diariotextual.com\\\/inicio\\\/index.php\\\/2021\\\/10\\\/16\\\/el-gobierno-defendio-a-facundo-jones-huala-en-una-audiencia-por-su-libertad-condicional-en-chile\\\/\"},\"author\":{\"name\":\"Diario1 Diario1\",\"@id\":\"https:\\\/\\\/diariotextual.com\\\/inicio\\\/#\\\/schema\\\/person\\\/418fc4093c33e86ed41562db3508f958\"},\"headline\":\"El Gobierno defendi\u00f3 a Facundo Jones Huala en una audiencia por su libertad condicional en Chile\",\"datePublished\":\"2021-10-16T20:23:07+00:00\",\"dateModified\":\"2021-10-16T23:39:18+00:00\",\"mainEntityOfPage\":{\"@id\":\"https:\\\/\\\/diariotextual.com\\\/inicio\\\/index.php\\\/2021\\\/10\\\/16\\\/el-gobierno-defendio-a-facundo-jones-huala-en-una-audiencia-por-su-libertad-condicional-en-chile\\\/\"},\"wordCount\":471,\"publisher\":{\"@id\":\"https:\\\/\\\/diariotextual.com\\\/inicio\\\/#organization\"},\"image\":{\"@id\":\"https:\\\/\\\/diariotextual.com\\\/inicio\\\/index.php\\\/2021\\\/10\\\/16\\\/el-gobierno-defendio-a-facundo-jones-huala-en-una-audiencia-por-su-libertad-condicional-en-chile\\\/#primaryimage\"},\"thumbnailUrl\":\"https:\\\/\\\/diariotextual.com\\\/inicio\\\/wp-content\\\/uploads\\\/2018\\\/07\\\/joneshualafacundo233.jpg\",\"articleSection\":[\"A - ES NOTICIA (van abajo)\",\"POLITICA\"],\"inLanguage\":\"es\"},{\"@type\":\"WebPage\",\"@id\":\"https:\\\/\\\/diariotextual.com\\\/inicio\\\/index.php\\\/2021\\\/10\\\/16\\\/el-gobierno-defendio-a-facundo-jones-huala-en-una-audiencia-por-su-libertad-condicional-en-chile\\\/\",\"url\":\"https:\\\/\\\/diariotextual.com\\\/inicio\\\/index.php\\\/2021\\\/10\\\/16\\\/el-gobierno-defendio-a-facundo-jones-huala-en-una-audiencia-por-su-libertad-condicional-en-chile\\\/\",\"name\":\"El Gobierno defendi\u00f3 a Facundo Jones Huala en una audiencia por su libertad condicional en Chile - Diario Textual\",\"isPartOf\":{\"@id\":\"https:\\\/\\\/diariotextual.com\\\/inicio\\\/#website\"},\"primaryImageOfPage\":{\"@id\":\"https:\\\/\\\/diariotextual.com\\\/inicio\\\/index.php\\\/2021\\\/10\\\/16\\\/el-gobierno-defendio-a-facundo-jones-huala-en-una-audiencia-por-su-libertad-condicional-en-chile\\\/#primaryimage\"},\"image\":{\"@id\":\"https:\\\/\\\/diariotextual.com\\\/inicio\\\/index.php\\\/2021\\\/10\\\/16\\\/el-gobierno-defendio-a-facundo-jones-huala-en-una-audiencia-por-su-libertad-condicional-en-chile\\\/#primaryimage\"},\"thumbnailUrl\":\"https:\\\/\\\/diariotextual.com\\\/inicio\\\/wp-content\\\/uploads\\\/2018\\\/07\\\/joneshualafacundo233.jpg\",\"datePublished\":\"2021-10-16T20:23:07+00:00\",\"dateModified\":\"2021-10-16T23:39:18+00:00\",\"breadcrumb\":{\"@id\":\"https:\\\/\\\/diariotextual.com\\\/inicio\\\/index.php\\\/2021\\\/10\\\/16\\\/el-gobierno-defendio-a-facundo-jones-huala-en-una-audiencia-por-su-libertad-condicional-en-chile\\\/#breadcrumb\"},\"inLanguage\":\"es\",\"potentialAction\":[{\"@type\":\"ReadAction\",\"target\":[\"https:\\\/\\\/diariotextual.com\\\/inicio\\\/index.php\\\/2021\\\/10\\\/16\\\/el-gobierno-defendio-a-facundo-jones-huala-en-una-audiencia-por-su-libertad-condicional-en-chile\\\/\"]}]},{\"@type\":\"ImageObject\",\"inLanguage\":\"es\",\"@id\":\"https:\\\/\\\/diariotextual.com\\\/inicio\\\/index.php\\\/2021\\\/10\\\/16\\\/el-gobierno-defendio-a-facundo-jones-huala-en-una-audiencia-por-su-libertad-condicional-en-chile\\\/#primaryimage\",\"url\":\"https:\\\/\\\/diariotextual.com\\\/inicio\\\/wp-content\\\/uploads\\\/2018\\\/07\\\/joneshualafacundo233.jpg\",\"contentUrl\":\"https:\\\/\\\/diariotextual.com\\\/inicio\\\/wp-content\\\/uploads\\\/2018\\\/07\\\/joneshualafacundo233.jpg\",\"width\":823,\"height\":463},{\"@type\":\"BreadcrumbList\",\"@id\":\"https:\\\/\\\/diariotextual.com\\\/inicio\\\/index.php\\\/2021\\\/10\\\/16\\\/el-gobierno-defendio-a-facundo-jones-huala-en-una-audiencia-por-su-libertad-condicional-en-chile\\\/#breadcrumb\",\"itemListElement\":[{\"@type\":\"ListItem\",\"position\":1,\"name\":\"Portada\",\"item\":\"https:\\\/\\\/diariotextual.com\\\/inicio\\\/\"},{\"@type\":\"ListItem\",\"position\":2,\"name\":\"El Gobierno defendi\u00f3 a Facundo Jones Huala en una audiencia por su libertad condicional en Chile\"}]},{\"@type\":\"WebSite\",\"@id\":\"https:\\\/\\\/diariotextual.com\\\/inicio\\\/#website\",\"url\":\"https:\\\/\\\/diariotextual.com\\\/inicio\\\/\",\"name\":\"Diario Textual\",\"description\":\"\",\"publisher\":{\"@id\":\"https:\\\/\\\/diariotextual.com\\\/inicio\\\/#organization\"},\"potentialAction\":[{\"@type\":\"SearchAction\",\"target\":{\"@type\":\"EntryPoint\",\"urlTemplate\":\"https:\\\/\\\/diariotextual.com\\\/inicio\\\/?s={search_term_string}\"},\"query-input\":{\"@type\":\"PropertyValueSpecification\",\"valueRequired\":true,\"valueName\":\"search_term_string\"}}],\"inLanguage\":\"es\"},{\"@type\":\"Organization\",\"@id\":\"https:\\\/\\\/diariotextual.com\\\/inicio\\\/#organization\",\"name\":\"Diario Textual\",\"url\":\"https:\\\/\\\/diariotextual.com\\\/inicio\\\/\",\"logo\":{\"@type\":\"ImageObject\",\"inLanguage\":\"es\",\"@id\":\"https:\\\/\\\/diariotextual.com\\\/inicio\\\/#\\\/schema\\\/logo\\\/image\\\/\",\"url\":\"https:\\\/\\\/diariotextual.com\\\/inicio\\\/wp-content\\\/uploads\\\/2023\\\/05\\\/logotextual1.jpg\",\"contentUrl\":\"https:\\\/\\\/diariotextual.com\\\/inicio\\\/wp-content\\\/uploads\\\/2023\\\/05\\\/logotextual1.jpg\",\"width\":516,\"height\":76,\"caption\":\"Diario Textual\"},\"image\":{\"@id\":\"https:\\\/\\\/diariotextual.com\\\/inicio\\\/#\\\/schema\\\/logo\\\/image\\\/\"},\"sameAs\":[\"https:\\\/\\\/www.facebook.com\\\/eltextual\",\"https:\\\/\\\/x.com\\\/eltextual\",\"http:\\\/\\\/www.instagram.com\\\/eltextual\"]},{\"@type\":\"Person\",\"@id\":\"https:\\\/\\\/diariotextual.com\\\/inicio\\\/#\\\/schema\\\/person\\\/418fc4093c33e86ed41562db3508f958\",\"name\":\"Diario1 Diario1\",\"image\":{\"@type\":\"ImageObject\",\"inLanguage\":\"es\",\"@id\":\"https:\\\/\\\/secure.gravatar.com\\\/avatar\\\/9167d280179c85bc18be67aa7eda765854300033af4896dd779b608640f2ef7a?s=96&d=mm&r=g\",\"url\":\"https:\\\/\\\/secure.gravatar.com\\\/avatar\\\/9167d280179c85bc18be67aa7eda765854300033af4896dd779b608640f2ef7a?s=96&d=mm&r=g\",\"contentUrl\":\"https:\\\/\\\/secure.gravatar.com\\\/avatar\\\/9167d280179c85bc18be67aa7eda765854300033af4896dd779b608640f2ef7a?s=96&d=mm&r=g\",\"caption\":\"Diario1 Diario1\"},\"url\":\"https:\\\/\\\/diariotextual.com\\\/inicio\\\/index.php\\\/author\\\/diario1\\\/\"}]}<\/script>\n<!-- \/ Yoast SEO plugin. -->","yoast_head_json":{"title":"El Gobierno defendi\u00f3 a Facundo Jones Huala en una audiencia por su libertad condicional en Chile - Diario Textual","robots":{"index":"index","follow":"follow","max-snippet":"max-snippet:-1","max-image-preview":"max-image-preview:large","max-video-preview":"max-video-preview:-1"},"canonical":"https:\/\/diariotextual.com\/inicio\/index.php\/2021\/10\/16\/el-gobierno-defendio-a-facundo-jones-huala-en-una-audiencia-por-su-libertad-condicional-en-chile\/","og_locale":"es_ES","og_type":"article","og_title":"El Gobierno defendi\u00f3 a Facundo Jones Huala en una audiencia por su libertad condicional en Chile - Diario Textual","og_description":"El l\u00edder mapuche argentino Facundo Jones Huala, quien fue extraditado a Chile en 2018 para cumplir una condena de nueve a\u00f1os por su participaci\u00f3n en un ataque incendiario en el&hellip;","og_url":"https:\/\/diariotextual.com\/inicio\/index.php\/2021\/10\/16\/el-gobierno-defendio-a-facundo-jones-huala-en-una-audiencia-por-su-libertad-condicional-en-chile\/","og_site_name":"Diario Textual","article_publisher":"https:\/\/www.facebook.com\/eltextual","article_published_time":"2021-10-16T20:23:07+00:00","article_modified_time":"2021-10-16T23:39:18+00:00","og_image":[{"width":823,"height":463,"url":"https:\/\/diariotextual.com\/inicio\/wp-content\/uploads\/2018\/07\/joneshualafacundo233.jpg","type":"image\/jpeg"}],"author":"Diario1 Diario1","twitter_card":"summary_large_image","twitter_creator":"@eltextual","twitter_site":"@eltextual","twitter_misc":{"Escrito por":"Diario1 Diario1","Tiempo de lectura":"2 minutos"},"schema":{"@context":"https:\/\/schema.org","@graph":[{"@type":"Article","@id":"https:\/\/diariotextual.com\/inicio\/index.php\/2021\/10\/16\/el-gobierno-defendio-a-facundo-jones-huala-en-una-audiencia-por-su-libertad-condicional-en-chile\/#article","isPartOf":{"@id":"https:\/\/diariotextual.com\/inicio\/index.php\/2021\/10\/16\/el-gobierno-defendio-a-facundo-jones-huala-en-una-audiencia-por-su-libertad-condicional-en-chile\/"},"author":{"name":"Diario1 Diario1","@id":"https:\/\/diariotextual.com\/inicio\/#\/schema\/person\/418fc4093c33e86ed41562db3508f958"},"headline":"El Gobierno defendi\u00f3 a Facundo Jones Huala en una audiencia por su libertad condicional en Chile","datePublished":"2021-10-16T20:23:07+00:00","dateModified":"2021-10-16T23:39:18+00:00","mainEntityOfPage":{"@id":"https:\/\/diariotextual.com\/inicio\/index.php\/2021\/10\/16\/el-gobierno-defendio-a-facundo-jones-huala-en-una-audiencia-por-su-libertad-condicional-en-chile\/"},"wordCount":471,"publisher":{"@id":"https:\/\/diariotextual.com\/inicio\/#organization"},"image":{"@id":"https:\/\/diariotextual.com\/inicio\/index.php\/2021\/10\/16\/el-gobierno-defendio-a-facundo-jones-huala-en-una-audiencia-por-su-libertad-condicional-en-chile\/#primaryimage"},"thumbnailUrl":"https:\/\/diariotextual.com\/inicio\/wp-content\/uploads\/2018\/07\/joneshualafacundo233.jpg","articleSection":["A - ES NOTICIA (van abajo)","POLITICA"],"inLanguage":"es"},{"@type":"WebPage","@id":"https:\/\/diariotextual.com\/inicio\/index.php\/2021\/10\/16\/el-gobierno-defendio-a-facundo-jones-huala-en-una-audiencia-por-su-libertad-condicional-en-chile\/","url":"https:\/\/diariotextual.com\/inicio\/index.php\/2021\/10\/16\/el-gobierno-defendio-a-facundo-jones-huala-en-una-audiencia-por-su-libertad-condicional-en-chile\/","name":"El Gobierno defendi\u00f3 a Facundo Jones Huala en una audiencia por su libertad condicional en Chile - Diario Textual","isPartOf":{"@id":"https:\/\/diariotextual.com\/inicio\/#website"},"primaryImageOfPage":{"@id":"https:\/\/diariotextual.com\/inicio\/index.php\/2021\/10\/16\/el-gobierno-defendio-a-facundo-jones-huala-en-una-audiencia-por-su-libertad-condicional-en-chile\/#primaryimage"},"image":{"@id":"https:\/\/diariotextual.com\/inicio\/index.php\/2021\/10\/16\/el-gobierno-defendio-a-facundo-jones-huala-en-una-audiencia-por-su-libertad-condicional-en-chile\/#primaryimage"},"thumbnailUrl":"https:\/\/diariotextual.com\/inicio\/wp-content\/uploads\/2018\/07\/joneshualafacundo233.jpg","datePublished":"2021-10-16T20:23:07+00:00","dateModified":"2021-10-16T23:39:18+00:00","breadcrumb":{"@id":"https:\/\/diariotextual.com\/inicio\/index.php\/2021\/10\/16\/el-gobierno-defendio-a-facundo-jones-huala-en-una-audiencia-por-su-libertad-condicional-en-chile\/#breadcrumb"},"inLanguage":"es","potentialAction":[{"@type":"ReadAction","target":["https:\/\/diariotextual.com\/inicio\/index.php\/2021\/10\/16\/el-gobierno-defendio-a-facundo-jones-huala-en-una-audiencia-por-su-libertad-condicional-en-chile\/"]}]},{"@type":"ImageObject","inLanguage":"es","@id":"https:\/\/diariotextual.com\/inicio\/index.php\/2021\/10\/16\/el-gobierno-defendio-a-facundo-jones-huala-en-una-audiencia-por-su-libertad-condicional-en-chile\/#primaryimage","url":"https:\/\/diariotextual.com\/inicio\/wp-content\/uploads\/2018\/07\/joneshualafacundo233.jpg","contentUrl":"https:\/\/diariotextual.com\/inicio\/wp-content\/uploads\/2018\/07\/joneshualafacundo233.jpg","width":823,"height":463},{"@type":"BreadcrumbList","@id":"https:\/\/diariotextual.com\/inicio\/index.php\/2021\/10\/16\/el-gobierno-defendio-a-facundo-jones-huala-en-una-audiencia-por-su-libertad-condicional-en-chile\/#breadcrumb","itemListElement":[{"@type":"ListItem","position":1,"name":"Portada","item":"https:\/\/diariotextual.com\/inicio\/"},{"@type":"ListItem","position":2,"name":"El Gobierno defendi\u00f3 a Facundo Jones Huala en una audiencia por su libertad condicional en Chile"}]},{"@type":"WebSite","@id":"https:\/\/diariotextual.com\/inicio\/#website","url":"https:\/\/diariotextual.com\/inicio\/","name":"Diario Textual","description":"","publisher":{"@id":"https:\/\/diariotextual.com\/inicio\/#organization"},"potentialAction":[{"@type":"SearchAction","target":{"@type":"EntryPoint","urlTemplate":"https:\/\/diariotextual.com\/inicio\/?s={search_term_string}"},"query-input":{"@type":"PropertyValueSpecification","valueRequired":true,"valueName":"search_term_string"}}],"inLanguage":"es"},{"@type":"Organization","@id":"https:\/\/diariotextual.com\/inicio\/#organization","name":"Diario Textual","url":"https:\/\/diariotextual.com\/inicio\/","logo":{"@type":"ImageObject","inLanguage":"es","@id":"https:\/\/diariotextual.com\/inicio\/#\/schema\/logo\/image\/","url":"https:\/\/diariotextual.com\/inicio\/wp-content\/uploads\/2023\/05\/logotextual1.jpg","contentUrl":"https:\/\/diariotextual.com\/inicio\/wp-content\/uploads\/2023\/05\/logotextual1.jpg","width":516,"height":76,"caption":"Diario Textual"},"image":{"@id":"https:\/\/diariotextual.com\/inicio\/#\/schema\/logo\/image\/"},"sameAs":["https:\/\/www.facebook.com\/eltextual","https:\/\/x.com\/eltextual","http:\/\/www.instagram.com\/eltextual"]},{"@type":"Person","@id":"https:\/\/diariotextual.com\/inicio\/#\/schema\/person\/418fc4093c33e86ed41562db3508f958","name":"Diario1 Diario1","image":{"@type":"ImageObject","inLanguage":"es","@id":"https:\/\/secure.gravatar.com\/avatar\/9167d280179c85bc18be67aa7eda765854300033af4896dd779b608640f2ef7a?s=96&d=mm&r=g","url":"https:\/\/secure.gravatar.com\/avatar\/9167d280179c85bc18be67aa7eda765854300033af4896dd779b608640f2ef7a?s=96&d=mm&r=g","contentUrl":"https:\/\/secure.gravatar.com\/avatar\/9167d280179c85bc18be67aa7eda765854300033af4896dd779b608640f2ef7a?s=96&d=mm&r=g","caption":"Diario1 Diario1"},"url":"https:\/\/diariotextual.com\/inicio\/index.php\/author\/diario1\/"}]}},"_links":{"self":[{"href":"https:\/\/diariotextual.com\/inicio\/index.php\/wp-json\/wp\/v2\/posts\/165418","targetHints":{"allow":["GET"]}}],"collection":[{"href":"https:\/\/diariotextual.com\/inicio\/index.php\/wp-json\/wp\/v2\/posts"}],"about":[{"href":"https:\/\/diariotextual.com\/inicio\/index.php\/wp-json\/wp\/v2\/types\/post"}],"author":[{"embeddable":true,"href":"https:\/\/diariotextual.com\/inicio\/index.php\/wp-json\/wp\/v2\/users\/3"}],"replies":[{"embeddable":true,"href":"https:\/\/diariotextual.com\/inicio\/index.php\/wp-json\/wp\/v2\/comments?post=165418"}],"version-history":[{"count":1,"href":"https:\/\/diariotextual.com\/inicio\/index.php\/wp-json\/wp\/v2\/posts\/165418\/revisions"}],"predecessor-version":[{"id":165419,"href":"https:\/\/diariotextual.com\/inicio\/index.php\/wp-json\/wp\/v2\/posts\/165418\/revisions\/165419"}],"wp:featuredmedia":[{"embeddable":true,"href":"https:\/\/diariotextual.com\/inicio\/index.php\/wp-json\/wp\/v2\/media\/13541"}],"wp:attachment":[{"href":"https:\/\/diariotextual.com\/inicio\/index.php\/wp-json\/wp\/v2\/media?parent=165418"}],"wp:term":[{"taxonomy":"category","embeddable":true,"href":"https:\/\/diariotextual.com\/inicio\/index.php\/wp-json\/wp\/v2\/categories?post=165418"},{"taxonomy":"post_tag","embeddable":true,"href":"https:\/\/diariotextual.com\/inicio\/index.php\/wp-json\/wp\/v2\/tags?post=165418"}],"curies":[{"name":"wp","href":"https:\/\/api.w.org\/{rel}","templated":true}]}}