{"id":165465,"date":"2021-10-17T10:33:57","date_gmt":"2021-10-17T13:33:57","guid":{"rendered":"https:\/\/diariotextual.com\/inicio\/?p=165465"},"modified":"2021-10-17T21:08:45","modified_gmt":"2021-10-18T00:08:45","slug":"suspension-de-intendentes-marin-presentara-proyecto-para-modificar-la-ley-de-municipalidades","status":"publish","type":"post","link":"https:\/\/diariotextual.com\/inicio\/index.php\/2021\/10\/17\/suspension-de-intendentes-marin-presentara-proyecto-para-modificar-la-ley-de-municipalidades\/","title":{"rendered":"Suspensi\u00f3n de intendentes: Mar\u00edn presentar\u00e1 proyecto para modificar la Ley de Municipalidades"},"content":{"rendered":"\n<p>El diputado provincial Espartaco Mar\u00edn (Frejupa) anticip\u00f3 que la semana que viene impulsar\u00e1 en la Legislatura un proyecto de ley modificando la Ley Org\u00e1nica de Municipalidades y \u201casimilando el proceso que prescribe la ley de juicio pol\u00edtico a los intendentes\u201d. <\/p>\n\n\n\n<p>La iniciativa es por el caso de la <strong><a href=\"https:\/\/diariotextual.com\/inicio\/index.php\/2021\/10\/17\/abramo-concejales-justifican-la-suspension-del-intendente-y-le-apuntan-a-dos-de-sus-hijos\/\" target=\"_blank\" rel=\"noreferrer noopener\">suspensi\u00f3n del intendente de Abramo, Julio Clemant (PJ-Convergencia) <\/a><\/strong>por presuntas irregularidades administrativas y en respuesta al secretario de Asuntos Municipales, Rogelio Schanton, que en declaraciones period\u00edsticas minimiz\u00f3 la cuesti\u00f3n.<\/p>\n\n\n\n<p>\u201cLa suspensi\u00f3n y destituci\u00f3n de un intendente elegido por el voto popular no es &#8216;un juego&#8217;, ni tampoco son pr\u00e1cticas &#8216;que se dan&#8217;. Debemos cuidar la democracia, defender sus instituciones y respetar el voto popular, porque son conquistas que nos costaron mucho dolor y esfuerzo. M\u00e1s a\u00fan en el peronismo con 18 a\u00f1os de proscripci\u00f3n\u201d, dijo Mar\u00edn.<\/p>\n\n\n\n<p>\u201cTampoco es cierto que &#8216;se utilice o se d\u00e9 regularmente&#8217; (la suspensi\u00f3n de un jefe o jefa comunal). En los \u00faltimos 20 a\u00f1os, el concejo deliberante suspendi\u00f3 y destituy\u00f3 a un intendente, solo en dos oportunidades, en el \u00faltimo a\u00f1o\u201d, advirti\u00f3.<\/p>\n\n\n\n<p>Por tal motivo, Mar\u00edn anticip\u00f3 que la semana que viene presentar\u00e1 \u201cun proyecto de ley modificando la Ley Org\u00e1nica de Municipalidades y asimilando el proceso que prescribe la ley de juicio pol\u00edtico a los intendentes\u201d.<\/p>\n\n\n\n<p>Mar\u00edn ya hab\u00eda alertado sobre la gravedad de destituir a un intendente o intendenta cuando <strong><a href=\"https:\/\/diariotextual.com\/inicio\/index.php\/2021\/03\/25\/el-concejo-en-una-maniobra-anunciada-echo-a-la-intendenta-paturlanne\/\" target=\"_blank\" rel=\"noreferrer noopener\">en marzo de este a\u00f1o el concejo deliberante de Santa Isabel destituy\u00f3 a Marta Paturlanne<\/a><\/strong>, tambi\u00e9n por presuntas maniobras administrativas, y en su lugar asumi\u00f3 el vice, Guillermo Farana. <\/p>\n","protected":false},"excerpt":{"rendered":"<p>El diputado provincial Espartaco Mar\u00edn (Frejupa) anticip\u00f3 que la semana que viene impulsar\u00e1 en la Legislatura un proyecto de ley modificando la Ley Org\u00e1nica de Municipalidades y \u201casimilando el proceso&hellip;<\/p>\n","protected":false},"author":7,"featured_media":21393,"comment_status":"closed","ping_status":"open","sticky":false,"template":"","format":"standard","meta":{"_acf_changed":false,"footnotes":""},"categories":[10,8],"tags":[],"class_list":["post-165465","post","type-post","status-publish","format-standard","has-post-thumbnail","hentry","category-portada-2","category-politica"],"acf":[],"yoast_head":"<!-- This site is optimized with the Yoast SEO plugin v27.5 - https:\/\/yoast.com\/product\/yoast-seo-wordpress\/ -->\n<title>Suspensi\u00f3n de intendentes: Mar\u00edn presentar\u00e1 proyecto para modificar la Ley de Municipalidades - Diario Textual<\/title>\n<meta name=\"robots\" content=\"index, follow, max-snippet:-1, max-image-preview:large, max-video-preview:-1\" \/>\n<link rel=\"canonical\" href=\"https:\/\/diariotextual.com\/inicio\/index.php\/2021\/10\/17\/suspension-de-intendentes-marin-presentara-proyecto-para-modificar-la-ley-de-municipalidades\/\" \/>\n<meta property=\"og:locale\" content=\"es_ES\" \/>\n<meta property=\"og:type\" content=\"article\" \/>\n<meta property=\"og:title\" content=\"Suspensi\u00f3n de intendentes: Mar\u00edn presentar\u00e1 proyecto para modificar la Ley de Municipalidades - Diario Textual\" \/>\n<meta property=\"og:description\" content=\"El diputado provincial Espartaco Mar\u00edn (Frejupa) anticip\u00f3 que la semana que viene impulsar\u00e1 en la Legislatura un proyecto de ley modificando la Ley Org\u00e1nica de Municipalidades y \u201casimilando el proceso&hellip;\" \/>\n<meta property=\"og:url\" content=\"https:\/\/diariotextual.com\/inicio\/index.php\/2021\/10\/17\/suspension-de-intendentes-marin-presentara-proyecto-para-modificar-la-ley-de-municipalidades\/\" \/>\n<meta property=\"og:site_name\" content=\"Diario Textual\" \/>\n<meta property=\"article:publisher\" content=\"https:\/\/www.facebook.com\/eltextual\" \/>\n<meta property=\"article:published_time\" content=\"2021-10-17T13:33:57+00:00\" \/>\n<meta property=\"article:modified_time\" content=\"2021-10-18T00:08:45+00:00\" \/>\n<meta property=\"og:image\" content=\"https:\/\/diariotextual.com\/inicio\/wp-content\/uploads\/2018\/09\/marinespartaco10002.jpg\" \/>\n\t<meta property=\"og:image:width\" content=\"1200\" \/>\n\t<meta property=\"og:image:height\" content=\"798\" \/>\n\t<meta property=\"og:image:type\" content=\"image\/jpeg\" \/>\n<meta name=\"author\" content=\"diario5\" \/>\n<meta name=\"twitter:card\" content=\"summary_large_image\" \/>\n<meta name=\"twitter:creator\" content=\"@eltextual\" \/>\n<meta name=\"twitter:site\" content=\"@eltextual\" \/>\n<meta name=\"twitter:label1\" content=\"Escrito por\" \/>\n\t<meta name=\"twitter:data1\" content=\"diario5\" \/>\n\t<meta name=\"twitter:label2\" content=\"Tiempo de lectura\" \/>\n\t<meta name=\"twitter:data2\" content=\"2 minutos\" \/>\n<script type=\"application\/ld+json\" class=\"yoast-schema-graph\">{\"@context\":\"https:\\\/\\\/schema.org\",\"@graph\":[{\"@type\":\"Article\",\"@id\":\"https:\\\/\\\/diariotextual.com\\\/inicio\\\/index.php\\\/2021\\\/10\\\/17\\\/suspension-de-intendentes-marin-presentara-proyecto-para-modificar-la-ley-de-municipalidades\\\/#article\",\"isPartOf\":{\"@id\":\"https:\\\/\\\/diariotextual.com\\\/inicio\\\/index.php\\\/2021\\\/10\\\/17\\\/suspension-de-intendentes-marin-presentara-proyecto-para-modificar-la-ley-de-municipalidades\\\/\"},\"author\":{\"name\":\"diario5\",\"@id\":\"https:\\\/\\\/diariotextual.com\\\/inicio\\\/#\\\/schema\\\/person\\\/c7834961ad8b29b1d9cdbf4571299067\"},\"headline\":\"Suspensi\u00f3n de intendentes: Mar\u00edn presentar\u00e1 proyecto para modificar la Ley de Municipalidades\",\"datePublished\":\"2021-10-17T13:33:57+00:00\",\"dateModified\":\"2021-10-18T00:08:45+00:00\",\"mainEntityOfPage\":{\"@id\":\"https:\\\/\\\/diariotextual.com\\\/inicio\\\/index.php\\\/2021\\\/10\\\/17\\\/suspension-de-intendentes-marin-presentara-proyecto-para-modificar-la-ley-de-municipalidades\\\/\"},\"wordCount\":290,\"publisher\":{\"@id\":\"https:\\\/\\\/diariotextual.com\\\/inicio\\\/#organization\"},\"image\":{\"@id\":\"https:\\\/\\\/diariotextual.com\\\/inicio\\\/index.php\\\/2021\\\/10\\\/17\\\/suspension-de-intendentes-marin-presentara-proyecto-para-modificar-la-ley-de-municipalidades\\\/#primaryimage\"},\"thumbnailUrl\":\"https:\\\/\\\/diariotextual.com\\\/inicio\\\/wp-content\\\/uploads\\\/2018\\\/09\\\/marinespartaco10002.jpg\",\"articleSection\":[\"A - PORTADA2\",\"POLITICA\"],\"inLanguage\":\"es\"},{\"@type\":\"WebPage\",\"@id\":\"https:\\\/\\\/diariotextual.com\\\/inicio\\\/index.php\\\/2021\\\/10\\\/17\\\/suspension-de-intendentes-marin-presentara-proyecto-para-modificar-la-ley-de-municipalidades\\\/\",\"url\":\"https:\\\/\\\/diariotextual.com\\\/inicio\\\/index.php\\\/2021\\\/10\\\/17\\\/suspension-de-intendentes-marin-presentara-proyecto-para-modificar-la-ley-de-municipalidades\\\/\",\"name\":\"Suspensi\u00f3n de intendentes: Mar\u00edn presentar\u00e1 proyecto para modificar la Ley de Municipalidades - Diario Textual\",\"isPartOf\":{\"@id\":\"https:\\\/\\\/diariotextual.com\\\/inicio\\\/#website\"},\"primaryImageOfPage\":{\"@id\":\"https:\\\/\\\/diariotextual.com\\\/inicio\\\/index.php\\\/2021\\\/10\\\/17\\\/suspension-de-intendentes-marin-presentara-proyecto-para-modificar-la-ley-de-municipalidades\\\/#primaryimage\"},\"image\":{\"@id\":\"https:\\\/\\\/diariotextual.com\\\/inicio\\\/index.php\\\/2021\\\/10\\\/17\\\/suspension-de-intendentes-marin-presentara-proyecto-para-modificar-la-ley-de-municipalidades\\\/#primaryimage\"},\"thumbnailUrl\":\"https:\\\/\\\/diariotextual.com\\\/inicio\\\/wp-content\\\/uploads\\\/2018\\\/09\\\/marinespartaco10002.jpg\",\"datePublished\":\"2021-10-17T13:33:57+00:00\",\"dateModified\":\"2021-10-18T00:08:45+00:00\",\"breadcrumb\":{\"@id\":\"https:\\\/\\\/diariotextual.com\\\/inicio\\\/index.php\\\/2021\\\/10\\\/17\\\/suspension-de-intendentes-marin-presentara-proyecto-para-modificar-la-ley-de-municipalidades\\\/#breadcrumb\"},\"inLanguage\":\"es\",\"potentialAction\":[{\"@type\":\"ReadAction\",\"target\":[\"https:\\\/\\\/diariotextual.com\\\/inicio\\\/index.php\\\/2021\\\/10\\\/17\\\/suspension-de-intendentes-marin-presentara-proyecto-para-modificar-la-ley-de-municipalidades\\\/\"]}]},{\"@type\":\"ImageObject\",\"inLanguage\":\"es\",\"@id\":\"https:\\\/\\\/diariotextual.com\\\/inicio\\\/index.php\\\/2021\\\/10\\\/17\\\/suspension-de-intendentes-marin-presentara-proyecto-para-modificar-la-ley-de-municipalidades\\\/#primaryimage\",\"url\":\"https:\\\/\\\/diariotextual.com\\\/inicio\\\/wp-content\\\/uploads\\\/2018\\\/09\\\/marinespartaco10002.jpg\",\"contentUrl\":\"https:\\\/\\\/diariotextual.com\\\/inicio\\\/wp-content\\\/uploads\\\/2018\\\/09\\\/marinespartaco10002.jpg\",\"width\":1200,\"height\":798},{\"@type\":\"BreadcrumbList\",\"@id\":\"https:\\\/\\\/diariotextual.com\\\/inicio\\\/index.php\\\/2021\\\/10\\\/17\\\/suspension-de-intendentes-marin-presentara-proyecto-para-modificar-la-ley-de-municipalidades\\\/#breadcrumb\",\"itemListElement\":[{\"@type\":\"ListItem\",\"position\":1,\"name\":\"Portada\",\"item\":\"https:\\\/\\\/diariotextual.com\\\/inicio\\\/\"},{\"@type\":\"ListItem\",\"position\":2,\"name\":\"Suspensi\u00f3n de intendentes: Mar\u00edn presentar\u00e1 proyecto para modificar la Ley de Municipalidades\"}]},{\"@type\":\"WebSite\",\"@id\":\"https:\\\/\\\/diariotextual.com\\\/inicio\\\/#website\",\"url\":\"https:\\\/\\\/diariotextual.com\\\/inicio\\\/\",\"name\":\"Diario Textual\",\"description\":\"\",\"publisher\":{\"@id\":\"https:\\\/\\\/diariotextual.com\\\/inicio\\\/#organization\"},\"potentialAction\":[{\"@type\":\"SearchAction\",\"target\":{\"@type\":\"EntryPoint\",\"urlTemplate\":\"https:\\\/\\\/diariotextual.com\\\/inicio\\\/?s={search_term_string}\"},\"query-input\":{\"@type\":\"PropertyValueSpecification\",\"valueRequired\":true,\"valueName\":\"search_term_string\"}}],\"inLanguage\":\"es\"},{\"@type\":\"Organization\",\"@id\":\"https:\\\/\\\/diariotextual.com\\\/inicio\\\/#organization\",\"name\":\"Diario Textual\",\"url\":\"https:\\\/\\\/diariotextual.com\\\/inicio\\\/\",\"logo\":{\"@type\":\"ImageObject\",\"inLanguage\":\"es\",\"@id\":\"https:\\\/\\\/diariotextual.com\\\/inicio\\\/#\\\/schema\\\/logo\\\/image\\\/\",\"url\":\"https:\\\/\\\/diariotextual.com\\\/inicio\\\/wp-content\\\/uploads\\\/2023\\\/05\\\/logotextual1.jpg\",\"contentUrl\":\"https:\\\/\\\/diariotextual.com\\\/inicio\\\/wp-content\\\/uploads\\\/2023\\\/05\\\/logotextual1.jpg\",\"width\":516,\"height\":76,\"caption\":\"Diario Textual\"},\"image\":{\"@id\":\"https:\\\/\\\/diariotextual.com\\\/inicio\\\/#\\\/schema\\\/logo\\\/image\\\/\"},\"sameAs\":[\"https:\\\/\\\/www.facebook.com\\\/eltextual\",\"https:\\\/\\\/x.com\\\/eltextual\",\"http:\\\/\\\/www.instagram.com\\\/eltextual\"]},{\"@type\":\"Person\",\"@id\":\"https:\\\/\\\/diariotextual.com\\\/inicio\\\/#\\\/schema\\\/person\\\/c7834961ad8b29b1d9cdbf4571299067\",\"name\":\"diario5\",\"image\":{\"@type\":\"ImageObject\",\"inLanguage\":\"es\",\"@id\":\"https:\\\/\\\/secure.gravatar.com\\\/avatar\\\/948c893b847ca6df68216ead81b63f363408ec9b0f600fefc0641ce78613b111?s=96&d=mm&r=g\",\"url\":\"https:\\\/\\\/secure.gravatar.com\\\/avatar\\\/948c893b847ca6df68216ead81b63f363408ec9b0f600fefc0641ce78613b111?s=96&d=mm&r=g\",\"contentUrl\":\"https:\\\/\\\/secure.gravatar.com\\\/avatar\\\/948c893b847ca6df68216ead81b63f363408ec9b0f600fefc0641ce78613b111?s=96&d=mm&r=g\",\"caption\":\"diario5\"},\"url\":\"https:\\\/\\\/diariotextual.com\\\/inicio\\\/index.php\\\/author\\\/diario5\\\/\"}]}<\/script>\n<!-- \/ Yoast SEO plugin. -->","yoast_head_json":{"title":"Suspensi\u00f3n de intendentes: Mar\u00edn presentar\u00e1 proyecto para modificar la Ley de Municipalidades - Diario Textual","robots":{"index":"index","follow":"follow","max-snippet":"max-snippet:-1","max-image-preview":"max-image-preview:large","max-video-preview":"max-video-preview:-1"},"canonical":"https:\/\/diariotextual.com\/inicio\/index.php\/2021\/10\/17\/suspension-de-intendentes-marin-presentara-proyecto-para-modificar-la-ley-de-municipalidades\/","og_locale":"es_ES","og_type":"article","og_title":"Suspensi\u00f3n de intendentes: Mar\u00edn presentar\u00e1 proyecto para modificar la Ley de Municipalidades - Diario Textual","og_description":"El diputado provincial Espartaco Mar\u00edn (Frejupa) anticip\u00f3 que la semana que viene impulsar\u00e1 en la Legislatura un proyecto de ley modificando la Ley Org\u00e1nica de Municipalidades y \u201casimilando el proceso&hellip;","og_url":"https:\/\/diariotextual.com\/inicio\/index.php\/2021\/10\/17\/suspension-de-intendentes-marin-presentara-proyecto-para-modificar-la-ley-de-municipalidades\/","og_site_name":"Diario Textual","article_publisher":"https:\/\/www.facebook.com\/eltextual","article_published_time":"2021-10-17T13:33:57+00:00","article_modified_time":"2021-10-18T00:08:45+00:00","og_image":[{"width":1200,"height":798,"url":"https:\/\/diariotextual.com\/inicio\/wp-content\/uploads\/2018\/09\/marinespartaco10002.jpg","type":"image\/jpeg"}],"author":"diario5","twitter_card":"summary_large_image","twitter_creator":"@eltextual","twitter_site":"@eltextual","twitter_misc":{"Escrito por":"diario5","Tiempo de lectura":"2 minutos"},"schema":{"@context":"https:\/\/schema.org","@graph":[{"@type":"Article","@id":"https:\/\/diariotextual.com\/inicio\/index.php\/2021\/10\/17\/suspension-de-intendentes-marin-presentara-proyecto-para-modificar-la-ley-de-municipalidades\/#article","isPartOf":{"@id":"https:\/\/diariotextual.com\/inicio\/index.php\/2021\/10\/17\/suspension-de-intendentes-marin-presentara-proyecto-para-modificar-la-ley-de-municipalidades\/"},"author":{"name":"diario5","@id":"https:\/\/diariotextual.com\/inicio\/#\/schema\/person\/c7834961ad8b29b1d9cdbf4571299067"},"headline":"Suspensi\u00f3n de intendentes: Mar\u00edn presentar\u00e1 proyecto para modificar la Ley de Municipalidades","datePublished":"2021-10-17T13:33:57+00:00","dateModified":"2021-10-18T00:08:45+00:00","mainEntityOfPage":{"@id":"https:\/\/diariotextual.com\/inicio\/index.php\/2021\/10\/17\/suspension-de-intendentes-marin-presentara-proyecto-para-modificar-la-ley-de-municipalidades\/"},"wordCount":290,"publisher":{"@id":"https:\/\/diariotextual.com\/inicio\/#organization"},"image":{"@id":"https:\/\/diariotextual.com\/inicio\/index.php\/2021\/10\/17\/suspension-de-intendentes-marin-presentara-proyecto-para-modificar-la-ley-de-municipalidades\/#primaryimage"},"thumbnailUrl":"https:\/\/diariotextual.com\/inicio\/wp-content\/uploads\/2018\/09\/marinespartaco10002.jpg","articleSection":["A - PORTADA2","POLITICA"],"inLanguage":"es"},{"@type":"WebPage","@id":"https:\/\/diariotextual.com\/inicio\/index.php\/2021\/10\/17\/suspension-de-intendentes-marin-presentara-proyecto-para-modificar-la-ley-de-municipalidades\/","url":"https:\/\/diariotextual.com\/inicio\/index.php\/2021\/10\/17\/suspension-de-intendentes-marin-presentara-proyecto-para-modificar-la-ley-de-municipalidades\/","name":"Suspensi\u00f3n de intendentes: Mar\u00edn presentar\u00e1 proyecto para modificar la Ley de Municipalidades - Diario Textual","isPartOf":{"@id":"https:\/\/diariotextual.com\/inicio\/#website"},"primaryImageOfPage":{"@id":"https:\/\/diariotextual.com\/inicio\/index.php\/2021\/10\/17\/suspension-de-intendentes-marin-presentara-proyecto-para-modificar-la-ley-de-municipalidades\/#primaryimage"},"image":{"@id":"https:\/\/diariotextual.com\/inicio\/index.php\/2021\/10\/17\/suspension-de-intendentes-marin-presentara-proyecto-para-modificar-la-ley-de-municipalidades\/#primaryimage"},"thumbnailUrl":"https:\/\/diariotextual.com\/inicio\/wp-content\/uploads\/2018\/09\/marinespartaco10002.jpg","datePublished":"2021-10-17T13:33:57+00:00","dateModified":"2021-10-18T00:08:45+00:00","breadcrumb":{"@id":"https:\/\/diariotextual.com\/inicio\/index.php\/2021\/10\/17\/suspension-de-intendentes-marin-presentara-proyecto-para-modificar-la-ley-de-municipalidades\/#breadcrumb"},"inLanguage":"es","potentialAction":[{"@type":"ReadAction","target":["https:\/\/diariotextual.com\/inicio\/index.php\/2021\/10\/17\/suspension-de-intendentes-marin-presentara-proyecto-para-modificar-la-ley-de-municipalidades\/"]}]},{"@type":"ImageObject","inLanguage":"es","@id":"https:\/\/diariotextual.com\/inicio\/index.php\/2021\/10\/17\/suspension-de-intendentes-marin-presentara-proyecto-para-modificar-la-ley-de-municipalidades\/#primaryimage","url":"https:\/\/diariotextual.com\/inicio\/wp-content\/uploads\/2018\/09\/marinespartaco10002.jpg","contentUrl":"https:\/\/diariotextual.com\/inicio\/wp-content\/uploads\/2018\/09\/marinespartaco10002.jpg","width":1200,"height":798},{"@type":"BreadcrumbList","@id":"https:\/\/diariotextual.com\/inicio\/index.php\/2021\/10\/17\/suspension-de-intendentes-marin-presentara-proyecto-para-modificar-la-ley-de-municipalidades\/#breadcrumb","itemListElement":[{"@type":"ListItem","position":1,"name":"Portada","item":"https:\/\/diariotextual.com\/inicio\/"},{"@type":"ListItem","position":2,"name":"Suspensi\u00f3n de intendentes: Mar\u00edn presentar\u00e1 proyecto para modificar la Ley de Municipalidades"}]},{"@type":"WebSite","@id":"https:\/\/diariotextual.com\/inicio\/#website","url":"https:\/\/diariotextual.com\/inicio\/","name":"Diario Textual","description":"","publisher":{"@id":"https:\/\/diariotextual.com\/inicio\/#organization"},"potentialAction":[{"@type":"SearchAction","target":{"@type":"EntryPoint","urlTemplate":"https:\/\/diariotextual.com\/inicio\/?s={search_term_string}"},"query-input":{"@type":"PropertyValueSpecification","valueRequired":true,"valueName":"search_term_string"}}],"inLanguage":"es"},{"@type":"Organization","@id":"https:\/\/diariotextual.com\/inicio\/#organization","name":"Diario Textual","url":"https:\/\/diariotextual.com\/inicio\/","logo":{"@type":"ImageObject","inLanguage":"es","@id":"https:\/\/diariotextual.com\/inicio\/#\/schema\/logo\/image\/","url":"https:\/\/diariotextual.com\/inicio\/wp-content\/uploads\/2023\/05\/logotextual1.jpg","contentUrl":"https:\/\/diariotextual.com\/inicio\/wp-content\/uploads\/2023\/05\/logotextual1.jpg","width":516,"height":76,"caption":"Diario Textual"},"image":{"@id":"https:\/\/diariotextual.com\/inicio\/#\/schema\/logo\/image\/"},"sameAs":["https:\/\/www.facebook.com\/eltextual","https:\/\/x.com\/eltextual","http:\/\/www.instagram.com\/eltextual"]},{"@type":"Person","@id":"https:\/\/diariotextual.com\/inicio\/#\/schema\/person\/c7834961ad8b29b1d9cdbf4571299067","name":"diario5","image":{"@type":"ImageObject","inLanguage":"es","@id":"https:\/\/secure.gravatar.com\/avatar\/948c893b847ca6df68216ead81b63f363408ec9b0f600fefc0641ce78613b111?s=96&d=mm&r=g","url":"https:\/\/secure.gravatar.com\/avatar\/948c893b847ca6df68216ead81b63f363408ec9b0f600fefc0641ce78613b111?s=96&d=mm&r=g","contentUrl":"https:\/\/secure.gravatar.com\/avatar\/948c893b847ca6df68216ead81b63f363408ec9b0f600fefc0641ce78613b111?s=96&d=mm&r=g","caption":"diario5"},"url":"https:\/\/diariotextual.com\/inicio\/index.php\/author\/diario5\/"}]}},"_links":{"self":[{"href":"https:\/\/diariotextual.com\/inicio\/index.php\/wp-json\/wp\/v2\/posts\/165465","targetHints":{"allow":["GET"]}}],"collection":[{"href":"https:\/\/diariotextual.com\/inicio\/index.php\/wp-json\/wp\/v2\/posts"}],"about":[{"href":"https:\/\/diariotextual.com\/inicio\/index.php\/wp-json\/wp\/v2\/types\/post"}],"author":[{"embeddable":true,"href":"https:\/\/diariotextual.com\/inicio\/index.php\/wp-json\/wp\/v2\/users\/7"}],"replies":[{"embeddable":true,"href":"https:\/\/diariotextual.com\/inicio\/index.php\/wp-json\/wp\/v2\/comments?post=165465"}],"version-history":[{"count":1,"href":"https:\/\/diariotextual.com\/inicio\/index.php\/wp-json\/wp\/v2\/posts\/165465\/revisions"}],"predecessor-version":[{"id":165468,"href":"https:\/\/diariotextual.com\/inicio\/index.php\/wp-json\/wp\/v2\/posts\/165465\/revisions\/165468"}],"wp:featuredmedia":[{"embeddable":true,"href":"https:\/\/diariotextual.com\/inicio\/index.php\/wp-json\/wp\/v2\/media\/21393"}],"wp:attachment":[{"href":"https:\/\/diariotextual.com\/inicio\/index.php\/wp-json\/wp\/v2\/media?parent=165465"}],"wp:term":[{"taxonomy":"category","embeddable":true,"href":"https:\/\/diariotextual.com\/inicio\/index.php\/wp-json\/wp\/v2\/categories?post=165465"},{"taxonomy":"post_tag","embeddable":true,"href":"https:\/\/diariotextual.com\/inicio\/index.php\/wp-json\/wp\/v2\/tags?post=165465"}],"curies":[{"name":"wp","href":"https:\/\/api.w.org\/{rel}","templated":true}]}}