{"id":165812,"date":"2021-10-20T10:16:14","date_gmt":"2021-10-20T13:16:14","guid":{"rendered":"https:\/\/diariotextual.com\/inicio\/?p=165812"},"modified":"2021-10-20T15:16:33","modified_gmt":"2021-10-20T18:16:33","slug":"negri-la-pampa-es-un-objetivo-central-de-la-democracia-argentina","status":"publish","type":"post","link":"https:\/\/diariotextual.com\/inicio\/index.php\/2021\/10\/20\/negri-la-pampa-es-un-objetivo-central-de-la-democracia-argentina\/","title":{"rendered":"Negri: \u201cLa Pampa es un objetivo central de la democracia argentina\u201d"},"content":{"rendered":"\n<p>El dirigente de la UCR y presidente del interbloque de diputados nacionales de Juntos por el Cambio, <strong>Mario Negri<\/strong>, dijo este mi\u00e9rcoles que <strong>La Pampa es \u201cun objetivo central no de una fuerza pol\u00edtica, de la democracia argentina\u201d<\/strong> en las elecciones legislativas del 14 de noviembre. Sostuvo que <strong>el Gobierno de Alberto Fern\u00e1ndez \u201cest\u00e1 navegando en el Titanic y cree que anda en un F\u00f3rmula 1, sin frenos\u201d.<\/strong><\/p>\n\n\n\n<p>Negri lleg\u00f3 a La Pampa para respaldar a los candidatos de JxC Daniel Kroneberger y Mart\u00edn Maquieyra. Este mi\u00e9rcoles brind\u00f3 una conferencia de prensa en un hotel ubicado sobre la ruta 5.<\/p>\n\n\n\n<p><strong>\u201cSi La Pampa ratifica el resultado, como creo que va a ocurrir, vamos a incorporar dos senadores, lo que significa que se acortan los m\u00e1rgenes de maniobra de oficialismo y obviamente, va a crecer el bloque de diputados\u201d<\/strong>, confi\u00f3 el dirigente radical. <\/p>\n\n\n\n<figure class=\"wp-block-image size-large\"><img fetchpriority=\"high\" decoding=\"async\" width=\"737\" height=\"532\" src=\"https:\/\/diariotextual.com\/inicio\/wp-content\/uploads\/2021\/10\/negrimario.jpg\" alt=\"\" class=\"wp-image-165813\" srcset=\"https:\/\/diariotextual.com\/inicio\/wp-content\/uploads\/2021\/10\/negrimario.jpg 737w, https:\/\/diariotextual.com\/inicio\/wp-content\/uploads\/2021\/10\/negrimario-300x217.jpg 300w, https:\/\/diariotextual.com\/inicio\/wp-content\/uploads\/2021\/10\/negrimario-585x422.jpg 585w\" sizes=\"(max-width: 737px) 100vw, 737px\" \/><\/figure>\n\n\n\n<p>All\u00ed anticip\u00f3 que el 14 de noviembre se van a \u201cratificar\u201d el resultado de las PASO y pronostic\u00f3 que \u201cse aumentar\u00e1\u201d la diferencia en varios distritos. <strong>\u201cDesde 1983 el gobierno tendr\u00e1 por primera vez que negociar con la oposici\u00f3n y no convertir al Senado en una escriban\u00eda, como lo ha hecho durante mucho tiempo\u201d<\/strong>, sostuvo.<\/p>\n\n\n\n<p>Expres\u00f3 su confianza de que adem\u00e1s de incorporar a dos senadores por La Pampa, la oposici\u00f3n liderada por Juntos por el Cambio va a crecer en Diputados. <strong>\u201cAdem\u00e1s de Mart\u00edn (Maquieyra), vamos a sumar a una diputada por La Pampa. Si se recompusiera la C\u00e1mara de Diputados, se llegar\u00eda a 116 o 117 legisladores, y se termina la idea de hacer lo que se quiere\u201d<\/strong>, dijo.<\/p>\n\n\n\n<p><strong>\u201cEstas elecciones intermedias ser\u00e1n las m\u00e1s significativas e importantes. Por eso estoy en La Pampa, recorriendo el pa\u00eds y acompa\u00f1ando, si es posible, para que no se sientan en soledad. El proceso en La Pampa es un proceso prolijo, un proceso de integraci\u00f3n y agradezco a todos los partidos pol\u00edticos que est\u00e1n presentes ac\u00e1\u201d<\/strong>, resalt\u00f3.<\/p>\n\n\n\n<p>Recalc\u00f3 que <strong>el gobierno de Alberto Fern\u00e1ndez \u201cest\u00e1 haciendo todo lo posible para que la sociedad se indigne un poquito m\u00e1s y para que lo muestre no con violencia sino con el voto en noviembre\u201d.<\/strong><\/p>\n\n\n\n<p><strong>\u201cNosotros no vamos a empujar a nadie, pero no vamos a caer en el abrazo del oso. El que gobierna es el que vot\u00f3 la gente y tiene dos a\u00f1os de mandato por delante\u201d<\/strong>, respondi\u00f3 cuando le consultaron si la oposici\u00f3n dejar\u00e1 gobernar y colaborar\u00e1 con la actual gesti\u00f3n.&nbsp;<\/p>\n\n\n\n<p>Kroneberger, en tanto, focaliz\u00f3 sus palabras en las pol\u00edticas p\u00fablicas hacia los comerciantes, las Pymes, y emprendedores y sostuvo que \u201clos obst\u00e1culos para invertir en el pa\u00eds arrancan desde la presi\u00f3n tributaria, el cuadro macroecon\u00f3mico argentino, el costo laboral impositivo, la volatitilidad del tipo de cambio y la inflaci\u00f3n, factores que generan incertidumbre en los sectores privados de la econom\u00eda\u201d.<\/p>\n\n\n\n<p>\u201cHay que dejar de asfixiar con impuestos y tasas a quienes apuestan por la inversi\u00f3n y la creaci\u00f3n de trabajo genuino. Que el esfuerzo, el estudio y el trabajo, sean el motor del progreso social\u201d, plante\u00f3.<\/p>\n","protected":false},"excerpt":{"rendered":"<p>El dirigente de la UCR y presidente del interbloque de diputados nacionales de Juntos por el Cambio, Mario Negri, dijo este mi\u00e9rcoles que La Pampa es \u201cun objetivo central no&hellip;<\/p>\n","protected":false},"author":7,"featured_media":165834,"comment_status":"closed","ping_status":"open","sticky":false,"template":"","format":"standard","meta":{"_acf_changed":false,"footnotes":""},"categories":[10,8],"tags":[],"class_list":["post-165812","post","type-post","status-publish","format-standard","has-post-thumbnail","hentry","category-portada-2","category-politica"],"acf":[],"yoast_head":"<!-- This site is optimized with the Yoast SEO plugin v27.5 - https:\/\/yoast.com\/product\/yoast-seo-wordpress\/ -->\n<title>Negri: \u201cLa Pampa es un objetivo central de la democracia argentina\u201d - Diario Textual<\/title>\n<meta name=\"robots\" content=\"index, follow, max-snippet:-1, max-image-preview:large, max-video-preview:-1\" \/>\n<link rel=\"canonical\" href=\"https:\/\/diariotextual.com\/inicio\/index.php\/2021\/10\/20\/negri-la-pampa-es-un-objetivo-central-de-la-democracia-argentina\/\" \/>\n<meta property=\"og:locale\" content=\"es_ES\" \/>\n<meta property=\"og:type\" content=\"article\" \/>\n<meta property=\"og:title\" content=\"Negri: \u201cLa Pampa es un objetivo central de la democracia argentina\u201d - Diario Textual\" \/>\n<meta property=\"og:description\" content=\"El dirigente de la UCR y presidente del interbloque de diputados nacionales de Juntos por el Cambio, Mario Negri, dijo este mi\u00e9rcoles que La Pampa es \u201cun objetivo central no&hellip;\" \/>\n<meta property=\"og:url\" content=\"https:\/\/diariotextual.com\/inicio\/index.php\/2021\/10\/20\/negri-la-pampa-es-un-objetivo-central-de-la-democracia-argentina\/\" \/>\n<meta property=\"og:site_name\" content=\"Diario Textual\" \/>\n<meta property=\"article:publisher\" content=\"https:\/\/www.facebook.com\/eltextual\" \/>\n<meta property=\"article:published_time\" content=\"2021-10-20T13:16:14+00:00\" \/>\n<meta property=\"article:modified_time\" content=\"2021-10-20T18:16:33+00:00\" \/>\n<meta property=\"og:image\" content=\"https:\/\/diariotextual.com\/inicio\/wp-content\/uploads\/2021\/10\/negrikronebergercoli2021-1.jpg\" \/>\n\t<meta property=\"og:image:width\" content=\"852\" \/>\n\t<meta property=\"og:image:height\" content=\"567\" \/>\n\t<meta property=\"og:image:type\" content=\"image\/jpeg\" \/>\n<meta name=\"author\" content=\"diario5\" \/>\n<meta name=\"twitter:card\" content=\"summary_large_image\" \/>\n<meta name=\"twitter:creator\" content=\"@eltextual\" \/>\n<meta name=\"twitter:site\" content=\"@eltextual\" \/>\n<meta name=\"twitter:label1\" content=\"Escrito por\" \/>\n\t<meta name=\"twitter:data1\" content=\"diario5\" \/>\n\t<meta name=\"twitter:label2\" content=\"Tiempo de lectura\" \/>\n\t<meta name=\"twitter:data2\" content=\"3 minutos\" \/>\n<script type=\"application\/ld+json\" class=\"yoast-schema-graph\">{\"@context\":\"https:\\\/\\\/schema.org\",\"@graph\":[{\"@type\":\"Article\",\"@id\":\"https:\\\/\\\/diariotextual.com\\\/inicio\\\/index.php\\\/2021\\\/10\\\/20\\\/negri-la-pampa-es-un-objetivo-central-de-la-democracia-argentina\\\/#article\",\"isPartOf\":{\"@id\":\"https:\\\/\\\/diariotextual.com\\\/inicio\\\/index.php\\\/2021\\\/10\\\/20\\\/negri-la-pampa-es-un-objetivo-central-de-la-democracia-argentina\\\/\"},\"author\":{\"name\":\"diario5\",\"@id\":\"https:\\\/\\\/diariotextual.com\\\/inicio\\\/#\\\/schema\\\/person\\\/c7834961ad8b29b1d9cdbf4571299067\"},\"headline\":\"Negri: \u201cLa Pampa es un objetivo central de la democracia argentina\u201d\",\"datePublished\":\"2021-10-20T13:16:14+00:00\",\"dateModified\":\"2021-10-20T18:16:33+00:00\",\"mainEntityOfPage\":{\"@id\":\"https:\\\/\\\/diariotextual.com\\\/inicio\\\/index.php\\\/2021\\\/10\\\/20\\\/negri-la-pampa-es-un-objetivo-central-de-la-democracia-argentina\\\/\"},\"wordCount\":540,\"publisher\":{\"@id\":\"https:\\\/\\\/diariotextual.com\\\/inicio\\\/#organization\"},\"image\":{\"@id\":\"https:\\\/\\\/diariotextual.com\\\/inicio\\\/index.php\\\/2021\\\/10\\\/20\\\/negri-la-pampa-es-un-objetivo-central-de-la-democracia-argentina\\\/#primaryimage\"},\"thumbnailUrl\":\"https:\\\/\\\/diariotextual.com\\\/inicio\\\/wp-content\\\/uploads\\\/2021\\\/10\\\/negrikronebergercoli2021-1.jpg\",\"articleSection\":[\"A - PORTADA2\",\"POLITICA\"],\"inLanguage\":\"es\"},{\"@type\":\"WebPage\",\"@id\":\"https:\\\/\\\/diariotextual.com\\\/inicio\\\/index.php\\\/2021\\\/10\\\/20\\\/negri-la-pampa-es-un-objetivo-central-de-la-democracia-argentina\\\/\",\"url\":\"https:\\\/\\\/diariotextual.com\\\/inicio\\\/index.php\\\/2021\\\/10\\\/20\\\/negri-la-pampa-es-un-objetivo-central-de-la-democracia-argentina\\\/\",\"name\":\"Negri: \u201cLa Pampa es un objetivo central de la democracia argentina\u201d - Diario Textual\",\"isPartOf\":{\"@id\":\"https:\\\/\\\/diariotextual.com\\\/inicio\\\/#website\"},\"primaryImageOfPage\":{\"@id\":\"https:\\\/\\\/diariotextual.com\\\/inicio\\\/index.php\\\/2021\\\/10\\\/20\\\/negri-la-pampa-es-un-objetivo-central-de-la-democracia-argentina\\\/#primaryimage\"},\"image\":{\"@id\":\"https:\\\/\\\/diariotextual.com\\\/inicio\\\/index.php\\\/2021\\\/10\\\/20\\\/negri-la-pampa-es-un-objetivo-central-de-la-democracia-argentina\\\/#primaryimage\"},\"thumbnailUrl\":\"https:\\\/\\\/diariotextual.com\\\/inicio\\\/wp-content\\\/uploads\\\/2021\\\/10\\\/negrikronebergercoli2021-1.jpg\",\"datePublished\":\"2021-10-20T13:16:14+00:00\",\"dateModified\":\"2021-10-20T18:16:33+00:00\",\"breadcrumb\":{\"@id\":\"https:\\\/\\\/diariotextual.com\\\/inicio\\\/index.php\\\/2021\\\/10\\\/20\\\/negri-la-pampa-es-un-objetivo-central-de-la-democracia-argentina\\\/#breadcrumb\"},\"inLanguage\":\"es\",\"potentialAction\":[{\"@type\":\"ReadAction\",\"target\":[\"https:\\\/\\\/diariotextual.com\\\/inicio\\\/index.php\\\/2021\\\/10\\\/20\\\/negri-la-pampa-es-un-objetivo-central-de-la-democracia-argentina\\\/\"]}]},{\"@type\":\"ImageObject\",\"inLanguage\":\"es\",\"@id\":\"https:\\\/\\\/diariotextual.com\\\/inicio\\\/index.php\\\/2021\\\/10\\\/20\\\/negri-la-pampa-es-un-objetivo-central-de-la-democracia-argentina\\\/#primaryimage\",\"url\":\"https:\\\/\\\/diariotextual.com\\\/inicio\\\/wp-content\\\/uploads\\\/2021\\\/10\\\/negrikronebergercoli2021-1.jpg\",\"contentUrl\":\"https:\\\/\\\/diariotextual.com\\\/inicio\\\/wp-content\\\/uploads\\\/2021\\\/10\\\/negrikronebergercoli2021-1.jpg\",\"width\":852,\"height\":567},{\"@type\":\"BreadcrumbList\",\"@id\":\"https:\\\/\\\/diariotextual.com\\\/inicio\\\/index.php\\\/2021\\\/10\\\/20\\\/negri-la-pampa-es-un-objetivo-central-de-la-democracia-argentina\\\/#breadcrumb\",\"itemListElement\":[{\"@type\":\"ListItem\",\"position\":1,\"name\":\"Portada\",\"item\":\"https:\\\/\\\/diariotextual.com\\\/inicio\\\/\"},{\"@type\":\"ListItem\",\"position\":2,\"name\":\"Negri: \u201cLa Pampa es un objetivo central de la democracia argentina\u201d\"}]},{\"@type\":\"WebSite\",\"@id\":\"https:\\\/\\\/diariotextual.com\\\/inicio\\\/#website\",\"url\":\"https:\\\/\\\/diariotextual.com\\\/inicio\\\/\",\"name\":\"Diario Textual\",\"description\":\"\",\"publisher\":{\"@id\":\"https:\\\/\\\/diariotextual.com\\\/inicio\\\/#organization\"},\"potentialAction\":[{\"@type\":\"SearchAction\",\"target\":{\"@type\":\"EntryPoint\",\"urlTemplate\":\"https:\\\/\\\/diariotextual.com\\\/inicio\\\/?s={search_term_string}\"},\"query-input\":{\"@type\":\"PropertyValueSpecification\",\"valueRequired\":true,\"valueName\":\"search_term_string\"}}],\"inLanguage\":\"es\"},{\"@type\":\"Organization\",\"@id\":\"https:\\\/\\\/diariotextual.com\\\/inicio\\\/#organization\",\"name\":\"Diario Textual\",\"url\":\"https:\\\/\\\/diariotextual.com\\\/inicio\\\/\",\"logo\":{\"@type\":\"ImageObject\",\"inLanguage\":\"es\",\"@id\":\"https:\\\/\\\/diariotextual.com\\\/inicio\\\/#\\\/schema\\\/logo\\\/image\\\/\",\"url\":\"https:\\\/\\\/diariotextual.com\\\/inicio\\\/wp-content\\\/uploads\\\/2023\\\/05\\\/logotextual1.jpg\",\"contentUrl\":\"https:\\\/\\\/diariotextual.com\\\/inicio\\\/wp-content\\\/uploads\\\/2023\\\/05\\\/logotextual1.jpg\",\"width\":516,\"height\":76,\"caption\":\"Diario Textual\"},\"image\":{\"@id\":\"https:\\\/\\\/diariotextual.com\\\/inicio\\\/#\\\/schema\\\/logo\\\/image\\\/\"},\"sameAs\":[\"https:\\\/\\\/www.facebook.com\\\/eltextual\",\"https:\\\/\\\/x.com\\\/eltextual\",\"http:\\\/\\\/www.instagram.com\\\/eltextual\"]},{\"@type\":\"Person\",\"@id\":\"https:\\\/\\\/diariotextual.com\\\/inicio\\\/#\\\/schema\\\/person\\\/c7834961ad8b29b1d9cdbf4571299067\",\"name\":\"diario5\",\"image\":{\"@type\":\"ImageObject\",\"inLanguage\":\"es\",\"@id\":\"https:\\\/\\\/secure.gravatar.com\\\/avatar\\\/948c893b847ca6df68216ead81b63f363408ec9b0f600fefc0641ce78613b111?s=96&d=mm&r=g\",\"url\":\"https:\\\/\\\/secure.gravatar.com\\\/avatar\\\/948c893b847ca6df68216ead81b63f363408ec9b0f600fefc0641ce78613b111?s=96&d=mm&r=g\",\"contentUrl\":\"https:\\\/\\\/secure.gravatar.com\\\/avatar\\\/948c893b847ca6df68216ead81b63f363408ec9b0f600fefc0641ce78613b111?s=96&d=mm&r=g\",\"caption\":\"diario5\"},\"url\":\"https:\\\/\\\/diariotextual.com\\\/inicio\\\/index.php\\\/author\\\/diario5\\\/\"}]}<\/script>\n<!-- \/ Yoast SEO plugin. -->","yoast_head_json":{"title":"Negri: \u201cLa Pampa es un objetivo central de la democracia argentina\u201d - Diario Textual","robots":{"index":"index","follow":"follow","max-snippet":"max-snippet:-1","max-image-preview":"max-image-preview:large","max-video-preview":"max-video-preview:-1"},"canonical":"https:\/\/diariotextual.com\/inicio\/index.php\/2021\/10\/20\/negri-la-pampa-es-un-objetivo-central-de-la-democracia-argentina\/","og_locale":"es_ES","og_type":"article","og_title":"Negri: \u201cLa Pampa es un objetivo central de la democracia argentina\u201d - Diario Textual","og_description":"El dirigente de la UCR y presidente del interbloque de diputados nacionales de Juntos por el Cambio, Mario Negri, dijo este mi\u00e9rcoles que La Pampa es \u201cun objetivo central no&hellip;","og_url":"https:\/\/diariotextual.com\/inicio\/index.php\/2021\/10\/20\/negri-la-pampa-es-un-objetivo-central-de-la-democracia-argentina\/","og_site_name":"Diario Textual","article_publisher":"https:\/\/www.facebook.com\/eltextual","article_published_time":"2021-10-20T13:16:14+00:00","article_modified_time":"2021-10-20T18:16:33+00:00","og_image":[{"width":852,"height":567,"url":"https:\/\/diariotextual.com\/inicio\/wp-content\/uploads\/2021\/10\/negrikronebergercoli2021-1.jpg","type":"image\/jpeg"}],"author":"diario5","twitter_card":"summary_large_image","twitter_creator":"@eltextual","twitter_site":"@eltextual","twitter_misc":{"Escrito por":"diario5","Tiempo de lectura":"3 minutos"},"schema":{"@context":"https:\/\/schema.org","@graph":[{"@type":"Article","@id":"https:\/\/diariotextual.com\/inicio\/index.php\/2021\/10\/20\/negri-la-pampa-es-un-objetivo-central-de-la-democracia-argentina\/#article","isPartOf":{"@id":"https:\/\/diariotextual.com\/inicio\/index.php\/2021\/10\/20\/negri-la-pampa-es-un-objetivo-central-de-la-democracia-argentina\/"},"author":{"name":"diario5","@id":"https:\/\/diariotextual.com\/inicio\/#\/schema\/person\/c7834961ad8b29b1d9cdbf4571299067"},"headline":"Negri: \u201cLa Pampa es un objetivo central de la democracia argentina\u201d","datePublished":"2021-10-20T13:16:14+00:00","dateModified":"2021-10-20T18:16:33+00:00","mainEntityOfPage":{"@id":"https:\/\/diariotextual.com\/inicio\/index.php\/2021\/10\/20\/negri-la-pampa-es-un-objetivo-central-de-la-democracia-argentina\/"},"wordCount":540,"publisher":{"@id":"https:\/\/diariotextual.com\/inicio\/#organization"},"image":{"@id":"https:\/\/diariotextual.com\/inicio\/index.php\/2021\/10\/20\/negri-la-pampa-es-un-objetivo-central-de-la-democracia-argentina\/#primaryimage"},"thumbnailUrl":"https:\/\/diariotextual.com\/inicio\/wp-content\/uploads\/2021\/10\/negrikronebergercoli2021-1.jpg","articleSection":["A - PORTADA2","POLITICA"],"inLanguage":"es"},{"@type":"WebPage","@id":"https:\/\/diariotextual.com\/inicio\/index.php\/2021\/10\/20\/negri-la-pampa-es-un-objetivo-central-de-la-democracia-argentina\/","url":"https:\/\/diariotextual.com\/inicio\/index.php\/2021\/10\/20\/negri-la-pampa-es-un-objetivo-central-de-la-democracia-argentina\/","name":"Negri: \u201cLa Pampa es un objetivo central de la democracia argentina\u201d - Diario Textual","isPartOf":{"@id":"https:\/\/diariotextual.com\/inicio\/#website"},"primaryImageOfPage":{"@id":"https:\/\/diariotextual.com\/inicio\/index.php\/2021\/10\/20\/negri-la-pampa-es-un-objetivo-central-de-la-democracia-argentina\/#primaryimage"},"image":{"@id":"https:\/\/diariotextual.com\/inicio\/index.php\/2021\/10\/20\/negri-la-pampa-es-un-objetivo-central-de-la-democracia-argentina\/#primaryimage"},"thumbnailUrl":"https:\/\/diariotextual.com\/inicio\/wp-content\/uploads\/2021\/10\/negrikronebergercoli2021-1.jpg","datePublished":"2021-10-20T13:16:14+00:00","dateModified":"2021-10-20T18:16:33+00:00","breadcrumb":{"@id":"https:\/\/diariotextual.com\/inicio\/index.php\/2021\/10\/20\/negri-la-pampa-es-un-objetivo-central-de-la-democracia-argentina\/#breadcrumb"},"inLanguage":"es","potentialAction":[{"@type":"ReadAction","target":["https:\/\/diariotextual.com\/inicio\/index.php\/2021\/10\/20\/negri-la-pampa-es-un-objetivo-central-de-la-democracia-argentina\/"]}]},{"@type":"ImageObject","inLanguage":"es","@id":"https:\/\/diariotextual.com\/inicio\/index.php\/2021\/10\/20\/negri-la-pampa-es-un-objetivo-central-de-la-democracia-argentina\/#primaryimage","url":"https:\/\/diariotextual.com\/inicio\/wp-content\/uploads\/2021\/10\/negrikronebergercoli2021-1.jpg","contentUrl":"https:\/\/diariotextual.com\/inicio\/wp-content\/uploads\/2021\/10\/negrikronebergercoli2021-1.jpg","width":852,"height":567},{"@type":"BreadcrumbList","@id":"https:\/\/diariotextual.com\/inicio\/index.php\/2021\/10\/20\/negri-la-pampa-es-un-objetivo-central-de-la-democracia-argentina\/#breadcrumb","itemListElement":[{"@type":"ListItem","position":1,"name":"Portada","item":"https:\/\/diariotextual.com\/inicio\/"},{"@type":"ListItem","position":2,"name":"Negri: \u201cLa Pampa es un objetivo central de la democracia argentina\u201d"}]},{"@type":"WebSite","@id":"https:\/\/diariotextual.com\/inicio\/#website","url":"https:\/\/diariotextual.com\/inicio\/","name":"Diario Textual","description":"","publisher":{"@id":"https:\/\/diariotextual.com\/inicio\/#organization"},"potentialAction":[{"@type":"SearchAction","target":{"@type":"EntryPoint","urlTemplate":"https:\/\/diariotextual.com\/inicio\/?s={search_term_string}"},"query-input":{"@type":"PropertyValueSpecification","valueRequired":true,"valueName":"search_term_string"}}],"inLanguage":"es"},{"@type":"Organization","@id":"https:\/\/diariotextual.com\/inicio\/#organization","name":"Diario Textual","url":"https:\/\/diariotextual.com\/inicio\/","logo":{"@type":"ImageObject","inLanguage":"es","@id":"https:\/\/diariotextual.com\/inicio\/#\/schema\/logo\/image\/","url":"https:\/\/diariotextual.com\/inicio\/wp-content\/uploads\/2023\/05\/logotextual1.jpg","contentUrl":"https:\/\/diariotextual.com\/inicio\/wp-content\/uploads\/2023\/05\/logotextual1.jpg","width":516,"height":76,"caption":"Diario Textual"},"image":{"@id":"https:\/\/diariotextual.com\/inicio\/#\/schema\/logo\/image\/"},"sameAs":["https:\/\/www.facebook.com\/eltextual","https:\/\/x.com\/eltextual","http:\/\/www.instagram.com\/eltextual"]},{"@type":"Person","@id":"https:\/\/diariotextual.com\/inicio\/#\/schema\/person\/c7834961ad8b29b1d9cdbf4571299067","name":"diario5","image":{"@type":"ImageObject","inLanguage":"es","@id":"https:\/\/secure.gravatar.com\/avatar\/948c893b847ca6df68216ead81b63f363408ec9b0f600fefc0641ce78613b111?s=96&d=mm&r=g","url":"https:\/\/secure.gravatar.com\/avatar\/948c893b847ca6df68216ead81b63f363408ec9b0f600fefc0641ce78613b111?s=96&d=mm&r=g","contentUrl":"https:\/\/secure.gravatar.com\/avatar\/948c893b847ca6df68216ead81b63f363408ec9b0f600fefc0641ce78613b111?s=96&d=mm&r=g","caption":"diario5"},"url":"https:\/\/diariotextual.com\/inicio\/index.php\/author\/diario5\/"}]}},"_links":{"self":[{"href":"https:\/\/diariotextual.com\/inicio\/index.php\/wp-json\/wp\/v2\/posts\/165812","targetHints":{"allow":["GET"]}}],"collection":[{"href":"https:\/\/diariotextual.com\/inicio\/index.php\/wp-json\/wp\/v2\/posts"}],"about":[{"href":"https:\/\/diariotextual.com\/inicio\/index.php\/wp-json\/wp\/v2\/types\/post"}],"author":[{"embeddable":true,"href":"https:\/\/diariotextual.com\/inicio\/index.php\/wp-json\/wp\/v2\/users\/7"}],"replies":[{"embeddable":true,"href":"https:\/\/diariotextual.com\/inicio\/index.php\/wp-json\/wp\/v2\/comments?post=165812"}],"version-history":[{"count":9,"href":"https:\/\/diariotextual.com\/inicio\/index.php\/wp-json\/wp\/v2\/posts\/165812\/revisions"}],"predecessor-version":[{"id":165835,"href":"https:\/\/diariotextual.com\/inicio\/index.php\/wp-json\/wp\/v2\/posts\/165812\/revisions\/165835"}],"wp:featuredmedia":[{"embeddable":true,"href":"https:\/\/diariotextual.com\/inicio\/index.php\/wp-json\/wp\/v2\/media\/165834"}],"wp:attachment":[{"href":"https:\/\/diariotextual.com\/inicio\/index.php\/wp-json\/wp\/v2\/media?parent=165812"}],"wp:term":[{"taxonomy":"category","embeddable":true,"href":"https:\/\/diariotextual.com\/inicio\/index.php\/wp-json\/wp\/v2\/categories?post=165812"},{"taxonomy":"post_tag","embeddable":true,"href":"https:\/\/diariotextual.com\/inicio\/index.php\/wp-json\/wp\/v2\/tags?post=165812"}],"curies":[{"name":"wp","href":"https:\/\/api.w.org\/{rel}","templated":true}]}}