{"id":16583,"date":"2018-08-10T19:11:05","date_gmt":"2018-08-10T22:11:05","guid":{"rendered":"http:\/\/diariotextual.com\/inicio\/?p=16583"},"modified":"2018-08-11T10:25:02","modified_gmt":"2018-08-11T13:25:02","slug":"verna-la-expo-tecno-queremos-afirmar-la-identidad-pico-polo-tecnologico","status":"publish","type":"post","link":"https:\/\/diariotextual.com\/inicio\/index.php\/2018\/08\/10\/verna-la-expo-tecno-queremos-afirmar-la-identidad-pico-polo-tecnologico\/","title":{"rendered":"Verna y la Expo Tecno: \u00abQueremos afirmar la identidad de Pico como polo tecnol\u00f3gico\u00bb"},"content":{"rendered":"<p>\u201cQueremos que <strong>General Pico afirme su identidad como polo de desarrollo tecnol\u00f3gico<\/strong> para dar soluciones innovadoras a todos los procesos productivos y de gesti\u00f3n, tanto en la industria como en el campo, incluy\u00e9ndose tambi\u00e9n, la prestaci\u00f3n a los servicios y las actividades comerciales\u201d.\u00a0 As\u00ed lo expres\u00f3 el gobernador <strong>Carlos Verna<\/strong>, al inaugurar la Expo Tecno 2018.<\/p>\n<p>La feria se desarrolla en el Centro Cultural M\u00e9dano de General Pico. <strong>Es la primera muestra de tecnolog\u00eda de la provincia de La Pampa, un espacio para que los diferentes actores que intervienen en la base tecnol\u00f3gica del entramado productivo de la provincia se encuentren, vinculen y visibilicen.<\/strong><\/p>\n<p>La inauguraci\u00f3n fue encabezada por el gobernador de La Pampa, Carlos Verna, acompa\u00f1ado por la vicepresidenta de la C\u00e1mara de Diputados, Alicia Mayoral, el senador nacional, Daniel Lovera, el diputado nacional, Ariel Rauschemberger, la ministra de Educaci\u00f3n, Mar\u00eda Cristina Garello, el ministro de la Producci\u00f3n, Ricardo Moralejo, la directora general de Ciencia, Tecnolog\u00eda e Innovaci\u00f3n Tecnol\u00f3gica, Mar\u00eda Luz Lardone, el jefe de Nuevas Tecnolog\u00edas del Centro Federal de Inversiones, Claudio Garc\u00eda, el presidente del Banco de La Pampa, Alexis Iviglia, el rector de la UNLPam, Oscar Alpa, entre otras autoridades recibidas por el intendente, Juan Jos\u00e9 Rainone.<\/p>\n<p><img fetchpriority=\"high\" decoding=\"async\" class=\"alignnone size-full wp-image-16584\" src=\"http:\/\/diariotextual.com\/inicio\/wp-content\/uploads\/2018\/08\/vernaexpotecnopico2018-1.jpg\" alt=\"\" width=\"1280\" height=\"847\" srcset=\"https:\/\/diariotextual.com\/inicio\/wp-content\/uploads\/2018\/08\/vernaexpotecnopico2018-1.jpg 1280w, https:\/\/diariotextual.com\/inicio\/wp-content\/uploads\/2018\/08\/vernaexpotecnopico2018-1-300x199.jpg 300w, https:\/\/diariotextual.com\/inicio\/wp-content\/uploads\/2018\/08\/vernaexpotecnopico2018-1-768x508.jpg 768w, https:\/\/diariotextual.com\/inicio\/wp-content\/uploads\/2018\/08\/vernaexpotecnopico2018-1-1024x678.jpg 1024w, https:\/\/diariotextual.com\/inicio\/wp-content\/uploads\/2018\/08\/vernaexpotecnopico2018-1-1170x774.jpg 1170w, https:\/\/diariotextual.com\/inicio\/wp-content\/uploads\/2018\/08\/vernaexpotecnopico2018-1-780x516.jpg 780w, https:\/\/diariotextual.com\/inicio\/wp-content\/uploads\/2018\/08\/vernaexpotecnopico2018-1-585x387.jpg 585w, https:\/\/diariotextual.com\/inicio\/wp-content\/uploads\/2018\/08\/vernaexpotecnopico2018-1-263x175.jpg 263w\" sizes=\"(max-width: 1280px) 100vw, 1280px\" \/><\/p>\n<p>La muestra, que durar\u00e1 hasta el domingo, fue organizada por el Ministerio de la Producci\u00f3n, la Municipalidad de General Pico, y el Consejo Federal de Inversiones, con la adhesi\u00f3n de las Facultades de Ingenier\u00eda y Ciencias Veterinarias de la UNLPam, UNILPA y el Banco de La Pampa.<\/p>\n<p>\u00abFomentar esto -dijo el mandatario provincial- es trabajar en el desarrollo de la ciencia, la tecnolog\u00eda y la innovaci\u00f3n, enfocadas para un desarrollo sustentable que d\u00e9 respuestas a una sociedad que busca m\u00e1s inclusi\u00f3n y mayor equidad. Es necesario impulsar el desarrollo de vocaciones y capacidades innovadoras locales, basadas en la ciencia y tecnolog\u00eda como herramientas para un crecimiento sustentable e incluyente. Este es el reto que exige el futuro a las instituciones cient\u00edfico tecnol\u00f3gicas, a las empresas de innovaci\u00f3n y al sector productivo para lograr as\u00ed una vinculaci\u00f3n cada vez m\u00e1s efectiva que pueda satisfacer la demanda de los \u00faltimos avances, ya sea en los aspectos productivos, o de gesti\u00f3n, para las diferentes actividades econ\u00f3micas\u201d, dijo.<\/p>\n<p>&nbsp;<\/p>\n","protected":false},"excerpt":{"rendered":"<p>\u201cQueremos que General Pico afirme su identidad como polo de desarrollo tecnol\u00f3gico para dar soluciones innovadoras a todos los procesos productivos y de gesti\u00f3n, tanto en la industria como en&hellip;<\/p>\n","protected":false},"author":3,"featured_media":16585,"comment_status":"closed","ping_status":"open","sticky":false,"template":"","format":"standard","meta":{"_acf_changed":false,"footnotes":""},"categories":[1,319,6],"tags":[672,198,19],"class_list":["post-16583","post","type-post","status-publish","format-standard","has-post-thumbnail","hentry","category-es-noticia","category-a-temporales","category-tecno","tag-expo-tecno","tag-pico","tag-verna"],"acf":[],"yoast_head":"<!-- This site is optimized with the Yoast SEO plugin v27.4 - https:\/\/yoast.com\/product\/yoast-seo-wordpress\/ -->\n<title>Verna y la Expo Tecno: &quot;Queremos afirmar la identidad de Pico como polo tecnol\u00f3gico&quot; - Diario Textual<\/title>\n<meta name=\"robots\" content=\"index, follow, max-snippet:-1, max-image-preview:large, max-video-preview:-1\" \/>\n<link rel=\"canonical\" href=\"https:\/\/diariotextual.com\/inicio\/index.php\/2018\/08\/10\/verna-la-expo-tecno-queremos-afirmar-la-identidad-pico-polo-tecnologico\/\" \/>\n<meta property=\"og:locale\" content=\"es_ES\" \/>\n<meta property=\"og:type\" content=\"article\" \/>\n<meta property=\"og:title\" content=\"Verna y la Expo Tecno: &quot;Queremos afirmar la identidad de Pico como polo tecnol\u00f3gico&quot; - Diario Textual\" \/>\n<meta property=\"og:description\" content=\"\u201cQueremos que General Pico afirme su identidad como polo de desarrollo tecnol\u00f3gico para dar soluciones innovadoras a todos los procesos productivos y de gesti\u00f3n, tanto en la industria como en&hellip;\" \/>\n<meta property=\"og:url\" content=\"https:\/\/diariotextual.com\/inicio\/index.php\/2018\/08\/10\/verna-la-expo-tecno-queremos-afirmar-la-identidad-pico-polo-tecnologico\/\" \/>\n<meta property=\"og:site_name\" content=\"Diario Textual\" \/>\n<meta property=\"article:publisher\" content=\"https:\/\/www.facebook.com\/eltextual\" \/>\n<meta property=\"article:published_time\" content=\"2018-08-10T22:11:05+00:00\" \/>\n<meta property=\"article:modified_time\" content=\"2018-08-11T13:25:02+00:00\" \/>\n<meta property=\"og:image\" content=\"https:\/\/diariotextual.com\/inicio\/wp-content\/uploads\/2018\/08\/vernaexpotecnopico2018-2.jpg\" \/>\n\t<meta property=\"og:image:width\" content=\"1280\" \/>\n\t<meta property=\"og:image:height\" content=\"874\" \/>\n\t<meta property=\"og:image:type\" content=\"image\/jpeg\" \/>\n<meta name=\"author\" content=\"Diario1 Diario1\" \/>\n<meta name=\"twitter:card\" content=\"summary_large_image\" \/>\n<meta name=\"twitter:creator\" content=\"@eltextual\" \/>\n<meta name=\"twitter:site\" content=\"@eltextual\" \/>\n<meta name=\"twitter:label1\" content=\"Escrito por\" \/>\n\t<meta name=\"twitter:data1\" content=\"Diario1 Diario1\" \/>\n\t<meta name=\"twitter:label2\" content=\"Tiempo de lectura\" \/>\n\t<meta name=\"twitter:data2\" content=\"2 minutos\" \/>\n<script type=\"application\/ld+json\" class=\"yoast-schema-graph\">{\"@context\":\"https:\\\/\\\/schema.org\",\"@graph\":[{\"@type\":\"Article\",\"@id\":\"https:\\\/\\\/diariotextual.com\\\/inicio\\\/index.php\\\/2018\\\/08\\\/10\\\/verna-la-expo-tecno-queremos-afirmar-la-identidad-pico-polo-tecnologico\\\/#article\",\"isPartOf\":{\"@id\":\"https:\\\/\\\/diariotextual.com\\\/inicio\\\/index.php\\\/2018\\\/08\\\/10\\\/verna-la-expo-tecno-queremos-afirmar-la-identidad-pico-polo-tecnologico\\\/\"},\"author\":{\"name\":\"Diario1 Diario1\",\"@id\":\"https:\\\/\\\/diariotextual.com\\\/inicio\\\/#\\\/schema\\\/person\\\/418fc4093c33e86ed41562db3508f958\"},\"headline\":\"Verna y la Expo Tecno: \u00abQueremos afirmar la identidad de Pico como polo tecnol\u00f3gico\u00bb\",\"datePublished\":\"2018-08-10T22:11:05+00:00\",\"dateModified\":\"2018-08-11T13:25:02+00:00\",\"mainEntityOfPage\":{\"@id\":\"https:\\\/\\\/diariotextual.com\\\/inicio\\\/index.php\\\/2018\\\/08\\\/10\\\/verna-la-expo-tecno-queremos-afirmar-la-identidad-pico-polo-tecnologico\\\/\"},\"wordCount\":415,\"publisher\":{\"@id\":\"https:\\\/\\\/diariotextual.com\\\/inicio\\\/#organization\"},\"image\":{\"@id\":\"https:\\\/\\\/diariotextual.com\\\/inicio\\\/index.php\\\/2018\\\/08\\\/10\\\/verna-la-expo-tecno-queremos-afirmar-la-identidad-pico-polo-tecnologico\\\/#primaryimage\"},\"thumbnailUrl\":\"https:\\\/\\\/diariotextual.com\\\/inicio\\\/wp-content\\\/uploads\\\/2018\\\/08\\\/vernaexpotecnopico2018-2.jpg\",\"keywords\":[\"expo tecno\",\"pico\",\"verna\"],\"articleSection\":[\"A - ES NOTICIA (van abajo)\",\"A - TEMPORALES\",\"TECNO\"],\"inLanguage\":\"es\"},{\"@type\":\"WebPage\",\"@id\":\"https:\\\/\\\/diariotextual.com\\\/inicio\\\/index.php\\\/2018\\\/08\\\/10\\\/verna-la-expo-tecno-queremos-afirmar-la-identidad-pico-polo-tecnologico\\\/\",\"url\":\"https:\\\/\\\/diariotextual.com\\\/inicio\\\/index.php\\\/2018\\\/08\\\/10\\\/verna-la-expo-tecno-queremos-afirmar-la-identidad-pico-polo-tecnologico\\\/\",\"name\":\"Verna y la Expo Tecno: \\\"Queremos afirmar la identidad de Pico como polo tecnol\u00f3gico\\\" - Diario Textual\",\"isPartOf\":{\"@id\":\"https:\\\/\\\/diariotextual.com\\\/inicio\\\/#website\"},\"primaryImageOfPage\":{\"@id\":\"https:\\\/\\\/diariotextual.com\\\/inicio\\\/index.php\\\/2018\\\/08\\\/10\\\/verna-la-expo-tecno-queremos-afirmar-la-identidad-pico-polo-tecnologico\\\/#primaryimage\"},\"image\":{\"@id\":\"https:\\\/\\\/diariotextual.com\\\/inicio\\\/index.php\\\/2018\\\/08\\\/10\\\/verna-la-expo-tecno-queremos-afirmar-la-identidad-pico-polo-tecnologico\\\/#primaryimage\"},\"thumbnailUrl\":\"https:\\\/\\\/diariotextual.com\\\/inicio\\\/wp-content\\\/uploads\\\/2018\\\/08\\\/vernaexpotecnopico2018-2.jpg\",\"datePublished\":\"2018-08-10T22:11:05+00:00\",\"dateModified\":\"2018-08-11T13:25:02+00:00\",\"breadcrumb\":{\"@id\":\"https:\\\/\\\/diariotextual.com\\\/inicio\\\/index.php\\\/2018\\\/08\\\/10\\\/verna-la-expo-tecno-queremos-afirmar-la-identidad-pico-polo-tecnologico\\\/#breadcrumb\"},\"inLanguage\":\"es\",\"potentialAction\":[{\"@type\":\"ReadAction\",\"target\":[\"https:\\\/\\\/diariotextual.com\\\/inicio\\\/index.php\\\/2018\\\/08\\\/10\\\/verna-la-expo-tecno-queremos-afirmar-la-identidad-pico-polo-tecnologico\\\/\"]}]},{\"@type\":\"ImageObject\",\"inLanguage\":\"es\",\"@id\":\"https:\\\/\\\/diariotextual.com\\\/inicio\\\/index.php\\\/2018\\\/08\\\/10\\\/verna-la-expo-tecno-queremos-afirmar-la-identidad-pico-polo-tecnologico\\\/#primaryimage\",\"url\":\"https:\\\/\\\/diariotextual.com\\\/inicio\\\/wp-content\\\/uploads\\\/2018\\\/08\\\/vernaexpotecnopico2018-2.jpg\",\"contentUrl\":\"https:\\\/\\\/diariotextual.com\\\/inicio\\\/wp-content\\\/uploads\\\/2018\\\/08\\\/vernaexpotecnopico2018-2.jpg\",\"width\":1280,\"height\":874},{\"@type\":\"BreadcrumbList\",\"@id\":\"https:\\\/\\\/diariotextual.com\\\/inicio\\\/index.php\\\/2018\\\/08\\\/10\\\/verna-la-expo-tecno-queremos-afirmar-la-identidad-pico-polo-tecnologico\\\/#breadcrumb\",\"itemListElement\":[{\"@type\":\"ListItem\",\"position\":1,\"name\":\"Portada\",\"item\":\"https:\\\/\\\/diariotextual.com\\\/inicio\\\/\"},{\"@type\":\"ListItem\",\"position\":2,\"name\":\"Verna y la Expo Tecno: \u00abQueremos afirmar la identidad de Pico como polo tecnol\u00f3gico\u00bb\"}]},{\"@type\":\"WebSite\",\"@id\":\"https:\\\/\\\/diariotextual.com\\\/inicio\\\/#website\",\"url\":\"https:\\\/\\\/diariotextual.com\\\/inicio\\\/\",\"name\":\"Diario Textual\",\"description\":\"\",\"publisher\":{\"@id\":\"https:\\\/\\\/diariotextual.com\\\/inicio\\\/#organization\"},\"potentialAction\":[{\"@type\":\"SearchAction\",\"target\":{\"@type\":\"EntryPoint\",\"urlTemplate\":\"https:\\\/\\\/diariotextual.com\\\/inicio\\\/?s={search_term_string}\"},\"query-input\":{\"@type\":\"PropertyValueSpecification\",\"valueRequired\":true,\"valueName\":\"search_term_string\"}}],\"inLanguage\":\"es\"},{\"@type\":\"Organization\",\"@id\":\"https:\\\/\\\/diariotextual.com\\\/inicio\\\/#organization\",\"name\":\"Diario Textual\",\"url\":\"https:\\\/\\\/diariotextual.com\\\/inicio\\\/\",\"logo\":{\"@type\":\"ImageObject\",\"inLanguage\":\"es\",\"@id\":\"https:\\\/\\\/diariotextual.com\\\/inicio\\\/#\\\/schema\\\/logo\\\/image\\\/\",\"url\":\"https:\\\/\\\/diariotextual.com\\\/inicio\\\/wp-content\\\/uploads\\\/2023\\\/05\\\/logotextual1.jpg\",\"contentUrl\":\"https:\\\/\\\/diariotextual.com\\\/inicio\\\/wp-content\\\/uploads\\\/2023\\\/05\\\/logotextual1.jpg\",\"width\":516,\"height\":76,\"caption\":\"Diario Textual\"},\"image\":{\"@id\":\"https:\\\/\\\/diariotextual.com\\\/inicio\\\/#\\\/schema\\\/logo\\\/image\\\/\"},\"sameAs\":[\"https:\\\/\\\/www.facebook.com\\\/eltextual\",\"https:\\\/\\\/x.com\\\/eltextual\",\"http:\\\/\\\/www.instagram.com\\\/eltextual\"]},{\"@type\":\"Person\",\"@id\":\"https:\\\/\\\/diariotextual.com\\\/inicio\\\/#\\\/schema\\\/person\\\/418fc4093c33e86ed41562db3508f958\",\"name\":\"Diario1 Diario1\",\"image\":{\"@type\":\"ImageObject\",\"inLanguage\":\"es\",\"@id\":\"https:\\\/\\\/secure.gravatar.com\\\/avatar\\\/9167d280179c85bc18be67aa7eda765854300033af4896dd779b608640f2ef7a?s=96&d=mm&r=g\",\"url\":\"https:\\\/\\\/secure.gravatar.com\\\/avatar\\\/9167d280179c85bc18be67aa7eda765854300033af4896dd779b608640f2ef7a?s=96&d=mm&r=g\",\"contentUrl\":\"https:\\\/\\\/secure.gravatar.com\\\/avatar\\\/9167d280179c85bc18be67aa7eda765854300033af4896dd779b608640f2ef7a?s=96&d=mm&r=g\",\"caption\":\"Diario1 Diario1\"},\"url\":\"https:\\\/\\\/diariotextual.com\\\/inicio\\\/index.php\\\/author\\\/diario1\\\/\"}]}<\/script>\n<!-- \/ Yoast SEO plugin. -->","yoast_head_json":{"title":"Verna y la Expo Tecno: \"Queremos afirmar la identidad de Pico como polo tecnol\u00f3gico\" - Diario Textual","robots":{"index":"index","follow":"follow","max-snippet":"max-snippet:-1","max-image-preview":"max-image-preview:large","max-video-preview":"max-video-preview:-1"},"canonical":"https:\/\/diariotextual.com\/inicio\/index.php\/2018\/08\/10\/verna-la-expo-tecno-queremos-afirmar-la-identidad-pico-polo-tecnologico\/","og_locale":"es_ES","og_type":"article","og_title":"Verna y la Expo Tecno: \"Queremos afirmar la identidad de Pico como polo tecnol\u00f3gico\" - Diario Textual","og_description":"\u201cQueremos que General Pico afirme su identidad como polo de desarrollo tecnol\u00f3gico para dar soluciones innovadoras a todos los procesos productivos y de gesti\u00f3n, tanto en la industria como en&hellip;","og_url":"https:\/\/diariotextual.com\/inicio\/index.php\/2018\/08\/10\/verna-la-expo-tecno-queremos-afirmar-la-identidad-pico-polo-tecnologico\/","og_site_name":"Diario Textual","article_publisher":"https:\/\/www.facebook.com\/eltextual","article_published_time":"2018-08-10T22:11:05+00:00","article_modified_time":"2018-08-11T13:25:02+00:00","og_image":[{"width":1280,"height":874,"url":"https:\/\/diariotextual.com\/inicio\/wp-content\/uploads\/2018\/08\/vernaexpotecnopico2018-2.jpg","type":"image\/jpeg"}],"author":"Diario1 Diario1","twitter_card":"summary_large_image","twitter_creator":"@eltextual","twitter_site":"@eltextual","twitter_misc":{"Escrito por":"Diario1 Diario1","Tiempo de lectura":"2 minutos"},"schema":{"@context":"https:\/\/schema.org","@graph":[{"@type":"Article","@id":"https:\/\/diariotextual.com\/inicio\/index.php\/2018\/08\/10\/verna-la-expo-tecno-queremos-afirmar-la-identidad-pico-polo-tecnologico\/#article","isPartOf":{"@id":"https:\/\/diariotextual.com\/inicio\/index.php\/2018\/08\/10\/verna-la-expo-tecno-queremos-afirmar-la-identidad-pico-polo-tecnologico\/"},"author":{"name":"Diario1 Diario1","@id":"https:\/\/diariotextual.com\/inicio\/#\/schema\/person\/418fc4093c33e86ed41562db3508f958"},"headline":"Verna y la Expo Tecno: \u00abQueremos afirmar la identidad de Pico como polo tecnol\u00f3gico\u00bb","datePublished":"2018-08-10T22:11:05+00:00","dateModified":"2018-08-11T13:25:02+00:00","mainEntityOfPage":{"@id":"https:\/\/diariotextual.com\/inicio\/index.php\/2018\/08\/10\/verna-la-expo-tecno-queremos-afirmar-la-identidad-pico-polo-tecnologico\/"},"wordCount":415,"publisher":{"@id":"https:\/\/diariotextual.com\/inicio\/#organization"},"image":{"@id":"https:\/\/diariotextual.com\/inicio\/index.php\/2018\/08\/10\/verna-la-expo-tecno-queremos-afirmar-la-identidad-pico-polo-tecnologico\/#primaryimage"},"thumbnailUrl":"https:\/\/diariotextual.com\/inicio\/wp-content\/uploads\/2018\/08\/vernaexpotecnopico2018-2.jpg","keywords":["expo tecno","pico","verna"],"articleSection":["A - ES NOTICIA (van abajo)","A - TEMPORALES","TECNO"],"inLanguage":"es"},{"@type":"WebPage","@id":"https:\/\/diariotextual.com\/inicio\/index.php\/2018\/08\/10\/verna-la-expo-tecno-queremos-afirmar-la-identidad-pico-polo-tecnologico\/","url":"https:\/\/diariotextual.com\/inicio\/index.php\/2018\/08\/10\/verna-la-expo-tecno-queremos-afirmar-la-identidad-pico-polo-tecnologico\/","name":"Verna y la Expo Tecno: \"Queremos afirmar la identidad de Pico como polo tecnol\u00f3gico\" - Diario Textual","isPartOf":{"@id":"https:\/\/diariotextual.com\/inicio\/#website"},"primaryImageOfPage":{"@id":"https:\/\/diariotextual.com\/inicio\/index.php\/2018\/08\/10\/verna-la-expo-tecno-queremos-afirmar-la-identidad-pico-polo-tecnologico\/#primaryimage"},"image":{"@id":"https:\/\/diariotextual.com\/inicio\/index.php\/2018\/08\/10\/verna-la-expo-tecno-queremos-afirmar-la-identidad-pico-polo-tecnologico\/#primaryimage"},"thumbnailUrl":"https:\/\/diariotextual.com\/inicio\/wp-content\/uploads\/2018\/08\/vernaexpotecnopico2018-2.jpg","datePublished":"2018-08-10T22:11:05+00:00","dateModified":"2018-08-11T13:25:02+00:00","breadcrumb":{"@id":"https:\/\/diariotextual.com\/inicio\/index.php\/2018\/08\/10\/verna-la-expo-tecno-queremos-afirmar-la-identidad-pico-polo-tecnologico\/#breadcrumb"},"inLanguage":"es","potentialAction":[{"@type":"ReadAction","target":["https:\/\/diariotextual.com\/inicio\/index.php\/2018\/08\/10\/verna-la-expo-tecno-queremos-afirmar-la-identidad-pico-polo-tecnologico\/"]}]},{"@type":"ImageObject","inLanguage":"es","@id":"https:\/\/diariotextual.com\/inicio\/index.php\/2018\/08\/10\/verna-la-expo-tecno-queremos-afirmar-la-identidad-pico-polo-tecnologico\/#primaryimage","url":"https:\/\/diariotextual.com\/inicio\/wp-content\/uploads\/2018\/08\/vernaexpotecnopico2018-2.jpg","contentUrl":"https:\/\/diariotextual.com\/inicio\/wp-content\/uploads\/2018\/08\/vernaexpotecnopico2018-2.jpg","width":1280,"height":874},{"@type":"BreadcrumbList","@id":"https:\/\/diariotextual.com\/inicio\/index.php\/2018\/08\/10\/verna-la-expo-tecno-queremos-afirmar-la-identidad-pico-polo-tecnologico\/#breadcrumb","itemListElement":[{"@type":"ListItem","position":1,"name":"Portada","item":"https:\/\/diariotextual.com\/inicio\/"},{"@type":"ListItem","position":2,"name":"Verna y la Expo Tecno: \u00abQueremos afirmar la identidad de Pico como polo tecnol\u00f3gico\u00bb"}]},{"@type":"WebSite","@id":"https:\/\/diariotextual.com\/inicio\/#website","url":"https:\/\/diariotextual.com\/inicio\/","name":"Diario Textual","description":"","publisher":{"@id":"https:\/\/diariotextual.com\/inicio\/#organization"},"potentialAction":[{"@type":"SearchAction","target":{"@type":"EntryPoint","urlTemplate":"https:\/\/diariotextual.com\/inicio\/?s={search_term_string}"},"query-input":{"@type":"PropertyValueSpecification","valueRequired":true,"valueName":"search_term_string"}}],"inLanguage":"es"},{"@type":"Organization","@id":"https:\/\/diariotextual.com\/inicio\/#organization","name":"Diario Textual","url":"https:\/\/diariotextual.com\/inicio\/","logo":{"@type":"ImageObject","inLanguage":"es","@id":"https:\/\/diariotextual.com\/inicio\/#\/schema\/logo\/image\/","url":"https:\/\/diariotextual.com\/inicio\/wp-content\/uploads\/2023\/05\/logotextual1.jpg","contentUrl":"https:\/\/diariotextual.com\/inicio\/wp-content\/uploads\/2023\/05\/logotextual1.jpg","width":516,"height":76,"caption":"Diario Textual"},"image":{"@id":"https:\/\/diariotextual.com\/inicio\/#\/schema\/logo\/image\/"},"sameAs":["https:\/\/www.facebook.com\/eltextual","https:\/\/x.com\/eltextual","http:\/\/www.instagram.com\/eltextual"]},{"@type":"Person","@id":"https:\/\/diariotextual.com\/inicio\/#\/schema\/person\/418fc4093c33e86ed41562db3508f958","name":"Diario1 Diario1","image":{"@type":"ImageObject","inLanguage":"es","@id":"https:\/\/secure.gravatar.com\/avatar\/9167d280179c85bc18be67aa7eda765854300033af4896dd779b608640f2ef7a?s=96&d=mm&r=g","url":"https:\/\/secure.gravatar.com\/avatar\/9167d280179c85bc18be67aa7eda765854300033af4896dd779b608640f2ef7a?s=96&d=mm&r=g","contentUrl":"https:\/\/secure.gravatar.com\/avatar\/9167d280179c85bc18be67aa7eda765854300033af4896dd779b608640f2ef7a?s=96&d=mm&r=g","caption":"Diario1 Diario1"},"url":"https:\/\/diariotextual.com\/inicio\/index.php\/author\/diario1\/"}]}},"_links":{"self":[{"href":"https:\/\/diariotextual.com\/inicio\/index.php\/wp-json\/wp\/v2\/posts\/16583","targetHints":{"allow":["GET"]}}],"collection":[{"href":"https:\/\/diariotextual.com\/inicio\/index.php\/wp-json\/wp\/v2\/posts"}],"about":[{"href":"https:\/\/diariotextual.com\/inicio\/index.php\/wp-json\/wp\/v2\/types\/post"}],"author":[{"embeddable":true,"href":"https:\/\/diariotextual.com\/inicio\/index.php\/wp-json\/wp\/v2\/users\/3"}],"replies":[{"embeddable":true,"href":"https:\/\/diariotextual.com\/inicio\/index.php\/wp-json\/wp\/v2\/comments?post=16583"}],"version-history":[{"count":2,"href":"https:\/\/diariotextual.com\/inicio\/index.php\/wp-json\/wp\/v2\/posts\/16583\/revisions"}],"predecessor-version":[{"id":16587,"href":"https:\/\/diariotextual.com\/inicio\/index.php\/wp-json\/wp\/v2\/posts\/16583\/revisions\/16587"}],"wp:featuredmedia":[{"embeddable":true,"href":"https:\/\/diariotextual.com\/inicio\/index.php\/wp-json\/wp\/v2\/media\/16585"}],"wp:attachment":[{"href":"https:\/\/diariotextual.com\/inicio\/index.php\/wp-json\/wp\/v2\/media?parent=16583"}],"wp:term":[{"taxonomy":"category","embeddable":true,"href":"https:\/\/diariotextual.com\/inicio\/index.php\/wp-json\/wp\/v2\/categories?post=16583"},{"taxonomy":"post_tag","embeddable":true,"href":"https:\/\/diariotextual.com\/inicio\/index.php\/wp-json\/wp\/v2\/tags?post=16583"}],"curies":[{"name":"wp","href":"https:\/\/api.w.org\/{rel}","templated":true}]}}