{"id":165842,"date":"2021-10-20T12:45:01","date_gmt":"2021-10-20T15:45:01","guid":{"rendered":"https:\/\/diariotextual.com\/inicio\/?p=165842"},"modified":"2021-10-20T16:34:09","modified_gmt":"2021-10-20T19:34:09","slug":"laureano-gonzalez-condenado-a-30-anos-por-intentar-matar-a-nadia-pidio-la-revision-de-la-sentencia","status":"publish","type":"post","link":"https:\/\/diariotextual.com\/inicio\/index.php\/2021\/10\/20\/laureano-gonzalez-condenado-a-30-anos-por-intentar-matar-a-nadia-pidio-la-revision-de-la-sentencia\/","title":{"rendered":"Laureano Gonz\u00e1lez, condenado a 30 a\u00f1os por intentar matar a Nadia, pidi\u00f3 la revisi\u00f3n de la sentencia"},"content":{"rendered":"\n<p>Hoy se desarroll\u00f3, en el Tribunal de Impugnaci\u00f3n Penal (TIP), la audiencia de debate en el marco del recurso de impugnaci\u00f3n presentado por la defensa de<strong> Laureano Gonz\u00e1lez<\/strong>, condenado a 30 a\u00f1os de prisi\u00f3n por el intento de femicidio de su entonces pareja,<strong> Nadia Soledad Lucero<\/strong>, entre otros delitos. Lo propio ocurri\u00f3 con los recursos interpuestos por los defensores de dos de los otros tres condenados, Claudio Ezequiel Reyna y Daiana Manuela Escudero, que recibieron dos a\u00f1os de prisi\u00f3n \u2013el primero de cumplimiento efectivo y la segunda en suspenso\u2013 por \u00a0encubrimiento agravado, por ser el hecho precedente un delito especialmente grave. La \u00fanica pena que qued\u00f3 firme porque no fue recurrida fue la dictada contra Franco Luciano Devia, a dos a\u00f1os de prisi\u00f3n de ejecuci\u00f3n condicional por encubrimiento.<\/p>\n\n\n\n<p><strong>Ahora, los jueces que integran la Sala A, Pablo Balaguer y Mauricio Piombi , que presidieron la audiencia, acompa\u00f1ados por la secretaria Mar\u00eda Elena Gr\u00e9goire y personal de la Oficina Judicial, deber\u00e1n resolver -en fecha a confirmar-\u00a0si ratifican\u00a0o revocan la sentencia que la Audiencia de Juicio de Santa Rosa dict\u00f3 el 27 de agosto.<\/strong><\/p>\n\n\n\n<figure class=\"wp-block-image size-large\"><img fetchpriority=\"high\" decoding=\"async\" width=\"928\" height=\"594\" src=\"https:\/\/diariotextual.com\/inicio\/wp-content\/uploads\/2020\/02\/gonzalezlaureano82.jpg\" alt=\"\" class=\"wp-image-78376\" srcset=\"https:\/\/diariotextual.com\/inicio\/wp-content\/uploads\/2020\/02\/gonzalezlaureano82.jpg 928w, https:\/\/diariotextual.com\/inicio\/wp-content\/uploads\/2020\/02\/gonzalezlaureano82-300x192.jpg 300w, https:\/\/diariotextual.com\/inicio\/wp-content\/uploads\/2020\/02\/gonzalezlaureano82-768x492.jpg 768w, https:\/\/diariotextual.com\/inicio\/wp-content\/uploads\/2020\/02\/gonzalezlaureano82-585x374.jpg 585w\" sizes=\"(max-width: 928px) 100vw, 928px\" \/><\/figure>\n\n\n\n<p>Ese tribunal, con las pruebas reunidas en el juicio oral, <strong>dio por acreditado que el actualmente detenido Gonz\u00e1lez \u00abintent\u00f3 extinguir la vida (de la v\u00edctima), infligi\u00e9ndole golpes en todo el cuerpo, que le provocaron hematomas m\u00faltiples y heridas punzantes y punzo cortantes\u00bb.<\/strong> Los hechos ocurrieron entre las primeras y las \u00faltimas horas del 15 de diciembre de 2019, cuando el acusado dej\u00f3 abandonado a Lucero en la guardia del hospital Lucio Molas.<\/p>\n\n\n\n<p>\u00abEl ataque f\u00edsico infligido por Gonz\u00e1lez a su pareja \u2013con la intenci\u00f3n certera y dolosa de provocar su muerte\u2013 fue ejecutado de modo tal de asegurar el resultado, sin riesgo para el autor\u00bb, agreg\u00f3 la Audiencia. Adem\u00e1s, durante ese d\u00eda, abus\u00f3 de ella.<\/p>\n\n\n\n<p>Por eso Gonz\u00e1lez fue condenado como autor de homicidio triplemente calificado \u2013por la relaci\u00f3n de pareja, por alevos\u00eda y por haber sido perpetrado por un hombre en contra de una mujer mediando violencia de g\u00e9nero\u2013, en grado de tentativa; abuso sexual mediando violencia y aprovech\u00e1ndose de que la v\u00edctima no pudo consentir libremente la acci\u00f3n, agravado por haber existido acceso carnal; y tenencia de arma de fuego de uso civil, sin la debida autorizaci\u00f3n legal, concurso todos los delitos entre s\u00ed en forma real. Los hechos fueron valorados en el marco de la ley\u00a0 26.485 de Protecci\u00f3n Integral contras las Mujeres.<\/p>\n\n\n\n<div style=\"height:100px\" aria-hidden=\"true\" class=\"wp-block-spacer\"><\/div>\n\n\n\n<p><strong>Defensa<\/strong><\/p>\n\n\n\n<p>El defensor particular de Gonz\u00e1lez, Jos\u00e9 Ram\u00f3n Rodr\u00edguez,<strong> impugn\u00f3 el fallo con el argumento de que el acusado no intent\u00f3 matar a Lucero, sino que, por el contrario, la v\u00edctima sobrevivi\u00f3 por la actitud de llevarla a un centro asistencial. <\/strong>Incluso subray\u00f3 que a\u00fan bajo los efectos de estupefacientes, su conducta fue la de intentar salvarle la vida. Por eso plante\u00f3 que eventualmente podr\u00edan condenarlo por lesiones graves y no por el femicidio. \u00a0\u00abNo existi\u00f3 abandono del cuerpo, de hecho fue absuelto por ese delito (abandono de persona)\u00bb, remarc\u00f3.<\/p>\n\n\n\n<p>Subsidiariamente solicit\u00f3 que si el TIP desestimara esa postura, se incluya en la calificaci\u00f3n legal uno y no los dos agravantes (relaci\u00f3n de pareja, pero no femicidio), porque eventualmente fue \u00abun suceso aislado\u00bb y \u00abno estuvo motivado por el g\u00e9nero femenino (de la v\u00edctima) ni por desigualdad de poder\u00bb.<\/p>\n\n\n\n<p>Rodr\u00edguez destac\u00f3 que \u00abno todo homicidio de una mujer es un femicidio\u00bb y pidi\u00f3 que Gonz\u00e1lez sea absuelto ya que no exhibi\u00f3 \u00abun dolo homicida\u00bb, o por lo menos que reciba la pena m\u00ednima por las lesiones graves.<\/p>\n\n\n\n<p>Con respecto al abuso, Rodr\u00edguez afirm\u00f3 que se trata de un delito de instancia privada, que no corresponde actuar de oficio, que la damnificada no present\u00f3 ninguna denuncia, que Lucero tampoco concurri\u00f3 al juicio para hacerlo y que en el expediente no se constaron \u00ablesiones &nbsp;genitales de abuso sexual\u00bb. Por ello tambi\u00e9n requiri\u00f3 la absoluci\u00f3n de su defendido por no haberse acreditado el hecho o por el beneficio de la duda.<\/p>\n\n\n\n<p>La defensa agreg\u00f3, adem\u00e1s, que ambos hechos deben concursar en forma ideal y no real; es decir como un hecho \u00fanico y no como sucesos independientes entre s\u00ed.<\/p>\n\n\n\n<p>Sobre al tercer delito, Rodr\u00edguez consider\u00f3 que Gonz\u00e1lez tambi\u00e9n deber\u00eda ser absuelto porque fue formalizado por un delito (portaci\u00f3n de armas) y condenado por otro (tenencia); por lo que habl\u00f3 de \u00abinexistencia de acusaci\u00f3n\u00bb en el momento oportuno del proceso.<\/p>\n\n\n\n<p>Por \u00faltimo, el defensor \u2013en su exposici\u00f3n\u2013 calific\u00f3 como \u00abexcesiva e inconstitucional\u00bb la pena de 30 a\u00f1os de prisi\u00f3n, dijo que no se valor\u00f3 como atenuante la actitud de Gonz\u00e1lez de llevar a su expareja al Molas y sostuvo que hay antecedentes provinciales de que, en casos similares, los imputadores fueron condenados a 12 a\u00f1os de prisi\u00f3n.<\/p>\n\n\n\n<div style=\"height:100px\" aria-hidden=\"true\" class=\"wp-block-spacer\"><\/div>\n\n\n\n<p><strong>Exculpaciones<\/strong><\/p>\n\n\n\n<p>Por otra parte, la Audiencia tambi\u00e9n dio por probado que la pareja formada por Reyna y Escudero \u00abayud\u00f3 a mantener oculto\u00bb a Gonz\u00e1lez en su domicilio, mientras la justicia ya hab\u00eda librado una orden de detenci\u00f3n en su contra. Y acot\u00f3 que \u00abtaparon con lonas\u00bb el veh\u00edculo Volkswagen Bora del imputado para que no pudiera ser visto desde el exterior. Lo mismo dijeron los jueces de audiencia acerca de Devia, ya que traslad\u00f3 hasta all\u00ed a Gonz\u00e1lez y le entreg\u00f3 un celular y un chip.<\/p>\n\n\n\n<p>La defensora oficial de Reyna, Mar\u00eda Silvina Blanco G\u00f3mez, asegur\u00f3 que el Tribunal de Juicio omiti\u00f3 valorar \u00edntegramente la prueba, pidi\u00f3 que se la reexamine ampliamente y sostuvo la necesidad de exculpar al acusado en base al art\u00edculo 34, inciso 2\u00b0, del C\u00f3digo Penal, que declara que una persona no puede ser punible cuando actuase \u00abviolentado por fuerza f\u00edsica irresistible o amenazas de sufrir un mal grave e inminente\u00bb.<\/p>\n\n\n\n<p>Adujo que Gonz\u00e1lez estaba \u00abbajo un estado de intoxicaci\u00f3n, con un arma de fuego y exaltado\u00bb y que, en ese contexto, amenaz\u00f3 a Reyna con hacerle algo a su hija de dos a\u00f1os si llamaba a la polic\u00eda. Por eso asegur\u00f3 que los hechos que dieron lugar a la condena del imputado no fueron consecuencia de un actuar libre y voluntariamente, sino del temor a sufrir ese mal grave e inminente. \u00abAll\u00ed estuvo dada la situaci\u00f3n de peligro y, por eso, no pudo obrar de otra manera que recibirlo en su casa contra su voluntad\u00bb, concluy\u00f3 Blanco G\u00f3mez.<\/p>\n\n\n\n<p>El defensor oficial Juan Jos\u00e9 Herm\u00faa, en representaci\u00f3n de Escudero, bas\u00f3 su impugnaci\u00f3n tambi\u00e9n en ese argumento y dijo que durante el proceso no se reunieron pruebas suficientes para demostrar el encubrimiento de la mujer.&nbsp;<\/p>\n\n\n\n<p>\u00abHubo situaciones que los sentenciantes no merituaron de manera correcta. \u00bfSe le puede pedir a la madre de una hija de dos a\u00f1os, que llame a la polic\u00eda para avisar que en su casa estaba una persona con pedido de captura, cuando esa persona ten\u00eda un arma, amenazaba con hacerle algo a la ni\u00f1a y durante las 20 horas que permaneci\u00f3 all\u00ed hab\u00eda consumido estupefacientes?\u00bb, se pregunt\u00f3 Herm\u00faa. Por ello, refiri\u00e9ndose al art\u00edculo 34, inciso 2, calific\u00f3 a esas circunstancias como \u00abun claro estado de necesidad exculpante\u00bb a favor de Escudero.<\/p>\n\n\n\n<p>Los \u00faltimos oradores fueron el fiscal Walter Martos y la defensora oficial Ana Carolina D\u00edaz \u2013en representaci\u00f3n del querellante particular Jorge Lucero, el padre de Nadia, que estuvo presente\u2013, quienes al responder a los recursos de impugnaci\u00f3n de las defensas, ratificaron su convencimiento de que el TIP debe confirmar el fallo condenatorio en todos sus t\u00e9rminos. Por esa raz\u00f3n, indicaron, fue que no recurrieron la sentencia.<\/p>\n\n\n\n<p>Finalmente, Balaguer procedi\u00f3 a realizar las audiencias de visu a los tres imputados. As\u00ed fue que Gonz\u00e1lez, Reyna y Escudero respondieron preguntas sobre cuestiones personales. El \u00fanico que pidi\u00f3 formular una reflexi\u00f3n fue Reyna, quien tras detallar que permaneci\u00f3 un a\u00f1o y nueve meses detenido en la Brigada de Investigaciones y que cobra por d\u00eda por tareas de jardiner\u00eda, explic\u00f3 que \u00abten\u00eda una casa y me la sacaron. Hoy no tengo d\u00f3nde vivir, no tengo d\u00f3nde ir ni para alquiler\u00bb. Por eso, junto a Escudero, vive en lo de su suegra con varios familiares m\u00e1s.<\/p>\n\n\n\n<p><\/p>\n\n\n\n<p><\/p>\n\n\n\n<p>\u200b&nbsp;<\/p>\n","protected":false},"excerpt":{"rendered":"<p>Hoy se desarroll\u00f3, en el Tribunal de Impugnaci\u00f3n Penal (TIP), la audiencia de debate en el marco del recurso de impugnaci\u00f3n presentado por la defensa de Laureano Gonz\u00e1lez, condenado a&hellip;<\/p>\n","protected":false},"author":3,"featured_media":165844,"comment_status":"closed","ping_status":"open","sticky":false,"template":"","format":"standard","meta":{"_acf_changed":false,"footnotes":""},"categories":[10,12],"tags":[2520,2514],"class_list":["post-165842","post","type-post","status-publish","format-standard","has-post-thumbnail","hentry","category-portada-2","category-sociedad","tag-lucero","tag-nadia"],"acf":[],"yoast_head":"<!-- This site is optimized with the Yoast SEO plugin v27.5 - https:\/\/yoast.com\/product\/yoast-seo-wordpress\/ -->\n<title>Laureano Gonz\u00e1lez, condenado a 30 a\u00f1os por intentar matar a Nadia, pidi\u00f3 la revisi\u00f3n de la sentencia - Diario Textual<\/title>\n<meta name=\"robots\" content=\"index, follow, max-snippet:-1, max-image-preview:large, max-video-preview:-1\" \/>\n<link rel=\"canonical\" href=\"https:\/\/diariotextual.com\/inicio\/index.php\/2021\/10\/20\/laureano-gonzalez-condenado-a-30-anos-por-intentar-matar-a-nadia-pidio-la-revision-de-la-sentencia\/\" \/>\n<meta property=\"og:locale\" content=\"es_ES\" \/>\n<meta property=\"og:type\" content=\"article\" \/>\n<meta property=\"og:title\" content=\"Laureano Gonz\u00e1lez, condenado a 30 a\u00f1os por intentar matar a Nadia, pidi\u00f3 la revisi\u00f3n de la sentencia - Diario Textual\" \/>\n<meta property=\"og:description\" content=\"Hoy se desarroll\u00f3, en el Tribunal de Impugnaci\u00f3n Penal (TIP), la audiencia de debate en el marco del recurso de impugnaci\u00f3n presentado por la defensa de Laureano Gonz\u00e1lez, condenado a&hellip;\" \/>\n<meta property=\"og:url\" content=\"https:\/\/diariotextual.com\/inicio\/index.php\/2021\/10\/20\/laureano-gonzalez-condenado-a-30-anos-por-intentar-matar-a-nadia-pidio-la-revision-de-la-sentencia\/\" \/>\n<meta property=\"og:site_name\" content=\"Diario Textual\" \/>\n<meta property=\"article:publisher\" content=\"https:\/\/www.facebook.com\/eltextual\" \/>\n<meta property=\"article:published_time\" content=\"2021-10-20T15:45:01+00:00\" \/>\n<meta property=\"article:modified_time\" content=\"2021-10-20T19:34:09+00:00\" \/>\n<meta property=\"og:image\" content=\"https:\/\/diariotextual.com\/inicio\/wp-content\/uploads\/2021\/10\/luceronadiacasotiplaureanogonzalez2021-1-scaled.jpg\" \/>\n\t<meta property=\"og:image:width\" content=\"2560\" \/>\n\t<meta property=\"og:image:height\" content=\"1635\" \/>\n\t<meta property=\"og:image:type\" content=\"image\/jpeg\" \/>\n<meta name=\"author\" content=\"Diario1 Diario1\" \/>\n<meta name=\"twitter:card\" content=\"summary_large_image\" \/>\n<meta name=\"twitter:creator\" content=\"@eltextual\" \/>\n<meta name=\"twitter:site\" content=\"@eltextual\" \/>\n<meta name=\"twitter:label1\" content=\"Escrito por\" \/>\n\t<meta name=\"twitter:data1\" content=\"Diario1 Diario1\" \/>\n\t<meta name=\"twitter:label2\" content=\"Tiempo de lectura\" \/>\n\t<meta name=\"twitter:data2\" content=\"6 minutos\" \/>\n<script type=\"application\/ld+json\" class=\"yoast-schema-graph\">{\"@context\":\"https:\\\/\\\/schema.org\",\"@graph\":[{\"@type\":\"Article\",\"@id\":\"https:\\\/\\\/diariotextual.com\\\/inicio\\\/index.php\\\/2021\\\/10\\\/20\\\/laureano-gonzalez-condenado-a-30-anos-por-intentar-matar-a-nadia-pidio-la-revision-de-la-sentencia\\\/#article\",\"isPartOf\":{\"@id\":\"https:\\\/\\\/diariotextual.com\\\/inicio\\\/index.php\\\/2021\\\/10\\\/20\\\/laureano-gonzalez-condenado-a-30-anos-por-intentar-matar-a-nadia-pidio-la-revision-de-la-sentencia\\\/\"},\"author\":{\"name\":\"Diario1 Diario1\",\"@id\":\"https:\\\/\\\/diariotextual.com\\\/inicio\\\/#\\\/schema\\\/person\\\/418fc4093c33e86ed41562db3508f958\"},\"headline\":\"Laureano Gonz\u00e1lez, condenado a 30 a\u00f1os por intentar matar a Nadia, pidi\u00f3 la revisi\u00f3n de la sentencia\",\"datePublished\":\"2021-10-20T15:45:01+00:00\",\"dateModified\":\"2021-10-20T19:34:09+00:00\",\"mainEntityOfPage\":{\"@id\":\"https:\\\/\\\/diariotextual.com\\\/inicio\\\/index.php\\\/2021\\\/10\\\/20\\\/laureano-gonzalez-condenado-a-30-anos-por-intentar-matar-a-nadia-pidio-la-revision-de-la-sentencia\\\/\"},\"wordCount\":1426,\"publisher\":{\"@id\":\"https:\\\/\\\/diariotextual.com\\\/inicio\\\/#organization\"},\"image\":{\"@id\":\"https:\\\/\\\/diariotextual.com\\\/inicio\\\/index.php\\\/2021\\\/10\\\/20\\\/laureano-gonzalez-condenado-a-30-anos-por-intentar-matar-a-nadia-pidio-la-revision-de-la-sentencia\\\/#primaryimage\"},\"thumbnailUrl\":\"https:\\\/\\\/diariotextual.com\\\/inicio\\\/wp-content\\\/uploads\\\/2021\\\/10\\\/luceronadiacasotiplaureanogonzalez2021-1-scaled.jpg\",\"keywords\":[\"lucero\",\"nadia\"],\"articleSection\":[\"A - PORTADA2\",\"SOCIEDAD\"],\"inLanguage\":\"es\"},{\"@type\":\"WebPage\",\"@id\":\"https:\\\/\\\/diariotextual.com\\\/inicio\\\/index.php\\\/2021\\\/10\\\/20\\\/laureano-gonzalez-condenado-a-30-anos-por-intentar-matar-a-nadia-pidio-la-revision-de-la-sentencia\\\/\",\"url\":\"https:\\\/\\\/diariotextual.com\\\/inicio\\\/index.php\\\/2021\\\/10\\\/20\\\/laureano-gonzalez-condenado-a-30-anos-por-intentar-matar-a-nadia-pidio-la-revision-de-la-sentencia\\\/\",\"name\":\"Laureano Gonz\u00e1lez, condenado a 30 a\u00f1os por intentar matar a Nadia, pidi\u00f3 la revisi\u00f3n de la sentencia - Diario Textual\",\"isPartOf\":{\"@id\":\"https:\\\/\\\/diariotextual.com\\\/inicio\\\/#website\"},\"primaryImageOfPage\":{\"@id\":\"https:\\\/\\\/diariotextual.com\\\/inicio\\\/index.php\\\/2021\\\/10\\\/20\\\/laureano-gonzalez-condenado-a-30-anos-por-intentar-matar-a-nadia-pidio-la-revision-de-la-sentencia\\\/#primaryimage\"},\"image\":{\"@id\":\"https:\\\/\\\/diariotextual.com\\\/inicio\\\/index.php\\\/2021\\\/10\\\/20\\\/laureano-gonzalez-condenado-a-30-anos-por-intentar-matar-a-nadia-pidio-la-revision-de-la-sentencia\\\/#primaryimage\"},\"thumbnailUrl\":\"https:\\\/\\\/diariotextual.com\\\/inicio\\\/wp-content\\\/uploads\\\/2021\\\/10\\\/luceronadiacasotiplaureanogonzalez2021-1-scaled.jpg\",\"datePublished\":\"2021-10-20T15:45:01+00:00\",\"dateModified\":\"2021-10-20T19:34:09+00:00\",\"breadcrumb\":{\"@id\":\"https:\\\/\\\/diariotextual.com\\\/inicio\\\/index.php\\\/2021\\\/10\\\/20\\\/laureano-gonzalez-condenado-a-30-anos-por-intentar-matar-a-nadia-pidio-la-revision-de-la-sentencia\\\/#breadcrumb\"},\"inLanguage\":\"es\",\"potentialAction\":[{\"@type\":\"ReadAction\",\"target\":[\"https:\\\/\\\/diariotextual.com\\\/inicio\\\/index.php\\\/2021\\\/10\\\/20\\\/laureano-gonzalez-condenado-a-30-anos-por-intentar-matar-a-nadia-pidio-la-revision-de-la-sentencia\\\/\"]}]},{\"@type\":\"ImageObject\",\"inLanguage\":\"es\",\"@id\":\"https:\\\/\\\/diariotextual.com\\\/inicio\\\/index.php\\\/2021\\\/10\\\/20\\\/laureano-gonzalez-condenado-a-30-anos-por-intentar-matar-a-nadia-pidio-la-revision-de-la-sentencia\\\/#primaryimage\",\"url\":\"https:\\\/\\\/diariotextual.com\\\/inicio\\\/wp-content\\\/uploads\\\/2021\\\/10\\\/luceronadiacasotiplaureanogonzalez2021-1-scaled.jpg\",\"contentUrl\":\"https:\\\/\\\/diariotextual.com\\\/inicio\\\/wp-content\\\/uploads\\\/2021\\\/10\\\/luceronadiacasotiplaureanogonzalez2021-1-scaled.jpg\",\"width\":2560,\"height\":1635},{\"@type\":\"BreadcrumbList\",\"@id\":\"https:\\\/\\\/diariotextual.com\\\/inicio\\\/index.php\\\/2021\\\/10\\\/20\\\/laureano-gonzalez-condenado-a-30-anos-por-intentar-matar-a-nadia-pidio-la-revision-de-la-sentencia\\\/#breadcrumb\",\"itemListElement\":[{\"@type\":\"ListItem\",\"position\":1,\"name\":\"Portada\",\"item\":\"https:\\\/\\\/diariotextual.com\\\/inicio\\\/\"},{\"@type\":\"ListItem\",\"position\":2,\"name\":\"Laureano Gonz\u00e1lez, condenado a 30 a\u00f1os por intentar matar a Nadia, pidi\u00f3 la revisi\u00f3n de la sentencia\"}]},{\"@type\":\"WebSite\",\"@id\":\"https:\\\/\\\/diariotextual.com\\\/inicio\\\/#website\",\"url\":\"https:\\\/\\\/diariotextual.com\\\/inicio\\\/\",\"name\":\"Diario Textual\",\"description\":\"\",\"publisher\":{\"@id\":\"https:\\\/\\\/diariotextual.com\\\/inicio\\\/#organization\"},\"potentialAction\":[{\"@type\":\"SearchAction\",\"target\":{\"@type\":\"EntryPoint\",\"urlTemplate\":\"https:\\\/\\\/diariotextual.com\\\/inicio\\\/?s={search_term_string}\"},\"query-input\":{\"@type\":\"PropertyValueSpecification\",\"valueRequired\":true,\"valueName\":\"search_term_string\"}}],\"inLanguage\":\"es\"},{\"@type\":\"Organization\",\"@id\":\"https:\\\/\\\/diariotextual.com\\\/inicio\\\/#organization\",\"name\":\"Diario Textual\",\"url\":\"https:\\\/\\\/diariotextual.com\\\/inicio\\\/\",\"logo\":{\"@type\":\"ImageObject\",\"inLanguage\":\"es\",\"@id\":\"https:\\\/\\\/diariotextual.com\\\/inicio\\\/#\\\/schema\\\/logo\\\/image\\\/\",\"url\":\"https:\\\/\\\/diariotextual.com\\\/inicio\\\/wp-content\\\/uploads\\\/2023\\\/05\\\/logotextual1.jpg\",\"contentUrl\":\"https:\\\/\\\/diariotextual.com\\\/inicio\\\/wp-content\\\/uploads\\\/2023\\\/05\\\/logotextual1.jpg\",\"width\":516,\"height\":76,\"caption\":\"Diario Textual\"},\"image\":{\"@id\":\"https:\\\/\\\/diariotextual.com\\\/inicio\\\/#\\\/schema\\\/logo\\\/image\\\/\"},\"sameAs\":[\"https:\\\/\\\/www.facebook.com\\\/eltextual\",\"https:\\\/\\\/x.com\\\/eltextual\",\"http:\\\/\\\/www.instagram.com\\\/eltextual\"]},{\"@type\":\"Person\",\"@id\":\"https:\\\/\\\/diariotextual.com\\\/inicio\\\/#\\\/schema\\\/person\\\/418fc4093c33e86ed41562db3508f958\",\"name\":\"Diario1 Diario1\",\"image\":{\"@type\":\"ImageObject\",\"inLanguage\":\"es\",\"@id\":\"https:\\\/\\\/secure.gravatar.com\\\/avatar\\\/9167d280179c85bc18be67aa7eda765854300033af4896dd779b608640f2ef7a?s=96&d=mm&r=g\",\"url\":\"https:\\\/\\\/secure.gravatar.com\\\/avatar\\\/9167d280179c85bc18be67aa7eda765854300033af4896dd779b608640f2ef7a?s=96&d=mm&r=g\",\"contentUrl\":\"https:\\\/\\\/secure.gravatar.com\\\/avatar\\\/9167d280179c85bc18be67aa7eda765854300033af4896dd779b608640f2ef7a?s=96&d=mm&r=g\",\"caption\":\"Diario1 Diario1\"},\"url\":\"https:\\\/\\\/diariotextual.com\\\/inicio\\\/index.php\\\/author\\\/diario1\\\/\"}]}<\/script>\n<!-- \/ Yoast SEO plugin. -->","yoast_head_json":{"title":"Laureano Gonz\u00e1lez, condenado a 30 a\u00f1os por intentar matar a Nadia, pidi\u00f3 la revisi\u00f3n de la sentencia - Diario Textual","robots":{"index":"index","follow":"follow","max-snippet":"max-snippet:-1","max-image-preview":"max-image-preview:large","max-video-preview":"max-video-preview:-1"},"canonical":"https:\/\/diariotextual.com\/inicio\/index.php\/2021\/10\/20\/laureano-gonzalez-condenado-a-30-anos-por-intentar-matar-a-nadia-pidio-la-revision-de-la-sentencia\/","og_locale":"es_ES","og_type":"article","og_title":"Laureano Gonz\u00e1lez, condenado a 30 a\u00f1os por intentar matar a Nadia, pidi\u00f3 la revisi\u00f3n de la sentencia - Diario Textual","og_description":"Hoy se desarroll\u00f3, en el Tribunal de Impugnaci\u00f3n Penal (TIP), la audiencia de debate en el marco del recurso de impugnaci\u00f3n presentado por la defensa de Laureano Gonz\u00e1lez, condenado a&hellip;","og_url":"https:\/\/diariotextual.com\/inicio\/index.php\/2021\/10\/20\/laureano-gonzalez-condenado-a-30-anos-por-intentar-matar-a-nadia-pidio-la-revision-de-la-sentencia\/","og_site_name":"Diario Textual","article_publisher":"https:\/\/www.facebook.com\/eltextual","article_published_time":"2021-10-20T15:45:01+00:00","article_modified_time":"2021-10-20T19:34:09+00:00","og_image":[{"width":2560,"height":1635,"url":"https:\/\/diariotextual.com\/inicio\/wp-content\/uploads\/2021\/10\/luceronadiacasotiplaureanogonzalez2021-1-scaled.jpg","type":"image\/jpeg"}],"author":"Diario1 Diario1","twitter_card":"summary_large_image","twitter_creator":"@eltextual","twitter_site":"@eltextual","twitter_misc":{"Escrito por":"Diario1 Diario1","Tiempo de lectura":"6 minutos"},"schema":{"@context":"https:\/\/schema.org","@graph":[{"@type":"Article","@id":"https:\/\/diariotextual.com\/inicio\/index.php\/2021\/10\/20\/laureano-gonzalez-condenado-a-30-anos-por-intentar-matar-a-nadia-pidio-la-revision-de-la-sentencia\/#article","isPartOf":{"@id":"https:\/\/diariotextual.com\/inicio\/index.php\/2021\/10\/20\/laureano-gonzalez-condenado-a-30-anos-por-intentar-matar-a-nadia-pidio-la-revision-de-la-sentencia\/"},"author":{"name":"Diario1 Diario1","@id":"https:\/\/diariotextual.com\/inicio\/#\/schema\/person\/418fc4093c33e86ed41562db3508f958"},"headline":"Laureano Gonz\u00e1lez, condenado a 30 a\u00f1os por intentar matar a Nadia, pidi\u00f3 la revisi\u00f3n de la sentencia","datePublished":"2021-10-20T15:45:01+00:00","dateModified":"2021-10-20T19:34:09+00:00","mainEntityOfPage":{"@id":"https:\/\/diariotextual.com\/inicio\/index.php\/2021\/10\/20\/laureano-gonzalez-condenado-a-30-anos-por-intentar-matar-a-nadia-pidio-la-revision-de-la-sentencia\/"},"wordCount":1426,"publisher":{"@id":"https:\/\/diariotextual.com\/inicio\/#organization"},"image":{"@id":"https:\/\/diariotextual.com\/inicio\/index.php\/2021\/10\/20\/laureano-gonzalez-condenado-a-30-anos-por-intentar-matar-a-nadia-pidio-la-revision-de-la-sentencia\/#primaryimage"},"thumbnailUrl":"https:\/\/diariotextual.com\/inicio\/wp-content\/uploads\/2021\/10\/luceronadiacasotiplaureanogonzalez2021-1-scaled.jpg","keywords":["lucero","nadia"],"articleSection":["A - PORTADA2","SOCIEDAD"],"inLanguage":"es"},{"@type":"WebPage","@id":"https:\/\/diariotextual.com\/inicio\/index.php\/2021\/10\/20\/laureano-gonzalez-condenado-a-30-anos-por-intentar-matar-a-nadia-pidio-la-revision-de-la-sentencia\/","url":"https:\/\/diariotextual.com\/inicio\/index.php\/2021\/10\/20\/laureano-gonzalez-condenado-a-30-anos-por-intentar-matar-a-nadia-pidio-la-revision-de-la-sentencia\/","name":"Laureano Gonz\u00e1lez, condenado a 30 a\u00f1os por intentar matar a Nadia, pidi\u00f3 la revisi\u00f3n de la sentencia - Diario Textual","isPartOf":{"@id":"https:\/\/diariotextual.com\/inicio\/#website"},"primaryImageOfPage":{"@id":"https:\/\/diariotextual.com\/inicio\/index.php\/2021\/10\/20\/laureano-gonzalez-condenado-a-30-anos-por-intentar-matar-a-nadia-pidio-la-revision-de-la-sentencia\/#primaryimage"},"image":{"@id":"https:\/\/diariotextual.com\/inicio\/index.php\/2021\/10\/20\/laureano-gonzalez-condenado-a-30-anos-por-intentar-matar-a-nadia-pidio-la-revision-de-la-sentencia\/#primaryimage"},"thumbnailUrl":"https:\/\/diariotextual.com\/inicio\/wp-content\/uploads\/2021\/10\/luceronadiacasotiplaureanogonzalez2021-1-scaled.jpg","datePublished":"2021-10-20T15:45:01+00:00","dateModified":"2021-10-20T19:34:09+00:00","breadcrumb":{"@id":"https:\/\/diariotextual.com\/inicio\/index.php\/2021\/10\/20\/laureano-gonzalez-condenado-a-30-anos-por-intentar-matar-a-nadia-pidio-la-revision-de-la-sentencia\/#breadcrumb"},"inLanguage":"es","potentialAction":[{"@type":"ReadAction","target":["https:\/\/diariotextual.com\/inicio\/index.php\/2021\/10\/20\/laureano-gonzalez-condenado-a-30-anos-por-intentar-matar-a-nadia-pidio-la-revision-de-la-sentencia\/"]}]},{"@type":"ImageObject","inLanguage":"es","@id":"https:\/\/diariotextual.com\/inicio\/index.php\/2021\/10\/20\/laureano-gonzalez-condenado-a-30-anos-por-intentar-matar-a-nadia-pidio-la-revision-de-la-sentencia\/#primaryimage","url":"https:\/\/diariotextual.com\/inicio\/wp-content\/uploads\/2021\/10\/luceronadiacasotiplaureanogonzalez2021-1-scaled.jpg","contentUrl":"https:\/\/diariotextual.com\/inicio\/wp-content\/uploads\/2021\/10\/luceronadiacasotiplaureanogonzalez2021-1-scaled.jpg","width":2560,"height":1635},{"@type":"BreadcrumbList","@id":"https:\/\/diariotextual.com\/inicio\/index.php\/2021\/10\/20\/laureano-gonzalez-condenado-a-30-anos-por-intentar-matar-a-nadia-pidio-la-revision-de-la-sentencia\/#breadcrumb","itemListElement":[{"@type":"ListItem","position":1,"name":"Portada","item":"https:\/\/diariotextual.com\/inicio\/"},{"@type":"ListItem","position":2,"name":"Laureano Gonz\u00e1lez, condenado a 30 a\u00f1os por intentar matar a Nadia, pidi\u00f3 la revisi\u00f3n de la sentencia"}]},{"@type":"WebSite","@id":"https:\/\/diariotextual.com\/inicio\/#website","url":"https:\/\/diariotextual.com\/inicio\/","name":"Diario Textual","description":"","publisher":{"@id":"https:\/\/diariotextual.com\/inicio\/#organization"},"potentialAction":[{"@type":"SearchAction","target":{"@type":"EntryPoint","urlTemplate":"https:\/\/diariotextual.com\/inicio\/?s={search_term_string}"},"query-input":{"@type":"PropertyValueSpecification","valueRequired":true,"valueName":"search_term_string"}}],"inLanguage":"es"},{"@type":"Organization","@id":"https:\/\/diariotextual.com\/inicio\/#organization","name":"Diario Textual","url":"https:\/\/diariotextual.com\/inicio\/","logo":{"@type":"ImageObject","inLanguage":"es","@id":"https:\/\/diariotextual.com\/inicio\/#\/schema\/logo\/image\/","url":"https:\/\/diariotextual.com\/inicio\/wp-content\/uploads\/2023\/05\/logotextual1.jpg","contentUrl":"https:\/\/diariotextual.com\/inicio\/wp-content\/uploads\/2023\/05\/logotextual1.jpg","width":516,"height":76,"caption":"Diario Textual"},"image":{"@id":"https:\/\/diariotextual.com\/inicio\/#\/schema\/logo\/image\/"},"sameAs":["https:\/\/www.facebook.com\/eltextual","https:\/\/x.com\/eltextual","http:\/\/www.instagram.com\/eltextual"]},{"@type":"Person","@id":"https:\/\/diariotextual.com\/inicio\/#\/schema\/person\/418fc4093c33e86ed41562db3508f958","name":"Diario1 Diario1","image":{"@type":"ImageObject","inLanguage":"es","@id":"https:\/\/secure.gravatar.com\/avatar\/9167d280179c85bc18be67aa7eda765854300033af4896dd779b608640f2ef7a?s=96&d=mm&r=g","url":"https:\/\/secure.gravatar.com\/avatar\/9167d280179c85bc18be67aa7eda765854300033af4896dd779b608640f2ef7a?s=96&d=mm&r=g","contentUrl":"https:\/\/secure.gravatar.com\/avatar\/9167d280179c85bc18be67aa7eda765854300033af4896dd779b608640f2ef7a?s=96&d=mm&r=g","caption":"Diario1 Diario1"},"url":"https:\/\/diariotextual.com\/inicio\/index.php\/author\/diario1\/"}]}},"_links":{"self":[{"href":"https:\/\/diariotextual.com\/inicio\/index.php\/wp-json\/wp\/v2\/posts\/165842","targetHints":{"allow":["GET"]}}],"collection":[{"href":"https:\/\/diariotextual.com\/inicio\/index.php\/wp-json\/wp\/v2\/posts"}],"about":[{"href":"https:\/\/diariotextual.com\/inicio\/index.php\/wp-json\/wp\/v2\/types\/post"}],"author":[{"embeddable":true,"href":"https:\/\/diariotextual.com\/inicio\/index.php\/wp-json\/wp\/v2\/users\/3"}],"replies":[{"embeddable":true,"href":"https:\/\/diariotextual.com\/inicio\/index.php\/wp-json\/wp\/v2\/comments?post=165842"}],"version-history":[{"count":3,"href":"https:\/\/diariotextual.com\/inicio\/index.php\/wp-json\/wp\/v2\/posts\/165842\/revisions"}],"predecessor-version":[{"id":165847,"href":"https:\/\/diariotextual.com\/inicio\/index.php\/wp-json\/wp\/v2\/posts\/165842\/revisions\/165847"}],"wp:featuredmedia":[{"embeddable":true,"href":"https:\/\/diariotextual.com\/inicio\/index.php\/wp-json\/wp\/v2\/media\/165844"}],"wp:attachment":[{"href":"https:\/\/diariotextual.com\/inicio\/index.php\/wp-json\/wp\/v2\/media?parent=165842"}],"wp:term":[{"taxonomy":"category","embeddable":true,"href":"https:\/\/diariotextual.com\/inicio\/index.php\/wp-json\/wp\/v2\/categories?post=165842"},{"taxonomy":"post_tag","embeddable":true,"href":"https:\/\/diariotextual.com\/inicio\/index.php\/wp-json\/wp\/v2\/tags?post=165842"}],"curies":[{"name":"wp","href":"https:\/\/api.w.org\/{rel}","templated":true}]}}