{"id":165940,"date":"2021-10-21T08:08:15","date_gmt":"2021-10-21T11:08:15","guid":{"rendered":"https:\/\/diariotextual.com\/inicio\/?p=165940"},"modified":"2021-10-21T09:52:17","modified_gmt":"2021-10-21T12:52:17","slug":"el-consejo-federal-de-educacion-se-reune-para-analizar-el-calendario-escolar-2022","status":"publish","type":"post","link":"https:\/\/diariotextual.com\/inicio\/index.php\/2021\/10\/21\/el-consejo-federal-de-educacion-se-reune-para-analizar-el-calendario-escolar-2022\/","title":{"rendered":"El Consejo Federal de Educaci\u00f3n se re\u00fane para analizar el calendario escolar 2022"},"content":{"rendered":"\n<p>El Consejo Federal de Educaci\u00f3n se reunir\u00e1 hoy en el Palacio Pizzurno para analizar con los representantes de las carteras educativas de las 24 jurisdicciones el calendario escolar del pr\u00f3ximo a\u00f1o, de 190 d\u00edas, y la capacitaci\u00f3n a docentes.<\/p>\n\n\n\n<p>Sobre el encuentro, que comenzar\u00e1 a partir de las 10, el ministro de Educaci\u00f3n, Jaime Perczyk, anticip\u00f3 que el Consejo analizar\u00e1 \u00abel calendario escolar del a\u00f1o que viene\u00bb para coordinar \u00abde forma arm\u00f3nica\u00bb entre todas las jurisdicciones un esquema que plantee \u00abm\u00e1s d\u00edas, m\u00e1s horas, y priorizar temas y recuperar tiempos\u00bb.<\/p>\n\n\n\n<p>\u00abEn la estrategia nacional est\u00e1 la idea de alargar el ciclo lectivo, pero depende de la estrategia que cada Gobierno provincial tenga, de lo cual somos respetuosos\u00bb, asever\u00f3 el funcionario la semana pasada en Santiago del Estero, donde puso en marcha el programa \u201cVolv\u00e9 a la escuela\u201d, junto al gobernador Gerardo Zamora.<\/p>\n\n\n\n<p>El mi\u00e9rcoles pasado, el Gobierno porte\u00f1o anunci\u00f3 que, en su distrito, el ciclo lectivo 2022 comenzar\u00e1 el 21 de febrero con el prop\u00f3sito de sumar 192 d\u00edas de clases.<\/p>\n","protected":false},"excerpt":{"rendered":"<p>El Consejo Federal de Educaci\u00f3n se reunir\u00e1 hoy en el Palacio Pizzurno para analizar con los representantes de las carteras educativas de las 24 jurisdicciones el calendario escolar del pr\u00f3ximo&hellip;<\/p>\n","protected":false},"author":4,"featured_media":105822,"comment_status":"closed","ping_status":"open","sticky":false,"template":"","format":"standard","meta":{"_acf_changed":false,"footnotes":""},"categories":[10,8],"tags":[],"class_list":["post-165940","post","type-post","status-publish","format-standard","has-post-thumbnail","hentry","category-portada-2","category-politica"],"acf":[],"yoast_head":"<!-- This site is optimized with the Yoast SEO plugin v27.5 - https:\/\/yoast.com\/product\/yoast-seo-wordpress\/ -->\n<title>El Consejo Federal de Educaci\u00f3n se re\u00fane para analizar el calendario escolar 2022 - Diario Textual<\/title>\n<meta name=\"robots\" content=\"index, follow, max-snippet:-1, max-image-preview:large, max-video-preview:-1\" \/>\n<link rel=\"canonical\" href=\"https:\/\/diariotextual.com\/inicio\/index.php\/2021\/10\/21\/el-consejo-federal-de-educacion-se-reune-para-analizar-el-calendario-escolar-2022\/\" \/>\n<meta property=\"og:locale\" content=\"es_ES\" \/>\n<meta property=\"og:type\" content=\"article\" \/>\n<meta property=\"og:title\" content=\"El Consejo Federal de Educaci\u00f3n se re\u00fane para analizar el calendario escolar 2022 - Diario Textual\" \/>\n<meta property=\"og:description\" content=\"El Consejo Federal de Educaci\u00f3n se reunir\u00e1 hoy en el Palacio Pizzurno para analizar con los representantes de las carteras educativas de las 24 jurisdicciones el calendario escolar del pr\u00f3ximo&hellip;\" \/>\n<meta property=\"og:url\" content=\"https:\/\/diariotextual.com\/inicio\/index.php\/2021\/10\/21\/el-consejo-federal-de-educacion-se-reune-para-analizar-el-calendario-escolar-2022\/\" \/>\n<meta property=\"og:site_name\" content=\"Diario Textual\" \/>\n<meta property=\"article:publisher\" content=\"https:\/\/www.facebook.com\/eltextual\" \/>\n<meta property=\"article:published_time\" content=\"2021-10-21T11:08:15+00:00\" \/>\n<meta property=\"article:modified_time\" content=\"2021-10-21T12:52:17+00:00\" \/>\n<meta property=\"og:image\" content=\"https:\/\/diariotextual.com\/inicio\/wp-content\/uploads\/2020\/08\/coronavirusclasesvuelta.jpg\" \/>\n\t<meta property=\"og:image:width\" content=\"748\" \/>\n\t<meta property=\"og:image:height\" content=\"466\" \/>\n\t<meta property=\"og:image:type\" content=\"image\/jpeg\" \/>\n<meta name=\"author\" content=\"diario2\" \/>\n<meta name=\"twitter:card\" content=\"summary_large_image\" \/>\n<meta name=\"twitter:creator\" content=\"@eltextual\" \/>\n<meta name=\"twitter:site\" content=\"@eltextual\" \/>\n<meta name=\"twitter:label1\" content=\"Escrito por\" \/>\n\t<meta name=\"twitter:data1\" content=\"diario2\" \/>\n\t<meta name=\"twitter:label2\" content=\"Tiempo de lectura\" \/>\n\t<meta name=\"twitter:data2\" content=\"1 minuto\" \/>\n<script type=\"application\/ld+json\" class=\"yoast-schema-graph\">{\"@context\":\"https:\\\/\\\/schema.org\",\"@graph\":[{\"@type\":\"Article\",\"@id\":\"https:\\\/\\\/diariotextual.com\\\/inicio\\\/index.php\\\/2021\\\/10\\\/21\\\/el-consejo-federal-de-educacion-se-reune-para-analizar-el-calendario-escolar-2022\\\/#article\",\"isPartOf\":{\"@id\":\"https:\\\/\\\/diariotextual.com\\\/inicio\\\/index.php\\\/2021\\\/10\\\/21\\\/el-consejo-federal-de-educacion-se-reune-para-analizar-el-calendario-escolar-2022\\\/\"},\"author\":{\"name\":\"diario2\",\"@id\":\"https:\\\/\\\/diariotextual.com\\\/inicio\\\/#\\\/schema\\\/person\\\/694f60677f23c4a530867a98f22b3768\"},\"headline\":\"El Consejo Federal de Educaci\u00f3n se re\u00fane para analizar el calendario escolar 2022\",\"datePublished\":\"2021-10-21T11:08:15+00:00\",\"dateModified\":\"2021-10-21T12:52:17+00:00\",\"mainEntityOfPage\":{\"@id\":\"https:\\\/\\\/diariotextual.com\\\/inicio\\\/index.php\\\/2021\\\/10\\\/21\\\/el-consejo-federal-de-educacion-se-reune-para-analizar-el-calendario-escolar-2022\\\/\"},\"wordCount\":194,\"publisher\":{\"@id\":\"https:\\\/\\\/diariotextual.com\\\/inicio\\\/#organization\"},\"image\":{\"@id\":\"https:\\\/\\\/diariotextual.com\\\/inicio\\\/index.php\\\/2021\\\/10\\\/21\\\/el-consejo-federal-de-educacion-se-reune-para-analizar-el-calendario-escolar-2022\\\/#primaryimage\"},\"thumbnailUrl\":\"https:\\\/\\\/diariotextual.com\\\/inicio\\\/wp-content\\\/uploads\\\/2020\\\/08\\\/coronavirusclasesvuelta.jpg\",\"articleSection\":[\"A - PORTADA2\",\"POLITICA\"],\"inLanguage\":\"es\"},{\"@type\":\"WebPage\",\"@id\":\"https:\\\/\\\/diariotextual.com\\\/inicio\\\/index.php\\\/2021\\\/10\\\/21\\\/el-consejo-federal-de-educacion-se-reune-para-analizar-el-calendario-escolar-2022\\\/\",\"url\":\"https:\\\/\\\/diariotextual.com\\\/inicio\\\/index.php\\\/2021\\\/10\\\/21\\\/el-consejo-federal-de-educacion-se-reune-para-analizar-el-calendario-escolar-2022\\\/\",\"name\":\"El Consejo Federal de Educaci\u00f3n se re\u00fane para analizar el calendario escolar 2022 - Diario Textual\",\"isPartOf\":{\"@id\":\"https:\\\/\\\/diariotextual.com\\\/inicio\\\/#website\"},\"primaryImageOfPage\":{\"@id\":\"https:\\\/\\\/diariotextual.com\\\/inicio\\\/index.php\\\/2021\\\/10\\\/21\\\/el-consejo-federal-de-educacion-se-reune-para-analizar-el-calendario-escolar-2022\\\/#primaryimage\"},\"image\":{\"@id\":\"https:\\\/\\\/diariotextual.com\\\/inicio\\\/index.php\\\/2021\\\/10\\\/21\\\/el-consejo-federal-de-educacion-se-reune-para-analizar-el-calendario-escolar-2022\\\/#primaryimage\"},\"thumbnailUrl\":\"https:\\\/\\\/diariotextual.com\\\/inicio\\\/wp-content\\\/uploads\\\/2020\\\/08\\\/coronavirusclasesvuelta.jpg\",\"datePublished\":\"2021-10-21T11:08:15+00:00\",\"dateModified\":\"2021-10-21T12:52:17+00:00\",\"breadcrumb\":{\"@id\":\"https:\\\/\\\/diariotextual.com\\\/inicio\\\/index.php\\\/2021\\\/10\\\/21\\\/el-consejo-federal-de-educacion-se-reune-para-analizar-el-calendario-escolar-2022\\\/#breadcrumb\"},\"inLanguage\":\"es\",\"potentialAction\":[{\"@type\":\"ReadAction\",\"target\":[\"https:\\\/\\\/diariotextual.com\\\/inicio\\\/index.php\\\/2021\\\/10\\\/21\\\/el-consejo-federal-de-educacion-se-reune-para-analizar-el-calendario-escolar-2022\\\/\"]}]},{\"@type\":\"ImageObject\",\"inLanguage\":\"es\",\"@id\":\"https:\\\/\\\/diariotextual.com\\\/inicio\\\/index.php\\\/2021\\\/10\\\/21\\\/el-consejo-federal-de-educacion-se-reune-para-analizar-el-calendario-escolar-2022\\\/#primaryimage\",\"url\":\"https:\\\/\\\/diariotextual.com\\\/inicio\\\/wp-content\\\/uploads\\\/2020\\\/08\\\/coronavirusclasesvuelta.jpg\",\"contentUrl\":\"https:\\\/\\\/diariotextual.com\\\/inicio\\\/wp-content\\\/uploads\\\/2020\\\/08\\\/coronavirusclasesvuelta.jpg\",\"width\":748,\"height\":466},{\"@type\":\"BreadcrumbList\",\"@id\":\"https:\\\/\\\/diariotextual.com\\\/inicio\\\/index.php\\\/2021\\\/10\\\/21\\\/el-consejo-federal-de-educacion-se-reune-para-analizar-el-calendario-escolar-2022\\\/#breadcrumb\",\"itemListElement\":[{\"@type\":\"ListItem\",\"position\":1,\"name\":\"Portada\",\"item\":\"https:\\\/\\\/diariotextual.com\\\/inicio\\\/\"},{\"@type\":\"ListItem\",\"position\":2,\"name\":\"El Consejo Federal de Educaci\u00f3n se re\u00fane para analizar el calendario escolar 2022\"}]},{\"@type\":\"WebSite\",\"@id\":\"https:\\\/\\\/diariotextual.com\\\/inicio\\\/#website\",\"url\":\"https:\\\/\\\/diariotextual.com\\\/inicio\\\/\",\"name\":\"Diario Textual\",\"description\":\"\",\"publisher\":{\"@id\":\"https:\\\/\\\/diariotextual.com\\\/inicio\\\/#organization\"},\"potentialAction\":[{\"@type\":\"SearchAction\",\"target\":{\"@type\":\"EntryPoint\",\"urlTemplate\":\"https:\\\/\\\/diariotextual.com\\\/inicio\\\/?s={search_term_string}\"},\"query-input\":{\"@type\":\"PropertyValueSpecification\",\"valueRequired\":true,\"valueName\":\"search_term_string\"}}],\"inLanguage\":\"es\"},{\"@type\":\"Organization\",\"@id\":\"https:\\\/\\\/diariotextual.com\\\/inicio\\\/#organization\",\"name\":\"Diario Textual\",\"url\":\"https:\\\/\\\/diariotextual.com\\\/inicio\\\/\",\"logo\":{\"@type\":\"ImageObject\",\"inLanguage\":\"es\",\"@id\":\"https:\\\/\\\/diariotextual.com\\\/inicio\\\/#\\\/schema\\\/logo\\\/image\\\/\",\"url\":\"https:\\\/\\\/diariotextual.com\\\/inicio\\\/wp-content\\\/uploads\\\/2023\\\/05\\\/logotextual1.jpg\",\"contentUrl\":\"https:\\\/\\\/diariotextual.com\\\/inicio\\\/wp-content\\\/uploads\\\/2023\\\/05\\\/logotextual1.jpg\",\"width\":516,\"height\":76,\"caption\":\"Diario Textual\"},\"image\":{\"@id\":\"https:\\\/\\\/diariotextual.com\\\/inicio\\\/#\\\/schema\\\/logo\\\/image\\\/\"},\"sameAs\":[\"https:\\\/\\\/www.facebook.com\\\/eltextual\",\"https:\\\/\\\/x.com\\\/eltextual\",\"http:\\\/\\\/www.instagram.com\\\/eltextual\"]},{\"@type\":\"Person\",\"@id\":\"https:\\\/\\\/diariotextual.com\\\/inicio\\\/#\\\/schema\\\/person\\\/694f60677f23c4a530867a98f22b3768\",\"name\":\"diario2\",\"image\":{\"@type\":\"ImageObject\",\"inLanguage\":\"es\",\"@id\":\"https:\\\/\\\/secure.gravatar.com\\\/avatar\\\/5a2567495ba16b852fcd8f1ed006a2e24fcace936018ed8237e95f488ad6e0a7?s=96&d=mm&r=g\",\"url\":\"https:\\\/\\\/secure.gravatar.com\\\/avatar\\\/5a2567495ba16b852fcd8f1ed006a2e24fcace936018ed8237e95f488ad6e0a7?s=96&d=mm&r=g\",\"contentUrl\":\"https:\\\/\\\/secure.gravatar.com\\\/avatar\\\/5a2567495ba16b852fcd8f1ed006a2e24fcace936018ed8237e95f488ad6e0a7?s=96&d=mm&r=g\",\"caption\":\"diario2\"},\"url\":\"https:\\\/\\\/diariotextual.com\\\/inicio\\\/index.php\\\/author\\\/diario2\\\/\"}]}<\/script>\n<!-- \/ Yoast SEO plugin. -->","yoast_head_json":{"title":"El Consejo Federal de Educaci\u00f3n se re\u00fane para analizar el calendario escolar 2022 - Diario Textual","robots":{"index":"index","follow":"follow","max-snippet":"max-snippet:-1","max-image-preview":"max-image-preview:large","max-video-preview":"max-video-preview:-1"},"canonical":"https:\/\/diariotextual.com\/inicio\/index.php\/2021\/10\/21\/el-consejo-federal-de-educacion-se-reune-para-analizar-el-calendario-escolar-2022\/","og_locale":"es_ES","og_type":"article","og_title":"El Consejo Federal de Educaci\u00f3n se re\u00fane para analizar el calendario escolar 2022 - Diario Textual","og_description":"El Consejo Federal de Educaci\u00f3n se reunir\u00e1 hoy en el Palacio Pizzurno para analizar con los representantes de las carteras educativas de las 24 jurisdicciones el calendario escolar del pr\u00f3ximo&hellip;","og_url":"https:\/\/diariotextual.com\/inicio\/index.php\/2021\/10\/21\/el-consejo-federal-de-educacion-se-reune-para-analizar-el-calendario-escolar-2022\/","og_site_name":"Diario Textual","article_publisher":"https:\/\/www.facebook.com\/eltextual","article_published_time":"2021-10-21T11:08:15+00:00","article_modified_time":"2021-10-21T12:52:17+00:00","og_image":[{"width":748,"height":466,"url":"https:\/\/diariotextual.com\/inicio\/wp-content\/uploads\/2020\/08\/coronavirusclasesvuelta.jpg","type":"image\/jpeg"}],"author":"diario2","twitter_card":"summary_large_image","twitter_creator":"@eltextual","twitter_site":"@eltextual","twitter_misc":{"Escrito por":"diario2","Tiempo de lectura":"1 minuto"},"schema":{"@context":"https:\/\/schema.org","@graph":[{"@type":"Article","@id":"https:\/\/diariotextual.com\/inicio\/index.php\/2021\/10\/21\/el-consejo-federal-de-educacion-se-reune-para-analizar-el-calendario-escolar-2022\/#article","isPartOf":{"@id":"https:\/\/diariotextual.com\/inicio\/index.php\/2021\/10\/21\/el-consejo-federal-de-educacion-se-reune-para-analizar-el-calendario-escolar-2022\/"},"author":{"name":"diario2","@id":"https:\/\/diariotextual.com\/inicio\/#\/schema\/person\/694f60677f23c4a530867a98f22b3768"},"headline":"El Consejo Federal de Educaci\u00f3n se re\u00fane para analizar el calendario escolar 2022","datePublished":"2021-10-21T11:08:15+00:00","dateModified":"2021-10-21T12:52:17+00:00","mainEntityOfPage":{"@id":"https:\/\/diariotextual.com\/inicio\/index.php\/2021\/10\/21\/el-consejo-federal-de-educacion-se-reune-para-analizar-el-calendario-escolar-2022\/"},"wordCount":194,"publisher":{"@id":"https:\/\/diariotextual.com\/inicio\/#organization"},"image":{"@id":"https:\/\/diariotextual.com\/inicio\/index.php\/2021\/10\/21\/el-consejo-federal-de-educacion-se-reune-para-analizar-el-calendario-escolar-2022\/#primaryimage"},"thumbnailUrl":"https:\/\/diariotextual.com\/inicio\/wp-content\/uploads\/2020\/08\/coronavirusclasesvuelta.jpg","articleSection":["A - PORTADA2","POLITICA"],"inLanguage":"es"},{"@type":"WebPage","@id":"https:\/\/diariotextual.com\/inicio\/index.php\/2021\/10\/21\/el-consejo-federal-de-educacion-se-reune-para-analizar-el-calendario-escolar-2022\/","url":"https:\/\/diariotextual.com\/inicio\/index.php\/2021\/10\/21\/el-consejo-federal-de-educacion-se-reune-para-analizar-el-calendario-escolar-2022\/","name":"El Consejo Federal de Educaci\u00f3n se re\u00fane para analizar el calendario escolar 2022 - Diario Textual","isPartOf":{"@id":"https:\/\/diariotextual.com\/inicio\/#website"},"primaryImageOfPage":{"@id":"https:\/\/diariotextual.com\/inicio\/index.php\/2021\/10\/21\/el-consejo-federal-de-educacion-se-reune-para-analizar-el-calendario-escolar-2022\/#primaryimage"},"image":{"@id":"https:\/\/diariotextual.com\/inicio\/index.php\/2021\/10\/21\/el-consejo-federal-de-educacion-se-reune-para-analizar-el-calendario-escolar-2022\/#primaryimage"},"thumbnailUrl":"https:\/\/diariotextual.com\/inicio\/wp-content\/uploads\/2020\/08\/coronavirusclasesvuelta.jpg","datePublished":"2021-10-21T11:08:15+00:00","dateModified":"2021-10-21T12:52:17+00:00","breadcrumb":{"@id":"https:\/\/diariotextual.com\/inicio\/index.php\/2021\/10\/21\/el-consejo-federal-de-educacion-se-reune-para-analizar-el-calendario-escolar-2022\/#breadcrumb"},"inLanguage":"es","potentialAction":[{"@type":"ReadAction","target":["https:\/\/diariotextual.com\/inicio\/index.php\/2021\/10\/21\/el-consejo-federal-de-educacion-se-reune-para-analizar-el-calendario-escolar-2022\/"]}]},{"@type":"ImageObject","inLanguage":"es","@id":"https:\/\/diariotextual.com\/inicio\/index.php\/2021\/10\/21\/el-consejo-federal-de-educacion-se-reune-para-analizar-el-calendario-escolar-2022\/#primaryimage","url":"https:\/\/diariotextual.com\/inicio\/wp-content\/uploads\/2020\/08\/coronavirusclasesvuelta.jpg","contentUrl":"https:\/\/diariotextual.com\/inicio\/wp-content\/uploads\/2020\/08\/coronavirusclasesvuelta.jpg","width":748,"height":466},{"@type":"BreadcrumbList","@id":"https:\/\/diariotextual.com\/inicio\/index.php\/2021\/10\/21\/el-consejo-federal-de-educacion-se-reune-para-analizar-el-calendario-escolar-2022\/#breadcrumb","itemListElement":[{"@type":"ListItem","position":1,"name":"Portada","item":"https:\/\/diariotextual.com\/inicio\/"},{"@type":"ListItem","position":2,"name":"El Consejo Federal de Educaci\u00f3n se re\u00fane para analizar el calendario escolar 2022"}]},{"@type":"WebSite","@id":"https:\/\/diariotextual.com\/inicio\/#website","url":"https:\/\/diariotextual.com\/inicio\/","name":"Diario Textual","description":"","publisher":{"@id":"https:\/\/diariotextual.com\/inicio\/#organization"},"potentialAction":[{"@type":"SearchAction","target":{"@type":"EntryPoint","urlTemplate":"https:\/\/diariotextual.com\/inicio\/?s={search_term_string}"},"query-input":{"@type":"PropertyValueSpecification","valueRequired":true,"valueName":"search_term_string"}}],"inLanguage":"es"},{"@type":"Organization","@id":"https:\/\/diariotextual.com\/inicio\/#organization","name":"Diario Textual","url":"https:\/\/diariotextual.com\/inicio\/","logo":{"@type":"ImageObject","inLanguage":"es","@id":"https:\/\/diariotextual.com\/inicio\/#\/schema\/logo\/image\/","url":"https:\/\/diariotextual.com\/inicio\/wp-content\/uploads\/2023\/05\/logotextual1.jpg","contentUrl":"https:\/\/diariotextual.com\/inicio\/wp-content\/uploads\/2023\/05\/logotextual1.jpg","width":516,"height":76,"caption":"Diario Textual"},"image":{"@id":"https:\/\/diariotextual.com\/inicio\/#\/schema\/logo\/image\/"},"sameAs":["https:\/\/www.facebook.com\/eltextual","https:\/\/x.com\/eltextual","http:\/\/www.instagram.com\/eltextual"]},{"@type":"Person","@id":"https:\/\/diariotextual.com\/inicio\/#\/schema\/person\/694f60677f23c4a530867a98f22b3768","name":"diario2","image":{"@type":"ImageObject","inLanguage":"es","@id":"https:\/\/secure.gravatar.com\/avatar\/5a2567495ba16b852fcd8f1ed006a2e24fcace936018ed8237e95f488ad6e0a7?s=96&d=mm&r=g","url":"https:\/\/secure.gravatar.com\/avatar\/5a2567495ba16b852fcd8f1ed006a2e24fcace936018ed8237e95f488ad6e0a7?s=96&d=mm&r=g","contentUrl":"https:\/\/secure.gravatar.com\/avatar\/5a2567495ba16b852fcd8f1ed006a2e24fcace936018ed8237e95f488ad6e0a7?s=96&d=mm&r=g","caption":"diario2"},"url":"https:\/\/diariotextual.com\/inicio\/index.php\/author\/diario2\/"}]}},"_links":{"self":[{"href":"https:\/\/diariotextual.com\/inicio\/index.php\/wp-json\/wp\/v2\/posts\/165940","targetHints":{"allow":["GET"]}}],"collection":[{"href":"https:\/\/diariotextual.com\/inicio\/index.php\/wp-json\/wp\/v2\/posts"}],"about":[{"href":"https:\/\/diariotextual.com\/inicio\/index.php\/wp-json\/wp\/v2\/types\/post"}],"author":[{"embeddable":true,"href":"https:\/\/diariotextual.com\/inicio\/index.php\/wp-json\/wp\/v2\/users\/4"}],"replies":[{"embeddable":true,"href":"https:\/\/diariotextual.com\/inicio\/index.php\/wp-json\/wp\/v2\/comments?post=165940"}],"version-history":[{"count":1,"href":"https:\/\/diariotextual.com\/inicio\/index.php\/wp-json\/wp\/v2\/posts\/165940\/revisions"}],"predecessor-version":[{"id":165941,"href":"https:\/\/diariotextual.com\/inicio\/index.php\/wp-json\/wp\/v2\/posts\/165940\/revisions\/165941"}],"wp:featuredmedia":[{"embeddable":true,"href":"https:\/\/diariotextual.com\/inicio\/index.php\/wp-json\/wp\/v2\/media\/105822"}],"wp:attachment":[{"href":"https:\/\/diariotextual.com\/inicio\/index.php\/wp-json\/wp\/v2\/media?parent=165940"}],"wp:term":[{"taxonomy":"category","embeddable":true,"href":"https:\/\/diariotextual.com\/inicio\/index.php\/wp-json\/wp\/v2\/categories?post=165940"},{"taxonomy":"post_tag","embeddable":true,"href":"https:\/\/diariotextual.com\/inicio\/index.php\/wp-json\/wp\/v2\/tags?post=165940"}],"curies":[{"name":"wp","href":"https:\/\/api.w.org\/{rel}","templated":true}]}}