{"id":166178,"date":"2021-10-22T12:18:47","date_gmt":"2021-10-22T15:18:47","guid":{"rendered":"https:\/\/diariotextual.com\/inicio\/?p=166178"},"modified":"2021-10-22T20:02:01","modified_gmt":"2021-10-22T23:02:01","slug":"provincia-garantizo-a-los-gremios-de-salud-las-licencias-ordinarias-de-verano","status":"publish","type":"post","link":"https:\/\/diariotextual.com\/inicio\/index.php\/2021\/10\/22\/provincia-garantizo-a-los-gremios-de-salud-las-licencias-ordinarias-de-verano\/","title":{"rendered":"Ziliotto garantiz\u00f3 a los gremios de Salud las licencias ordinarias de verano"},"content":{"rendered":"\n<p>El gobernador Sergio Ziliotto, en el marco de la reuni\u00f3n prevista entre las secretar\u00edas de Trabajo y la de Salud con los gremios que nuclean a los trabajadores de Salud de La Pampa, les anunci\u00f3 que est\u00e1 \u00abgarantizado el uso de las licencias ordinarias\u00bb de verano. Adem\u00e1s, y en virtud de esa medida, confirm\u00f3 la continuidad de los trabajadores contratados bajo art\u00edculos 6\u00b0 hasta el 31 de marzo.<\/p>\n\n\n\n<p>La reuni\u00f3n se llev\u00f3 a cabo durante la ma\u00f1ana de hoy en el Sal\u00f3n de Acuerdos de Casa de Gobierno, donde estuvieron, adem\u00e1s del gobernador Ziliotto, el secretario de Trabajo, Marcelo Pedehonta\u00e1; el subsecretario de Salud, Gustavo Vera; y los dirigentes gremiales Liliana Rechimondt y Leandro Chirino de ATE, Fernando Baigorria de Sitrasap, y Alberto Chirino y Ricardo Valcercel de UPCN.<br><\/p>\n\n\n\n<p>Era un reclamo de los trabajadores, a mucho de los que se les cortaron las licencias a ra\u00edz de la pandemia de covid.<\/p>\n\n\n\n<p>\u00abLa decisi\u00f3n de otorgar con normalidad las licencias ordinarias de verano obedece a la descompresi\u00f3n del sistema de salud, en funci\u00f3n de las bajas de contagios de Covid-19 y la merma, a valores normales, en la ocupaci\u00f3n de camas de Terapia Intensiva\u00bb, inform\u00f3 el Gobierno. \u00abConcatenada con esta medida, se les ratific\u00f3 a los dirigentes gremiales que los trabajadores encuadrados en el art\u00edculo 6\u00b0 de la Ley de Carrera Sanitaria N\u00b0 1.279, cuyos contratos venc\u00edan el 31 de diciembre, continuar\u00e1n vigentes hasta el pr\u00f3ximo 31 de marzo\u00bb.<\/p>\n\n\n\n<p><br><\/p>\n","protected":false},"excerpt":{"rendered":"<p>El gobernador Sergio Ziliotto, en el marco de la reuni\u00f3n prevista entre las secretar\u00edas de Trabajo y la de Salud con los gremios que nuclean a los trabajadores de Salud&hellip;<\/p>\n","protected":false},"author":3,"featured_media":166181,"comment_status":"closed","ping_status":"open","sticky":false,"template":"","format":"standard","meta":{"_acf_changed":false,"footnotes":""},"categories":[10,8],"tags":[],"class_list":["post-166178","post","type-post","status-publish","format-standard","has-post-thumbnail","hentry","category-portada-2","category-politica"],"acf":[],"yoast_head":"<!-- This site is optimized with the Yoast SEO plugin v27.5 - https:\/\/yoast.com\/product\/yoast-seo-wordpress\/ -->\n<title>Ziliotto garantiz\u00f3 a los gremios de Salud las licencias ordinarias de verano - Diario Textual<\/title>\n<meta name=\"robots\" content=\"index, follow, max-snippet:-1, max-image-preview:large, max-video-preview:-1\" \/>\n<link rel=\"canonical\" href=\"https:\/\/diariotextual.com\/inicio\/index.php\/2021\/10\/22\/provincia-garantizo-a-los-gremios-de-salud-las-licencias-ordinarias-de-verano\/\" \/>\n<meta property=\"og:locale\" content=\"es_ES\" \/>\n<meta property=\"og:type\" content=\"article\" \/>\n<meta property=\"og:title\" content=\"Ziliotto garantiz\u00f3 a los gremios de Salud las licencias ordinarias de verano - Diario Textual\" \/>\n<meta property=\"og:description\" content=\"El gobernador Sergio Ziliotto, en el marco de la reuni\u00f3n prevista entre las secretar\u00edas de Trabajo y la de Salud con los gremios que nuclean a los trabajadores de Salud&hellip;\" \/>\n<meta property=\"og:url\" content=\"https:\/\/diariotextual.com\/inicio\/index.php\/2021\/10\/22\/provincia-garantizo-a-los-gremios-de-salud-las-licencias-ordinarias-de-verano\/\" \/>\n<meta property=\"og:site_name\" content=\"Diario Textual\" \/>\n<meta property=\"article:publisher\" content=\"https:\/\/www.facebook.com\/eltextual\" \/>\n<meta property=\"article:published_time\" content=\"2021-10-22T15:18:47+00:00\" \/>\n<meta property=\"article:modified_time\" content=\"2021-10-22T23:02:01+00:00\" \/>\n<meta property=\"og:image\" content=\"https:\/\/diariotextual.com\/inicio\/wp-content\/uploads\/2021\/10\/ziliottosergiogremiossalud2021-1.jpg\" \/>\n\t<meta property=\"og:image:width\" content=\"2000\" \/>\n\t<meta property=\"og:image:height\" content=\"1177\" \/>\n\t<meta property=\"og:image:type\" content=\"image\/jpeg\" \/>\n<meta name=\"author\" content=\"Diario1 Diario1\" \/>\n<meta name=\"twitter:card\" content=\"summary_large_image\" \/>\n<meta name=\"twitter:creator\" content=\"@eltextual\" \/>\n<meta name=\"twitter:site\" content=\"@eltextual\" \/>\n<meta name=\"twitter:label1\" content=\"Escrito por\" \/>\n\t<meta name=\"twitter:data1\" content=\"Diario1 Diario1\" \/>\n\t<meta name=\"twitter:label2\" content=\"Tiempo de lectura\" \/>\n\t<meta name=\"twitter:data2\" content=\"2 minutos\" \/>\n<script type=\"application\/ld+json\" class=\"yoast-schema-graph\">{\"@context\":\"https:\\\/\\\/schema.org\",\"@graph\":[{\"@type\":\"Article\",\"@id\":\"https:\\\/\\\/diariotextual.com\\\/inicio\\\/index.php\\\/2021\\\/10\\\/22\\\/provincia-garantizo-a-los-gremios-de-salud-las-licencias-ordinarias-de-verano\\\/#article\",\"isPartOf\":{\"@id\":\"https:\\\/\\\/diariotextual.com\\\/inicio\\\/index.php\\\/2021\\\/10\\\/22\\\/provincia-garantizo-a-los-gremios-de-salud-las-licencias-ordinarias-de-verano\\\/\"},\"author\":{\"name\":\"Diario1 Diario1\",\"@id\":\"https:\\\/\\\/diariotextual.com\\\/inicio\\\/#\\\/schema\\\/person\\\/418fc4093c33e86ed41562db3508f958\"},\"headline\":\"Ziliotto garantiz\u00f3 a los gremios de Salud las licencias ordinarias de verano\",\"datePublished\":\"2021-10-22T15:18:47+00:00\",\"dateModified\":\"2021-10-22T23:02:01+00:00\",\"mainEntityOfPage\":{\"@id\":\"https:\\\/\\\/diariotextual.com\\\/inicio\\\/index.php\\\/2021\\\/10\\\/22\\\/provincia-garantizo-a-los-gremios-de-salud-las-licencias-ordinarias-de-verano\\\/\"},\"wordCount\":262,\"publisher\":{\"@id\":\"https:\\\/\\\/diariotextual.com\\\/inicio\\\/#organization\"},\"image\":{\"@id\":\"https:\\\/\\\/diariotextual.com\\\/inicio\\\/index.php\\\/2021\\\/10\\\/22\\\/provincia-garantizo-a-los-gremios-de-salud-las-licencias-ordinarias-de-verano\\\/#primaryimage\"},\"thumbnailUrl\":\"https:\\\/\\\/diariotextual.com\\\/inicio\\\/wp-content\\\/uploads\\\/2021\\\/10\\\/ziliottosergiogremiossalud2021-1.jpg\",\"articleSection\":[\"A - PORTADA2\",\"POLITICA\"],\"inLanguage\":\"es\"},{\"@type\":\"WebPage\",\"@id\":\"https:\\\/\\\/diariotextual.com\\\/inicio\\\/index.php\\\/2021\\\/10\\\/22\\\/provincia-garantizo-a-los-gremios-de-salud-las-licencias-ordinarias-de-verano\\\/\",\"url\":\"https:\\\/\\\/diariotextual.com\\\/inicio\\\/index.php\\\/2021\\\/10\\\/22\\\/provincia-garantizo-a-los-gremios-de-salud-las-licencias-ordinarias-de-verano\\\/\",\"name\":\"Ziliotto garantiz\u00f3 a los gremios de Salud las licencias ordinarias de verano - Diario Textual\",\"isPartOf\":{\"@id\":\"https:\\\/\\\/diariotextual.com\\\/inicio\\\/#website\"},\"primaryImageOfPage\":{\"@id\":\"https:\\\/\\\/diariotextual.com\\\/inicio\\\/index.php\\\/2021\\\/10\\\/22\\\/provincia-garantizo-a-los-gremios-de-salud-las-licencias-ordinarias-de-verano\\\/#primaryimage\"},\"image\":{\"@id\":\"https:\\\/\\\/diariotextual.com\\\/inicio\\\/index.php\\\/2021\\\/10\\\/22\\\/provincia-garantizo-a-los-gremios-de-salud-las-licencias-ordinarias-de-verano\\\/#primaryimage\"},\"thumbnailUrl\":\"https:\\\/\\\/diariotextual.com\\\/inicio\\\/wp-content\\\/uploads\\\/2021\\\/10\\\/ziliottosergiogremiossalud2021-1.jpg\",\"datePublished\":\"2021-10-22T15:18:47+00:00\",\"dateModified\":\"2021-10-22T23:02:01+00:00\",\"breadcrumb\":{\"@id\":\"https:\\\/\\\/diariotextual.com\\\/inicio\\\/index.php\\\/2021\\\/10\\\/22\\\/provincia-garantizo-a-los-gremios-de-salud-las-licencias-ordinarias-de-verano\\\/#breadcrumb\"},\"inLanguage\":\"es\",\"potentialAction\":[{\"@type\":\"ReadAction\",\"target\":[\"https:\\\/\\\/diariotextual.com\\\/inicio\\\/index.php\\\/2021\\\/10\\\/22\\\/provincia-garantizo-a-los-gremios-de-salud-las-licencias-ordinarias-de-verano\\\/\"]}]},{\"@type\":\"ImageObject\",\"inLanguage\":\"es\",\"@id\":\"https:\\\/\\\/diariotextual.com\\\/inicio\\\/index.php\\\/2021\\\/10\\\/22\\\/provincia-garantizo-a-los-gremios-de-salud-las-licencias-ordinarias-de-verano\\\/#primaryimage\",\"url\":\"https:\\\/\\\/diariotextual.com\\\/inicio\\\/wp-content\\\/uploads\\\/2021\\\/10\\\/ziliottosergiogremiossalud2021-1.jpg\",\"contentUrl\":\"https:\\\/\\\/diariotextual.com\\\/inicio\\\/wp-content\\\/uploads\\\/2021\\\/10\\\/ziliottosergiogremiossalud2021-1.jpg\",\"width\":2000,\"height\":1177},{\"@type\":\"BreadcrumbList\",\"@id\":\"https:\\\/\\\/diariotextual.com\\\/inicio\\\/index.php\\\/2021\\\/10\\\/22\\\/provincia-garantizo-a-los-gremios-de-salud-las-licencias-ordinarias-de-verano\\\/#breadcrumb\",\"itemListElement\":[{\"@type\":\"ListItem\",\"position\":1,\"name\":\"Portada\",\"item\":\"https:\\\/\\\/diariotextual.com\\\/inicio\\\/\"},{\"@type\":\"ListItem\",\"position\":2,\"name\":\"Ziliotto garantiz\u00f3 a los gremios de Salud las licencias ordinarias de verano\"}]},{\"@type\":\"WebSite\",\"@id\":\"https:\\\/\\\/diariotextual.com\\\/inicio\\\/#website\",\"url\":\"https:\\\/\\\/diariotextual.com\\\/inicio\\\/\",\"name\":\"Diario Textual\",\"description\":\"\",\"publisher\":{\"@id\":\"https:\\\/\\\/diariotextual.com\\\/inicio\\\/#organization\"},\"potentialAction\":[{\"@type\":\"SearchAction\",\"target\":{\"@type\":\"EntryPoint\",\"urlTemplate\":\"https:\\\/\\\/diariotextual.com\\\/inicio\\\/?s={search_term_string}\"},\"query-input\":{\"@type\":\"PropertyValueSpecification\",\"valueRequired\":true,\"valueName\":\"search_term_string\"}}],\"inLanguage\":\"es\"},{\"@type\":\"Organization\",\"@id\":\"https:\\\/\\\/diariotextual.com\\\/inicio\\\/#organization\",\"name\":\"Diario Textual\",\"url\":\"https:\\\/\\\/diariotextual.com\\\/inicio\\\/\",\"logo\":{\"@type\":\"ImageObject\",\"inLanguage\":\"es\",\"@id\":\"https:\\\/\\\/diariotextual.com\\\/inicio\\\/#\\\/schema\\\/logo\\\/image\\\/\",\"url\":\"https:\\\/\\\/diariotextual.com\\\/inicio\\\/wp-content\\\/uploads\\\/2023\\\/05\\\/logotextual1.jpg\",\"contentUrl\":\"https:\\\/\\\/diariotextual.com\\\/inicio\\\/wp-content\\\/uploads\\\/2023\\\/05\\\/logotextual1.jpg\",\"width\":516,\"height\":76,\"caption\":\"Diario Textual\"},\"image\":{\"@id\":\"https:\\\/\\\/diariotextual.com\\\/inicio\\\/#\\\/schema\\\/logo\\\/image\\\/\"},\"sameAs\":[\"https:\\\/\\\/www.facebook.com\\\/eltextual\",\"https:\\\/\\\/x.com\\\/eltextual\",\"http:\\\/\\\/www.instagram.com\\\/eltextual\"]},{\"@type\":\"Person\",\"@id\":\"https:\\\/\\\/diariotextual.com\\\/inicio\\\/#\\\/schema\\\/person\\\/418fc4093c33e86ed41562db3508f958\",\"name\":\"Diario1 Diario1\",\"image\":{\"@type\":\"ImageObject\",\"inLanguage\":\"es\",\"@id\":\"https:\\\/\\\/secure.gravatar.com\\\/avatar\\\/9167d280179c85bc18be67aa7eda765854300033af4896dd779b608640f2ef7a?s=96&d=mm&r=g\",\"url\":\"https:\\\/\\\/secure.gravatar.com\\\/avatar\\\/9167d280179c85bc18be67aa7eda765854300033af4896dd779b608640f2ef7a?s=96&d=mm&r=g\",\"contentUrl\":\"https:\\\/\\\/secure.gravatar.com\\\/avatar\\\/9167d280179c85bc18be67aa7eda765854300033af4896dd779b608640f2ef7a?s=96&d=mm&r=g\",\"caption\":\"Diario1 Diario1\"},\"url\":\"https:\\\/\\\/diariotextual.com\\\/inicio\\\/index.php\\\/author\\\/diario1\\\/\"}]}<\/script>\n<!-- \/ Yoast SEO plugin. -->","yoast_head_json":{"title":"Ziliotto garantiz\u00f3 a los gremios de Salud las licencias ordinarias de verano - Diario Textual","robots":{"index":"index","follow":"follow","max-snippet":"max-snippet:-1","max-image-preview":"max-image-preview:large","max-video-preview":"max-video-preview:-1"},"canonical":"https:\/\/diariotextual.com\/inicio\/index.php\/2021\/10\/22\/provincia-garantizo-a-los-gremios-de-salud-las-licencias-ordinarias-de-verano\/","og_locale":"es_ES","og_type":"article","og_title":"Ziliotto garantiz\u00f3 a los gremios de Salud las licencias ordinarias de verano - Diario Textual","og_description":"El gobernador Sergio Ziliotto, en el marco de la reuni\u00f3n prevista entre las secretar\u00edas de Trabajo y la de Salud con los gremios que nuclean a los trabajadores de Salud&hellip;","og_url":"https:\/\/diariotextual.com\/inicio\/index.php\/2021\/10\/22\/provincia-garantizo-a-los-gremios-de-salud-las-licencias-ordinarias-de-verano\/","og_site_name":"Diario Textual","article_publisher":"https:\/\/www.facebook.com\/eltextual","article_published_time":"2021-10-22T15:18:47+00:00","article_modified_time":"2021-10-22T23:02:01+00:00","og_image":[{"width":2000,"height":1177,"url":"https:\/\/diariotextual.com\/inicio\/wp-content\/uploads\/2021\/10\/ziliottosergiogremiossalud2021-1.jpg","type":"image\/jpeg"}],"author":"Diario1 Diario1","twitter_card":"summary_large_image","twitter_creator":"@eltextual","twitter_site":"@eltextual","twitter_misc":{"Escrito por":"Diario1 Diario1","Tiempo de lectura":"2 minutos"},"schema":{"@context":"https:\/\/schema.org","@graph":[{"@type":"Article","@id":"https:\/\/diariotextual.com\/inicio\/index.php\/2021\/10\/22\/provincia-garantizo-a-los-gremios-de-salud-las-licencias-ordinarias-de-verano\/#article","isPartOf":{"@id":"https:\/\/diariotextual.com\/inicio\/index.php\/2021\/10\/22\/provincia-garantizo-a-los-gremios-de-salud-las-licencias-ordinarias-de-verano\/"},"author":{"name":"Diario1 Diario1","@id":"https:\/\/diariotextual.com\/inicio\/#\/schema\/person\/418fc4093c33e86ed41562db3508f958"},"headline":"Ziliotto garantiz\u00f3 a los gremios de Salud las licencias ordinarias de verano","datePublished":"2021-10-22T15:18:47+00:00","dateModified":"2021-10-22T23:02:01+00:00","mainEntityOfPage":{"@id":"https:\/\/diariotextual.com\/inicio\/index.php\/2021\/10\/22\/provincia-garantizo-a-los-gremios-de-salud-las-licencias-ordinarias-de-verano\/"},"wordCount":262,"publisher":{"@id":"https:\/\/diariotextual.com\/inicio\/#organization"},"image":{"@id":"https:\/\/diariotextual.com\/inicio\/index.php\/2021\/10\/22\/provincia-garantizo-a-los-gremios-de-salud-las-licencias-ordinarias-de-verano\/#primaryimage"},"thumbnailUrl":"https:\/\/diariotextual.com\/inicio\/wp-content\/uploads\/2021\/10\/ziliottosergiogremiossalud2021-1.jpg","articleSection":["A - PORTADA2","POLITICA"],"inLanguage":"es"},{"@type":"WebPage","@id":"https:\/\/diariotextual.com\/inicio\/index.php\/2021\/10\/22\/provincia-garantizo-a-los-gremios-de-salud-las-licencias-ordinarias-de-verano\/","url":"https:\/\/diariotextual.com\/inicio\/index.php\/2021\/10\/22\/provincia-garantizo-a-los-gremios-de-salud-las-licencias-ordinarias-de-verano\/","name":"Ziliotto garantiz\u00f3 a los gremios de Salud las licencias ordinarias de verano - Diario Textual","isPartOf":{"@id":"https:\/\/diariotextual.com\/inicio\/#website"},"primaryImageOfPage":{"@id":"https:\/\/diariotextual.com\/inicio\/index.php\/2021\/10\/22\/provincia-garantizo-a-los-gremios-de-salud-las-licencias-ordinarias-de-verano\/#primaryimage"},"image":{"@id":"https:\/\/diariotextual.com\/inicio\/index.php\/2021\/10\/22\/provincia-garantizo-a-los-gremios-de-salud-las-licencias-ordinarias-de-verano\/#primaryimage"},"thumbnailUrl":"https:\/\/diariotextual.com\/inicio\/wp-content\/uploads\/2021\/10\/ziliottosergiogremiossalud2021-1.jpg","datePublished":"2021-10-22T15:18:47+00:00","dateModified":"2021-10-22T23:02:01+00:00","breadcrumb":{"@id":"https:\/\/diariotextual.com\/inicio\/index.php\/2021\/10\/22\/provincia-garantizo-a-los-gremios-de-salud-las-licencias-ordinarias-de-verano\/#breadcrumb"},"inLanguage":"es","potentialAction":[{"@type":"ReadAction","target":["https:\/\/diariotextual.com\/inicio\/index.php\/2021\/10\/22\/provincia-garantizo-a-los-gremios-de-salud-las-licencias-ordinarias-de-verano\/"]}]},{"@type":"ImageObject","inLanguage":"es","@id":"https:\/\/diariotextual.com\/inicio\/index.php\/2021\/10\/22\/provincia-garantizo-a-los-gremios-de-salud-las-licencias-ordinarias-de-verano\/#primaryimage","url":"https:\/\/diariotextual.com\/inicio\/wp-content\/uploads\/2021\/10\/ziliottosergiogremiossalud2021-1.jpg","contentUrl":"https:\/\/diariotextual.com\/inicio\/wp-content\/uploads\/2021\/10\/ziliottosergiogremiossalud2021-1.jpg","width":2000,"height":1177},{"@type":"BreadcrumbList","@id":"https:\/\/diariotextual.com\/inicio\/index.php\/2021\/10\/22\/provincia-garantizo-a-los-gremios-de-salud-las-licencias-ordinarias-de-verano\/#breadcrumb","itemListElement":[{"@type":"ListItem","position":1,"name":"Portada","item":"https:\/\/diariotextual.com\/inicio\/"},{"@type":"ListItem","position":2,"name":"Ziliotto garantiz\u00f3 a los gremios de Salud las licencias ordinarias de verano"}]},{"@type":"WebSite","@id":"https:\/\/diariotextual.com\/inicio\/#website","url":"https:\/\/diariotextual.com\/inicio\/","name":"Diario Textual","description":"","publisher":{"@id":"https:\/\/diariotextual.com\/inicio\/#organization"},"potentialAction":[{"@type":"SearchAction","target":{"@type":"EntryPoint","urlTemplate":"https:\/\/diariotextual.com\/inicio\/?s={search_term_string}"},"query-input":{"@type":"PropertyValueSpecification","valueRequired":true,"valueName":"search_term_string"}}],"inLanguage":"es"},{"@type":"Organization","@id":"https:\/\/diariotextual.com\/inicio\/#organization","name":"Diario Textual","url":"https:\/\/diariotextual.com\/inicio\/","logo":{"@type":"ImageObject","inLanguage":"es","@id":"https:\/\/diariotextual.com\/inicio\/#\/schema\/logo\/image\/","url":"https:\/\/diariotextual.com\/inicio\/wp-content\/uploads\/2023\/05\/logotextual1.jpg","contentUrl":"https:\/\/diariotextual.com\/inicio\/wp-content\/uploads\/2023\/05\/logotextual1.jpg","width":516,"height":76,"caption":"Diario Textual"},"image":{"@id":"https:\/\/diariotextual.com\/inicio\/#\/schema\/logo\/image\/"},"sameAs":["https:\/\/www.facebook.com\/eltextual","https:\/\/x.com\/eltextual","http:\/\/www.instagram.com\/eltextual"]},{"@type":"Person","@id":"https:\/\/diariotextual.com\/inicio\/#\/schema\/person\/418fc4093c33e86ed41562db3508f958","name":"Diario1 Diario1","image":{"@type":"ImageObject","inLanguage":"es","@id":"https:\/\/secure.gravatar.com\/avatar\/9167d280179c85bc18be67aa7eda765854300033af4896dd779b608640f2ef7a?s=96&d=mm&r=g","url":"https:\/\/secure.gravatar.com\/avatar\/9167d280179c85bc18be67aa7eda765854300033af4896dd779b608640f2ef7a?s=96&d=mm&r=g","contentUrl":"https:\/\/secure.gravatar.com\/avatar\/9167d280179c85bc18be67aa7eda765854300033af4896dd779b608640f2ef7a?s=96&d=mm&r=g","caption":"Diario1 Diario1"},"url":"https:\/\/diariotextual.com\/inicio\/index.php\/author\/diario1\/"}]}},"_links":{"self":[{"href":"https:\/\/diariotextual.com\/inicio\/index.php\/wp-json\/wp\/v2\/posts\/166178","targetHints":{"allow":["GET"]}}],"collection":[{"href":"https:\/\/diariotextual.com\/inicio\/index.php\/wp-json\/wp\/v2\/posts"}],"about":[{"href":"https:\/\/diariotextual.com\/inicio\/index.php\/wp-json\/wp\/v2\/types\/post"}],"author":[{"embeddable":true,"href":"https:\/\/diariotextual.com\/inicio\/index.php\/wp-json\/wp\/v2\/users\/3"}],"replies":[{"embeddable":true,"href":"https:\/\/diariotextual.com\/inicio\/index.php\/wp-json\/wp\/v2\/comments?post=166178"}],"version-history":[{"count":3,"href":"https:\/\/diariotextual.com\/inicio\/index.php\/wp-json\/wp\/v2\/posts\/166178\/revisions"}],"predecessor-version":[{"id":166182,"href":"https:\/\/diariotextual.com\/inicio\/index.php\/wp-json\/wp\/v2\/posts\/166178\/revisions\/166182"}],"wp:featuredmedia":[{"embeddable":true,"href":"https:\/\/diariotextual.com\/inicio\/index.php\/wp-json\/wp\/v2\/media\/166181"}],"wp:attachment":[{"href":"https:\/\/diariotextual.com\/inicio\/index.php\/wp-json\/wp\/v2\/media?parent=166178"}],"wp:term":[{"taxonomy":"category","embeddable":true,"href":"https:\/\/diariotextual.com\/inicio\/index.php\/wp-json\/wp\/v2\/categories?post=166178"},{"taxonomy":"post_tag","embeddable":true,"href":"https:\/\/diariotextual.com\/inicio\/index.php\/wp-json\/wp\/v2\/tags?post=166178"}],"curies":[{"name":"wp","href":"https:\/\/api.w.org\/{rel}","templated":true}]}}