{"id":166359,"date":"2021-10-24T19:58:33","date_gmt":"2021-10-24T22:58:33","guid":{"rendered":"https:\/\/diariotextual.com\/inicio\/?p=166359"},"modified":"2021-10-24T22:45:00","modified_gmt":"2021-10-25T01:45:00","slug":"verna-sigue-sin-aparecer-y-sus-soldados-hacen-la-plancha-en-pico","status":"publish","type":"post","link":"https:\/\/diariotextual.com\/inicio\/index.php\/2021\/10\/24\/verna-sigue-sin-aparecer-y-sus-soldados-hacen-la-plancha-en-pico\/","title":{"rendered":"Verna sigue sin aparecer y sus soldados hacen la plancha en Pico"},"content":{"rendered":"\n<p>La interna de la <strong>l\u00ednea Plural,<\/strong> comandada por <strong>Carlos Verna<\/strong>, ya <strong>no se disimula<\/strong>. El exgobernador<strong> sigue sin hacer apariciones p\u00fablicas y alimenta todo tipo de elucubraciones dentro del peronismo<\/strong>. Principalmente en<strong> General Pico<\/strong>, su ciudad<strong>, donde en las PASO del 12 de septiembre el Frente de Todos cay\u00f3 por 7 mil votos contra las listas de Juntos por el Cambio.<\/strong><\/p>\n\n\n\n<p>En la ciudad norte\u00f1a,<strong> las principales espadas de Verna no han puesto el cuerpo a esta campa\u00f1a<\/strong>. El senador nacional Daniel Lovera, la diputada provincial Alicia Mayoral y hasta el viceintendente piquense Daniel L\u00f3pez no est\u00e1n militando por los candidatos y las candidatas del Frente de Todos.<\/p>\n\n\n\n<p><strong>Gran parte de peso de la campa\u00f1a qued\u00f3 en manos de la intendenta Fernanda Alonso. <\/strong>Otra a la que, seg\u00fan cuentan en el peronismo, Verna ya ni le atiende el tel\u00e9fono.<\/p>\n\n\n\n<p>Desde Pico se\u00f1alan a Diario Textual que Verna, con su silencio, est\u00e1 diciendo que \u00abest\u00e1 molesto\u00bb y que los del frente peronista \u00abno son sus candidatos\u00bb.<\/p>\n\n\n\n<p>No apareci\u00f3 a\u00fan en la campa\u00f1a y no hay ninguna se\u00f1al por ahora que saldr\u00e1 a embarrarse a la cancha. \u201c\u00bfPara qu\u00e9 Carlos va a salir a hacer campa\u00f1a? \u00bfPara cargar con una derrota?\u201d, preguntan, incr\u00e9dulos, sus allegados cuando se los consulta.<\/p>\n\n\n\n<p>En medio del r\u00edo revuelto, el PRO se frota las manos. <strong>\u201cFernanda no es Verna\u201d<\/strong>, fue el mensaje que se viraliz\u00f3 por Whatsapp, con una foto de Alonso y el exgobernador. Nacido presuntamente en las usinas del macrismo,<strong> lo divulgaron a sus contactos hasta los halcones del \u201cBarba\u201d.<\/strong><\/p>\n\n\n\n<p>Los ultravernistas dicen -al menos en off de r\u00e9cord- que<strong> JxC podr\u00eda ampliar la diferencia en Pico. Coinciden con el an\u00e1lisis que hacen los macristas-radicales. \u201cEn Pico vamos a sacar m\u00e1s votos\u201d, se agrandan los amarillos de Mart\u00edn Maquieyra.<\/strong><\/p>\n\n\n\n<p>La situaci\u00f3n es diametralmente opuesta en Santa Rosa: las l\u00edneas se han encolumnado para trabajar por la lista encabezada por Daniel Bensus\u00e1n y hasta patean las calles los exgobernadores <strong>Rub\u00e9n Mar\u00edn <\/strong>(Convergencia Peronista, cuatro veces gobernador) y<strong> Oscar Mario Jorge<\/strong> (Compromiso Peronista, dos veces mandatario provincial).<\/p>\n\n\n\n<figure class=\"wp-block-image size-large\"><img fetchpriority=\"high\" decoding=\"async\" width=\"1024\" height=\"652\" src=\"https:\/\/diariotextual.com\/inicio\/wp-content\/uploads\/2021\/10\/jorgeoscarmilitandolegislativas2021-1-1024x652.jpg\" alt=\"\" class=\"wp-image-166361\" srcset=\"https:\/\/diariotextual.com\/inicio\/wp-content\/uploads\/2021\/10\/jorgeoscarmilitandolegislativas2021-1-1024x652.jpg 1024w, https:\/\/diariotextual.com\/inicio\/wp-content\/uploads\/2021\/10\/jorgeoscarmilitandolegislativas2021-1-300x191.jpg 300w, https:\/\/diariotextual.com\/inicio\/wp-content\/uploads\/2021\/10\/jorgeoscarmilitandolegislativas2021-1-768x489.jpg 768w, https:\/\/diariotextual.com\/inicio\/wp-content\/uploads\/2021\/10\/jorgeoscarmilitandolegislativas2021-1-585x373.jpg 585w, https:\/\/diariotextual.com\/inicio\/wp-content\/uploads\/2021\/10\/jorgeoscarmilitandolegislativas2021-1.jpg 1108w\" sizes=\"(max-width: 1024px) 100vw, 1024px\" \/><\/figure>\n\n\n\n<p>Faltan tres semanas para las elecciones legislativas. El 14 de noviembre se sabr\u00e1 si el frente peronista logr\u00f3 revertir los resultados de las PASO.<\/p>\n\n\n\n<p>Hoy por hoy,<strong> en el campamento de Sergio Ziliotto creen que est\u00e1n achicando terreno. Pero la gran duda sigue siendo Pico. <\/strong><\/p>\n\n\n\n<figure class=\"wp-block-embed is-type-wp-embed is-provider-diario-textual wp-block-embed-diario-textual\"><div class=\"wp-block-embed__wrapper\">\n<blockquote class=\"wp-embedded-content\" data-secret=\"dDwNUWJRw4\"><a href=\"https:\/\/diariotextual.com\/inicio\/index.php\/2021\/10\/22\/en-todos-creen-que-dan-vuelta-santa-rosa-y-pierden-pico-y-se-preparan-para-el-poroteo-en-los-pueblos\/\">En Todos creen que dan vuelta Santa Rosa y pierden Pico<\/a><\/blockquote><iframe class=\"wp-embedded-content\" sandbox=\"allow-scripts\" security=\"restricted\" style=\"position: absolute; clip: rect(1px, 1px, 1px, 1px);\" title=\"\u00abEn Todos creen que dan vuelta Santa Rosa y pierden Pico\u00bb \u2014 Diario Textual\" src=\"https:\/\/diariotextual.com\/inicio\/index.php\/2021\/10\/22\/en-todos-creen-que-dan-vuelta-santa-rosa-y-pierden-pico-y-se-preparan-para-el-poroteo-en-los-pueblos\/embed\/#?secret=dDwNUWJRw4\" data-secret=\"dDwNUWJRw4\" width=\"600\" height=\"338\" frameborder=\"0\" marginwidth=\"0\" marginheight=\"0\" scrolling=\"no\"><\/iframe>\n<\/div><\/figure>\n","protected":false},"excerpt":{"rendered":"<p>La interna de la l\u00ednea Plural, comandada por Carlos Verna, ya no se disimula. El exgobernador sigue sin hacer apariciones p\u00fablicas y alimenta todo tipo de elucubraciones dentro del peronismo.&hellip;<\/p>\n","protected":false},"author":3,"featured_media":166380,"comment_status":"closed","ping_status":"open","sticky":false,"template":"","format":"standard","meta":{"_acf_changed":false,"footnotes":""},"categories":[10,8],"tags":[19],"class_list":["post-166359","post","type-post","status-publish","format-standard","has-post-thumbnail","hentry","category-portada-2","category-politica","tag-verna"],"acf":[],"yoast_head":"<!-- This site is optimized with the Yoast SEO plugin v27.5 - https:\/\/yoast.com\/product\/yoast-seo-wordpress\/ -->\n<title>Verna sigue sin aparecer y sus soldados hacen la plancha en Pico - Diario Textual<\/title>\n<meta name=\"robots\" content=\"index, follow, max-snippet:-1, max-image-preview:large, max-video-preview:-1\" \/>\n<link rel=\"canonical\" href=\"https:\/\/diariotextual.com\/inicio\/index.php\/2021\/10\/24\/verna-sigue-sin-aparecer-y-sus-soldados-hacen-la-plancha-en-pico\/\" \/>\n<meta property=\"og:locale\" content=\"es_ES\" \/>\n<meta property=\"og:type\" content=\"article\" \/>\n<meta property=\"og:title\" content=\"Verna sigue sin aparecer y sus soldados hacen la plancha en Pico - Diario Textual\" \/>\n<meta property=\"og:description\" content=\"La interna de la l\u00ednea Plural, comandada por Carlos Verna, ya no se disimula. El exgobernador sigue sin hacer apariciones p\u00fablicas y alimenta todo tipo de elucubraciones dentro del peronismo.&hellip;\" \/>\n<meta property=\"og:url\" content=\"https:\/\/diariotextual.com\/inicio\/index.php\/2021\/10\/24\/verna-sigue-sin-aparecer-y-sus-soldados-hacen-la-plancha-en-pico\/\" \/>\n<meta property=\"og:site_name\" content=\"Diario Textual\" \/>\n<meta property=\"article:publisher\" content=\"https:\/\/www.facebook.com\/eltextual\" \/>\n<meta property=\"article:published_time\" content=\"2021-10-24T22:58:33+00:00\" \/>\n<meta property=\"article:modified_time\" content=\"2021-10-25T01:45:00+00:00\" \/>\n<meta property=\"og:image\" content=\"https:\/\/diariotextual.com\/inicio\/wp-content\/uploads\/2021\/10\/vernacarlos0006.jpg\" \/>\n\t<meta property=\"og:image:width\" content=\"865\" \/>\n\t<meta property=\"og:image:height\" content=\"571\" \/>\n\t<meta property=\"og:image:type\" content=\"image\/jpeg\" \/>\n<meta name=\"author\" content=\"Diario1 Diario1\" \/>\n<meta name=\"twitter:card\" content=\"summary_large_image\" \/>\n<meta name=\"twitter:creator\" content=\"@eltextual\" \/>\n<meta name=\"twitter:site\" content=\"@eltextual\" \/>\n<meta name=\"twitter:label1\" content=\"Escrito por\" \/>\n\t<meta name=\"twitter:data1\" content=\"Diario1 Diario1\" \/>\n\t<meta name=\"twitter:label2\" content=\"Tiempo de lectura\" \/>\n\t<meta name=\"twitter:data2\" content=\"2 minutos\" \/>\n<script type=\"application\/ld+json\" class=\"yoast-schema-graph\">{\"@context\":\"https:\\\/\\\/schema.org\",\"@graph\":[{\"@type\":\"Article\",\"@id\":\"https:\\\/\\\/diariotextual.com\\\/inicio\\\/index.php\\\/2021\\\/10\\\/24\\\/verna-sigue-sin-aparecer-y-sus-soldados-hacen-la-plancha-en-pico\\\/#article\",\"isPartOf\":{\"@id\":\"https:\\\/\\\/diariotextual.com\\\/inicio\\\/index.php\\\/2021\\\/10\\\/24\\\/verna-sigue-sin-aparecer-y-sus-soldados-hacen-la-plancha-en-pico\\\/\"},\"author\":{\"name\":\"Diario1 Diario1\",\"@id\":\"https:\\\/\\\/diariotextual.com\\\/inicio\\\/#\\\/schema\\\/person\\\/418fc4093c33e86ed41562db3508f958\"},\"headline\":\"Verna sigue sin aparecer y sus soldados hacen la plancha en Pico\",\"datePublished\":\"2021-10-24T22:58:33+00:00\",\"dateModified\":\"2021-10-25T01:45:00+00:00\",\"mainEntityOfPage\":{\"@id\":\"https:\\\/\\\/diariotextual.com\\\/inicio\\\/index.php\\\/2021\\\/10\\\/24\\\/verna-sigue-sin-aparecer-y-sus-soldados-hacen-la-plancha-en-pico\\\/\"},\"wordCount\":428,\"publisher\":{\"@id\":\"https:\\\/\\\/diariotextual.com\\\/inicio\\\/#organization\"},\"image\":{\"@id\":\"https:\\\/\\\/diariotextual.com\\\/inicio\\\/index.php\\\/2021\\\/10\\\/24\\\/verna-sigue-sin-aparecer-y-sus-soldados-hacen-la-plancha-en-pico\\\/#primaryimage\"},\"thumbnailUrl\":\"https:\\\/\\\/diariotextual.com\\\/inicio\\\/wp-content\\\/uploads\\\/2021\\\/10\\\/vernacarlos0006.jpg\",\"keywords\":[\"verna\"],\"articleSection\":[\"A - PORTADA2\",\"POLITICA\"],\"inLanguage\":\"es\"},{\"@type\":\"WebPage\",\"@id\":\"https:\\\/\\\/diariotextual.com\\\/inicio\\\/index.php\\\/2021\\\/10\\\/24\\\/verna-sigue-sin-aparecer-y-sus-soldados-hacen-la-plancha-en-pico\\\/\",\"url\":\"https:\\\/\\\/diariotextual.com\\\/inicio\\\/index.php\\\/2021\\\/10\\\/24\\\/verna-sigue-sin-aparecer-y-sus-soldados-hacen-la-plancha-en-pico\\\/\",\"name\":\"Verna sigue sin aparecer y sus soldados hacen la plancha en Pico - Diario Textual\",\"isPartOf\":{\"@id\":\"https:\\\/\\\/diariotextual.com\\\/inicio\\\/#website\"},\"primaryImageOfPage\":{\"@id\":\"https:\\\/\\\/diariotextual.com\\\/inicio\\\/index.php\\\/2021\\\/10\\\/24\\\/verna-sigue-sin-aparecer-y-sus-soldados-hacen-la-plancha-en-pico\\\/#primaryimage\"},\"image\":{\"@id\":\"https:\\\/\\\/diariotextual.com\\\/inicio\\\/index.php\\\/2021\\\/10\\\/24\\\/verna-sigue-sin-aparecer-y-sus-soldados-hacen-la-plancha-en-pico\\\/#primaryimage\"},\"thumbnailUrl\":\"https:\\\/\\\/diariotextual.com\\\/inicio\\\/wp-content\\\/uploads\\\/2021\\\/10\\\/vernacarlos0006.jpg\",\"datePublished\":\"2021-10-24T22:58:33+00:00\",\"dateModified\":\"2021-10-25T01:45:00+00:00\",\"breadcrumb\":{\"@id\":\"https:\\\/\\\/diariotextual.com\\\/inicio\\\/index.php\\\/2021\\\/10\\\/24\\\/verna-sigue-sin-aparecer-y-sus-soldados-hacen-la-plancha-en-pico\\\/#breadcrumb\"},\"inLanguage\":\"es\",\"potentialAction\":[{\"@type\":\"ReadAction\",\"target\":[\"https:\\\/\\\/diariotextual.com\\\/inicio\\\/index.php\\\/2021\\\/10\\\/24\\\/verna-sigue-sin-aparecer-y-sus-soldados-hacen-la-plancha-en-pico\\\/\"]}]},{\"@type\":\"ImageObject\",\"inLanguage\":\"es\",\"@id\":\"https:\\\/\\\/diariotextual.com\\\/inicio\\\/index.php\\\/2021\\\/10\\\/24\\\/verna-sigue-sin-aparecer-y-sus-soldados-hacen-la-plancha-en-pico\\\/#primaryimage\",\"url\":\"https:\\\/\\\/diariotextual.com\\\/inicio\\\/wp-content\\\/uploads\\\/2021\\\/10\\\/vernacarlos0006.jpg\",\"contentUrl\":\"https:\\\/\\\/diariotextual.com\\\/inicio\\\/wp-content\\\/uploads\\\/2021\\\/10\\\/vernacarlos0006.jpg\",\"width\":865,\"height\":571},{\"@type\":\"BreadcrumbList\",\"@id\":\"https:\\\/\\\/diariotextual.com\\\/inicio\\\/index.php\\\/2021\\\/10\\\/24\\\/verna-sigue-sin-aparecer-y-sus-soldados-hacen-la-plancha-en-pico\\\/#breadcrumb\",\"itemListElement\":[{\"@type\":\"ListItem\",\"position\":1,\"name\":\"Portada\",\"item\":\"https:\\\/\\\/diariotextual.com\\\/inicio\\\/\"},{\"@type\":\"ListItem\",\"position\":2,\"name\":\"Verna sigue sin aparecer y sus soldados hacen la plancha en Pico\"}]},{\"@type\":\"WebSite\",\"@id\":\"https:\\\/\\\/diariotextual.com\\\/inicio\\\/#website\",\"url\":\"https:\\\/\\\/diariotextual.com\\\/inicio\\\/\",\"name\":\"Diario Textual\",\"description\":\"\",\"publisher\":{\"@id\":\"https:\\\/\\\/diariotextual.com\\\/inicio\\\/#organization\"},\"potentialAction\":[{\"@type\":\"SearchAction\",\"target\":{\"@type\":\"EntryPoint\",\"urlTemplate\":\"https:\\\/\\\/diariotextual.com\\\/inicio\\\/?s={search_term_string}\"},\"query-input\":{\"@type\":\"PropertyValueSpecification\",\"valueRequired\":true,\"valueName\":\"search_term_string\"}}],\"inLanguage\":\"es\"},{\"@type\":\"Organization\",\"@id\":\"https:\\\/\\\/diariotextual.com\\\/inicio\\\/#organization\",\"name\":\"Diario Textual\",\"url\":\"https:\\\/\\\/diariotextual.com\\\/inicio\\\/\",\"logo\":{\"@type\":\"ImageObject\",\"inLanguage\":\"es\",\"@id\":\"https:\\\/\\\/diariotextual.com\\\/inicio\\\/#\\\/schema\\\/logo\\\/image\\\/\",\"url\":\"https:\\\/\\\/diariotextual.com\\\/inicio\\\/wp-content\\\/uploads\\\/2023\\\/05\\\/logotextual1.jpg\",\"contentUrl\":\"https:\\\/\\\/diariotextual.com\\\/inicio\\\/wp-content\\\/uploads\\\/2023\\\/05\\\/logotextual1.jpg\",\"width\":516,\"height\":76,\"caption\":\"Diario Textual\"},\"image\":{\"@id\":\"https:\\\/\\\/diariotextual.com\\\/inicio\\\/#\\\/schema\\\/logo\\\/image\\\/\"},\"sameAs\":[\"https:\\\/\\\/www.facebook.com\\\/eltextual\",\"https:\\\/\\\/x.com\\\/eltextual\",\"http:\\\/\\\/www.instagram.com\\\/eltextual\"]},{\"@type\":\"Person\",\"@id\":\"https:\\\/\\\/diariotextual.com\\\/inicio\\\/#\\\/schema\\\/person\\\/418fc4093c33e86ed41562db3508f958\",\"name\":\"Diario1 Diario1\",\"image\":{\"@type\":\"ImageObject\",\"inLanguage\":\"es\",\"@id\":\"https:\\\/\\\/secure.gravatar.com\\\/avatar\\\/9167d280179c85bc18be67aa7eda765854300033af4896dd779b608640f2ef7a?s=96&d=mm&r=g\",\"url\":\"https:\\\/\\\/secure.gravatar.com\\\/avatar\\\/9167d280179c85bc18be67aa7eda765854300033af4896dd779b608640f2ef7a?s=96&d=mm&r=g\",\"contentUrl\":\"https:\\\/\\\/secure.gravatar.com\\\/avatar\\\/9167d280179c85bc18be67aa7eda765854300033af4896dd779b608640f2ef7a?s=96&d=mm&r=g\",\"caption\":\"Diario1 Diario1\"},\"url\":\"https:\\\/\\\/diariotextual.com\\\/inicio\\\/index.php\\\/author\\\/diario1\\\/\"}]}<\/script>\n<!-- \/ Yoast SEO plugin. -->","yoast_head_json":{"title":"Verna sigue sin aparecer y sus soldados hacen la plancha en Pico - Diario Textual","robots":{"index":"index","follow":"follow","max-snippet":"max-snippet:-1","max-image-preview":"max-image-preview:large","max-video-preview":"max-video-preview:-1"},"canonical":"https:\/\/diariotextual.com\/inicio\/index.php\/2021\/10\/24\/verna-sigue-sin-aparecer-y-sus-soldados-hacen-la-plancha-en-pico\/","og_locale":"es_ES","og_type":"article","og_title":"Verna sigue sin aparecer y sus soldados hacen la plancha en Pico - Diario Textual","og_description":"La interna de la l\u00ednea Plural, comandada por Carlos Verna, ya no se disimula. El exgobernador sigue sin hacer apariciones p\u00fablicas y alimenta todo tipo de elucubraciones dentro del peronismo.&hellip;","og_url":"https:\/\/diariotextual.com\/inicio\/index.php\/2021\/10\/24\/verna-sigue-sin-aparecer-y-sus-soldados-hacen-la-plancha-en-pico\/","og_site_name":"Diario Textual","article_publisher":"https:\/\/www.facebook.com\/eltextual","article_published_time":"2021-10-24T22:58:33+00:00","article_modified_time":"2021-10-25T01:45:00+00:00","og_image":[{"width":865,"height":571,"url":"https:\/\/diariotextual.com\/inicio\/wp-content\/uploads\/2021\/10\/vernacarlos0006.jpg","type":"image\/jpeg"}],"author":"Diario1 Diario1","twitter_card":"summary_large_image","twitter_creator":"@eltextual","twitter_site":"@eltextual","twitter_misc":{"Escrito por":"Diario1 Diario1","Tiempo de lectura":"2 minutos"},"schema":{"@context":"https:\/\/schema.org","@graph":[{"@type":"Article","@id":"https:\/\/diariotextual.com\/inicio\/index.php\/2021\/10\/24\/verna-sigue-sin-aparecer-y-sus-soldados-hacen-la-plancha-en-pico\/#article","isPartOf":{"@id":"https:\/\/diariotextual.com\/inicio\/index.php\/2021\/10\/24\/verna-sigue-sin-aparecer-y-sus-soldados-hacen-la-plancha-en-pico\/"},"author":{"name":"Diario1 Diario1","@id":"https:\/\/diariotextual.com\/inicio\/#\/schema\/person\/418fc4093c33e86ed41562db3508f958"},"headline":"Verna sigue sin aparecer y sus soldados hacen la plancha en Pico","datePublished":"2021-10-24T22:58:33+00:00","dateModified":"2021-10-25T01:45:00+00:00","mainEntityOfPage":{"@id":"https:\/\/diariotextual.com\/inicio\/index.php\/2021\/10\/24\/verna-sigue-sin-aparecer-y-sus-soldados-hacen-la-plancha-en-pico\/"},"wordCount":428,"publisher":{"@id":"https:\/\/diariotextual.com\/inicio\/#organization"},"image":{"@id":"https:\/\/diariotextual.com\/inicio\/index.php\/2021\/10\/24\/verna-sigue-sin-aparecer-y-sus-soldados-hacen-la-plancha-en-pico\/#primaryimage"},"thumbnailUrl":"https:\/\/diariotextual.com\/inicio\/wp-content\/uploads\/2021\/10\/vernacarlos0006.jpg","keywords":["verna"],"articleSection":["A - PORTADA2","POLITICA"],"inLanguage":"es"},{"@type":"WebPage","@id":"https:\/\/diariotextual.com\/inicio\/index.php\/2021\/10\/24\/verna-sigue-sin-aparecer-y-sus-soldados-hacen-la-plancha-en-pico\/","url":"https:\/\/diariotextual.com\/inicio\/index.php\/2021\/10\/24\/verna-sigue-sin-aparecer-y-sus-soldados-hacen-la-plancha-en-pico\/","name":"Verna sigue sin aparecer y sus soldados hacen la plancha en Pico - Diario Textual","isPartOf":{"@id":"https:\/\/diariotextual.com\/inicio\/#website"},"primaryImageOfPage":{"@id":"https:\/\/diariotextual.com\/inicio\/index.php\/2021\/10\/24\/verna-sigue-sin-aparecer-y-sus-soldados-hacen-la-plancha-en-pico\/#primaryimage"},"image":{"@id":"https:\/\/diariotextual.com\/inicio\/index.php\/2021\/10\/24\/verna-sigue-sin-aparecer-y-sus-soldados-hacen-la-plancha-en-pico\/#primaryimage"},"thumbnailUrl":"https:\/\/diariotextual.com\/inicio\/wp-content\/uploads\/2021\/10\/vernacarlos0006.jpg","datePublished":"2021-10-24T22:58:33+00:00","dateModified":"2021-10-25T01:45:00+00:00","breadcrumb":{"@id":"https:\/\/diariotextual.com\/inicio\/index.php\/2021\/10\/24\/verna-sigue-sin-aparecer-y-sus-soldados-hacen-la-plancha-en-pico\/#breadcrumb"},"inLanguage":"es","potentialAction":[{"@type":"ReadAction","target":["https:\/\/diariotextual.com\/inicio\/index.php\/2021\/10\/24\/verna-sigue-sin-aparecer-y-sus-soldados-hacen-la-plancha-en-pico\/"]}]},{"@type":"ImageObject","inLanguage":"es","@id":"https:\/\/diariotextual.com\/inicio\/index.php\/2021\/10\/24\/verna-sigue-sin-aparecer-y-sus-soldados-hacen-la-plancha-en-pico\/#primaryimage","url":"https:\/\/diariotextual.com\/inicio\/wp-content\/uploads\/2021\/10\/vernacarlos0006.jpg","contentUrl":"https:\/\/diariotextual.com\/inicio\/wp-content\/uploads\/2021\/10\/vernacarlos0006.jpg","width":865,"height":571},{"@type":"BreadcrumbList","@id":"https:\/\/diariotextual.com\/inicio\/index.php\/2021\/10\/24\/verna-sigue-sin-aparecer-y-sus-soldados-hacen-la-plancha-en-pico\/#breadcrumb","itemListElement":[{"@type":"ListItem","position":1,"name":"Portada","item":"https:\/\/diariotextual.com\/inicio\/"},{"@type":"ListItem","position":2,"name":"Verna sigue sin aparecer y sus soldados hacen la plancha en Pico"}]},{"@type":"WebSite","@id":"https:\/\/diariotextual.com\/inicio\/#website","url":"https:\/\/diariotextual.com\/inicio\/","name":"Diario Textual","description":"","publisher":{"@id":"https:\/\/diariotextual.com\/inicio\/#organization"},"potentialAction":[{"@type":"SearchAction","target":{"@type":"EntryPoint","urlTemplate":"https:\/\/diariotextual.com\/inicio\/?s={search_term_string}"},"query-input":{"@type":"PropertyValueSpecification","valueRequired":true,"valueName":"search_term_string"}}],"inLanguage":"es"},{"@type":"Organization","@id":"https:\/\/diariotextual.com\/inicio\/#organization","name":"Diario Textual","url":"https:\/\/diariotextual.com\/inicio\/","logo":{"@type":"ImageObject","inLanguage":"es","@id":"https:\/\/diariotextual.com\/inicio\/#\/schema\/logo\/image\/","url":"https:\/\/diariotextual.com\/inicio\/wp-content\/uploads\/2023\/05\/logotextual1.jpg","contentUrl":"https:\/\/diariotextual.com\/inicio\/wp-content\/uploads\/2023\/05\/logotextual1.jpg","width":516,"height":76,"caption":"Diario Textual"},"image":{"@id":"https:\/\/diariotextual.com\/inicio\/#\/schema\/logo\/image\/"},"sameAs":["https:\/\/www.facebook.com\/eltextual","https:\/\/x.com\/eltextual","http:\/\/www.instagram.com\/eltextual"]},{"@type":"Person","@id":"https:\/\/diariotextual.com\/inicio\/#\/schema\/person\/418fc4093c33e86ed41562db3508f958","name":"Diario1 Diario1","image":{"@type":"ImageObject","inLanguage":"es","@id":"https:\/\/secure.gravatar.com\/avatar\/9167d280179c85bc18be67aa7eda765854300033af4896dd779b608640f2ef7a?s=96&d=mm&r=g","url":"https:\/\/secure.gravatar.com\/avatar\/9167d280179c85bc18be67aa7eda765854300033af4896dd779b608640f2ef7a?s=96&d=mm&r=g","contentUrl":"https:\/\/secure.gravatar.com\/avatar\/9167d280179c85bc18be67aa7eda765854300033af4896dd779b608640f2ef7a?s=96&d=mm&r=g","caption":"Diario1 Diario1"},"url":"https:\/\/diariotextual.com\/inicio\/index.php\/author\/diario1\/"}]}},"_links":{"self":[{"href":"https:\/\/diariotextual.com\/inicio\/index.php\/wp-json\/wp\/v2\/posts\/166359","targetHints":{"allow":["GET"]}}],"collection":[{"href":"https:\/\/diariotextual.com\/inicio\/index.php\/wp-json\/wp\/v2\/posts"}],"about":[{"href":"https:\/\/diariotextual.com\/inicio\/index.php\/wp-json\/wp\/v2\/types\/post"}],"author":[{"embeddable":true,"href":"https:\/\/diariotextual.com\/inicio\/index.php\/wp-json\/wp\/v2\/users\/3"}],"replies":[{"embeddable":true,"href":"https:\/\/diariotextual.com\/inicio\/index.php\/wp-json\/wp\/v2\/comments?post=166359"}],"version-history":[{"count":5,"href":"https:\/\/diariotextual.com\/inicio\/index.php\/wp-json\/wp\/v2\/posts\/166359\/revisions"}],"predecessor-version":[{"id":166372,"href":"https:\/\/diariotextual.com\/inicio\/index.php\/wp-json\/wp\/v2\/posts\/166359\/revisions\/166372"}],"wp:featuredmedia":[{"embeddable":true,"href":"https:\/\/diariotextual.com\/inicio\/index.php\/wp-json\/wp\/v2\/media\/166380"}],"wp:attachment":[{"href":"https:\/\/diariotextual.com\/inicio\/index.php\/wp-json\/wp\/v2\/media?parent=166359"}],"wp:term":[{"taxonomy":"category","embeddable":true,"href":"https:\/\/diariotextual.com\/inicio\/index.php\/wp-json\/wp\/v2\/categories?post=166359"},{"taxonomy":"post_tag","embeddable":true,"href":"https:\/\/diariotextual.com\/inicio\/index.php\/wp-json\/wp\/v2\/tags?post=166359"}],"curies":[{"name":"wp","href":"https:\/\/api.w.org\/{rel}","templated":true}]}}