{"id":166364,"date":"2021-10-24T20:06:41","date_gmt":"2021-10-24T23:06:41","guid":{"rendered":"https:\/\/diariotextual.com\/inicio\/?p=166364"},"modified":"2021-10-24T22:30:42","modified_gmt":"2021-10-25T01:30:42","slug":"llevaba-198-pastillas-de-anfetaminas-y-se-las-secuestran-en-la-terminal-de-santa-rosa","status":"publish","type":"post","link":"https:\/\/diariotextual.com\/inicio\/index.php\/2021\/10\/24\/llevaba-198-pastillas-de-anfetaminas-y-se-las-secuestran-en-la-terminal-de-santa-rosa\/","title":{"rendered":"En la terminal de Santa Rosa secuestraron  198 pastillas de anfetaminas"},"content":{"rendered":"\n<p>Este s\u00e1bado personal del Grupo de Control del Tr\u00e1fico Il\u00edcito de Drogas, dependiente del \u00c1rea de Coordinaci\u00f3n Operativa de Lucha Contra el Narcotr\u00e1fico, realiz\u00f3 un operativo de control de encomiendas en la Terminal de Santa Rosa donde secuestr\u00f3 198 pastillas de anfetaminas.<\/p>\n\n\n\n<p>El procedimiento se realiz\u00f3 en horas del mediod\u00eda, cuando los uniformados inspeccionaron encomiendas utilizando el equipo m\u00f3vil de \u201crayos X\u201d Mercedes Benz Sprinter Scanvan. \u00abEn esas circunstancias lograron detectar varios objetos peque\u00f1os, similares a pastillas. Presumiendo que se trataba de una sustancia ilegal, se siguieron las correspondientes acciones legales.&nbsp;Ante esto, el Juzgado Federal local, a cargo del Dr. Juan Jos\u00e9 Baric, dispuso el secuestro de la encomienda en cuesti\u00f3n y se demor\u00f3 a la persona que intent\u00f3 retirar la encomienda en cuesti\u00f3n\u00bb, comunic\u00f3 el Ministerio de Seguridad.<br><\/p>\n\n\n\n<p>Cuando abrieron la encomienda, se detectaron en su interior 198 pastillas de color rosa con inscripci\u00f3n \u201cNintendo\u201d.<\/p>\n\n\n\n<p>\u00abAl ser sometidas al reactivo de prueba el mismo arroj\u00f3 resultado positivo para anfetaminas\u00bb, se comunic\u00f3.<\/p>\n\n\n\n<p>La persona que intent\u00f3 retirar la encomienda qued\u00f3 detenida.<\/p>\n\n\n\n<p><br><\/p>\n\n\n\n<p><\/p>\n","protected":false},"excerpt":{"rendered":"<p>Este s\u00e1bado personal del Grupo de Control del Tr\u00e1fico Il\u00edcito de Drogas, dependiente del \u00c1rea de Coordinaci\u00f3n Operativa de Lucha Contra el Narcotr\u00e1fico, realiz\u00f3 un operativo de control de encomiendas&hellip;<\/p>\n","protected":false},"author":3,"featured_media":166367,"comment_status":"closed","ping_status":"open","sticky":false,"template":"","format":"standard","meta":{"_acf_changed":false,"footnotes":""},"categories":[10,12],"tags":[6197],"class_list":["post-166364","post","type-post","status-publish","format-standard","has-post-thumbnail","hentry","category-portada-2","category-sociedad","tag-anfetaminas"],"acf":[],"yoast_head":"<!-- This site is optimized with the Yoast SEO plugin v27.5 - https:\/\/yoast.com\/product\/yoast-seo-wordpress\/ -->\n<title>En la terminal de Santa Rosa secuestraron 198 pastillas de anfetaminas - Diario Textual<\/title>\n<meta name=\"robots\" content=\"index, follow, max-snippet:-1, max-image-preview:large, max-video-preview:-1\" \/>\n<link rel=\"canonical\" href=\"https:\/\/diariotextual.com\/inicio\/index.php\/2021\/10\/24\/llevaba-198-pastillas-de-anfetaminas-y-se-las-secuestran-en-la-terminal-de-santa-rosa\/\" \/>\n<meta property=\"og:locale\" content=\"es_ES\" \/>\n<meta property=\"og:type\" content=\"article\" \/>\n<meta property=\"og:title\" content=\"En la terminal de Santa Rosa secuestraron 198 pastillas de anfetaminas - Diario Textual\" \/>\n<meta property=\"og:description\" content=\"Este s\u00e1bado personal del Grupo de Control del Tr\u00e1fico Il\u00edcito de Drogas, dependiente del \u00c1rea de Coordinaci\u00f3n Operativa de Lucha Contra el Narcotr\u00e1fico, realiz\u00f3 un operativo de control de encomiendas&hellip;\" \/>\n<meta property=\"og:url\" content=\"https:\/\/diariotextual.com\/inicio\/index.php\/2021\/10\/24\/llevaba-198-pastillas-de-anfetaminas-y-se-las-secuestran-en-la-terminal-de-santa-rosa\/\" \/>\n<meta property=\"og:site_name\" content=\"Diario Textual\" \/>\n<meta property=\"article:publisher\" content=\"https:\/\/www.facebook.com\/eltextual\" \/>\n<meta property=\"article:published_time\" content=\"2021-10-24T23:06:41+00:00\" \/>\n<meta property=\"article:modified_time\" content=\"2021-10-25T01:30:42+00:00\" \/>\n<meta property=\"og:image\" content=\"https:\/\/diariotextual.com\/inicio\/wp-content\/uploads\/2021\/10\/anfetaminas198santarosa-2021-1.jpg\" \/>\n\t<meta property=\"og:image:width\" content=\"987\" \/>\n\t<meta property=\"og:image:height\" content=\"587\" \/>\n\t<meta property=\"og:image:type\" content=\"image\/jpeg\" \/>\n<meta name=\"author\" content=\"Diario1 Diario1\" \/>\n<meta name=\"twitter:card\" content=\"summary_large_image\" \/>\n<meta name=\"twitter:creator\" content=\"@eltextual\" \/>\n<meta name=\"twitter:site\" content=\"@eltextual\" \/>\n<meta name=\"twitter:label1\" content=\"Escrito por\" \/>\n\t<meta name=\"twitter:data1\" content=\"Diario1 Diario1\" \/>\n\t<meta name=\"twitter:label2\" content=\"Tiempo de lectura\" \/>\n\t<meta name=\"twitter:data2\" content=\"1 minuto\" \/>\n<script type=\"application\/ld+json\" class=\"yoast-schema-graph\">{\"@context\":\"https:\\\/\\\/schema.org\",\"@graph\":[{\"@type\":\"Article\",\"@id\":\"https:\\\/\\\/diariotextual.com\\\/inicio\\\/index.php\\\/2021\\\/10\\\/24\\\/llevaba-198-pastillas-de-anfetaminas-y-se-las-secuestran-en-la-terminal-de-santa-rosa\\\/#article\",\"isPartOf\":{\"@id\":\"https:\\\/\\\/diariotextual.com\\\/inicio\\\/index.php\\\/2021\\\/10\\\/24\\\/llevaba-198-pastillas-de-anfetaminas-y-se-las-secuestran-en-la-terminal-de-santa-rosa\\\/\"},\"author\":{\"name\":\"Diario1 Diario1\",\"@id\":\"https:\\\/\\\/diariotextual.com\\\/inicio\\\/#\\\/schema\\\/person\\\/418fc4093c33e86ed41562db3508f958\"},\"headline\":\"En la terminal de Santa Rosa secuestraron 198 pastillas de anfetaminas\",\"datePublished\":\"2021-10-24T23:06:41+00:00\",\"dateModified\":\"2021-10-25T01:30:42+00:00\",\"mainEntityOfPage\":{\"@id\":\"https:\\\/\\\/diariotextual.com\\\/inicio\\\/index.php\\\/2021\\\/10\\\/24\\\/llevaba-198-pastillas-de-anfetaminas-y-se-las-secuestran-en-la-terminal-de-santa-rosa\\\/\"},\"wordCount\":192,\"publisher\":{\"@id\":\"https:\\\/\\\/diariotextual.com\\\/inicio\\\/#organization\"},\"image\":{\"@id\":\"https:\\\/\\\/diariotextual.com\\\/inicio\\\/index.php\\\/2021\\\/10\\\/24\\\/llevaba-198-pastillas-de-anfetaminas-y-se-las-secuestran-en-la-terminal-de-santa-rosa\\\/#primaryimage\"},\"thumbnailUrl\":\"https:\\\/\\\/diariotextual.com\\\/inicio\\\/wp-content\\\/uploads\\\/2021\\\/10\\\/anfetaminas198santarosa-2021-1.jpg\",\"keywords\":[\"anfetaminas\"],\"articleSection\":[\"A - PORTADA2\",\"SOCIEDAD\"],\"inLanguage\":\"es\"},{\"@type\":\"WebPage\",\"@id\":\"https:\\\/\\\/diariotextual.com\\\/inicio\\\/index.php\\\/2021\\\/10\\\/24\\\/llevaba-198-pastillas-de-anfetaminas-y-se-las-secuestran-en-la-terminal-de-santa-rosa\\\/\",\"url\":\"https:\\\/\\\/diariotextual.com\\\/inicio\\\/index.php\\\/2021\\\/10\\\/24\\\/llevaba-198-pastillas-de-anfetaminas-y-se-las-secuestran-en-la-terminal-de-santa-rosa\\\/\",\"name\":\"En la terminal de Santa Rosa secuestraron 198 pastillas de anfetaminas - Diario Textual\",\"isPartOf\":{\"@id\":\"https:\\\/\\\/diariotextual.com\\\/inicio\\\/#website\"},\"primaryImageOfPage\":{\"@id\":\"https:\\\/\\\/diariotextual.com\\\/inicio\\\/index.php\\\/2021\\\/10\\\/24\\\/llevaba-198-pastillas-de-anfetaminas-y-se-las-secuestran-en-la-terminal-de-santa-rosa\\\/#primaryimage\"},\"image\":{\"@id\":\"https:\\\/\\\/diariotextual.com\\\/inicio\\\/index.php\\\/2021\\\/10\\\/24\\\/llevaba-198-pastillas-de-anfetaminas-y-se-las-secuestran-en-la-terminal-de-santa-rosa\\\/#primaryimage\"},\"thumbnailUrl\":\"https:\\\/\\\/diariotextual.com\\\/inicio\\\/wp-content\\\/uploads\\\/2021\\\/10\\\/anfetaminas198santarosa-2021-1.jpg\",\"datePublished\":\"2021-10-24T23:06:41+00:00\",\"dateModified\":\"2021-10-25T01:30:42+00:00\",\"breadcrumb\":{\"@id\":\"https:\\\/\\\/diariotextual.com\\\/inicio\\\/index.php\\\/2021\\\/10\\\/24\\\/llevaba-198-pastillas-de-anfetaminas-y-se-las-secuestran-en-la-terminal-de-santa-rosa\\\/#breadcrumb\"},\"inLanguage\":\"es\",\"potentialAction\":[{\"@type\":\"ReadAction\",\"target\":[\"https:\\\/\\\/diariotextual.com\\\/inicio\\\/index.php\\\/2021\\\/10\\\/24\\\/llevaba-198-pastillas-de-anfetaminas-y-se-las-secuestran-en-la-terminal-de-santa-rosa\\\/\"]}]},{\"@type\":\"ImageObject\",\"inLanguage\":\"es\",\"@id\":\"https:\\\/\\\/diariotextual.com\\\/inicio\\\/index.php\\\/2021\\\/10\\\/24\\\/llevaba-198-pastillas-de-anfetaminas-y-se-las-secuestran-en-la-terminal-de-santa-rosa\\\/#primaryimage\",\"url\":\"https:\\\/\\\/diariotextual.com\\\/inicio\\\/wp-content\\\/uploads\\\/2021\\\/10\\\/anfetaminas198santarosa-2021-1.jpg\",\"contentUrl\":\"https:\\\/\\\/diariotextual.com\\\/inicio\\\/wp-content\\\/uploads\\\/2021\\\/10\\\/anfetaminas198santarosa-2021-1.jpg\",\"width\":987,\"height\":587},{\"@type\":\"BreadcrumbList\",\"@id\":\"https:\\\/\\\/diariotextual.com\\\/inicio\\\/index.php\\\/2021\\\/10\\\/24\\\/llevaba-198-pastillas-de-anfetaminas-y-se-las-secuestran-en-la-terminal-de-santa-rosa\\\/#breadcrumb\",\"itemListElement\":[{\"@type\":\"ListItem\",\"position\":1,\"name\":\"Portada\",\"item\":\"https:\\\/\\\/diariotextual.com\\\/inicio\\\/\"},{\"@type\":\"ListItem\",\"position\":2,\"name\":\"En la terminal de Santa Rosa secuestraron 198 pastillas de anfetaminas\"}]},{\"@type\":\"WebSite\",\"@id\":\"https:\\\/\\\/diariotextual.com\\\/inicio\\\/#website\",\"url\":\"https:\\\/\\\/diariotextual.com\\\/inicio\\\/\",\"name\":\"Diario Textual\",\"description\":\"\",\"publisher\":{\"@id\":\"https:\\\/\\\/diariotextual.com\\\/inicio\\\/#organization\"},\"potentialAction\":[{\"@type\":\"SearchAction\",\"target\":{\"@type\":\"EntryPoint\",\"urlTemplate\":\"https:\\\/\\\/diariotextual.com\\\/inicio\\\/?s={search_term_string}\"},\"query-input\":{\"@type\":\"PropertyValueSpecification\",\"valueRequired\":true,\"valueName\":\"search_term_string\"}}],\"inLanguage\":\"es\"},{\"@type\":\"Organization\",\"@id\":\"https:\\\/\\\/diariotextual.com\\\/inicio\\\/#organization\",\"name\":\"Diario Textual\",\"url\":\"https:\\\/\\\/diariotextual.com\\\/inicio\\\/\",\"logo\":{\"@type\":\"ImageObject\",\"inLanguage\":\"es\",\"@id\":\"https:\\\/\\\/diariotextual.com\\\/inicio\\\/#\\\/schema\\\/logo\\\/image\\\/\",\"url\":\"https:\\\/\\\/diariotextual.com\\\/inicio\\\/wp-content\\\/uploads\\\/2023\\\/05\\\/logotextual1.jpg\",\"contentUrl\":\"https:\\\/\\\/diariotextual.com\\\/inicio\\\/wp-content\\\/uploads\\\/2023\\\/05\\\/logotextual1.jpg\",\"width\":516,\"height\":76,\"caption\":\"Diario Textual\"},\"image\":{\"@id\":\"https:\\\/\\\/diariotextual.com\\\/inicio\\\/#\\\/schema\\\/logo\\\/image\\\/\"},\"sameAs\":[\"https:\\\/\\\/www.facebook.com\\\/eltextual\",\"https:\\\/\\\/x.com\\\/eltextual\",\"http:\\\/\\\/www.instagram.com\\\/eltextual\"]},{\"@type\":\"Person\",\"@id\":\"https:\\\/\\\/diariotextual.com\\\/inicio\\\/#\\\/schema\\\/person\\\/418fc4093c33e86ed41562db3508f958\",\"name\":\"Diario1 Diario1\",\"image\":{\"@type\":\"ImageObject\",\"inLanguage\":\"es\",\"@id\":\"https:\\\/\\\/secure.gravatar.com\\\/avatar\\\/9167d280179c85bc18be67aa7eda765854300033af4896dd779b608640f2ef7a?s=96&d=mm&r=g\",\"url\":\"https:\\\/\\\/secure.gravatar.com\\\/avatar\\\/9167d280179c85bc18be67aa7eda765854300033af4896dd779b608640f2ef7a?s=96&d=mm&r=g\",\"contentUrl\":\"https:\\\/\\\/secure.gravatar.com\\\/avatar\\\/9167d280179c85bc18be67aa7eda765854300033af4896dd779b608640f2ef7a?s=96&d=mm&r=g\",\"caption\":\"Diario1 Diario1\"},\"url\":\"https:\\\/\\\/diariotextual.com\\\/inicio\\\/index.php\\\/author\\\/diario1\\\/\"}]}<\/script>\n<!-- \/ Yoast SEO plugin. -->","yoast_head_json":{"title":"En la terminal de Santa Rosa secuestraron 198 pastillas de anfetaminas - Diario Textual","robots":{"index":"index","follow":"follow","max-snippet":"max-snippet:-1","max-image-preview":"max-image-preview:large","max-video-preview":"max-video-preview:-1"},"canonical":"https:\/\/diariotextual.com\/inicio\/index.php\/2021\/10\/24\/llevaba-198-pastillas-de-anfetaminas-y-se-las-secuestran-en-la-terminal-de-santa-rosa\/","og_locale":"es_ES","og_type":"article","og_title":"En la terminal de Santa Rosa secuestraron 198 pastillas de anfetaminas - Diario Textual","og_description":"Este s\u00e1bado personal del Grupo de Control del Tr\u00e1fico Il\u00edcito de Drogas, dependiente del \u00c1rea de Coordinaci\u00f3n Operativa de Lucha Contra el Narcotr\u00e1fico, realiz\u00f3 un operativo de control de encomiendas&hellip;","og_url":"https:\/\/diariotextual.com\/inicio\/index.php\/2021\/10\/24\/llevaba-198-pastillas-de-anfetaminas-y-se-las-secuestran-en-la-terminal-de-santa-rosa\/","og_site_name":"Diario Textual","article_publisher":"https:\/\/www.facebook.com\/eltextual","article_published_time":"2021-10-24T23:06:41+00:00","article_modified_time":"2021-10-25T01:30:42+00:00","og_image":[{"width":987,"height":587,"url":"https:\/\/diariotextual.com\/inicio\/wp-content\/uploads\/2021\/10\/anfetaminas198santarosa-2021-1.jpg","type":"image\/jpeg"}],"author":"Diario1 Diario1","twitter_card":"summary_large_image","twitter_creator":"@eltextual","twitter_site":"@eltextual","twitter_misc":{"Escrito por":"Diario1 Diario1","Tiempo de lectura":"1 minuto"},"schema":{"@context":"https:\/\/schema.org","@graph":[{"@type":"Article","@id":"https:\/\/diariotextual.com\/inicio\/index.php\/2021\/10\/24\/llevaba-198-pastillas-de-anfetaminas-y-se-las-secuestran-en-la-terminal-de-santa-rosa\/#article","isPartOf":{"@id":"https:\/\/diariotextual.com\/inicio\/index.php\/2021\/10\/24\/llevaba-198-pastillas-de-anfetaminas-y-se-las-secuestran-en-la-terminal-de-santa-rosa\/"},"author":{"name":"Diario1 Diario1","@id":"https:\/\/diariotextual.com\/inicio\/#\/schema\/person\/418fc4093c33e86ed41562db3508f958"},"headline":"En la terminal de Santa Rosa secuestraron 198 pastillas de anfetaminas","datePublished":"2021-10-24T23:06:41+00:00","dateModified":"2021-10-25T01:30:42+00:00","mainEntityOfPage":{"@id":"https:\/\/diariotextual.com\/inicio\/index.php\/2021\/10\/24\/llevaba-198-pastillas-de-anfetaminas-y-se-las-secuestran-en-la-terminal-de-santa-rosa\/"},"wordCount":192,"publisher":{"@id":"https:\/\/diariotextual.com\/inicio\/#organization"},"image":{"@id":"https:\/\/diariotextual.com\/inicio\/index.php\/2021\/10\/24\/llevaba-198-pastillas-de-anfetaminas-y-se-las-secuestran-en-la-terminal-de-santa-rosa\/#primaryimage"},"thumbnailUrl":"https:\/\/diariotextual.com\/inicio\/wp-content\/uploads\/2021\/10\/anfetaminas198santarosa-2021-1.jpg","keywords":["anfetaminas"],"articleSection":["A - PORTADA2","SOCIEDAD"],"inLanguage":"es"},{"@type":"WebPage","@id":"https:\/\/diariotextual.com\/inicio\/index.php\/2021\/10\/24\/llevaba-198-pastillas-de-anfetaminas-y-se-las-secuestran-en-la-terminal-de-santa-rosa\/","url":"https:\/\/diariotextual.com\/inicio\/index.php\/2021\/10\/24\/llevaba-198-pastillas-de-anfetaminas-y-se-las-secuestran-en-la-terminal-de-santa-rosa\/","name":"En la terminal de Santa Rosa secuestraron 198 pastillas de anfetaminas - Diario Textual","isPartOf":{"@id":"https:\/\/diariotextual.com\/inicio\/#website"},"primaryImageOfPage":{"@id":"https:\/\/diariotextual.com\/inicio\/index.php\/2021\/10\/24\/llevaba-198-pastillas-de-anfetaminas-y-se-las-secuestran-en-la-terminal-de-santa-rosa\/#primaryimage"},"image":{"@id":"https:\/\/diariotextual.com\/inicio\/index.php\/2021\/10\/24\/llevaba-198-pastillas-de-anfetaminas-y-se-las-secuestran-en-la-terminal-de-santa-rosa\/#primaryimage"},"thumbnailUrl":"https:\/\/diariotextual.com\/inicio\/wp-content\/uploads\/2021\/10\/anfetaminas198santarosa-2021-1.jpg","datePublished":"2021-10-24T23:06:41+00:00","dateModified":"2021-10-25T01:30:42+00:00","breadcrumb":{"@id":"https:\/\/diariotextual.com\/inicio\/index.php\/2021\/10\/24\/llevaba-198-pastillas-de-anfetaminas-y-se-las-secuestran-en-la-terminal-de-santa-rosa\/#breadcrumb"},"inLanguage":"es","potentialAction":[{"@type":"ReadAction","target":["https:\/\/diariotextual.com\/inicio\/index.php\/2021\/10\/24\/llevaba-198-pastillas-de-anfetaminas-y-se-las-secuestran-en-la-terminal-de-santa-rosa\/"]}]},{"@type":"ImageObject","inLanguage":"es","@id":"https:\/\/diariotextual.com\/inicio\/index.php\/2021\/10\/24\/llevaba-198-pastillas-de-anfetaminas-y-se-las-secuestran-en-la-terminal-de-santa-rosa\/#primaryimage","url":"https:\/\/diariotextual.com\/inicio\/wp-content\/uploads\/2021\/10\/anfetaminas198santarosa-2021-1.jpg","contentUrl":"https:\/\/diariotextual.com\/inicio\/wp-content\/uploads\/2021\/10\/anfetaminas198santarosa-2021-1.jpg","width":987,"height":587},{"@type":"BreadcrumbList","@id":"https:\/\/diariotextual.com\/inicio\/index.php\/2021\/10\/24\/llevaba-198-pastillas-de-anfetaminas-y-se-las-secuestran-en-la-terminal-de-santa-rosa\/#breadcrumb","itemListElement":[{"@type":"ListItem","position":1,"name":"Portada","item":"https:\/\/diariotextual.com\/inicio\/"},{"@type":"ListItem","position":2,"name":"En la terminal de Santa Rosa secuestraron 198 pastillas de anfetaminas"}]},{"@type":"WebSite","@id":"https:\/\/diariotextual.com\/inicio\/#website","url":"https:\/\/diariotextual.com\/inicio\/","name":"Diario Textual","description":"","publisher":{"@id":"https:\/\/diariotextual.com\/inicio\/#organization"},"potentialAction":[{"@type":"SearchAction","target":{"@type":"EntryPoint","urlTemplate":"https:\/\/diariotextual.com\/inicio\/?s={search_term_string}"},"query-input":{"@type":"PropertyValueSpecification","valueRequired":true,"valueName":"search_term_string"}}],"inLanguage":"es"},{"@type":"Organization","@id":"https:\/\/diariotextual.com\/inicio\/#organization","name":"Diario Textual","url":"https:\/\/diariotextual.com\/inicio\/","logo":{"@type":"ImageObject","inLanguage":"es","@id":"https:\/\/diariotextual.com\/inicio\/#\/schema\/logo\/image\/","url":"https:\/\/diariotextual.com\/inicio\/wp-content\/uploads\/2023\/05\/logotextual1.jpg","contentUrl":"https:\/\/diariotextual.com\/inicio\/wp-content\/uploads\/2023\/05\/logotextual1.jpg","width":516,"height":76,"caption":"Diario Textual"},"image":{"@id":"https:\/\/diariotextual.com\/inicio\/#\/schema\/logo\/image\/"},"sameAs":["https:\/\/www.facebook.com\/eltextual","https:\/\/x.com\/eltextual","http:\/\/www.instagram.com\/eltextual"]},{"@type":"Person","@id":"https:\/\/diariotextual.com\/inicio\/#\/schema\/person\/418fc4093c33e86ed41562db3508f958","name":"Diario1 Diario1","image":{"@type":"ImageObject","inLanguage":"es","@id":"https:\/\/secure.gravatar.com\/avatar\/9167d280179c85bc18be67aa7eda765854300033af4896dd779b608640f2ef7a?s=96&d=mm&r=g","url":"https:\/\/secure.gravatar.com\/avatar\/9167d280179c85bc18be67aa7eda765854300033af4896dd779b608640f2ef7a?s=96&d=mm&r=g","contentUrl":"https:\/\/secure.gravatar.com\/avatar\/9167d280179c85bc18be67aa7eda765854300033af4896dd779b608640f2ef7a?s=96&d=mm&r=g","caption":"Diario1 Diario1"},"url":"https:\/\/diariotextual.com\/inicio\/index.php\/author\/diario1\/"}]}},"_links":{"self":[{"href":"https:\/\/diariotextual.com\/inicio\/index.php\/wp-json\/wp\/v2\/posts\/166364","targetHints":{"allow":["GET"]}}],"collection":[{"href":"https:\/\/diariotextual.com\/inicio\/index.php\/wp-json\/wp\/v2\/posts"}],"about":[{"href":"https:\/\/diariotextual.com\/inicio\/index.php\/wp-json\/wp\/v2\/types\/post"}],"author":[{"embeddable":true,"href":"https:\/\/diariotextual.com\/inicio\/index.php\/wp-json\/wp\/v2\/users\/3"}],"replies":[{"embeddable":true,"href":"https:\/\/diariotextual.com\/inicio\/index.php\/wp-json\/wp\/v2\/comments?post=166364"}],"version-history":[{"count":4,"href":"https:\/\/diariotextual.com\/inicio\/index.php\/wp-json\/wp\/v2\/posts\/166364\/revisions"}],"predecessor-version":[{"id":166369,"href":"https:\/\/diariotextual.com\/inicio\/index.php\/wp-json\/wp\/v2\/posts\/166364\/revisions\/166369"}],"wp:featuredmedia":[{"embeddable":true,"href":"https:\/\/diariotextual.com\/inicio\/index.php\/wp-json\/wp\/v2\/media\/166367"}],"wp:attachment":[{"href":"https:\/\/diariotextual.com\/inicio\/index.php\/wp-json\/wp\/v2\/media?parent=166364"}],"wp:term":[{"taxonomy":"category","embeddable":true,"href":"https:\/\/diariotextual.com\/inicio\/index.php\/wp-json\/wp\/v2\/categories?post=166364"},{"taxonomy":"post_tag","embeddable":true,"href":"https:\/\/diariotextual.com\/inicio\/index.php\/wp-json\/wp\/v2\/tags?post=166364"}],"curies":[{"name":"wp","href":"https:\/\/api.w.org\/{rel}","templated":true}]}}