{"id":166392,"date":"2021-10-26T04:31:00","date_gmt":"2021-10-26T07:31:00","guid":{"rendered":"https:\/\/diariotextual.com\/inicio\/?p=166392"},"modified":"2021-10-26T14:42:20","modified_gmt":"2021-10-26T17:42:20","slug":"bullrich-inicia-una-gira-por-la-pampa-para-frenar-el-quorum-automatico-de-cfk","status":"publish","type":"post","link":"https:\/\/diariotextual.com\/inicio\/index.php\/2021\/10\/26\/bullrich-inicia-una-gira-por-la-pampa-para-frenar-el-quorum-automatico-de-cfk\/","title":{"rendered":"Bullrich recorre La Pampa con \u201cm\u00e1s rep\u00fablica\u201d, freno a los K y cr\u00edticas al PJ pampeano"},"content":{"rendered":"\n<p>La exministra <strong>Patricia Bullrich<\/strong> inici\u00f3 este lunes por la tarde una gira por La Pampa, una de las provincias clave para Juntos por el Cambio para tratar de arrebatarle un senador al frente peronista.<\/p>\n\n\n\n<p>En su cl\u00e1sico \u201cspeech\u201d, en un acto en el Club Ferro de Realic\u00f3, <strong>cuestion\u00f3 los \u201cvicios\u201d del kirchnerismo, dijo que La Pampa va a producir un \u201cquiebre social\u201d para derrotar al PJ y sostuvo que la coalici\u00f3n macrista-radical representa \u201cm\u00e1s trabajo\u201d e \u201cindependencia judicial\u201d.<\/strong><\/p>\n\n\n\n<p>Todo eso lo dijo en medio de las acusaciones que llegan, precisamente, al coraz\u00f3n del macrismo: espionaje ilegal, el armado de una Mesa Judicial para presionar y controlar a jueces y fiscales y los intentos de Mauricio Macri de no presentarse a una indagatoria.<\/p>\n\n\n\n<p>El acto se desarroll\u00f3 en el Club Ferro de Realic\u00f3. Estuvo acompa\u00f1ada p<strong>or los candidatos a senadores Daniel Kroneberger y Victoria Huala y a diputados Mart\u00edn Maquieyra y Marcela Coli.<\/strong> Tambi\u00e9n, por otros referentes de los partidos de la coalici\u00f3n.<\/p>\n\n\n\n<figure class=\"wp-block-image size-large\"><img fetchpriority=\"high\" decoding=\"async\" width=\"1024\" height=\"681\" src=\"https:\/\/diariotextual.com\/inicio\/wp-content\/uploads\/2021\/10\/bullrichpatriciarealicomaquieyrakronenerger2021-1-1024x681.jpg\" alt=\"\" class=\"wp-image-166531\" srcset=\"https:\/\/diariotextual.com\/inicio\/wp-content\/uploads\/2021\/10\/bullrichpatriciarealicomaquieyrakronenerger2021-1-1024x681.jpg 1024w, https:\/\/diariotextual.com\/inicio\/wp-content\/uploads\/2021\/10\/bullrichpatriciarealicomaquieyrakronenerger2021-1-300x199.jpg 300w, https:\/\/diariotextual.com\/inicio\/wp-content\/uploads\/2021\/10\/bullrichpatriciarealicomaquieyrakronenerger2021-1-768x511.jpg 768w, https:\/\/diariotextual.com\/inicio\/wp-content\/uploads\/2021\/10\/bullrichpatriciarealicomaquieyrakronenerger2021-1-585x389.jpg 585w, https:\/\/diariotextual.com\/inicio\/wp-content\/uploads\/2021\/10\/bullrichpatriciarealicomaquieyrakronenerger2021-1-263x175.jpg 263w, https:\/\/diariotextual.com\/inicio\/wp-content\/uploads\/2021\/10\/bullrichpatriciarealicomaquieyrakronenerger2021-1.jpg 1128w\" sizes=\"(max-width: 1024px) 100vw, 1024px\" \/><\/figure>\n\n\n\n<p>La visita se prolongar\u00e1 durante este martes 26. Har\u00e1 una recorrida por Intendente Alvear, General Pico y Santa Rosa.<\/p>\n\n\n\n<p>Lleg\u00f3 con el slogan de campa\u00f1a <strong>\u201cCinco senadores\u201d<\/strong>, como viene haciendo provincia por provincia. El objetivo es dejar a Cristina Kirchner sin qu\u00f3rum propio en la C\u00e1mara alta.<\/p>\n\n\n\n<p>Con los n\u00fameros de septiembre, el Frente de Todos, que tiene 41 senadores, perder\u00eda 6: 2 por Chubut y otro por Santa Fe, C\u00f3rdoba, Corrientes y&nbsp;<strong>La Pampa, la \u00fanica provincia en la que se esperanza en revertir el resultado<\/strong>. El bloque conducido por Cristina quedar\u00eda con 35 votos, a 2 del qu\u00f3rum, que podr\u00eda conseguir si sostiene su alianza con los gobiernos de Misiones y R\u00edo Negro, que le aportan un senador cada una.<\/p>\n\n\n\n<p>La mayor\u00eda del Senado no alcanza para aprobar leyes, pero tiene peso espec\u00edfico: sirve para nombrar jueces, diplom\u00e1ticos y militares. Adem\u00e1s, alcanza para sostener un decreto de necesidad y urgencia del presidente.<\/p>\n\n\n\n<p>Las elecciones en La Pampa son centrales para JxC. En las PASO, la coalici\u00f3n opositora sac\u00f3 20 mil votos por encima del Frente de Todos.<\/p>\n\n\n\n<p>\u201cLa Pampa es muy importante\u201d, dijo Bullrich. \u201cCada senador y cada gobernador vale, recorr\u00ed dos veces el pa\u00eds y en todos los lugares tenemos buenos candidatos, La Pampa no solamente va a lograr dos senadores, sino que va a romper la historia de estar gobernada por el mismo partido desde 1983, va a cambiar el signo pol\u00edtico que la gobierna\u201d, dijo.<\/p>\n\n\n\n<p><br>\u00bfPor qu\u00e9 es central esta legislativa? \u201cHay que quitarle la mayor\u00eda al kirchnerismo pero no porque no queremos que tengan quorum, sino porque cada juez que se elige en Argentina hoy lo elige Cristina (Fern\u00e1ndez)\u201d, sostuvo.<\/p>\n\n\n\n<p>\u00abEn La Pampa, en las PASO arrasamos con mas de 10 puntos en la provincia y el peronismo pampeano sac\u00f3 la menor cantidad de votos en su historia. Eso es importante porque hab\u00eda gente que los votaba por tradici\u00f3n y ahora nos vota a nosotros porque representamos la cultura del trabajo\u00bb, esboz\u00f3.<\/p>\n\n\n\n<p>\u201cEl neopopulismo lo que ha hecho es empobrecer. La Pampa va a lograr los dos senadores. La Pampa est\u00e1 gobernada por el mismo partido desde 1983 y se va romper con eso\u201d, dijo.<\/p>\n\n\n\n<p><\/p>\n","protected":false},"excerpt":{"rendered":"<p>La exministra Patricia Bullrich inici\u00f3 este lunes por la tarde una gira por La Pampa, una de las provincias clave para Juntos por el Cambio para tratar de arrebatarle un&hellip;<\/p>\n","protected":false},"author":3,"featured_media":166524,"comment_status":"closed","ping_status":"open","sticky":false,"template":"","format":"standard","meta":{"_acf_changed":false,"footnotes":""},"categories":[10,8],"tags":[174],"class_list":["post-166392","post","type-post","status-publish","format-standard","has-post-thumbnail","hentry","category-portada-2","category-politica","tag-bullrich"],"acf":[],"yoast_head":"<!-- This site is optimized with the Yoast SEO plugin v27.5 - https:\/\/yoast.com\/product\/yoast-seo-wordpress\/ -->\n<title>Bullrich recorre La Pampa con \u201cm\u00e1s rep\u00fablica\u201d, freno a los K y cr\u00edticas al PJ pampeano - Diario Textual<\/title>\n<meta name=\"robots\" content=\"index, follow, max-snippet:-1, max-image-preview:large, max-video-preview:-1\" \/>\n<link rel=\"canonical\" href=\"https:\/\/diariotextual.com\/inicio\/index.php\/2021\/10\/26\/bullrich-inicia-una-gira-por-la-pampa-para-frenar-el-quorum-automatico-de-cfk\/\" \/>\n<meta property=\"og:locale\" content=\"es_ES\" \/>\n<meta property=\"og:type\" content=\"article\" \/>\n<meta property=\"og:title\" content=\"Bullrich recorre La Pampa con \u201cm\u00e1s rep\u00fablica\u201d, freno a los K y cr\u00edticas al PJ pampeano - Diario Textual\" \/>\n<meta property=\"og:description\" content=\"La exministra Patricia Bullrich inici\u00f3 este lunes por la tarde una gira por La Pampa, una de las provincias clave para Juntos por el Cambio para tratar de arrebatarle un&hellip;\" \/>\n<meta property=\"og:url\" content=\"https:\/\/diariotextual.com\/inicio\/index.php\/2021\/10\/26\/bullrich-inicia-una-gira-por-la-pampa-para-frenar-el-quorum-automatico-de-cfk\/\" \/>\n<meta property=\"og:site_name\" content=\"Diario Textual\" \/>\n<meta property=\"article:publisher\" content=\"https:\/\/www.facebook.com\/eltextual\" \/>\n<meta property=\"article:published_time\" content=\"2021-10-26T07:31:00+00:00\" \/>\n<meta property=\"article:modified_time\" content=\"2021-10-26T17:42:20+00:00\" \/>\n<meta property=\"og:image\" content=\"https:\/\/diariotextual.com\/inicio\/wp-content\/uploads\/2021\/10\/bullrichpatriciamaquieyrakronebergerrealico2021-1.jpg\" \/>\n\t<meta property=\"og:image:width\" content=\"960\" \/>\n\t<meta property=\"og:image:height\" content=\"720\" \/>\n\t<meta property=\"og:image:type\" content=\"image\/jpeg\" \/>\n<meta name=\"author\" content=\"Diario1 Diario1\" \/>\n<meta name=\"twitter:card\" content=\"summary_large_image\" \/>\n<meta name=\"twitter:creator\" content=\"@eltextual\" \/>\n<meta name=\"twitter:site\" content=\"@eltextual\" \/>\n<meta name=\"twitter:label1\" content=\"Escrito por\" \/>\n\t<meta name=\"twitter:data1\" content=\"Diario1 Diario1\" \/>\n\t<meta name=\"twitter:label2\" content=\"Tiempo de lectura\" \/>\n\t<meta name=\"twitter:data2\" content=\"3 minutos\" \/>\n<script type=\"application\/ld+json\" class=\"yoast-schema-graph\">{\"@context\":\"https:\\\/\\\/schema.org\",\"@graph\":[{\"@type\":\"Article\",\"@id\":\"https:\\\/\\\/diariotextual.com\\\/inicio\\\/index.php\\\/2021\\\/10\\\/26\\\/bullrich-inicia-una-gira-por-la-pampa-para-frenar-el-quorum-automatico-de-cfk\\\/#article\",\"isPartOf\":{\"@id\":\"https:\\\/\\\/diariotextual.com\\\/inicio\\\/index.php\\\/2021\\\/10\\\/26\\\/bullrich-inicia-una-gira-por-la-pampa-para-frenar-el-quorum-automatico-de-cfk\\\/\"},\"author\":{\"name\":\"Diario1 Diario1\",\"@id\":\"https:\\\/\\\/diariotextual.com\\\/inicio\\\/#\\\/schema\\\/person\\\/418fc4093c33e86ed41562db3508f958\"},\"headline\":\"Bullrich recorre La Pampa con \u201cm\u00e1s rep\u00fablica\u201d, freno a los K y cr\u00edticas al PJ pampeano\",\"datePublished\":\"2021-10-26T07:31:00+00:00\",\"dateModified\":\"2021-10-26T17:42:20+00:00\",\"mainEntityOfPage\":{\"@id\":\"https:\\\/\\\/diariotextual.com\\\/inicio\\\/index.php\\\/2021\\\/10\\\/26\\\/bullrich-inicia-una-gira-por-la-pampa-para-frenar-el-quorum-automatico-de-cfk\\\/\"},\"wordCount\":562,\"publisher\":{\"@id\":\"https:\\\/\\\/diariotextual.com\\\/inicio\\\/#organization\"},\"image\":{\"@id\":\"https:\\\/\\\/diariotextual.com\\\/inicio\\\/index.php\\\/2021\\\/10\\\/26\\\/bullrich-inicia-una-gira-por-la-pampa-para-frenar-el-quorum-automatico-de-cfk\\\/#primaryimage\"},\"thumbnailUrl\":\"https:\\\/\\\/diariotextual.com\\\/inicio\\\/wp-content\\\/uploads\\\/2021\\\/10\\\/bullrichpatriciamaquieyrakronebergerrealico2021-1.jpg\",\"keywords\":[\"bullrich\"],\"articleSection\":[\"A - PORTADA2\",\"POLITICA\"],\"inLanguage\":\"es\"},{\"@type\":\"WebPage\",\"@id\":\"https:\\\/\\\/diariotextual.com\\\/inicio\\\/index.php\\\/2021\\\/10\\\/26\\\/bullrich-inicia-una-gira-por-la-pampa-para-frenar-el-quorum-automatico-de-cfk\\\/\",\"url\":\"https:\\\/\\\/diariotextual.com\\\/inicio\\\/index.php\\\/2021\\\/10\\\/26\\\/bullrich-inicia-una-gira-por-la-pampa-para-frenar-el-quorum-automatico-de-cfk\\\/\",\"name\":\"Bullrich recorre La Pampa con \u201cm\u00e1s rep\u00fablica\u201d, freno a los K y cr\u00edticas al PJ pampeano - Diario Textual\",\"isPartOf\":{\"@id\":\"https:\\\/\\\/diariotextual.com\\\/inicio\\\/#website\"},\"primaryImageOfPage\":{\"@id\":\"https:\\\/\\\/diariotextual.com\\\/inicio\\\/index.php\\\/2021\\\/10\\\/26\\\/bullrich-inicia-una-gira-por-la-pampa-para-frenar-el-quorum-automatico-de-cfk\\\/#primaryimage\"},\"image\":{\"@id\":\"https:\\\/\\\/diariotextual.com\\\/inicio\\\/index.php\\\/2021\\\/10\\\/26\\\/bullrich-inicia-una-gira-por-la-pampa-para-frenar-el-quorum-automatico-de-cfk\\\/#primaryimage\"},\"thumbnailUrl\":\"https:\\\/\\\/diariotextual.com\\\/inicio\\\/wp-content\\\/uploads\\\/2021\\\/10\\\/bullrichpatriciamaquieyrakronebergerrealico2021-1.jpg\",\"datePublished\":\"2021-10-26T07:31:00+00:00\",\"dateModified\":\"2021-10-26T17:42:20+00:00\",\"breadcrumb\":{\"@id\":\"https:\\\/\\\/diariotextual.com\\\/inicio\\\/index.php\\\/2021\\\/10\\\/26\\\/bullrich-inicia-una-gira-por-la-pampa-para-frenar-el-quorum-automatico-de-cfk\\\/#breadcrumb\"},\"inLanguage\":\"es\",\"potentialAction\":[{\"@type\":\"ReadAction\",\"target\":[\"https:\\\/\\\/diariotextual.com\\\/inicio\\\/index.php\\\/2021\\\/10\\\/26\\\/bullrich-inicia-una-gira-por-la-pampa-para-frenar-el-quorum-automatico-de-cfk\\\/\"]}]},{\"@type\":\"ImageObject\",\"inLanguage\":\"es\",\"@id\":\"https:\\\/\\\/diariotextual.com\\\/inicio\\\/index.php\\\/2021\\\/10\\\/26\\\/bullrich-inicia-una-gira-por-la-pampa-para-frenar-el-quorum-automatico-de-cfk\\\/#primaryimage\",\"url\":\"https:\\\/\\\/diariotextual.com\\\/inicio\\\/wp-content\\\/uploads\\\/2021\\\/10\\\/bullrichpatriciamaquieyrakronebergerrealico2021-1.jpg\",\"contentUrl\":\"https:\\\/\\\/diariotextual.com\\\/inicio\\\/wp-content\\\/uploads\\\/2021\\\/10\\\/bullrichpatriciamaquieyrakronebergerrealico2021-1.jpg\",\"width\":960,\"height\":720},{\"@type\":\"BreadcrumbList\",\"@id\":\"https:\\\/\\\/diariotextual.com\\\/inicio\\\/index.php\\\/2021\\\/10\\\/26\\\/bullrich-inicia-una-gira-por-la-pampa-para-frenar-el-quorum-automatico-de-cfk\\\/#breadcrumb\",\"itemListElement\":[{\"@type\":\"ListItem\",\"position\":1,\"name\":\"Portada\",\"item\":\"https:\\\/\\\/diariotextual.com\\\/inicio\\\/\"},{\"@type\":\"ListItem\",\"position\":2,\"name\":\"Bullrich recorre La Pampa con \u201cm\u00e1s rep\u00fablica\u201d, freno a los K y cr\u00edticas al PJ pampeano\"}]},{\"@type\":\"WebSite\",\"@id\":\"https:\\\/\\\/diariotextual.com\\\/inicio\\\/#website\",\"url\":\"https:\\\/\\\/diariotextual.com\\\/inicio\\\/\",\"name\":\"Diario Textual\",\"description\":\"\",\"publisher\":{\"@id\":\"https:\\\/\\\/diariotextual.com\\\/inicio\\\/#organization\"},\"potentialAction\":[{\"@type\":\"SearchAction\",\"target\":{\"@type\":\"EntryPoint\",\"urlTemplate\":\"https:\\\/\\\/diariotextual.com\\\/inicio\\\/?s={search_term_string}\"},\"query-input\":{\"@type\":\"PropertyValueSpecification\",\"valueRequired\":true,\"valueName\":\"search_term_string\"}}],\"inLanguage\":\"es\"},{\"@type\":\"Organization\",\"@id\":\"https:\\\/\\\/diariotextual.com\\\/inicio\\\/#organization\",\"name\":\"Diario Textual\",\"url\":\"https:\\\/\\\/diariotextual.com\\\/inicio\\\/\",\"logo\":{\"@type\":\"ImageObject\",\"inLanguage\":\"es\",\"@id\":\"https:\\\/\\\/diariotextual.com\\\/inicio\\\/#\\\/schema\\\/logo\\\/image\\\/\",\"url\":\"https:\\\/\\\/diariotextual.com\\\/inicio\\\/wp-content\\\/uploads\\\/2023\\\/05\\\/logotextual1.jpg\",\"contentUrl\":\"https:\\\/\\\/diariotextual.com\\\/inicio\\\/wp-content\\\/uploads\\\/2023\\\/05\\\/logotextual1.jpg\",\"width\":516,\"height\":76,\"caption\":\"Diario Textual\"},\"image\":{\"@id\":\"https:\\\/\\\/diariotextual.com\\\/inicio\\\/#\\\/schema\\\/logo\\\/image\\\/\"},\"sameAs\":[\"https:\\\/\\\/www.facebook.com\\\/eltextual\",\"https:\\\/\\\/x.com\\\/eltextual\",\"http:\\\/\\\/www.instagram.com\\\/eltextual\"]},{\"@type\":\"Person\",\"@id\":\"https:\\\/\\\/diariotextual.com\\\/inicio\\\/#\\\/schema\\\/person\\\/418fc4093c33e86ed41562db3508f958\",\"name\":\"Diario1 Diario1\",\"image\":{\"@type\":\"ImageObject\",\"inLanguage\":\"es\",\"@id\":\"https:\\\/\\\/secure.gravatar.com\\\/avatar\\\/9167d280179c85bc18be67aa7eda765854300033af4896dd779b608640f2ef7a?s=96&d=mm&r=g\",\"url\":\"https:\\\/\\\/secure.gravatar.com\\\/avatar\\\/9167d280179c85bc18be67aa7eda765854300033af4896dd779b608640f2ef7a?s=96&d=mm&r=g\",\"contentUrl\":\"https:\\\/\\\/secure.gravatar.com\\\/avatar\\\/9167d280179c85bc18be67aa7eda765854300033af4896dd779b608640f2ef7a?s=96&d=mm&r=g\",\"caption\":\"Diario1 Diario1\"},\"url\":\"https:\\\/\\\/diariotextual.com\\\/inicio\\\/index.php\\\/author\\\/diario1\\\/\"}]}<\/script>\n<!-- \/ Yoast SEO plugin. -->","yoast_head_json":{"title":"Bullrich recorre La Pampa con \u201cm\u00e1s rep\u00fablica\u201d, freno a los K y cr\u00edticas al PJ pampeano - Diario Textual","robots":{"index":"index","follow":"follow","max-snippet":"max-snippet:-1","max-image-preview":"max-image-preview:large","max-video-preview":"max-video-preview:-1"},"canonical":"https:\/\/diariotextual.com\/inicio\/index.php\/2021\/10\/26\/bullrich-inicia-una-gira-por-la-pampa-para-frenar-el-quorum-automatico-de-cfk\/","og_locale":"es_ES","og_type":"article","og_title":"Bullrich recorre La Pampa con \u201cm\u00e1s rep\u00fablica\u201d, freno a los K y cr\u00edticas al PJ pampeano - Diario Textual","og_description":"La exministra Patricia Bullrich inici\u00f3 este lunes por la tarde una gira por La Pampa, una de las provincias clave para Juntos por el Cambio para tratar de arrebatarle un&hellip;","og_url":"https:\/\/diariotextual.com\/inicio\/index.php\/2021\/10\/26\/bullrich-inicia-una-gira-por-la-pampa-para-frenar-el-quorum-automatico-de-cfk\/","og_site_name":"Diario Textual","article_publisher":"https:\/\/www.facebook.com\/eltextual","article_published_time":"2021-10-26T07:31:00+00:00","article_modified_time":"2021-10-26T17:42:20+00:00","og_image":[{"width":960,"height":720,"url":"https:\/\/diariotextual.com\/inicio\/wp-content\/uploads\/2021\/10\/bullrichpatriciamaquieyrakronebergerrealico2021-1.jpg","type":"image\/jpeg"}],"author":"Diario1 Diario1","twitter_card":"summary_large_image","twitter_creator":"@eltextual","twitter_site":"@eltextual","twitter_misc":{"Escrito por":"Diario1 Diario1","Tiempo de lectura":"3 minutos"},"schema":{"@context":"https:\/\/schema.org","@graph":[{"@type":"Article","@id":"https:\/\/diariotextual.com\/inicio\/index.php\/2021\/10\/26\/bullrich-inicia-una-gira-por-la-pampa-para-frenar-el-quorum-automatico-de-cfk\/#article","isPartOf":{"@id":"https:\/\/diariotextual.com\/inicio\/index.php\/2021\/10\/26\/bullrich-inicia-una-gira-por-la-pampa-para-frenar-el-quorum-automatico-de-cfk\/"},"author":{"name":"Diario1 Diario1","@id":"https:\/\/diariotextual.com\/inicio\/#\/schema\/person\/418fc4093c33e86ed41562db3508f958"},"headline":"Bullrich recorre La Pampa con \u201cm\u00e1s rep\u00fablica\u201d, freno a los K y cr\u00edticas al PJ pampeano","datePublished":"2021-10-26T07:31:00+00:00","dateModified":"2021-10-26T17:42:20+00:00","mainEntityOfPage":{"@id":"https:\/\/diariotextual.com\/inicio\/index.php\/2021\/10\/26\/bullrich-inicia-una-gira-por-la-pampa-para-frenar-el-quorum-automatico-de-cfk\/"},"wordCount":562,"publisher":{"@id":"https:\/\/diariotextual.com\/inicio\/#organization"},"image":{"@id":"https:\/\/diariotextual.com\/inicio\/index.php\/2021\/10\/26\/bullrich-inicia-una-gira-por-la-pampa-para-frenar-el-quorum-automatico-de-cfk\/#primaryimage"},"thumbnailUrl":"https:\/\/diariotextual.com\/inicio\/wp-content\/uploads\/2021\/10\/bullrichpatriciamaquieyrakronebergerrealico2021-1.jpg","keywords":["bullrich"],"articleSection":["A - PORTADA2","POLITICA"],"inLanguage":"es"},{"@type":"WebPage","@id":"https:\/\/diariotextual.com\/inicio\/index.php\/2021\/10\/26\/bullrich-inicia-una-gira-por-la-pampa-para-frenar-el-quorum-automatico-de-cfk\/","url":"https:\/\/diariotextual.com\/inicio\/index.php\/2021\/10\/26\/bullrich-inicia-una-gira-por-la-pampa-para-frenar-el-quorum-automatico-de-cfk\/","name":"Bullrich recorre La Pampa con \u201cm\u00e1s rep\u00fablica\u201d, freno a los K y cr\u00edticas al PJ pampeano - Diario Textual","isPartOf":{"@id":"https:\/\/diariotextual.com\/inicio\/#website"},"primaryImageOfPage":{"@id":"https:\/\/diariotextual.com\/inicio\/index.php\/2021\/10\/26\/bullrich-inicia-una-gira-por-la-pampa-para-frenar-el-quorum-automatico-de-cfk\/#primaryimage"},"image":{"@id":"https:\/\/diariotextual.com\/inicio\/index.php\/2021\/10\/26\/bullrich-inicia-una-gira-por-la-pampa-para-frenar-el-quorum-automatico-de-cfk\/#primaryimage"},"thumbnailUrl":"https:\/\/diariotextual.com\/inicio\/wp-content\/uploads\/2021\/10\/bullrichpatriciamaquieyrakronebergerrealico2021-1.jpg","datePublished":"2021-10-26T07:31:00+00:00","dateModified":"2021-10-26T17:42:20+00:00","breadcrumb":{"@id":"https:\/\/diariotextual.com\/inicio\/index.php\/2021\/10\/26\/bullrich-inicia-una-gira-por-la-pampa-para-frenar-el-quorum-automatico-de-cfk\/#breadcrumb"},"inLanguage":"es","potentialAction":[{"@type":"ReadAction","target":["https:\/\/diariotextual.com\/inicio\/index.php\/2021\/10\/26\/bullrich-inicia-una-gira-por-la-pampa-para-frenar-el-quorum-automatico-de-cfk\/"]}]},{"@type":"ImageObject","inLanguage":"es","@id":"https:\/\/diariotextual.com\/inicio\/index.php\/2021\/10\/26\/bullrich-inicia-una-gira-por-la-pampa-para-frenar-el-quorum-automatico-de-cfk\/#primaryimage","url":"https:\/\/diariotextual.com\/inicio\/wp-content\/uploads\/2021\/10\/bullrichpatriciamaquieyrakronebergerrealico2021-1.jpg","contentUrl":"https:\/\/diariotextual.com\/inicio\/wp-content\/uploads\/2021\/10\/bullrichpatriciamaquieyrakronebergerrealico2021-1.jpg","width":960,"height":720},{"@type":"BreadcrumbList","@id":"https:\/\/diariotextual.com\/inicio\/index.php\/2021\/10\/26\/bullrich-inicia-una-gira-por-la-pampa-para-frenar-el-quorum-automatico-de-cfk\/#breadcrumb","itemListElement":[{"@type":"ListItem","position":1,"name":"Portada","item":"https:\/\/diariotextual.com\/inicio\/"},{"@type":"ListItem","position":2,"name":"Bullrich recorre La Pampa con \u201cm\u00e1s rep\u00fablica\u201d, freno a los K y cr\u00edticas al PJ pampeano"}]},{"@type":"WebSite","@id":"https:\/\/diariotextual.com\/inicio\/#website","url":"https:\/\/diariotextual.com\/inicio\/","name":"Diario Textual","description":"","publisher":{"@id":"https:\/\/diariotextual.com\/inicio\/#organization"},"potentialAction":[{"@type":"SearchAction","target":{"@type":"EntryPoint","urlTemplate":"https:\/\/diariotextual.com\/inicio\/?s={search_term_string}"},"query-input":{"@type":"PropertyValueSpecification","valueRequired":true,"valueName":"search_term_string"}}],"inLanguage":"es"},{"@type":"Organization","@id":"https:\/\/diariotextual.com\/inicio\/#organization","name":"Diario Textual","url":"https:\/\/diariotextual.com\/inicio\/","logo":{"@type":"ImageObject","inLanguage":"es","@id":"https:\/\/diariotextual.com\/inicio\/#\/schema\/logo\/image\/","url":"https:\/\/diariotextual.com\/inicio\/wp-content\/uploads\/2023\/05\/logotextual1.jpg","contentUrl":"https:\/\/diariotextual.com\/inicio\/wp-content\/uploads\/2023\/05\/logotextual1.jpg","width":516,"height":76,"caption":"Diario Textual"},"image":{"@id":"https:\/\/diariotextual.com\/inicio\/#\/schema\/logo\/image\/"},"sameAs":["https:\/\/www.facebook.com\/eltextual","https:\/\/x.com\/eltextual","http:\/\/www.instagram.com\/eltextual"]},{"@type":"Person","@id":"https:\/\/diariotextual.com\/inicio\/#\/schema\/person\/418fc4093c33e86ed41562db3508f958","name":"Diario1 Diario1","image":{"@type":"ImageObject","inLanguage":"es","@id":"https:\/\/secure.gravatar.com\/avatar\/9167d280179c85bc18be67aa7eda765854300033af4896dd779b608640f2ef7a?s=96&d=mm&r=g","url":"https:\/\/secure.gravatar.com\/avatar\/9167d280179c85bc18be67aa7eda765854300033af4896dd779b608640f2ef7a?s=96&d=mm&r=g","contentUrl":"https:\/\/secure.gravatar.com\/avatar\/9167d280179c85bc18be67aa7eda765854300033af4896dd779b608640f2ef7a?s=96&d=mm&r=g","caption":"Diario1 Diario1"},"url":"https:\/\/diariotextual.com\/inicio\/index.php\/author\/diario1\/"}]}},"_links":{"self":[{"href":"https:\/\/diariotextual.com\/inicio\/index.php\/wp-json\/wp\/v2\/posts\/166392","targetHints":{"allow":["GET"]}}],"collection":[{"href":"https:\/\/diariotextual.com\/inicio\/index.php\/wp-json\/wp\/v2\/posts"}],"about":[{"href":"https:\/\/diariotextual.com\/inicio\/index.php\/wp-json\/wp\/v2\/types\/post"}],"author":[{"embeddable":true,"href":"https:\/\/diariotextual.com\/inicio\/index.php\/wp-json\/wp\/v2\/users\/3"}],"replies":[{"embeddable":true,"href":"https:\/\/diariotextual.com\/inicio\/index.php\/wp-json\/wp\/v2\/comments?post=166392"}],"version-history":[{"count":12,"href":"https:\/\/diariotextual.com\/inicio\/index.php\/wp-json\/wp\/v2\/posts\/166392\/revisions"}],"predecessor-version":[{"id":166533,"href":"https:\/\/diariotextual.com\/inicio\/index.php\/wp-json\/wp\/v2\/posts\/166392\/revisions\/166533"}],"wp:featuredmedia":[{"embeddable":true,"href":"https:\/\/diariotextual.com\/inicio\/index.php\/wp-json\/wp\/v2\/media\/166524"}],"wp:attachment":[{"href":"https:\/\/diariotextual.com\/inicio\/index.php\/wp-json\/wp\/v2\/media?parent=166392"}],"wp:term":[{"taxonomy":"category","embeddable":true,"href":"https:\/\/diariotextual.com\/inicio\/index.php\/wp-json\/wp\/v2\/categories?post=166392"},{"taxonomy":"post_tag","embeddable":true,"href":"https:\/\/diariotextual.com\/inicio\/index.php\/wp-json\/wp\/v2\/tags?post=166392"}],"curies":[{"name":"wp","href":"https:\/\/api.w.org\/{rel}","templated":true}]}}