{"id":166535,"date":"2021-10-26T07:33:36","date_gmt":"2021-10-26T10:33:36","guid":{"rendered":"https:\/\/diariotextual.com\/inicio\/?p=166535"},"modified":"2021-10-26T09:45:42","modified_gmt":"2021-10-26T12:45:42","slug":"diputados-busca-convertir-en-ley-el-proyecto-de-etiquetado-frontal","status":"publish","type":"post","link":"https:\/\/diariotextual.com\/inicio\/index.php\/2021\/10\/26\/diputados-busca-convertir-en-ley-el-proyecto-de-etiquetado-frontal\/","title":{"rendered":"Diputados busca convertir en ley el proyecto de etiquetado frontal"},"content":{"rendered":"\n<p>La C\u00e1mara de Diputados buscar\u00e1 hoy convertir en ley, en una sesi\u00f3n especial, el proyecto de <strong>etiquetado frontal de alimentos<\/strong> que advierte sobre los <strong>excesos de grasas, sodio y az\u00facares en los alimentos,<\/strong> con el fin de ayudar a combatir la <strong>obesidad, la hipertensi\u00f3n y los riesgos card\u00edacos.<\/strong><\/p>\n\n\n\n<p>El debate del proyecto que fija pautas para una alimentaci\u00f3n saludable es el principal tema de la sesi\u00f3n especial convocada para el mediod\u00eda y fue consensuada entre todos los bloques, luego de haber fracasado el pasado 5 de octubre la reuni\u00f3n plenaria del cuerpo debido a que Juntos por el Cambio decidi\u00f3 no dar qu\u00f3rum.<\/p>\n\n\n\n<p>El tratamiento del proyecto se concretar\u00e1 en la primera sesi\u00f3n presencial plena del cuerpo que se realiza desde que, en marzo del 2020, se dict\u00f3 la emergencia sanitaria a ra\u00edz de la pandemia del coronavirus y se establecieron restricciones que obligaron a sesionar a trav\u00e9s de un sistema mixto, con la mayor\u00eda de los legisladores conectada en forma virtual.<\/p>\n\n\n\n<p>Si bien habr\u00e1 presencialidad plena, se establecieron medidas sanitarias estrictas, como hisopados y la limitaci\u00f3n en la cantidad de asesores de los legisladores presentes en el recinto.<\/p>\n\n\n\n<p>De hecho, esas disposiciones obligaron a las autoridades de la C\u00e1mara baja a formalizar la convocatoria a la sesi\u00f3n con algo m\u00e1s de una semana de anticipaci\u00f3n para cumplir con el protocolo establecido para evitar eventuales contagios.<\/p>\n\n\n\n<p>El proyecto de etiquetado frontal apunta a advertir a la sociedad sobre los productos que tienen un alto contenido de grasas, sodios y az\u00facares y, de esa forma, ayudar a combatir la obesidad, la hipertensi\u00f3n y los riesgos card\u00edacos.<\/p>\n\n\n\n<p>El dictamen de mayor\u00eda prev\u00e9 la incorporaci\u00f3n en el frente de los envases de los productos ultraprocesados una etiqueta con forma de oct\u00f3gono negro y letras blancas que advierta el exceso de nutrientes cr\u00edticos para la salud, como az\u00facares, sodio, grasas saturadas, grasas totales y calor\u00edas.<\/p>\n\n\n\n<p>Adem\u00e1s, determina que los productos que contengan entre sus ingredientes edulcorantes o cafe\u00edna tendr\u00e1n que informar que su consumo no se recomienda en ni\u00f1as y ni\u00f1os.<\/p>\n\n\n\n<p>Por otra parte, el proyecto establece la prohibici\u00f3n de emitir publicidad comercial -dirigida a ni\u00f1os, ni\u00f1as y adolescentes- de productos con sellos de advertencia.<\/p>\n\n\n\n<p>Adem\u00e1s, establece que los productos que tengan m\u00e1s de un sello de advertencia no podr\u00e1n incluir dibujos animados, personajes, figuras p\u00fablicas, regalos ni elementos que llamen la atenci\u00f3n de ni\u00f1os, ni\u00f1as y adolescentes.<\/p>\n\n\n\n<p>Por otra parte, la iniciativa determina que, ante iguales condiciones, el Estado deber\u00e1 priorizar la compra de alimentos sin estos sellos de advertencia.<\/p>\n\n\n\n<p>El proyecto es rechazado por algunas empresas de la alimentaci\u00f3n y genera resistencias entre legisladores de las provincias del norte, que sostienen que el etiquetado frontal perjudicar\u00e1 a la producci\u00f3n azucarera.<\/p>\n\n\n\n<p>En cambio, la iniciativa es respaldada por organizaciones de la sociedad civil que vienen reclamando la sanci\u00f3n de una ley que promueva una alimentaci\u00f3n saludable.<\/p>\n","protected":false},"excerpt":{"rendered":"<p>La C\u00e1mara de Diputados buscar\u00e1 hoy convertir en ley, en una sesi\u00f3n especial, el proyecto de etiquetado frontal de alimentos que advierte sobre los excesos de grasas, sodio y az\u00facares&hellip;<\/p>\n","protected":false},"author":7,"featured_media":164595,"comment_status":"closed","ping_status":"open","sticky":false,"template":"","format":"standard","meta":{"_acf_changed":false,"footnotes":""},"categories":[10,8],"tags":[4207],"class_list":["post-166535","post","type-post","status-publish","format-standard","has-post-thumbnail","hentry","category-portada-2","category-politica","tag-ley-de-etiquetado"],"acf":[],"yoast_head":"<!-- This site is optimized with the Yoast SEO plugin v27.5 - https:\/\/yoast.com\/product\/yoast-seo-wordpress\/ -->\n<title>Diputados busca convertir en ley el proyecto de etiquetado frontal - Diario Textual<\/title>\n<meta name=\"robots\" content=\"index, follow, max-snippet:-1, max-image-preview:large, max-video-preview:-1\" \/>\n<link rel=\"canonical\" href=\"https:\/\/diariotextual.com\/inicio\/index.php\/2021\/10\/26\/diputados-busca-convertir-en-ley-el-proyecto-de-etiquetado-frontal\/\" \/>\n<meta property=\"og:locale\" content=\"es_ES\" \/>\n<meta property=\"og:type\" content=\"article\" \/>\n<meta property=\"og:title\" content=\"Diputados busca convertir en ley el proyecto de etiquetado frontal - Diario Textual\" \/>\n<meta property=\"og:description\" content=\"La C\u00e1mara de Diputados buscar\u00e1 hoy convertir en ley, en una sesi\u00f3n especial, el proyecto de etiquetado frontal de alimentos que advierte sobre los excesos de grasas, sodio y az\u00facares&hellip;\" \/>\n<meta property=\"og:url\" content=\"https:\/\/diariotextual.com\/inicio\/index.php\/2021\/10\/26\/diputados-busca-convertir-en-ley-el-proyecto-de-etiquetado-frontal\/\" \/>\n<meta property=\"og:site_name\" content=\"Diario Textual\" \/>\n<meta property=\"article:publisher\" content=\"https:\/\/www.facebook.com\/eltextual\" \/>\n<meta property=\"article:published_time\" content=\"2021-10-26T10:33:36+00:00\" \/>\n<meta property=\"article:modified_time\" content=\"2021-10-26T12:45:42+00:00\" \/>\n<meta property=\"og:image\" content=\"https:\/\/diariotextual.com\/inicio\/wp-content\/uploads\/2021\/10\/etiquetadofrontal.jpg\" \/>\n\t<meta property=\"og:image:width\" content=\"1004\" \/>\n\t<meta property=\"og:image:height\" content=\"566\" \/>\n\t<meta property=\"og:image:type\" content=\"image\/jpeg\" \/>\n<meta name=\"author\" content=\"diario5\" \/>\n<meta name=\"twitter:card\" content=\"summary_large_image\" \/>\n<meta name=\"twitter:creator\" content=\"@eltextual\" \/>\n<meta name=\"twitter:site\" content=\"@eltextual\" \/>\n<meta name=\"twitter:label1\" content=\"Escrito por\" \/>\n\t<meta name=\"twitter:data1\" content=\"diario5\" \/>\n\t<meta name=\"twitter:label2\" content=\"Tiempo de lectura\" \/>\n\t<meta name=\"twitter:data2\" content=\"3 minutos\" \/>\n<script type=\"application\/ld+json\" class=\"yoast-schema-graph\">{\"@context\":\"https:\\\/\\\/schema.org\",\"@graph\":[{\"@type\":\"Article\",\"@id\":\"https:\\\/\\\/diariotextual.com\\\/inicio\\\/index.php\\\/2021\\\/10\\\/26\\\/diputados-busca-convertir-en-ley-el-proyecto-de-etiquetado-frontal\\\/#article\",\"isPartOf\":{\"@id\":\"https:\\\/\\\/diariotextual.com\\\/inicio\\\/index.php\\\/2021\\\/10\\\/26\\\/diputados-busca-convertir-en-ley-el-proyecto-de-etiquetado-frontal\\\/\"},\"author\":{\"name\":\"diario5\",\"@id\":\"https:\\\/\\\/diariotextual.com\\\/inicio\\\/#\\\/schema\\\/person\\\/c7834961ad8b29b1d9cdbf4571299067\"},\"headline\":\"Diputados busca convertir en ley el proyecto de etiquetado frontal\",\"datePublished\":\"2021-10-26T10:33:36+00:00\",\"dateModified\":\"2021-10-26T12:45:42+00:00\",\"mainEntityOfPage\":{\"@id\":\"https:\\\/\\\/diariotextual.com\\\/inicio\\\/index.php\\\/2021\\\/10\\\/26\\\/diputados-busca-convertir-en-ley-el-proyecto-de-etiquetado-frontal\\\/\"},\"wordCount\":528,\"publisher\":{\"@id\":\"https:\\\/\\\/diariotextual.com\\\/inicio\\\/#organization\"},\"image\":{\"@id\":\"https:\\\/\\\/diariotextual.com\\\/inicio\\\/index.php\\\/2021\\\/10\\\/26\\\/diputados-busca-convertir-en-ley-el-proyecto-de-etiquetado-frontal\\\/#primaryimage\"},\"thumbnailUrl\":\"https:\\\/\\\/diariotextual.com\\\/inicio\\\/wp-content\\\/uploads\\\/2021\\\/10\\\/etiquetadofrontal.jpg\",\"keywords\":[\"Ley de etiquetado\"],\"articleSection\":[\"A - PORTADA2\",\"POLITICA\"],\"inLanguage\":\"es\"},{\"@type\":\"WebPage\",\"@id\":\"https:\\\/\\\/diariotextual.com\\\/inicio\\\/index.php\\\/2021\\\/10\\\/26\\\/diputados-busca-convertir-en-ley-el-proyecto-de-etiquetado-frontal\\\/\",\"url\":\"https:\\\/\\\/diariotextual.com\\\/inicio\\\/index.php\\\/2021\\\/10\\\/26\\\/diputados-busca-convertir-en-ley-el-proyecto-de-etiquetado-frontal\\\/\",\"name\":\"Diputados busca convertir en ley el proyecto de etiquetado frontal - Diario Textual\",\"isPartOf\":{\"@id\":\"https:\\\/\\\/diariotextual.com\\\/inicio\\\/#website\"},\"primaryImageOfPage\":{\"@id\":\"https:\\\/\\\/diariotextual.com\\\/inicio\\\/index.php\\\/2021\\\/10\\\/26\\\/diputados-busca-convertir-en-ley-el-proyecto-de-etiquetado-frontal\\\/#primaryimage\"},\"image\":{\"@id\":\"https:\\\/\\\/diariotextual.com\\\/inicio\\\/index.php\\\/2021\\\/10\\\/26\\\/diputados-busca-convertir-en-ley-el-proyecto-de-etiquetado-frontal\\\/#primaryimage\"},\"thumbnailUrl\":\"https:\\\/\\\/diariotextual.com\\\/inicio\\\/wp-content\\\/uploads\\\/2021\\\/10\\\/etiquetadofrontal.jpg\",\"datePublished\":\"2021-10-26T10:33:36+00:00\",\"dateModified\":\"2021-10-26T12:45:42+00:00\",\"breadcrumb\":{\"@id\":\"https:\\\/\\\/diariotextual.com\\\/inicio\\\/index.php\\\/2021\\\/10\\\/26\\\/diputados-busca-convertir-en-ley-el-proyecto-de-etiquetado-frontal\\\/#breadcrumb\"},\"inLanguage\":\"es\",\"potentialAction\":[{\"@type\":\"ReadAction\",\"target\":[\"https:\\\/\\\/diariotextual.com\\\/inicio\\\/index.php\\\/2021\\\/10\\\/26\\\/diputados-busca-convertir-en-ley-el-proyecto-de-etiquetado-frontal\\\/\"]}]},{\"@type\":\"ImageObject\",\"inLanguage\":\"es\",\"@id\":\"https:\\\/\\\/diariotextual.com\\\/inicio\\\/index.php\\\/2021\\\/10\\\/26\\\/diputados-busca-convertir-en-ley-el-proyecto-de-etiquetado-frontal\\\/#primaryimage\",\"url\":\"https:\\\/\\\/diariotextual.com\\\/inicio\\\/wp-content\\\/uploads\\\/2021\\\/10\\\/etiquetadofrontal.jpg\",\"contentUrl\":\"https:\\\/\\\/diariotextual.com\\\/inicio\\\/wp-content\\\/uploads\\\/2021\\\/10\\\/etiquetadofrontal.jpg\",\"width\":1004,\"height\":566},{\"@type\":\"BreadcrumbList\",\"@id\":\"https:\\\/\\\/diariotextual.com\\\/inicio\\\/index.php\\\/2021\\\/10\\\/26\\\/diputados-busca-convertir-en-ley-el-proyecto-de-etiquetado-frontal\\\/#breadcrumb\",\"itemListElement\":[{\"@type\":\"ListItem\",\"position\":1,\"name\":\"Portada\",\"item\":\"https:\\\/\\\/diariotextual.com\\\/inicio\\\/\"},{\"@type\":\"ListItem\",\"position\":2,\"name\":\"Diputados busca convertir en ley el proyecto de etiquetado frontal\"}]},{\"@type\":\"WebSite\",\"@id\":\"https:\\\/\\\/diariotextual.com\\\/inicio\\\/#website\",\"url\":\"https:\\\/\\\/diariotextual.com\\\/inicio\\\/\",\"name\":\"Diario Textual\",\"description\":\"\",\"publisher\":{\"@id\":\"https:\\\/\\\/diariotextual.com\\\/inicio\\\/#organization\"},\"potentialAction\":[{\"@type\":\"SearchAction\",\"target\":{\"@type\":\"EntryPoint\",\"urlTemplate\":\"https:\\\/\\\/diariotextual.com\\\/inicio\\\/?s={search_term_string}\"},\"query-input\":{\"@type\":\"PropertyValueSpecification\",\"valueRequired\":true,\"valueName\":\"search_term_string\"}}],\"inLanguage\":\"es\"},{\"@type\":\"Organization\",\"@id\":\"https:\\\/\\\/diariotextual.com\\\/inicio\\\/#organization\",\"name\":\"Diario Textual\",\"url\":\"https:\\\/\\\/diariotextual.com\\\/inicio\\\/\",\"logo\":{\"@type\":\"ImageObject\",\"inLanguage\":\"es\",\"@id\":\"https:\\\/\\\/diariotextual.com\\\/inicio\\\/#\\\/schema\\\/logo\\\/image\\\/\",\"url\":\"https:\\\/\\\/diariotextual.com\\\/inicio\\\/wp-content\\\/uploads\\\/2023\\\/05\\\/logotextual1.jpg\",\"contentUrl\":\"https:\\\/\\\/diariotextual.com\\\/inicio\\\/wp-content\\\/uploads\\\/2023\\\/05\\\/logotextual1.jpg\",\"width\":516,\"height\":76,\"caption\":\"Diario Textual\"},\"image\":{\"@id\":\"https:\\\/\\\/diariotextual.com\\\/inicio\\\/#\\\/schema\\\/logo\\\/image\\\/\"},\"sameAs\":[\"https:\\\/\\\/www.facebook.com\\\/eltextual\",\"https:\\\/\\\/x.com\\\/eltextual\",\"http:\\\/\\\/www.instagram.com\\\/eltextual\"]},{\"@type\":\"Person\",\"@id\":\"https:\\\/\\\/diariotextual.com\\\/inicio\\\/#\\\/schema\\\/person\\\/c7834961ad8b29b1d9cdbf4571299067\",\"name\":\"diario5\",\"image\":{\"@type\":\"ImageObject\",\"inLanguage\":\"es\",\"@id\":\"https:\\\/\\\/secure.gravatar.com\\\/avatar\\\/948c893b847ca6df68216ead81b63f363408ec9b0f600fefc0641ce78613b111?s=96&d=mm&r=g\",\"url\":\"https:\\\/\\\/secure.gravatar.com\\\/avatar\\\/948c893b847ca6df68216ead81b63f363408ec9b0f600fefc0641ce78613b111?s=96&d=mm&r=g\",\"contentUrl\":\"https:\\\/\\\/secure.gravatar.com\\\/avatar\\\/948c893b847ca6df68216ead81b63f363408ec9b0f600fefc0641ce78613b111?s=96&d=mm&r=g\",\"caption\":\"diario5\"},\"url\":\"https:\\\/\\\/diariotextual.com\\\/inicio\\\/index.php\\\/author\\\/diario5\\\/\"}]}<\/script>\n<!-- \/ Yoast SEO plugin. -->","yoast_head_json":{"title":"Diputados busca convertir en ley el proyecto de etiquetado frontal - Diario Textual","robots":{"index":"index","follow":"follow","max-snippet":"max-snippet:-1","max-image-preview":"max-image-preview:large","max-video-preview":"max-video-preview:-1"},"canonical":"https:\/\/diariotextual.com\/inicio\/index.php\/2021\/10\/26\/diputados-busca-convertir-en-ley-el-proyecto-de-etiquetado-frontal\/","og_locale":"es_ES","og_type":"article","og_title":"Diputados busca convertir en ley el proyecto de etiquetado frontal - Diario Textual","og_description":"La C\u00e1mara de Diputados buscar\u00e1 hoy convertir en ley, en una sesi\u00f3n especial, el proyecto de etiquetado frontal de alimentos que advierte sobre los excesos de grasas, sodio y az\u00facares&hellip;","og_url":"https:\/\/diariotextual.com\/inicio\/index.php\/2021\/10\/26\/diputados-busca-convertir-en-ley-el-proyecto-de-etiquetado-frontal\/","og_site_name":"Diario Textual","article_publisher":"https:\/\/www.facebook.com\/eltextual","article_published_time":"2021-10-26T10:33:36+00:00","article_modified_time":"2021-10-26T12:45:42+00:00","og_image":[{"width":1004,"height":566,"url":"https:\/\/diariotextual.com\/inicio\/wp-content\/uploads\/2021\/10\/etiquetadofrontal.jpg","type":"image\/jpeg"}],"author":"diario5","twitter_card":"summary_large_image","twitter_creator":"@eltextual","twitter_site":"@eltextual","twitter_misc":{"Escrito por":"diario5","Tiempo de lectura":"3 minutos"},"schema":{"@context":"https:\/\/schema.org","@graph":[{"@type":"Article","@id":"https:\/\/diariotextual.com\/inicio\/index.php\/2021\/10\/26\/diputados-busca-convertir-en-ley-el-proyecto-de-etiquetado-frontal\/#article","isPartOf":{"@id":"https:\/\/diariotextual.com\/inicio\/index.php\/2021\/10\/26\/diputados-busca-convertir-en-ley-el-proyecto-de-etiquetado-frontal\/"},"author":{"name":"diario5","@id":"https:\/\/diariotextual.com\/inicio\/#\/schema\/person\/c7834961ad8b29b1d9cdbf4571299067"},"headline":"Diputados busca convertir en ley el proyecto de etiquetado frontal","datePublished":"2021-10-26T10:33:36+00:00","dateModified":"2021-10-26T12:45:42+00:00","mainEntityOfPage":{"@id":"https:\/\/diariotextual.com\/inicio\/index.php\/2021\/10\/26\/diputados-busca-convertir-en-ley-el-proyecto-de-etiquetado-frontal\/"},"wordCount":528,"publisher":{"@id":"https:\/\/diariotextual.com\/inicio\/#organization"},"image":{"@id":"https:\/\/diariotextual.com\/inicio\/index.php\/2021\/10\/26\/diputados-busca-convertir-en-ley-el-proyecto-de-etiquetado-frontal\/#primaryimage"},"thumbnailUrl":"https:\/\/diariotextual.com\/inicio\/wp-content\/uploads\/2021\/10\/etiquetadofrontal.jpg","keywords":["Ley de etiquetado"],"articleSection":["A - PORTADA2","POLITICA"],"inLanguage":"es"},{"@type":"WebPage","@id":"https:\/\/diariotextual.com\/inicio\/index.php\/2021\/10\/26\/diputados-busca-convertir-en-ley-el-proyecto-de-etiquetado-frontal\/","url":"https:\/\/diariotextual.com\/inicio\/index.php\/2021\/10\/26\/diputados-busca-convertir-en-ley-el-proyecto-de-etiquetado-frontal\/","name":"Diputados busca convertir en ley el proyecto de etiquetado frontal - Diario Textual","isPartOf":{"@id":"https:\/\/diariotextual.com\/inicio\/#website"},"primaryImageOfPage":{"@id":"https:\/\/diariotextual.com\/inicio\/index.php\/2021\/10\/26\/diputados-busca-convertir-en-ley-el-proyecto-de-etiquetado-frontal\/#primaryimage"},"image":{"@id":"https:\/\/diariotextual.com\/inicio\/index.php\/2021\/10\/26\/diputados-busca-convertir-en-ley-el-proyecto-de-etiquetado-frontal\/#primaryimage"},"thumbnailUrl":"https:\/\/diariotextual.com\/inicio\/wp-content\/uploads\/2021\/10\/etiquetadofrontal.jpg","datePublished":"2021-10-26T10:33:36+00:00","dateModified":"2021-10-26T12:45:42+00:00","breadcrumb":{"@id":"https:\/\/diariotextual.com\/inicio\/index.php\/2021\/10\/26\/diputados-busca-convertir-en-ley-el-proyecto-de-etiquetado-frontal\/#breadcrumb"},"inLanguage":"es","potentialAction":[{"@type":"ReadAction","target":["https:\/\/diariotextual.com\/inicio\/index.php\/2021\/10\/26\/diputados-busca-convertir-en-ley-el-proyecto-de-etiquetado-frontal\/"]}]},{"@type":"ImageObject","inLanguage":"es","@id":"https:\/\/diariotextual.com\/inicio\/index.php\/2021\/10\/26\/diputados-busca-convertir-en-ley-el-proyecto-de-etiquetado-frontal\/#primaryimage","url":"https:\/\/diariotextual.com\/inicio\/wp-content\/uploads\/2021\/10\/etiquetadofrontal.jpg","contentUrl":"https:\/\/diariotextual.com\/inicio\/wp-content\/uploads\/2021\/10\/etiquetadofrontal.jpg","width":1004,"height":566},{"@type":"BreadcrumbList","@id":"https:\/\/diariotextual.com\/inicio\/index.php\/2021\/10\/26\/diputados-busca-convertir-en-ley-el-proyecto-de-etiquetado-frontal\/#breadcrumb","itemListElement":[{"@type":"ListItem","position":1,"name":"Portada","item":"https:\/\/diariotextual.com\/inicio\/"},{"@type":"ListItem","position":2,"name":"Diputados busca convertir en ley el proyecto de etiquetado frontal"}]},{"@type":"WebSite","@id":"https:\/\/diariotextual.com\/inicio\/#website","url":"https:\/\/diariotextual.com\/inicio\/","name":"Diario Textual","description":"","publisher":{"@id":"https:\/\/diariotextual.com\/inicio\/#organization"},"potentialAction":[{"@type":"SearchAction","target":{"@type":"EntryPoint","urlTemplate":"https:\/\/diariotextual.com\/inicio\/?s={search_term_string}"},"query-input":{"@type":"PropertyValueSpecification","valueRequired":true,"valueName":"search_term_string"}}],"inLanguage":"es"},{"@type":"Organization","@id":"https:\/\/diariotextual.com\/inicio\/#organization","name":"Diario Textual","url":"https:\/\/diariotextual.com\/inicio\/","logo":{"@type":"ImageObject","inLanguage":"es","@id":"https:\/\/diariotextual.com\/inicio\/#\/schema\/logo\/image\/","url":"https:\/\/diariotextual.com\/inicio\/wp-content\/uploads\/2023\/05\/logotextual1.jpg","contentUrl":"https:\/\/diariotextual.com\/inicio\/wp-content\/uploads\/2023\/05\/logotextual1.jpg","width":516,"height":76,"caption":"Diario Textual"},"image":{"@id":"https:\/\/diariotextual.com\/inicio\/#\/schema\/logo\/image\/"},"sameAs":["https:\/\/www.facebook.com\/eltextual","https:\/\/x.com\/eltextual","http:\/\/www.instagram.com\/eltextual"]},{"@type":"Person","@id":"https:\/\/diariotextual.com\/inicio\/#\/schema\/person\/c7834961ad8b29b1d9cdbf4571299067","name":"diario5","image":{"@type":"ImageObject","inLanguage":"es","@id":"https:\/\/secure.gravatar.com\/avatar\/948c893b847ca6df68216ead81b63f363408ec9b0f600fefc0641ce78613b111?s=96&d=mm&r=g","url":"https:\/\/secure.gravatar.com\/avatar\/948c893b847ca6df68216ead81b63f363408ec9b0f600fefc0641ce78613b111?s=96&d=mm&r=g","contentUrl":"https:\/\/secure.gravatar.com\/avatar\/948c893b847ca6df68216ead81b63f363408ec9b0f600fefc0641ce78613b111?s=96&d=mm&r=g","caption":"diario5"},"url":"https:\/\/diariotextual.com\/inicio\/index.php\/author\/diario5\/"}]}},"_links":{"self":[{"href":"https:\/\/diariotextual.com\/inicio\/index.php\/wp-json\/wp\/v2\/posts\/166535","targetHints":{"allow":["GET"]}}],"collection":[{"href":"https:\/\/diariotextual.com\/inicio\/index.php\/wp-json\/wp\/v2\/posts"}],"about":[{"href":"https:\/\/diariotextual.com\/inicio\/index.php\/wp-json\/wp\/v2\/types\/post"}],"author":[{"embeddable":true,"href":"https:\/\/diariotextual.com\/inicio\/index.php\/wp-json\/wp\/v2\/users\/7"}],"replies":[{"embeddable":true,"href":"https:\/\/diariotextual.com\/inicio\/index.php\/wp-json\/wp\/v2\/comments?post=166535"}],"version-history":[{"count":1,"href":"https:\/\/diariotextual.com\/inicio\/index.php\/wp-json\/wp\/v2\/posts\/166535\/revisions"}],"predecessor-version":[{"id":166536,"href":"https:\/\/diariotextual.com\/inicio\/index.php\/wp-json\/wp\/v2\/posts\/166535\/revisions\/166536"}],"wp:featuredmedia":[{"embeddable":true,"href":"https:\/\/diariotextual.com\/inicio\/index.php\/wp-json\/wp\/v2\/media\/164595"}],"wp:attachment":[{"href":"https:\/\/diariotextual.com\/inicio\/index.php\/wp-json\/wp\/v2\/media?parent=166535"}],"wp:term":[{"taxonomy":"category","embeddable":true,"href":"https:\/\/diariotextual.com\/inicio\/index.php\/wp-json\/wp\/v2\/categories?post=166535"},{"taxonomy":"post_tag","embeddable":true,"href":"https:\/\/diariotextual.com\/inicio\/index.php\/wp-json\/wp\/v2\/tags?post=166535"}],"curies":[{"name":"wp","href":"https:\/\/api.w.org\/{rel}","templated":true}]}}