{"id":166640,"date":"2021-10-27T15:48:00","date_gmt":"2021-10-27T18:48:00","guid":{"rendered":"https:\/\/diariotextual.com\/inicio\/?p=166640"},"modified":"2021-10-27T16:38:51","modified_gmt":"2021-10-27T19:38:51","slug":"la-pampa-empieza-a-aplicar-una-tercera-dosis-contra-el-covid-quienes-son-los-primeros","status":"publish","type":"post","link":"https:\/\/diariotextual.com\/inicio\/index.php\/2021\/10\/27\/la-pampa-empieza-a-aplicar-una-tercera-dosis-contra-el-covid-quienes-son-los-primeros\/","title":{"rendered":"La Pampa empez\u00f3 a aplicar una tercera dosis a los vacunados con Sinopharm"},"content":{"rendered":"\n<p>El Ministerio de Salud de La Pampa confirm\u00f3 que en la tarde de este mi\u00e9rcoles comenz\u00f3 a<strong> aplicar una \u00abdosis adicional\u00bb contra el coronavirus<\/strong>, principalmente a los mayores de 50 a\u00f1os que fueron inmunizados con Sinopharm. Les est\u00e1n aplicando una dosis de AstraZeneca.<\/p>\n\n\n\n<p>Seg\u00fan sostuvo Salud, esta nueva etapa de inmunizaci\u00f3n es posible<strong> \u00aba ra\u00edz de la favorable situaci\u00f3n epidemiol\u00f3gica actual alcanzada, la disponibilidad de vacunas, la validaci\u00f3n y recomendaci\u00f3n del Ministerio de Salud de la Naci\u00f3n, la Comisi\u00f3n Nacional de Inmunizaciones (CONAIN) y la Organizaci\u00f3n Mundial de la Salud (OMS) que alertan sobre la virulencia de nuevas variantes y con el objeto de mantener el status epidemiol\u00f3gico alcanzado\u00bb.<\/strong><\/p>\n\n\n\n<p>Salud dijo que <strong>la respuesta inmune de la Sinopharm es \u00abprobablemente insuficiente\u00bb<\/strong>, por lo que se requiere un refuerzo. \u00abSe define como<strong> dosis adicional a aquella que se aplica luego de un esquema completo<\/strong> cuand<strong>o la respuesta inmune es probablemente insuficiente de acuerdo a la vacuna que la persona recibi\u00f3 <\/strong>(m\u00e1s frecuente en aquellas de plataforma de virus inactivado) y <strong>a las condiciones del vacunado<\/strong>\u00ab, expres\u00f3 el ministerio.<\/p>\n\n\n\n<p>Estas dosis -comunic\u00f3 Salud de La Pampa- son aplicadas a dos grupos priorizados que tengan como m\u00ednimo un intervalo interdosis de 4 semanas:<br><\/p>\n\n\n\n<p><strong><em>a)&nbsp; Personas que presenten inmunocompromiso (tratamientos oncol\u00f3gicos, trasplantes de \u00f3rganos s\u00f3lidos, VIH y tratamientos que afecten al sistema inmune).<\/em><\/strong><br><\/p>\n\n\n\n<p><strong><em>b)&nbsp; Personas que sean de 50 a\u00f1os o m\u00e1s y que hayan recibido esquema completo con vacuna Sinopharm.<\/em><\/strong><br><\/p>\n\n\n\n<p>De esta manera, la estrategia de vacunaci\u00f3n en la provincia de La Pampa avanzar\u00e1 como habitualmente de forma escalonada y progresiva, con la prioridad de la edad de manera decreciente y el inmunocompromiso.<\/p>\n\n\n\n<p>Las personas ya registradas son convocadas v\u00eda mail para recibir esta dosis adicional.<br><\/p>\n\n\n\n<p><\/p>\n\n\n\n<p><\/p>\n\n\n\n<p><\/p>\n","protected":false},"excerpt":{"rendered":"<p>El Ministerio de Salud de La Pampa confirm\u00f3 que en la tarde de este mi\u00e9rcoles comenz\u00f3 a aplicar una \u00abdosis adicional\u00bb contra el coronavirus, principalmente a los mayores de 50&hellip;<\/p>\n","protected":false},"author":3,"featured_media":159579,"comment_status":"closed","ping_status":"open","sticky":false,"template":"","format":"standard","meta":{"_acf_changed":false,"footnotes":""},"categories":[4,12],"tags":[1939],"class_list":["post-166640","post","type-post","status-publish","format-standard","has-post-thumbnail","hentry","category-destacadas","category-sociedad","tag-vacuna"],"acf":[],"yoast_head":"<!-- This site is optimized with the Yoast SEO plugin v27.5 - https:\/\/yoast.com\/product\/yoast-seo-wordpress\/ -->\n<title>La Pampa empez\u00f3 a aplicar una tercera dosis a los vacunados con Sinopharm - Diario Textual<\/title>\n<meta name=\"robots\" content=\"index, follow, max-snippet:-1, max-image-preview:large, max-video-preview:-1\" \/>\n<link rel=\"canonical\" href=\"https:\/\/diariotextual.com\/inicio\/index.php\/2021\/10\/27\/la-pampa-empieza-a-aplicar-una-tercera-dosis-contra-el-covid-quienes-son-los-primeros\/\" \/>\n<meta property=\"og:locale\" content=\"es_ES\" \/>\n<meta property=\"og:type\" content=\"article\" \/>\n<meta property=\"og:title\" content=\"La Pampa empez\u00f3 a aplicar una tercera dosis a los vacunados con Sinopharm - Diario Textual\" \/>\n<meta property=\"og:description\" content=\"El Ministerio de Salud de La Pampa confirm\u00f3 que en la tarde de este mi\u00e9rcoles comenz\u00f3 a aplicar una \u00abdosis adicional\u00bb contra el coronavirus, principalmente a los mayores de 50&hellip;\" \/>\n<meta property=\"og:url\" content=\"https:\/\/diariotextual.com\/inicio\/index.php\/2021\/10\/27\/la-pampa-empieza-a-aplicar-una-tercera-dosis-contra-el-covid-quienes-son-los-primeros\/\" \/>\n<meta property=\"og:site_name\" content=\"Diario Textual\" \/>\n<meta property=\"article:publisher\" content=\"https:\/\/www.facebook.com\/eltextual\" \/>\n<meta property=\"article:published_time\" content=\"2021-10-27T18:48:00+00:00\" \/>\n<meta property=\"article:modified_time\" content=\"2021-10-27T19:38:51+00:00\" \/>\n<meta property=\"og:image\" content=\"https:\/\/diariotextual.com\/inicio\/wp-content\/uploads\/2021\/08\/coronavirusvacuna2021-1021.jpg\" \/>\n\t<meta property=\"og:image:width\" content=\"911\" \/>\n\t<meta property=\"og:image:height\" content=\"590\" \/>\n\t<meta property=\"og:image:type\" content=\"image\/jpeg\" \/>\n<meta name=\"author\" content=\"Diario1 Diario1\" \/>\n<meta name=\"twitter:card\" content=\"summary_large_image\" \/>\n<meta name=\"twitter:creator\" content=\"@eltextual\" \/>\n<meta name=\"twitter:site\" content=\"@eltextual\" \/>\n<meta name=\"twitter:label1\" content=\"Escrito por\" \/>\n\t<meta name=\"twitter:data1\" content=\"Diario1 Diario1\" \/>\n\t<meta name=\"twitter:label2\" content=\"Tiempo de lectura\" \/>\n\t<meta name=\"twitter:data2\" content=\"2 minutos\" \/>\n<script type=\"application\/ld+json\" class=\"yoast-schema-graph\">{\"@context\":\"https:\\\/\\\/schema.org\",\"@graph\":[{\"@type\":\"Article\",\"@id\":\"https:\\\/\\\/diariotextual.com\\\/inicio\\\/index.php\\\/2021\\\/10\\\/27\\\/la-pampa-empieza-a-aplicar-una-tercera-dosis-contra-el-covid-quienes-son-los-primeros\\\/#article\",\"isPartOf\":{\"@id\":\"https:\\\/\\\/diariotextual.com\\\/inicio\\\/index.php\\\/2021\\\/10\\\/27\\\/la-pampa-empieza-a-aplicar-una-tercera-dosis-contra-el-covid-quienes-son-los-primeros\\\/\"},\"author\":{\"name\":\"Diario1 Diario1\",\"@id\":\"https:\\\/\\\/diariotextual.com\\\/inicio\\\/#\\\/schema\\\/person\\\/418fc4093c33e86ed41562db3508f958\"},\"headline\":\"La Pampa empez\u00f3 a aplicar una tercera dosis a los vacunados con Sinopharm\",\"datePublished\":\"2021-10-27T18:48:00+00:00\",\"dateModified\":\"2021-10-27T19:38:51+00:00\",\"mainEntityOfPage\":{\"@id\":\"https:\\\/\\\/diariotextual.com\\\/inicio\\\/index.php\\\/2021\\\/10\\\/27\\\/la-pampa-empieza-a-aplicar-una-tercera-dosis-contra-el-covid-quienes-son-los-primeros\\\/\"},\"wordCount\":317,\"publisher\":{\"@id\":\"https:\\\/\\\/diariotextual.com\\\/inicio\\\/#organization\"},\"image\":{\"@id\":\"https:\\\/\\\/diariotextual.com\\\/inicio\\\/index.php\\\/2021\\\/10\\\/27\\\/la-pampa-empieza-a-aplicar-una-tercera-dosis-contra-el-covid-quienes-son-los-primeros\\\/#primaryimage\"},\"thumbnailUrl\":\"https:\\\/\\\/diariotextual.com\\\/inicio\\\/wp-content\\\/uploads\\\/2021\\\/08\\\/coronavirusvacuna2021-1021.jpg\",\"keywords\":[\"vacuna\"],\"articleSection\":[\"A - DESTACADAS (mod 16)\",\"SOCIEDAD\"],\"inLanguage\":\"es\"},{\"@type\":\"WebPage\",\"@id\":\"https:\\\/\\\/diariotextual.com\\\/inicio\\\/index.php\\\/2021\\\/10\\\/27\\\/la-pampa-empieza-a-aplicar-una-tercera-dosis-contra-el-covid-quienes-son-los-primeros\\\/\",\"url\":\"https:\\\/\\\/diariotextual.com\\\/inicio\\\/index.php\\\/2021\\\/10\\\/27\\\/la-pampa-empieza-a-aplicar-una-tercera-dosis-contra-el-covid-quienes-son-los-primeros\\\/\",\"name\":\"La Pampa empez\u00f3 a aplicar una tercera dosis a los vacunados con Sinopharm - Diario Textual\",\"isPartOf\":{\"@id\":\"https:\\\/\\\/diariotextual.com\\\/inicio\\\/#website\"},\"primaryImageOfPage\":{\"@id\":\"https:\\\/\\\/diariotextual.com\\\/inicio\\\/index.php\\\/2021\\\/10\\\/27\\\/la-pampa-empieza-a-aplicar-una-tercera-dosis-contra-el-covid-quienes-son-los-primeros\\\/#primaryimage\"},\"image\":{\"@id\":\"https:\\\/\\\/diariotextual.com\\\/inicio\\\/index.php\\\/2021\\\/10\\\/27\\\/la-pampa-empieza-a-aplicar-una-tercera-dosis-contra-el-covid-quienes-son-los-primeros\\\/#primaryimage\"},\"thumbnailUrl\":\"https:\\\/\\\/diariotextual.com\\\/inicio\\\/wp-content\\\/uploads\\\/2021\\\/08\\\/coronavirusvacuna2021-1021.jpg\",\"datePublished\":\"2021-10-27T18:48:00+00:00\",\"dateModified\":\"2021-10-27T19:38:51+00:00\",\"breadcrumb\":{\"@id\":\"https:\\\/\\\/diariotextual.com\\\/inicio\\\/index.php\\\/2021\\\/10\\\/27\\\/la-pampa-empieza-a-aplicar-una-tercera-dosis-contra-el-covid-quienes-son-los-primeros\\\/#breadcrumb\"},\"inLanguage\":\"es\",\"potentialAction\":[{\"@type\":\"ReadAction\",\"target\":[\"https:\\\/\\\/diariotextual.com\\\/inicio\\\/index.php\\\/2021\\\/10\\\/27\\\/la-pampa-empieza-a-aplicar-una-tercera-dosis-contra-el-covid-quienes-son-los-primeros\\\/\"]}]},{\"@type\":\"ImageObject\",\"inLanguage\":\"es\",\"@id\":\"https:\\\/\\\/diariotextual.com\\\/inicio\\\/index.php\\\/2021\\\/10\\\/27\\\/la-pampa-empieza-a-aplicar-una-tercera-dosis-contra-el-covid-quienes-son-los-primeros\\\/#primaryimage\",\"url\":\"https:\\\/\\\/diariotextual.com\\\/inicio\\\/wp-content\\\/uploads\\\/2021\\\/08\\\/coronavirusvacuna2021-1021.jpg\",\"contentUrl\":\"https:\\\/\\\/diariotextual.com\\\/inicio\\\/wp-content\\\/uploads\\\/2021\\\/08\\\/coronavirusvacuna2021-1021.jpg\",\"width\":911,\"height\":590},{\"@type\":\"BreadcrumbList\",\"@id\":\"https:\\\/\\\/diariotextual.com\\\/inicio\\\/index.php\\\/2021\\\/10\\\/27\\\/la-pampa-empieza-a-aplicar-una-tercera-dosis-contra-el-covid-quienes-son-los-primeros\\\/#breadcrumb\",\"itemListElement\":[{\"@type\":\"ListItem\",\"position\":1,\"name\":\"Portada\",\"item\":\"https:\\\/\\\/diariotextual.com\\\/inicio\\\/\"},{\"@type\":\"ListItem\",\"position\":2,\"name\":\"La Pampa empez\u00f3 a aplicar una tercera dosis a los vacunados con Sinopharm\"}]},{\"@type\":\"WebSite\",\"@id\":\"https:\\\/\\\/diariotextual.com\\\/inicio\\\/#website\",\"url\":\"https:\\\/\\\/diariotextual.com\\\/inicio\\\/\",\"name\":\"Diario Textual\",\"description\":\"\",\"publisher\":{\"@id\":\"https:\\\/\\\/diariotextual.com\\\/inicio\\\/#organization\"},\"potentialAction\":[{\"@type\":\"SearchAction\",\"target\":{\"@type\":\"EntryPoint\",\"urlTemplate\":\"https:\\\/\\\/diariotextual.com\\\/inicio\\\/?s={search_term_string}\"},\"query-input\":{\"@type\":\"PropertyValueSpecification\",\"valueRequired\":true,\"valueName\":\"search_term_string\"}}],\"inLanguage\":\"es\"},{\"@type\":\"Organization\",\"@id\":\"https:\\\/\\\/diariotextual.com\\\/inicio\\\/#organization\",\"name\":\"Diario Textual\",\"url\":\"https:\\\/\\\/diariotextual.com\\\/inicio\\\/\",\"logo\":{\"@type\":\"ImageObject\",\"inLanguage\":\"es\",\"@id\":\"https:\\\/\\\/diariotextual.com\\\/inicio\\\/#\\\/schema\\\/logo\\\/image\\\/\",\"url\":\"https:\\\/\\\/diariotextual.com\\\/inicio\\\/wp-content\\\/uploads\\\/2023\\\/05\\\/logotextual1.jpg\",\"contentUrl\":\"https:\\\/\\\/diariotextual.com\\\/inicio\\\/wp-content\\\/uploads\\\/2023\\\/05\\\/logotextual1.jpg\",\"width\":516,\"height\":76,\"caption\":\"Diario Textual\"},\"image\":{\"@id\":\"https:\\\/\\\/diariotextual.com\\\/inicio\\\/#\\\/schema\\\/logo\\\/image\\\/\"},\"sameAs\":[\"https:\\\/\\\/www.facebook.com\\\/eltextual\",\"https:\\\/\\\/x.com\\\/eltextual\",\"http:\\\/\\\/www.instagram.com\\\/eltextual\"]},{\"@type\":\"Person\",\"@id\":\"https:\\\/\\\/diariotextual.com\\\/inicio\\\/#\\\/schema\\\/person\\\/418fc4093c33e86ed41562db3508f958\",\"name\":\"Diario1 Diario1\",\"image\":{\"@type\":\"ImageObject\",\"inLanguage\":\"es\",\"@id\":\"https:\\\/\\\/secure.gravatar.com\\\/avatar\\\/9167d280179c85bc18be67aa7eda765854300033af4896dd779b608640f2ef7a?s=96&d=mm&r=g\",\"url\":\"https:\\\/\\\/secure.gravatar.com\\\/avatar\\\/9167d280179c85bc18be67aa7eda765854300033af4896dd779b608640f2ef7a?s=96&d=mm&r=g\",\"contentUrl\":\"https:\\\/\\\/secure.gravatar.com\\\/avatar\\\/9167d280179c85bc18be67aa7eda765854300033af4896dd779b608640f2ef7a?s=96&d=mm&r=g\",\"caption\":\"Diario1 Diario1\"},\"url\":\"https:\\\/\\\/diariotextual.com\\\/inicio\\\/index.php\\\/author\\\/diario1\\\/\"}]}<\/script>\n<!-- \/ Yoast SEO plugin. -->","yoast_head_json":{"title":"La Pampa empez\u00f3 a aplicar una tercera dosis a los vacunados con Sinopharm - Diario Textual","robots":{"index":"index","follow":"follow","max-snippet":"max-snippet:-1","max-image-preview":"max-image-preview:large","max-video-preview":"max-video-preview:-1"},"canonical":"https:\/\/diariotextual.com\/inicio\/index.php\/2021\/10\/27\/la-pampa-empieza-a-aplicar-una-tercera-dosis-contra-el-covid-quienes-son-los-primeros\/","og_locale":"es_ES","og_type":"article","og_title":"La Pampa empez\u00f3 a aplicar una tercera dosis a los vacunados con Sinopharm - Diario Textual","og_description":"El Ministerio de Salud de La Pampa confirm\u00f3 que en la tarde de este mi\u00e9rcoles comenz\u00f3 a aplicar una \u00abdosis adicional\u00bb contra el coronavirus, principalmente a los mayores de 50&hellip;","og_url":"https:\/\/diariotextual.com\/inicio\/index.php\/2021\/10\/27\/la-pampa-empieza-a-aplicar-una-tercera-dosis-contra-el-covid-quienes-son-los-primeros\/","og_site_name":"Diario Textual","article_publisher":"https:\/\/www.facebook.com\/eltextual","article_published_time":"2021-10-27T18:48:00+00:00","article_modified_time":"2021-10-27T19:38:51+00:00","og_image":[{"width":911,"height":590,"url":"https:\/\/diariotextual.com\/inicio\/wp-content\/uploads\/2021\/08\/coronavirusvacuna2021-1021.jpg","type":"image\/jpeg"}],"author":"Diario1 Diario1","twitter_card":"summary_large_image","twitter_creator":"@eltextual","twitter_site":"@eltextual","twitter_misc":{"Escrito por":"Diario1 Diario1","Tiempo de lectura":"2 minutos"},"schema":{"@context":"https:\/\/schema.org","@graph":[{"@type":"Article","@id":"https:\/\/diariotextual.com\/inicio\/index.php\/2021\/10\/27\/la-pampa-empieza-a-aplicar-una-tercera-dosis-contra-el-covid-quienes-son-los-primeros\/#article","isPartOf":{"@id":"https:\/\/diariotextual.com\/inicio\/index.php\/2021\/10\/27\/la-pampa-empieza-a-aplicar-una-tercera-dosis-contra-el-covid-quienes-son-los-primeros\/"},"author":{"name":"Diario1 Diario1","@id":"https:\/\/diariotextual.com\/inicio\/#\/schema\/person\/418fc4093c33e86ed41562db3508f958"},"headline":"La Pampa empez\u00f3 a aplicar una tercera dosis a los vacunados con Sinopharm","datePublished":"2021-10-27T18:48:00+00:00","dateModified":"2021-10-27T19:38:51+00:00","mainEntityOfPage":{"@id":"https:\/\/diariotextual.com\/inicio\/index.php\/2021\/10\/27\/la-pampa-empieza-a-aplicar-una-tercera-dosis-contra-el-covid-quienes-son-los-primeros\/"},"wordCount":317,"publisher":{"@id":"https:\/\/diariotextual.com\/inicio\/#organization"},"image":{"@id":"https:\/\/diariotextual.com\/inicio\/index.php\/2021\/10\/27\/la-pampa-empieza-a-aplicar-una-tercera-dosis-contra-el-covid-quienes-son-los-primeros\/#primaryimage"},"thumbnailUrl":"https:\/\/diariotextual.com\/inicio\/wp-content\/uploads\/2021\/08\/coronavirusvacuna2021-1021.jpg","keywords":["vacuna"],"articleSection":["A - DESTACADAS (mod 16)","SOCIEDAD"],"inLanguage":"es"},{"@type":"WebPage","@id":"https:\/\/diariotextual.com\/inicio\/index.php\/2021\/10\/27\/la-pampa-empieza-a-aplicar-una-tercera-dosis-contra-el-covid-quienes-son-los-primeros\/","url":"https:\/\/diariotextual.com\/inicio\/index.php\/2021\/10\/27\/la-pampa-empieza-a-aplicar-una-tercera-dosis-contra-el-covid-quienes-son-los-primeros\/","name":"La Pampa empez\u00f3 a aplicar una tercera dosis a los vacunados con Sinopharm - Diario Textual","isPartOf":{"@id":"https:\/\/diariotextual.com\/inicio\/#website"},"primaryImageOfPage":{"@id":"https:\/\/diariotextual.com\/inicio\/index.php\/2021\/10\/27\/la-pampa-empieza-a-aplicar-una-tercera-dosis-contra-el-covid-quienes-son-los-primeros\/#primaryimage"},"image":{"@id":"https:\/\/diariotextual.com\/inicio\/index.php\/2021\/10\/27\/la-pampa-empieza-a-aplicar-una-tercera-dosis-contra-el-covid-quienes-son-los-primeros\/#primaryimage"},"thumbnailUrl":"https:\/\/diariotextual.com\/inicio\/wp-content\/uploads\/2021\/08\/coronavirusvacuna2021-1021.jpg","datePublished":"2021-10-27T18:48:00+00:00","dateModified":"2021-10-27T19:38:51+00:00","breadcrumb":{"@id":"https:\/\/diariotextual.com\/inicio\/index.php\/2021\/10\/27\/la-pampa-empieza-a-aplicar-una-tercera-dosis-contra-el-covid-quienes-son-los-primeros\/#breadcrumb"},"inLanguage":"es","potentialAction":[{"@type":"ReadAction","target":["https:\/\/diariotextual.com\/inicio\/index.php\/2021\/10\/27\/la-pampa-empieza-a-aplicar-una-tercera-dosis-contra-el-covid-quienes-son-los-primeros\/"]}]},{"@type":"ImageObject","inLanguage":"es","@id":"https:\/\/diariotextual.com\/inicio\/index.php\/2021\/10\/27\/la-pampa-empieza-a-aplicar-una-tercera-dosis-contra-el-covid-quienes-son-los-primeros\/#primaryimage","url":"https:\/\/diariotextual.com\/inicio\/wp-content\/uploads\/2021\/08\/coronavirusvacuna2021-1021.jpg","contentUrl":"https:\/\/diariotextual.com\/inicio\/wp-content\/uploads\/2021\/08\/coronavirusvacuna2021-1021.jpg","width":911,"height":590},{"@type":"BreadcrumbList","@id":"https:\/\/diariotextual.com\/inicio\/index.php\/2021\/10\/27\/la-pampa-empieza-a-aplicar-una-tercera-dosis-contra-el-covid-quienes-son-los-primeros\/#breadcrumb","itemListElement":[{"@type":"ListItem","position":1,"name":"Portada","item":"https:\/\/diariotextual.com\/inicio\/"},{"@type":"ListItem","position":2,"name":"La Pampa empez\u00f3 a aplicar una tercera dosis a los vacunados con Sinopharm"}]},{"@type":"WebSite","@id":"https:\/\/diariotextual.com\/inicio\/#website","url":"https:\/\/diariotextual.com\/inicio\/","name":"Diario Textual","description":"","publisher":{"@id":"https:\/\/diariotextual.com\/inicio\/#organization"},"potentialAction":[{"@type":"SearchAction","target":{"@type":"EntryPoint","urlTemplate":"https:\/\/diariotextual.com\/inicio\/?s={search_term_string}"},"query-input":{"@type":"PropertyValueSpecification","valueRequired":true,"valueName":"search_term_string"}}],"inLanguage":"es"},{"@type":"Organization","@id":"https:\/\/diariotextual.com\/inicio\/#organization","name":"Diario Textual","url":"https:\/\/diariotextual.com\/inicio\/","logo":{"@type":"ImageObject","inLanguage":"es","@id":"https:\/\/diariotextual.com\/inicio\/#\/schema\/logo\/image\/","url":"https:\/\/diariotextual.com\/inicio\/wp-content\/uploads\/2023\/05\/logotextual1.jpg","contentUrl":"https:\/\/diariotextual.com\/inicio\/wp-content\/uploads\/2023\/05\/logotextual1.jpg","width":516,"height":76,"caption":"Diario Textual"},"image":{"@id":"https:\/\/diariotextual.com\/inicio\/#\/schema\/logo\/image\/"},"sameAs":["https:\/\/www.facebook.com\/eltextual","https:\/\/x.com\/eltextual","http:\/\/www.instagram.com\/eltextual"]},{"@type":"Person","@id":"https:\/\/diariotextual.com\/inicio\/#\/schema\/person\/418fc4093c33e86ed41562db3508f958","name":"Diario1 Diario1","image":{"@type":"ImageObject","inLanguage":"es","@id":"https:\/\/secure.gravatar.com\/avatar\/9167d280179c85bc18be67aa7eda765854300033af4896dd779b608640f2ef7a?s=96&d=mm&r=g","url":"https:\/\/secure.gravatar.com\/avatar\/9167d280179c85bc18be67aa7eda765854300033af4896dd779b608640f2ef7a?s=96&d=mm&r=g","contentUrl":"https:\/\/secure.gravatar.com\/avatar\/9167d280179c85bc18be67aa7eda765854300033af4896dd779b608640f2ef7a?s=96&d=mm&r=g","caption":"Diario1 Diario1"},"url":"https:\/\/diariotextual.com\/inicio\/index.php\/author\/diario1\/"}]}},"_links":{"self":[{"href":"https:\/\/diariotextual.com\/inicio\/index.php\/wp-json\/wp\/v2\/posts\/166640","targetHints":{"allow":["GET"]}}],"collection":[{"href":"https:\/\/diariotextual.com\/inicio\/index.php\/wp-json\/wp\/v2\/posts"}],"about":[{"href":"https:\/\/diariotextual.com\/inicio\/index.php\/wp-json\/wp\/v2\/types\/post"}],"author":[{"embeddable":true,"href":"https:\/\/diariotextual.com\/inicio\/index.php\/wp-json\/wp\/v2\/users\/3"}],"replies":[{"embeddable":true,"href":"https:\/\/diariotextual.com\/inicio\/index.php\/wp-json\/wp\/v2\/comments?post=166640"}],"version-history":[{"count":12,"href":"https:\/\/diariotextual.com\/inicio\/index.php\/wp-json\/wp\/v2\/posts\/166640\/revisions"}],"predecessor-version":[{"id":166743,"href":"https:\/\/diariotextual.com\/inicio\/index.php\/wp-json\/wp\/v2\/posts\/166640\/revisions\/166743"}],"wp:featuredmedia":[{"embeddable":true,"href":"https:\/\/diariotextual.com\/inicio\/index.php\/wp-json\/wp\/v2\/media\/159579"}],"wp:attachment":[{"href":"https:\/\/diariotextual.com\/inicio\/index.php\/wp-json\/wp\/v2\/media?parent=166640"}],"wp:term":[{"taxonomy":"category","embeddable":true,"href":"https:\/\/diariotextual.com\/inicio\/index.php\/wp-json\/wp\/v2\/categories?post=166640"},{"taxonomy":"post_tag","embeddable":true,"href":"https:\/\/diariotextual.com\/inicio\/index.php\/wp-json\/wp\/v2\/tags?post=166640"}],"curies":[{"name":"wp","href":"https:\/\/api.w.org\/{rel}","templated":true}]}}