{"id":166711,"date":"2021-10-27T13:40:56","date_gmt":"2021-10-27T16:40:56","guid":{"rendered":"https:\/\/diariotextual.com\/inicio\/?p=166711"},"modified":"2021-10-27T16:39:59","modified_gmt":"2021-10-27T19:39:59","slug":"liberaron-al-unico-condenado-por-el-caso-de-los-abusos-en-el-jardin-de-25-de-mayo","status":"publish","type":"post","link":"https:\/\/diariotextual.com\/inicio\/index.php\/2021\/10\/27\/liberaron-al-unico-condenado-por-el-caso-de-los-abusos-en-el-jardin-de-25-de-mayo\/","title":{"rendered":"Liberaron al \u00fanico condenado por el caso de los abusos en el jard\u00edn de 25 de Mayo"},"content":{"rendered":"\n<p>El Superior Tribunal de Justicia  (STJ) acept\u00f3 el recurso de habeas corpus, consider\u00f3 que la extensi\u00f3n de la prisi\u00f3n preventiva es abusiva y orden\u00f3 la inmediata liberaci\u00f3n de Marcelo Tatavitto, el \u00fanico condenado por abuso sexual en un jard\u00edn de la localidad pampeana de 25 de Mayo<\/p>\n\n\n\n<p>Tatavitto fue condenado a 12 a\u00f1os de prisi\u00f3n por abuso sexual de un menor de edad. Ahora, con esta medida, debe ser liberado en forma inmediata.<\/p>\n\n\n\n<p>La sentencia -que ya fue ratificada en tres instancias- se est\u00e1 revisando ahora en la Corte Suprema de Justicia de la naci\u00f3n. Si queda firme, volver\u00e1 a prisi\u00f3n.<\/p>\n\n\n\n<p>En julio, el Superior Tribunal de Justicia <strong><a href=\"https:\/\/diariotextual.com\/inicio\/index.php\/2021\/07\/30\/abuso-en-25-de-mayo-el-stj-confirmo-la-condena-a-tattavito\/\" target=\"_blank\" rel=\"noreferrer noopener\">declar\u00f3 hoy inadmisible el recurso de casaci\u00f3n\u00a0<\/a><\/strong>presentado por<strong>\u00a0Marcelo Tattavito Roade<\/strong>\u00a0y, de ese modo,\u00a0<strong>le confirm\u00f3 la condena a 12 a\u00f1os de prisi\u00f3n como autor de los delitos de abuso sexual gravemente ultrajante, agravado, por haber provocado un grave da\u00f1o en la salud mental de la v\u00edctima, y abuso sexual gravemente ultrajante<\/strong>. Los hechos concursaron en forma real y fueron cometidos en perjuicio de dos alumnos del Jard\u00edn de Infantes N\u00b0 12 de 25 de Mayo. \u00a0<\/p>\n\n\n\n<p><br>Los abusos -seg\u00fan el STJ- fueron cometidos entre marzo y abril de 2015 en el ba\u00f1o de la Oficina de Coordinaci\u00f3n \u2013donde Tatavitto prestaba servicios\u2013 de la Escuela Especial 10, que funcionaba en el mismo edificio que el JIN.\u00a0<\/p>\n","protected":false},"excerpt":{"rendered":"<p>El Superior Tribunal de Justicia (STJ) acept\u00f3 el recurso de habeas corpus, consider\u00f3 que la extensi\u00f3n de la prisi\u00f3n preventiva es abusiva y orden\u00f3 la inmediata liberaci\u00f3n de Marcelo Tatavitto,&hellip;<\/p>\n","protected":false},"author":3,"featured_media":8827,"comment_status":"closed","ping_status":"open","sticky":false,"template":"","format":"standard","meta":{"_acf_changed":false,"footnotes":""},"categories":[10,12],"tags":[1098],"class_list":["post-166711","post","type-post","status-publish","format-standard","has-post-thumbnail","hentry","category-portada-2","category-sociedad","tag-abusos"],"acf":[],"yoast_head":"<!-- This site is optimized with the Yoast SEO plugin v27.5 - https:\/\/yoast.com\/product\/yoast-seo-wordpress\/ -->\n<title>Liberaron al \u00fanico condenado por el caso de los abusos en el jard\u00edn de 25 de Mayo - Diario Textual<\/title>\n<meta name=\"robots\" content=\"index, follow, max-snippet:-1, max-image-preview:large, max-video-preview:-1\" \/>\n<link rel=\"canonical\" href=\"https:\/\/diariotextual.com\/inicio\/index.php\/2021\/10\/27\/liberaron-al-unico-condenado-por-el-caso-de-los-abusos-en-el-jardin-de-25-de-mayo\/\" \/>\n<meta property=\"og:locale\" content=\"es_ES\" \/>\n<meta property=\"og:type\" content=\"article\" \/>\n<meta property=\"og:title\" content=\"Liberaron al \u00fanico condenado por el caso de los abusos en el jard\u00edn de 25 de Mayo - Diario Textual\" \/>\n<meta property=\"og:description\" content=\"El Superior Tribunal de Justicia (STJ) acept\u00f3 el recurso de habeas corpus, consider\u00f3 que la extensi\u00f3n de la prisi\u00f3n preventiva es abusiva y orden\u00f3 la inmediata liberaci\u00f3n de Marcelo Tatavitto,&hellip;\" \/>\n<meta property=\"og:url\" content=\"https:\/\/diariotextual.com\/inicio\/index.php\/2021\/10\/27\/liberaron-al-unico-condenado-por-el-caso-de-los-abusos-en-el-jardin-de-25-de-mayo\/\" \/>\n<meta property=\"og:site_name\" content=\"Diario Textual\" \/>\n<meta property=\"article:publisher\" content=\"https:\/\/www.facebook.com\/eltextual\" \/>\n<meta property=\"article:published_time\" content=\"2021-10-27T16:40:56+00:00\" \/>\n<meta property=\"article:modified_time\" content=\"2021-10-27T19:39:59+00:00\" \/>\n<meta property=\"og:image\" content=\"https:\/\/diariotextual.com\/inicio\/wp-content\/uploads\/2018\/05\/abusos25mayojuicio0000000.jpg\" \/>\n\t<meta property=\"og:image:width\" content=\"3193\" \/>\n\t<meta property=\"og:image:height\" content=\"2217\" \/>\n\t<meta property=\"og:image:type\" content=\"image\/jpeg\" \/>\n<meta name=\"author\" content=\"Diario1 Diario1\" \/>\n<meta name=\"twitter:card\" content=\"summary_large_image\" \/>\n<meta name=\"twitter:creator\" content=\"@eltextual\" \/>\n<meta name=\"twitter:site\" content=\"@eltextual\" \/>\n<meta name=\"twitter:label1\" content=\"Escrito por\" \/>\n\t<meta name=\"twitter:data1\" content=\"Diario1 Diario1\" \/>\n\t<meta name=\"twitter:label2\" content=\"Tiempo de lectura\" \/>\n\t<meta name=\"twitter:data2\" content=\"1 minuto\" \/>\n<script type=\"application\/ld+json\" class=\"yoast-schema-graph\">{\"@context\":\"https:\\\/\\\/schema.org\",\"@graph\":[{\"@type\":\"Article\",\"@id\":\"https:\\\/\\\/diariotextual.com\\\/inicio\\\/index.php\\\/2021\\\/10\\\/27\\\/liberaron-al-unico-condenado-por-el-caso-de-los-abusos-en-el-jardin-de-25-de-mayo\\\/#article\",\"isPartOf\":{\"@id\":\"https:\\\/\\\/diariotextual.com\\\/inicio\\\/index.php\\\/2021\\\/10\\\/27\\\/liberaron-al-unico-condenado-por-el-caso-de-los-abusos-en-el-jardin-de-25-de-mayo\\\/\"},\"author\":{\"name\":\"Diario1 Diario1\",\"@id\":\"https:\\\/\\\/diariotextual.com\\\/inicio\\\/#\\\/schema\\\/person\\\/418fc4093c33e86ed41562db3508f958\"},\"headline\":\"Liberaron al \u00fanico condenado por el caso de los abusos en el jard\u00edn de 25 de Mayo\",\"datePublished\":\"2021-10-27T16:40:56+00:00\",\"dateModified\":\"2021-10-27T19:39:59+00:00\",\"mainEntityOfPage\":{\"@id\":\"https:\\\/\\\/diariotextual.com\\\/inicio\\\/index.php\\\/2021\\\/10\\\/27\\\/liberaron-al-unico-condenado-por-el-caso-de-los-abusos-en-el-jardin-de-25-de-mayo\\\/\"},\"wordCount\":252,\"publisher\":{\"@id\":\"https:\\\/\\\/diariotextual.com\\\/inicio\\\/#organization\"},\"image\":{\"@id\":\"https:\\\/\\\/diariotextual.com\\\/inicio\\\/index.php\\\/2021\\\/10\\\/27\\\/liberaron-al-unico-condenado-por-el-caso-de-los-abusos-en-el-jardin-de-25-de-mayo\\\/#primaryimage\"},\"thumbnailUrl\":\"https:\\\/\\\/diariotextual.com\\\/inicio\\\/wp-content\\\/uploads\\\/2018\\\/05\\\/abusos25mayojuicio0000000.jpg\",\"keywords\":[\"abusos\"],\"articleSection\":[\"A - PORTADA2\",\"SOCIEDAD\"],\"inLanguage\":\"es\"},{\"@type\":\"WebPage\",\"@id\":\"https:\\\/\\\/diariotextual.com\\\/inicio\\\/index.php\\\/2021\\\/10\\\/27\\\/liberaron-al-unico-condenado-por-el-caso-de-los-abusos-en-el-jardin-de-25-de-mayo\\\/\",\"url\":\"https:\\\/\\\/diariotextual.com\\\/inicio\\\/index.php\\\/2021\\\/10\\\/27\\\/liberaron-al-unico-condenado-por-el-caso-de-los-abusos-en-el-jardin-de-25-de-mayo\\\/\",\"name\":\"Liberaron al \u00fanico condenado por el caso de los abusos en el jard\u00edn de 25 de Mayo - Diario Textual\",\"isPartOf\":{\"@id\":\"https:\\\/\\\/diariotextual.com\\\/inicio\\\/#website\"},\"primaryImageOfPage\":{\"@id\":\"https:\\\/\\\/diariotextual.com\\\/inicio\\\/index.php\\\/2021\\\/10\\\/27\\\/liberaron-al-unico-condenado-por-el-caso-de-los-abusos-en-el-jardin-de-25-de-mayo\\\/#primaryimage\"},\"image\":{\"@id\":\"https:\\\/\\\/diariotextual.com\\\/inicio\\\/index.php\\\/2021\\\/10\\\/27\\\/liberaron-al-unico-condenado-por-el-caso-de-los-abusos-en-el-jardin-de-25-de-mayo\\\/#primaryimage\"},\"thumbnailUrl\":\"https:\\\/\\\/diariotextual.com\\\/inicio\\\/wp-content\\\/uploads\\\/2018\\\/05\\\/abusos25mayojuicio0000000.jpg\",\"datePublished\":\"2021-10-27T16:40:56+00:00\",\"dateModified\":\"2021-10-27T19:39:59+00:00\",\"breadcrumb\":{\"@id\":\"https:\\\/\\\/diariotextual.com\\\/inicio\\\/index.php\\\/2021\\\/10\\\/27\\\/liberaron-al-unico-condenado-por-el-caso-de-los-abusos-en-el-jardin-de-25-de-mayo\\\/#breadcrumb\"},\"inLanguage\":\"es\",\"potentialAction\":[{\"@type\":\"ReadAction\",\"target\":[\"https:\\\/\\\/diariotextual.com\\\/inicio\\\/index.php\\\/2021\\\/10\\\/27\\\/liberaron-al-unico-condenado-por-el-caso-de-los-abusos-en-el-jardin-de-25-de-mayo\\\/\"]}]},{\"@type\":\"ImageObject\",\"inLanguage\":\"es\",\"@id\":\"https:\\\/\\\/diariotextual.com\\\/inicio\\\/index.php\\\/2021\\\/10\\\/27\\\/liberaron-al-unico-condenado-por-el-caso-de-los-abusos-en-el-jardin-de-25-de-mayo\\\/#primaryimage\",\"url\":\"https:\\\/\\\/diariotextual.com\\\/inicio\\\/wp-content\\\/uploads\\\/2018\\\/05\\\/abusos25mayojuicio0000000.jpg\",\"contentUrl\":\"https:\\\/\\\/diariotextual.com\\\/inicio\\\/wp-content\\\/uploads\\\/2018\\\/05\\\/abusos25mayojuicio0000000.jpg\",\"width\":3193,\"height\":2217},{\"@type\":\"BreadcrumbList\",\"@id\":\"https:\\\/\\\/diariotextual.com\\\/inicio\\\/index.php\\\/2021\\\/10\\\/27\\\/liberaron-al-unico-condenado-por-el-caso-de-los-abusos-en-el-jardin-de-25-de-mayo\\\/#breadcrumb\",\"itemListElement\":[{\"@type\":\"ListItem\",\"position\":1,\"name\":\"Portada\",\"item\":\"https:\\\/\\\/diariotextual.com\\\/inicio\\\/\"},{\"@type\":\"ListItem\",\"position\":2,\"name\":\"Liberaron al \u00fanico condenado por el caso de los abusos en el jard\u00edn de 25 de Mayo\"}]},{\"@type\":\"WebSite\",\"@id\":\"https:\\\/\\\/diariotextual.com\\\/inicio\\\/#website\",\"url\":\"https:\\\/\\\/diariotextual.com\\\/inicio\\\/\",\"name\":\"Diario Textual\",\"description\":\"\",\"publisher\":{\"@id\":\"https:\\\/\\\/diariotextual.com\\\/inicio\\\/#organization\"},\"potentialAction\":[{\"@type\":\"SearchAction\",\"target\":{\"@type\":\"EntryPoint\",\"urlTemplate\":\"https:\\\/\\\/diariotextual.com\\\/inicio\\\/?s={search_term_string}\"},\"query-input\":{\"@type\":\"PropertyValueSpecification\",\"valueRequired\":true,\"valueName\":\"search_term_string\"}}],\"inLanguage\":\"es\"},{\"@type\":\"Organization\",\"@id\":\"https:\\\/\\\/diariotextual.com\\\/inicio\\\/#organization\",\"name\":\"Diario Textual\",\"url\":\"https:\\\/\\\/diariotextual.com\\\/inicio\\\/\",\"logo\":{\"@type\":\"ImageObject\",\"inLanguage\":\"es\",\"@id\":\"https:\\\/\\\/diariotextual.com\\\/inicio\\\/#\\\/schema\\\/logo\\\/image\\\/\",\"url\":\"https:\\\/\\\/diariotextual.com\\\/inicio\\\/wp-content\\\/uploads\\\/2023\\\/05\\\/logotextual1.jpg\",\"contentUrl\":\"https:\\\/\\\/diariotextual.com\\\/inicio\\\/wp-content\\\/uploads\\\/2023\\\/05\\\/logotextual1.jpg\",\"width\":516,\"height\":76,\"caption\":\"Diario Textual\"},\"image\":{\"@id\":\"https:\\\/\\\/diariotextual.com\\\/inicio\\\/#\\\/schema\\\/logo\\\/image\\\/\"},\"sameAs\":[\"https:\\\/\\\/www.facebook.com\\\/eltextual\",\"https:\\\/\\\/x.com\\\/eltextual\",\"http:\\\/\\\/www.instagram.com\\\/eltextual\"]},{\"@type\":\"Person\",\"@id\":\"https:\\\/\\\/diariotextual.com\\\/inicio\\\/#\\\/schema\\\/person\\\/418fc4093c33e86ed41562db3508f958\",\"name\":\"Diario1 Diario1\",\"image\":{\"@type\":\"ImageObject\",\"inLanguage\":\"es\",\"@id\":\"https:\\\/\\\/secure.gravatar.com\\\/avatar\\\/9167d280179c85bc18be67aa7eda765854300033af4896dd779b608640f2ef7a?s=96&d=mm&r=g\",\"url\":\"https:\\\/\\\/secure.gravatar.com\\\/avatar\\\/9167d280179c85bc18be67aa7eda765854300033af4896dd779b608640f2ef7a?s=96&d=mm&r=g\",\"contentUrl\":\"https:\\\/\\\/secure.gravatar.com\\\/avatar\\\/9167d280179c85bc18be67aa7eda765854300033af4896dd779b608640f2ef7a?s=96&d=mm&r=g\",\"caption\":\"Diario1 Diario1\"},\"url\":\"https:\\\/\\\/diariotextual.com\\\/inicio\\\/index.php\\\/author\\\/diario1\\\/\"}]}<\/script>\n<!-- \/ Yoast SEO plugin. -->","yoast_head_json":{"title":"Liberaron al \u00fanico condenado por el caso de los abusos en el jard\u00edn de 25 de Mayo - Diario Textual","robots":{"index":"index","follow":"follow","max-snippet":"max-snippet:-1","max-image-preview":"max-image-preview:large","max-video-preview":"max-video-preview:-1"},"canonical":"https:\/\/diariotextual.com\/inicio\/index.php\/2021\/10\/27\/liberaron-al-unico-condenado-por-el-caso-de-los-abusos-en-el-jardin-de-25-de-mayo\/","og_locale":"es_ES","og_type":"article","og_title":"Liberaron al \u00fanico condenado por el caso de los abusos en el jard\u00edn de 25 de Mayo - Diario Textual","og_description":"El Superior Tribunal de Justicia (STJ) acept\u00f3 el recurso de habeas corpus, consider\u00f3 que la extensi\u00f3n de la prisi\u00f3n preventiva es abusiva y orden\u00f3 la inmediata liberaci\u00f3n de Marcelo Tatavitto,&hellip;","og_url":"https:\/\/diariotextual.com\/inicio\/index.php\/2021\/10\/27\/liberaron-al-unico-condenado-por-el-caso-de-los-abusos-en-el-jardin-de-25-de-mayo\/","og_site_name":"Diario Textual","article_publisher":"https:\/\/www.facebook.com\/eltextual","article_published_time":"2021-10-27T16:40:56+00:00","article_modified_time":"2021-10-27T19:39:59+00:00","og_image":[{"width":3193,"height":2217,"url":"https:\/\/diariotextual.com\/inicio\/wp-content\/uploads\/2018\/05\/abusos25mayojuicio0000000.jpg","type":"image\/jpeg"}],"author":"Diario1 Diario1","twitter_card":"summary_large_image","twitter_creator":"@eltextual","twitter_site":"@eltextual","twitter_misc":{"Escrito por":"Diario1 Diario1","Tiempo de lectura":"1 minuto"},"schema":{"@context":"https:\/\/schema.org","@graph":[{"@type":"Article","@id":"https:\/\/diariotextual.com\/inicio\/index.php\/2021\/10\/27\/liberaron-al-unico-condenado-por-el-caso-de-los-abusos-en-el-jardin-de-25-de-mayo\/#article","isPartOf":{"@id":"https:\/\/diariotextual.com\/inicio\/index.php\/2021\/10\/27\/liberaron-al-unico-condenado-por-el-caso-de-los-abusos-en-el-jardin-de-25-de-mayo\/"},"author":{"name":"Diario1 Diario1","@id":"https:\/\/diariotextual.com\/inicio\/#\/schema\/person\/418fc4093c33e86ed41562db3508f958"},"headline":"Liberaron al \u00fanico condenado por el caso de los abusos en el jard\u00edn de 25 de Mayo","datePublished":"2021-10-27T16:40:56+00:00","dateModified":"2021-10-27T19:39:59+00:00","mainEntityOfPage":{"@id":"https:\/\/diariotextual.com\/inicio\/index.php\/2021\/10\/27\/liberaron-al-unico-condenado-por-el-caso-de-los-abusos-en-el-jardin-de-25-de-mayo\/"},"wordCount":252,"publisher":{"@id":"https:\/\/diariotextual.com\/inicio\/#organization"},"image":{"@id":"https:\/\/diariotextual.com\/inicio\/index.php\/2021\/10\/27\/liberaron-al-unico-condenado-por-el-caso-de-los-abusos-en-el-jardin-de-25-de-mayo\/#primaryimage"},"thumbnailUrl":"https:\/\/diariotextual.com\/inicio\/wp-content\/uploads\/2018\/05\/abusos25mayojuicio0000000.jpg","keywords":["abusos"],"articleSection":["A - PORTADA2","SOCIEDAD"],"inLanguage":"es"},{"@type":"WebPage","@id":"https:\/\/diariotextual.com\/inicio\/index.php\/2021\/10\/27\/liberaron-al-unico-condenado-por-el-caso-de-los-abusos-en-el-jardin-de-25-de-mayo\/","url":"https:\/\/diariotextual.com\/inicio\/index.php\/2021\/10\/27\/liberaron-al-unico-condenado-por-el-caso-de-los-abusos-en-el-jardin-de-25-de-mayo\/","name":"Liberaron al \u00fanico condenado por el caso de los abusos en el jard\u00edn de 25 de Mayo - Diario Textual","isPartOf":{"@id":"https:\/\/diariotextual.com\/inicio\/#website"},"primaryImageOfPage":{"@id":"https:\/\/diariotextual.com\/inicio\/index.php\/2021\/10\/27\/liberaron-al-unico-condenado-por-el-caso-de-los-abusos-en-el-jardin-de-25-de-mayo\/#primaryimage"},"image":{"@id":"https:\/\/diariotextual.com\/inicio\/index.php\/2021\/10\/27\/liberaron-al-unico-condenado-por-el-caso-de-los-abusos-en-el-jardin-de-25-de-mayo\/#primaryimage"},"thumbnailUrl":"https:\/\/diariotextual.com\/inicio\/wp-content\/uploads\/2018\/05\/abusos25mayojuicio0000000.jpg","datePublished":"2021-10-27T16:40:56+00:00","dateModified":"2021-10-27T19:39:59+00:00","breadcrumb":{"@id":"https:\/\/diariotextual.com\/inicio\/index.php\/2021\/10\/27\/liberaron-al-unico-condenado-por-el-caso-de-los-abusos-en-el-jardin-de-25-de-mayo\/#breadcrumb"},"inLanguage":"es","potentialAction":[{"@type":"ReadAction","target":["https:\/\/diariotextual.com\/inicio\/index.php\/2021\/10\/27\/liberaron-al-unico-condenado-por-el-caso-de-los-abusos-en-el-jardin-de-25-de-mayo\/"]}]},{"@type":"ImageObject","inLanguage":"es","@id":"https:\/\/diariotextual.com\/inicio\/index.php\/2021\/10\/27\/liberaron-al-unico-condenado-por-el-caso-de-los-abusos-en-el-jardin-de-25-de-mayo\/#primaryimage","url":"https:\/\/diariotextual.com\/inicio\/wp-content\/uploads\/2018\/05\/abusos25mayojuicio0000000.jpg","contentUrl":"https:\/\/diariotextual.com\/inicio\/wp-content\/uploads\/2018\/05\/abusos25mayojuicio0000000.jpg","width":3193,"height":2217},{"@type":"BreadcrumbList","@id":"https:\/\/diariotextual.com\/inicio\/index.php\/2021\/10\/27\/liberaron-al-unico-condenado-por-el-caso-de-los-abusos-en-el-jardin-de-25-de-mayo\/#breadcrumb","itemListElement":[{"@type":"ListItem","position":1,"name":"Portada","item":"https:\/\/diariotextual.com\/inicio\/"},{"@type":"ListItem","position":2,"name":"Liberaron al \u00fanico condenado por el caso de los abusos en el jard\u00edn de 25 de Mayo"}]},{"@type":"WebSite","@id":"https:\/\/diariotextual.com\/inicio\/#website","url":"https:\/\/diariotextual.com\/inicio\/","name":"Diario Textual","description":"","publisher":{"@id":"https:\/\/diariotextual.com\/inicio\/#organization"},"potentialAction":[{"@type":"SearchAction","target":{"@type":"EntryPoint","urlTemplate":"https:\/\/diariotextual.com\/inicio\/?s={search_term_string}"},"query-input":{"@type":"PropertyValueSpecification","valueRequired":true,"valueName":"search_term_string"}}],"inLanguage":"es"},{"@type":"Organization","@id":"https:\/\/diariotextual.com\/inicio\/#organization","name":"Diario Textual","url":"https:\/\/diariotextual.com\/inicio\/","logo":{"@type":"ImageObject","inLanguage":"es","@id":"https:\/\/diariotextual.com\/inicio\/#\/schema\/logo\/image\/","url":"https:\/\/diariotextual.com\/inicio\/wp-content\/uploads\/2023\/05\/logotextual1.jpg","contentUrl":"https:\/\/diariotextual.com\/inicio\/wp-content\/uploads\/2023\/05\/logotextual1.jpg","width":516,"height":76,"caption":"Diario Textual"},"image":{"@id":"https:\/\/diariotextual.com\/inicio\/#\/schema\/logo\/image\/"},"sameAs":["https:\/\/www.facebook.com\/eltextual","https:\/\/x.com\/eltextual","http:\/\/www.instagram.com\/eltextual"]},{"@type":"Person","@id":"https:\/\/diariotextual.com\/inicio\/#\/schema\/person\/418fc4093c33e86ed41562db3508f958","name":"Diario1 Diario1","image":{"@type":"ImageObject","inLanguage":"es","@id":"https:\/\/secure.gravatar.com\/avatar\/9167d280179c85bc18be67aa7eda765854300033af4896dd779b608640f2ef7a?s=96&d=mm&r=g","url":"https:\/\/secure.gravatar.com\/avatar\/9167d280179c85bc18be67aa7eda765854300033af4896dd779b608640f2ef7a?s=96&d=mm&r=g","contentUrl":"https:\/\/secure.gravatar.com\/avatar\/9167d280179c85bc18be67aa7eda765854300033af4896dd779b608640f2ef7a?s=96&d=mm&r=g","caption":"Diario1 Diario1"},"url":"https:\/\/diariotextual.com\/inicio\/index.php\/author\/diario1\/"}]}},"_links":{"self":[{"href":"https:\/\/diariotextual.com\/inicio\/index.php\/wp-json\/wp\/v2\/posts\/166711","targetHints":{"allow":["GET"]}}],"collection":[{"href":"https:\/\/diariotextual.com\/inicio\/index.php\/wp-json\/wp\/v2\/posts"}],"about":[{"href":"https:\/\/diariotextual.com\/inicio\/index.php\/wp-json\/wp\/v2\/types\/post"}],"author":[{"embeddable":true,"href":"https:\/\/diariotextual.com\/inicio\/index.php\/wp-json\/wp\/v2\/users\/3"}],"replies":[{"embeddable":true,"href":"https:\/\/diariotextual.com\/inicio\/index.php\/wp-json\/wp\/v2\/comments?post=166711"}],"version-history":[{"count":3,"href":"https:\/\/diariotextual.com\/inicio\/index.php\/wp-json\/wp\/v2\/posts\/166711\/revisions"}],"predecessor-version":[{"id":166714,"href":"https:\/\/diariotextual.com\/inicio\/index.php\/wp-json\/wp\/v2\/posts\/166711\/revisions\/166714"}],"wp:featuredmedia":[{"embeddable":true,"href":"https:\/\/diariotextual.com\/inicio\/index.php\/wp-json\/wp\/v2\/media\/8827"}],"wp:attachment":[{"href":"https:\/\/diariotextual.com\/inicio\/index.php\/wp-json\/wp\/v2\/media?parent=166711"}],"wp:term":[{"taxonomy":"category","embeddable":true,"href":"https:\/\/diariotextual.com\/inicio\/index.php\/wp-json\/wp\/v2\/categories?post=166711"},{"taxonomy":"post_tag","embeddable":true,"href":"https:\/\/diariotextual.com\/inicio\/index.php\/wp-json\/wp\/v2\/tags?post=166711"}],"curies":[{"name":"wp","href":"https:\/\/api.w.org\/{rel}","templated":true}]}}