{"id":166735,"date":"2021-10-27T16:32:49","date_gmt":"2021-10-27T19:32:49","guid":{"rendered":"https:\/\/diariotextual.com\/inicio\/?p=166735"},"modified":"2021-10-28T07:43:35","modified_gmt":"2021-10-28T10:43:35","slug":"ziliotto-fue-a-la-reunio-con-alberto-y-se-comprometio-a-controlar-los-precios-congelados","status":"publish","type":"post","link":"https:\/\/diariotextual.com\/inicio\/index.php\/2021\/10\/27\/ziliotto-fue-a-la-reunio-con-alberto-y-se-comprometio-a-controlar-los-precios-congelados\/","title":{"rendered":"Control de precios: \u201cHay que proteger a los consumidores pero tambi\u00e9n a los peque\u00f1os comerciantes\u201d, dice Ziliotto"},"content":{"rendered":"\n<p>El presidente Alberto Fern\u00e1ndez, junto al jefe de Gabinete, Juan Manzur, y el ministro del Interior, Wado de Pedro, encabezan desde las 15.30 en el Sal\u00f3n Eva Per\u00f3n de Casa Rosada un encuentro con gobernadores de casi todas las provincias del pa\u00eds para avanzar en la instrumentaci\u00f3n de los acuerdos de precios en sus respectivos distritos. Entre ellos, el pampeano Sergio Ziliotto. \u00abEs necesario -dijo- que el sector mayorista tambi\u00e9n retrotraiga los precios al 1\u00b0 de octubre para no dejar en estado de indefensi\u00f3n al peque\u00f1o comerciante, que recibi\u00f3 productos ya con aumentos durante este mes\u201d.<\/p>\n\n\n\n<p>El entendimiento se enmarca en la decisi\u00f3n de la Casa Rosada de sumar a provincias, intendencias y asociaciones de consumidores al control de precios y abastecimiento de la canasta de 1.432 productos de consumo masivo que anunci\u00f3 el secretario de Comercio Interior, Roberto Feletti.<\/p>\n\n\n\n<p>\u201cEl presidente nos encomend\u00f3 tanto a m\u00ed como al ministro coordinar las pol\u00edticas de precios junto a las provincias para defender el bolsillo de las familias argentinas\u201d, se\u00f1al\u00f3 el jefe de Gabinete, Juan Manzur, sobre el objetivo del encuentro.<\/p>\n\n\n\n<p><br>Participan de la reuni\u00f3n 20 mandatarios provinciales: Axel Kicillof (Buenos Aires), Ra\u00fal Jalil (Catamarca), Gustavo Bordet (Entre R\u00edos), Gildo Insfr\u00e1n (Formosa), Sergio Zillioto (La Pampa), Ricardo Quintela (La Rioja), Alicia Kirchner (Santa Cruz), Osvaldo Jaldo (Tucum\u00e1n) y Jorge Capitanich (Chaco).<\/p>\n\n\n\n<p>Tambi\u00e9n est\u00e1n presentes Gerardo Morales (Jujuy), Omar Guti\u00e9rrez (Neuqu\u00e9n), Arabela Carreras (R\u00edo Negro), Gustavo Melella (Tierra del Fuego), Omar Perotti (Santa Fe), Sergio U\u00f1ac (San Juan), Mariano Arcioni (Chubut), Gustavo S\u00e1enz (Salta), Oscar Herrera Ahuad (Misiones), Gerardo Zamora (Santiago del Estero) y Gustavo Vald\u00e9s (Corrientes).<\/p>\n\n\n\n<p>Ayer, Feletti revel\u00f3 que el cumplimiento del congelamiento de precios se sit\u00faa por arriba del 70%.<\/p>\n\n\n\n<p>\u201cEl fin de semana y ayer recorrimos, y el acatamiento est\u00e1 arriba del 70%, lo cual es una media razonable\u201d, destac\u00f3 el funcionario a la prensa, y se\u00f1al\u00f3 que el monitoreo continuar\u00e1 durante esta semana.<\/p>\n","protected":false},"excerpt":{"rendered":"<p>El presidente Alberto Fern\u00e1ndez, junto al jefe de Gabinete, Juan Manzur, y el ministro del Interior, Wado de Pedro, encabezan desde las 15.30 en el Sal\u00f3n Eva Per\u00f3n de Casa&hellip;<\/p>\n","protected":false},"author":3,"featured_media":166736,"comment_status":"closed","ping_status":"open","sticky":false,"template":"","format":"standard","meta":{"_acf_changed":false,"footnotes":""},"categories":[10,8],"tags":[],"class_list":["post-166735","post","type-post","status-publish","format-standard","has-post-thumbnail","hentry","category-portada-2","category-politica"],"acf":[],"yoast_head":"<!-- This site is optimized with the Yoast SEO plugin v27.5 - https:\/\/yoast.com\/product\/yoast-seo-wordpress\/ -->\n<title>Control de precios: \u201cHay que proteger a los consumidores pero tambi\u00e9n a los peque\u00f1os comerciantes\u201d, dice Ziliotto - Diario Textual<\/title>\n<meta name=\"robots\" content=\"index, follow, max-snippet:-1, max-image-preview:large, max-video-preview:-1\" \/>\n<link rel=\"canonical\" href=\"https:\/\/diariotextual.com\/inicio\/index.php\/2021\/10\/27\/ziliotto-fue-a-la-reunio-con-alberto-y-se-comprometio-a-controlar-los-precios-congelados\/\" \/>\n<meta property=\"og:locale\" content=\"es_ES\" \/>\n<meta property=\"og:type\" content=\"article\" \/>\n<meta property=\"og:title\" content=\"Control de precios: \u201cHay que proteger a los consumidores pero tambi\u00e9n a los peque\u00f1os comerciantes\u201d, dice Ziliotto - Diario Textual\" \/>\n<meta property=\"og:description\" content=\"El presidente Alberto Fern\u00e1ndez, junto al jefe de Gabinete, Juan Manzur, y el ministro del Interior, Wado de Pedro, encabezan desde las 15.30 en el Sal\u00f3n Eva Per\u00f3n de Casa&hellip;\" \/>\n<meta property=\"og:url\" content=\"https:\/\/diariotextual.com\/inicio\/index.php\/2021\/10\/27\/ziliotto-fue-a-la-reunio-con-alberto-y-se-comprometio-a-controlar-los-precios-congelados\/\" \/>\n<meta property=\"og:site_name\" content=\"Diario Textual\" \/>\n<meta property=\"article:publisher\" content=\"https:\/\/www.facebook.com\/eltextual\" \/>\n<meta property=\"article:published_time\" content=\"2021-10-27T19:32:49+00:00\" \/>\n<meta property=\"article:modified_time\" content=\"2021-10-28T10:43:35+00:00\" \/>\n<meta property=\"og:image\" content=\"https:\/\/diariotextual.com\/inicio\/wp-content\/uploads\/2021\/10\/fernandezalbertogobernadoresziliottoprecioscongelados2021-1.jpeg\" \/>\n\t<meta property=\"og:image:width\" content=\"1600\" \/>\n\t<meta property=\"og:image:height\" content=\"1066\" \/>\n\t<meta property=\"og:image:type\" content=\"image\/jpeg\" \/>\n<meta name=\"author\" content=\"Diario1 Diario1\" \/>\n<meta name=\"twitter:card\" content=\"summary_large_image\" \/>\n<meta name=\"twitter:creator\" content=\"@eltextual\" \/>\n<meta name=\"twitter:site\" content=\"@eltextual\" \/>\n<meta name=\"twitter:label1\" content=\"Escrito por\" \/>\n\t<meta name=\"twitter:data1\" content=\"Diario1 Diario1\" \/>\n\t<meta name=\"twitter:label2\" content=\"Tiempo de lectura\" \/>\n\t<meta name=\"twitter:data2\" content=\"2 minutos\" \/>\n<script type=\"application\/ld+json\" class=\"yoast-schema-graph\">{\"@context\":\"https:\\\/\\\/schema.org\",\"@graph\":[{\"@type\":\"Article\",\"@id\":\"https:\\\/\\\/diariotextual.com\\\/inicio\\\/index.php\\\/2021\\\/10\\\/27\\\/ziliotto-fue-a-la-reunio-con-alberto-y-se-comprometio-a-controlar-los-precios-congelados\\\/#article\",\"isPartOf\":{\"@id\":\"https:\\\/\\\/diariotextual.com\\\/inicio\\\/index.php\\\/2021\\\/10\\\/27\\\/ziliotto-fue-a-la-reunio-con-alberto-y-se-comprometio-a-controlar-los-precios-congelados\\\/\"},\"author\":{\"name\":\"Diario1 Diario1\",\"@id\":\"https:\\\/\\\/diariotextual.com\\\/inicio\\\/#\\\/schema\\\/person\\\/418fc4093c33e86ed41562db3508f958\"},\"headline\":\"Control de precios: \u201cHay que proteger a los consumidores pero tambi\u00e9n a los peque\u00f1os comerciantes\u201d, dice Ziliotto\",\"datePublished\":\"2021-10-27T19:32:49+00:00\",\"dateModified\":\"2021-10-28T10:43:35+00:00\",\"mainEntityOfPage\":{\"@id\":\"https:\\\/\\\/diariotextual.com\\\/inicio\\\/index.php\\\/2021\\\/10\\\/27\\\/ziliotto-fue-a-la-reunio-con-alberto-y-se-comprometio-a-controlar-los-precios-congelados\\\/\"},\"wordCount\":354,\"publisher\":{\"@id\":\"https:\\\/\\\/diariotextual.com\\\/inicio\\\/#organization\"},\"image\":{\"@id\":\"https:\\\/\\\/diariotextual.com\\\/inicio\\\/index.php\\\/2021\\\/10\\\/27\\\/ziliotto-fue-a-la-reunio-con-alberto-y-se-comprometio-a-controlar-los-precios-congelados\\\/#primaryimage\"},\"thumbnailUrl\":\"https:\\\/\\\/diariotextual.com\\\/inicio\\\/wp-content\\\/uploads\\\/2021\\\/10\\\/fernandezalbertogobernadoresziliottoprecioscongelados2021-1.jpeg\",\"articleSection\":[\"A - PORTADA2\",\"POLITICA\"],\"inLanguage\":\"es\"},{\"@type\":\"WebPage\",\"@id\":\"https:\\\/\\\/diariotextual.com\\\/inicio\\\/index.php\\\/2021\\\/10\\\/27\\\/ziliotto-fue-a-la-reunio-con-alberto-y-se-comprometio-a-controlar-los-precios-congelados\\\/\",\"url\":\"https:\\\/\\\/diariotextual.com\\\/inicio\\\/index.php\\\/2021\\\/10\\\/27\\\/ziliotto-fue-a-la-reunio-con-alberto-y-se-comprometio-a-controlar-los-precios-congelados\\\/\",\"name\":\"Control de precios: \u201cHay que proteger a los consumidores pero tambi\u00e9n a los peque\u00f1os comerciantes\u201d, dice Ziliotto - Diario Textual\",\"isPartOf\":{\"@id\":\"https:\\\/\\\/diariotextual.com\\\/inicio\\\/#website\"},\"primaryImageOfPage\":{\"@id\":\"https:\\\/\\\/diariotextual.com\\\/inicio\\\/index.php\\\/2021\\\/10\\\/27\\\/ziliotto-fue-a-la-reunio-con-alberto-y-se-comprometio-a-controlar-los-precios-congelados\\\/#primaryimage\"},\"image\":{\"@id\":\"https:\\\/\\\/diariotextual.com\\\/inicio\\\/index.php\\\/2021\\\/10\\\/27\\\/ziliotto-fue-a-la-reunio-con-alberto-y-se-comprometio-a-controlar-los-precios-congelados\\\/#primaryimage\"},\"thumbnailUrl\":\"https:\\\/\\\/diariotextual.com\\\/inicio\\\/wp-content\\\/uploads\\\/2021\\\/10\\\/fernandezalbertogobernadoresziliottoprecioscongelados2021-1.jpeg\",\"datePublished\":\"2021-10-27T19:32:49+00:00\",\"dateModified\":\"2021-10-28T10:43:35+00:00\",\"breadcrumb\":{\"@id\":\"https:\\\/\\\/diariotextual.com\\\/inicio\\\/index.php\\\/2021\\\/10\\\/27\\\/ziliotto-fue-a-la-reunio-con-alberto-y-se-comprometio-a-controlar-los-precios-congelados\\\/#breadcrumb\"},\"inLanguage\":\"es\",\"potentialAction\":[{\"@type\":\"ReadAction\",\"target\":[\"https:\\\/\\\/diariotextual.com\\\/inicio\\\/index.php\\\/2021\\\/10\\\/27\\\/ziliotto-fue-a-la-reunio-con-alberto-y-se-comprometio-a-controlar-los-precios-congelados\\\/\"]}]},{\"@type\":\"ImageObject\",\"inLanguage\":\"es\",\"@id\":\"https:\\\/\\\/diariotextual.com\\\/inicio\\\/index.php\\\/2021\\\/10\\\/27\\\/ziliotto-fue-a-la-reunio-con-alberto-y-se-comprometio-a-controlar-los-precios-congelados\\\/#primaryimage\",\"url\":\"https:\\\/\\\/diariotextual.com\\\/inicio\\\/wp-content\\\/uploads\\\/2021\\\/10\\\/fernandezalbertogobernadoresziliottoprecioscongelados2021-1.jpeg\",\"contentUrl\":\"https:\\\/\\\/diariotextual.com\\\/inicio\\\/wp-content\\\/uploads\\\/2021\\\/10\\\/fernandezalbertogobernadoresziliottoprecioscongelados2021-1.jpeg\",\"width\":1600,\"height\":1066},{\"@type\":\"BreadcrumbList\",\"@id\":\"https:\\\/\\\/diariotextual.com\\\/inicio\\\/index.php\\\/2021\\\/10\\\/27\\\/ziliotto-fue-a-la-reunio-con-alberto-y-se-comprometio-a-controlar-los-precios-congelados\\\/#breadcrumb\",\"itemListElement\":[{\"@type\":\"ListItem\",\"position\":1,\"name\":\"Portada\",\"item\":\"https:\\\/\\\/diariotextual.com\\\/inicio\\\/\"},{\"@type\":\"ListItem\",\"position\":2,\"name\":\"Control de precios: \u201cHay que proteger a los consumidores pero tambi\u00e9n a los peque\u00f1os comerciantes\u201d, dice Ziliotto\"}]},{\"@type\":\"WebSite\",\"@id\":\"https:\\\/\\\/diariotextual.com\\\/inicio\\\/#website\",\"url\":\"https:\\\/\\\/diariotextual.com\\\/inicio\\\/\",\"name\":\"Diario Textual\",\"description\":\"\",\"publisher\":{\"@id\":\"https:\\\/\\\/diariotextual.com\\\/inicio\\\/#organization\"},\"potentialAction\":[{\"@type\":\"SearchAction\",\"target\":{\"@type\":\"EntryPoint\",\"urlTemplate\":\"https:\\\/\\\/diariotextual.com\\\/inicio\\\/?s={search_term_string}\"},\"query-input\":{\"@type\":\"PropertyValueSpecification\",\"valueRequired\":true,\"valueName\":\"search_term_string\"}}],\"inLanguage\":\"es\"},{\"@type\":\"Organization\",\"@id\":\"https:\\\/\\\/diariotextual.com\\\/inicio\\\/#organization\",\"name\":\"Diario Textual\",\"url\":\"https:\\\/\\\/diariotextual.com\\\/inicio\\\/\",\"logo\":{\"@type\":\"ImageObject\",\"inLanguage\":\"es\",\"@id\":\"https:\\\/\\\/diariotextual.com\\\/inicio\\\/#\\\/schema\\\/logo\\\/image\\\/\",\"url\":\"https:\\\/\\\/diariotextual.com\\\/inicio\\\/wp-content\\\/uploads\\\/2023\\\/05\\\/logotextual1.jpg\",\"contentUrl\":\"https:\\\/\\\/diariotextual.com\\\/inicio\\\/wp-content\\\/uploads\\\/2023\\\/05\\\/logotextual1.jpg\",\"width\":516,\"height\":76,\"caption\":\"Diario Textual\"},\"image\":{\"@id\":\"https:\\\/\\\/diariotextual.com\\\/inicio\\\/#\\\/schema\\\/logo\\\/image\\\/\"},\"sameAs\":[\"https:\\\/\\\/www.facebook.com\\\/eltextual\",\"https:\\\/\\\/x.com\\\/eltextual\",\"http:\\\/\\\/www.instagram.com\\\/eltextual\"]},{\"@type\":\"Person\",\"@id\":\"https:\\\/\\\/diariotextual.com\\\/inicio\\\/#\\\/schema\\\/person\\\/418fc4093c33e86ed41562db3508f958\",\"name\":\"Diario1 Diario1\",\"image\":{\"@type\":\"ImageObject\",\"inLanguage\":\"es\",\"@id\":\"https:\\\/\\\/secure.gravatar.com\\\/avatar\\\/9167d280179c85bc18be67aa7eda765854300033af4896dd779b608640f2ef7a?s=96&d=mm&r=g\",\"url\":\"https:\\\/\\\/secure.gravatar.com\\\/avatar\\\/9167d280179c85bc18be67aa7eda765854300033af4896dd779b608640f2ef7a?s=96&d=mm&r=g\",\"contentUrl\":\"https:\\\/\\\/secure.gravatar.com\\\/avatar\\\/9167d280179c85bc18be67aa7eda765854300033af4896dd779b608640f2ef7a?s=96&d=mm&r=g\",\"caption\":\"Diario1 Diario1\"},\"url\":\"https:\\\/\\\/diariotextual.com\\\/inicio\\\/index.php\\\/author\\\/diario1\\\/\"}]}<\/script>\n<!-- \/ Yoast SEO plugin. -->","yoast_head_json":{"title":"Control de precios: \u201cHay que proteger a los consumidores pero tambi\u00e9n a los peque\u00f1os comerciantes\u201d, dice Ziliotto - Diario Textual","robots":{"index":"index","follow":"follow","max-snippet":"max-snippet:-1","max-image-preview":"max-image-preview:large","max-video-preview":"max-video-preview:-1"},"canonical":"https:\/\/diariotextual.com\/inicio\/index.php\/2021\/10\/27\/ziliotto-fue-a-la-reunio-con-alberto-y-se-comprometio-a-controlar-los-precios-congelados\/","og_locale":"es_ES","og_type":"article","og_title":"Control de precios: \u201cHay que proteger a los consumidores pero tambi\u00e9n a los peque\u00f1os comerciantes\u201d, dice Ziliotto - Diario Textual","og_description":"El presidente Alberto Fern\u00e1ndez, junto al jefe de Gabinete, Juan Manzur, y el ministro del Interior, Wado de Pedro, encabezan desde las 15.30 en el Sal\u00f3n Eva Per\u00f3n de Casa&hellip;","og_url":"https:\/\/diariotextual.com\/inicio\/index.php\/2021\/10\/27\/ziliotto-fue-a-la-reunio-con-alberto-y-se-comprometio-a-controlar-los-precios-congelados\/","og_site_name":"Diario Textual","article_publisher":"https:\/\/www.facebook.com\/eltextual","article_published_time":"2021-10-27T19:32:49+00:00","article_modified_time":"2021-10-28T10:43:35+00:00","og_image":[{"width":1600,"height":1066,"url":"https:\/\/diariotextual.com\/inicio\/wp-content\/uploads\/2021\/10\/fernandezalbertogobernadoresziliottoprecioscongelados2021-1.jpeg","type":"image\/jpeg"}],"author":"Diario1 Diario1","twitter_card":"summary_large_image","twitter_creator":"@eltextual","twitter_site":"@eltextual","twitter_misc":{"Escrito por":"Diario1 Diario1","Tiempo de lectura":"2 minutos"},"schema":{"@context":"https:\/\/schema.org","@graph":[{"@type":"Article","@id":"https:\/\/diariotextual.com\/inicio\/index.php\/2021\/10\/27\/ziliotto-fue-a-la-reunio-con-alberto-y-se-comprometio-a-controlar-los-precios-congelados\/#article","isPartOf":{"@id":"https:\/\/diariotextual.com\/inicio\/index.php\/2021\/10\/27\/ziliotto-fue-a-la-reunio-con-alberto-y-se-comprometio-a-controlar-los-precios-congelados\/"},"author":{"name":"Diario1 Diario1","@id":"https:\/\/diariotextual.com\/inicio\/#\/schema\/person\/418fc4093c33e86ed41562db3508f958"},"headline":"Control de precios: \u201cHay que proteger a los consumidores pero tambi\u00e9n a los peque\u00f1os comerciantes\u201d, dice Ziliotto","datePublished":"2021-10-27T19:32:49+00:00","dateModified":"2021-10-28T10:43:35+00:00","mainEntityOfPage":{"@id":"https:\/\/diariotextual.com\/inicio\/index.php\/2021\/10\/27\/ziliotto-fue-a-la-reunio-con-alberto-y-se-comprometio-a-controlar-los-precios-congelados\/"},"wordCount":354,"publisher":{"@id":"https:\/\/diariotextual.com\/inicio\/#organization"},"image":{"@id":"https:\/\/diariotextual.com\/inicio\/index.php\/2021\/10\/27\/ziliotto-fue-a-la-reunio-con-alberto-y-se-comprometio-a-controlar-los-precios-congelados\/#primaryimage"},"thumbnailUrl":"https:\/\/diariotextual.com\/inicio\/wp-content\/uploads\/2021\/10\/fernandezalbertogobernadoresziliottoprecioscongelados2021-1.jpeg","articleSection":["A - PORTADA2","POLITICA"],"inLanguage":"es"},{"@type":"WebPage","@id":"https:\/\/diariotextual.com\/inicio\/index.php\/2021\/10\/27\/ziliotto-fue-a-la-reunio-con-alberto-y-se-comprometio-a-controlar-los-precios-congelados\/","url":"https:\/\/diariotextual.com\/inicio\/index.php\/2021\/10\/27\/ziliotto-fue-a-la-reunio-con-alberto-y-se-comprometio-a-controlar-los-precios-congelados\/","name":"Control de precios: \u201cHay que proteger a los consumidores pero tambi\u00e9n a los peque\u00f1os comerciantes\u201d, dice Ziliotto - Diario Textual","isPartOf":{"@id":"https:\/\/diariotextual.com\/inicio\/#website"},"primaryImageOfPage":{"@id":"https:\/\/diariotextual.com\/inicio\/index.php\/2021\/10\/27\/ziliotto-fue-a-la-reunio-con-alberto-y-se-comprometio-a-controlar-los-precios-congelados\/#primaryimage"},"image":{"@id":"https:\/\/diariotextual.com\/inicio\/index.php\/2021\/10\/27\/ziliotto-fue-a-la-reunio-con-alberto-y-se-comprometio-a-controlar-los-precios-congelados\/#primaryimage"},"thumbnailUrl":"https:\/\/diariotextual.com\/inicio\/wp-content\/uploads\/2021\/10\/fernandezalbertogobernadoresziliottoprecioscongelados2021-1.jpeg","datePublished":"2021-10-27T19:32:49+00:00","dateModified":"2021-10-28T10:43:35+00:00","breadcrumb":{"@id":"https:\/\/diariotextual.com\/inicio\/index.php\/2021\/10\/27\/ziliotto-fue-a-la-reunio-con-alberto-y-se-comprometio-a-controlar-los-precios-congelados\/#breadcrumb"},"inLanguage":"es","potentialAction":[{"@type":"ReadAction","target":["https:\/\/diariotextual.com\/inicio\/index.php\/2021\/10\/27\/ziliotto-fue-a-la-reunio-con-alberto-y-se-comprometio-a-controlar-los-precios-congelados\/"]}]},{"@type":"ImageObject","inLanguage":"es","@id":"https:\/\/diariotextual.com\/inicio\/index.php\/2021\/10\/27\/ziliotto-fue-a-la-reunio-con-alberto-y-se-comprometio-a-controlar-los-precios-congelados\/#primaryimage","url":"https:\/\/diariotextual.com\/inicio\/wp-content\/uploads\/2021\/10\/fernandezalbertogobernadoresziliottoprecioscongelados2021-1.jpeg","contentUrl":"https:\/\/diariotextual.com\/inicio\/wp-content\/uploads\/2021\/10\/fernandezalbertogobernadoresziliottoprecioscongelados2021-1.jpeg","width":1600,"height":1066},{"@type":"BreadcrumbList","@id":"https:\/\/diariotextual.com\/inicio\/index.php\/2021\/10\/27\/ziliotto-fue-a-la-reunio-con-alberto-y-se-comprometio-a-controlar-los-precios-congelados\/#breadcrumb","itemListElement":[{"@type":"ListItem","position":1,"name":"Portada","item":"https:\/\/diariotextual.com\/inicio\/"},{"@type":"ListItem","position":2,"name":"Control de precios: \u201cHay que proteger a los consumidores pero tambi\u00e9n a los peque\u00f1os comerciantes\u201d, dice Ziliotto"}]},{"@type":"WebSite","@id":"https:\/\/diariotextual.com\/inicio\/#website","url":"https:\/\/diariotextual.com\/inicio\/","name":"Diario Textual","description":"","publisher":{"@id":"https:\/\/diariotextual.com\/inicio\/#organization"},"potentialAction":[{"@type":"SearchAction","target":{"@type":"EntryPoint","urlTemplate":"https:\/\/diariotextual.com\/inicio\/?s={search_term_string}"},"query-input":{"@type":"PropertyValueSpecification","valueRequired":true,"valueName":"search_term_string"}}],"inLanguage":"es"},{"@type":"Organization","@id":"https:\/\/diariotextual.com\/inicio\/#organization","name":"Diario Textual","url":"https:\/\/diariotextual.com\/inicio\/","logo":{"@type":"ImageObject","inLanguage":"es","@id":"https:\/\/diariotextual.com\/inicio\/#\/schema\/logo\/image\/","url":"https:\/\/diariotextual.com\/inicio\/wp-content\/uploads\/2023\/05\/logotextual1.jpg","contentUrl":"https:\/\/diariotextual.com\/inicio\/wp-content\/uploads\/2023\/05\/logotextual1.jpg","width":516,"height":76,"caption":"Diario Textual"},"image":{"@id":"https:\/\/diariotextual.com\/inicio\/#\/schema\/logo\/image\/"},"sameAs":["https:\/\/www.facebook.com\/eltextual","https:\/\/x.com\/eltextual","http:\/\/www.instagram.com\/eltextual"]},{"@type":"Person","@id":"https:\/\/diariotextual.com\/inicio\/#\/schema\/person\/418fc4093c33e86ed41562db3508f958","name":"Diario1 Diario1","image":{"@type":"ImageObject","inLanguage":"es","@id":"https:\/\/secure.gravatar.com\/avatar\/9167d280179c85bc18be67aa7eda765854300033af4896dd779b608640f2ef7a?s=96&d=mm&r=g","url":"https:\/\/secure.gravatar.com\/avatar\/9167d280179c85bc18be67aa7eda765854300033af4896dd779b608640f2ef7a?s=96&d=mm&r=g","contentUrl":"https:\/\/secure.gravatar.com\/avatar\/9167d280179c85bc18be67aa7eda765854300033af4896dd779b608640f2ef7a?s=96&d=mm&r=g","caption":"Diario1 Diario1"},"url":"https:\/\/diariotextual.com\/inicio\/index.php\/author\/diario1\/"}]}},"_links":{"self":[{"href":"https:\/\/diariotextual.com\/inicio\/index.php\/wp-json\/wp\/v2\/posts\/166735","targetHints":{"allow":["GET"]}}],"collection":[{"href":"https:\/\/diariotextual.com\/inicio\/index.php\/wp-json\/wp\/v2\/posts"}],"about":[{"href":"https:\/\/diariotextual.com\/inicio\/index.php\/wp-json\/wp\/v2\/types\/post"}],"author":[{"embeddable":true,"href":"https:\/\/diariotextual.com\/inicio\/index.php\/wp-json\/wp\/v2\/users\/3"}],"replies":[{"embeddable":true,"href":"https:\/\/diariotextual.com\/inicio\/index.php\/wp-json\/wp\/v2\/comments?post=166735"}],"version-history":[{"count":6,"href":"https:\/\/diariotextual.com\/inicio\/index.php\/wp-json\/wp\/v2\/posts\/166735\/revisions"}],"predecessor-version":[{"id":166772,"href":"https:\/\/diariotextual.com\/inicio\/index.php\/wp-json\/wp\/v2\/posts\/166735\/revisions\/166772"}],"wp:featuredmedia":[{"embeddable":true,"href":"https:\/\/diariotextual.com\/inicio\/index.php\/wp-json\/wp\/v2\/media\/166736"}],"wp:attachment":[{"href":"https:\/\/diariotextual.com\/inicio\/index.php\/wp-json\/wp\/v2\/media?parent=166735"}],"wp:term":[{"taxonomy":"category","embeddable":true,"href":"https:\/\/diariotextual.com\/inicio\/index.php\/wp-json\/wp\/v2\/categories?post=166735"},{"taxonomy":"post_tag","embeddable":true,"href":"https:\/\/diariotextual.com\/inicio\/index.php\/wp-json\/wp\/v2\/tags?post=166735"}],"curies":[{"name":"wp","href":"https:\/\/api.w.org\/{rel}","templated":true}]}}