{"id":167244,"date":"2021-11-01T06:57:00","date_gmt":"2021-11-01T09:57:00","guid":{"rendered":"https:\/\/diariotextual.com\/inicio\/?p=167244"},"modified":"2021-11-01T06:57:02","modified_gmt":"2021-11-01T09:57:02","slug":"el-pueblo-de-la-gloria-organiza-la-segunda-edicion-del-festival-de-canto-y-danza","status":"publish","type":"post","link":"https:\/\/diariotextual.com\/inicio\/index.php\/2021\/11\/01\/el-pueblo-de-la-gloria-organiza-la-segunda-edicion-del-festival-de-canto-y-danza\/","title":{"rendered":"El pueblo de La Gloria organiza la segunda edici\u00f3n del festival de canto y danza"},"content":{"rendered":"\n<p>La Asociaci\u00f3n Cooperadora Policial anunci\u00f3 que 4 de diciembre se desarrollar\u00e1 el Festival La Gloria Canta y Baila.<\/p>\n\n\n\n<p>En las \u00faltimas horas se reunieron los integrantes de la cooperadora policial con el intendente de Uriburu, Pascual Fern\u00e1ndez, y la delegada comunal local, Dora Vendramini, y pusieron como fecha de realizaci\u00f3n del festival el primer s\u00e1bado de diciembre.<\/p>\n\n\n\n<p>El festival comenzar\u00e1 a las 20.30 y se extender\u00e1 hasta la madrugada del domingo.<\/p>\n\n\n\n<p>Tuvo su primera edici\u00f3n en 2019 y ya en 2020 fue suspendido por la pandemia de coronavirus.<\/p>\n\n\n\n<p>\u201cEn su primera edici\u00f3n llegamos a tener casi 500 personas y este a\u00f1o se espera poder duplicar esa cifra\u201d, dijo el presidente de la cooperadora Carlos Elcano. \u201cTenemos gran apoyo del municipio local para poder lograrlo y en esta edici\u00f3n habr\u00e1 algunas sorpresas para el p\u00fablico. Estamos en la convocatoria de artistas para la parte folcl\u00f3rica que ya varios nos han confirmado la fecha, lanzaremos una rifa del festival con 5 premios con el objetivo de solventar gastos donde dicho sorteo se llevar\u00e1 a cabo esa misma noche. Para el cierre habr\u00e1 un baile al aire libre recordando las viejas \u00e9pocas. Lo de la segunda edici\u00f3n es con la idea de que se instale en la localidad un evento folcl\u00f3rico y que sea reconocido a nivel provincial ya que en la ruta 5 no cuenta con un evento de estas caracter\u00edsticas\u201d, finaliz\u00f3.<\/p>\n","protected":false},"excerpt":{"rendered":"<p>La Asociaci\u00f3n Cooperadora Policial anunci\u00f3 que 4 de diciembre se desarrollar\u00e1 el Festival La Gloria Canta y Baila. En las \u00faltimas horas se reunieron los integrantes de la cooperadora policial&hellip;<\/p>\n","protected":false},"author":3,"featured_media":167245,"comment_status":"closed","ping_status":"open","sticky":false,"template":"","format":"standard","meta":{"_acf_changed":false,"footnotes":""},"categories":[1,2],"tags":[6191],"class_list":["post-167244","post","type-post","status-publish","format-standard","has-post-thumbnail","hentry","category-es-noticia","category-cultura","tag-gloria"],"acf":[],"yoast_head":"<!-- This site is optimized with the Yoast SEO plugin v27.5 - https:\/\/yoast.com\/product\/yoast-seo-wordpress\/ -->\n<title>El pueblo de La Gloria organiza la segunda edici\u00f3n del festival de canto y danza - Diario Textual<\/title>\n<meta name=\"robots\" content=\"index, follow, max-snippet:-1, max-image-preview:large, max-video-preview:-1\" \/>\n<link rel=\"canonical\" href=\"https:\/\/diariotextual.com\/inicio\/index.php\/2021\/11\/01\/el-pueblo-de-la-gloria-organiza-la-segunda-edicion-del-festival-de-canto-y-danza\/\" \/>\n<meta property=\"og:locale\" content=\"es_ES\" \/>\n<meta property=\"og:type\" content=\"article\" \/>\n<meta property=\"og:title\" content=\"El pueblo de La Gloria organiza la segunda edici\u00f3n del festival de canto y danza - Diario Textual\" \/>\n<meta property=\"og:description\" content=\"La Asociaci\u00f3n Cooperadora Policial anunci\u00f3 que 4 de diciembre se desarrollar\u00e1 el Festival La Gloria Canta y Baila. En las \u00faltimas horas se reunieron los integrantes de la cooperadora policial&hellip;\" \/>\n<meta property=\"og:url\" content=\"https:\/\/diariotextual.com\/inicio\/index.php\/2021\/11\/01\/el-pueblo-de-la-gloria-organiza-la-segunda-edicion-del-festival-de-canto-y-danza\/\" \/>\n<meta property=\"og:site_name\" content=\"Diario Textual\" \/>\n<meta property=\"article:publisher\" content=\"https:\/\/www.facebook.com\/eltextual\" \/>\n<meta property=\"article:published_time\" content=\"2021-11-01T09:57:00+00:00\" \/>\n<meta property=\"article:modified_time\" content=\"2021-11-01T09:57:02+00:00\" \/>\n<meta property=\"og:image\" content=\"https:\/\/diariotextual.com\/inicio\/wp-content\/uploads\/2021\/11\/lagloriacantaybaila2021-1.jpeg\" \/>\n\t<meta property=\"og:image:width\" content=\"720\" \/>\n\t<meta property=\"og:image:height\" content=\"540\" \/>\n\t<meta property=\"og:image:type\" content=\"image\/jpeg\" \/>\n<meta name=\"author\" content=\"Diario1 Diario1\" \/>\n<meta name=\"twitter:card\" content=\"summary_large_image\" \/>\n<meta name=\"twitter:creator\" content=\"@eltextual\" \/>\n<meta name=\"twitter:site\" content=\"@eltextual\" \/>\n<meta name=\"twitter:label1\" content=\"Escrito por\" \/>\n\t<meta name=\"twitter:data1\" content=\"Diario1 Diario1\" \/>\n\t<meta name=\"twitter:label2\" content=\"Tiempo de lectura\" \/>\n\t<meta name=\"twitter:data2\" content=\"2 minutos\" \/>\n<script type=\"application\/ld+json\" class=\"yoast-schema-graph\">{\"@context\":\"https:\\\/\\\/schema.org\",\"@graph\":[{\"@type\":\"Article\",\"@id\":\"https:\\\/\\\/diariotextual.com\\\/inicio\\\/index.php\\\/2021\\\/11\\\/01\\\/el-pueblo-de-la-gloria-organiza-la-segunda-edicion-del-festival-de-canto-y-danza\\\/#article\",\"isPartOf\":{\"@id\":\"https:\\\/\\\/diariotextual.com\\\/inicio\\\/index.php\\\/2021\\\/11\\\/01\\\/el-pueblo-de-la-gloria-organiza-la-segunda-edicion-del-festival-de-canto-y-danza\\\/\"},\"author\":{\"name\":\"Diario1 Diario1\",\"@id\":\"https:\\\/\\\/diariotextual.com\\\/inicio\\\/#\\\/schema\\\/person\\\/418fc4093c33e86ed41562db3508f958\"},\"headline\":\"El pueblo de La Gloria organiza la segunda edici\u00f3n del festival de canto y danza\",\"datePublished\":\"2021-11-01T09:57:00+00:00\",\"dateModified\":\"2021-11-01T09:57:02+00:00\",\"mainEntityOfPage\":{\"@id\":\"https:\\\/\\\/diariotextual.com\\\/inicio\\\/index.php\\\/2021\\\/11\\\/01\\\/el-pueblo-de-la-gloria-organiza-la-segunda-edicion-del-festival-de-canto-y-danza\\\/\"},\"wordCount\":252,\"publisher\":{\"@id\":\"https:\\\/\\\/diariotextual.com\\\/inicio\\\/#organization\"},\"image\":{\"@id\":\"https:\\\/\\\/diariotextual.com\\\/inicio\\\/index.php\\\/2021\\\/11\\\/01\\\/el-pueblo-de-la-gloria-organiza-la-segunda-edicion-del-festival-de-canto-y-danza\\\/#primaryimage\"},\"thumbnailUrl\":\"https:\\\/\\\/diariotextual.com\\\/inicio\\\/wp-content\\\/uploads\\\/2021\\\/11\\\/lagloriacantaybaila2021-1.jpeg\",\"keywords\":[\"gloria\"],\"articleSection\":[\"A - ES NOTICIA (van abajo)\",\"CULTURA\"],\"inLanguage\":\"es\"},{\"@type\":\"WebPage\",\"@id\":\"https:\\\/\\\/diariotextual.com\\\/inicio\\\/index.php\\\/2021\\\/11\\\/01\\\/el-pueblo-de-la-gloria-organiza-la-segunda-edicion-del-festival-de-canto-y-danza\\\/\",\"url\":\"https:\\\/\\\/diariotextual.com\\\/inicio\\\/index.php\\\/2021\\\/11\\\/01\\\/el-pueblo-de-la-gloria-organiza-la-segunda-edicion-del-festival-de-canto-y-danza\\\/\",\"name\":\"El pueblo de La Gloria organiza la segunda edici\u00f3n del festival de canto y danza - Diario Textual\",\"isPartOf\":{\"@id\":\"https:\\\/\\\/diariotextual.com\\\/inicio\\\/#website\"},\"primaryImageOfPage\":{\"@id\":\"https:\\\/\\\/diariotextual.com\\\/inicio\\\/index.php\\\/2021\\\/11\\\/01\\\/el-pueblo-de-la-gloria-organiza-la-segunda-edicion-del-festival-de-canto-y-danza\\\/#primaryimage\"},\"image\":{\"@id\":\"https:\\\/\\\/diariotextual.com\\\/inicio\\\/index.php\\\/2021\\\/11\\\/01\\\/el-pueblo-de-la-gloria-organiza-la-segunda-edicion-del-festival-de-canto-y-danza\\\/#primaryimage\"},\"thumbnailUrl\":\"https:\\\/\\\/diariotextual.com\\\/inicio\\\/wp-content\\\/uploads\\\/2021\\\/11\\\/lagloriacantaybaila2021-1.jpeg\",\"datePublished\":\"2021-11-01T09:57:00+00:00\",\"dateModified\":\"2021-11-01T09:57:02+00:00\",\"breadcrumb\":{\"@id\":\"https:\\\/\\\/diariotextual.com\\\/inicio\\\/index.php\\\/2021\\\/11\\\/01\\\/el-pueblo-de-la-gloria-organiza-la-segunda-edicion-del-festival-de-canto-y-danza\\\/#breadcrumb\"},\"inLanguage\":\"es\",\"potentialAction\":[{\"@type\":\"ReadAction\",\"target\":[\"https:\\\/\\\/diariotextual.com\\\/inicio\\\/index.php\\\/2021\\\/11\\\/01\\\/el-pueblo-de-la-gloria-organiza-la-segunda-edicion-del-festival-de-canto-y-danza\\\/\"]}]},{\"@type\":\"ImageObject\",\"inLanguage\":\"es\",\"@id\":\"https:\\\/\\\/diariotextual.com\\\/inicio\\\/index.php\\\/2021\\\/11\\\/01\\\/el-pueblo-de-la-gloria-organiza-la-segunda-edicion-del-festival-de-canto-y-danza\\\/#primaryimage\",\"url\":\"https:\\\/\\\/diariotextual.com\\\/inicio\\\/wp-content\\\/uploads\\\/2021\\\/11\\\/lagloriacantaybaila2021-1.jpeg\",\"contentUrl\":\"https:\\\/\\\/diariotextual.com\\\/inicio\\\/wp-content\\\/uploads\\\/2021\\\/11\\\/lagloriacantaybaila2021-1.jpeg\",\"width\":720,\"height\":540},{\"@type\":\"BreadcrumbList\",\"@id\":\"https:\\\/\\\/diariotextual.com\\\/inicio\\\/index.php\\\/2021\\\/11\\\/01\\\/el-pueblo-de-la-gloria-organiza-la-segunda-edicion-del-festival-de-canto-y-danza\\\/#breadcrumb\",\"itemListElement\":[{\"@type\":\"ListItem\",\"position\":1,\"name\":\"Portada\",\"item\":\"https:\\\/\\\/diariotextual.com\\\/inicio\\\/\"},{\"@type\":\"ListItem\",\"position\":2,\"name\":\"El pueblo de La Gloria organiza la segunda edici\u00f3n del festival de canto y danza\"}]},{\"@type\":\"WebSite\",\"@id\":\"https:\\\/\\\/diariotextual.com\\\/inicio\\\/#website\",\"url\":\"https:\\\/\\\/diariotextual.com\\\/inicio\\\/\",\"name\":\"Diario Textual\",\"description\":\"\",\"publisher\":{\"@id\":\"https:\\\/\\\/diariotextual.com\\\/inicio\\\/#organization\"},\"potentialAction\":[{\"@type\":\"SearchAction\",\"target\":{\"@type\":\"EntryPoint\",\"urlTemplate\":\"https:\\\/\\\/diariotextual.com\\\/inicio\\\/?s={search_term_string}\"},\"query-input\":{\"@type\":\"PropertyValueSpecification\",\"valueRequired\":true,\"valueName\":\"search_term_string\"}}],\"inLanguage\":\"es\"},{\"@type\":\"Organization\",\"@id\":\"https:\\\/\\\/diariotextual.com\\\/inicio\\\/#organization\",\"name\":\"Diario Textual\",\"url\":\"https:\\\/\\\/diariotextual.com\\\/inicio\\\/\",\"logo\":{\"@type\":\"ImageObject\",\"inLanguage\":\"es\",\"@id\":\"https:\\\/\\\/diariotextual.com\\\/inicio\\\/#\\\/schema\\\/logo\\\/image\\\/\",\"url\":\"https:\\\/\\\/diariotextual.com\\\/inicio\\\/wp-content\\\/uploads\\\/2023\\\/05\\\/logotextual1.jpg\",\"contentUrl\":\"https:\\\/\\\/diariotextual.com\\\/inicio\\\/wp-content\\\/uploads\\\/2023\\\/05\\\/logotextual1.jpg\",\"width\":516,\"height\":76,\"caption\":\"Diario Textual\"},\"image\":{\"@id\":\"https:\\\/\\\/diariotextual.com\\\/inicio\\\/#\\\/schema\\\/logo\\\/image\\\/\"},\"sameAs\":[\"https:\\\/\\\/www.facebook.com\\\/eltextual\",\"https:\\\/\\\/x.com\\\/eltextual\",\"http:\\\/\\\/www.instagram.com\\\/eltextual\"]},{\"@type\":\"Person\",\"@id\":\"https:\\\/\\\/diariotextual.com\\\/inicio\\\/#\\\/schema\\\/person\\\/418fc4093c33e86ed41562db3508f958\",\"name\":\"Diario1 Diario1\",\"image\":{\"@type\":\"ImageObject\",\"inLanguage\":\"es\",\"@id\":\"https:\\\/\\\/secure.gravatar.com\\\/avatar\\\/9167d280179c85bc18be67aa7eda765854300033af4896dd779b608640f2ef7a?s=96&d=mm&r=g\",\"url\":\"https:\\\/\\\/secure.gravatar.com\\\/avatar\\\/9167d280179c85bc18be67aa7eda765854300033af4896dd779b608640f2ef7a?s=96&d=mm&r=g\",\"contentUrl\":\"https:\\\/\\\/secure.gravatar.com\\\/avatar\\\/9167d280179c85bc18be67aa7eda765854300033af4896dd779b608640f2ef7a?s=96&d=mm&r=g\",\"caption\":\"Diario1 Diario1\"},\"url\":\"https:\\\/\\\/diariotextual.com\\\/inicio\\\/index.php\\\/author\\\/diario1\\\/\"}]}<\/script>\n<!-- \/ Yoast SEO plugin. -->","yoast_head_json":{"title":"El pueblo de La Gloria organiza la segunda edici\u00f3n del festival de canto y danza - Diario Textual","robots":{"index":"index","follow":"follow","max-snippet":"max-snippet:-1","max-image-preview":"max-image-preview:large","max-video-preview":"max-video-preview:-1"},"canonical":"https:\/\/diariotextual.com\/inicio\/index.php\/2021\/11\/01\/el-pueblo-de-la-gloria-organiza-la-segunda-edicion-del-festival-de-canto-y-danza\/","og_locale":"es_ES","og_type":"article","og_title":"El pueblo de La Gloria organiza la segunda edici\u00f3n del festival de canto y danza - Diario Textual","og_description":"La Asociaci\u00f3n Cooperadora Policial anunci\u00f3 que 4 de diciembre se desarrollar\u00e1 el Festival La Gloria Canta y Baila. En las \u00faltimas horas se reunieron los integrantes de la cooperadora policial&hellip;","og_url":"https:\/\/diariotextual.com\/inicio\/index.php\/2021\/11\/01\/el-pueblo-de-la-gloria-organiza-la-segunda-edicion-del-festival-de-canto-y-danza\/","og_site_name":"Diario Textual","article_publisher":"https:\/\/www.facebook.com\/eltextual","article_published_time":"2021-11-01T09:57:00+00:00","article_modified_time":"2021-11-01T09:57:02+00:00","og_image":[{"width":720,"height":540,"url":"https:\/\/diariotextual.com\/inicio\/wp-content\/uploads\/2021\/11\/lagloriacantaybaila2021-1.jpeg","type":"image\/jpeg"}],"author":"Diario1 Diario1","twitter_card":"summary_large_image","twitter_creator":"@eltextual","twitter_site":"@eltextual","twitter_misc":{"Escrito por":"Diario1 Diario1","Tiempo de lectura":"2 minutos"},"schema":{"@context":"https:\/\/schema.org","@graph":[{"@type":"Article","@id":"https:\/\/diariotextual.com\/inicio\/index.php\/2021\/11\/01\/el-pueblo-de-la-gloria-organiza-la-segunda-edicion-del-festival-de-canto-y-danza\/#article","isPartOf":{"@id":"https:\/\/diariotextual.com\/inicio\/index.php\/2021\/11\/01\/el-pueblo-de-la-gloria-organiza-la-segunda-edicion-del-festival-de-canto-y-danza\/"},"author":{"name":"Diario1 Diario1","@id":"https:\/\/diariotextual.com\/inicio\/#\/schema\/person\/418fc4093c33e86ed41562db3508f958"},"headline":"El pueblo de La Gloria organiza la segunda edici\u00f3n del festival de canto y danza","datePublished":"2021-11-01T09:57:00+00:00","dateModified":"2021-11-01T09:57:02+00:00","mainEntityOfPage":{"@id":"https:\/\/diariotextual.com\/inicio\/index.php\/2021\/11\/01\/el-pueblo-de-la-gloria-organiza-la-segunda-edicion-del-festival-de-canto-y-danza\/"},"wordCount":252,"publisher":{"@id":"https:\/\/diariotextual.com\/inicio\/#organization"},"image":{"@id":"https:\/\/diariotextual.com\/inicio\/index.php\/2021\/11\/01\/el-pueblo-de-la-gloria-organiza-la-segunda-edicion-del-festival-de-canto-y-danza\/#primaryimage"},"thumbnailUrl":"https:\/\/diariotextual.com\/inicio\/wp-content\/uploads\/2021\/11\/lagloriacantaybaila2021-1.jpeg","keywords":["gloria"],"articleSection":["A - ES NOTICIA (van abajo)","CULTURA"],"inLanguage":"es"},{"@type":"WebPage","@id":"https:\/\/diariotextual.com\/inicio\/index.php\/2021\/11\/01\/el-pueblo-de-la-gloria-organiza-la-segunda-edicion-del-festival-de-canto-y-danza\/","url":"https:\/\/diariotextual.com\/inicio\/index.php\/2021\/11\/01\/el-pueblo-de-la-gloria-organiza-la-segunda-edicion-del-festival-de-canto-y-danza\/","name":"El pueblo de La Gloria organiza la segunda edici\u00f3n del festival de canto y danza - Diario Textual","isPartOf":{"@id":"https:\/\/diariotextual.com\/inicio\/#website"},"primaryImageOfPage":{"@id":"https:\/\/diariotextual.com\/inicio\/index.php\/2021\/11\/01\/el-pueblo-de-la-gloria-organiza-la-segunda-edicion-del-festival-de-canto-y-danza\/#primaryimage"},"image":{"@id":"https:\/\/diariotextual.com\/inicio\/index.php\/2021\/11\/01\/el-pueblo-de-la-gloria-organiza-la-segunda-edicion-del-festival-de-canto-y-danza\/#primaryimage"},"thumbnailUrl":"https:\/\/diariotextual.com\/inicio\/wp-content\/uploads\/2021\/11\/lagloriacantaybaila2021-1.jpeg","datePublished":"2021-11-01T09:57:00+00:00","dateModified":"2021-11-01T09:57:02+00:00","breadcrumb":{"@id":"https:\/\/diariotextual.com\/inicio\/index.php\/2021\/11\/01\/el-pueblo-de-la-gloria-organiza-la-segunda-edicion-del-festival-de-canto-y-danza\/#breadcrumb"},"inLanguage":"es","potentialAction":[{"@type":"ReadAction","target":["https:\/\/diariotextual.com\/inicio\/index.php\/2021\/11\/01\/el-pueblo-de-la-gloria-organiza-la-segunda-edicion-del-festival-de-canto-y-danza\/"]}]},{"@type":"ImageObject","inLanguage":"es","@id":"https:\/\/diariotextual.com\/inicio\/index.php\/2021\/11\/01\/el-pueblo-de-la-gloria-organiza-la-segunda-edicion-del-festival-de-canto-y-danza\/#primaryimage","url":"https:\/\/diariotextual.com\/inicio\/wp-content\/uploads\/2021\/11\/lagloriacantaybaila2021-1.jpeg","contentUrl":"https:\/\/diariotextual.com\/inicio\/wp-content\/uploads\/2021\/11\/lagloriacantaybaila2021-1.jpeg","width":720,"height":540},{"@type":"BreadcrumbList","@id":"https:\/\/diariotextual.com\/inicio\/index.php\/2021\/11\/01\/el-pueblo-de-la-gloria-organiza-la-segunda-edicion-del-festival-de-canto-y-danza\/#breadcrumb","itemListElement":[{"@type":"ListItem","position":1,"name":"Portada","item":"https:\/\/diariotextual.com\/inicio\/"},{"@type":"ListItem","position":2,"name":"El pueblo de La Gloria organiza la segunda edici\u00f3n del festival de canto y danza"}]},{"@type":"WebSite","@id":"https:\/\/diariotextual.com\/inicio\/#website","url":"https:\/\/diariotextual.com\/inicio\/","name":"Diario Textual","description":"","publisher":{"@id":"https:\/\/diariotextual.com\/inicio\/#organization"},"potentialAction":[{"@type":"SearchAction","target":{"@type":"EntryPoint","urlTemplate":"https:\/\/diariotextual.com\/inicio\/?s={search_term_string}"},"query-input":{"@type":"PropertyValueSpecification","valueRequired":true,"valueName":"search_term_string"}}],"inLanguage":"es"},{"@type":"Organization","@id":"https:\/\/diariotextual.com\/inicio\/#organization","name":"Diario Textual","url":"https:\/\/diariotextual.com\/inicio\/","logo":{"@type":"ImageObject","inLanguage":"es","@id":"https:\/\/diariotextual.com\/inicio\/#\/schema\/logo\/image\/","url":"https:\/\/diariotextual.com\/inicio\/wp-content\/uploads\/2023\/05\/logotextual1.jpg","contentUrl":"https:\/\/diariotextual.com\/inicio\/wp-content\/uploads\/2023\/05\/logotextual1.jpg","width":516,"height":76,"caption":"Diario Textual"},"image":{"@id":"https:\/\/diariotextual.com\/inicio\/#\/schema\/logo\/image\/"},"sameAs":["https:\/\/www.facebook.com\/eltextual","https:\/\/x.com\/eltextual","http:\/\/www.instagram.com\/eltextual"]},{"@type":"Person","@id":"https:\/\/diariotextual.com\/inicio\/#\/schema\/person\/418fc4093c33e86ed41562db3508f958","name":"Diario1 Diario1","image":{"@type":"ImageObject","inLanguage":"es","@id":"https:\/\/secure.gravatar.com\/avatar\/9167d280179c85bc18be67aa7eda765854300033af4896dd779b608640f2ef7a?s=96&d=mm&r=g","url":"https:\/\/secure.gravatar.com\/avatar\/9167d280179c85bc18be67aa7eda765854300033af4896dd779b608640f2ef7a?s=96&d=mm&r=g","contentUrl":"https:\/\/secure.gravatar.com\/avatar\/9167d280179c85bc18be67aa7eda765854300033af4896dd779b608640f2ef7a?s=96&d=mm&r=g","caption":"Diario1 Diario1"},"url":"https:\/\/diariotextual.com\/inicio\/index.php\/author\/diario1\/"}]}},"_links":{"self":[{"href":"https:\/\/diariotextual.com\/inicio\/index.php\/wp-json\/wp\/v2\/posts\/167244","targetHints":{"allow":["GET"]}}],"collection":[{"href":"https:\/\/diariotextual.com\/inicio\/index.php\/wp-json\/wp\/v2\/posts"}],"about":[{"href":"https:\/\/diariotextual.com\/inicio\/index.php\/wp-json\/wp\/v2\/types\/post"}],"author":[{"embeddable":true,"href":"https:\/\/diariotextual.com\/inicio\/index.php\/wp-json\/wp\/v2\/users\/3"}],"replies":[{"embeddable":true,"href":"https:\/\/diariotextual.com\/inicio\/index.php\/wp-json\/wp\/v2\/comments?post=167244"}],"version-history":[{"count":1,"href":"https:\/\/diariotextual.com\/inicio\/index.php\/wp-json\/wp\/v2\/posts\/167244\/revisions"}],"predecessor-version":[{"id":167246,"href":"https:\/\/diariotextual.com\/inicio\/index.php\/wp-json\/wp\/v2\/posts\/167244\/revisions\/167246"}],"wp:featuredmedia":[{"embeddable":true,"href":"https:\/\/diariotextual.com\/inicio\/index.php\/wp-json\/wp\/v2\/media\/167245"}],"wp:attachment":[{"href":"https:\/\/diariotextual.com\/inicio\/index.php\/wp-json\/wp\/v2\/media?parent=167244"}],"wp:term":[{"taxonomy":"category","embeddable":true,"href":"https:\/\/diariotextual.com\/inicio\/index.php\/wp-json\/wp\/v2\/categories?post=167244"},{"taxonomy":"post_tag","embeddable":true,"href":"https:\/\/diariotextual.com\/inicio\/index.php\/wp-json\/wp\/v2\/tags?post=167244"}],"curies":[{"name":"wp","href":"https:\/\/api.w.org\/{rel}","templated":true}]}}