{"id":167321,"date":"2021-11-01T14:40:59","date_gmt":"2021-11-01T17:40:59","guid":{"rendered":"https:\/\/diariotextual.com\/inicio\/?p=167321"},"modified":"2021-11-01T22:38:59","modified_gmt":"2021-11-02T01:38:59","slug":"veronica-moreno-no-todo-el-mundo-esta-contento-de-que-yo-este-como-rectora-de-la-unlpam","status":"publish","type":"post","link":"https:\/\/diariotextual.com\/inicio\/index.php\/2021\/11\/01\/veronica-moreno-no-todo-el-mundo-esta-contento-de-que-yo-este-como-rectora-de-la-unlpam\/","title":{"rendered":"Ver\u00f3nica Moreno: \u00abNo todo el mundo est\u00e1 contento de que yo est\u00e9 como rectora de la UNLPam\u00bb"},"content":{"rendered":"\n<p>La docente\u00a0<strong>Ver\u00f3nica Moreno<\/strong>, a cargo de la rector\u00eda de la <strong>Universidad Nacional de La Pampa (UNLPam<\/strong>), dijo que observa que a\u00fan hay sectores dentro de la academia educativa que no recibieron bien su llegada al cargo. <strong>\u201cNo todo el mundo est\u00e1 contento de que yo est\u00e9 en este lugar\u00bb,<\/strong> asegur\u00f3. <strong>\u201cLa verdad que me siento m\u00e1s acogida, bien recibida y tratada con orgullo fuera de la universidad que adentro\u201d, <\/strong>expres\u00f3.<\/p>\n\n\n\n<p>La profesora fue entrevistada en <a href=\"https:\/\/www.radionacional.com.ar\/category\/lra-3-santa-rosa\/\" target=\"_blank\" rel=\"noreferrer noopener\">Nacional Santa Ros<\/a>a acerca del trabajo realizado hasta ahora y sobre c\u00f3mo siente que fue recibida dentro de la instituci\u00f3n. \u00abLa vengo llevando bien, porque tengo un equipo de gente que me permite trabajar de manera contenida y me apoyo en ellos. Estamos sosteniendo lo que ven\u00edamos haciendo\u00bb, dijo.<\/p>\n\n\n\n<p>\u201cLo diferente \u2013en todo caso\u2013 es c\u00f3mo p\u00fablicamente estoy saliendo frente a los compromisos que tenemos como universidad frente a otras instituciones como fue la Feria Provincial del Libro, por ejemplo\u201d, cont\u00f3.<\/p>\n\n\n\n<p><strong>&#8211; Y en se sentido, \u00bfcrees que la comunidad universitaria se est\u00e1 acostumbrando a que en el rectorado est\u00e1 sentada una mujer, como vos te autodefiniste, \u00abnegra\u00bb?, pregunt\u00f3 la periodista Mariana Cornejo. \u00a0<\/strong><\/p>\n\n\n\n<p>&#8211; (Risas) Mir\u00e1, yo cuento lo que a m\u00ed me impacta. <strong>Me siento m\u00e1s acogida, bien recibida y tratada con orgullo fuera de la universidad que adentro. <\/strong>Las organizaciones feministas de Pico me invitaron a un encuentro y distinci\u00f3n y fue un encuentro hermoso, pero la UNLPam no tuvo nada que ver. En La UNLPam hay un silencio absoluto. Nadie dice nada. En la UNLPam no hay ninguna relaci\u00f3n concreta, directa o clara en el sentido de que efectivamente yo soy la primera mujer rectora. Eso no est\u00e1. No es algo institucional. Me parece que m\u00e1s que lo que se dice es el silencio.<\/p>\n\n\n\n<p>Moreno fue designada como rectora a fines de septiembre, luego de que el hasta entonces rector, Oscar Alpa, asumiera formalmente el cargo de secretario de Pol\u00edticas Universitarias en el Ministerio de Educaci\u00f3n de la Naci\u00f3n.<\/p>\n\n\n\n<p><\/p>\n","protected":false},"excerpt":{"rendered":"<p>La docente\u00a0Ver\u00f3nica Moreno, a cargo de la rector\u00eda de la Universidad Nacional de La Pampa (UNLPam), dijo que observa que a\u00fan hay sectores dentro de la academia educativa que no&hellip;<\/p>\n","protected":false},"author":4,"featured_media":18000,"comment_status":"closed","ping_status":"open","sticky":false,"template":"","format":"standard","meta":{"_acf_changed":false,"footnotes":""},"categories":[10,12],"tags":[24],"class_list":["post-167321","post","type-post","status-publish","format-standard","has-post-thumbnail","hentry","category-portada-2","category-sociedad","tag-universidad"],"acf":[],"yoast_head":"<!-- This site is optimized with the Yoast SEO plugin v27.5 - https:\/\/yoast.com\/product\/yoast-seo-wordpress\/ -->\n<title>Ver\u00f3nica Moreno: &quot;No todo el mundo est\u00e1 contento de que yo est\u00e9 como rectora de la UNLPam&quot; - Diario Textual<\/title>\n<meta name=\"robots\" content=\"index, follow, max-snippet:-1, max-image-preview:large, max-video-preview:-1\" \/>\n<link rel=\"canonical\" href=\"https:\/\/diariotextual.com\/inicio\/index.php\/2021\/11\/01\/veronica-moreno-no-todo-el-mundo-esta-contento-de-que-yo-este-como-rectora-de-la-unlpam\/\" \/>\n<meta property=\"og:locale\" content=\"es_ES\" \/>\n<meta property=\"og:type\" content=\"article\" \/>\n<meta property=\"og:title\" content=\"Ver\u00f3nica Moreno: &quot;No todo el mundo est\u00e1 contento de que yo est\u00e9 como rectora de la UNLPam&quot; - Diario Textual\" \/>\n<meta property=\"og:description\" content=\"La docente\u00a0Ver\u00f3nica Moreno, a cargo de la rector\u00eda de la Universidad Nacional de La Pampa (UNLPam), dijo que observa que a\u00fan hay sectores dentro de la academia educativa que no&hellip;\" \/>\n<meta property=\"og:url\" content=\"https:\/\/diariotextual.com\/inicio\/index.php\/2021\/11\/01\/veronica-moreno-no-todo-el-mundo-esta-contento-de-que-yo-este-como-rectora-de-la-unlpam\/\" \/>\n<meta property=\"og:site_name\" content=\"Diario Textual\" \/>\n<meta property=\"article:publisher\" content=\"https:\/\/www.facebook.com\/eltextual\" \/>\n<meta property=\"article:published_time\" content=\"2021-11-01T17:40:59+00:00\" \/>\n<meta property=\"article:modified_time\" content=\"2021-11-02T01:38:59+00:00\" \/>\n<meta property=\"og:image\" content=\"https:\/\/diariotextual.com\/inicio\/wp-content\/uploads\/2018\/08\/morenoveronica111.jpg\" \/>\n\t<meta property=\"og:image:width\" content=\"582\" \/>\n\t<meta property=\"og:image:height\" content=\"437\" \/>\n\t<meta property=\"og:image:type\" content=\"image\/jpeg\" \/>\n<meta name=\"author\" content=\"diario2\" \/>\n<meta name=\"twitter:card\" content=\"summary_large_image\" \/>\n<meta name=\"twitter:creator\" content=\"@eltextual\" \/>\n<meta name=\"twitter:site\" content=\"@eltextual\" \/>\n<meta name=\"twitter:label1\" content=\"Escrito por\" \/>\n\t<meta name=\"twitter:data1\" content=\"diario2\" \/>\n\t<meta name=\"twitter:label2\" content=\"Tiempo de lectura\" \/>\n\t<meta name=\"twitter:data2\" content=\"2 minutos\" \/>\n<script type=\"application\/ld+json\" class=\"yoast-schema-graph\">{\"@context\":\"https:\\\/\\\/schema.org\",\"@graph\":[{\"@type\":\"Article\",\"@id\":\"https:\\\/\\\/diariotextual.com\\\/inicio\\\/index.php\\\/2021\\\/11\\\/01\\\/veronica-moreno-no-todo-el-mundo-esta-contento-de-que-yo-este-como-rectora-de-la-unlpam\\\/#article\",\"isPartOf\":{\"@id\":\"https:\\\/\\\/diariotextual.com\\\/inicio\\\/index.php\\\/2021\\\/11\\\/01\\\/veronica-moreno-no-todo-el-mundo-esta-contento-de-que-yo-este-como-rectora-de-la-unlpam\\\/\"},\"author\":{\"name\":\"diario2\",\"@id\":\"https:\\\/\\\/diariotextual.com\\\/inicio\\\/#\\\/schema\\\/person\\\/694f60677f23c4a530867a98f22b3768\"},\"headline\":\"Ver\u00f3nica Moreno: \u00abNo todo el mundo est\u00e1 contento de que yo est\u00e9 como rectora de la UNLPam\u00bb\",\"datePublished\":\"2021-11-01T17:40:59+00:00\",\"dateModified\":\"2021-11-02T01:38:59+00:00\",\"mainEntityOfPage\":{\"@id\":\"https:\\\/\\\/diariotextual.com\\\/inicio\\\/index.php\\\/2021\\\/11\\\/01\\\/veronica-moreno-no-todo-el-mundo-esta-contento-de-que-yo-este-como-rectora-de-la-unlpam\\\/\"},\"wordCount\":362,\"publisher\":{\"@id\":\"https:\\\/\\\/diariotextual.com\\\/inicio\\\/#organization\"},\"image\":{\"@id\":\"https:\\\/\\\/diariotextual.com\\\/inicio\\\/index.php\\\/2021\\\/11\\\/01\\\/veronica-moreno-no-todo-el-mundo-esta-contento-de-que-yo-este-como-rectora-de-la-unlpam\\\/#primaryimage\"},\"thumbnailUrl\":\"https:\\\/\\\/diariotextual.com\\\/inicio\\\/wp-content\\\/uploads\\\/2018\\\/08\\\/morenoveronica111.jpg\",\"keywords\":[\"universidad\"],\"articleSection\":[\"A - PORTADA2\",\"SOCIEDAD\"],\"inLanguage\":\"es\"},{\"@type\":\"WebPage\",\"@id\":\"https:\\\/\\\/diariotextual.com\\\/inicio\\\/index.php\\\/2021\\\/11\\\/01\\\/veronica-moreno-no-todo-el-mundo-esta-contento-de-que-yo-este-como-rectora-de-la-unlpam\\\/\",\"url\":\"https:\\\/\\\/diariotextual.com\\\/inicio\\\/index.php\\\/2021\\\/11\\\/01\\\/veronica-moreno-no-todo-el-mundo-esta-contento-de-que-yo-este-como-rectora-de-la-unlpam\\\/\",\"name\":\"Ver\u00f3nica Moreno: \\\"No todo el mundo est\u00e1 contento de que yo est\u00e9 como rectora de la UNLPam\\\" - Diario Textual\",\"isPartOf\":{\"@id\":\"https:\\\/\\\/diariotextual.com\\\/inicio\\\/#website\"},\"primaryImageOfPage\":{\"@id\":\"https:\\\/\\\/diariotextual.com\\\/inicio\\\/index.php\\\/2021\\\/11\\\/01\\\/veronica-moreno-no-todo-el-mundo-esta-contento-de-que-yo-este-como-rectora-de-la-unlpam\\\/#primaryimage\"},\"image\":{\"@id\":\"https:\\\/\\\/diariotextual.com\\\/inicio\\\/index.php\\\/2021\\\/11\\\/01\\\/veronica-moreno-no-todo-el-mundo-esta-contento-de-que-yo-este-como-rectora-de-la-unlpam\\\/#primaryimage\"},\"thumbnailUrl\":\"https:\\\/\\\/diariotextual.com\\\/inicio\\\/wp-content\\\/uploads\\\/2018\\\/08\\\/morenoveronica111.jpg\",\"datePublished\":\"2021-11-01T17:40:59+00:00\",\"dateModified\":\"2021-11-02T01:38:59+00:00\",\"breadcrumb\":{\"@id\":\"https:\\\/\\\/diariotextual.com\\\/inicio\\\/index.php\\\/2021\\\/11\\\/01\\\/veronica-moreno-no-todo-el-mundo-esta-contento-de-que-yo-este-como-rectora-de-la-unlpam\\\/#breadcrumb\"},\"inLanguage\":\"es\",\"potentialAction\":[{\"@type\":\"ReadAction\",\"target\":[\"https:\\\/\\\/diariotextual.com\\\/inicio\\\/index.php\\\/2021\\\/11\\\/01\\\/veronica-moreno-no-todo-el-mundo-esta-contento-de-que-yo-este-como-rectora-de-la-unlpam\\\/\"]}]},{\"@type\":\"ImageObject\",\"inLanguage\":\"es\",\"@id\":\"https:\\\/\\\/diariotextual.com\\\/inicio\\\/index.php\\\/2021\\\/11\\\/01\\\/veronica-moreno-no-todo-el-mundo-esta-contento-de-que-yo-este-como-rectora-de-la-unlpam\\\/#primaryimage\",\"url\":\"https:\\\/\\\/diariotextual.com\\\/inicio\\\/wp-content\\\/uploads\\\/2018\\\/08\\\/morenoveronica111.jpg\",\"contentUrl\":\"https:\\\/\\\/diariotextual.com\\\/inicio\\\/wp-content\\\/uploads\\\/2018\\\/08\\\/morenoveronica111.jpg\",\"width\":582,\"height\":437},{\"@type\":\"BreadcrumbList\",\"@id\":\"https:\\\/\\\/diariotextual.com\\\/inicio\\\/index.php\\\/2021\\\/11\\\/01\\\/veronica-moreno-no-todo-el-mundo-esta-contento-de-que-yo-este-como-rectora-de-la-unlpam\\\/#breadcrumb\",\"itemListElement\":[{\"@type\":\"ListItem\",\"position\":1,\"name\":\"Portada\",\"item\":\"https:\\\/\\\/diariotextual.com\\\/inicio\\\/\"},{\"@type\":\"ListItem\",\"position\":2,\"name\":\"Ver\u00f3nica Moreno: \u00abNo todo el mundo est\u00e1 contento de que yo est\u00e9 como rectora de la UNLPam\u00bb\"}]},{\"@type\":\"WebSite\",\"@id\":\"https:\\\/\\\/diariotextual.com\\\/inicio\\\/#website\",\"url\":\"https:\\\/\\\/diariotextual.com\\\/inicio\\\/\",\"name\":\"Diario Textual\",\"description\":\"\",\"publisher\":{\"@id\":\"https:\\\/\\\/diariotextual.com\\\/inicio\\\/#organization\"},\"potentialAction\":[{\"@type\":\"SearchAction\",\"target\":{\"@type\":\"EntryPoint\",\"urlTemplate\":\"https:\\\/\\\/diariotextual.com\\\/inicio\\\/?s={search_term_string}\"},\"query-input\":{\"@type\":\"PropertyValueSpecification\",\"valueRequired\":true,\"valueName\":\"search_term_string\"}}],\"inLanguage\":\"es\"},{\"@type\":\"Organization\",\"@id\":\"https:\\\/\\\/diariotextual.com\\\/inicio\\\/#organization\",\"name\":\"Diario Textual\",\"url\":\"https:\\\/\\\/diariotextual.com\\\/inicio\\\/\",\"logo\":{\"@type\":\"ImageObject\",\"inLanguage\":\"es\",\"@id\":\"https:\\\/\\\/diariotextual.com\\\/inicio\\\/#\\\/schema\\\/logo\\\/image\\\/\",\"url\":\"https:\\\/\\\/diariotextual.com\\\/inicio\\\/wp-content\\\/uploads\\\/2023\\\/05\\\/logotextual1.jpg\",\"contentUrl\":\"https:\\\/\\\/diariotextual.com\\\/inicio\\\/wp-content\\\/uploads\\\/2023\\\/05\\\/logotextual1.jpg\",\"width\":516,\"height\":76,\"caption\":\"Diario Textual\"},\"image\":{\"@id\":\"https:\\\/\\\/diariotextual.com\\\/inicio\\\/#\\\/schema\\\/logo\\\/image\\\/\"},\"sameAs\":[\"https:\\\/\\\/www.facebook.com\\\/eltextual\",\"https:\\\/\\\/x.com\\\/eltextual\",\"http:\\\/\\\/www.instagram.com\\\/eltextual\"]},{\"@type\":\"Person\",\"@id\":\"https:\\\/\\\/diariotextual.com\\\/inicio\\\/#\\\/schema\\\/person\\\/694f60677f23c4a530867a98f22b3768\",\"name\":\"diario2\",\"image\":{\"@type\":\"ImageObject\",\"inLanguage\":\"es\",\"@id\":\"https:\\\/\\\/secure.gravatar.com\\\/avatar\\\/5a2567495ba16b852fcd8f1ed006a2e24fcace936018ed8237e95f488ad6e0a7?s=96&d=mm&r=g\",\"url\":\"https:\\\/\\\/secure.gravatar.com\\\/avatar\\\/5a2567495ba16b852fcd8f1ed006a2e24fcace936018ed8237e95f488ad6e0a7?s=96&d=mm&r=g\",\"contentUrl\":\"https:\\\/\\\/secure.gravatar.com\\\/avatar\\\/5a2567495ba16b852fcd8f1ed006a2e24fcace936018ed8237e95f488ad6e0a7?s=96&d=mm&r=g\",\"caption\":\"diario2\"},\"url\":\"https:\\\/\\\/diariotextual.com\\\/inicio\\\/index.php\\\/author\\\/diario2\\\/\"}]}<\/script>\n<!-- \/ Yoast SEO plugin. -->","yoast_head_json":{"title":"Ver\u00f3nica Moreno: \"No todo el mundo est\u00e1 contento de que yo est\u00e9 como rectora de la UNLPam\" - Diario Textual","robots":{"index":"index","follow":"follow","max-snippet":"max-snippet:-1","max-image-preview":"max-image-preview:large","max-video-preview":"max-video-preview:-1"},"canonical":"https:\/\/diariotextual.com\/inicio\/index.php\/2021\/11\/01\/veronica-moreno-no-todo-el-mundo-esta-contento-de-que-yo-este-como-rectora-de-la-unlpam\/","og_locale":"es_ES","og_type":"article","og_title":"Ver\u00f3nica Moreno: \"No todo el mundo est\u00e1 contento de que yo est\u00e9 como rectora de la UNLPam\" - Diario Textual","og_description":"La docente\u00a0Ver\u00f3nica Moreno, a cargo de la rector\u00eda de la Universidad Nacional de La Pampa (UNLPam), dijo que observa que a\u00fan hay sectores dentro de la academia educativa que no&hellip;","og_url":"https:\/\/diariotextual.com\/inicio\/index.php\/2021\/11\/01\/veronica-moreno-no-todo-el-mundo-esta-contento-de-que-yo-este-como-rectora-de-la-unlpam\/","og_site_name":"Diario Textual","article_publisher":"https:\/\/www.facebook.com\/eltextual","article_published_time":"2021-11-01T17:40:59+00:00","article_modified_time":"2021-11-02T01:38:59+00:00","og_image":[{"width":582,"height":437,"url":"https:\/\/diariotextual.com\/inicio\/wp-content\/uploads\/2018\/08\/morenoveronica111.jpg","type":"image\/jpeg"}],"author":"diario2","twitter_card":"summary_large_image","twitter_creator":"@eltextual","twitter_site":"@eltextual","twitter_misc":{"Escrito por":"diario2","Tiempo de lectura":"2 minutos"},"schema":{"@context":"https:\/\/schema.org","@graph":[{"@type":"Article","@id":"https:\/\/diariotextual.com\/inicio\/index.php\/2021\/11\/01\/veronica-moreno-no-todo-el-mundo-esta-contento-de-que-yo-este-como-rectora-de-la-unlpam\/#article","isPartOf":{"@id":"https:\/\/diariotextual.com\/inicio\/index.php\/2021\/11\/01\/veronica-moreno-no-todo-el-mundo-esta-contento-de-que-yo-este-como-rectora-de-la-unlpam\/"},"author":{"name":"diario2","@id":"https:\/\/diariotextual.com\/inicio\/#\/schema\/person\/694f60677f23c4a530867a98f22b3768"},"headline":"Ver\u00f3nica Moreno: \u00abNo todo el mundo est\u00e1 contento de que yo est\u00e9 como rectora de la UNLPam\u00bb","datePublished":"2021-11-01T17:40:59+00:00","dateModified":"2021-11-02T01:38:59+00:00","mainEntityOfPage":{"@id":"https:\/\/diariotextual.com\/inicio\/index.php\/2021\/11\/01\/veronica-moreno-no-todo-el-mundo-esta-contento-de-que-yo-este-como-rectora-de-la-unlpam\/"},"wordCount":362,"publisher":{"@id":"https:\/\/diariotextual.com\/inicio\/#organization"},"image":{"@id":"https:\/\/diariotextual.com\/inicio\/index.php\/2021\/11\/01\/veronica-moreno-no-todo-el-mundo-esta-contento-de-que-yo-este-como-rectora-de-la-unlpam\/#primaryimage"},"thumbnailUrl":"https:\/\/diariotextual.com\/inicio\/wp-content\/uploads\/2018\/08\/morenoveronica111.jpg","keywords":["universidad"],"articleSection":["A - PORTADA2","SOCIEDAD"],"inLanguage":"es"},{"@type":"WebPage","@id":"https:\/\/diariotextual.com\/inicio\/index.php\/2021\/11\/01\/veronica-moreno-no-todo-el-mundo-esta-contento-de-que-yo-este-como-rectora-de-la-unlpam\/","url":"https:\/\/diariotextual.com\/inicio\/index.php\/2021\/11\/01\/veronica-moreno-no-todo-el-mundo-esta-contento-de-que-yo-este-como-rectora-de-la-unlpam\/","name":"Ver\u00f3nica Moreno: \"No todo el mundo est\u00e1 contento de que yo est\u00e9 como rectora de la UNLPam\" - Diario Textual","isPartOf":{"@id":"https:\/\/diariotextual.com\/inicio\/#website"},"primaryImageOfPage":{"@id":"https:\/\/diariotextual.com\/inicio\/index.php\/2021\/11\/01\/veronica-moreno-no-todo-el-mundo-esta-contento-de-que-yo-este-como-rectora-de-la-unlpam\/#primaryimage"},"image":{"@id":"https:\/\/diariotextual.com\/inicio\/index.php\/2021\/11\/01\/veronica-moreno-no-todo-el-mundo-esta-contento-de-que-yo-este-como-rectora-de-la-unlpam\/#primaryimage"},"thumbnailUrl":"https:\/\/diariotextual.com\/inicio\/wp-content\/uploads\/2018\/08\/morenoveronica111.jpg","datePublished":"2021-11-01T17:40:59+00:00","dateModified":"2021-11-02T01:38:59+00:00","breadcrumb":{"@id":"https:\/\/diariotextual.com\/inicio\/index.php\/2021\/11\/01\/veronica-moreno-no-todo-el-mundo-esta-contento-de-que-yo-este-como-rectora-de-la-unlpam\/#breadcrumb"},"inLanguage":"es","potentialAction":[{"@type":"ReadAction","target":["https:\/\/diariotextual.com\/inicio\/index.php\/2021\/11\/01\/veronica-moreno-no-todo-el-mundo-esta-contento-de-que-yo-este-como-rectora-de-la-unlpam\/"]}]},{"@type":"ImageObject","inLanguage":"es","@id":"https:\/\/diariotextual.com\/inicio\/index.php\/2021\/11\/01\/veronica-moreno-no-todo-el-mundo-esta-contento-de-que-yo-este-como-rectora-de-la-unlpam\/#primaryimage","url":"https:\/\/diariotextual.com\/inicio\/wp-content\/uploads\/2018\/08\/morenoveronica111.jpg","contentUrl":"https:\/\/diariotextual.com\/inicio\/wp-content\/uploads\/2018\/08\/morenoveronica111.jpg","width":582,"height":437},{"@type":"BreadcrumbList","@id":"https:\/\/diariotextual.com\/inicio\/index.php\/2021\/11\/01\/veronica-moreno-no-todo-el-mundo-esta-contento-de-que-yo-este-como-rectora-de-la-unlpam\/#breadcrumb","itemListElement":[{"@type":"ListItem","position":1,"name":"Portada","item":"https:\/\/diariotextual.com\/inicio\/"},{"@type":"ListItem","position":2,"name":"Ver\u00f3nica Moreno: \u00abNo todo el mundo est\u00e1 contento de que yo est\u00e9 como rectora de la UNLPam\u00bb"}]},{"@type":"WebSite","@id":"https:\/\/diariotextual.com\/inicio\/#website","url":"https:\/\/diariotextual.com\/inicio\/","name":"Diario Textual","description":"","publisher":{"@id":"https:\/\/diariotextual.com\/inicio\/#organization"},"potentialAction":[{"@type":"SearchAction","target":{"@type":"EntryPoint","urlTemplate":"https:\/\/diariotextual.com\/inicio\/?s={search_term_string}"},"query-input":{"@type":"PropertyValueSpecification","valueRequired":true,"valueName":"search_term_string"}}],"inLanguage":"es"},{"@type":"Organization","@id":"https:\/\/diariotextual.com\/inicio\/#organization","name":"Diario Textual","url":"https:\/\/diariotextual.com\/inicio\/","logo":{"@type":"ImageObject","inLanguage":"es","@id":"https:\/\/diariotextual.com\/inicio\/#\/schema\/logo\/image\/","url":"https:\/\/diariotextual.com\/inicio\/wp-content\/uploads\/2023\/05\/logotextual1.jpg","contentUrl":"https:\/\/diariotextual.com\/inicio\/wp-content\/uploads\/2023\/05\/logotextual1.jpg","width":516,"height":76,"caption":"Diario Textual"},"image":{"@id":"https:\/\/diariotextual.com\/inicio\/#\/schema\/logo\/image\/"},"sameAs":["https:\/\/www.facebook.com\/eltextual","https:\/\/x.com\/eltextual","http:\/\/www.instagram.com\/eltextual"]},{"@type":"Person","@id":"https:\/\/diariotextual.com\/inicio\/#\/schema\/person\/694f60677f23c4a530867a98f22b3768","name":"diario2","image":{"@type":"ImageObject","inLanguage":"es","@id":"https:\/\/secure.gravatar.com\/avatar\/5a2567495ba16b852fcd8f1ed006a2e24fcace936018ed8237e95f488ad6e0a7?s=96&d=mm&r=g","url":"https:\/\/secure.gravatar.com\/avatar\/5a2567495ba16b852fcd8f1ed006a2e24fcace936018ed8237e95f488ad6e0a7?s=96&d=mm&r=g","contentUrl":"https:\/\/secure.gravatar.com\/avatar\/5a2567495ba16b852fcd8f1ed006a2e24fcace936018ed8237e95f488ad6e0a7?s=96&d=mm&r=g","caption":"diario2"},"url":"https:\/\/diariotextual.com\/inicio\/index.php\/author\/diario2\/"}]}},"_links":{"self":[{"href":"https:\/\/diariotextual.com\/inicio\/index.php\/wp-json\/wp\/v2\/posts\/167321","targetHints":{"allow":["GET"]}}],"collection":[{"href":"https:\/\/diariotextual.com\/inicio\/index.php\/wp-json\/wp\/v2\/posts"}],"about":[{"href":"https:\/\/diariotextual.com\/inicio\/index.php\/wp-json\/wp\/v2\/types\/post"}],"author":[{"embeddable":true,"href":"https:\/\/diariotextual.com\/inicio\/index.php\/wp-json\/wp\/v2\/users\/4"}],"replies":[{"embeddable":true,"href":"https:\/\/diariotextual.com\/inicio\/index.php\/wp-json\/wp\/v2\/comments?post=167321"}],"version-history":[{"count":1,"href":"https:\/\/diariotextual.com\/inicio\/index.php\/wp-json\/wp\/v2\/posts\/167321\/revisions"}],"predecessor-version":[{"id":167323,"href":"https:\/\/diariotextual.com\/inicio\/index.php\/wp-json\/wp\/v2\/posts\/167321\/revisions\/167323"}],"wp:featuredmedia":[{"embeddable":true,"href":"https:\/\/diariotextual.com\/inicio\/index.php\/wp-json\/wp\/v2\/media\/18000"}],"wp:attachment":[{"href":"https:\/\/diariotextual.com\/inicio\/index.php\/wp-json\/wp\/v2\/media?parent=167321"}],"wp:term":[{"taxonomy":"category","embeddable":true,"href":"https:\/\/diariotextual.com\/inicio\/index.php\/wp-json\/wp\/v2\/categories?post=167321"},{"taxonomy":"post_tag","embeddable":true,"href":"https:\/\/diariotextual.com\/inicio\/index.php\/wp-json\/wp\/v2\/tags?post=167321"}],"curies":[{"name":"wp","href":"https:\/\/api.w.org\/{rel}","templated":true}]}}