{"id":167406,"date":"2021-11-02T10:07:40","date_gmt":"2021-11-02T13:07:40","guid":{"rendered":"https:\/\/diariotextual.com\/inicio\/?p=167406"},"modified":"2021-11-02T14:01:56","modified_gmt":"2021-11-02T17:01:56","slug":"abogado-y-padre-de-submarinista-del-ara-san-juan-pide-la-prision-preventiva-a-macri","status":"publish","type":"post","link":"https:\/\/diariotextual.com\/inicio\/index.php\/2021\/11\/02\/abogado-y-padre-de-submarinista-del-ara-san-juan-pide-la-prision-preventiva-a-macri\/","title":{"rendered":"Abogado y padre de submarinista del ARA San Juan pide la prisi\u00f3n preventiva a Macri"},"content":{"rendered":"\n<p>El abogado y padre de uno de los submarinistas del ARA San Juan, Luis Tagliapietra, sostuvo hoy que considera que \u201cse debe pedir la prisi\u00f3n preventiva\u201d del expresidente Mauricio Macri porque \u201cha demostrado peligros procesales\u201d en el marco de la causa que investiga supuesto espionaje ilegal a los familiares de las v\u00edctimas del hundimiento.<\/p>\n\n\n\n<p>\u201cEl expresidente ya manifest\u00f3 su intenci\u00f3n de irse a vivir a Estados Unidos y a dar clases all\u00e1. Ahora quiere ir a Arabia Saudita, donde no hay tratado de extradici\u00f3n \u00bfSi tengo miedo de que se fugue? Estoy seguro que lo va a hacer\u201d, sostuvo Tagliapietra en declaraciones formuladas esta ma\u00f1ana a El Destape Radio.<\/p>\n\n\n\n<p>Es que Macri solicit\u00f3 ayer autorizaci\u00f3n para salir del pa\u00eds para viajar a Arabia Saudita el lunes posterior a las elecciones legislativas, pedido rechazado por una de las querellas de la causa en la que se lo investiga por supuesto espionaje ilegal a los familiares de los tripulantes del submarino ARA San Juan, por considerar que el l\u00edder de Juntos por el Cambio (JxC) podr\u00eda fugarse.<\/p>\n\n\n\n<p>En este sentido, Tagliapietra afirm\u00f3 que el expresidente \u201cno ha respetado los llamados del juez\u201d y, sobre la nueva citaci\u00f3n, prevista para ma\u00f1ana, dijo: \u201cVeremos si efectivamente se presenta y qu\u00e9 secreto de Estado revela\u201d.<\/p>\n\n\n\n<p>Asimismo, el abogado asegur\u00f3 que \u201clo m\u00e1s probable es que no revele ninguno\u201d porque \u201cno hay ning\u00fan secreto de Estado que revelar en el espionaje ilegal a los familiares del ARA San Juan\u201d.<\/p>\n\n\n\n<p>\u201cNo est\u00e1bamos investigados por terrorismo ni nada de eso, as\u00ed que no hay ning\u00fan secreto de Estado que revelar\u201d, se\u00f1al\u00f3.<\/p>\n\n\n\n<p>Tagliapietra consider\u00f3 que la fuga del pa\u00eds del expresidente \u201ces posible\u201d ya que \u201cla causa que hoy tiene una escala penal que va de 3 a 10 a\u00f1os, pero si se comprueba la asociaci\u00f3n il\u00edcita, arrancar\u00eda de 5 a 20 a\u00f1os\u201d.<\/p>\n\n\n\n<p>El padre del submarinista inform\u00f3 que \u201choy pidieron la recusaci\u00f3n del fiscal Juan Pablo Curi\u201d ya que \u201csu participaci\u00f3n fue vergonzosa, se aline\u00f3 autom\u00e1ticamente a la defensa de (el expresidente Mauricio) Macri\u201d.<\/p>\n\n\n\n<p>\u201cQue el fiscal Curi se haya manifestado de acuerdo con la defensa de Macri es una falta grav\u00edsima\u201d, subray\u00f3.<\/p>\n\n\n\n<p>Asegur\u00f3 que \u201chubo un acuerdo entre la defensa de Macri y el fiscal Curi, y es evidente su parcialidad\u201d.<\/p>\n","protected":false},"excerpt":{"rendered":"<p>El abogado y padre de uno de los submarinistas del ARA San Juan, Luis Tagliapietra, sostuvo hoy que considera que \u201cse debe pedir la prisi\u00f3n preventiva\u201d del expresidente Mauricio Macri&hellip;<\/p>\n","protected":false},"author":7,"featured_media":154029,"comment_status":"closed","ping_status":"open","sticky":false,"template":"","format":"standard","meta":{"_acf_changed":false,"footnotes":""},"categories":[10,12],"tags":[],"class_list":["post-167406","post","type-post","status-publish","format-standard","has-post-thumbnail","hentry","category-portada-2","category-sociedad"],"acf":[],"yoast_head":"<!-- This site is optimized with the Yoast SEO plugin v27.5 - https:\/\/yoast.com\/product\/yoast-seo-wordpress\/ -->\n<title>Abogado y padre de submarinista del ARA San Juan pide la prisi\u00f3n preventiva a Macri - Diario Textual<\/title>\n<meta name=\"robots\" content=\"index, follow, max-snippet:-1, max-image-preview:large, max-video-preview:-1\" \/>\n<link rel=\"canonical\" href=\"https:\/\/diariotextual.com\/inicio\/index.php\/2021\/11\/02\/abogado-y-padre-de-submarinista-del-ara-san-juan-pide-la-prision-preventiva-a-macri\/\" \/>\n<meta property=\"og:locale\" content=\"es_ES\" \/>\n<meta property=\"og:type\" content=\"article\" \/>\n<meta property=\"og:title\" content=\"Abogado y padre de submarinista del ARA San Juan pide la prisi\u00f3n preventiva a Macri - Diario Textual\" \/>\n<meta property=\"og:description\" content=\"El abogado y padre de uno de los submarinistas del ARA San Juan, Luis Tagliapietra, sostuvo hoy que considera que \u201cse debe pedir la prisi\u00f3n preventiva\u201d del expresidente Mauricio Macri&hellip;\" \/>\n<meta property=\"og:url\" content=\"https:\/\/diariotextual.com\/inicio\/index.php\/2021\/11\/02\/abogado-y-padre-de-submarinista-del-ara-san-juan-pide-la-prision-preventiva-a-macri\/\" \/>\n<meta property=\"og:site_name\" content=\"Diario Textual\" \/>\n<meta property=\"article:publisher\" content=\"https:\/\/www.facebook.com\/eltextual\" \/>\n<meta property=\"article:published_time\" content=\"2021-11-02T13:07:40+00:00\" \/>\n<meta property=\"article:modified_time\" content=\"2021-11-02T17:01:56+00:00\" \/>\n<meta property=\"og:image\" content=\"https:\/\/diariotextual.com\/inicio\/wp-content\/uploads\/2021\/07\/macrimauriciotelam0007.jpg\" \/>\n\t<meta property=\"og:image:width\" content=\"1004\" \/>\n\t<meta property=\"og:image:height\" content=\"565\" \/>\n\t<meta property=\"og:image:type\" content=\"image\/jpeg\" \/>\n<meta name=\"author\" content=\"diario5\" \/>\n<meta name=\"twitter:card\" content=\"summary_large_image\" \/>\n<meta name=\"twitter:creator\" content=\"@eltextual\" \/>\n<meta name=\"twitter:site\" content=\"@eltextual\" \/>\n<meta name=\"twitter:label1\" content=\"Escrito por\" \/>\n\t<meta name=\"twitter:data1\" content=\"diario5\" \/>\n\t<meta name=\"twitter:label2\" content=\"Tiempo de lectura\" \/>\n\t<meta name=\"twitter:data2\" content=\"2 minutos\" \/>\n<script type=\"application\/ld+json\" class=\"yoast-schema-graph\">{\"@context\":\"https:\\\/\\\/schema.org\",\"@graph\":[{\"@type\":\"Article\",\"@id\":\"https:\\\/\\\/diariotextual.com\\\/inicio\\\/index.php\\\/2021\\\/11\\\/02\\\/abogado-y-padre-de-submarinista-del-ara-san-juan-pide-la-prision-preventiva-a-macri\\\/#article\",\"isPartOf\":{\"@id\":\"https:\\\/\\\/diariotextual.com\\\/inicio\\\/index.php\\\/2021\\\/11\\\/02\\\/abogado-y-padre-de-submarinista-del-ara-san-juan-pide-la-prision-preventiva-a-macri\\\/\"},\"author\":{\"name\":\"diario5\",\"@id\":\"https:\\\/\\\/diariotextual.com\\\/inicio\\\/#\\\/schema\\\/person\\\/c7834961ad8b29b1d9cdbf4571299067\"},\"headline\":\"Abogado y padre de submarinista del ARA San Juan pide la prisi\u00f3n preventiva a Macri\",\"datePublished\":\"2021-11-02T13:07:40+00:00\",\"dateModified\":\"2021-11-02T17:01:56+00:00\",\"mainEntityOfPage\":{\"@id\":\"https:\\\/\\\/diariotextual.com\\\/inicio\\\/index.php\\\/2021\\\/11\\\/02\\\/abogado-y-padre-de-submarinista-del-ara-san-juan-pide-la-prision-preventiva-a-macri\\\/\"},\"wordCount\":412,\"publisher\":{\"@id\":\"https:\\\/\\\/diariotextual.com\\\/inicio\\\/#organization\"},\"image\":{\"@id\":\"https:\\\/\\\/diariotextual.com\\\/inicio\\\/index.php\\\/2021\\\/11\\\/02\\\/abogado-y-padre-de-submarinista-del-ara-san-juan-pide-la-prision-preventiva-a-macri\\\/#primaryimage\"},\"thumbnailUrl\":\"https:\\\/\\\/diariotextual.com\\\/inicio\\\/wp-content\\\/uploads\\\/2021\\\/07\\\/macrimauriciotelam0007.jpg\",\"articleSection\":[\"A - PORTADA2\",\"SOCIEDAD\"],\"inLanguage\":\"es\"},{\"@type\":\"WebPage\",\"@id\":\"https:\\\/\\\/diariotextual.com\\\/inicio\\\/index.php\\\/2021\\\/11\\\/02\\\/abogado-y-padre-de-submarinista-del-ara-san-juan-pide-la-prision-preventiva-a-macri\\\/\",\"url\":\"https:\\\/\\\/diariotextual.com\\\/inicio\\\/index.php\\\/2021\\\/11\\\/02\\\/abogado-y-padre-de-submarinista-del-ara-san-juan-pide-la-prision-preventiva-a-macri\\\/\",\"name\":\"Abogado y padre de submarinista del ARA San Juan pide la prisi\u00f3n preventiva a Macri - Diario Textual\",\"isPartOf\":{\"@id\":\"https:\\\/\\\/diariotextual.com\\\/inicio\\\/#website\"},\"primaryImageOfPage\":{\"@id\":\"https:\\\/\\\/diariotextual.com\\\/inicio\\\/index.php\\\/2021\\\/11\\\/02\\\/abogado-y-padre-de-submarinista-del-ara-san-juan-pide-la-prision-preventiva-a-macri\\\/#primaryimage\"},\"image\":{\"@id\":\"https:\\\/\\\/diariotextual.com\\\/inicio\\\/index.php\\\/2021\\\/11\\\/02\\\/abogado-y-padre-de-submarinista-del-ara-san-juan-pide-la-prision-preventiva-a-macri\\\/#primaryimage\"},\"thumbnailUrl\":\"https:\\\/\\\/diariotextual.com\\\/inicio\\\/wp-content\\\/uploads\\\/2021\\\/07\\\/macrimauriciotelam0007.jpg\",\"datePublished\":\"2021-11-02T13:07:40+00:00\",\"dateModified\":\"2021-11-02T17:01:56+00:00\",\"breadcrumb\":{\"@id\":\"https:\\\/\\\/diariotextual.com\\\/inicio\\\/index.php\\\/2021\\\/11\\\/02\\\/abogado-y-padre-de-submarinista-del-ara-san-juan-pide-la-prision-preventiva-a-macri\\\/#breadcrumb\"},\"inLanguage\":\"es\",\"potentialAction\":[{\"@type\":\"ReadAction\",\"target\":[\"https:\\\/\\\/diariotextual.com\\\/inicio\\\/index.php\\\/2021\\\/11\\\/02\\\/abogado-y-padre-de-submarinista-del-ara-san-juan-pide-la-prision-preventiva-a-macri\\\/\"]}]},{\"@type\":\"ImageObject\",\"inLanguage\":\"es\",\"@id\":\"https:\\\/\\\/diariotextual.com\\\/inicio\\\/index.php\\\/2021\\\/11\\\/02\\\/abogado-y-padre-de-submarinista-del-ara-san-juan-pide-la-prision-preventiva-a-macri\\\/#primaryimage\",\"url\":\"https:\\\/\\\/diariotextual.com\\\/inicio\\\/wp-content\\\/uploads\\\/2021\\\/07\\\/macrimauriciotelam0007.jpg\",\"contentUrl\":\"https:\\\/\\\/diariotextual.com\\\/inicio\\\/wp-content\\\/uploads\\\/2021\\\/07\\\/macrimauriciotelam0007.jpg\",\"width\":1004,\"height\":565},{\"@type\":\"BreadcrumbList\",\"@id\":\"https:\\\/\\\/diariotextual.com\\\/inicio\\\/index.php\\\/2021\\\/11\\\/02\\\/abogado-y-padre-de-submarinista-del-ara-san-juan-pide-la-prision-preventiva-a-macri\\\/#breadcrumb\",\"itemListElement\":[{\"@type\":\"ListItem\",\"position\":1,\"name\":\"Portada\",\"item\":\"https:\\\/\\\/diariotextual.com\\\/inicio\\\/\"},{\"@type\":\"ListItem\",\"position\":2,\"name\":\"Abogado y padre de submarinista del ARA San Juan pide la prisi\u00f3n preventiva a Macri\"}]},{\"@type\":\"WebSite\",\"@id\":\"https:\\\/\\\/diariotextual.com\\\/inicio\\\/#website\",\"url\":\"https:\\\/\\\/diariotextual.com\\\/inicio\\\/\",\"name\":\"Diario Textual\",\"description\":\"\",\"publisher\":{\"@id\":\"https:\\\/\\\/diariotextual.com\\\/inicio\\\/#organization\"},\"potentialAction\":[{\"@type\":\"SearchAction\",\"target\":{\"@type\":\"EntryPoint\",\"urlTemplate\":\"https:\\\/\\\/diariotextual.com\\\/inicio\\\/?s={search_term_string}\"},\"query-input\":{\"@type\":\"PropertyValueSpecification\",\"valueRequired\":true,\"valueName\":\"search_term_string\"}}],\"inLanguage\":\"es\"},{\"@type\":\"Organization\",\"@id\":\"https:\\\/\\\/diariotextual.com\\\/inicio\\\/#organization\",\"name\":\"Diario Textual\",\"url\":\"https:\\\/\\\/diariotextual.com\\\/inicio\\\/\",\"logo\":{\"@type\":\"ImageObject\",\"inLanguage\":\"es\",\"@id\":\"https:\\\/\\\/diariotextual.com\\\/inicio\\\/#\\\/schema\\\/logo\\\/image\\\/\",\"url\":\"https:\\\/\\\/diariotextual.com\\\/inicio\\\/wp-content\\\/uploads\\\/2023\\\/05\\\/logotextual1.jpg\",\"contentUrl\":\"https:\\\/\\\/diariotextual.com\\\/inicio\\\/wp-content\\\/uploads\\\/2023\\\/05\\\/logotextual1.jpg\",\"width\":516,\"height\":76,\"caption\":\"Diario Textual\"},\"image\":{\"@id\":\"https:\\\/\\\/diariotextual.com\\\/inicio\\\/#\\\/schema\\\/logo\\\/image\\\/\"},\"sameAs\":[\"https:\\\/\\\/www.facebook.com\\\/eltextual\",\"https:\\\/\\\/x.com\\\/eltextual\",\"http:\\\/\\\/www.instagram.com\\\/eltextual\"]},{\"@type\":\"Person\",\"@id\":\"https:\\\/\\\/diariotextual.com\\\/inicio\\\/#\\\/schema\\\/person\\\/c7834961ad8b29b1d9cdbf4571299067\",\"name\":\"diario5\",\"image\":{\"@type\":\"ImageObject\",\"inLanguage\":\"es\",\"@id\":\"https:\\\/\\\/secure.gravatar.com\\\/avatar\\\/948c893b847ca6df68216ead81b63f363408ec9b0f600fefc0641ce78613b111?s=96&d=mm&r=g\",\"url\":\"https:\\\/\\\/secure.gravatar.com\\\/avatar\\\/948c893b847ca6df68216ead81b63f363408ec9b0f600fefc0641ce78613b111?s=96&d=mm&r=g\",\"contentUrl\":\"https:\\\/\\\/secure.gravatar.com\\\/avatar\\\/948c893b847ca6df68216ead81b63f363408ec9b0f600fefc0641ce78613b111?s=96&d=mm&r=g\",\"caption\":\"diario5\"},\"url\":\"https:\\\/\\\/diariotextual.com\\\/inicio\\\/index.php\\\/author\\\/diario5\\\/\"}]}<\/script>\n<!-- \/ Yoast SEO plugin. -->","yoast_head_json":{"title":"Abogado y padre de submarinista del ARA San Juan pide la prisi\u00f3n preventiva a Macri - Diario Textual","robots":{"index":"index","follow":"follow","max-snippet":"max-snippet:-1","max-image-preview":"max-image-preview:large","max-video-preview":"max-video-preview:-1"},"canonical":"https:\/\/diariotextual.com\/inicio\/index.php\/2021\/11\/02\/abogado-y-padre-de-submarinista-del-ara-san-juan-pide-la-prision-preventiva-a-macri\/","og_locale":"es_ES","og_type":"article","og_title":"Abogado y padre de submarinista del ARA San Juan pide la prisi\u00f3n preventiva a Macri - Diario Textual","og_description":"El abogado y padre de uno de los submarinistas del ARA San Juan, Luis Tagliapietra, sostuvo hoy que considera que \u201cse debe pedir la prisi\u00f3n preventiva\u201d del expresidente Mauricio Macri&hellip;","og_url":"https:\/\/diariotextual.com\/inicio\/index.php\/2021\/11\/02\/abogado-y-padre-de-submarinista-del-ara-san-juan-pide-la-prision-preventiva-a-macri\/","og_site_name":"Diario Textual","article_publisher":"https:\/\/www.facebook.com\/eltextual","article_published_time":"2021-11-02T13:07:40+00:00","article_modified_time":"2021-11-02T17:01:56+00:00","og_image":[{"width":1004,"height":565,"url":"https:\/\/diariotextual.com\/inicio\/wp-content\/uploads\/2021\/07\/macrimauriciotelam0007.jpg","type":"image\/jpeg"}],"author":"diario5","twitter_card":"summary_large_image","twitter_creator":"@eltextual","twitter_site":"@eltextual","twitter_misc":{"Escrito por":"diario5","Tiempo de lectura":"2 minutos"},"schema":{"@context":"https:\/\/schema.org","@graph":[{"@type":"Article","@id":"https:\/\/diariotextual.com\/inicio\/index.php\/2021\/11\/02\/abogado-y-padre-de-submarinista-del-ara-san-juan-pide-la-prision-preventiva-a-macri\/#article","isPartOf":{"@id":"https:\/\/diariotextual.com\/inicio\/index.php\/2021\/11\/02\/abogado-y-padre-de-submarinista-del-ara-san-juan-pide-la-prision-preventiva-a-macri\/"},"author":{"name":"diario5","@id":"https:\/\/diariotextual.com\/inicio\/#\/schema\/person\/c7834961ad8b29b1d9cdbf4571299067"},"headline":"Abogado y padre de submarinista del ARA San Juan pide la prisi\u00f3n preventiva a Macri","datePublished":"2021-11-02T13:07:40+00:00","dateModified":"2021-11-02T17:01:56+00:00","mainEntityOfPage":{"@id":"https:\/\/diariotextual.com\/inicio\/index.php\/2021\/11\/02\/abogado-y-padre-de-submarinista-del-ara-san-juan-pide-la-prision-preventiva-a-macri\/"},"wordCount":412,"publisher":{"@id":"https:\/\/diariotextual.com\/inicio\/#organization"},"image":{"@id":"https:\/\/diariotextual.com\/inicio\/index.php\/2021\/11\/02\/abogado-y-padre-de-submarinista-del-ara-san-juan-pide-la-prision-preventiva-a-macri\/#primaryimage"},"thumbnailUrl":"https:\/\/diariotextual.com\/inicio\/wp-content\/uploads\/2021\/07\/macrimauriciotelam0007.jpg","articleSection":["A - PORTADA2","SOCIEDAD"],"inLanguage":"es"},{"@type":"WebPage","@id":"https:\/\/diariotextual.com\/inicio\/index.php\/2021\/11\/02\/abogado-y-padre-de-submarinista-del-ara-san-juan-pide-la-prision-preventiva-a-macri\/","url":"https:\/\/diariotextual.com\/inicio\/index.php\/2021\/11\/02\/abogado-y-padre-de-submarinista-del-ara-san-juan-pide-la-prision-preventiva-a-macri\/","name":"Abogado y padre de submarinista del ARA San Juan pide la prisi\u00f3n preventiva a Macri - Diario Textual","isPartOf":{"@id":"https:\/\/diariotextual.com\/inicio\/#website"},"primaryImageOfPage":{"@id":"https:\/\/diariotextual.com\/inicio\/index.php\/2021\/11\/02\/abogado-y-padre-de-submarinista-del-ara-san-juan-pide-la-prision-preventiva-a-macri\/#primaryimage"},"image":{"@id":"https:\/\/diariotextual.com\/inicio\/index.php\/2021\/11\/02\/abogado-y-padre-de-submarinista-del-ara-san-juan-pide-la-prision-preventiva-a-macri\/#primaryimage"},"thumbnailUrl":"https:\/\/diariotextual.com\/inicio\/wp-content\/uploads\/2021\/07\/macrimauriciotelam0007.jpg","datePublished":"2021-11-02T13:07:40+00:00","dateModified":"2021-11-02T17:01:56+00:00","breadcrumb":{"@id":"https:\/\/diariotextual.com\/inicio\/index.php\/2021\/11\/02\/abogado-y-padre-de-submarinista-del-ara-san-juan-pide-la-prision-preventiva-a-macri\/#breadcrumb"},"inLanguage":"es","potentialAction":[{"@type":"ReadAction","target":["https:\/\/diariotextual.com\/inicio\/index.php\/2021\/11\/02\/abogado-y-padre-de-submarinista-del-ara-san-juan-pide-la-prision-preventiva-a-macri\/"]}]},{"@type":"ImageObject","inLanguage":"es","@id":"https:\/\/diariotextual.com\/inicio\/index.php\/2021\/11\/02\/abogado-y-padre-de-submarinista-del-ara-san-juan-pide-la-prision-preventiva-a-macri\/#primaryimage","url":"https:\/\/diariotextual.com\/inicio\/wp-content\/uploads\/2021\/07\/macrimauriciotelam0007.jpg","contentUrl":"https:\/\/diariotextual.com\/inicio\/wp-content\/uploads\/2021\/07\/macrimauriciotelam0007.jpg","width":1004,"height":565},{"@type":"BreadcrumbList","@id":"https:\/\/diariotextual.com\/inicio\/index.php\/2021\/11\/02\/abogado-y-padre-de-submarinista-del-ara-san-juan-pide-la-prision-preventiva-a-macri\/#breadcrumb","itemListElement":[{"@type":"ListItem","position":1,"name":"Portada","item":"https:\/\/diariotextual.com\/inicio\/"},{"@type":"ListItem","position":2,"name":"Abogado y padre de submarinista del ARA San Juan pide la prisi\u00f3n preventiva a Macri"}]},{"@type":"WebSite","@id":"https:\/\/diariotextual.com\/inicio\/#website","url":"https:\/\/diariotextual.com\/inicio\/","name":"Diario Textual","description":"","publisher":{"@id":"https:\/\/diariotextual.com\/inicio\/#organization"},"potentialAction":[{"@type":"SearchAction","target":{"@type":"EntryPoint","urlTemplate":"https:\/\/diariotextual.com\/inicio\/?s={search_term_string}"},"query-input":{"@type":"PropertyValueSpecification","valueRequired":true,"valueName":"search_term_string"}}],"inLanguage":"es"},{"@type":"Organization","@id":"https:\/\/diariotextual.com\/inicio\/#organization","name":"Diario Textual","url":"https:\/\/diariotextual.com\/inicio\/","logo":{"@type":"ImageObject","inLanguage":"es","@id":"https:\/\/diariotextual.com\/inicio\/#\/schema\/logo\/image\/","url":"https:\/\/diariotextual.com\/inicio\/wp-content\/uploads\/2023\/05\/logotextual1.jpg","contentUrl":"https:\/\/diariotextual.com\/inicio\/wp-content\/uploads\/2023\/05\/logotextual1.jpg","width":516,"height":76,"caption":"Diario Textual"},"image":{"@id":"https:\/\/diariotextual.com\/inicio\/#\/schema\/logo\/image\/"},"sameAs":["https:\/\/www.facebook.com\/eltextual","https:\/\/x.com\/eltextual","http:\/\/www.instagram.com\/eltextual"]},{"@type":"Person","@id":"https:\/\/diariotextual.com\/inicio\/#\/schema\/person\/c7834961ad8b29b1d9cdbf4571299067","name":"diario5","image":{"@type":"ImageObject","inLanguage":"es","@id":"https:\/\/secure.gravatar.com\/avatar\/948c893b847ca6df68216ead81b63f363408ec9b0f600fefc0641ce78613b111?s=96&d=mm&r=g","url":"https:\/\/secure.gravatar.com\/avatar\/948c893b847ca6df68216ead81b63f363408ec9b0f600fefc0641ce78613b111?s=96&d=mm&r=g","contentUrl":"https:\/\/secure.gravatar.com\/avatar\/948c893b847ca6df68216ead81b63f363408ec9b0f600fefc0641ce78613b111?s=96&d=mm&r=g","caption":"diario5"},"url":"https:\/\/diariotextual.com\/inicio\/index.php\/author\/diario5\/"}]}},"_links":{"self":[{"href":"https:\/\/diariotextual.com\/inicio\/index.php\/wp-json\/wp\/v2\/posts\/167406","targetHints":{"allow":["GET"]}}],"collection":[{"href":"https:\/\/diariotextual.com\/inicio\/index.php\/wp-json\/wp\/v2\/posts"}],"about":[{"href":"https:\/\/diariotextual.com\/inicio\/index.php\/wp-json\/wp\/v2\/types\/post"}],"author":[{"embeddable":true,"href":"https:\/\/diariotextual.com\/inicio\/index.php\/wp-json\/wp\/v2\/users\/7"}],"replies":[{"embeddable":true,"href":"https:\/\/diariotextual.com\/inicio\/index.php\/wp-json\/wp\/v2\/comments?post=167406"}],"version-history":[{"count":1,"href":"https:\/\/diariotextual.com\/inicio\/index.php\/wp-json\/wp\/v2\/posts\/167406\/revisions"}],"predecessor-version":[{"id":167407,"href":"https:\/\/diariotextual.com\/inicio\/index.php\/wp-json\/wp\/v2\/posts\/167406\/revisions\/167407"}],"wp:featuredmedia":[{"embeddable":true,"href":"https:\/\/diariotextual.com\/inicio\/index.php\/wp-json\/wp\/v2\/media\/154029"}],"wp:attachment":[{"href":"https:\/\/diariotextual.com\/inicio\/index.php\/wp-json\/wp\/v2\/media?parent=167406"}],"wp:term":[{"taxonomy":"category","embeddable":true,"href":"https:\/\/diariotextual.com\/inicio\/index.php\/wp-json\/wp\/v2\/categories?post=167406"},{"taxonomy":"post_tag","embeddable":true,"href":"https:\/\/diariotextual.com\/inicio\/index.php\/wp-json\/wp\/v2\/tags?post=167406"}],"curies":[{"name":"wp","href":"https:\/\/api.w.org\/{rel}","templated":true}]}}