{"id":167408,"date":"2021-11-02T10:33:30","date_gmt":"2021-11-02T13:33:30","guid":{"rendered":"https:\/\/diariotextual.com\/inicio\/?p=167408"},"modified":"2021-11-02T12:16:56","modified_gmt":"2021-11-02T15:16:56","slug":"en-el-emhsu-aseguran-que-se-reciclo-mas-en-el-primer-dia-de-recoleccion-diferenciada","status":"publish","type":"post","link":"https:\/\/diariotextual.com\/inicio\/index.php\/2021\/11\/02\/en-el-emhsu-aseguran-que-se-reciclo-mas-en-el-primer-dia-de-recoleccion-diferenciada\/","title":{"rendered":"En el EMHSU aseguran que \u201cse recicl\u00f3 m\u00e1s\u201d en el primer d\u00eda de recolecci\u00f3n diferenciada"},"content":{"rendered":"\n<p>El gerente del <strong>Ente Municipal de Higiene y Salubridad Urbana<\/strong>, Jos\u00e9 Hurtado, dijo que en la reanudaci\u00f3n de la <strong>recolecci\u00f3n diferenciada de residuos<\/strong> \u201cse not\u00f3 el compromiso de la gente\u201d que separ\u00f3 en sus casas los materiales reciclables. \u201cEs una bue\u00f1a se\u00f1al, de todos modos los resultados los vamos a ver en 15 o 20 d\u00edas\u201d, dijo.<\/p>\n\n\n\n<p>Hurtado, en declaraciones a <strong>Diario Textual<\/strong>, dijo que en el servicio de este lunes <strong>\u201cse recicl\u00f3 m\u00e1s\u201d<\/strong> que lo que se ven\u00eda haciendo y lo adjudic\u00f3 a la <strong><a href=\"https:\/\/diariotextual.com\/inicio\/index.php\/2021\/11\/01\/a-separar-la-basura-este-lunes-comienza-la-recoleccion-diferenciada-de-residuos\/\" target=\"_blank\" rel=\"noreferrer noopener\">reanudaci\u00f3n de la separaci\u00f3n en origen que retom\u00f3 el municipio santarrose\u00f1o.<\/a><\/strong><\/p>\n\n\n\n<p><strong>\u201cEn el primer d\u00eda de recolecci\u00f3n diferenciada se not\u00f3 el compromiso de la gente. Es una buena se\u00f1al. Igualmente, los resultados los vamos a ver en 15 o 20 d\u00edas\u201d<\/strong>, dijo.<\/p>\n\n\n\n<p><strong>\u201cNotamos que se recicl\u00f3 m\u00e1s hoy y creemos que va a ir creciendo a medida que la gente se vaya mentalizando en el reciclado\u201d<\/strong>, confi\u00f3.<\/p>\n\n\n\n<figure class=\"wp-block-image size-large\"><img fetchpriority=\"high\" decoding=\"async\" width=\"893\" height=\"506\" src=\"https:\/\/diariotextual.com\/inicio\/wp-content\/uploads\/2021\/11\/reciclado.jpg\" alt=\"\" class=\"wp-image-167418\" srcset=\"https:\/\/diariotextual.com\/inicio\/wp-content\/uploads\/2021\/11\/reciclado.jpg 893w, https:\/\/diariotextual.com\/inicio\/wp-content\/uploads\/2021\/11\/reciclado-300x170.jpg 300w, https:\/\/diariotextual.com\/inicio\/wp-content\/uploads\/2021\/11\/reciclado-768x435.jpg 768w, https:\/\/diariotextual.com\/inicio\/wp-content\/uploads\/2021\/11\/reciclado-585x331.jpg 585w\" sizes=\"(max-width: 893px) 100vw, 893px\" \/><\/figure>\n\n\n\n<p>Celebr\u00f3 que desde este martes <strong>\u201cya no se entierra m\u00e1s pl\u00e1stico, ni vidrio, ni cart\u00f3n\u201d<\/strong> porque todo se reutiliza y se clasifica en planta y valor\u00f3 el trabajo que realiza la <strong>cooperativa de trabajo Brote Popular<\/strong>, que es el sustento de 60 familias de Santa Rosa.<\/p>\n\n\n\n<p>Seg\u00fan el cronograma dispuesto por la comuna, martes y jueves se recogen los residuos secos (cart\u00f3n, vidrio, papel, pl\u00e1sticos) y el resto de los d\u00edas los h\u00famedos. <\/p>\n\n\n\n<p>  &nbsp;&nbsp;<\/p>\n","protected":false},"excerpt":{"rendered":"<p>El gerente del Ente Municipal de Higiene y Salubridad Urbana, Jos\u00e9 Hurtado, dijo que en la reanudaci\u00f3n de la recolecci\u00f3n diferenciada de residuos \u201cse not\u00f3 el compromiso de la gente\u201d&hellip;<\/p>\n","protected":false},"author":7,"featured_media":167417,"comment_status":"closed","ping_status":"open","sticky":false,"template":"","format":"standard","meta":{"_acf_changed":false,"footnotes":""},"categories":[10,12],"tags":[1602,6210],"class_list":["post-167408","post","type-post","status-publish","format-standard","has-post-thumbnail","hentry","category-portada-2","category-sociedad","tag-reciclado","tag-separacion-de-residuos-en-origen"],"acf":[],"yoast_head":"<!-- This site is optimized with the Yoast SEO plugin v27.5 - https:\/\/yoast.com\/product\/yoast-seo-wordpress\/ -->\n<title>En el EMHSU aseguran que \u201cse recicl\u00f3 m\u00e1s\u201d en el primer d\u00eda de recolecci\u00f3n diferenciada - Diario Textual<\/title>\n<meta name=\"robots\" content=\"index, follow, max-snippet:-1, max-image-preview:large, max-video-preview:-1\" \/>\n<link rel=\"canonical\" href=\"https:\/\/diariotextual.com\/inicio\/index.php\/2021\/11\/02\/en-el-emhsu-aseguran-que-se-reciclo-mas-en-el-primer-dia-de-recoleccion-diferenciada\/\" \/>\n<meta property=\"og:locale\" content=\"es_ES\" \/>\n<meta property=\"og:type\" content=\"article\" \/>\n<meta property=\"og:title\" content=\"En el EMHSU aseguran que \u201cse recicl\u00f3 m\u00e1s\u201d en el primer d\u00eda de recolecci\u00f3n diferenciada - Diario Textual\" \/>\n<meta property=\"og:description\" content=\"El gerente del Ente Municipal de Higiene y Salubridad Urbana, Jos\u00e9 Hurtado, dijo que en la reanudaci\u00f3n de la recolecci\u00f3n diferenciada de residuos \u201cse not\u00f3 el compromiso de la gente\u201d&hellip;\" \/>\n<meta property=\"og:url\" content=\"https:\/\/diariotextual.com\/inicio\/index.php\/2021\/11\/02\/en-el-emhsu-aseguran-que-se-reciclo-mas-en-el-primer-dia-de-recoleccion-diferenciada\/\" \/>\n<meta property=\"og:site_name\" content=\"Diario Textual\" \/>\n<meta property=\"article:publisher\" content=\"https:\/\/www.facebook.com\/eltextual\" \/>\n<meta property=\"article:published_time\" content=\"2021-11-02T13:33:30+00:00\" \/>\n<meta property=\"article:modified_time\" content=\"2021-11-02T15:16:56+00:00\" \/>\n<meta property=\"og:image\" content=\"https:\/\/diariotextual.com\/inicio\/wp-content\/uploads\/2021\/11\/reciclado1.jpg\" \/>\n\t<meta property=\"og:image:width\" content=\"971\" \/>\n\t<meta property=\"og:image:height\" content=\"462\" \/>\n\t<meta property=\"og:image:type\" content=\"image\/jpeg\" \/>\n<meta name=\"author\" content=\"diario5\" \/>\n<meta name=\"twitter:card\" content=\"summary_large_image\" \/>\n<meta name=\"twitter:creator\" content=\"@eltextual\" \/>\n<meta name=\"twitter:site\" content=\"@eltextual\" \/>\n<meta name=\"twitter:label1\" content=\"Escrito por\" \/>\n\t<meta name=\"twitter:data1\" content=\"diario5\" \/>\n\t<meta name=\"twitter:label2\" content=\"Tiempo de lectura\" \/>\n\t<meta name=\"twitter:data2\" content=\"2 minutos\" \/>\n<script type=\"application\/ld+json\" class=\"yoast-schema-graph\">{\"@context\":\"https:\\\/\\\/schema.org\",\"@graph\":[{\"@type\":\"Article\",\"@id\":\"https:\\\/\\\/diariotextual.com\\\/inicio\\\/index.php\\\/2021\\\/11\\\/02\\\/en-el-emhsu-aseguran-que-se-reciclo-mas-en-el-primer-dia-de-recoleccion-diferenciada\\\/#article\",\"isPartOf\":{\"@id\":\"https:\\\/\\\/diariotextual.com\\\/inicio\\\/index.php\\\/2021\\\/11\\\/02\\\/en-el-emhsu-aseguran-que-se-reciclo-mas-en-el-primer-dia-de-recoleccion-diferenciada\\\/\"},\"author\":{\"name\":\"diario5\",\"@id\":\"https:\\\/\\\/diariotextual.com\\\/inicio\\\/#\\\/schema\\\/person\\\/c7834961ad8b29b1d9cdbf4571299067\"},\"headline\":\"En el EMHSU aseguran que \u201cse recicl\u00f3 m\u00e1s\u201d en el primer d\u00eda de recolecci\u00f3n diferenciada\",\"datePublished\":\"2021-11-02T13:33:30+00:00\",\"dateModified\":\"2021-11-02T15:16:56+00:00\",\"mainEntityOfPage\":{\"@id\":\"https:\\\/\\\/diariotextual.com\\\/inicio\\\/index.php\\\/2021\\\/11\\\/02\\\/en-el-emhsu-aseguran-que-se-reciclo-mas-en-el-primer-dia-de-recoleccion-diferenciada\\\/\"},\"wordCount\":263,\"publisher\":{\"@id\":\"https:\\\/\\\/diariotextual.com\\\/inicio\\\/#organization\"},\"image\":{\"@id\":\"https:\\\/\\\/diariotextual.com\\\/inicio\\\/index.php\\\/2021\\\/11\\\/02\\\/en-el-emhsu-aseguran-que-se-reciclo-mas-en-el-primer-dia-de-recoleccion-diferenciada\\\/#primaryimage\"},\"thumbnailUrl\":\"https:\\\/\\\/diariotextual.com\\\/inicio\\\/wp-content\\\/uploads\\\/2021\\\/11\\\/reciclado1.jpg\",\"keywords\":[\"reciclado\",\"separaci\u00f3n de residuos en origen\"],\"articleSection\":[\"A - PORTADA2\",\"SOCIEDAD\"],\"inLanguage\":\"es\"},{\"@type\":\"WebPage\",\"@id\":\"https:\\\/\\\/diariotextual.com\\\/inicio\\\/index.php\\\/2021\\\/11\\\/02\\\/en-el-emhsu-aseguran-que-se-reciclo-mas-en-el-primer-dia-de-recoleccion-diferenciada\\\/\",\"url\":\"https:\\\/\\\/diariotextual.com\\\/inicio\\\/index.php\\\/2021\\\/11\\\/02\\\/en-el-emhsu-aseguran-que-se-reciclo-mas-en-el-primer-dia-de-recoleccion-diferenciada\\\/\",\"name\":\"En el EMHSU aseguran que \u201cse recicl\u00f3 m\u00e1s\u201d en el primer d\u00eda de recolecci\u00f3n diferenciada - Diario Textual\",\"isPartOf\":{\"@id\":\"https:\\\/\\\/diariotextual.com\\\/inicio\\\/#website\"},\"primaryImageOfPage\":{\"@id\":\"https:\\\/\\\/diariotextual.com\\\/inicio\\\/index.php\\\/2021\\\/11\\\/02\\\/en-el-emhsu-aseguran-que-se-reciclo-mas-en-el-primer-dia-de-recoleccion-diferenciada\\\/#primaryimage\"},\"image\":{\"@id\":\"https:\\\/\\\/diariotextual.com\\\/inicio\\\/index.php\\\/2021\\\/11\\\/02\\\/en-el-emhsu-aseguran-que-se-reciclo-mas-en-el-primer-dia-de-recoleccion-diferenciada\\\/#primaryimage\"},\"thumbnailUrl\":\"https:\\\/\\\/diariotextual.com\\\/inicio\\\/wp-content\\\/uploads\\\/2021\\\/11\\\/reciclado1.jpg\",\"datePublished\":\"2021-11-02T13:33:30+00:00\",\"dateModified\":\"2021-11-02T15:16:56+00:00\",\"breadcrumb\":{\"@id\":\"https:\\\/\\\/diariotextual.com\\\/inicio\\\/index.php\\\/2021\\\/11\\\/02\\\/en-el-emhsu-aseguran-que-se-reciclo-mas-en-el-primer-dia-de-recoleccion-diferenciada\\\/#breadcrumb\"},\"inLanguage\":\"es\",\"potentialAction\":[{\"@type\":\"ReadAction\",\"target\":[\"https:\\\/\\\/diariotextual.com\\\/inicio\\\/index.php\\\/2021\\\/11\\\/02\\\/en-el-emhsu-aseguran-que-se-reciclo-mas-en-el-primer-dia-de-recoleccion-diferenciada\\\/\"]}]},{\"@type\":\"ImageObject\",\"inLanguage\":\"es\",\"@id\":\"https:\\\/\\\/diariotextual.com\\\/inicio\\\/index.php\\\/2021\\\/11\\\/02\\\/en-el-emhsu-aseguran-que-se-reciclo-mas-en-el-primer-dia-de-recoleccion-diferenciada\\\/#primaryimage\",\"url\":\"https:\\\/\\\/diariotextual.com\\\/inicio\\\/wp-content\\\/uploads\\\/2021\\\/11\\\/reciclado1.jpg\",\"contentUrl\":\"https:\\\/\\\/diariotextual.com\\\/inicio\\\/wp-content\\\/uploads\\\/2021\\\/11\\\/reciclado1.jpg\",\"width\":971,\"height\":462},{\"@type\":\"BreadcrumbList\",\"@id\":\"https:\\\/\\\/diariotextual.com\\\/inicio\\\/index.php\\\/2021\\\/11\\\/02\\\/en-el-emhsu-aseguran-que-se-reciclo-mas-en-el-primer-dia-de-recoleccion-diferenciada\\\/#breadcrumb\",\"itemListElement\":[{\"@type\":\"ListItem\",\"position\":1,\"name\":\"Portada\",\"item\":\"https:\\\/\\\/diariotextual.com\\\/inicio\\\/\"},{\"@type\":\"ListItem\",\"position\":2,\"name\":\"En el EMHSU aseguran que \u201cse recicl\u00f3 m\u00e1s\u201d en el primer d\u00eda de recolecci\u00f3n diferenciada\"}]},{\"@type\":\"WebSite\",\"@id\":\"https:\\\/\\\/diariotextual.com\\\/inicio\\\/#website\",\"url\":\"https:\\\/\\\/diariotextual.com\\\/inicio\\\/\",\"name\":\"Diario Textual\",\"description\":\"\",\"publisher\":{\"@id\":\"https:\\\/\\\/diariotextual.com\\\/inicio\\\/#organization\"},\"potentialAction\":[{\"@type\":\"SearchAction\",\"target\":{\"@type\":\"EntryPoint\",\"urlTemplate\":\"https:\\\/\\\/diariotextual.com\\\/inicio\\\/?s={search_term_string}\"},\"query-input\":{\"@type\":\"PropertyValueSpecification\",\"valueRequired\":true,\"valueName\":\"search_term_string\"}}],\"inLanguage\":\"es\"},{\"@type\":\"Organization\",\"@id\":\"https:\\\/\\\/diariotextual.com\\\/inicio\\\/#organization\",\"name\":\"Diario Textual\",\"url\":\"https:\\\/\\\/diariotextual.com\\\/inicio\\\/\",\"logo\":{\"@type\":\"ImageObject\",\"inLanguage\":\"es\",\"@id\":\"https:\\\/\\\/diariotextual.com\\\/inicio\\\/#\\\/schema\\\/logo\\\/image\\\/\",\"url\":\"https:\\\/\\\/diariotextual.com\\\/inicio\\\/wp-content\\\/uploads\\\/2023\\\/05\\\/logotextual1.jpg\",\"contentUrl\":\"https:\\\/\\\/diariotextual.com\\\/inicio\\\/wp-content\\\/uploads\\\/2023\\\/05\\\/logotextual1.jpg\",\"width\":516,\"height\":76,\"caption\":\"Diario Textual\"},\"image\":{\"@id\":\"https:\\\/\\\/diariotextual.com\\\/inicio\\\/#\\\/schema\\\/logo\\\/image\\\/\"},\"sameAs\":[\"https:\\\/\\\/www.facebook.com\\\/eltextual\",\"https:\\\/\\\/x.com\\\/eltextual\",\"http:\\\/\\\/www.instagram.com\\\/eltextual\"]},{\"@type\":\"Person\",\"@id\":\"https:\\\/\\\/diariotextual.com\\\/inicio\\\/#\\\/schema\\\/person\\\/c7834961ad8b29b1d9cdbf4571299067\",\"name\":\"diario5\",\"image\":{\"@type\":\"ImageObject\",\"inLanguage\":\"es\",\"@id\":\"https:\\\/\\\/secure.gravatar.com\\\/avatar\\\/948c893b847ca6df68216ead81b63f363408ec9b0f600fefc0641ce78613b111?s=96&d=mm&r=g\",\"url\":\"https:\\\/\\\/secure.gravatar.com\\\/avatar\\\/948c893b847ca6df68216ead81b63f363408ec9b0f600fefc0641ce78613b111?s=96&d=mm&r=g\",\"contentUrl\":\"https:\\\/\\\/secure.gravatar.com\\\/avatar\\\/948c893b847ca6df68216ead81b63f363408ec9b0f600fefc0641ce78613b111?s=96&d=mm&r=g\",\"caption\":\"diario5\"},\"url\":\"https:\\\/\\\/diariotextual.com\\\/inicio\\\/index.php\\\/author\\\/diario5\\\/\"}]}<\/script>\n<!-- \/ Yoast SEO plugin. -->","yoast_head_json":{"title":"En el EMHSU aseguran que \u201cse recicl\u00f3 m\u00e1s\u201d en el primer d\u00eda de recolecci\u00f3n diferenciada - Diario Textual","robots":{"index":"index","follow":"follow","max-snippet":"max-snippet:-1","max-image-preview":"max-image-preview:large","max-video-preview":"max-video-preview:-1"},"canonical":"https:\/\/diariotextual.com\/inicio\/index.php\/2021\/11\/02\/en-el-emhsu-aseguran-que-se-reciclo-mas-en-el-primer-dia-de-recoleccion-diferenciada\/","og_locale":"es_ES","og_type":"article","og_title":"En el EMHSU aseguran que \u201cse recicl\u00f3 m\u00e1s\u201d en el primer d\u00eda de recolecci\u00f3n diferenciada - Diario Textual","og_description":"El gerente del Ente Municipal de Higiene y Salubridad Urbana, Jos\u00e9 Hurtado, dijo que en la reanudaci\u00f3n de la recolecci\u00f3n diferenciada de residuos \u201cse not\u00f3 el compromiso de la gente\u201d&hellip;","og_url":"https:\/\/diariotextual.com\/inicio\/index.php\/2021\/11\/02\/en-el-emhsu-aseguran-que-se-reciclo-mas-en-el-primer-dia-de-recoleccion-diferenciada\/","og_site_name":"Diario Textual","article_publisher":"https:\/\/www.facebook.com\/eltextual","article_published_time":"2021-11-02T13:33:30+00:00","article_modified_time":"2021-11-02T15:16:56+00:00","og_image":[{"width":971,"height":462,"url":"https:\/\/diariotextual.com\/inicio\/wp-content\/uploads\/2021\/11\/reciclado1.jpg","type":"image\/jpeg"}],"author":"diario5","twitter_card":"summary_large_image","twitter_creator":"@eltextual","twitter_site":"@eltextual","twitter_misc":{"Escrito por":"diario5","Tiempo de lectura":"2 minutos"},"schema":{"@context":"https:\/\/schema.org","@graph":[{"@type":"Article","@id":"https:\/\/diariotextual.com\/inicio\/index.php\/2021\/11\/02\/en-el-emhsu-aseguran-que-se-reciclo-mas-en-el-primer-dia-de-recoleccion-diferenciada\/#article","isPartOf":{"@id":"https:\/\/diariotextual.com\/inicio\/index.php\/2021\/11\/02\/en-el-emhsu-aseguran-que-se-reciclo-mas-en-el-primer-dia-de-recoleccion-diferenciada\/"},"author":{"name":"diario5","@id":"https:\/\/diariotextual.com\/inicio\/#\/schema\/person\/c7834961ad8b29b1d9cdbf4571299067"},"headline":"En el EMHSU aseguran que \u201cse recicl\u00f3 m\u00e1s\u201d en el primer d\u00eda de recolecci\u00f3n diferenciada","datePublished":"2021-11-02T13:33:30+00:00","dateModified":"2021-11-02T15:16:56+00:00","mainEntityOfPage":{"@id":"https:\/\/diariotextual.com\/inicio\/index.php\/2021\/11\/02\/en-el-emhsu-aseguran-que-se-reciclo-mas-en-el-primer-dia-de-recoleccion-diferenciada\/"},"wordCount":263,"publisher":{"@id":"https:\/\/diariotextual.com\/inicio\/#organization"},"image":{"@id":"https:\/\/diariotextual.com\/inicio\/index.php\/2021\/11\/02\/en-el-emhsu-aseguran-que-se-reciclo-mas-en-el-primer-dia-de-recoleccion-diferenciada\/#primaryimage"},"thumbnailUrl":"https:\/\/diariotextual.com\/inicio\/wp-content\/uploads\/2021\/11\/reciclado1.jpg","keywords":["reciclado","separaci\u00f3n de residuos en origen"],"articleSection":["A - PORTADA2","SOCIEDAD"],"inLanguage":"es"},{"@type":"WebPage","@id":"https:\/\/diariotextual.com\/inicio\/index.php\/2021\/11\/02\/en-el-emhsu-aseguran-que-se-reciclo-mas-en-el-primer-dia-de-recoleccion-diferenciada\/","url":"https:\/\/diariotextual.com\/inicio\/index.php\/2021\/11\/02\/en-el-emhsu-aseguran-que-se-reciclo-mas-en-el-primer-dia-de-recoleccion-diferenciada\/","name":"En el EMHSU aseguran que \u201cse recicl\u00f3 m\u00e1s\u201d en el primer d\u00eda de recolecci\u00f3n diferenciada - Diario Textual","isPartOf":{"@id":"https:\/\/diariotextual.com\/inicio\/#website"},"primaryImageOfPage":{"@id":"https:\/\/diariotextual.com\/inicio\/index.php\/2021\/11\/02\/en-el-emhsu-aseguran-que-se-reciclo-mas-en-el-primer-dia-de-recoleccion-diferenciada\/#primaryimage"},"image":{"@id":"https:\/\/diariotextual.com\/inicio\/index.php\/2021\/11\/02\/en-el-emhsu-aseguran-que-se-reciclo-mas-en-el-primer-dia-de-recoleccion-diferenciada\/#primaryimage"},"thumbnailUrl":"https:\/\/diariotextual.com\/inicio\/wp-content\/uploads\/2021\/11\/reciclado1.jpg","datePublished":"2021-11-02T13:33:30+00:00","dateModified":"2021-11-02T15:16:56+00:00","breadcrumb":{"@id":"https:\/\/diariotextual.com\/inicio\/index.php\/2021\/11\/02\/en-el-emhsu-aseguran-que-se-reciclo-mas-en-el-primer-dia-de-recoleccion-diferenciada\/#breadcrumb"},"inLanguage":"es","potentialAction":[{"@type":"ReadAction","target":["https:\/\/diariotextual.com\/inicio\/index.php\/2021\/11\/02\/en-el-emhsu-aseguran-que-se-reciclo-mas-en-el-primer-dia-de-recoleccion-diferenciada\/"]}]},{"@type":"ImageObject","inLanguage":"es","@id":"https:\/\/diariotextual.com\/inicio\/index.php\/2021\/11\/02\/en-el-emhsu-aseguran-que-se-reciclo-mas-en-el-primer-dia-de-recoleccion-diferenciada\/#primaryimage","url":"https:\/\/diariotextual.com\/inicio\/wp-content\/uploads\/2021\/11\/reciclado1.jpg","contentUrl":"https:\/\/diariotextual.com\/inicio\/wp-content\/uploads\/2021\/11\/reciclado1.jpg","width":971,"height":462},{"@type":"BreadcrumbList","@id":"https:\/\/diariotextual.com\/inicio\/index.php\/2021\/11\/02\/en-el-emhsu-aseguran-que-se-reciclo-mas-en-el-primer-dia-de-recoleccion-diferenciada\/#breadcrumb","itemListElement":[{"@type":"ListItem","position":1,"name":"Portada","item":"https:\/\/diariotextual.com\/inicio\/"},{"@type":"ListItem","position":2,"name":"En el EMHSU aseguran que \u201cse recicl\u00f3 m\u00e1s\u201d en el primer d\u00eda de recolecci\u00f3n diferenciada"}]},{"@type":"WebSite","@id":"https:\/\/diariotextual.com\/inicio\/#website","url":"https:\/\/diariotextual.com\/inicio\/","name":"Diario Textual","description":"","publisher":{"@id":"https:\/\/diariotextual.com\/inicio\/#organization"},"potentialAction":[{"@type":"SearchAction","target":{"@type":"EntryPoint","urlTemplate":"https:\/\/diariotextual.com\/inicio\/?s={search_term_string}"},"query-input":{"@type":"PropertyValueSpecification","valueRequired":true,"valueName":"search_term_string"}}],"inLanguage":"es"},{"@type":"Organization","@id":"https:\/\/diariotextual.com\/inicio\/#organization","name":"Diario Textual","url":"https:\/\/diariotextual.com\/inicio\/","logo":{"@type":"ImageObject","inLanguage":"es","@id":"https:\/\/diariotextual.com\/inicio\/#\/schema\/logo\/image\/","url":"https:\/\/diariotextual.com\/inicio\/wp-content\/uploads\/2023\/05\/logotextual1.jpg","contentUrl":"https:\/\/diariotextual.com\/inicio\/wp-content\/uploads\/2023\/05\/logotextual1.jpg","width":516,"height":76,"caption":"Diario Textual"},"image":{"@id":"https:\/\/diariotextual.com\/inicio\/#\/schema\/logo\/image\/"},"sameAs":["https:\/\/www.facebook.com\/eltextual","https:\/\/x.com\/eltextual","http:\/\/www.instagram.com\/eltextual"]},{"@type":"Person","@id":"https:\/\/diariotextual.com\/inicio\/#\/schema\/person\/c7834961ad8b29b1d9cdbf4571299067","name":"diario5","image":{"@type":"ImageObject","inLanguage":"es","@id":"https:\/\/secure.gravatar.com\/avatar\/948c893b847ca6df68216ead81b63f363408ec9b0f600fefc0641ce78613b111?s=96&d=mm&r=g","url":"https:\/\/secure.gravatar.com\/avatar\/948c893b847ca6df68216ead81b63f363408ec9b0f600fefc0641ce78613b111?s=96&d=mm&r=g","contentUrl":"https:\/\/secure.gravatar.com\/avatar\/948c893b847ca6df68216ead81b63f363408ec9b0f600fefc0641ce78613b111?s=96&d=mm&r=g","caption":"diario5"},"url":"https:\/\/diariotextual.com\/inicio\/index.php\/author\/diario5\/"}]}},"_links":{"self":[{"href":"https:\/\/diariotextual.com\/inicio\/index.php\/wp-json\/wp\/v2\/posts\/167408","targetHints":{"allow":["GET"]}}],"collection":[{"href":"https:\/\/diariotextual.com\/inicio\/index.php\/wp-json\/wp\/v2\/posts"}],"about":[{"href":"https:\/\/diariotextual.com\/inicio\/index.php\/wp-json\/wp\/v2\/types\/post"}],"author":[{"embeddable":true,"href":"https:\/\/diariotextual.com\/inicio\/index.php\/wp-json\/wp\/v2\/users\/7"}],"replies":[{"embeddable":true,"href":"https:\/\/diariotextual.com\/inicio\/index.php\/wp-json\/wp\/v2\/comments?post=167408"}],"version-history":[{"count":3,"href":"https:\/\/diariotextual.com\/inicio\/index.php\/wp-json\/wp\/v2\/posts\/167408\/revisions"}],"predecessor-version":[{"id":167419,"href":"https:\/\/diariotextual.com\/inicio\/index.php\/wp-json\/wp\/v2\/posts\/167408\/revisions\/167419"}],"wp:featuredmedia":[{"embeddable":true,"href":"https:\/\/diariotextual.com\/inicio\/index.php\/wp-json\/wp\/v2\/media\/167417"}],"wp:attachment":[{"href":"https:\/\/diariotextual.com\/inicio\/index.php\/wp-json\/wp\/v2\/media?parent=167408"}],"wp:term":[{"taxonomy":"category","embeddable":true,"href":"https:\/\/diariotextual.com\/inicio\/index.php\/wp-json\/wp\/v2\/categories?post=167408"},{"taxonomy":"post_tag","embeddable":true,"href":"https:\/\/diariotextual.com\/inicio\/index.php\/wp-json\/wp\/v2\/tags?post=167408"}],"curies":[{"name":"wp","href":"https:\/\/api.w.org\/{rel}","templated":true}]}}