{"id":167695,"date":"2021-11-04T22:41:00","date_gmt":"2021-11-05T01:41:00","guid":{"rendered":"https:\/\/diariotextual.com\/inicio\/?p=167695"},"modified":"2021-11-05T06:01:05","modified_gmt":"2021-11-05T09:01:05","slug":"larreta-en-pico-no-veo-razones-para-que-la-gente-cambie-el-voto","status":"publish","type":"post","link":"https:\/\/diariotextual.com\/inicio\/index.php\/2021\/11\/04\/larreta-en-pico-no-veo-razones-para-que-la-gente-cambie-el-voto\/","title":{"rendered":"Larreta en La Pampa: \u201cNo veo razones para que la gente cambie el voto\u201d"},"content":{"rendered":"\n<p>Horacio Rodriguez Larreta, Martin Lousteau y Maximiliano Ferraro visitaron la provincia de La Pampa en apoyo a los candidatos Daniel Kroneberger y Martin Maquieyra.<\/p>\n\n\n\n<p>Recorrieron las localidades de General Pico y Santa Rosa acompa\u00f1ados de vecinos y el equipo de Juntos por el Cambio en La Pampa. En General Pico visitaron una empresa y recorrieron el centro adem\u00e1s de realizar una charla abierta junto a vecinos. En Santa Rosa dieron una charla.<\/p>\n\n\n\n<p>El jefe de gobierno de la Ciudad Aut\u00f3noma de Buenos Aires dijo, en una conferencia en Pico, que no ve \u201crazones para que la gente cambie el voto\u201d el 14 de noviembre. Confi\u00f3 que se puede ampliar la diferencia con el Frente de Todos que se obtuvo en las PASO.<\/p>\n\n\n\n<p>Larreta lleg\u00f3 a Pico con el senador radical <strong>Mart\u00edn Lousteau,<\/strong> con el fin de apuntalar las candidaturas de Juntos por el Cambio frente a la <strong><a href=\"https:\/\/diariotextual.com\/inicio\/index.php\/2021\/11\/03\/plan-remontada-ziliotto-pidio-a-los-intendentes-dejar-de-lado-la-interna-y-un-esfuerzo-mas\/\" target=\"_blank\" rel=\"noreferrer noopener\">remontada que se observa en las encuestas del Frente de Todos.<\/a><\/strong> Brindaron una conferencia de prensa en un hotel c\u00e9ntrico junto al candidato a senador Daniel Kroneberger y el candidato a diputado, Mart\u00edn Maquieyra.<\/p>\n\n\n\n<p>El jefe de Gobierno porte\u00f1o habl\u00f3 muy poco. Dijo que no cree que el electorado vote distinto a como vot\u00f3 en las Primarias Abiertas Simult\u00e1neas y Obligatorias y al referirse a la situaci\u00f3n pol\u00edtica y econ\u00f3mica sostuvo que <strong>\u201cno se percibe ninguna vocaci\u00f3n de di\u00e1logo\u201d<\/strong> del Gobierno de Alberto Fern\u00e1ndez y recalc\u00f3 que <strong>\u201ces necesario promover la producci\u00f3n y el crecimiento, que se exporte m\u00e1s\u201d<\/strong>. Opin\u00f3 que <strong>\u201cno sirve el control de precios compulsivo\u201d <\/strong>para bajar el precio de los alimentos.<\/p>\n\n\n\n<p><strong>\u201cLa Pampa es realmente protagonista en esta elecci\u00f3n, aqu\u00ed se define si Cristina Kirchner seguir\u00e1 teniendo qu\u00f3rum propio y autom\u00e1tico\u201d<\/strong>, dijo. <\/p>\n\n\n\n<p><strong>\u201cLos argentinos en las PASO dijeron basta. Dijeron basta de desempleo, basta de aulas cerradas, basta de inflaci\u00f3n, basta de inseguridad\u201d<\/strong>, agreg\u00f3. <\/p>\n\n\n\n<p>Lousteau, en tanto, dijo que la elecci\u00f3n en La Pampa <strong>\u201ces sumamente importante para lograr el equilibrio\u201d<\/strong> en el Congreso y critic\u00f3 las medidas que tom\u00f3 el Gobierno despu\u00e9s de las PASO. <strong>\u201cEs volver al pasado que ya no funcion\u00f3\u201d<\/strong>, dijo.<\/p>\n\n\n\n<p>En las Primarias Abiertas Simult\u00e1neas y Obligatorias (PASO) de septiembre,&nbsp;las cinco listas de JxC le sacaron 20 mil votos de diferencia a los postulantes del Frente de Todos. Una cifra similar a la de 2017 que, finalmente, el PJ logr\u00f3 dar vuelta por solo 76 votos.<\/p>\n\n\n\n<p>El macrismo-radicalismo ahora est\u00e1 ante la posibilidad de sacarle un senador clave y dejar sin qu\u00f3rum propio a Cristina Fern\u00e1ndez en la C\u00e1mara Alta.<\/p>\n\n\n\n<p>Por lo pronto&nbsp;en el peronismo han iniciado un operativo para intentar la remontada, como hace cuatro a\u00f1os. Sin embargo,&nbsp;muestras fisuras: hay una guerra interna dentro de la l\u00ednea Plural, que podr\u00eda terminar beneficiando a Juntos por el Cambio.<\/p>\n","protected":false},"excerpt":{"rendered":"<p>Horacio Rodriguez Larreta, Martin Lousteau y Maximiliano Ferraro visitaron la provincia de La Pampa en apoyo a los candidatos Daniel Kroneberger y Martin Maquieyra. Recorrieron las localidades de General Pico&hellip;<\/p>\n","protected":false},"author":7,"featured_media":167769,"comment_status":"closed","ping_status":"open","sticky":false,"template":"","format":"standard","meta":{"_acf_changed":false,"footnotes":""},"categories":[10,8],"tags":[],"class_list":["post-167695","post","type-post","status-publish","format-standard","has-post-thumbnail","hentry","category-portada-2","category-politica"],"acf":[],"yoast_head":"<!-- This site is optimized with the Yoast SEO plugin v27.5 - https:\/\/yoast.com\/product\/yoast-seo-wordpress\/ -->\n<title>Larreta en La Pampa: \u201cNo veo razones para que la gente cambie el voto\u201d - Diario Textual<\/title>\n<meta name=\"robots\" content=\"index, follow, max-snippet:-1, max-image-preview:large, max-video-preview:-1\" \/>\n<link rel=\"canonical\" href=\"https:\/\/diariotextual.com\/inicio\/index.php\/2021\/11\/04\/larreta-en-pico-no-veo-razones-para-que-la-gente-cambie-el-voto\/\" \/>\n<meta property=\"og:locale\" content=\"es_ES\" \/>\n<meta property=\"og:type\" content=\"article\" \/>\n<meta property=\"og:title\" content=\"Larreta en La Pampa: \u201cNo veo razones para que la gente cambie el voto\u201d - Diario Textual\" \/>\n<meta property=\"og:description\" content=\"Horacio Rodriguez Larreta, Martin Lousteau y Maximiliano Ferraro visitaron la provincia de La Pampa en apoyo a los candidatos Daniel Kroneberger y Martin Maquieyra. Recorrieron las localidades de General Pico&hellip;\" \/>\n<meta property=\"og:url\" content=\"https:\/\/diariotextual.com\/inicio\/index.php\/2021\/11\/04\/larreta-en-pico-no-veo-razones-para-que-la-gente-cambie-el-voto\/\" \/>\n<meta property=\"og:site_name\" content=\"Diario Textual\" \/>\n<meta property=\"article:publisher\" content=\"https:\/\/www.facebook.com\/eltextual\" \/>\n<meta property=\"article:published_time\" content=\"2021-11-05T01:41:00+00:00\" \/>\n<meta property=\"article:modified_time\" content=\"2021-11-05T09:01:05+00:00\" \/>\n<meta property=\"og:image\" content=\"https:\/\/diariotextual.com\/inicio\/wp-content\/uploads\/2021\/11\/rodriguezlarretahoraciosantarosa2021-1.jpeg\" \/>\n\t<meta property=\"og:image:width\" content=\"1600\" \/>\n\t<meta property=\"og:image:height\" content=\"1068\" \/>\n\t<meta property=\"og:image:type\" content=\"image\/jpeg\" \/>\n<meta name=\"author\" content=\"diario5\" \/>\n<meta name=\"twitter:card\" content=\"summary_large_image\" \/>\n<meta name=\"twitter:creator\" content=\"@eltextual\" \/>\n<meta name=\"twitter:site\" content=\"@eltextual\" \/>\n<meta name=\"twitter:label1\" content=\"Escrito por\" \/>\n\t<meta name=\"twitter:data1\" content=\"diario5\" \/>\n\t<meta name=\"twitter:label2\" content=\"Tiempo de lectura\" \/>\n\t<meta name=\"twitter:data2\" content=\"2 minutos\" \/>\n<script type=\"application\/ld+json\" class=\"yoast-schema-graph\">{\"@context\":\"https:\\\/\\\/schema.org\",\"@graph\":[{\"@type\":\"Article\",\"@id\":\"https:\\\/\\\/diariotextual.com\\\/inicio\\\/index.php\\\/2021\\\/11\\\/04\\\/larreta-en-pico-no-veo-razones-para-que-la-gente-cambie-el-voto\\\/#article\",\"isPartOf\":{\"@id\":\"https:\\\/\\\/diariotextual.com\\\/inicio\\\/index.php\\\/2021\\\/11\\\/04\\\/larreta-en-pico-no-veo-razones-para-que-la-gente-cambie-el-voto\\\/\"},\"author\":{\"name\":\"diario5\",\"@id\":\"https:\\\/\\\/diariotextual.com\\\/inicio\\\/#\\\/schema\\\/person\\\/c7834961ad8b29b1d9cdbf4571299067\"},\"headline\":\"Larreta en La Pampa: \u201cNo veo razones para que la gente cambie el voto\u201d\",\"datePublished\":\"2021-11-05T01:41:00+00:00\",\"dateModified\":\"2021-11-05T09:01:05+00:00\",\"mainEntityOfPage\":{\"@id\":\"https:\\\/\\\/diariotextual.com\\\/inicio\\\/index.php\\\/2021\\\/11\\\/04\\\/larreta-en-pico-no-veo-razones-para-que-la-gente-cambie-el-voto\\\/\"},\"wordCount\":499,\"publisher\":{\"@id\":\"https:\\\/\\\/diariotextual.com\\\/inicio\\\/#organization\"},\"image\":{\"@id\":\"https:\\\/\\\/diariotextual.com\\\/inicio\\\/index.php\\\/2021\\\/11\\\/04\\\/larreta-en-pico-no-veo-razones-para-que-la-gente-cambie-el-voto\\\/#primaryimage\"},\"thumbnailUrl\":\"https:\\\/\\\/diariotextual.com\\\/inicio\\\/wp-content\\\/uploads\\\/2021\\\/11\\\/rodriguezlarretahoraciosantarosa2021-1.jpeg\",\"articleSection\":[\"A - PORTADA2\",\"POLITICA\"],\"inLanguage\":\"es\"},{\"@type\":\"WebPage\",\"@id\":\"https:\\\/\\\/diariotextual.com\\\/inicio\\\/index.php\\\/2021\\\/11\\\/04\\\/larreta-en-pico-no-veo-razones-para-que-la-gente-cambie-el-voto\\\/\",\"url\":\"https:\\\/\\\/diariotextual.com\\\/inicio\\\/index.php\\\/2021\\\/11\\\/04\\\/larreta-en-pico-no-veo-razones-para-que-la-gente-cambie-el-voto\\\/\",\"name\":\"Larreta en La Pampa: \u201cNo veo razones para que la gente cambie el voto\u201d - Diario Textual\",\"isPartOf\":{\"@id\":\"https:\\\/\\\/diariotextual.com\\\/inicio\\\/#website\"},\"primaryImageOfPage\":{\"@id\":\"https:\\\/\\\/diariotextual.com\\\/inicio\\\/index.php\\\/2021\\\/11\\\/04\\\/larreta-en-pico-no-veo-razones-para-que-la-gente-cambie-el-voto\\\/#primaryimage\"},\"image\":{\"@id\":\"https:\\\/\\\/diariotextual.com\\\/inicio\\\/index.php\\\/2021\\\/11\\\/04\\\/larreta-en-pico-no-veo-razones-para-que-la-gente-cambie-el-voto\\\/#primaryimage\"},\"thumbnailUrl\":\"https:\\\/\\\/diariotextual.com\\\/inicio\\\/wp-content\\\/uploads\\\/2021\\\/11\\\/rodriguezlarretahoraciosantarosa2021-1.jpeg\",\"datePublished\":\"2021-11-05T01:41:00+00:00\",\"dateModified\":\"2021-11-05T09:01:05+00:00\",\"breadcrumb\":{\"@id\":\"https:\\\/\\\/diariotextual.com\\\/inicio\\\/index.php\\\/2021\\\/11\\\/04\\\/larreta-en-pico-no-veo-razones-para-que-la-gente-cambie-el-voto\\\/#breadcrumb\"},\"inLanguage\":\"es\",\"potentialAction\":[{\"@type\":\"ReadAction\",\"target\":[\"https:\\\/\\\/diariotextual.com\\\/inicio\\\/index.php\\\/2021\\\/11\\\/04\\\/larreta-en-pico-no-veo-razones-para-que-la-gente-cambie-el-voto\\\/\"]}]},{\"@type\":\"ImageObject\",\"inLanguage\":\"es\",\"@id\":\"https:\\\/\\\/diariotextual.com\\\/inicio\\\/index.php\\\/2021\\\/11\\\/04\\\/larreta-en-pico-no-veo-razones-para-que-la-gente-cambie-el-voto\\\/#primaryimage\",\"url\":\"https:\\\/\\\/diariotextual.com\\\/inicio\\\/wp-content\\\/uploads\\\/2021\\\/11\\\/rodriguezlarretahoraciosantarosa2021-1.jpeg\",\"contentUrl\":\"https:\\\/\\\/diariotextual.com\\\/inicio\\\/wp-content\\\/uploads\\\/2021\\\/11\\\/rodriguezlarretahoraciosantarosa2021-1.jpeg\",\"width\":1600,\"height\":1068},{\"@type\":\"BreadcrumbList\",\"@id\":\"https:\\\/\\\/diariotextual.com\\\/inicio\\\/index.php\\\/2021\\\/11\\\/04\\\/larreta-en-pico-no-veo-razones-para-que-la-gente-cambie-el-voto\\\/#breadcrumb\",\"itemListElement\":[{\"@type\":\"ListItem\",\"position\":1,\"name\":\"Portada\",\"item\":\"https:\\\/\\\/diariotextual.com\\\/inicio\\\/\"},{\"@type\":\"ListItem\",\"position\":2,\"name\":\"Larreta en La Pampa: \u201cNo veo razones para que la gente cambie el voto\u201d\"}]},{\"@type\":\"WebSite\",\"@id\":\"https:\\\/\\\/diariotextual.com\\\/inicio\\\/#website\",\"url\":\"https:\\\/\\\/diariotextual.com\\\/inicio\\\/\",\"name\":\"Diario Textual\",\"description\":\"\",\"publisher\":{\"@id\":\"https:\\\/\\\/diariotextual.com\\\/inicio\\\/#organization\"},\"potentialAction\":[{\"@type\":\"SearchAction\",\"target\":{\"@type\":\"EntryPoint\",\"urlTemplate\":\"https:\\\/\\\/diariotextual.com\\\/inicio\\\/?s={search_term_string}\"},\"query-input\":{\"@type\":\"PropertyValueSpecification\",\"valueRequired\":true,\"valueName\":\"search_term_string\"}}],\"inLanguage\":\"es\"},{\"@type\":\"Organization\",\"@id\":\"https:\\\/\\\/diariotextual.com\\\/inicio\\\/#organization\",\"name\":\"Diario Textual\",\"url\":\"https:\\\/\\\/diariotextual.com\\\/inicio\\\/\",\"logo\":{\"@type\":\"ImageObject\",\"inLanguage\":\"es\",\"@id\":\"https:\\\/\\\/diariotextual.com\\\/inicio\\\/#\\\/schema\\\/logo\\\/image\\\/\",\"url\":\"https:\\\/\\\/diariotextual.com\\\/inicio\\\/wp-content\\\/uploads\\\/2023\\\/05\\\/logotextual1.jpg\",\"contentUrl\":\"https:\\\/\\\/diariotextual.com\\\/inicio\\\/wp-content\\\/uploads\\\/2023\\\/05\\\/logotextual1.jpg\",\"width\":516,\"height\":76,\"caption\":\"Diario Textual\"},\"image\":{\"@id\":\"https:\\\/\\\/diariotextual.com\\\/inicio\\\/#\\\/schema\\\/logo\\\/image\\\/\"},\"sameAs\":[\"https:\\\/\\\/www.facebook.com\\\/eltextual\",\"https:\\\/\\\/x.com\\\/eltextual\",\"http:\\\/\\\/www.instagram.com\\\/eltextual\"]},{\"@type\":\"Person\",\"@id\":\"https:\\\/\\\/diariotextual.com\\\/inicio\\\/#\\\/schema\\\/person\\\/c7834961ad8b29b1d9cdbf4571299067\",\"name\":\"diario5\",\"image\":{\"@type\":\"ImageObject\",\"inLanguage\":\"es\",\"@id\":\"https:\\\/\\\/secure.gravatar.com\\\/avatar\\\/948c893b847ca6df68216ead81b63f363408ec9b0f600fefc0641ce78613b111?s=96&d=mm&r=g\",\"url\":\"https:\\\/\\\/secure.gravatar.com\\\/avatar\\\/948c893b847ca6df68216ead81b63f363408ec9b0f600fefc0641ce78613b111?s=96&d=mm&r=g\",\"contentUrl\":\"https:\\\/\\\/secure.gravatar.com\\\/avatar\\\/948c893b847ca6df68216ead81b63f363408ec9b0f600fefc0641ce78613b111?s=96&d=mm&r=g\",\"caption\":\"diario5\"},\"url\":\"https:\\\/\\\/diariotextual.com\\\/inicio\\\/index.php\\\/author\\\/diario5\\\/\"}]}<\/script>\n<!-- \/ Yoast SEO plugin. -->","yoast_head_json":{"title":"Larreta en La Pampa: \u201cNo veo razones para que la gente cambie el voto\u201d - Diario Textual","robots":{"index":"index","follow":"follow","max-snippet":"max-snippet:-1","max-image-preview":"max-image-preview:large","max-video-preview":"max-video-preview:-1"},"canonical":"https:\/\/diariotextual.com\/inicio\/index.php\/2021\/11\/04\/larreta-en-pico-no-veo-razones-para-que-la-gente-cambie-el-voto\/","og_locale":"es_ES","og_type":"article","og_title":"Larreta en La Pampa: \u201cNo veo razones para que la gente cambie el voto\u201d - Diario Textual","og_description":"Horacio Rodriguez Larreta, Martin Lousteau y Maximiliano Ferraro visitaron la provincia de La Pampa en apoyo a los candidatos Daniel Kroneberger y Martin Maquieyra. Recorrieron las localidades de General Pico&hellip;","og_url":"https:\/\/diariotextual.com\/inicio\/index.php\/2021\/11\/04\/larreta-en-pico-no-veo-razones-para-que-la-gente-cambie-el-voto\/","og_site_name":"Diario Textual","article_publisher":"https:\/\/www.facebook.com\/eltextual","article_published_time":"2021-11-05T01:41:00+00:00","article_modified_time":"2021-11-05T09:01:05+00:00","og_image":[{"width":1600,"height":1068,"url":"https:\/\/diariotextual.com\/inicio\/wp-content\/uploads\/2021\/11\/rodriguezlarretahoraciosantarosa2021-1.jpeg","type":"image\/jpeg"}],"author":"diario5","twitter_card":"summary_large_image","twitter_creator":"@eltextual","twitter_site":"@eltextual","twitter_misc":{"Escrito por":"diario5","Tiempo de lectura":"2 minutos"},"schema":{"@context":"https:\/\/schema.org","@graph":[{"@type":"Article","@id":"https:\/\/diariotextual.com\/inicio\/index.php\/2021\/11\/04\/larreta-en-pico-no-veo-razones-para-que-la-gente-cambie-el-voto\/#article","isPartOf":{"@id":"https:\/\/diariotextual.com\/inicio\/index.php\/2021\/11\/04\/larreta-en-pico-no-veo-razones-para-que-la-gente-cambie-el-voto\/"},"author":{"name":"diario5","@id":"https:\/\/diariotextual.com\/inicio\/#\/schema\/person\/c7834961ad8b29b1d9cdbf4571299067"},"headline":"Larreta en La Pampa: \u201cNo veo razones para que la gente cambie el voto\u201d","datePublished":"2021-11-05T01:41:00+00:00","dateModified":"2021-11-05T09:01:05+00:00","mainEntityOfPage":{"@id":"https:\/\/diariotextual.com\/inicio\/index.php\/2021\/11\/04\/larreta-en-pico-no-veo-razones-para-que-la-gente-cambie-el-voto\/"},"wordCount":499,"publisher":{"@id":"https:\/\/diariotextual.com\/inicio\/#organization"},"image":{"@id":"https:\/\/diariotextual.com\/inicio\/index.php\/2021\/11\/04\/larreta-en-pico-no-veo-razones-para-que-la-gente-cambie-el-voto\/#primaryimage"},"thumbnailUrl":"https:\/\/diariotextual.com\/inicio\/wp-content\/uploads\/2021\/11\/rodriguezlarretahoraciosantarosa2021-1.jpeg","articleSection":["A - PORTADA2","POLITICA"],"inLanguage":"es"},{"@type":"WebPage","@id":"https:\/\/diariotextual.com\/inicio\/index.php\/2021\/11\/04\/larreta-en-pico-no-veo-razones-para-que-la-gente-cambie-el-voto\/","url":"https:\/\/diariotextual.com\/inicio\/index.php\/2021\/11\/04\/larreta-en-pico-no-veo-razones-para-que-la-gente-cambie-el-voto\/","name":"Larreta en La Pampa: \u201cNo veo razones para que la gente cambie el voto\u201d - Diario Textual","isPartOf":{"@id":"https:\/\/diariotextual.com\/inicio\/#website"},"primaryImageOfPage":{"@id":"https:\/\/diariotextual.com\/inicio\/index.php\/2021\/11\/04\/larreta-en-pico-no-veo-razones-para-que-la-gente-cambie-el-voto\/#primaryimage"},"image":{"@id":"https:\/\/diariotextual.com\/inicio\/index.php\/2021\/11\/04\/larreta-en-pico-no-veo-razones-para-que-la-gente-cambie-el-voto\/#primaryimage"},"thumbnailUrl":"https:\/\/diariotextual.com\/inicio\/wp-content\/uploads\/2021\/11\/rodriguezlarretahoraciosantarosa2021-1.jpeg","datePublished":"2021-11-05T01:41:00+00:00","dateModified":"2021-11-05T09:01:05+00:00","breadcrumb":{"@id":"https:\/\/diariotextual.com\/inicio\/index.php\/2021\/11\/04\/larreta-en-pico-no-veo-razones-para-que-la-gente-cambie-el-voto\/#breadcrumb"},"inLanguage":"es","potentialAction":[{"@type":"ReadAction","target":["https:\/\/diariotextual.com\/inicio\/index.php\/2021\/11\/04\/larreta-en-pico-no-veo-razones-para-que-la-gente-cambie-el-voto\/"]}]},{"@type":"ImageObject","inLanguage":"es","@id":"https:\/\/diariotextual.com\/inicio\/index.php\/2021\/11\/04\/larreta-en-pico-no-veo-razones-para-que-la-gente-cambie-el-voto\/#primaryimage","url":"https:\/\/diariotextual.com\/inicio\/wp-content\/uploads\/2021\/11\/rodriguezlarretahoraciosantarosa2021-1.jpeg","contentUrl":"https:\/\/diariotextual.com\/inicio\/wp-content\/uploads\/2021\/11\/rodriguezlarretahoraciosantarosa2021-1.jpeg","width":1600,"height":1068},{"@type":"BreadcrumbList","@id":"https:\/\/diariotextual.com\/inicio\/index.php\/2021\/11\/04\/larreta-en-pico-no-veo-razones-para-que-la-gente-cambie-el-voto\/#breadcrumb","itemListElement":[{"@type":"ListItem","position":1,"name":"Portada","item":"https:\/\/diariotextual.com\/inicio\/"},{"@type":"ListItem","position":2,"name":"Larreta en La Pampa: \u201cNo veo razones para que la gente cambie el voto\u201d"}]},{"@type":"WebSite","@id":"https:\/\/diariotextual.com\/inicio\/#website","url":"https:\/\/diariotextual.com\/inicio\/","name":"Diario Textual","description":"","publisher":{"@id":"https:\/\/diariotextual.com\/inicio\/#organization"},"potentialAction":[{"@type":"SearchAction","target":{"@type":"EntryPoint","urlTemplate":"https:\/\/diariotextual.com\/inicio\/?s={search_term_string}"},"query-input":{"@type":"PropertyValueSpecification","valueRequired":true,"valueName":"search_term_string"}}],"inLanguage":"es"},{"@type":"Organization","@id":"https:\/\/diariotextual.com\/inicio\/#organization","name":"Diario Textual","url":"https:\/\/diariotextual.com\/inicio\/","logo":{"@type":"ImageObject","inLanguage":"es","@id":"https:\/\/diariotextual.com\/inicio\/#\/schema\/logo\/image\/","url":"https:\/\/diariotextual.com\/inicio\/wp-content\/uploads\/2023\/05\/logotextual1.jpg","contentUrl":"https:\/\/diariotextual.com\/inicio\/wp-content\/uploads\/2023\/05\/logotextual1.jpg","width":516,"height":76,"caption":"Diario Textual"},"image":{"@id":"https:\/\/diariotextual.com\/inicio\/#\/schema\/logo\/image\/"},"sameAs":["https:\/\/www.facebook.com\/eltextual","https:\/\/x.com\/eltextual","http:\/\/www.instagram.com\/eltextual"]},{"@type":"Person","@id":"https:\/\/diariotextual.com\/inicio\/#\/schema\/person\/c7834961ad8b29b1d9cdbf4571299067","name":"diario5","image":{"@type":"ImageObject","inLanguage":"es","@id":"https:\/\/secure.gravatar.com\/avatar\/948c893b847ca6df68216ead81b63f363408ec9b0f600fefc0641ce78613b111?s=96&d=mm&r=g","url":"https:\/\/secure.gravatar.com\/avatar\/948c893b847ca6df68216ead81b63f363408ec9b0f600fefc0641ce78613b111?s=96&d=mm&r=g","contentUrl":"https:\/\/secure.gravatar.com\/avatar\/948c893b847ca6df68216ead81b63f363408ec9b0f600fefc0641ce78613b111?s=96&d=mm&r=g","caption":"diario5"},"url":"https:\/\/diariotextual.com\/inicio\/index.php\/author\/diario5\/"}]}},"_links":{"self":[{"href":"https:\/\/diariotextual.com\/inicio\/index.php\/wp-json\/wp\/v2\/posts\/167695","targetHints":{"allow":["GET"]}}],"collection":[{"href":"https:\/\/diariotextual.com\/inicio\/index.php\/wp-json\/wp\/v2\/posts"}],"about":[{"href":"https:\/\/diariotextual.com\/inicio\/index.php\/wp-json\/wp\/v2\/types\/post"}],"author":[{"embeddable":true,"href":"https:\/\/diariotextual.com\/inicio\/index.php\/wp-json\/wp\/v2\/users\/7"}],"replies":[{"embeddable":true,"href":"https:\/\/diariotextual.com\/inicio\/index.php\/wp-json\/wp\/v2\/comments?post=167695"}],"version-history":[{"count":11,"href":"https:\/\/diariotextual.com\/inicio\/index.php\/wp-json\/wp\/v2\/posts\/167695\/revisions"}],"predecessor-version":[{"id":167770,"href":"https:\/\/diariotextual.com\/inicio\/index.php\/wp-json\/wp\/v2\/posts\/167695\/revisions\/167770"}],"wp:featuredmedia":[{"embeddable":true,"href":"https:\/\/diariotextual.com\/inicio\/index.php\/wp-json\/wp\/v2\/media\/167769"}],"wp:attachment":[{"href":"https:\/\/diariotextual.com\/inicio\/index.php\/wp-json\/wp\/v2\/media?parent=167695"}],"wp:term":[{"taxonomy":"category","embeddable":true,"href":"https:\/\/diariotextual.com\/inicio\/index.php\/wp-json\/wp\/v2\/categories?post=167695"},{"taxonomy":"post_tag","embeddable":true,"href":"https:\/\/diariotextual.com\/inicio\/index.php\/wp-json\/wp\/v2\/tags?post=167695"}],"curies":[{"name":"wp","href":"https:\/\/api.w.org\/{rel}","templated":true}]}}