{"id":167801,"date":"2021-11-05T08:52:19","date_gmt":"2021-11-05T11:52:19","guid":{"rendered":"https:\/\/diariotextual.com\/inicio\/?p=167801"},"modified":"2021-11-05T10:27:06","modified_gmt":"2021-11-05T13:27:06","slug":"presentan-nosotras-en-libertad-un-libro-web-de-200-expresas-politicas","status":"publish","type":"post","link":"https:\/\/diariotextual.com\/inicio\/index.php\/2021\/11\/05\/presentan-nosotras-en-libertad-un-libro-web-de-200-expresas-politicas\/","title":{"rendered":"Presentan \u201cNosotras en Libertad\u201d, un libro web de 200 expresas pol\u00edticas"},"content":{"rendered":"\n<p>En el concejo deliberante de Santa Rosa se presentar\u00e1 este s\u00e1bado 6 desde las 18 horas <strong>\u201cNosotras en Libertad\u201d, un libro web de 200 expresas pol\u00edticas<\/strong>.<\/p>\n\n\n\n<p>Este evento es realizado en un marco de colaboraci\u00f3n entre dos de sus autoras, Marta Candia y Cristina Ercoli, y la presidenta del cuerpo deliberativo, Paula Grotto.<\/p>\n\n\n\n<p>Como panelistas, formar\u00e1n parte de esta presentaci\u00f3n las periodistas Felicitas Bonavitta y Cintia Alcaraz, quienes comentar\u00e1n el libro web.<\/p>\n\n\n\n<p>En la presentaci\u00f3n, que contar\u00e1 con los protocolos sanitarios vigentes, acompa\u00f1ar\u00e1n art\u00edsticamente Magal\u00ed Gigena, Rosario Torres; Juani de Pian y Pamela D\u00edaz, Guillermina Gavazza y Bel\u00e9n Mart\u00ednez.<\/p>\n\n\n\n<p><strong>El libro web fue impulsado y realizado por la Colectiva de Ex Presas Pol\u00edticas, y re\u00fane testimonios, fotos y v\u00eddeos de alrededor de 200 autoras que narran en primera persona sus vidas en libertad.<\/strong> Est\u00e1 disponible de manera gratuita a trav\u00e9s de la web www.nosotrasenlibertad.com.<\/p>\n\n\n\n<iframe width=\"560\" height=\"315\" src=\"https:\/\/www.youtube.com\/embed\/vmgtisQ6kQs\" title=\"YouTube video player\" frameborder=\"0\" allow=\"accelerometer; autoplay; clipboard-write; encrypted-media; gyroscope; picture-in-picture\" allowfullscreen=\"\"><\/iframe>\n\n\n\n<p>\u201cTodas somos conscientes que el movimiento de mujeres en Argentina ha ayudado a tejer, no sin dolor y l\u00e1grimas, una agenda llena de transformaciones pol\u00edticas y culturales trascendentales que repercuten en todos los \u00e1mbitos de la sociedad argentina. Y a\u00fan podemos afirmar en el mundo, desde la fuerza y la resistencia de las Madres y Abuelas de Plaza de Mayo, hasta las leyes como la de Identidad de G\u00e9nero y el Matrimonio Civil entre personas de igual sexo y g\u00e9neros\u201d, dice \u00c9rcoli en su relato que forma parte de este proyecto.<\/p>\n\n\n\n<p>Candia, en tanto expresa que \u201c(\u2026) Mi nieta, a sus once a\u00f1os me interrog\u00f3 una noche -mientras prepar\u00e1bamos la cena y en la charla de sobremesa-, sobre mi militancia, la c\u00e1rcel, el amor y la historia, as\u00ed como vienen mezclados los temas y abriendo ventanas que no se cierran.<\/p>\n\n\n\n<p>A\u00f1os despu\u00e9s, en el ingreso a la secundaria, durante la Semana de la Memoria y ante la pregunta de la profesora sobre: \u201c\u00bfQui\u00e9n sabe qu\u00e9 pas\u00f3 el 24 de marzo?\u201d, mi nieta levant\u00f3 la mano y dijo: \u2018Yo s\u00e9 qu\u00e9 sucedi\u00f3, porque mi abuela siempre nos lleva a las marchas ese d\u00eda\u201d.<\/p>\n\n\n\n<p>Dice el pr\u00f3logo, a cargo de Mariana Fern\u00e1ndez y Diego Slagter que \u201cNosotras en libertad\u00bb es un canto de esperanza, es una caricia que cura, es una ronda de amigas, es un abrazo que repara. <strong>Este libro es la presencia de los 30.000 compa\u00f1erxs que no est\u00e1n, de la impunidad que debemos seguir combatiendo, de las injusticias que se siguen sucediendo. Este libro es un motor que nunca dej\u00f3 de latir\u201d<\/strong>.<\/p>\n\n\n\n<figure class=\"wp-block-image size-large is-resized\"><img fetchpriority=\"high\" decoding=\"async\" src=\"https:\/\/diariotextual.com\/inicio\/wp-content\/uploads\/2021\/11\/nosotrasenlibertad3523-819x1024.jpg\" alt=\"\" class=\"wp-image-167804\" width=\"721\" height=\"902\" srcset=\"https:\/\/diariotextual.com\/inicio\/wp-content\/uploads\/2021\/11\/nosotrasenlibertad3523-819x1024.jpg 819w, https:\/\/diariotextual.com\/inicio\/wp-content\/uploads\/2021\/11\/nosotrasenlibertad3523-240x300.jpg 240w, https:\/\/diariotextual.com\/inicio\/wp-content\/uploads\/2021\/11\/nosotrasenlibertad3523-768x960.jpg 768w, https:\/\/diariotextual.com\/inicio\/wp-content\/uploads\/2021\/11\/nosotrasenlibertad3523-585x731.jpg 585w, https:\/\/diariotextual.com\/inicio\/wp-content\/uploads\/2021\/11\/nosotrasenlibertad3523.jpg 1024w\" sizes=\"(max-width: 721px) 100vw, 721px\" \/><\/figure>\n","protected":false},"excerpt":{"rendered":"<p>En el concejo deliberante de Santa Rosa se presentar\u00e1 este s\u00e1bado 6 desde las 18 horas \u201cNosotras en Libertad\u201d, un libro web de 200 expresas pol\u00edticas. Este evento es realizado&hellip;<\/p>\n","protected":false},"author":4,"featured_media":167805,"comment_status":"closed","ping_status":"open","sticky":false,"template":"","format":"standard","meta":{"_acf_changed":false,"footnotes":""},"categories":[10,8],"tags":[],"class_list":["post-167801","post","type-post","status-publish","format-standard","has-post-thumbnail","hentry","category-portada-2","category-politica"],"acf":[],"yoast_head":"<!-- This site is optimized with the Yoast SEO plugin v27.5 - https:\/\/yoast.com\/product\/yoast-seo-wordpress\/ -->\n<title>Presentan \u201cNosotras en Libertad\u201d, un libro web de 200 expresas pol\u00edticas - Diario Textual<\/title>\n<meta name=\"robots\" content=\"index, follow, max-snippet:-1, max-image-preview:large, max-video-preview:-1\" \/>\n<link rel=\"canonical\" href=\"https:\/\/diariotextual.com\/inicio\/index.php\/2021\/11\/05\/presentan-nosotras-en-libertad-un-libro-web-de-200-expresas-politicas\/\" \/>\n<meta property=\"og:locale\" content=\"es_ES\" \/>\n<meta property=\"og:type\" content=\"article\" \/>\n<meta property=\"og:title\" content=\"Presentan \u201cNosotras en Libertad\u201d, un libro web de 200 expresas pol\u00edticas - Diario Textual\" \/>\n<meta property=\"og:description\" content=\"En el concejo deliberante de Santa Rosa se presentar\u00e1 este s\u00e1bado 6 desde las 18 horas \u201cNosotras en Libertad\u201d, un libro web de 200 expresas pol\u00edticas. Este evento es realizado&hellip;\" \/>\n<meta property=\"og:url\" content=\"https:\/\/diariotextual.com\/inicio\/index.php\/2021\/11\/05\/presentan-nosotras-en-libertad-un-libro-web-de-200-expresas-politicas\/\" \/>\n<meta property=\"og:site_name\" content=\"Diario Textual\" \/>\n<meta property=\"article:publisher\" content=\"https:\/\/www.facebook.com\/eltextual\" \/>\n<meta property=\"article:published_time\" content=\"2021-11-05T11:52:19+00:00\" \/>\n<meta property=\"article:modified_time\" content=\"2021-11-05T13:27:06+00:00\" \/>\n<meta property=\"og:image\" content=\"https:\/\/diariotextual.com\/inicio\/wp-content\/uploads\/2021\/11\/nosotrasenlibertad643274.jpg\" \/>\n\t<meta property=\"og:image:width\" content=\"874\" \/>\n\t<meta property=\"og:image:height\" content=\"491\" \/>\n\t<meta property=\"og:image:type\" content=\"image\/jpeg\" \/>\n<meta name=\"author\" content=\"diario2\" \/>\n<meta name=\"twitter:card\" content=\"summary_large_image\" \/>\n<meta name=\"twitter:creator\" content=\"@eltextual\" \/>\n<meta name=\"twitter:site\" content=\"@eltextual\" \/>\n<meta name=\"twitter:label1\" content=\"Escrito por\" \/>\n\t<meta name=\"twitter:data1\" content=\"diario2\" \/>\n\t<meta name=\"twitter:label2\" content=\"Tiempo de lectura\" \/>\n\t<meta name=\"twitter:data2\" content=\"2 minutos\" \/>\n<script type=\"application\/ld+json\" class=\"yoast-schema-graph\">{\"@context\":\"https:\\\/\\\/schema.org\",\"@graph\":[{\"@type\":\"Article\",\"@id\":\"https:\\\/\\\/diariotextual.com\\\/inicio\\\/index.php\\\/2021\\\/11\\\/05\\\/presentan-nosotras-en-libertad-un-libro-web-de-200-expresas-politicas\\\/#article\",\"isPartOf\":{\"@id\":\"https:\\\/\\\/diariotextual.com\\\/inicio\\\/index.php\\\/2021\\\/11\\\/05\\\/presentan-nosotras-en-libertad-un-libro-web-de-200-expresas-politicas\\\/\"},\"author\":{\"name\":\"diario2\",\"@id\":\"https:\\\/\\\/diariotextual.com\\\/inicio\\\/#\\\/schema\\\/person\\\/694f60677f23c4a530867a98f22b3768\"},\"headline\":\"Presentan \u201cNosotras en Libertad\u201d, un libro web de 200 expresas pol\u00edticas\",\"datePublished\":\"2021-11-05T11:52:19+00:00\",\"dateModified\":\"2021-11-05T13:27:06+00:00\",\"mainEntityOfPage\":{\"@id\":\"https:\\\/\\\/diariotextual.com\\\/inicio\\\/index.php\\\/2021\\\/11\\\/05\\\/presentan-nosotras-en-libertad-un-libro-web-de-200-expresas-politicas\\\/\"},\"wordCount\":446,\"publisher\":{\"@id\":\"https:\\\/\\\/diariotextual.com\\\/inicio\\\/#organization\"},\"image\":{\"@id\":\"https:\\\/\\\/diariotextual.com\\\/inicio\\\/index.php\\\/2021\\\/11\\\/05\\\/presentan-nosotras-en-libertad-un-libro-web-de-200-expresas-politicas\\\/#primaryimage\"},\"thumbnailUrl\":\"https:\\\/\\\/diariotextual.com\\\/inicio\\\/wp-content\\\/uploads\\\/2021\\\/11\\\/nosotrasenlibertad643274.jpg\",\"articleSection\":[\"A - PORTADA2\",\"POLITICA\"],\"inLanguage\":\"es\"},{\"@type\":\"WebPage\",\"@id\":\"https:\\\/\\\/diariotextual.com\\\/inicio\\\/index.php\\\/2021\\\/11\\\/05\\\/presentan-nosotras-en-libertad-un-libro-web-de-200-expresas-politicas\\\/\",\"url\":\"https:\\\/\\\/diariotextual.com\\\/inicio\\\/index.php\\\/2021\\\/11\\\/05\\\/presentan-nosotras-en-libertad-un-libro-web-de-200-expresas-politicas\\\/\",\"name\":\"Presentan \u201cNosotras en Libertad\u201d, un libro web de 200 expresas pol\u00edticas - Diario Textual\",\"isPartOf\":{\"@id\":\"https:\\\/\\\/diariotextual.com\\\/inicio\\\/#website\"},\"primaryImageOfPage\":{\"@id\":\"https:\\\/\\\/diariotextual.com\\\/inicio\\\/index.php\\\/2021\\\/11\\\/05\\\/presentan-nosotras-en-libertad-un-libro-web-de-200-expresas-politicas\\\/#primaryimage\"},\"image\":{\"@id\":\"https:\\\/\\\/diariotextual.com\\\/inicio\\\/index.php\\\/2021\\\/11\\\/05\\\/presentan-nosotras-en-libertad-un-libro-web-de-200-expresas-politicas\\\/#primaryimage\"},\"thumbnailUrl\":\"https:\\\/\\\/diariotextual.com\\\/inicio\\\/wp-content\\\/uploads\\\/2021\\\/11\\\/nosotrasenlibertad643274.jpg\",\"datePublished\":\"2021-11-05T11:52:19+00:00\",\"dateModified\":\"2021-11-05T13:27:06+00:00\",\"breadcrumb\":{\"@id\":\"https:\\\/\\\/diariotextual.com\\\/inicio\\\/index.php\\\/2021\\\/11\\\/05\\\/presentan-nosotras-en-libertad-un-libro-web-de-200-expresas-politicas\\\/#breadcrumb\"},\"inLanguage\":\"es\",\"potentialAction\":[{\"@type\":\"ReadAction\",\"target\":[\"https:\\\/\\\/diariotextual.com\\\/inicio\\\/index.php\\\/2021\\\/11\\\/05\\\/presentan-nosotras-en-libertad-un-libro-web-de-200-expresas-politicas\\\/\"]}]},{\"@type\":\"ImageObject\",\"inLanguage\":\"es\",\"@id\":\"https:\\\/\\\/diariotextual.com\\\/inicio\\\/index.php\\\/2021\\\/11\\\/05\\\/presentan-nosotras-en-libertad-un-libro-web-de-200-expresas-politicas\\\/#primaryimage\",\"url\":\"https:\\\/\\\/diariotextual.com\\\/inicio\\\/wp-content\\\/uploads\\\/2021\\\/11\\\/nosotrasenlibertad643274.jpg\",\"contentUrl\":\"https:\\\/\\\/diariotextual.com\\\/inicio\\\/wp-content\\\/uploads\\\/2021\\\/11\\\/nosotrasenlibertad643274.jpg\",\"width\":874,\"height\":491},{\"@type\":\"BreadcrumbList\",\"@id\":\"https:\\\/\\\/diariotextual.com\\\/inicio\\\/index.php\\\/2021\\\/11\\\/05\\\/presentan-nosotras-en-libertad-un-libro-web-de-200-expresas-politicas\\\/#breadcrumb\",\"itemListElement\":[{\"@type\":\"ListItem\",\"position\":1,\"name\":\"Portada\",\"item\":\"https:\\\/\\\/diariotextual.com\\\/inicio\\\/\"},{\"@type\":\"ListItem\",\"position\":2,\"name\":\"Presentan \u201cNosotras en Libertad\u201d, un libro web de 200 expresas pol\u00edticas\"}]},{\"@type\":\"WebSite\",\"@id\":\"https:\\\/\\\/diariotextual.com\\\/inicio\\\/#website\",\"url\":\"https:\\\/\\\/diariotextual.com\\\/inicio\\\/\",\"name\":\"Diario Textual\",\"description\":\"\",\"publisher\":{\"@id\":\"https:\\\/\\\/diariotextual.com\\\/inicio\\\/#organization\"},\"potentialAction\":[{\"@type\":\"SearchAction\",\"target\":{\"@type\":\"EntryPoint\",\"urlTemplate\":\"https:\\\/\\\/diariotextual.com\\\/inicio\\\/?s={search_term_string}\"},\"query-input\":{\"@type\":\"PropertyValueSpecification\",\"valueRequired\":true,\"valueName\":\"search_term_string\"}}],\"inLanguage\":\"es\"},{\"@type\":\"Organization\",\"@id\":\"https:\\\/\\\/diariotextual.com\\\/inicio\\\/#organization\",\"name\":\"Diario Textual\",\"url\":\"https:\\\/\\\/diariotextual.com\\\/inicio\\\/\",\"logo\":{\"@type\":\"ImageObject\",\"inLanguage\":\"es\",\"@id\":\"https:\\\/\\\/diariotextual.com\\\/inicio\\\/#\\\/schema\\\/logo\\\/image\\\/\",\"url\":\"https:\\\/\\\/diariotextual.com\\\/inicio\\\/wp-content\\\/uploads\\\/2023\\\/05\\\/logotextual1.jpg\",\"contentUrl\":\"https:\\\/\\\/diariotextual.com\\\/inicio\\\/wp-content\\\/uploads\\\/2023\\\/05\\\/logotextual1.jpg\",\"width\":516,\"height\":76,\"caption\":\"Diario Textual\"},\"image\":{\"@id\":\"https:\\\/\\\/diariotextual.com\\\/inicio\\\/#\\\/schema\\\/logo\\\/image\\\/\"},\"sameAs\":[\"https:\\\/\\\/www.facebook.com\\\/eltextual\",\"https:\\\/\\\/x.com\\\/eltextual\",\"http:\\\/\\\/www.instagram.com\\\/eltextual\"]},{\"@type\":\"Person\",\"@id\":\"https:\\\/\\\/diariotextual.com\\\/inicio\\\/#\\\/schema\\\/person\\\/694f60677f23c4a530867a98f22b3768\",\"name\":\"diario2\",\"image\":{\"@type\":\"ImageObject\",\"inLanguage\":\"es\",\"@id\":\"https:\\\/\\\/secure.gravatar.com\\\/avatar\\\/5a2567495ba16b852fcd8f1ed006a2e24fcace936018ed8237e95f488ad6e0a7?s=96&d=mm&r=g\",\"url\":\"https:\\\/\\\/secure.gravatar.com\\\/avatar\\\/5a2567495ba16b852fcd8f1ed006a2e24fcace936018ed8237e95f488ad6e0a7?s=96&d=mm&r=g\",\"contentUrl\":\"https:\\\/\\\/secure.gravatar.com\\\/avatar\\\/5a2567495ba16b852fcd8f1ed006a2e24fcace936018ed8237e95f488ad6e0a7?s=96&d=mm&r=g\",\"caption\":\"diario2\"},\"url\":\"https:\\\/\\\/diariotextual.com\\\/inicio\\\/index.php\\\/author\\\/diario2\\\/\"}]}<\/script>\n<!-- \/ Yoast SEO plugin. -->","yoast_head_json":{"title":"Presentan \u201cNosotras en Libertad\u201d, un libro web de 200 expresas pol\u00edticas - Diario Textual","robots":{"index":"index","follow":"follow","max-snippet":"max-snippet:-1","max-image-preview":"max-image-preview:large","max-video-preview":"max-video-preview:-1"},"canonical":"https:\/\/diariotextual.com\/inicio\/index.php\/2021\/11\/05\/presentan-nosotras-en-libertad-un-libro-web-de-200-expresas-politicas\/","og_locale":"es_ES","og_type":"article","og_title":"Presentan \u201cNosotras en Libertad\u201d, un libro web de 200 expresas pol\u00edticas - Diario Textual","og_description":"En el concejo deliberante de Santa Rosa se presentar\u00e1 este s\u00e1bado 6 desde las 18 horas \u201cNosotras en Libertad\u201d, un libro web de 200 expresas pol\u00edticas. Este evento es realizado&hellip;","og_url":"https:\/\/diariotextual.com\/inicio\/index.php\/2021\/11\/05\/presentan-nosotras-en-libertad-un-libro-web-de-200-expresas-politicas\/","og_site_name":"Diario Textual","article_publisher":"https:\/\/www.facebook.com\/eltextual","article_published_time":"2021-11-05T11:52:19+00:00","article_modified_time":"2021-11-05T13:27:06+00:00","og_image":[{"width":874,"height":491,"url":"https:\/\/diariotextual.com\/inicio\/wp-content\/uploads\/2021\/11\/nosotrasenlibertad643274.jpg","type":"image\/jpeg"}],"author":"diario2","twitter_card":"summary_large_image","twitter_creator":"@eltextual","twitter_site":"@eltextual","twitter_misc":{"Escrito por":"diario2","Tiempo de lectura":"2 minutos"},"schema":{"@context":"https:\/\/schema.org","@graph":[{"@type":"Article","@id":"https:\/\/diariotextual.com\/inicio\/index.php\/2021\/11\/05\/presentan-nosotras-en-libertad-un-libro-web-de-200-expresas-politicas\/#article","isPartOf":{"@id":"https:\/\/diariotextual.com\/inicio\/index.php\/2021\/11\/05\/presentan-nosotras-en-libertad-un-libro-web-de-200-expresas-politicas\/"},"author":{"name":"diario2","@id":"https:\/\/diariotextual.com\/inicio\/#\/schema\/person\/694f60677f23c4a530867a98f22b3768"},"headline":"Presentan \u201cNosotras en Libertad\u201d, un libro web de 200 expresas pol\u00edticas","datePublished":"2021-11-05T11:52:19+00:00","dateModified":"2021-11-05T13:27:06+00:00","mainEntityOfPage":{"@id":"https:\/\/diariotextual.com\/inicio\/index.php\/2021\/11\/05\/presentan-nosotras-en-libertad-un-libro-web-de-200-expresas-politicas\/"},"wordCount":446,"publisher":{"@id":"https:\/\/diariotextual.com\/inicio\/#organization"},"image":{"@id":"https:\/\/diariotextual.com\/inicio\/index.php\/2021\/11\/05\/presentan-nosotras-en-libertad-un-libro-web-de-200-expresas-politicas\/#primaryimage"},"thumbnailUrl":"https:\/\/diariotextual.com\/inicio\/wp-content\/uploads\/2021\/11\/nosotrasenlibertad643274.jpg","articleSection":["A - PORTADA2","POLITICA"],"inLanguage":"es"},{"@type":"WebPage","@id":"https:\/\/diariotextual.com\/inicio\/index.php\/2021\/11\/05\/presentan-nosotras-en-libertad-un-libro-web-de-200-expresas-politicas\/","url":"https:\/\/diariotextual.com\/inicio\/index.php\/2021\/11\/05\/presentan-nosotras-en-libertad-un-libro-web-de-200-expresas-politicas\/","name":"Presentan \u201cNosotras en Libertad\u201d, un libro web de 200 expresas pol\u00edticas - Diario Textual","isPartOf":{"@id":"https:\/\/diariotextual.com\/inicio\/#website"},"primaryImageOfPage":{"@id":"https:\/\/diariotextual.com\/inicio\/index.php\/2021\/11\/05\/presentan-nosotras-en-libertad-un-libro-web-de-200-expresas-politicas\/#primaryimage"},"image":{"@id":"https:\/\/diariotextual.com\/inicio\/index.php\/2021\/11\/05\/presentan-nosotras-en-libertad-un-libro-web-de-200-expresas-politicas\/#primaryimage"},"thumbnailUrl":"https:\/\/diariotextual.com\/inicio\/wp-content\/uploads\/2021\/11\/nosotrasenlibertad643274.jpg","datePublished":"2021-11-05T11:52:19+00:00","dateModified":"2021-11-05T13:27:06+00:00","breadcrumb":{"@id":"https:\/\/diariotextual.com\/inicio\/index.php\/2021\/11\/05\/presentan-nosotras-en-libertad-un-libro-web-de-200-expresas-politicas\/#breadcrumb"},"inLanguage":"es","potentialAction":[{"@type":"ReadAction","target":["https:\/\/diariotextual.com\/inicio\/index.php\/2021\/11\/05\/presentan-nosotras-en-libertad-un-libro-web-de-200-expresas-politicas\/"]}]},{"@type":"ImageObject","inLanguage":"es","@id":"https:\/\/diariotextual.com\/inicio\/index.php\/2021\/11\/05\/presentan-nosotras-en-libertad-un-libro-web-de-200-expresas-politicas\/#primaryimage","url":"https:\/\/diariotextual.com\/inicio\/wp-content\/uploads\/2021\/11\/nosotrasenlibertad643274.jpg","contentUrl":"https:\/\/diariotextual.com\/inicio\/wp-content\/uploads\/2021\/11\/nosotrasenlibertad643274.jpg","width":874,"height":491},{"@type":"BreadcrumbList","@id":"https:\/\/diariotextual.com\/inicio\/index.php\/2021\/11\/05\/presentan-nosotras-en-libertad-un-libro-web-de-200-expresas-politicas\/#breadcrumb","itemListElement":[{"@type":"ListItem","position":1,"name":"Portada","item":"https:\/\/diariotextual.com\/inicio\/"},{"@type":"ListItem","position":2,"name":"Presentan \u201cNosotras en Libertad\u201d, un libro web de 200 expresas pol\u00edticas"}]},{"@type":"WebSite","@id":"https:\/\/diariotextual.com\/inicio\/#website","url":"https:\/\/diariotextual.com\/inicio\/","name":"Diario Textual","description":"","publisher":{"@id":"https:\/\/diariotextual.com\/inicio\/#organization"},"potentialAction":[{"@type":"SearchAction","target":{"@type":"EntryPoint","urlTemplate":"https:\/\/diariotextual.com\/inicio\/?s={search_term_string}"},"query-input":{"@type":"PropertyValueSpecification","valueRequired":true,"valueName":"search_term_string"}}],"inLanguage":"es"},{"@type":"Organization","@id":"https:\/\/diariotextual.com\/inicio\/#organization","name":"Diario Textual","url":"https:\/\/diariotextual.com\/inicio\/","logo":{"@type":"ImageObject","inLanguage":"es","@id":"https:\/\/diariotextual.com\/inicio\/#\/schema\/logo\/image\/","url":"https:\/\/diariotextual.com\/inicio\/wp-content\/uploads\/2023\/05\/logotextual1.jpg","contentUrl":"https:\/\/diariotextual.com\/inicio\/wp-content\/uploads\/2023\/05\/logotextual1.jpg","width":516,"height":76,"caption":"Diario Textual"},"image":{"@id":"https:\/\/diariotextual.com\/inicio\/#\/schema\/logo\/image\/"},"sameAs":["https:\/\/www.facebook.com\/eltextual","https:\/\/x.com\/eltextual","http:\/\/www.instagram.com\/eltextual"]},{"@type":"Person","@id":"https:\/\/diariotextual.com\/inicio\/#\/schema\/person\/694f60677f23c4a530867a98f22b3768","name":"diario2","image":{"@type":"ImageObject","inLanguage":"es","@id":"https:\/\/secure.gravatar.com\/avatar\/5a2567495ba16b852fcd8f1ed006a2e24fcace936018ed8237e95f488ad6e0a7?s=96&d=mm&r=g","url":"https:\/\/secure.gravatar.com\/avatar\/5a2567495ba16b852fcd8f1ed006a2e24fcace936018ed8237e95f488ad6e0a7?s=96&d=mm&r=g","contentUrl":"https:\/\/secure.gravatar.com\/avatar\/5a2567495ba16b852fcd8f1ed006a2e24fcace936018ed8237e95f488ad6e0a7?s=96&d=mm&r=g","caption":"diario2"},"url":"https:\/\/diariotextual.com\/inicio\/index.php\/author\/diario2\/"}]}},"_links":{"self":[{"href":"https:\/\/diariotextual.com\/inicio\/index.php\/wp-json\/wp\/v2\/posts\/167801","targetHints":{"allow":["GET"]}}],"collection":[{"href":"https:\/\/diariotextual.com\/inicio\/index.php\/wp-json\/wp\/v2\/posts"}],"about":[{"href":"https:\/\/diariotextual.com\/inicio\/index.php\/wp-json\/wp\/v2\/types\/post"}],"author":[{"embeddable":true,"href":"https:\/\/diariotextual.com\/inicio\/index.php\/wp-json\/wp\/v2\/users\/4"}],"replies":[{"embeddable":true,"href":"https:\/\/diariotextual.com\/inicio\/index.php\/wp-json\/wp\/v2\/comments?post=167801"}],"version-history":[{"count":3,"href":"https:\/\/diariotextual.com\/inicio\/index.php\/wp-json\/wp\/v2\/posts\/167801\/revisions"}],"predecessor-version":[{"id":167807,"href":"https:\/\/diariotextual.com\/inicio\/index.php\/wp-json\/wp\/v2\/posts\/167801\/revisions\/167807"}],"wp:featuredmedia":[{"embeddable":true,"href":"https:\/\/diariotextual.com\/inicio\/index.php\/wp-json\/wp\/v2\/media\/167805"}],"wp:attachment":[{"href":"https:\/\/diariotextual.com\/inicio\/index.php\/wp-json\/wp\/v2\/media?parent=167801"}],"wp:term":[{"taxonomy":"category","embeddable":true,"href":"https:\/\/diariotextual.com\/inicio\/index.php\/wp-json\/wp\/v2\/categories?post=167801"},{"taxonomy":"post_tag","embeddable":true,"href":"https:\/\/diariotextual.com\/inicio\/index.php\/wp-json\/wp\/v2\/tags?post=167801"}],"curies":[{"name":"wp","href":"https:\/\/api.w.org\/{rel}","templated":true}]}}