{"id":167834,"date":"2021-11-05T13:27:20","date_gmt":"2021-11-05T16:27:20","guid":{"rendered":"https:\/\/diariotextual.com\/inicio\/?p=167834"},"modified":"2021-11-05T14:57:05","modified_gmt":"2021-11-05T17:57:05","slug":"condenaron-a-prision-perpetua-a-lescano-por-el-femicidio-de-maria-puebla","status":"publish","type":"post","link":"https:\/\/diariotextual.com\/inicio\/index.php\/2021\/11\/05\/condenaron-a-prision-perpetua-a-lescano-por-el-femicidio-de-maria-puebla\/","title":{"rendered":"Condenaron a prisi\u00f3n perpetua a Lescano por el femicidio de Mar\u00eda Puebla"},"content":{"rendered":"\n<p>La Audiencia de Juicio, conformada por jueces de control subrogantes, conden\u00f3 hoy a <strong>Roberto Fabi\u00e1n Lescano a prisi\u00f3n perpetua por el femicidio de Mar\u00eda Guadalupe Puebla.<\/strong><\/p>\n\n\n\n<p>La jueza Mar\u00eda Florencia Maza y los jueces N\u00e9stor Daniel Ralli y Carlos Ordas consideraron a Lescano, un hombre sordomudo y de 45 a\u00f1os, autor del delito de homicidio doblemente calificado, por haber sido cometido criminis causae y mediando violencia de g\u00e9nero (femicidio), por un hecho ocurrido entre las 3 del s\u00e1bado 16 y las primeras horas del lunes 18 de agosto de 2014.<\/p>\n\n\n\n<p>Adem\u00e1s <strong>unificaron la pena con una anterior, a 12 a\u00f1os de prisi\u00f3n por el abuso sexual agravado, en perjuicio de la misma v\u00edctima, en una pena \u00fanica de prisi\u00f3n perpetua.<\/strong>\u200b<\/p>\n\n\n\n<p>Los magistrados, con el primer voto de Maza \u2013al que adhirieron sus colegas\u2013, dijeron despu\u00e9s de analizar la prueba reunida en el juicio oral \u00abde manera integral\u00bb, que el imputado, \u00abluego de ejercer actos de violencia sexual en su contra, caus\u00f3 la muerte violenta de Puebla, golpe\u00e1ndola fuertemente con un ladrillo en la zona de su rostro y su cr\u00e1neo\u00bb.<\/p>\n\n\n\n<p>Indicaron que, posteriormente, Lescano la traslad\u00f3 \u00aben su moto de 110 c.c. hasta el cuenco ubicado, a unos 400 metros del lugar donde la agredi\u00f3 sexualmente \u2013en un campito ubicado en Reconquista, entre Maradona y Ni\u00f1as de Ayohuma\u2013, enterr\u00e1ndola en uno de los cuencos de la laguna Don Tom\u00e1s, tap\u00e1ndola con ramas secas y abandon\u00e1ndola hasta ser encontrada por la polic\u00eda en la tarde el martes 19\u00bb.<\/p>\n\n\n\n<p>Tras dar el Tribunal por probado, a partir de distintos testimonios, que el acusado estuvo en el lugar de los hechos; para acreditar su participaci\u00f3n en la muerte valor\u00f3 los dichos de los polic\u00edas Enrique Marcelo Calder\u00f3n, Germ\u00e1n Andr\u00e9s Schamber y Roberto Carlos Garc\u00eda \u2013por entonces jefe de la Brigada de Investigaciones, segundo jefe de la Seccional Segunda y perito criminal\u00edstico, respectivamente\u2013, quienes el 18 concurrieron al descampado, encontrando all\u00ed \u00abprendas de vestir manchadas con sangre y un ladrillo con manchas de sangre y pelos\u00bb.<\/p>\n\n\n\n<p>Adem\u00e1s mencionaron que hallaron en una campera de jean un ticket de un supermercado fechado el viernes 15. Observando las c\u00e1maras de seguridad del comercio advirtieron que por una de las cajas hab\u00edan pasado Puebla \u2013que estaba vestidas con esas mismas ropas\u2013 y su novio, Walter Baigorria. A partir de ese dato fue que rastrillaron el descampado y descubrieron el cuerpo en el cuenco, a unos 400 metros de las prendas, con la parte inferior desnuda excepto por las medias.<\/p>\n\n\n\n<p>Los jueces valoraron que <strong>un hermano del imputado, Ram\u00f3n Omar Lescano, y su expareja, declararon que aquel hab\u00eda confesado ser el autor del femicidio.<\/strong> Y agregaron que si bien el resto de los familiares \u2013mencionaron a ocho\u2013 \u00abnegaron la existencia de un pacto de silencio entre ellos, y manifestaron que Lescano nunca les dijo que hab\u00eda matado a Puebla (&#8230;); lo cierto es que parte de los hechos que presuntamente les habr\u00eda negado ya estaban comprobados y atribuidos a \u00e9l mediante la sentencia por la cual fue condenado por abuso sexual (&#8230;), por lo que esa negativa a la que los familiares aludieron no pudo ser tenida en cuenta a los fines de acreditar los hechos, ya que se trat\u00f3 de un intento del acusado de quedar bien frente a los suyos, o un intento de\u00a0 estos de proteger a su sobrino, hijo y\/o hermano\u00bb.<\/p>\n\n\n\n<p>Otro dato sobre el que enfatizaron fue el hallazgo de sangre en una de las medidas de Lescano, que se correspondi\u00f3 con el ADN de la v\u00edctima. \u00abEllo permiti\u00f3 presumir que, en el momento de darle muerte, unas gotas de la sangre que eman\u00f3 de la cabeza de Puebla fue a dar en la media de Lescano; quien no not\u00f3 esa circunstancia, por lo cual no se deshizo de esa prenda, como s\u00ed lo hizo claramente respecto de las restantes ropas que utiliz\u00f3 el d\u00eda de los hechos\u00bb, remarcaron Maza, Ralli Ordas.<\/p>\n\n\n\n<p>Finalmente, para acreditar el femicidio no \u00edntimo, el Tribunal se\u00f1al\u00f3 \u2013entre otros considerandos\u2013 que evalu\u00f3 \u00abla actitud de Lescano, no solo frente a la v\u00edctima \u2013a quien agredi\u00f3 sexualmente y luego mat\u00f3\u2013, sino frente al resto de las mujeres que pasaron por la audiencia de debate y que dieron cuenta de cu\u00e1l era su comportamiento frente a ellas, y su actitud ante las mujeres, a quienes claramente consideraba como objetos a quienes utilizar sexualmente y luego desechar\u00bb.<\/p>\n","protected":false},"excerpt":{"rendered":"<p>La Audiencia de Juicio, conformada por jueces de control subrogantes, conden\u00f3 hoy a Roberto Fabi\u00e1n Lescano a prisi\u00f3n perpetua por el femicidio de Mar\u00eda Guadalupe Puebla. La jueza Mar\u00eda Florencia&hellip;<\/p>\n","protected":false},"author":4,"featured_media":164776,"comment_status":"closed","ping_status":"open","sticky":false,"template":"","format":"standard","meta":{"_acf_changed":false,"footnotes":""},"categories":[10,12],"tags":[],"class_list":["post-167834","post","type-post","status-publish","format-standard","has-post-thumbnail","hentry","category-portada-2","category-sociedad"],"acf":[],"yoast_head":"<!-- This site is optimized with the Yoast SEO plugin v27.5 - https:\/\/yoast.com\/product\/yoast-seo-wordpress\/ -->\n<title>Condenaron a prisi\u00f3n perpetua a Lescano por el femicidio de Mar\u00eda Puebla - Diario Textual<\/title>\n<meta name=\"robots\" content=\"index, follow, max-snippet:-1, max-image-preview:large, max-video-preview:-1\" \/>\n<link rel=\"canonical\" href=\"https:\/\/diariotextual.com\/inicio\/index.php\/2021\/11\/05\/condenaron-a-prision-perpetua-a-lescano-por-el-femicidio-de-maria-puebla\/\" \/>\n<meta property=\"og:locale\" content=\"es_ES\" \/>\n<meta property=\"og:type\" content=\"article\" \/>\n<meta property=\"og:title\" content=\"Condenaron a prisi\u00f3n perpetua a Lescano por el femicidio de Mar\u00eda Puebla - Diario Textual\" \/>\n<meta property=\"og:description\" content=\"La Audiencia de Juicio, conformada por jueces de control subrogantes, conden\u00f3 hoy a Roberto Fabi\u00e1n Lescano a prisi\u00f3n perpetua por el femicidio de Mar\u00eda Guadalupe Puebla. La jueza Mar\u00eda Florencia&hellip;\" \/>\n<meta property=\"og:url\" content=\"https:\/\/diariotextual.com\/inicio\/index.php\/2021\/11\/05\/condenaron-a-prision-perpetua-a-lescano-por-el-femicidio-de-maria-puebla\/\" \/>\n<meta property=\"og:site_name\" content=\"Diario Textual\" \/>\n<meta property=\"article:publisher\" content=\"https:\/\/www.facebook.com\/eltextual\" \/>\n<meta property=\"article:published_time\" content=\"2021-11-05T16:27:20+00:00\" \/>\n<meta property=\"article:modified_time\" content=\"2021-11-05T17:57:05+00:00\" \/>\n<meta property=\"og:image\" content=\"https:\/\/diariotextual.com\/inicio\/wp-content\/uploads\/2021\/10\/pueblajuicio1.jpeg\" \/>\n\t<meta property=\"og:image:width\" content=\"1600\" \/>\n\t<meta property=\"og:image:height\" content=\"1200\" \/>\n\t<meta property=\"og:image:type\" content=\"image\/jpeg\" \/>\n<meta name=\"author\" content=\"diario2\" \/>\n<meta name=\"twitter:card\" content=\"summary_large_image\" \/>\n<meta name=\"twitter:creator\" content=\"@eltextual\" \/>\n<meta name=\"twitter:site\" content=\"@eltextual\" \/>\n<meta name=\"twitter:label1\" content=\"Escrito por\" \/>\n\t<meta name=\"twitter:data1\" content=\"diario2\" \/>\n\t<meta name=\"twitter:label2\" content=\"Tiempo de lectura\" \/>\n\t<meta name=\"twitter:data2\" content=\"4 minutos\" \/>\n<script type=\"application\/ld+json\" class=\"yoast-schema-graph\">{\"@context\":\"https:\\\/\\\/schema.org\",\"@graph\":[{\"@type\":\"Article\",\"@id\":\"https:\\\/\\\/diariotextual.com\\\/inicio\\\/index.php\\\/2021\\\/11\\\/05\\\/condenaron-a-prision-perpetua-a-lescano-por-el-femicidio-de-maria-puebla\\\/#article\",\"isPartOf\":{\"@id\":\"https:\\\/\\\/diariotextual.com\\\/inicio\\\/index.php\\\/2021\\\/11\\\/05\\\/condenaron-a-prision-perpetua-a-lescano-por-el-femicidio-de-maria-puebla\\\/\"},\"author\":{\"name\":\"diario2\",\"@id\":\"https:\\\/\\\/diariotextual.com\\\/inicio\\\/#\\\/schema\\\/person\\\/694f60677f23c4a530867a98f22b3768\"},\"headline\":\"Condenaron a prisi\u00f3n perpetua a Lescano por el femicidio de Mar\u00eda Puebla\",\"datePublished\":\"2021-11-05T16:27:20+00:00\",\"dateModified\":\"2021-11-05T17:57:05+00:00\",\"mainEntityOfPage\":{\"@id\":\"https:\\\/\\\/diariotextual.com\\\/inicio\\\/index.php\\\/2021\\\/11\\\/05\\\/condenaron-a-prision-perpetua-a-lescano-por-el-femicidio-de-maria-puebla\\\/\"},\"wordCount\":769,\"publisher\":{\"@id\":\"https:\\\/\\\/diariotextual.com\\\/inicio\\\/#organization\"},\"image\":{\"@id\":\"https:\\\/\\\/diariotextual.com\\\/inicio\\\/index.php\\\/2021\\\/11\\\/05\\\/condenaron-a-prision-perpetua-a-lescano-por-el-femicidio-de-maria-puebla\\\/#primaryimage\"},\"thumbnailUrl\":\"https:\\\/\\\/diariotextual.com\\\/inicio\\\/wp-content\\\/uploads\\\/2021\\\/10\\\/pueblajuicio1.jpeg\",\"articleSection\":[\"A - PORTADA2\",\"SOCIEDAD\"],\"inLanguage\":\"es\"},{\"@type\":\"WebPage\",\"@id\":\"https:\\\/\\\/diariotextual.com\\\/inicio\\\/index.php\\\/2021\\\/11\\\/05\\\/condenaron-a-prision-perpetua-a-lescano-por-el-femicidio-de-maria-puebla\\\/\",\"url\":\"https:\\\/\\\/diariotextual.com\\\/inicio\\\/index.php\\\/2021\\\/11\\\/05\\\/condenaron-a-prision-perpetua-a-lescano-por-el-femicidio-de-maria-puebla\\\/\",\"name\":\"Condenaron a prisi\u00f3n perpetua a Lescano por el femicidio de Mar\u00eda Puebla - Diario Textual\",\"isPartOf\":{\"@id\":\"https:\\\/\\\/diariotextual.com\\\/inicio\\\/#website\"},\"primaryImageOfPage\":{\"@id\":\"https:\\\/\\\/diariotextual.com\\\/inicio\\\/index.php\\\/2021\\\/11\\\/05\\\/condenaron-a-prision-perpetua-a-lescano-por-el-femicidio-de-maria-puebla\\\/#primaryimage\"},\"image\":{\"@id\":\"https:\\\/\\\/diariotextual.com\\\/inicio\\\/index.php\\\/2021\\\/11\\\/05\\\/condenaron-a-prision-perpetua-a-lescano-por-el-femicidio-de-maria-puebla\\\/#primaryimage\"},\"thumbnailUrl\":\"https:\\\/\\\/diariotextual.com\\\/inicio\\\/wp-content\\\/uploads\\\/2021\\\/10\\\/pueblajuicio1.jpeg\",\"datePublished\":\"2021-11-05T16:27:20+00:00\",\"dateModified\":\"2021-11-05T17:57:05+00:00\",\"breadcrumb\":{\"@id\":\"https:\\\/\\\/diariotextual.com\\\/inicio\\\/index.php\\\/2021\\\/11\\\/05\\\/condenaron-a-prision-perpetua-a-lescano-por-el-femicidio-de-maria-puebla\\\/#breadcrumb\"},\"inLanguage\":\"es\",\"potentialAction\":[{\"@type\":\"ReadAction\",\"target\":[\"https:\\\/\\\/diariotextual.com\\\/inicio\\\/index.php\\\/2021\\\/11\\\/05\\\/condenaron-a-prision-perpetua-a-lescano-por-el-femicidio-de-maria-puebla\\\/\"]}]},{\"@type\":\"ImageObject\",\"inLanguage\":\"es\",\"@id\":\"https:\\\/\\\/diariotextual.com\\\/inicio\\\/index.php\\\/2021\\\/11\\\/05\\\/condenaron-a-prision-perpetua-a-lescano-por-el-femicidio-de-maria-puebla\\\/#primaryimage\",\"url\":\"https:\\\/\\\/diariotextual.com\\\/inicio\\\/wp-content\\\/uploads\\\/2021\\\/10\\\/pueblajuicio1.jpeg\",\"contentUrl\":\"https:\\\/\\\/diariotextual.com\\\/inicio\\\/wp-content\\\/uploads\\\/2021\\\/10\\\/pueblajuicio1.jpeg\",\"width\":1600,\"height\":1200},{\"@type\":\"BreadcrumbList\",\"@id\":\"https:\\\/\\\/diariotextual.com\\\/inicio\\\/index.php\\\/2021\\\/11\\\/05\\\/condenaron-a-prision-perpetua-a-lescano-por-el-femicidio-de-maria-puebla\\\/#breadcrumb\",\"itemListElement\":[{\"@type\":\"ListItem\",\"position\":1,\"name\":\"Portada\",\"item\":\"https:\\\/\\\/diariotextual.com\\\/inicio\\\/\"},{\"@type\":\"ListItem\",\"position\":2,\"name\":\"Condenaron a prisi\u00f3n perpetua a Lescano por el femicidio de Mar\u00eda Puebla\"}]},{\"@type\":\"WebSite\",\"@id\":\"https:\\\/\\\/diariotextual.com\\\/inicio\\\/#website\",\"url\":\"https:\\\/\\\/diariotextual.com\\\/inicio\\\/\",\"name\":\"Diario Textual\",\"description\":\"\",\"publisher\":{\"@id\":\"https:\\\/\\\/diariotextual.com\\\/inicio\\\/#organization\"},\"potentialAction\":[{\"@type\":\"SearchAction\",\"target\":{\"@type\":\"EntryPoint\",\"urlTemplate\":\"https:\\\/\\\/diariotextual.com\\\/inicio\\\/?s={search_term_string}\"},\"query-input\":{\"@type\":\"PropertyValueSpecification\",\"valueRequired\":true,\"valueName\":\"search_term_string\"}}],\"inLanguage\":\"es\"},{\"@type\":\"Organization\",\"@id\":\"https:\\\/\\\/diariotextual.com\\\/inicio\\\/#organization\",\"name\":\"Diario Textual\",\"url\":\"https:\\\/\\\/diariotextual.com\\\/inicio\\\/\",\"logo\":{\"@type\":\"ImageObject\",\"inLanguage\":\"es\",\"@id\":\"https:\\\/\\\/diariotextual.com\\\/inicio\\\/#\\\/schema\\\/logo\\\/image\\\/\",\"url\":\"https:\\\/\\\/diariotextual.com\\\/inicio\\\/wp-content\\\/uploads\\\/2023\\\/05\\\/logotextual1.jpg\",\"contentUrl\":\"https:\\\/\\\/diariotextual.com\\\/inicio\\\/wp-content\\\/uploads\\\/2023\\\/05\\\/logotextual1.jpg\",\"width\":516,\"height\":76,\"caption\":\"Diario Textual\"},\"image\":{\"@id\":\"https:\\\/\\\/diariotextual.com\\\/inicio\\\/#\\\/schema\\\/logo\\\/image\\\/\"},\"sameAs\":[\"https:\\\/\\\/www.facebook.com\\\/eltextual\",\"https:\\\/\\\/x.com\\\/eltextual\",\"http:\\\/\\\/www.instagram.com\\\/eltextual\"]},{\"@type\":\"Person\",\"@id\":\"https:\\\/\\\/diariotextual.com\\\/inicio\\\/#\\\/schema\\\/person\\\/694f60677f23c4a530867a98f22b3768\",\"name\":\"diario2\",\"image\":{\"@type\":\"ImageObject\",\"inLanguage\":\"es\",\"@id\":\"https:\\\/\\\/secure.gravatar.com\\\/avatar\\\/5a2567495ba16b852fcd8f1ed006a2e24fcace936018ed8237e95f488ad6e0a7?s=96&d=mm&r=g\",\"url\":\"https:\\\/\\\/secure.gravatar.com\\\/avatar\\\/5a2567495ba16b852fcd8f1ed006a2e24fcace936018ed8237e95f488ad6e0a7?s=96&d=mm&r=g\",\"contentUrl\":\"https:\\\/\\\/secure.gravatar.com\\\/avatar\\\/5a2567495ba16b852fcd8f1ed006a2e24fcace936018ed8237e95f488ad6e0a7?s=96&d=mm&r=g\",\"caption\":\"diario2\"},\"url\":\"https:\\\/\\\/diariotextual.com\\\/inicio\\\/index.php\\\/author\\\/diario2\\\/\"}]}<\/script>\n<!-- \/ Yoast SEO plugin. -->","yoast_head_json":{"title":"Condenaron a prisi\u00f3n perpetua a Lescano por el femicidio de Mar\u00eda Puebla - Diario Textual","robots":{"index":"index","follow":"follow","max-snippet":"max-snippet:-1","max-image-preview":"max-image-preview:large","max-video-preview":"max-video-preview:-1"},"canonical":"https:\/\/diariotextual.com\/inicio\/index.php\/2021\/11\/05\/condenaron-a-prision-perpetua-a-lescano-por-el-femicidio-de-maria-puebla\/","og_locale":"es_ES","og_type":"article","og_title":"Condenaron a prisi\u00f3n perpetua a Lescano por el femicidio de Mar\u00eda Puebla - Diario Textual","og_description":"La Audiencia de Juicio, conformada por jueces de control subrogantes, conden\u00f3 hoy a Roberto Fabi\u00e1n Lescano a prisi\u00f3n perpetua por el femicidio de Mar\u00eda Guadalupe Puebla. La jueza Mar\u00eda Florencia&hellip;","og_url":"https:\/\/diariotextual.com\/inicio\/index.php\/2021\/11\/05\/condenaron-a-prision-perpetua-a-lescano-por-el-femicidio-de-maria-puebla\/","og_site_name":"Diario Textual","article_publisher":"https:\/\/www.facebook.com\/eltextual","article_published_time":"2021-11-05T16:27:20+00:00","article_modified_time":"2021-11-05T17:57:05+00:00","og_image":[{"width":1600,"height":1200,"url":"https:\/\/diariotextual.com\/inicio\/wp-content\/uploads\/2021\/10\/pueblajuicio1.jpeg","type":"image\/jpeg"}],"author":"diario2","twitter_card":"summary_large_image","twitter_creator":"@eltextual","twitter_site":"@eltextual","twitter_misc":{"Escrito por":"diario2","Tiempo de lectura":"4 minutos"},"schema":{"@context":"https:\/\/schema.org","@graph":[{"@type":"Article","@id":"https:\/\/diariotextual.com\/inicio\/index.php\/2021\/11\/05\/condenaron-a-prision-perpetua-a-lescano-por-el-femicidio-de-maria-puebla\/#article","isPartOf":{"@id":"https:\/\/diariotextual.com\/inicio\/index.php\/2021\/11\/05\/condenaron-a-prision-perpetua-a-lescano-por-el-femicidio-de-maria-puebla\/"},"author":{"name":"diario2","@id":"https:\/\/diariotextual.com\/inicio\/#\/schema\/person\/694f60677f23c4a530867a98f22b3768"},"headline":"Condenaron a prisi\u00f3n perpetua a Lescano por el femicidio de Mar\u00eda Puebla","datePublished":"2021-11-05T16:27:20+00:00","dateModified":"2021-11-05T17:57:05+00:00","mainEntityOfPage":{"@id":"https:\/\/diariotextual.com\/inicio\/index.php\/2021\/11\/05\/condenaron-a-prision-perpetua-a-lescano-por-el-femicidio-de-maria-puebla\/"},"wordCount":769,"publisher":{"@id":"https:\/\/diariotextual.com\/inicio\/#organization"},"image":{"@id":"https:\/\/diariotextual.com\/inicio\/index.php\/2021\/11\/05\/condenaron-a-prision-perpetua-a-lescano-por-el-femicidio-de-maria-puebla\/#primaryimage"},"thumbnailUrl":"https:\/\/diariotextual.com\/inicio\/wp-content\/uploads\/2021\/10\/pueblajuicio1.jpeg","articleSection":["A - PORTADA2","SOCIEDAD"],"inLanguage":"es"},{"@type":"WebPage","@id":"https:\/\/diariotextual.com\/inicio\/index.php\/2021\/11\/05\/condenaron-a-prision-perpetua-a-lescano-por-el-femicidio-de-maria-puebla\/","url":"https:\/\/diariotextual.com\/inicio\/index.php\/2021\/11\/05\/condenaron-a-prision-perpetua-a-lescano-por-el-femicidio-de-maria-puebla\/","name":"Condenaron a prisi\u00f3n perpetua a Lescano por el femicidio de Mar\u00eda Puebla - Diario Textual","isPartOf":{"@id":"https:\/\/diariotextual.com\/inicio\/#website"},"primaryImageOfPage":{"@id":"https:\/\/diariotextual.com\/inicio\/index.php\/2021\/11\/05\/condenaron-a-prision-perpetua-a-lescano-por-el-femicidio-de-maria-puebla\/#primaryimage"},"image":{"@id":"https:\/\/diariotextual.com\/inicio\/index.php\/2021\/11\/05\/condenaron-a-prision-perpetua-a-lescano-por-el-femicidio-de-maria-puebla\/#primaryimage"},"thumbnailUrl":"https:\/\/diariotextual.com\/inicio\/wp-content\/uploads\/2021\/10\/pueblajuicio1.jpeg","datePublished":"2021-11-05T16:27:20+00:00","dateModified":"2021-11-05T17:57:05+00:00","breadcrumb":{"@id":"https:\/\/diariotextual.com\/inicio\/index.php\/2021\/11\/05\/condenaron-a-prision-perpetua-a-lescano-por-el-femicidio-de-maria-puebla\/#breadcrumb"},"inLanguage":"es","potentialAction":[{"@type":"ReadAction","target":["https:\/\/diariotextual.com\/inicio\/index.php\/2021\/11\/05\/condenaron-a-prision-perpetua-a-lescano-por-el-femicidio-de-maria-puebla\/"]}]},{"@type":"ImageObject","inLanguage":"es","@id":"https:\/\/diariotextual.com\/inicio\/index.php\/2021\/11\/05\/condenaron-a-prision-perpetua-a-lescano-por-el-femicidio-de-maria-puebla\/#primaryimage","url":"https:\/\/diariotextual.com\/inicio\/wp-content\/uploads\/2021\/10\/pueblajuicio1.jpeg","contentUrl":"https:\/\/diariotextual.com\/inicio\/wp-content\/uploads\/2021\/10\/pueblajuicio1.jpeg","width":1600,"height":1200},{"@type":"BreadcrumbList","@id":"https:\/\/diariotextual.com\/inicio\/index.php\/2021\/11\/05\/condenaron-a-prision-perpetua-a-lescano-por-el-femicidio-de-maria-puebla\/#breadcrumb","itemListElement":[{"@type":"ListItem","position":1,"name":"Portada","item":"https:\/\/diariotextual.com\/inicio\/"},{"@type":"ListItem","position":2,"name":"Condenaron a prisi\u00f3n perpetua a Lescano por el femicidio de Mar\u00eda Puebla"}]},{"@type":"WebSite","@id":"https:\/\/diariotextual.com\/inicio\/#website","url":"https:\/\/diariotextual.com\/inicio\/","name":"Diario Textual","description":"","publisher":{"@id":"https:\/\/diariotextual.com\/inicio\/#organization"},"potentialAction":[{"@type":"SearchAction","target":{"@type":"EntryPoint","urlTemplate":"https:\/\/diariotextual.com\/inicio\/?s={search_term_string}"},"query-input":{"@type":"PropertyValueSpecification","valueRequired":true,"valueName":"search_term_string"}}],"inLanguage":"es"},{"@type":"Organization","@id":"https:\/\/diariotextual.com\/inicio\/#organization","name":"Diario Textual","url":"https:\/\/diariotextual.com\/inicio\/","logo":{"@type":"ImageObject","inLanguage":"es","@id":"https:\/\/diariotextual.com\/inicio\/#\/schema\/logo\/image\/","url":"https:\/\/diariotextual.com\/inicio\/wp-content\/uploads\/2023\/05\/logotextual1.jpg","contentUrl":"https:\/\/diariotextual.com\/inicio\/wp-content\/uploads\/2023\/05\/logotextual1.jpg","width":516,"height":76,"caption":"Diario Textual"},"image":{"@id":"https:\/\/diariotextual.com\/inicio\/#\/schema\/logo\/image\/"},"sameAs":["https:\/\/www.facebook.com\/eltextual","https:\/\/x.com\/eltextual","http:\/\/www.instagram.com\/eltextual"]},{"@type":"Person","@id":"https:\/\/diariotextual.com\/inicio\/#\/schema\/person\/694f60677f23c4a530867a98f22b3768","name":"diario2","image":{"@type":"ImageObject","inLanguage":"es","@id":"https:\/\/secure.gravatar.com\/avatar\/5a2567495ba16b852fcd8f1ed006a2e24fcace936018ed8237e95f488ad6e0a7?s=96&d=mm&r=g","url":"https:\/\/secure.gravatar.com\/avatar\/5a2567495ba16b852fcd8f1ed006a2e24fcace936018ed8237e95f488ad6e0a7?s=96&d=mm&r=g","contentUrl":"https:\/\/secure.gravatar.com\/avatar\/5a2567495ba16b852fcd8f1ed006a2e24fcace936018ed8237e95f488ad6e0a7?s=96&d=mm&r=g","caption":"diario2"},"url":"https:\/\/diariotextual.com\/inicio\/index.php\/author\/diario2\/"}]}},"_links":{"self":[{"href":"https:\/\/diariotextual.com\/inicio\/index.php\/wp-json\/wp\/v2\/posts\/167834","targetHints":{"allow":["GET"]}}],"collection":[{"href":"https:\/\/diariotextual.com\/inicio\/index.php\/wp-json\/wp\/v2\/posts"}],"about":[{"href":"https:\/\/diariotextual.com\/inicio\/index.php\/wp-json\/wp\/v2\/types\/post"}],"author":[{"embeddable":true,"href":"https:\/\/diariotextual.com\/inicio\/index.php\/wp-json\/wp\/v2\/users\/4"}],"replies":[{"embeddable":true,"href":"https:\/\/diariotextual.com\/inicio\/index.php\/wp-json\/wp\/v2\/comments?post=167834"}],"version-history":[{"count":2,"href":"https:\/\/diariotextual.com\/inicio\/index.php\/wp-json\/wp\/v2\/posts\/167834\/revisions"}],"predecessor-version":[{"id":167848,"href":"https:\/\/diariotextual.com\/inicio\/index.php\/wp-json\/wp\/v2\/posts\/167834\/revisions\/167848"}],"wp:featuredmedia":[{"embeddable":true,"href":"https:\/\/diariotextual.com\/inicio\/index.php\/wp-json\/wp\/v2\/media\/164776"}],"wp:attachment":[{"href":"https:\/\/diariotextual.com\/inicio\/index.php\/wp-json\/wp\/v2\/media?parent=167834"}],"wp:term":[{"taxonomy":"category","embeddable":true,"href":"https:\/\/diariotextual.com\/inicio\/index.php\/wp-json\/wp\/v2\/categories?post=167834"},{"taxonomy":"post_tag","embeddable":true,"href":"https:\/\/diariotextual.com\/inicio\/index.php\/wp-json\/wp\/v2\/tags?post=167834"}],"curies":[{"name":"wp","href":"https:\/\/api.w.org\/{rel}","templated":true}]}}