{"id":167970,"date":"2021-11-06T17:40:52","date_gmt":"2021-11-06T20:40:52","guid":{"rendered":"https:\/\/diariotextual.com\/inicio\/?p=167970"},"modified":"2021-11-06T21:00:29","modified_gmt":"2021-11-07T00:00:29","slug":"todos-puso-un-freno-a-la-visita-de-dirigentes-nacionales-a-la-pampa-y-jxc-trae-a-otro-gobernador","status":"publish","type":"post","link":"https:\/\/diariotextual.com\/inicio\/index.php\/2021\/11\/06\/todos-puso-un-freno-a-la-visita-de-dirigentes-nacionales-a-la-pampa-y-jxc-trae-a-otro-gobernador\/","title":{"rendered":"Todos puso un freno a la visita de dirigentes nacionales a La Pampa y JxC trae a otro gobernador"},"content":{"rendered":"\n<p>En la recta final de la campa\u00f1a electoral, el <strong>Frente de Todos<\/strong> y<strong> Juntos por el Cambio<\/strong> contin\u00faan con dos estrategias diferentes: <strong>el frente peronista le puso un freno a la visita de funcionarios nacionales para intentar acentuar la \u00abprovincializaci\u00f3n\u00bb de la contienda, en tanto que la coalici\u00f3n opositora traer\u00e1 en los pr\u00f3ximos d\u00edas a otras dos \u00abfiguras nacionales\u00bb para la \u00abnacionalizaci\u00f3n\u00bb del comicio y dejar \u00abpegado\u00bb a los candidatos peronistas al kirchnerismo.<\/strong><\/p>\n\n\n\n<p>El Frente de Todos trajo a varios ministros nacionales para traccionar votos, entre otros <strong>Juli\u00e1n Dom\u00ednguez<\/strong> (Agricultura) y <strong>Carla Vizzotti <\/strong>(Salud). Pero hace un par de semanas dej\u00f3 en<strong><em> stand by<\/em><\/strong> esas visitas. Y -seg\u00fan dijeron a <strong>Diario Textual <\/strong>en el campamento de Todos- la estrategia no se modificar\u00e1 en esta \u00faltima semana, de cara a las elecciones del 14 de noviembre.<\/p>\n\n\n\n<p>Por su parte<strong>, JxC traer\u00e1 este lunes al economista Mart\u00edn Tetaz y el jueves, ya en el acto de cierre, al gobernador correntino Gustavo Vald\u00e9s.<\/strong><\/p>\n\n\n\n<p>Ya desfilaron, entre otros, Elisa Carri\u00f3, Patricia Bullrich, Horacio Rodr\u00edguez Larreta y Facundo Manes.<\/p>\n\n\n\n<p><strong>La Pampa es un distrito clave. Tanto para el oficialismo como para la oposici\u00f3n porque elige senadores: si JxC logra arrebatarle uno de esos legisladores al peronismo, Cristina Fern\u00e1ndez podr\u00eda perder el qu\u00f3rum propio en el Senado.<\/strong> Adem\u00e1s,  una de sus alfiles, Mar\u00eda Luz \u00abLuchy\u00bb Alonso se quedar\u00eda sin banca en la C\u00e1mara Alta.<\/p>\n\n\n\n<p>En la provincia se eligen tres senadores nacionales y tres diputados nacionales. En las PASO del 12 de septiembre, las cinco listas de JxC le sacaron 20 mil votos de diferencia a Todos. Es decir, unos 10 puntos.<\/p>\n\n\n\n<p>Ahora se prev\u00e9 un escenario polarizado entre ambas fuerzas. El frente -seg\u00fan las \u00faltimas encuestas- est\u00e1 achicando la diferencias y se acercan a un empate t\u00e9cnico. <\/p>\n\n\n\n<p><\/p>\n","protected":false},"excerpt":{"rendered":"<p>En la recta final de la campa\u00f1a electoral, el Frente de Todos y Juntos por el Cambio contin\u00faan con dos estrategias diferentes: el frente peronista le puso un freno a&hellip;<\/p>\n","protected":false},"author":3,"featured_media":160718,"comment_status":"closed","ping_status":"open","sticky":false,"template":"","format":"standard","meta":{"_acf_changed":false,"footnotes":""},"categories":[10,8],"tags":[25],"class_list":["post-167970","post","type-post","status-publish","format-standard","has-post-thumbnail","hentry","category-portada-2","category-politica","tag-pampa"],"acf":[],"yoast_head":"<!-- This site is optimized with the Yoast SEO plugin v27.5 - https:\/\/yoast.com\/product\/yoast-seo-wordpress\/ -->\n<title>Todos puso un freno a la visita de dirigentes nacionales a La Pampa y JxC trae a otro gobernador - Diario Textual<\/title>\n<meta name=\"robots\" content=\"index, follow, max-snippet:-1, max-image-preview:large, max-video-preview:-1\" \/>\n<link rel=\"canonical\" href=\"https:\/\/diariotextual.com\/inicio\/index.php\/2021\/11\/06\/todos-puso-un-freno-a-la-visita-de-dirigentes-nacionales-a-la-pampa-y-jxc-trae-a-otro-gobernador\/\" \/>\n<meta property=\"og:locale\" content=\"es_ES\" \/>\n<meta property=\"og:type\" content=\"article\" \/>\n<meta property=\"og:title\" content=\"Todos puso un freno a la visita de dirigentes nacionales a La Pampa y JxC trae a otro gobernador - Diario Textual\" \/>\n<meta property=\"og:description\" content=\"En la recta final de la campa\u00f1a electoral, el Frente de Todos y Juntos por el Cambio contin\u00faan con dos estrategias diferentes: el frente peronista le puso un freno a&hellip;\" \/>\n<meta property=\"og:url\" content=\"https:\/\/diariotextual.com\/inicio\/index.php\/2021\/11\/06\/todos-puso-un-freno-a-la-visita-de-dirigentes-nacionales-a-la-pampa-y-jxc-trae-a-otro-gobernador\/\" \/>\n<meta property=\"og:site_name\" content=\"Diario Textual\" \/>\n<meta property=\"article:publisher\" content=\"https:\/\/www.facebook.com\/eltextual\" \/>\n<meta property=\"article:published_time\" content=\"2021-11-06T20:40:52+00:00\" \/>\n<meta property=\"article:modified_time\" content=\"2021-11-07T00:00:29+00:00\" \/>\n<meta property=\"og:image\" content=\"https:\/\/diariotextual.com\/inicio\/wp-content\/uploads\/2021\/09\/eleccionesurnastelam11.jpg\" \/>\n\t<meta property=\"og:image:width\" content=\"950\" \/>\n\t<meta property=\"og:image:height\" content=\"534\" \/>\n\t<meta property=\"og:image:type\" content=\"image\/jpeg\" \/>\n<meta name=\"author\" content=\"Diario1 Diario1\" \/>\n<meta name=\"twitter:card\" content=\"summary_large_image\" \/>\n<meta name=\"twitter:creator\" content=\"@eltextual\" \/>\n<meta name=\"twitter:site\" content=\"@eltextual\" \/>\n<meta name=\"twitter:label1\" content=\"Escrito por\" \/>\n\t<meta name=\"twitter:data1\" content=\"Diario1 Diario1\" \/>\n\t<meta name=\"twitter:label2\" content=\"Tiempo de lectura\" \/>\n\t<meta name=\"twitter:data2\" content=\"2 minutos\" \/>\n<script type=\"application\/ld+json\" class=\"yoast-schema-graph\">{\"@context\":\"https:\\\/\\\/schema.org\",\"@graph\":[{\"@type\":\"Article\",\"@id\":\"https:\\\/\\\/diariotextual.com\\\/inicio\\\/index.php\\\/2021\\\/11\\\/06\\\/todos-puso-un-freno-a-la-visita-de-dirigentes-nacionales-a-la-pampa-y-jxc-trae-a-otro-gobernador\\\/#article\",\"isPartOf\":{\"@id\":\"https:\\\/\\\/diariotextual.com\\\/inicio\\\/index.php\\\/2021\\\/11\\\/06\\\/todos-puso-un-freno-a-la-visita-de-dirigentes-nacionales-a-la-pampa-y-jxc-trae-a-otro-gobernador\\\/\"},\"author\":{\"name\":\"Diario1 Diario1\",\"@id\":\"https:\\\/\\\/diariotextual.com\\\/inicio\\\/#\\\/schema\\\/person\\\/418fc4093c33e86ed41562db3508f958\"},\"headline\":\"Todos puso un freno a la visita de dirigentes nacionales a La Pampa y JxC trae a otro gobernador\",\"datePublished\":\"2021-11-06T20:40:52+00:00\",\"dateModified\":\"2021-11-07T00:00:29+00:00\",\"mainEntityOfPage\":{\"@id\":\"https:\\\/\\\/diariotextual.com\\\/inicio\\\/index.php\\\/2021\\\/11\\\/06\\\/todos-puso-un-freno-a-la-visita-de-dirigentes-nacionales-a-la-pampa-y-jxc-trae-a-otro-gobernador\\\/\"},\"wordCount\":330,\"publisher\":{\"@id\":\"https:\\\/\\\/diariotextual.com\\\/inicio\\\/#organization\"},\"image\":{\"@id\":\"https:\\\/\\\/diariotextual.com\\\/inicio\\\/index.php\\\/2021\\\/11\\\/06\\\/todos-puso-un-freno-a-la-visita-de-dirigentes-nacionales-a-la-pampa-y-jxc-trae-a-otro-gobernador\\\/#primaryimage\"},\"thumbnailUrl\":\"https:\\\/\\\/diariotextual.com\\\/inicio\\\/wp-content\\\/uploads\\\/2021\\\/09\\\/eleccionesurnastelam11.jpg\",\"keywords\":[\"pampa\"],\"articleSection\":[\"A - PORTADA2\",\"POLITICA\"],\"inLanguage\":\"es\"},{\"@type\":\"WebPage\",\"@id\":\"https:\\\/\\\/diariotextual.com\\\/inicio\\\/index.php\\\/2021\\\/11\\\/06\\\/todos-puso-un-freno-a-la-visita-de-dirigentes-nacionales-a-la-pampa-y-jxc-trae-a-otro-gobernador\\\/\",\"url\":\"https:\\\/\\\/diariotextual.com\\\/inicio\\\/index.php\\\/2021\\\/11\\\/06\\\/todos-puso-un-freno-a-la-visita-de-dirigentes-nacionales-a-la-pampa-y-jxc-trae-a-otro-gobernador\\\/\",\"name\":\"Todos puso un freno a la visita de dirigentes nacionales a La Pampa y JxC trae a otro gobernador - Diario Textual\",\"isPartOf\":{\"@id\":\"https:\\\/\\\/diariotextual.com\\\/inicio\\\/#website\"},\"primaryImageOfPage\":{\"@id\":\"https:\\\/\\\/diariotextual.com\\\/inicio\\\/index.php\\\/2021\\\/11\\\/06\\\/todos-puso-un-freno-a-la-visita-de-dirigentes-nacionales-a-la-pampa-y-jxc-trae-a-otro-gobernador\\\/#primaryimage\"},\"image\":{\"@id\":\"https:\\\/\\\/diariotextual.com\\\/inicio\\\/index.php\\\/2021\\\/11\\\/06\\\/todos-puso-un-freno-a-la-visita-de-dirigentes-nacionales-a-la-pampa-y-jxc-trae-a-otro-gobernador\\\/#primaryimage\"},\"thumbnailUrl\":\"https:\\\/\\\/diariotextual.com\\\/inicio\\\/wp-content\\\/uploads\\\/2021\\\/09\\\/eleccionesurnastelam11.jpg\",\"datePublished\":\"2021-11-06T20:40:52+00:00\",\"dateModified\":\"2021-11-07T00:00:29+00:00\",\"breadcrumb\":{\"@id\":\"https:\\\/\\\/diariotextual.com\\\/inicio\\\/index.php\\\/2021\\\/11\\\/06\\\/todos-puso-un-freno-a-la-visita-de-dirigentes-nacionales-a-la-pampa-y-jxc-trae-a-otro-gobernador\\\/#breadcrumb\"},\"inLanguage\":\"es\",\"potentialAction\":[{\"@type\":\"ReadAction\",\"target\":[\"https:\\\/\\\/diariotextual.com\\\/inicio\\\/index.php\\\/2021\\\/11\\\/06\\\/todos-puso-un-freno-a-la-visita-de-dirigentes-nacionales-a-la-pampa-y-jxc-trae-a-otro-gobernador\\\/\"]}]},{\"@type\":\"ImageObject\",\"inLanguage\":\"es\",\"@id\":\"https:\\\/\\\/diariotextual.com\\\/inicio\\\/index.php\\\/2021\\\/11\\\/06\\\/todos-puso-un-freno-a-la-visita-de-dirigentes-nacionales-a-la-pampa-y-jxc-trae-a-otro-gobernador\\\/#primaryimage\",\"url\":\"https:\\\/\\\/diariotextual.com\\\/inicio\\\/wp-content\\\/uploads\\\/2021\\\/09\\\/eleccionesurnastelam11.jpg\",\"contentUrl\":\"https:\\\/\\\/diariotextual.com\\\/inicio\\\/wp-content\\\/uploads\\\/2021\\\/09\\\/eleccionesurnastelam11.jpg\",\"width\":950,\"height\":534},{\"@type\":\"BreadcrumbList\",\"@id\":\"https:\\\/\\\/diariotextual.com\\\/inicio\\\/index.php\\\/2021\\\/11\\\/06\\\/todos-puso-un-freno-a-la-visita-de-dirigentes-nacionales-a-la-pampa-y-jxc-trae-a-otro-gobernador\\\/#breadcrumb\",\"itemListElement\":[{\"@type\":\"ListItem\",\"position\":1,\"name\":\"Portada\",\"item\":\"https:\\\/\\\/diariotextual.com\\\/inicio\\\/\"},{\"@type\":\"ListItem\",\"position\":2,\"name\":\"Todos puso un freno a la visita de dirigentes nacionales a La Pampa y JxC trae a otro gobernador\"}]},{\"@type\":\"WebSite\",\"@id\":\"https:\\\/\\\/diariotextual.com\\\/inicio\\\/#website\",\"url\":\"https:\\\/\\\/diariotextual.com\\\/inicio\\\/\",\"name\":\"Diario Textual\",\"description\":\"\",\"publisher\":{\"@id\":\"https:\\\/\\\/diariotextual.com\\\/inicio\\\/#organization\"},\"potentialAction\":[{\"@type\":\"SearchAction\",\"target\":{\"@type\":\"EntryPoint\",\"urlTemplate\":\"https:\\\/\\\/diariotextual.com\\\/inicio\\\/?s={search_term_string}\"},\"query-input\":{\"@type\":\"PropertyValueSpecification\",\"valueRequired\":true,\"valueName\":\"search_term_string\"}}],\"inLanguage\":\"es\"},{\"@type\":\"Organization\",\"@id\":\"https:\\\/\\\/diariotextual.com\\\/inicio\\\/#organization\",\"name\":\"Diario Textual\",\"url\":\"https:\\\/\\\/diariotextual.com\\\/inicio\\\/\",\"logo\":{\"@type\":\"ImageObject\",\"inLanguage\":\"es\",\"@id\":\"https:\\\/\\\/diariotextual.com\\\/inicio\\\/#\\\/schema\\\/logo\\\/image\\\/\",\"url\":\"https:\\\/\\\/diariotextual.com\\\/inicio\\\/wp-content\\\/uploads\\\/2023\\\/05\\\/logotextual1.jpg\",\"contentUrl\":\"https:\\\/\\\/diariotextual.com\\\/inicio\\\/wp-content\\\/uploads\\\/2023\\\/05\\\/logotextual1.jpg\",\"width\":516,\"height\":76,\"caption\":\"Diario Textual\"},\"image\":{\"@id\":\"https:\\\/\\\/diariotextual.com\\\/inicio\\\/#\\\/schema\\\/logo\\\/image\\\/\"},\"sameAs\":[\"https:\\\/\\\/www.facebook.com\\\/eltextual\",\"https:\\\/\\\/x.com\\\/eltextual\",\"http:\\\/\\\/www.instagram.com\\\/eltextual\"]},{\"@type\":\"Person\",\"@id\":\"https:\\\/\\\/diariotextual.com\\\/inicio\\\/#\\\/schema\\\/person\\\/418fc4093c33e86ed41562db3508f958\",\"name\":\"Diario1 Diario1\",\"image\":{\"@type\":\"ImageObject\",\"inLanguage\":\"es\",\"@id\":\"https:\\\/\\\/secure.gravatar.com\\\/avatar\\\/9167d280179c85bc18be67aa7eda765854300033af4896dd779b608640f2ef7a?s=96&d=mm&r=g\",\"url\":\"https:\\\/\\\/secure.gravatar.com\\\/avatar\\\/9167d280179c85bc18be67aa7eda765854300033af4896dd779b608640f2ef7a?s=96&d=mm&r=g\",\"contentUrl\":\"https:\\\/\\\/secure.gravatar.com\\\/avatar\\\/9167d280179c85bc18be67aa7eda765854300033af4896dd779b608640f2ef7a?s=96&d=mm&r=g\",\"caption\":\"Diario1 Diario1\"},\"url\":\"https:\\\/\\\/diariotextual.com\\\/inicio\\\/index.php\\\/author\\\/diario1\\\/\"}]}<\/script>\n<!-- \/ Yoast SEO plugin. -->","yoast_head_json":{"title":"Todos puso un freno a la visita de dirigentes nacionales a La Pampa y JxC trae a otro gobernador - Diario Textual","robots":{"index":"index","follow":"follow","max-snippet":"max-snippet:-1","max-image-preview":"max-image-preview:large","max-video-preview":"max-video-preview:-1"},"canonical":"https:\/\/diariotextual.com\/inicio\/index.php\/2021\/11\/06\/todos-puso-un-freno-a-la-visita-de-dirigentes-nacionales-a-la-pampa-y-jxc-trae-a-otro-gobernador\/","og_locale":"es_ES","og_type":"article","og_title":"Todos puso un freno a la visita de dirigentes nacionales a La Pampa y JxC trae a otro gobernador - Diario Textual","og_description":"En la recta final de la campa\u00f1a electoral, el Frente de Todos y Juntos por el Cambio contin\u00faan con dos estrategias diferentes: el frente peronista le puso un freno a&hellip;","og_url":"https:\/\/diariotextual.com\/inicio\/index.php\/2021\/11\/06\/todos-puso-un-freno-a-la-visita-de-dirigentes-nacionales-a-la-pampa-y-jxc-trae-a-otro-gobernador\/","og_site_name":"Diario Textual","article_publisher":"https:\/\/www.facebook.com\/eltextual","article_published_time":"2021-11-06T20:40:52+00:00","article_modified_time":"2021-11-07T00:00:29+00:00","og_image":[{"width":950,"height":534,"url":"https:\/\/diariotextual.com\/inicio\/wp-content\/uploads\/2021\/09\/eleccionesurnastelam11.jpg","type":"image\/jpeg"}],"author":"Diario1 Diario1","twitter_card":"summary_large_image","twitter_creator":"@eltextual","twitter_site":"@eltextual","twitter_misc":{"Escrito por":"Diario1 Diario1","Tiempo de lectura":"2 minutos"},"schema":{"@context":"https:\/\/schema.org","@graph":[{"@type":"Article","@id":"https:\/\/diariotextual.com\/inicio\/index.php\/2021\/11\/06\/todos-puso-un-freno-a-la-visita-de-dirigentes-nacionales-a-la-pampa-y-jxc-trae-a-otro-gobernador\/#article","isPartOf":{"@id":"https:\/\/diariotextual.com\/inicio\/index.php\/2021\/11\/06\/todos-puso-un-freno-a-la-visita-de-dirigentes-nacionales-a-la-pampa-y-jxc-trae-a-otro-gobernador\/"},"author":{"name":"Diario1 Diario1","@id":"https:\/\/diariotextual.com\/inicio\/#\/schema\/person\/418fc4093c33e86ed41562db3508f958"},"headline":"Todos puso un freno a la visita de dirigentes nacionales a La Pampa y JxC trae a otro gobernador","datePublished":"2021-11-06T20:40:52+00:00","dateModified":"2021-11-07T00:00:29+00:00","mainEntityOfPage":{"@id":"https:\/\/diariotextual.com\/inicio\/index.php\/2021\/11\/06\/todos-puso-un-freno-a-la-visita-de-dirigentes-nacionales-a-la-pampa-y-jxc-trae-a-otro-gobernador\/"},"wordCount":330,"publisher":{"@id":"https:\/\/diariotextual.com\/inicio\/#organization"},"image":{"@id":"https:\/\/diariotextual.com\/inicio\/index.php\/2021\/11\/06\/todos-puso-un-freno-a-la-visita-de-dirigentes-nacionales-a-la-pampa-y-jxc-trae-a-otro-gobernador\/#primaryimage"},"thumbnailUrl":"https:\/\/diariotextual.com\/inicio\/wp-content\/uploads\/2021\/09\/eleccionesurnastelam11.jpg","keywords":["pampa"],"articleSection":["A - PORTADA2","POLITICA"],"inLanguage":"es"},{"@type":"WebPage","@id":"https:\/\/diariotextual.com\/inicio\/index.php\/2021\/11\/06\/todos-puso-un-freno-a-la-visita-de-dirigentes-nacionales-a-la-pampa-y-jxc-trae-a-otro-gobernador\/","url":"https:\/\/diariotextual.com\/inicio\/index.php\/2021\/11\/06\/todos-puso-un-freno-a-la-visita-de-dirigentes-nacionales-a-la-pampa-y-jxc-trae-a-otro-gobernador\/","name":"Todos puso un freno a la visita de dirigentes nacionales a La Pampa y JxC trae a otro gobernador - Diario Textual","isPartOf":{"@id":"https:\/\/diariotextual.com\/inicio\/#website"},"primaryImageOfPage":{"@id":"https:\/\/diariotextual.com\/inicio\/index.php\/2021\/11\/06\/todos-puso-un-freno-a-la-visita-de-dirigentes-nacionales-a-la-pampa-y-jxc-trae-a-otro-gobernador\/#primaryimage"},"image":{"@id":"https:\/\/diariotextual.com\/inicio\/index.php\/2021\/11\/06\/todos-puso-un-freno-a-la-visita-de-dirigentes-nacionales-a-la-pampa-y-jxc-trae-a-otro-gobernador\/#primaryimage"},"thumbnailUrl":"https:\/\/diariotextual.com\/inicio\/wp-content\/uploads\/2021\/09\/eleccionesurnastelam11.jpg","datePublished":"2021-11-06T20:40:52+00:00","dateModified":"2021-11-07T00:00:29+00:00","breadcrumb":{"@id":"https:\/\/diariotextual.com\/inicio\/index.php\/2021\/11\/06\/todos-puso-un-freno-a-la-visita-de-dirigentes-nacionales-a-la-pampa-y-jxc-trae-a-otro-gobernador\/#breadcrumb"},"inLanguage":"es","potentialAction":[{"@type":"ReadAction","target":["https:\/\/diariotextual.com\/inicio\/index.php\/2021\/11\/06\/todos-puso-un-freno-a-la-visita-de-dirigentes-nacionales-a-la-pampa-y-jxc-trae-a-otro-gobernador\/"]}]},{"@type":"ImageObject","inLanguage":"es","@id":"https:\/\/diariotextual.com\/inicio\/index.php\/2021\/11\/06\/todos-puso-un-freno-a-la-visita-de-dirigentes-nacionales-a-la-pampa-y-jxc-trae-a-otro-gobernador\/#primaryimage","url":"https:\/\/diariotextual.com\/inicio\/wp-content\/uploads\/2021\/09\/eleccionesurnastelam11.jpg","contentUrl":"https:\/\/diariotextual.com\/inicio\/wp-content\/uploads\/2021\/09\/eleccionesurnastelam11.jpg","width":950,"height":534},{"@type":"BreadcrumbList","@id":"https:\/\/diariotextual.com\/inicio\/index.php\/2021\/11\/06\/todos-puso-un-freno-a-la-visita-de-dirigentes-nacionales-a-la-pampa-y-jxc-trae-a-otro-gobernador\/#breadcrumb","itemListElement":[{"@type":"ListItem","position":1,"name":"Portada","item":"https:\/\/diariotextual.com\/inicio\/"},{"@type":"ListItem","position":2,"name":"Todos puso un freno a la visita de dirigentes nacionales a La Pampa y JxC trae a otro gobernador"}]},{"@type":"WebSite","@id":"https:\/\/diariotextual.com\/inicio\/#website","url":"https:\/\/diariotextual.com\/inicio\/","name":"Diario Textual","description":"","publisher":{"@id":"https:\/\/diariotextual.com\/inicio\/#organization"},"potentialAction":[{"@type":"SearchAction","target":{"@type":"EntryPoint","urlTemplate":"https:\/\/diariotextual.com\/inicio\/?s={search_term_string}"},"query-input":{"@type":"PropertyValueSpecification","valueRequired":true,"valueName":"search_term_string"}}],"inLanguage":"es"},{"@type":"Organization","@id":"https:\/\/diariotextual.com\/inicio\/#organization","name":"Diario Textual","url":"https:\/\/diariotextual.com\/inicio\/","logo":{"@type":"ImageObject","inLanguage":"es","@id":"https:\/\/diariotextual.com\/inicio\/#\/schema\/logo\/image\/","url":"https:\/\/diariotextual.com\/inicio\/wp-content\/uploads\/2023\/05\/logotextual1.jpg","contentUrl":"https:\/\/diariotextual.com\/inicio\/wp-content\/uploads\/2023\/05\/logotextual1.jpg","width":516,"height":76,"caption":"Diario Textual"},"image":{"@id":"https:\/\/diariotextual.com\/inicio\/#\/schema\/logo\/image\/"},"sameAs":["https:\/\/www.facebook.com\/eltextual","https:\/\/x.com\/eltextual","http:\/\/www.instagram.com\/eltextual"]},{"@type":"Person","@id":"https:\/\/diariotextual.com\/inicio\/#\/schema\/person\/418fc4093c33e86ed41562db3508f958","name":"Diario1 Diario1","image":{"@type":"ImageObject","inLanguage":"es","@id":"https:\/\/secure.gravatar.com\/avatar\/9167d280179c85bc18be67aa7eda765854300033af4896dd779b608640f2ef7a?s=96&d=mm&r=g","url":"https:\/\/secure.gravatar.com\/avatar\/9167d280179c85bc18be67aa7eda765854300033af4896dd779b608640f2ef7a?s=96&d=mm&r=g","contentUrl":"https:\/\/secure.gravatar.com\/avatar\/9167d280179c85bc18be67aa7eda765854300033af4896dd779b608640f2ef7a?s=96&d=mm&r=g","caption":"Diario1 Diario1"},"url":"https:\/\/diariotextual.com\/inicio\/index.php\/author\/diario1\/"}]}},"_links":{"self":[{"href":"https:\/\/diariotextual.com\/inicio\/index.php\/wp-json\/wp\/v2\/posts\/167970","targetHints":{"allow":["GET"]}}],"collection":[{"href":"https:\/\/diariotextual.com\/inicio\/index.php\/wp-json\/wp\/v2\/posts"}],"about":[{"href":"https:\/\/diariotextual.com\/inicio\/index.php\/wp-json\/wp\/v2\/types\/post"}],"author":[{"embeddable":true,"href":"https:\/\/diariotextual.com\/inicio\/index.php\/wp-json\/wp\/v2\/users\/3"}],"replies":[{"embeddable":true,"href":"https:\/\/diariotextual.com\/inicio\/index.php\/wp-json\/wp\/v2\/comments?post=167970"}],"version-history":[{"count":9,"href":"https:\/\/diariotextual.com\/inicio\/index.php\/wp-json\/wp\/v2\/posts\/167970\/revisions"}],"predecessor-version":[{"id":167982,"href":"https:\/\/diariotextual.com\/inicio\/index.php\/wp-json\/wp\/v2\/posts\/167970\/revisions\/167982"}],"wp:featuredmedia":[{"embeddable":true,"href":"https:\/\/diariotextual.com\/inicio\/index.php\/wp-json\/wp\/v2\/media\/160718"}],"wp:attachment":[{"href":"https:\/\/diariotextual.com\/inicio\/index.php\/wp-json\/wp\/v2\/media?parent=167970"}],"wp:term":[{"taxonomy":"category","embeddable":true,"href":"https:\/\/diariotextual.com\/inicio\/index.php\/wp-json\/wp\/v2\/categories?post=167970"},{"taxonomy":"post_tag","embeddable":true,"href":"https:\/\/diariotextual.com\/inicio\/index.php\/wp-json\/wp\/v2\/tags?post=167970"}],"curies":[{"name":"wp","href":"https:\/\/api.w.org\/{rel}","templated":true}]}}