{"id":168102,"date":"2021-11-08T08:24:00","date_gmt":"2021-11-08T11:24:00","guid":{"rendered":"https:\/\/diariotextual.com\/inicio\/?p=168102"},"modified":"2021-11-08T09:35:12","modified_gmt":"2021-11-08T12:35:12","slug":"macri-la-plata-del-fmi-la-usamos-para-pagar-a-los-bancos-comerciales-que-se-querian-ir","status":"publish","type":"post","link":"https:\/\/diariotextual.com\/inicio\/index.php\/2021\/11\/08\/macri-la-plata-del-fmi-la-usamos-para-pagar-a-los-bancos-comerciales-que-se-querian-ir\/","title":{"rendered":"Macri: \u201cLa plata del FMI la usamos para pagar a los bancos comerciales que se quer\u00edan ir\u201d"},"content":{"rendered":"\n<p>El expresidente <strong>Mauricio Macri<\/strong> sostuvo que los<strong> 45 mil millones de d\u00f3lares que el Fondo Monetario Internacional le prest\u00f3 a Argentina<\/strong> durante su mandato fueron&nbsp;destinados a <strong>\u201cpagarle a los bancos comerciales que se quer\u00edan ir del pa\u00eds\u201d<\/strong> porque \u201cten\u00edan miedo de que volviera el kirchnerismo\u201d.<\/p>\n\n\n\n<p>Sobre la negociaci\u00f3n vigente para alcanzar un acuerdo, Macri expuso: \u201cEl FMI pide un plan; si hay un plan, esto se refinancia. No est\u00e1n para ganar plata, sino para que a Argentina le vaya bien.&nbsp;Necesitan que todos los pa\u00edses del mundo se fortalezcan y contribuyan a mejorar la calidad de vida de los habitantes de este planeta\u201d, afirm\u00f3 en declaraciones al canal CNN en Espa\u00f1ol.<\/p>\n\n\n\n<p>Macri se\u00f1al\u00f3 tambi\u00e9n que el exmandatario de Estados Unidos&nbsp;Donald Trump \u201cse port\u00f3 muy bien\u201d y \u201ccolabor\u00f3 much\u00edsimo\u201d con su Gobierno, entre otras cosas por el apoyo al cr\u00e9dito del FMI solicitado por el Gobierno argentino en 2018.<\/p>\n\n\n\n<p>Acerca de la pol\u00edtica dom\u00e9stica, asegur\u00f3 que en 2023 habr\u00e1 \u201cmuchos candidatos\u201d y que el que represente a Juntos por el Cambio (JxC) se dilucidar\u00e1 en las elecciones Primarias Abiertas, Simult\u00e1neas y Obligatorias (PASO) de ese a\u00f1o.<\/p>\n\n\n\n<p>\u201cTodos los curas quieren ser Papas, y dije &#8216;Yo los voy a ayudar a todos a crecer, a mostrar su capacidad de liderazgo pero todos ac\u00e1 adentro&#8217;, y en el 2023, en una PASO, la gente elegir\u00e1\u201d, afirm\u00f3 el exmandatario sobre su rol en estos dos a\u00f1os fuera del Gobierno, en los que dijo que se focaliz\u00f3 en \u201cque haya una oposici\u00f3n s\u00f3lida\u201d.<\/p>\n\n\n\n<p>En otro tramo de la entrevista, Macri critic\u00f3 la actuaci\u00f3n del juez federal subrogante de Dolores, Mart\u00edn Bava, y neg\u00f3 responsabilidades en la causa por el supuesto espionaje ilegal a los familiares de los tripulantes del submarino ARA San Juan.<\/p>\n\n\n\n<p>\u201cYo no espi\u00e9, no mand\u00e9 espiar a nadie, nunca tuve ninguna informaci\u00f3n de espionaje sobre los familiares del ARA San Juan ni ning\u00fan otro buque en mi poder, nunca gast\u00e9 dinero del Estado en ninguna actividad il\u00edcita\u201d, reiter\u00f3.<\/p>\n\n\n\n<p>\u201cEsta intempestiva convocatoria a indagatoria sin fundamentos, en un proceso electoral, tiene una actitud repudiable pol\u00edtica\u201d, dijo.<\/p>\n\n\n\n<p>Sobre su mandato, analiz\u00f3: \u201cEn 2015 recibimos un Estado quebrado, en el tercer subsuelo. Prometimos un edificio de 50 pisos. Llegamos a la planta baja, est\u00e1bamos construyendo el primero, lejos de la expectativa que generamos, por eso no llegamos al 50% (de los votos)\u201d, interpret\u00f3 Macri sobre su derrota electoral en 2019.<\/p>\n\n\n\n<p>Y sigui\u00f3: \u201cLamentablemente, en estos 20 meses, este ej\u00e9rcito de demolici\u00f3n no s\u00f3lo no sigui\u00f3 construyendo el edificio sino que volvi\u00f3, no al tercer subsuelo, sino al sexto subsuelo\u201d.<\/p>\n\n\n\n<p><\/p>\n","protected":false},"excerpt":{"rendered":"<p>El expresidente Mauricio Macri sostuvo que los 45 mil millones de d\u00f3lares que el Fondo Monetario Internacional le prest\u00f3 a Argentina durante su mandato fueron&nbsp;destinados a \u201cpagarle a los bancos&hellip;<\/p>\n","protected":false},"author":7,"featured_media":104057,"comment_status":"closed","ping_status":"open","sticky":false,"template":"","format":"standard","meta":{"_acf_changed":false,"footnotes":""},"categories":[10,8],"tags":[],"class_list":["post-168102","post","type-post","status-publish","format-standard","has-post-thumbnail","hentry","category-portada-2","category-politica"],"acf":[],"yoast_head":"<!-- This site is optimized with the Yoast SEO plugin v27.5 - https:\/\/yoast.com\/product\/yoast-seo-wordpress\/ -->\n<title>Macri: \u201cLa plata del FMI la usamos para pagar a los bancos comerciales que se quer\u00edan ir\u201d - Diario Textual<\/title>\n<meta name=\"robots\" content=\"index, follow, max-snippet:-1, max-image-preview:large, max-video-preview:-1\" \/>\n<link rel=\"canonical\" href=\"https:\/\/diariotextual.com\/inicio\/index.php\/2021\/11\/08\/macri-la-plata-del-fmi-la-usamos-para-pagar-a-los-bancos-comerciales-que-se-querian-ir\/\" \/>\n<meta property=\"og:locale\" content=\"es_ES\" \/>\n<meta property=\"og:type\" content=\"article\" \/>\n<meta property=\"og:title\" content=\"Macri: \u201cLa plata del FMI la usamos para pagar a los bancos comerciales que se quer\u00edan ir\u201d - Diario Textual\" \/>\n<meta property=\"og:description\" content=\"El expresidente Mauricio Macri sostuvo que los 45 mil millones de d\u00f3lares que el Fondo Monetario Internacional le prest\u00f3 a Argentina durante su mandato fueron&nbsp;destinados a \u201cpagarle a los bancos&hellip;\" \/>\n<meta property=\"og:url\" content=\"https:\/\/diariotextual.com\/inicio\/index.php\/2021\/11\/08\/macri-la-plata-del-fmi-la-usamos-para-pagar-a-los-bancos-comerciales-que-se-querian-ir\/\" \/>\n<meta property=\"og:site_name\" content=\"Diario Textual\" \/>\n<meta property=\"article:publisher\" content=\"https:\/\/www.facebook.com\/eltextual\" \/>\n<meta property=\"article:published_time\" content=\"2021-11-08T11:24:00+00:00\" \/>\n<meta property=\"article:modified_time\" content=\"2021-11-08T12:35:12+00:00\" \/>\n<meta property=\"og:image\" content=\"https:\/\/diariotextual.com\/inicio\/wp-content\/uploads\/2020\/07\/macrimauricio000099.jpg\" \/>\n\t<meta property=\"og:image:width\" content=\"1000\" \/>\n\t<meta property=\"og:image:height\" content=\"600\" \/>\n\t<meta property=\"og:image:type\" content=\"image\/jpeg\" \/>\n<meta name=\"author\" content=\"diario5\" \/>\n<meta name=\"twitter:card\" content=\"summary_large_image\" \/>\n<meta name=\"twitter:creator\" content=\"@eltextual\" \/>\n<meta name=\"twitter:site\" content=\"@eltextual\" \/>\n<meta name=\"twitter:label1\" content=\"Escrito por\" \/>\n\t<meta name=\"twitter:data1\" content=\"diario5\" \/>\n\t<meta name=\"twitter:label2\" content=\"Tiempo de lectura\" \/>\n\t<meta name=\"twitter:data2\" content=\"2 minutos\" \/>\n<script type=\"application\/ld+json\" class=\"yoast-schema-graph\">{\"@context\":\"https:\\\/\\\/schema.org\",\"@graph\":[{\"@type\":\"Article\",\"@id\":\"https:\\\/\\\/diariotextual.com\\\/inicio\\\/index.php\\\/2021\\\/11\\\/08\\\/macri-la-plata-del-fmi-la-usamos-para-pagar-a-los-bancos-comerciales-que-se-querian-ir\\\/#article\",\"isPartOf\":{\"@id\":\"https:\\\/\\\/diariotextual.com\\\/inicio\\\/index.php\\\/2021\\\/11\\\/08\\\/macri-la-plata-del-fmi-la-usamos-para-pagar-a-los-bancos-comerciales-que-se-querian-ir\\\/\"},\"author\":{\"name\":\"diario5\",\"@id\":\"https:\\\/\\\/diariotextual.com\\\/inicio\\\/#\\\/schema\\\/person\\\/c7834961ad8b29b1d9cdbf4571299067\"},\"headline\":\"Macri: \u201cLa plata del FMI la usamos para pagar a los bancos comerciales que se quer\u00edan ir\u201d\",\"datePublished\":\"2021-11-08T11:24:00+00:00\",\"dateModified\":\"2021-11-08T12:35:12+00:00\",\"mainEntityOfPage\":{\"@id\":\"https:\\\/\\\/diariotextual.com\\\/inicio\\\/index.php\\\/2021\\\/11\\\/08\\\/macri-la-plata-del-fmi-la-usamos-para-pagar-a-los-bancos-comerciales-que-se-querian-ir\\\/\"},\"wordCount\":467,\"publisher\":{\"@id\":\"https:\\\/\\\/diariotextual.com\\\/inicio\\\/#organization\"},\"image\":{\"@id\":\"https:\\\/\\\/diariotextual.com\\\/inicio\\\/index.php\\\/2021\\\/11\\\/08\\\/macri-la-plata-del-fmi-la-usamos-para-pagar-a-los-bancos-comerciales-que-se-querian-ir\\\/#primaryimage\"},\"thumbnailUrl\":\"https:\\\/\\\/diariotextual.com\\\/inicio\\\/wp-content\\\/uploads\\\/2020\\\/07\\\/macrimauricio000099.jpg\",\"articleSection\":[\"A - PORTADA2\",\"POLITICA\"],\"inLanguage\":\"es\"},{\"@type\":\"WebPage\",\"@id\":\"https:\\\/\\\/diariotextual.com\\\/inicio\\\/index.php\\\/2021\\\/11\\\/08\\\/macri-la-plata-del-fmi-la-usamos-para-pagar-a-los-bancos-comerciales-que-se-querian-ir\\\/\",\"url\":\"https:\\\/\\\/diariotextual.com\\\/inicio\\\/index.php\\\/2021\\\/11\\\/08\\\/macri-la-plata-del-fmi-la-usamos-para-pagar-a-los-bancos-comerciales-que-se-querian-ir\\\/\",\"name\":\"Macri: \u201cLa plata del FMI la usamos para pagar a los bancos comerciales que se quer\u00edan ir\u201d - Diario Textual\",\"isPartOf\":{\"@id\":\"https:\\\/\\\/diariotextual.com\\\/inicio\\\/#website\"},\"primaryImageOfPage\":{\"@id\":\"https:\\\/\\\/diariotextual.com\\\/inicio\\\/index.php\\\/2021\\\/11\\\/08\\\/macri-la-plata-del-fmi-la-usamos-para-pagar-a-los-bancos-comerciales-que-se-querian-ir\\\/#primaryimage\"},\"image\":{\"@id\":\"https:\\\/\\\/diariotextual.com\\\/inicio\\\/index.php\\\/2021\\\/11\\\/08\\\/macri-la-plata-del-fmi-la-usamos-para-pagar-a-los-bancos-comerciales-que-se-querian-ir\\\/#primaryimage\"},\"thumbnailUrl\":\"https:\\\/\\\/diariotextual.com\\\/inicio\\\/wp-content\\\/uploads\\\/2020\\\/07\\\/macrimauricio000099.jpg\",\"datePublished\":\"2021-11-08T11:24:00+00:00\",\"dateModified\":\"2021-11-08T12:35:12+00:00\",\"breadcrumb\":{\"@id\":\"https:\\\/\\\/diariotextual.com\\\/inicio\\\/index.php\\\/2021\\\/11\\\/08\\\/macri-la-plata-del-fmi-la-usamos-para-pagar-a-los-bancos-comerciales-que-se-querian-ir\\\/#breadcrumb\"},\"inLanguage\":\"es\",\"potentialAction\":[{\"@type\":\"ReadAction\",\"target\":[\"https:\\\/\\\/diariotextual.com\\\/inicio\\\/index.php\\\/2021\\\/11\\\/08\\\/macri-la-plata-del-fmi-la-usamos-para-pagar-a-los-bancos-comerciales-que-se-querian-ir\\\/\"]}]},{\"@type\":\"ImageObject\",\"inLanguage\":\"es\",\"@id\":\"https:\\\/\\\/diariotextual.com\\\/inicio\\\/index.php\\\/2021\\\/11\\\/08\\\/macri-la-plata-del-fmi-la-usamos-para-pagar-a-los-bancos-comerciales-que-se-querian-ir\\\/#primaryimage\",\"url\":\"https:\\\/\\\/diariotextual.com\\\/inicio\\\/wp-content\\\/uploads\\\/2020\\\/07\\\/macrimauricio000099.jpg\",\"contentUrl\":\"https:\\\/\\\/diariotextual.com\\\/inicio\\\/wp-content\\\/uploads\\\/2020\\\/07\\\/macrimauricio000099.jpg\",\"width\":1000,\"height\":600},{\"@type\":\"BreadcrumbList\",\"@id\":\"https:\\\/\\\/diariotextual.com\\\/inicio\\\/index.php\\\/2021\\\/11\\\/08\\\/macri-la-plata-del-fmi-la-usamos-para-pagar-a-los-bancos-comerciales-que-se-querian-ir\\\/#breadcrumb\",\"itemListElement\":[{\"@type\":\"ListItem\",\"position\":1,\"name\":\"Portada\",\"item\":\"https:\\\/\\\/diariotextual.com\\\/inicio\\\/\"},{\"@type\":\"ListItem\",\"position\":2,\"name\":\"Macri: \u201cLa plata del FMI la usamos para pagar a los bancos comerciales que se quer\u00edan ir\u201d\"}]},{\"@type\":\"WebSite\",\"@id\":\"https:\\\/\\\/diariotextual.com\\\/inicio\\\/#website\",\"url\":\"https:\\\/\\\/diariotextual.com\\\/inicio\\\/\",\"name\":\"Diario Textual\",\"description\":\"\",\"publisher\":{\"@id\":\"https:\\\/\\\/diariotextual.com\\\/inicio\\\/#organization\"},\"potentialAction\":[{\"@type\":\"SearchAction\",\"target\":{\"@type\":\"EntryPoint\",\"urlTemplate\":\"https:\\\/\\\/diariotextual.com\\\/inicio\\\/?s={search_term_string}\"},\"query-input\":{\"@type\":\"PropertyValueSpecification\",\"valueRequired\":true,\"valueName\":\"search_term_string\"}}],\"inLanguage\":\"es\"},{\"@type\":\"Organization\",\"@id\":\"https:\\\/\\\/diariotextual.com\\\/inicio\\\/#organization\",\"name\":\"Diario Textual\",\"url\":\"https:\\\/\\\/diariotextual.com\\\/inicio\\\/\",\"logo\":{\"@type\":\"ImageObject\",\"inLanguage\":\"es\",\"@id\":\"https:\\\/\\\/diariotextual.com\\\/inicio\\\/#\\\/schema\\\/logo\\\/image\\\/\",\"url\":\"https:\\\/\\\/diariotextual.com\\\/inicio\\\/wp-content\\\/uploads\\\/2023\\\/05\\\/logotextual1.jpg\",\"contentUrl\":\"https:\\\/\\\/diariotextual.com\\\/inicio\\\/wp-content\\\/uploads\\\/2023\\\/05\\\/logotextual1.jpg\",\"width\":516,\"height\":76,\"caption\":\"Diario Textual\"},\"image\":{\"@id\":\"https:\\\/\\\/diariotextual.com\\\/inicio\\\/#\\\/schema\\\/logo\\\/image\\\/\"},\"sameAs\":[\"https:\\\/\\\/www.facebook.com\\\/eltextual\",\"https:\\\/\\\/x.com\\\/eltextual\",\"http:\\\/\\\/www.instagram.com\\\/eltextual\"]},{\"@type\":\"Person\",\"@id\":\"https:\\\/\\\/diariotextual.com\\\/inicio\\\/#\\\/schema\\\/person\\\/c7834961ad8b29b1d9cdbf4571299067\",\"name\":\"diario5\",\"image\":{\"@type\":\"ImageObject\",\"inLanguage\":\"es\",\"@id\":\"https:\\\/\\\/secure.gravatar.com\\\/avatar\\\/948c893b847ca6df68216ead81b63f363408ec9b0f600fefc0641ce78613b111?s=96&d=mm&r=g\",\"url\":\"https:\\\/\\\/secure.gravatar.com\\\/avatar\\\/948c893b847ca6df68216ead81b63f363408ec9b0f600fefc0641ce78613b111?s=96&d=mm&r=g\",\"contentUrl\":\"https:\\\/\\\/secure.gravatar.com\\\/avatar\\\/948c893b847ca6df68216ead81b63f363408ec9b0f600fefc0641ce78613b111?s=96&d=mm&r=g\",\"caption\":\"diario5\"},\"url\":\"https:\\\/\\\/diariotextual.com\\\/inicio\\\/index.php\\\/author\\\/diario5\\\/\"}]}<\/script>\n<!-- \/ Yoast SEO plugin. -->","yoast_head_json":{"title":"Macri: \u201cLa plata del FMI la usamos para pagar a los bancos comerciales que se quer\u00edan ir\u201d - Diario Textual","robots":{"index":"index","follow":"follow","max-snippet":"max-snippet:-1","max-image-preview":"max-image-preview:large","max-video-preview":"max-video-preview:-1"},"canonical":"https:\/\/diariotextual.com\/inicio\/index.php\/2021\/11\/08\/macri-la-plata-del-fmi-la-usamos-para-pagar-a-los-bancos-comerciales-que-se-querian-ir\/","og_locale":"es_ES","og_type":"article","og_title":"Macri: \u201cLa plata del FMI la usamos para pagar a los bancos comerciales que se quer\u00edan ir\u201d - Diario Textual","og_description":"El expresidente Mauricio Macri sostuvo que los 45 mil millones de d\u00f3lares que el Fondo Monetario Internacional le prest\u00f3 a Argentina durante su mandato fueron&nbsp;destinados a \u201cpagarle a los bancos&hellip;","og_url":"https:\/\/diariotextual.com\/inicio\/index.php\/2021\/11\/08\/macri-la-plata-del-fmi-la-usamos-para-pagar-a-los-bancos-comerciales-que-se-querian-ir\/","og_site_name":"Diario Textual","article_publisher":"https:\/\/www.facebook.com\/eltextual","article_published_time":"2021-11-08T11:24:00+00:00","article_modified_time":"2021-11-08T12:35:12+00:00","og_image":[{"width":1000,"height":600,"url":"https:\/\/diariotextual.com\/inicio\/wp-content\/uploads\/2020\/07\/macrimauricio000099.jpg","type":"image\/jpeg"}],"author":"diario5","twitter_card":"summary_large_image","twitter_creator":"@eltextual","twitter_site":"@eltextual","twitter_misc":{"Escrito por":"diario5","Tiempo de lectura":"2 minutos"},"schema":{"@context":"https:\/\/schema.org","@graph":[{"@type":"Article","@id":"https:\/\/diariotextual.com\/inicio\/index.php\/2021\/11\/08\/macri-la-plata-del-fmi-la-usamos-para-pagar-a-los-bancos-comerciales-que-se-querian-ir\/#article","isPartOf":{"@id":"https:\/\/diariotextual.com\/inicio\/index.php\/2021\/11\/08\/macri-la-plata-del-fmi-la-usamos-para-pagar-a-los-bancos-comerciales-que-se-querian-ir\/"},"author":{"name":"diario5","@id":"https:\/\/diariotextual.com\/inicio\/#\/schema\/person\/c7834961ad8b29b1d9cdbf4571299067"},"headline":"Macri: \u201cLa plata del FMI la usamos para pagar a los bancos comerciales que se quer\u00edan ir\u201d","datePublished":"2021-11-08T11:24:00+00:00","dateModified":"2021-11-08T12:35:12+00:00","mainEntityOfPage":{"@id":"https:\/\/diariotextual.com\/inicio\/index.php\/2021\/11\/08\/macri-la-plata-del-fmi-la-usamos-para-pagar-a-los-bancos-comerciales-que-se-querian-ir\/"},"wordCount":467,"publisher":{"@id":"https:\/\/diariotextual.com\/inicio\/#organization"},"image":{"@id":"https:\/\/diariotextual.com\/inicio\/index.php\/2021\/11\/08\/macri-la-plata-del-fmi-la-usamos-para-pagar-a-los-bancos-comerciales-que-se-querian-ir\/#primaryimage"},"thumbnailUrl":"https:\/\/diariotextual.com\/inicio\/wp-content\/uploads\/2020\/07\/macrimauricio000099.jpg","articleSection":["A - PORTADA2","POLITICA"],"inLanguage":"es"},{"@type":"WebPage","@id":"https:\/\/diariotextual.com\/inicio\/index.php\/2021\/11\/08\/macri-la-plata-del-fmi-la-usamos-para-pagar-a-los-bancos-comerciales-que-se-querian-ir\/","url":"https:\/\/diariotextual.com\/inicio\/index.php\/2021\/11\/08\/macri-la-plata-del-fmi-la-usamos-para-pagar-a-los-bancos-comerciales-que-se-querian-ir\/","name":"Macri: \u201cLa plata del FMI la usamos para pagar a los bancos comerciales que se quer\u00edan ir\u201d - Diario Textual","isPartOf":{"@id":"https:\/\/diariotextual.com\/inicio\/#website"},"primaryImageOfPage":{"@id":"https:\/\/diariotextual.com\/inicio\/index.php\/2021\/11\/08\/macri-la-plata-del-fmi-la-usamos-para-pagar-a-los-bancos-comerciales-que-se-querian-ir\/#primaryimage"},"image":{"@id":"https:\/\/diariotextual.com\/inicio\/index.php\/2021\/11\/08\/macri-la-plata-del-fmi-la-usamos-para-pagar-a-los-bancos-comerciales-que-se-querian-ir\/#primaryimage"},"thumbnailUrl":"https:\/\/diariotextual.com\/inicio\/wp-content\/uploads\/2020\/07\/macrimauricio000099.jpg","datePublished":"2021-11-08T11:24:00+00:00","dateModified":"2021-11-08T12:35:12+00:00","breadcrumb":{"@id":"https:\/\/diariotextual.com\/inicio\/index.php\/2021\/11\/08\/macri-la-plata-del-fmi-la-usamos-para-pagar-a-los-bancos-comerciales-que-se-querian-ir\/#breadcrumb"},"inLanguage":"es","potentialAction":[{"@type":"ReadAction","target":["https:\/\/diariotextual.com\/inicio\/index.php\/2021\/11\/08\/macri-la-plata-del-fmi-la-usamos-para-pagar-a-los-bancos-comerciales-que-se-querian-ir\/"]}]},{"@type":"ImageObject","inLanguage":"es","@id":"https:\/\/diariotextual.com\/inicio\/index.php\/2021\/11\/08\/macri-la-plata-del-fmi-la-usamos-para-pagar-a-los-bancos-comerciales-que-se-querian-ir\/#primaryimage","url":"https:\/\/diariotextual.com\/inicio\/wp-content\/uploads\/2020\/07\/macrimauricio000099.jpg","contentUrl":"https:\/\/diariotextual.com\/inicio\/wp-content\/uploads\/2020\/07\/macrimauricio000099.jpg","width":1000,"height":600},{"@type":"BreadcrumbList","@id":"https:\/\/diariotextual.com\/inicio\/index.php\/2021\/11\/08\/macri-la-plata-del-fmi-la-usamos-para-pagar-a-los-bancos-comerciales-que-se-querian-ir\/#breadcrumb","itemListElement":[{"@type":"ListItem","position":1,"name":"Portada","item":"https:\/\/diariotextual.com\/inicio\/"},{"@type":"ListItem","position":2,"name":"Macri: \u201cLa plata del FMI la usamos para pagar a los bancos comerciales que se quer\u00edan ir\u201d"}]},{"@type":"WebSite","@id":"https:\/\/diariotextual.com\/inicio\/#website","url":"https:\/\/diariotextual.com\/inicio\/","name":"Diario Textual","description":"","publisher":{"@id":"https:\/\/diariotextual.com\/inicio\/#organization"},"potentialAction":[{"@type":"SearchAction","target":{"@type":"EntryPoint","urlTemplate":"https:\/\/diariotextual.com\/inicio\/?s={search_term_string}"},"query-input":{"@type":"PropertyValueSpecification","valueRequired":true,"valueName":"search_term_string"}}],"inLanguage":"es"},{"@type":"Organization","@id":"https:\/\/diariotextual.com\/inicio\/#organization","name":"Diario Textual","url":"https:\/\/diariotextual.com\/inicio\/","logo":{"@type":"ImageObject","inLanguage":"es","@id":"https:\/\/diariotextual.com\/inicio\/#\/schema\/logo\/image\/","url":"https:\/\/diariotextual.com\/inicio\/wp-content\/uploads\/2023\/05\/logotextual1.jpg","contentUrl":"https:\/\/diariotextual.com\/inicio\/wp-content\/uploads\/2023\/05\/logotextual1.jpg","width":516,"height":76,"caption":"Diario Textual"},"image":{"@id":"https:\/\/diariotextual.com\/inicio\/#\/schema\/logo\/image\/"},"sameAs":["https:\/\/www.facebook.com\/eltextual","https:\/\/x.com\/eltextual","http:\/\/www.instagram.com\/eltextual"]},{"@type":"Person","@id":"https:\/\/diariotextual.com\/inicio\/#\/schema\/person\/c7834961ad8b29b1d9cdbf4571299067","name":"diario5","image":{"@type":"ImageObject","inLanguage":"es","@id":"https:\/\/secure.gravatar.com\/avatar\/948c893b847ca6df68216ead81b63f363408ec9b0f600fefc0641ce78613b111?s=96&d=mm&r=g","url":"https:\/\/secure.gravatar.com\/avatar\/948c893b847ca6df68216ead81b63f363408ec9b0f600fefc0641ce78613b111?s=96&d=mm&r=g","contentUrl":"https:\/\/secure.gravatar.com\/avatar\/948c893b847ca6df68216ead81b63f363408ec9b0f600fefc0641ce78613b111?s=96&d=mm&r=g","caption":"diario5"},"url":"https:\/\/diariotextual.com\/inicio\/index.php\/author\/diario5\/"}]}},"_links":{"self":[{"href":"https:\/\/diariotextual.com\/inicio\/index.php\/wp-json\/wp\/v2\/posts\/168102","targetHints":{"allow":["GET"]}}],"collection":[{"href":"https:\/\/diariotextual.com\/inicio\/index.php\/wp-json\/wp\/v2\/posts"}],"about":[{"href":"https:\/\/diariotextual.com\/inicio\/index.php\/wp-json\/wp\/v2\/types\/post"}],"author":[{"embeddable":true,"href":"https:\/\/diariotextual.com\/inicio\/index.php\/wp-json\/wp\/v2\/users\/7"}],"replies":[{"embeddable":true,"href":"https:\/\/diariotextual.com\/inicio\/index.php\/wp-json\/wp\/v2\/comments?post=168102"}],"version-history":[{"count":3,"href":"https:\/\/diariotextual.com\/inicio\/index.php\/wp-json\/wp\/v2\/posts\/168102\/revisions"}],"predecessor-version":[{"id":168117,"href":"https:\/\/diariotextual.com\/inicio\/index.php\/wp-json\/wp\/v2\/posts\/168102\/revisions\/168117"}],"wp:featuredmedia":[{"embeddable":true,"href":"https:\/\/diariotextual.com\/inicio\/index.php\/wp-json\/wp\/v2\/media\/104057"}],"wp:attachment":[{"href":"https:\/\/diariotextual.com\/inicio\/index.php\/wp-json\/wp\/v2\/media?parent=168102"}],"wp:term":[{"taxonomy":"category","embeddable":true,"href":"https:\/\/diariotextual.com\/inicio\/index.php\/wp-json\/wp\/v2\/categories?post=168102"},{"taxonomy":"post_tag","embeddable":true,"href":"https:\/\/diariotextual.com\/inicio\/index.php\/wp-json\/wp\/v2\/tags?post=168102"}],"curies":[{"name":"wp","href":"https:\/\/api.w.org\/{rel}","templated":true}]}}