{"id":168162,"date":"2021-11-08T19:27:30","date_gmt":"2021-11-08T22:27:30","guid":{"rendered":"https:\/\/diariotextual.com\/inicio\/?p=168162"},"modified":"2021-11-09T05:38:27","modified_gmt":"2021-11-09T08:38:27","slug":"tetaz-vino-a-respaldar-a-jxc-es-una-eleccion-centralmente-nacional-y-la-pampa-es-clave","status":"publish","type":"post","link":"https:\/\/diariotextual.com\/inicio\/index.php\/2021\/11\/08\/tetaz-vino-a-respaldar-a-jxc-es-una-eleccion-centralmente-nacional-y-la-pampa-es-clave\/","title":{"rendered":"Tetaz vino a respaldar a JxC: \u201cEs una elecci\u00f3n centralmente nacional y La Pampa es clave\u201d"},"content":{"rendered":"\n<p>Otro dirigente nacional de Juntos por el Cambio pas\u00f3 por La Pampa: esta vez fue el turno de <strong>Mart\u00edn Tetaz<\/strong>, economista y segundo candidato a diputado nacional en la ciudad de Buenos Aires. \u201cLa de este 14 de noviembre es una elecci\u00f3n centralmente nacional y La Pampa es clave. Si repetimos los resultados, vamos a llegar con mayor\u00eda en ambas c\u00e1maras. Es muy importante si queremos cambiar el rumbo del pa\u00eds\u201d, dijo, en conferencia de prensa.<\/p>\n\n\n\n<p>&nbsp;Tetaz es egresado de la Universidad Nacional de La Plata, donde se recibi\u00f3 de economista y se especializ\u00f3 en Econom\u00eda del Comportamiento, la rama de la disciplina que utiliza los descubrimientos de la Psicolog\u00eda Cognitiva para estudiar las conductas de consumidores e inversores. Es docente de esa casa de estudios pero adem\u00e1s consultor de empresas y un conferencista experimentado.<\/p>\n\n\n\n<p>Se hizo conocido como periodista a trav\u00e9s de su participaci\u00f3n en diversos programas, entre ellos \u00abLanata Sin Filtro\u00bb, de Radio Mitre, y en el programa de Luis Majul de la se\u00f1al La Nacion+, adem\u00e1s de escribir para distintos medios.<\/p>\n\n\n\n<p>\u00abEn esta ocasi\u00f3n, por primera vez en la historia pol\u00edtica argentina, un partido llega con media docena de candidatos presidenciables fuertes\u00bb, dijo, acompa\u00f1ado por los candidatos Daniel Kroneberger, Marcela Coli, Victoria Huala y Mart\u00edn Maquieyra. \u00abNunca hubo candidatos tan competitivos, ni tan fuertes\u00bb, agreg\u00f3.<\/p>\n\n\n\n<p><strong>El dirigente defendi\u00f3 fuertemente los cr\u00e9ditos UVA<\/strong>, pese a que se han tornado pr\u00e1cticamente impagables para los pampeanos que los han tomado para construir o comprar viviendas. \u201cFueron y siguen siendo el cr\u00e9dito m\u00e1s barato del mercado\u201d, dijo.<\/p>\n\n\n\n<p>Los cr\u00e9ditos UVA fueron lanzados en abril de 2016 y se actualizaron por inflaci\u00f3n, por lo que esto represent\u00f3 un ahogo financiero para las personas que los sacaron: los hipotecados reclaman que las cuotas suben m\u00e1s que su capacidad adquisitiva<\/p>\n\n\n\n<p>\u201cSon un gran mecanismo porque bajan la cuota inicial a una tercera parte de lo que cuesta un cr\u00e9dito tradicional, permitiendo que la clase media pueda acceder masivamente a la vivienda\u201d, dijo Tetaz.<\/p>\n\n\n\n<p>\u00abPara que exista cr\u00e9dito hipotecario sostenible la cuota no puede crecer en t\u00e9rminos reales (porque nadie la pagar\u00eda) y tampoco puede licuarse en t\u00e9rminos reales (porque nadie lo ofrecer\u00eda)\u201d, dijo. Por eso, manifest\u00f3, los UVA garantizan que se pague siempre el mismo valor real.<\/p>\n\n\n\n<p>\u201c<strong>Lo que pas\u00f3 es que el salario real se derrumb\u00f3 un 22%<\/strong>. Las historias de los que les cuesta pagar, son ciertas. Pero es exactamente lo mismo para todos.<strong> El problema es que todos, con o sin cr\u00e9ditos UVA, somos un 22% m\u00e1s pobres. <\/strong>Por eso les cuesta pagar un poco m\u00e1s pagar ese cr\u00e9dito, como nos cuesta un poco m\u00e1s pagar el alquiler o llenar el changuito en el s\u00faper\u201d, insisti\u00f3.<\/p>\n\n\n\n<p>Adem\u00e1s, se refiri\u00f3 a la inflaci\u00f3n y a la suba del d\u00f3lar. \u201cEl problema no es el d\u00f3lar blue. Es el peso, que se est\u00e1 cayendo\u201d, expres\u00f3.<\/p>\n\n\n\n<p>Dijo que hay que reformar la carta org\u00e1nica del Banco Central. \u00abSaqu\u00e9mosle al presidente el control del Banco Central\u00bb, manifest\u00f3. \u00abHay que lograr la independencia del Banco Central y hay que disciplinar al presidente para que gaste menos. La \u00fanica manera de terminar con la inflaci\u00f3n cr\u00f3nica es dejar de emitir.<\/p>\n\n\n\n<p>Sostuvo que, para estos cambios, se requiere consensos. \u00abYo tengo la esperanza de que esta reforma sea tambi\u00e9n acompa\u00f1ada por el oficialismo, incluso estoy dispuesto a resignar a\u00f1os y que esto empiece a regir en 2023\u00bb, expres\u00f3.<\/p>\n\n\n\n<p><\/p>\n","protected":false},"excerpt":{"rendered":"<p>Otro dirigente nacional de Juntos por el Cambio pas\u00f3 por La Pampa: esta vez fue el turno de Mart\u00edn Tetaz, economista y segundo candidato a diputado nacional en la ciudad&hellip;<\/p>\n","protected":false},"author":3,"featured_media":168188,"comment_status":"closed","ping_status":"open","sticky":false,"template":"","format":"standard","meta":{"_acf_changed":false,"footnotes":""},"categories":[10,8],"tags":[6246],"class_list":["post-168162","post","type-post","status-publish","format-standard","has-post-thumbnail","hentry","category-portada-2","category-politica","tag-tetaz"],"acf":[],"yoast_head":"<!-- This site is optimized with the Yoast SEO plugin v27.5 - https:\/\/yoast.com\/product\/yoast-seo-wordpress\/ -->\n<title>Tetaz vino a respaldar a JxC: \u201cEs una elecci\u00f3n centralmente nacional y La Pampa es clave\u201d - Diario Textual<\/title>\n<meta name=\"robots\" content=\"index, follow, max-snippet:-1, max-image-preview:large, max-video-preview:-1\" \/>\n<link rel=\"canonical\" href=\"https:\/\/diariotextual.com\/inicio\/index.php\/2021\/11\/08\/tetaz-vino-a-respaldar-a-jxc-es-una-eleccion-centralmente-nacional-y-la-pampa-es-clave\/\" \/>\n<meta property=\"og:locale\" content=\"es_ES\" \/>\n<meta property=\"og:type\" content=\"article\" \/>\n<meta property=\"og:title\" content=\"Tetaz vino a respaldar a JxC: \u201cEs una elecci\u00f3n centralmente nacional y La Pampa es clave\u201d - Diario Textual\" \/>\n<meta property=\"og:description\" content=\"Otro dirigente nacional de Juntos por el Cambio pas\u00f3 por La Pampa: esta vez fue el turno de Mart\u00edn Tetaz, economista y segundo candidato a diputado nacional en la ciudad&hellip;\" \/>\n<meta property=\"og:url\" content=\"https:\/\/diariotextual.com\/inicio\/index.php\/2021\/11\/08\/tetaz-vino-a-respaldar-a-jxc-es-una-eleccion-centralmente-nacional-y-la-pampa-es-clave\/\" \/>\n<meta property=\"og:site_name\" content=\"Diario Textual\" \/>\n<meta property=\"article:publisher\" content=\"https:\/\/www.facebook.com\/eltextual\" \/>\n<meta property=\"article:published_time\" content=\"2021-11-08T22:27:30+00:00\" \/>\n<meta property=\"article:modified_time\" content=\"2021-11-09T08:38:27+00:00\" \/>\n<meta property=\"og:image\" content=\"https:\/\/diariotextual.com\/inicio\/wp-content\/uploads\/2021\/11\/tetazmartinsantarosa2021-1.jpg\" \/>\n\t<meta property=\"og:image:width\" content=\"730\" \/>\n\t<meta property=\"og:image:height\" content=\"476\" \/>\n\t<meta property=\"og:image:type\" content=\"image\/jpeg\" \/>\n<meta name=\"author\" content=\"Diario1 Diario1\" \/>\n<meta name=\"twitter:card\" content=\"summary_large_image\" \/>\n<meta name=\"twitter:creator\" content=\"@eltextual\" \/>\n<meta name=\"twitter:site\" content=\"@eltextual\" \/>\n<meta name=\"twitter:label1\" content=\"Escrito por\" \/>\n\t<meta name=\"twitter:data1\" content=\"Diario1 Diario1\" \/>\n\t<meta name=\"twitter:label2\" content=\"Tiempo de lectura\" \/>\n\t<meta name=\"twitter:data2\" content=\"3 minutos\" \/>\n<script type=\"application\/ld+json\" class=\"yoast-schema-graph\">{\"@context\":\"https:\\\/\\\/schema.org\",\"@graph\":[{\"@type\":\"Article\",\"@id\":\"https:\\\/\\\/diariotextual.com\\\/inicio\\\/index.php\\\/2021\\\/11\\\/08\\\/tetaz-vino-a-respaldar-a-jxc-es-una-eleccion-centralmente-nacional-y-la-pampa-es-clave\\\/#article\",\"isPartOf\":{\"@id\":\"https:\\\/\\\/diariotextual.com\\\/inicio\\\/index.php\\\/2021\\\/11\\\/08\\\/tetaz-vino-a-respaldar-a-jxc-es-una-eleccion-centralmente-nacional-y-la-pampa-es-clave\\\/\"},\"author\":{\"name\":\"Diario1 Diario1\",\"@id\":\"https:\\\/\\\/diariotextual.com\\\/inicio\\\/#\\\/schema\\\/person\\\/418fc4093c33e86ed41562db3508f958\"},\"headline\":\"Tetaz vino a respaldar a JxC: \u201cEs una elecci\u00f3n centralmente nacional y La Pampa es clave\u201d\",\"datePublished\":\"2021-11-08T22:27:30+00:00\",\"dateModified\":\"2021-11-09T08:38:27+00:00\",\"mainEntityOfPage\":{\"@id\":\"https:\\\/\\\/diariotextual.com\\\/inicio\\\/index.php\\\/2021\\\/11\\\/08\\\/tetaz-vino-a-respaldar-a-jxc-es-una-eleccion-centralmente-nacional-y-la-pampa-es-clave\\\/\"},\"wordCount\":619,\"publisher\":{\"@id\":\"https:\\\/\\\/diariotextual.com\\\/inicio\\\/#organization\"},\"image\":{\"@id\":\"https:\\\/\\\/diariotextual.com\\\/inicio\\\/index.php\\\/2021\\\/11\\\/08\\\/tetaz-vino-a-respaldar-a-jxc-es-una-eleccion-centralmente-nacional-y-la-pampa-es-clave\\\/#primaryimage\"},\"thumbnailUrl\":\"https:\\\/\\\/diariotextual.com\\\/inicio\\\/wp-content\\\/uploads\\\/2021\\\/11\\\/tetazmartinsantarosa2021-1.jpg\",\"keywords\":[\"tetaz\"],\"articleSection\":[\"A - PORTADA2\",\"POLITICA\"],\"inLanguage\":\"es\"},{\"@type\":\"WebPage\",\"@id\":\"https:\\\/\\\/diariotextual.com\\\/inicio\\\/index.php\\\/2021\\\/11\\\/08\\\/tetaz-vino-a-respaldar-a-jxc-es-una-eleccion-centralmente-nacional-y-la-pampa-es-clave\\\/\",\"url\":\"https:\\\/\\\/diariotextual.com\\\/inicio\\\/index.php\\\/2021\\\/11\\\/08\\\/tetaz-vino-a-respaldar-a-jxc-es-una-eleccion-centralmente-nacional-y-la-pampa-es-clave\\\/\",\"name\":\"Tetaz vino a respaldar a JxC: \u201cEs una elecci\u00f3n centralmente nacional y La Pampa es clave\u201d - Diario Textual\",\"isPartOf\":{\"@id\":\"https:\\\/\\\/diariotextual.com\\\/inicio\\\/#website\"},\"primaryImageOfPage\":{\"@id\":\"https:\\\/\\\/diariotextual.com\\\/inicio\\\/index.php\\\/2021\\\/11\\\/08\\\/tetaz-vino-a-respaldar-a-jxc-es-una-eleccion-centralmente-nacional-y-la-pampa-es-clave\\\/#primaryimage\"},\"image\":{\"@id\":\"https:\\\/\\\/diariotextual.com\\\/inicio\\\/index.php\\\/2021\\\/11\\\/08\\\/tetaz-vino-a-respaldar-a-jxc-es-una-eleccion-centralmente-nacional-y-la-pampa-es-clave\\\/#primaryimage\"},\"thumbnailUrl\":\"https:\\\/\\\/diariotextual.com\\\/inicio\\\/wp-content\\\/uploads\\\/2021\\\/11\\\/tetazmartinsantarosa2021-1.jpg\",\"datePublished\":\"2021-11-08T22:27:30+00:00\",\"dateModified\":\"2021-11-09T08:38:27+00:00\",\"breadcrumb\":{\"@id\":\"https:\\\/\\\/diariotextual.com\\\/inicio\\\/index.php\\\/2021\\\/11\\\/08\\\/tetaz-vino-a-respaldar-a-jxc-es-una-eleccion-centralmente-nacional-y-la-pampa-es-clave\\\/#breadcrumb\"},\"inLanguage\":\"es\",\"potentialAction\":[{\"@type\":\"ReadAction\",\"target\":[\"https:\\\/\\\/diariotextual.com\\\/inicio\\\/index.php\\\/2021\\\/11\\\/08\\\/tetaz-vino-a-respaldar-a-jxc-es-una-eleccion-centralmente-nacional-y-la-pampa-es-clave\\\/\"]}]},{\"@type\":\"ImageObject\",\"inLanguage\":\"es\",\"@id\":\"https:\\\/\\\/diariotextual.com\\\/inicio\\\/index.php\\\/2021\\\/11\\\/08\\\/tetaz-vino-a-respaldar-a-jxc-es-una-eleccion-centralmente-nacional-y-la-pampa-es-clave\\\/#primaryimage\",\"url\":\"https:\\\/\\\/diariotextual.com\\\/inicio\\\/wp-content\\\/uploads\\\/2021\\\/11\\\/tetazmartinsantarosa2021-1.jpg\",\"contentUrl\":\"https:\\\/\\\/diariotextual.com\\\/inicio\\\/wp-content\\\/uploads\\\/2021\\\/11\\\/tetazmartinsantarosa2021-1.jpg\",\"width\":730,\"height\":476},{\"@type\":\"BreadcrumbList\",\"@id\":\"https:\\\/\\\/diariotextual.com\\\/inicio\\\/index.php\\\/2021\\\/11\\\/08\\\/tetaz-vino-a-respaldar-a-jxc-es-una-eleccion-centralmente-nacional-y-la-pampa-es-clave\\\/#breadcrumb\",\"itemListElement\":[{\"@type\":\"ListItem\",\"position\":1,\"name\":\"Portada\",\"item\":\"https:\\\/\\\/diariotextual.com\\\/inicio\\\/\"},{\"@type\":\"ListItem\",\"position\":2,\"name\":\"Tetaz vino a respaldar a JxC: \u201cEs una elecci\u00f3n centralmente nacional y La Pampa es clave\u201d\"}]},{\"@type\":\"WebSite\",\"@id\":\"https:\\\/\\\/diariotextual.com\\\/inicio\\\/#website\",\"url\":\"https:\\\/\\\/diariotextual.com\\\/inicio\\\/\",\"name\":\"Diario Textual\",\"description\":\"\",\"publisher\":{\"@id\":\"https:\\\/\\\/diariotextual.com\\\/inicio\\\/#organization\"},\"potentialAction\":[{\"@type\":\"SearchAction\",\"target\":{\"@type\":\"EntryPoint\",\"urlTemplate\":\"https:\\\/\\\/diariotextual.com\\\/inicio\\\/?s={search_term_string}\"},\"query-input\":{\"@type\":\"PropertyValueSpecification\",\"valueRequired\":true,\"valueName\":\"search_term_string\"}}],\"inLanguage\":\"es\"},{\"@type\":\"Organization\",\"@id\":\"https:\\\/\\\/diariotextual.com\\\/inicio\\\/#organization\",\"name\":\"Diario Textual\",\"url\":\"https:\\\/\\\/diariotextual.com\\\/inicio\\\/\",\"logo\":{\"@type\":\"ImageObject\",\"inLanguage\":\"es\",\"@id\":\"https:\\\/\\\/diariotextual.com\\\/inicio\\\/#\\\/schema\\\/logo\\\/image\\\/\",\"url\":\"https:\\\/\\\/diariotextual.com\\\/inicio\\\/wp-content\\\/uploads\\\/2023\\\/05\\\/logotextual1.jpg\",\"contentUrl\":\"https:\\\/\\\/diariotextual.com\\\/inicio\\\/wp-content\\\/uploads\\\/2023\\\/05\\\/logotextual1.jpg\",\"width\":516,\"height\":76,\"caption\":\"Diario Textual\"},\"image\":{\"@id\":\"https:\\\/\\\/diariotextual.com\\\/inicio\\\/#\\\/schema\\\/logo\\\/image\\\/\"},\"sameAs\":[\"https:\\\/\\\/www.facebook.com\\\/eltextual\",\"https:\\\/\\\/x.com\\\/eltextual\",\"http:\\\/\\\/www.instagram.com\\\/eltextual\"]},{\"@type\":\"Person\",\"@id\":\"https:\\\/\\\/diariotextual.com\\\/inicio\\\/#\\\/schema\\\/person\\\/418fc4093c33e86ed41562db3508f958\",\"name\":\"Diario1 Diario1\",\"image\":{\"@type\":\"ImageObject\",\"inLanguage\":\"es\",\"@id\":\"https:\\\/\\\/secure.gravatar.com\\\/avatar\\\/9167d280179c85bc18be67aa7eda765854300033af4896dd779b608640f2ef7a?s=96&d=mm&r=g\",\"url\":\"https:\\\/\\\/secure.gravatar.com\\\/avatar\\\/9167d280179c85bc18be67aa7eda765854300033af4896dd779b608640f2ef7a?s=96&d=mm&r=g\",\"contentUrl\":\"https:\\\/\\\/secure.gravatar.com\\\/avatar\\\/9167d280179c85bc18be67aa7eda765854300033af4896dd779b608640f2ef7a?s=96&d=mm&r=g\",\"caption\":\"Diario1 Diario1\"},\"url\":\"https:\\\/\\\/diariotextual.com\\\/inicio\\\/index.php\\\/author\\\/diario1\\\/\"}]}<\/script>\n<!-- \/ Yoast SEO plugin. -->","yoast_head_json":{"title":"Tetaz vino a respaldar a JxC: \u201cEs una elecci\u00f3n centralmente nacional y La Pampa es clave\u201d - Diario Textual","robots":{"index":"index","follow":"follow","max-snippet":"max-snippet:-1","max-image-preview":"max-image-preview:large","max-video-preview":"max-video-preview:-1"},"canonical":"https:\/\/diariotextual.com\/inicio\/index.php\/2021\/11\/08\/tetaz-vino-a-respaldar-a-jxc-es-una-eleccion-centralmente-nacional-y-la-pampa-es-clave\/","og_locale":"es_ES","og_type":"article","og_title":"Tetaz vino a respaldar a JxC: \u201cEs una elecci\u00f3n centralmente nacional y La Pampa es clave\u201d - Diario Textual","og_description":"Otro dirigente nacional de Juntos por el Cambio pas\u00f3 por La Pampa: esta vez fue el turno de Mart\u00edn Tetaz, economista y segundo candidato a diputado nacional en la ciudad&hellip;","og_url":"https:\/\/diariotextual.com\/inicio\/index.php\/2021\/11\/08\/tetaz-vino-a-respaldar-a-jxc-es-una-eleccion-centralmente-nacional-y-la-pampa-es-clave\/","og_site_name":"Diario Textual","article_publisher":"https:\/\/www.facebook.com\/eltextual","article_published_time":"2021-11-08T22:27:30+00:00","article_modified_time":"2021-11-09T08:38:27+00:00","og_image":[{"width":730,"height":476,"url":"https:\/\/diariotextual.com\/inicio\/wp-content\/uploads\/2021\/11\/tetazmartinsantarosa2021-1.jpg","type":"image\/jpeg"}],"author":"Diario1 Diario1","twitter_card":"summary_large_image","twitter_creator":"@eltextual","twitter_site":"@eltextual","twitter_misc":{"Escrito por":"Diario1 Diario1","Tiempo de lectura":"3 minutos"},"schema":{"@context":"https:\/\/schema.org","@graph":[{"@type":"Article","@id":"https:\/\/diariotextual.com\/inicio\/index.php\/2021\/11\/08\/tetaz-vino-a-respaldar-a-jxc-es-una-eleccion-centralmente-nacional-y-la-pampa-es-clave\/#article","isPartOf":{"@id":"https:\/\/diariotextual.com\/inicio\/index.php\/2021\/11\/08\/tetaz-vino-a-respaldar-a-jxc-es-una-eleccion-centralmente-nacional-y-la-pampa-es-clave\/"},"author":{"name":"Diario1 Diario1","@id":"https:\/\/diariotextual.com\/inicio\/#\/schema\/person\/418fc4093c33e86ed41562db3508f958"},"headline":"Tetaz vino a respaldar a JxC: \u201cEs una elecci\u00f3n centralmente nacional y La Pampa es clave\u201d","datePublished":"2021-11-08T22:27:30+00:00","dateModified":"2021-11-09T08:38:27+00:00","mainEntityOfPage":{"@id":"https:\/\/diariotextual.com\/inicio\/index.php\/2021\/11\/08\/tetaz-vino-a-respaldar-a-jxc-es-una-eleccion-centralmente-nacional-y-la-pampa-es-clave\/"},"wordCount":619,"publisher":{"@id":"https:\/\/diariotextual.com\/inicio\/#organization"},"image":{"@id":"https:\/\/diariotextual.com\/inicio\/index.php\/2021\/11\/08\/tetaz-vino-a-respaldar-a-jxc-es-una-eleccion-centralmente-nacional-y-la-pampa-es-clave\/#primaryimage"},"thumbnailUrl":"https:\/\/diariotextual.com\/inicio\/wp-content\/uploads\/2021\/11\/tetazmartinsantarosa2021-1.jpg","keywords":["tetaz"],"articleSection":["A - PORTADA2","POLITICA"],"inLanguage":"es"},{"@type":"WebPage","@id":"https:\/\/diariotextual.com\/inicio\/index.php\/2021\/11\/08\/tetaz-vino-a-respaldar-a-jxc-es-una-eleccion-centralmente-nacional-y-la-pampa-es-clave\/","url":"https:\/\/diariotextual.com\/inicio\/index.php\/2021\/11\/08\/tetaz-vino-a-respaldar-a-jxc-es-una-eleccion-centralmente-nacional-y-la-pampa-es-clave\/","name":"Tetaz vino a respaldar a JxC: \u201cEs una elecci\u00f3n centralmente nacional y La Pampa es clave\u201d - Diario Textual","isPartOf":{"@id":"https:\/\/diariotextual.com\/inicio\/#website"},"primaryImageOfPage":{"@id":"https:\/\/diariotextual.com\/inicio\/index.php\/2021\/11\/08\/tetaz-vino-a-respaldar-a-jxc-es-una-eleccion-centralmente-nacional-y-la-pampa-es-clave\/#primaryimage"},"image":{"@id":"https:\/\/diariotextual.com\/inicio\/index.php\/2021\/11\/08\/tetaz-vino-a-respaldar-a-jxc-es-una-eleccion-centralmente-nacional-y-la-pampa-es-clave\/#primaryimage"},"thumbnailUrl":"https:\/\/diariotextual.com\/inicio\/wp-content\/uploads\/2021\/11\/tetazmartinsantarosa2021-1.jpg","datePublished":"2021-11-08T22:27:30+00:00","dateModified":"2021-11-09T08:38:27+00:00","breadcrumb":{"@id":"https:\/\/diariotextual.com\/inicio\/index.php\/2021\/11\/08\/tetaz-vino-a-respaldar-a-jxc-es-una-eleccion-centralmente-nacional-y-la-pampa-es-clave\/#breadcrumb"},"inLanguage":"es","potentialAction":[{"@type":"ReadAction","target":["https:\/\/diariotextual.com\/inicio\/index.php\/2021\/11\/08\/tetaz-vino-a-respaldar-a-jxc-es-una-eleccion-centralmente-nacional-y-la-pampa-es-clave\/"]}]},{"@type":"ImageObject","inLanguage":"es","@id":"https:\/\/diariotextual.com\/inicio\/index.php\/2021\/11\/08\/tetaz-vino-a-respaldar-a-jxc-es-una-eleccion-centralmente-nacional-y-la-pampa-es-clave\/#primaryimage","url":"https:\/\/diariotextual.com\/inicio\/wp-content\/uploads\/2021\/11\/tetazmartinsantarosa2021-1.jpg","contentUrl":"https:\/\/diariotextual.com\/inicio\/wp-content\/uploads\/2021\/11\/tetazmartinsantarosa2021-1.jpg","width":730,"height":476},{"@type":"BreadcrumbList","@id":"https:\/\/diariotextual.com\/inicio\/index.php\/2021\/11\/08\/tetaz-vino-a-respaldar-a-jxc-es-una-eleccion-centralmente-nacional-y-la-pampa-es-clave\/#breadcrumb","itemListElement":[{"@type":"ListItem","position":1,"name":"Portada","item":"https:\/\/diariotextual.com\/inicio\/"},{"@type":"ListItem","position":2,"name":"Tetaz vino a respaldar a JxC: \u201cEs una elecci\u00f3n centralmente nacional y La Pampa es clave\u201d"}]},{"@type":"WebSite","@id":"https:\/\/diariotextual.com\/inicio\/#website","url":"https:\/\/diariotextual.com\/inicio\/","name":"Diario Textual","description":"","publisher":{"@id":"https:\/\/diariotextual.com\/inicio\/#organization"},"potentialAction":[{"@type":"SearchAction","target":{"@type":"EntryPoint","urlTemplate":"https:\/\/diariotextual.com\/inicio\/?s={search_term_string}"},"query-input":{"@type":"PropertyValueSpecification","valueRequired":true,"valueName":"search_term_string"}}],"inLanguage":"es"},{"@type":"Organization","@id":"https:\/\/diariotextual.com\/inicio\/#organization","name":"Diario Textual","url":"https:\/\/diariotextual.com\/inicio\/","logo":{"@type":"ImageObject","inLanguage":"es","@id":"https:\/\/diariotextual.com\/inicio\/#\/schema\/logo\/image\/","url":"https:\/\/diariotextual.com\/inicio\/wp-content\/uploads\/2023\/05\/logotextual1.jpg","contentUrl":"https:\/\/diariotextual.com\/inicio\/wp-content\/uploads\/2023\/05\/logotextual1.jpg","width":516,"height":76,"caption":"Diario Textual"},"image":{"@id":"https:\/\/diariotextual.com\/inicio\/#\/schema\/logo\/image\/"},"sameAs":["https:\/\/www.facebook.com\/eltextual","https:\/\/x.com\/eltextual","http:\/\/www.instagram.com\/eltextual"]},{"@type":"Person","@id":"https:\/\/diariotextual.com\/inicio\/#\/schema\/person\/418fc4093c33e86ed41562db3508f958","name":"Diario1 Diario1","image":{"@type":"ImageObject","inLanguage":"es","@id":"https:\/\/secure.gravatar.com\/avatar\/9167d280179c85bc18be67aa7eda765854300033af4896dd779b608640f2ef7a?s=96&d=mm&r=g","url":"https:\/\/secure.gravatar.com\/avatar\/9167d280179c85bc18be67aa7eda765854300033af4896dd779b608640f2ef7a?s=96&d=mm&r=g","contentUrl":"https:\/\/secure.gravatar.com\/avatar\/9167d280179c85bc18be67aa7eda765854300033af4896dd779b608640f2ef7a?s=96&d=mm&r=g","caption":"Diario1 Diario1"},"url":"https:\/\/diariotextual.com\/inicio\/index.php\/author\/diario1\/"}]}},"_links":{"self":[{"href":"https:\/\/diariotextual.com\/inicio\/index.php\/wp-json\/wp\/v2\/posts\/168162","targetHints":{"allow":["GET"]}}],"collection":[{"href":"https:\/\/diariotextual.com\/inicio\/index.php\/wp-json\/wp\/v2\/posts"}],"about":[{"href":"https:\/\/diariotextual.com\/inicio\/index.php\/wp-json\/wp\/v2\/types\/post"}],"author":[{"embeddable":true,"href":"https:\/\/diariotextual.com\/inicio\/index.php\/wp-json\/wp\/v2\/users\/3"}],"replies":[{"embeddable":true,"href":"https:\/\/diariotextual.com\/inicio\/index.php\/wp-json\/wp\/v2\/comments?post=168162"}],"version-history":[{"count":12,"href":"https:\/\/diariotextual.com\/inicio\/index.php\/wp-json\/wp\/v2\/posts\/168162\/revisions"}],"predecessor-version":[{"id":168186,"href":"https:\/\/diariotextual.com\/inicio\/index.php\/wp-json\/wp\/v2\/posts\/168162\/revisions\/168186"}],"wp:featuredmedia":[{"embeddable":true,"href":"https:\/\/diariotextual.com\/inicio\/index.php\/wp-json\/wp\/v2\/media\/168188"}],"wp:attachment":[{"href":"https:\/\/diariotextual.com\/inicio\/index.php\/wp-json\/wp\/v2\/media?parent=168162"}],"wp:term":[{"taxonomy":"category","embeddable":true,"href":"https:\/\/diariotextual.com\/inicio\/index.php\/wp-json\/wp\/v2\/categories?post=168162"},{"taxonomy":"post_tag","embeddable":true,"href":"https:\/\/diariotextual.com\/inicio\/index.php\/wp-json\/wp\/v2\/tags?post=168162"}],"curies":[{"name":"wp","href":"https:\/\/api.w.org\/{rel}","templated":true}]}}