{"id":168238,"date":"2021-11-09T08:06:23","date_gmt":"2021-11-09T11:06:23","guid":{"rendered":"https:\/\/diariotextual.com\/inicio\/?p=168238"},"modified":"2021-11-09T14:54:46","modified_gmt":"2021-11-09T17:54:46","slug":"inicia-el-juicio-por-abuso-sexual-contra-el-cura-hugo-pernini","status":"publish","type":"post","link":"https:\/\/diariotextual.com\/inicio\/index.php\/2021\/11\/09\/inicia-el-juicio-por-abuso-sexual-contra-el-cura-hugo-pernini\/","title":{"rendered":"La v\u00edctima declar\u00f3 y el cura Pernini eligi\u00f3 el silencio en el primer d\u00eda del juicio por abuso sexual"},"content":{"rendered":"\n<p>Este martes arranc\u00f3 en el Centro Judicial de Santa Rosa el juicio&nbsp;contra el&nbsp;<strong>cura santarrose\u00f1o Hugo Pernini<\/strong>&nbsp;por&nbsp;<strong>abuso sexual con acceso carnal<\/strong>, agravado por haber sido cometido por un ministro de culto. El sacerdote no declar\u00f3 y s\u00ed lo hizo la v\u00edctima, que cont\u00f3 el calvario que padeci\u00f3.<\/p>\n\n\n\n<p>Pernini fue denunciado en 2019. El denunciante fue un joven que hoy tiene unos 30 a\u00f1os: lo acus\u00f3 de haberlo&nbsp;violado en reiteradas oportunidades cuando era adolescente, en Santa Rosa. Los hechos, seg\u00fan el testimonio de la v\u00edctima, se produjeron en la casa contigua que ocupaba el sacerdote en la Iglesia de Luj\u00e1n, en la calle Lope de Vega. All\u00ed concurr\u00eda porque hab\u00eda ingresado al Grupo Esp\u00edritu Santo de esa parroquia.<\/p>\n\n\n\n<p>El joven lo calific\u00f3 como <strong>\u201cun depredador sexual\u201d<\/strong> y asegur\u00f3 que <strong>\u201ctodo hombre, adolescente o ni\u00f1o que hab\u00eda ido a la Iglesia de Luj\u00e1n, sab\u00eda\u201d.<\/strong><\/p>\n\n\n\n<p>El cura, en tanto, se defendi\u00f3: <strong>\u201cSoy inocente de todo lo que se me acusa\u201d<\/strong>, afirm\u00f3 ante el fiscal durante la audiencia de formalizaci\u00f3n.<\/p>\n\n\n\n<p>El juez que juzgar\u00e1 a Pernini es Gast\u00f3n Boulenaz. El fiscal es Walter Martos y la defensora del cura Vanesa Ranocchia Ongaro.<\/p>\n\n\n\n<p><\/p>\n","protected":false},"excerpt":{"rendered":"<p>Este martes arranc\u00f3 en el Centro Judicial de Santa Rosa el juicio&nbsp;contra el&nbsp;cura santarrose\u00f1o Hugo Pernini&nbsp;por&nbsp;abuso sexual con acceso carnal, agravado por haber sido cometido por un ministro de culto.&hellip;<\/p>\n","protected":false},"author":7,"featured_media":72240,"comment_status":"closed","ping_status":"open","sticky":false,"template":"","format":"standard","meta":{"_acf_changed":false,"footnotes":""},"categories":[10,12],"tags":[2467],"class_list":["post-168238","post","type-post","status-publish","format-standard","has-post-thumbnail","hentry","category-portada-2","category-sociedad","tag-pernini"],"acf":[],"yoast_head":"<!-- This site is optimized with the Yoast SEO plugin v27.5 - https:\/\/yoast.com\/product\/yoast-seo-wordpress\/ -->\n<title>La v\u00edctima declar\u00f3 y el cura Pernini eligi\u00f3 el silencio en el primer d\u00eda del juicio por abuso sexual - Diario Textual<\/title>\n<meta name=\"robots\" content=\"index, follow, max-snippet:-1, max-image-preview:large, max-video-preview:-1\" \/>\n<link rel=\"canonical\" href=\"https:\/\/diariotextual.com\/inicio\/index.php\/2021\/11\/09\/inicia-el-juicio-por-abuso-sexual-contra-el-cura-hugo-pernini\/\" \/>\n<meta property=\"og:locale\" content=\"es_ES\" \/>\n<meta property=\"og:type\" content=\"article\" \/>\n<meta property=\"og:title\" content=\"La v\u00edctima declar\u00f3 y el cura Pernini eligi\u00f3 el silencio en el primer d\u00eda del juicio por abuso sexual - Diario Textual\" \/>\n<meta property=\"og:description\" content=\"Este martes arranc\u00f3 en el Centro Judicial de Santa Rosa el juicio&nbsp;contra el&nbsp;cura santarrose\u00f1o Hugo Pernini&nbsp;por&nbsp;abuso sexual con acceso carnal, agravado por haber sido cometido por un ministro de culto.&hellip;\" \/>\n<meta property=\"og:url\" content=\"https:\/\/diariotextual.com\/inicio\/index.php\/2021\/11\/09\/inicia-el-juicio-por-abuso-sexual-contra-el-cura-hugo-pernini\/\" \/>\n<meta property=\"og:site_name\" content=\"Diario Textual\" \/>\n<meta property=\"article:publisher\" content=\"https:\/\/www.facebook.com\/eltextual\" \/>\n<meta property=\"article:published_time\" content=\"2021-11-09T11:06:23+00:00\" \/>\n<meta property=\"article:modified_time\" content=\"2021-11-09T17:54:46+00:00\" \/>\n<meta property=\"og:image\" content=\"https:\/\/diariotextual.com\/inicio\/wp-content\/uploads\/2019\/12\/perninihugotextual2019-1.jpg\" \/>\n\t<meta property=\"og:image:width\" content=\"1500\" \/>\n\t<meta property=\"og:image:height\" content=\"844\" \/>\n\t<meta property=\"og:image:type\" content=\"image\/jpeg\" \/>\n<meta name=\"author\" content=\"diario5\" \/>\n<meta name=\"twitter:card\" content=\"summary_large_image\" \/>\n<meta name=\"twitter:creator\" content=\"@eltextual\" \/>\n<meta name=\"twitter:site\" content=\"@eltextual\" \/>\n<meta name=\"twitter:label1\" content=\"Escrito por\" \/>\n\t<meta name=\"twitter:data1\" content=\"diario5\" \/>\n\t<meta name=\"twitter:label2\" content=\"Tiempo de lectura\" \/>\n\t<meta name=\"twitter:data2\" content=\"1 minuto\" \/>\n<script type=\"application\/ld+json\" class=\"yoast-schema-graph\">{\"@context\":\"https:\\\/\\\/schema.org\",\"@graph\":[{\"@type\":\"Article\",\"@id\":\"https:\\\/\\\/diariotextual.com\\\/inicio\\\/index.php\\\/2021\\\/11\\\/09\\\/inicia-el-juicio-por-abuso-sexual-contra-el-cura-hugo-pernini\\\/#article\",\"isPartOf\":{\"@id\":\"https:\\\/\\\/diariotextual.com\\\/inicio\\\/index.php\\\/2021\\\/11\\\/09\\\/inicia-el-juicio-por-abuso-sexual-contra-el-cura-hugo-pernini\\\/\"},\"author\":{\"name\":\"diario5\",\"@id\":\"https:\\\/\\\/diariotextual.com\\\/inicio\\\/#\\\/schema\\\/person\\\/c7834961ad8b29b1d9cdbf4571299067\"},\"headline\":\"La v\u00edctima declar\u00f3 y el cura Pernini eligi\u00f3 el silencio en el primer d\u00eda del juicio por abuso sexual\",\"datePublished\":\"2021-11-09T11:06:23+00:00\",\"dateModified\":\"2021-11-09T17:54:46+00:00\",\"mainEntityOfPage\":{\"@id\":\"https:\\\/\\\/diariotextual.com\\\/inicio\\\/index.php\\\/2021\\\/11\\\/09\\\/inicia-el-juicio-por-abuso-sexual-contra-el-cura-hugo-pernini\\\/\"},\"wordCount\":231,\"publisher\":{\"@id\":\"https:\\\/\\\/diariotextual.com\\\/inicio\\\/#organization\"},\"image\":{\"@id\":\"https:\\\/\\\/diariotextual.com\\\/inicio\\\/index.php\\\/2021\\\/11\\\/09\\\/inicia-el-juicio-por-abuso-sexual-contra-el-cura-hugo-pernini\\\/#primaryimage\"},\"thumbnailUrl\":\"https:\\\/\\\/diariotextual.com\\\/inicio\\\/wp-content\\\/uploads\\\/2019\\\/12\\\/perninihugotextual2019-1.jpg\",\"keywords\":[\"pernini\"],\"articleSection\":[\"A - PORTADA2\",\"SOCIEDAD\"],\"inLanguage\":\"es\"},{\"@type\":\"WebPage\",\"@id\":\"https:\\\/\\\/diariotextual.com\\\/inicio\\\/index.php\\\/2021\\\/11\\\/09\\\/inicia-el-juicio-por-abuso-sexual-contra-el-cura-hugo-pernini\\\/\",\"url\":\"https:\\\/\\\/diariotextual.com\\\/inicio\\\/index.php\\\/2021\\\/11\\\/09\\\/inicia-el-juicio-por-abuso-sexual-contra-el-cura-hugo-pernini\\\/\",\"name\":\"La v\u00edctima declar\u00f3 y el cura Pernini eligi\u00f3 el silencio en el primer d\u00eda del juicio por abuso sexual - Diario Textual\",\"isPartOf\":{\"@id\":\"https:\\\/\\\/diariotextual.com\\\/inicio\\\/#website\"},\"primaryImageOfPage\":{\"@id\":\"https:\\\/\\\/diariotextual.com\\\/inicio\\\/index.php\\\/2021\\\/11\\\/09\\\/inicia-el-juicio-por-abuso-sexual-contra-el-cura-hugo-pernini\\\/#primaryimage\"},\"image\":{\"@id\":\"https:\\\/\\\/diariotextual.com\\\/inicio\\\/index.php\\\/2021\\\/11\\\/09\\\/inicia-el-juicio-por-abuso-sexual-contra-el-cura-hugo-pernini\\\/#primaryimage\"},\"thumbnailUrl\":\"https:\\\/\\\/diariotextual.com\\\/inicio\\\/wp-content\\\/uploads\\\/2019\\\/12\\\/perninihugotextual2019-1.jpg\",\"datePublished\":\"2021-11-09T11:06:23+00:00\",\"dateModified\":\"2021-11-09T17:54:46+00:00\",\"breadcrumb\":{\"@id\":\"https:\\\/\\\/diariotextual.com\\\/inicio\\\/index.php\\\/2021\\\/11\\\/09\\\/inicia-el-juicio-por-abuso-sexual-contra-el-cura-hugo-pernini\\\/#breadcrumb\"},\"inLanguage\":\"es\",\"potentialAction\":[{\"@type\":\"ReadAction\",\"target\":[\"https:\\\/\\\/diariotextual.com\\\/inicio\\\/index.php\\\/2021\\\/11\\\/09\\\/inicia-el-juicio-por-abuso-sexual-contra-el-cura-hugo-pernini\\\/\"]}]},{\"@type\":\"ImageObject\",\"inLanguage\":\"es\",\"@id\":\"https:\\\/\\\/diariotextual.com\\\/inicio\\\/index.php\\\/2021\\\/11\\\/09\\\/inicia-el-juicio-por-abuso-sexual-contra-el-cura-hugo-pernini\\\/#primaryimage\",\"url\":\"https:\\\/\\\/diariotextual.com\\\/inicio\\\/wp-content\\\/uploads\\\/2019\\\/12\\\/perninihugotextual2019-1.jpg\",\"contentUrl\":\"https:\\\/\\\/diariotextual.com\\\/inicio\\\/wp-content\\\/uploads\\\/2019\\\/12\\\/perninihugotextual2019-1.jpg\",\"width\":1500,\"height\":844},{\"@type\":\"BreadcrumbList\",\"@id\":\"https:\\\/\\\/diariotextual.com\\\/inicio\\\/index.php\\\/2021\\\/11\\\/09\\\/inicia-el-juicio-por-abuso-sexual-contra-el-cura-hugo-pernini\\\/#breadcrumb\",\"itemListElement\":[{\"@type\":\"ListItem\",\"position\":1,\"name\":\"Portada\",\"item\":\"https:\\\/\\\/diariotextual.com\\\/inicio\\\/\"},{\"@type\":\"ListItem\",\"position\":2,\"name\":\"La v\u00edctima declar\u00f3 y el cura Pernini eligi\u00f3 el silencio en el primer d\u00eda del juicio por abuso sexual\"}]},{\"@type\":\"WebSite\",\"@id\":\"https:\\\/\\\/diariotextual.com\\\/inicio\\\/#website\",\"url\":\"https:\\\/\\\/diariotextual.com\\\/inicio\\\/\",\"name\":\"Diario Textual\",\"description\":\"\",\"publisher\":{\"@id\":\"https:\\\/\\\/diariotextual.com\\\/inicio\\\/#organization\"},\"potentialAction\":[{\"@type\":\"SearchAction\",\"target\":{\"@type\":\"EntryPoint\",\"urlTemplate\":\"https:\\\/\\\/diariotextual.com\\\/inicio\\\/?s={search_term_string}\"},\"query-input\":{\"@type\":\"PropertyValueSpecification\",\"valueRequired\":true,\"valueName\":\"search_term_string\"}}],\"inLanguage\":\"es\"},{\"@type\":\"Organization\",\"@id\":\"https:\\\/\\\/diariotextual.com\\\/inicio\\\/#organization\",\"name\":\"Diario Textual\",\"url\":\"https:\\\/\\\/diariotextual.com\\\/inicio\\\/\",\"logo\":{\"@type\":\"ImageObject\",\"inLanguage\":\"es\",\"@id\":\"https:\\\/\\\/diariotextual.com\\\/inicio\\\/#\\\/schema\\\/logo\\\/image\\\/\",\"url\":\"https:\\\/\\\/diariotextual.com\\\/inicio\\\/wp-content\\\/uploads\\\/2023\\\/05\\\/logotextual1.jpg\",\"contentUrl\":\"https:\\\/\\\/diariotextual.com\\\/inicio\\\/wp-content\\\/uploads\\\/2023\\\/05\\\/logotextual1.jpg\",\"width\":516,\"height\":76,\"caption\":\"Diario Textual\"},\"image\":{\"@id\":\"https:\\\/\\\/diariotextual.com\\\/inicio\\\/#\\\/schema\\\/logo\\\/image\\\/\"},\"sameAs\":[\"https:\\\/\\\/www.facebook.com\\\/eltextual\",\"https:\\\/\\\/x.com\\\/eltextual\",\"http:\\\/\\\/www.instagram.com\\\/eltextual\"]},{\"@type\":\"Person\",\"@id\":\"https:\\\/\\\/diariotextual.com\\\/inicio\\\/#\\\/schema\\\/person\\\/c7834961ad8b29b1d9cdbf4571299067\",\"name\":\"diario5\",\"image\":{\"@type\":\"ImageObject\",\"inLanguage\":\"es\",\"@id\":\"https:\\\/\\\/secure.gravatar.com\\\/avatar\\\/948c893b847ca6df68216ead81b63f363408ec9b0f600fefc0641ce78613b111?s=96&d=mm&r=g\",\"url\":\"https:\\\/\\\/secure.gravatar.com\\\/avatar\\\/948c893b847ca6df68216ead81b63f363408ec9b0f600fefc0641ce78613b111?s=96&d=mm&r=g\",\"contentUrl\":\"https:\\\/\\\/secure.gravatar.com\\\/avatar\\\/948c893b847ca6df68216ead81b63f363408ec9b0f600fefc0641ce78613b111?s=96&d=mm&r=g\",\"caption\":\"diario5\"},\"url\":\"https:\\\/\\\/diariotextual.com\\\/inicio\\\/index.php\\\/author\\\/diario5\\\/\"}]}<\/script>\n<!-- \/ Yoast SEO plugin. -->","yoast_head_json":{"title":"La v\u00edctima declar\u00f3 y el cura Pernini eligi\u00f3 el silencio en el primer d\u00eda del juicio por abuso sexual - Diario Textual","robots":{"index":"index","follow":"follow","max-snippet":"max-snippet:-1","max-image-preview":"max-image-preview:large","max-video-preview":"max-video-preview:-1"},"canonical":"https:\/\/diariotextual.com\/inicio\/index.php\/2021\/11\/09\/inicia-el-juicio-por-abuso-sexual-contra-el-cura-hugo-pernini\/","og_locale":"es_ES","og_type":"article","og_title":"La v\u00edctima declar\u00f3 y el cura Pernini eligi\u00f3 el silencio en el primer d\u00eda del juicio por abuso sexual - Diario Textual","og_description":"Este martes arranc\u00f3 en el Centro Judicial de Santa Rosa el juicio&nbsp;contra el&nbsp;cura santarrose\u00f1o Hugo Pernini&nbsp;por&nbsp;abuso sexual con acceso carnal, agravado por haber sido cometido por un ministro de culto.&hellip;","og_url":"https:\/\/diariotextual.com\/inicio\/index.php\/2021\/11\/09\/inicia-el-juicio-por-abuso-sexual-contra-el-cura-hugo-pernini\/","og_site_name":"Diario Textual","article_publisher":"https:\/\/www.facebook.com\/eltextual","article_published_time":"2021-11-09T11:06:23+00:00","article_modified_time":"2021-11-09T17:54:46+00:00","og_image":[{"width":1500,"height":844,"url":"https:\/\/diariotextual.com\/inicio\/wp-content\/uploads\/2019\/12\/perninihugotextual2019-1.jpg","type":"image\/jpeg"}],"author":"diario5","twitter_card":"summary_large_image","twitter_creator":"@eltextual","twitter_site":"@eltextual","twitter_misc":{"Escrito por":"diario5","Tiempo de lectura":"1 minuto"},"schema":{"@context":"https:\/\/schema.org","@graph":[{"@type":"Article","@id":"https:\/\/diariotextual.com\/inicio\/index.php\/2021\/11\/09\/inicia-el-juicio-por-abuso-sexual-contra-el-cura-hugo-pernini\/#article","isPartOf":{"@id":"https:\/\/diariotextual.com\/inicio\/index.php\/2021\/11\/09\/inicia-el-juicio-por-abuso-sexual-contra-el-cura-hugo-pernini\/"},"author":{"name":"diario5","@id":"https:\/\/diariotextual.com\/inicio\/#\/schema\/person\/c7834961ad8b29b1d9cdbf4571299067"},"headline":"La v\u00edctima declar\u00f3 y el cura Pernini eligi\u00f3 el silencio en el primer d\u00eda del juicio por abuso sexual","datePublished":"2021-11-09T11:06:23+00:00","dateModified":"2021-11-09T17:54:46+00:00","mainEntityOfPage":{"@id":"https:\/\/diariotextual.com\/inicio\/index.php\/2021\/11\/09\/inicia-el-juicio-por-abuso-sexual-contra-el-cura-hugo-pernini\/"},"wordCount":231,"publisher":{"@id":"https:\/\/diariotextual.com\/inicio\/#organization"},"image":{"@id":"https:\/\/diariotextual.com\/inicio\/index.php\/2021\/11\/09\/inicia-el-juicio-por-abuso-sexual-contra-el-cura-hugo-pernini\/#primaryimage"},"thumbnailUrl":"https:\/\/diariotextual.com\/inicio\/wp-content\/uploads\/2019\/12\/perninihugotextual2019-1.jpg","keywords":["pernini"],"articleSection":["A - PORTADA2","SOCIEDAD"],"inLanguage":"es"},{"@type":"WebPage","@id":"https:\/\/diariotextual.com\/inicio\/index.php\/2021\/11\/09\/inicia-el-juicio-por-abuso-sexual-contra-el-cura-hugo-pernini\/","url":"https:\/\/diariotextual.com\/inicio\/index.php\/2021\/11\/09\/inicia-el-juicio-por-abuso-sexual-contra-el-cura-hugo-pernini\/","name":"La v\u00edctima declar\u00f3 y el cura Pernini eligi\u00f3 el silencio en el primer d\u00eda del juicio por abuso sexual - Diario Textual","isPartOf":{"@id":"https:\/\/diariotextual.com\/inicio\/#website"},"primaryImageOfPage":{"@id":"https:\/\/diariotextual.com\/inicio\/index.php\/2021\/11\/09\/inicia-el-juicio-por-abuso-sexual-contra-el-cura-hugo-pernini\/#primaryimage"},"image":{"@id":"https:\/\/diariotextual.com\/inicio\/index.php\/2021\/11\/09\/inicia-el-juicio-por-abuso-sexual-contra-el-cura-hugo-pernini\/#primaryimage"},"thumbnailUrl":"https:\/\/diariotextual.com\/inicio\/wp-content\/uploads\/2019\/12\/perninihugotextual2019-1.jpg","datePublished":"2021-11-09T11:06:23+00:00","dateModified":"2021-11-09T17:54:46+00:00","breadcrumb":{"@id":"https:\/\/diariotextual.com\/inicio\/index.php\/2021\/11\/09\/inicia-el-juicio-por-abuso-sexual-contra-el-cura-hugo-pernini\/#breadcrumb"},"inLanguage":"es","potentialAction":[{"@type":"ReadAction","target":["https:\/\/diariotextual.com\/inicio\/index.php\/2021\/11\/09\/inicia-el-juicio-por-abuso-sexual-contra-el-cura-hugo-pernini\/"]}]},{"@type":"ImageObject","inLanguage":"es","@id":"https:\/\/diariotextual.com\/inicio\/index.php\/2021\/11\/09\/inicia-el-juicio-por-abuso-sexual-contra-el-cura-hugo-pernini\/#primaryimage","url":"https:\/\/diariotextual.com\/inicio\/wp-content\/uploads\/2019\/12\/perninihugotextual2019-1.jpg","contentUrl":"https:\/\/diariotextual.com\/inicio\/wp-content\/uploads\/2019\/12\/perninihugotextual2019-1.jpg","width":1500,"height":844},{"@type":"BreadcrumbList","@id":"https:\/\/diariotextual.com\/inicio\/index.php\/2021\/11\/09\/inicia-el-juicio-por-abuso-sexual-contra-el-cura-hugo-pernini\/#breadcrumb","itemListElement":[{"@type":"ListItem","position":1,"name":"Portada","item":"https:\/\/diariotextual.com\/inicio\/"},{"@type":"ListItem","position":2,"name":"La v\u00edctima declar\u00f3 y el cura Pernini eligi\u00f3 el silencio en el primer d\u00eda del juicio por abuso sexual"}]},{"@type":"WebSite","@id":"https:\/\/diariotextual.com\/inicio\/#website","url":"https:\/\/diariotextual.com\/inicio\/","name":"Diario Textual","description":"","publisher":{"@id":"https:\/\/diariotextual.com\/inicio\/#organization"},"potentialAction":[{"@type":"SearchAction","target":{"@type":"EntryPoint","urlTemplate":"https:\/\/diariotextual.com\/inicio\/?s={search_term_string}"},"query-input":{"@type":"PropertyValueSpecification","valueRequired":true,"valueName":"search_term_string"}}],"inLanguage":"es"},{"@type":"Organization","@id":"https:\/\/diariotextual.com\/inicio\/#organization","name":"Diario Textual","url":"https:\/\/diariotextual.com\/inicio\/","logo":{"@type":"ImageObject","inLanguage":"es","@id":"https:\/\/diariotextual.com\/inicio\/#\/schema\/logo\/image\/","url":"https:\/\/diariotextual.com\/inicio\/wp-content\/uploads\/2023\/05\/logotextual1.jpg","contentUrl":"https:\/\/diariotextual.com\/inicio\/wp-content\/uploads\/2023\/05\/logotextual1.jpg","width":516,"height":76,"caption":"Diario Textual"},"image":{"@id":"https:\/\/diariotextual.com\/inicio\/#\/schema\/logo\/image\/"},"sameAs":["https:\/\/www.facebook.com\/eltextual","https:\/\/x.com\/eltextual","http:\/\/www.instagram.com\/eltextual"]},{"@type":"Person","@id":"https:\/\/diariotextual.com\/inicio\/#\/schema\/person\/c7834961ad8b29b1d9cdbf4571299067","name":"diario5","image":{"@type":"ImageObject","inLanguage":"es","@id":"https:\/\/secure.gravatar.com\/avatar\/948c893b847ca6df68216ead81b63f363408ec9b0f600fefc0641ce78613b111?s=96&d=mm&r=g","url":"https:\/\/secure.gravatar.com\/avatar\/948c893b847ca6df68216ead81b63f363408ec9b0f600fefc0641ce78613b111?s=96&d=mm&r=g","contentUrl":"https:\/\/secure.gravatar.com\/avatar\/948c893b847ca6df68216ead81b63f363408ec9b0f600fefc0641ce78613b111?s=96&d=mm&r=g","caption":"diario5"},"url":"https:\/\/diariotextual.com\/inicio\/index.php\/author\/diario5\/"}]}},"_links":{"self":[{"href":"https:\/\/diariotextual.com\/inicio\/index.php\/wp-json\/wp\/v2\/posts\/168238","targetHints":{"allow":["GET"]}}],"collection":[{"href":"https:\/\/diariotextual.com\/inicio\/index.php\/wp-json\/wp\/v2\/posts"}],"about":[{"href":"https:\/\/diariotextual.com\/inicio\/index.php\/wp-json\/wp\/v2\/types\/post"}],"author":[{"embeddable":true,"href":"https:\/\/diariotextual.com\/inicio\/index.php\/wp-json\/wp\/v2\/users\/7"}],"replies":[{"embeddable":true,"href":"https:\/\/diariotextual.com\/inicio\/index.php\/wp-json\/wp\/v2\/comments?post=168238"}],"version-history":[{"count":7,"href":"https:\/\/diariotextual.com\/inicio\/index.php\/wp-json\/wp\/v2\/posts\/168238\/revisions"}],"predecessor-version":[{"id":168290,"href":"https:\/\/diariotextual.com\/inicio\/index.php\/wp-json\/wp\/v2\/posts\/168238\/revisions\/168290"}],"wp:featuredmedia":[{"embeddable":true,"href":"https:\/\/diariotextual.com\/inicio\/index.php\/wp-json\/wp\/v2\/media\/72240"}],"wp:attachment":[{"href":"https:\/\/diariotextual.com\/inicio\/index.php\/wp-json\/wp\/v2\/media?parent=168238"}],"wp:term":[{"taxonomy":"category","embeddable":true,"href":"https:\/\/diariotextual.com\/inicio\/index.php\/wp-json\/wp\/v2\/categories?post=168238"},{"taxonomy":"post_tag","embeddable":true,"href":"https:\/\/diariotextual.com\/inicio\/index.php\/wp-json\/wp\/v2\/tags?post=168238"}],"curies":[{"name":"wp","href":"https:\/\/api.w.org\/{rel}","templated":true}]}}