{"id":168397,"date":"2021-11-10T11:34:36","date_gmt":"2021-11-10T14:34:36","guid":{"rendered":"https:\/\/diariotextual.com\/inicio\/?p=168397"},"modified":"2021-11-10T16:59:20","modified_gmt":"2021-11-10T19:59:20","slug":"la-pampa-el-inta-advierte-que-hay-248-212-hectareas-con-riesgo-alto-de-incendio","status":"publish","type":"post","link":"https:\/\/diariotextual.com\/inicio\/index.php\/2021\/11\/10\/la-pampa-el-inta-advierte-que-hay-248-212-hectareas-con-riesgo-alto-de-incendio\/","title":{"rendered":"La Pampa: el INTA advierte que hay 248.212 hect\u00e1reas con riesgo alto de incendio"},"content":{"rendered":"\n<p>La <strong>Estaci\u00f3n Experimental Agropecuaria Anguil del INTA<\/strong> inform\u00f3 que<strong> para el per\u00edodo que abarca desde noviembre a febrero del 2022 en nuestra provincia hay 248.212 hect\u00e1reas con riesgo alto de incendio.<\/strong> Con riesgo medio son 3.181.978 y de riesgo bajo son 9.099.389 hect\u00e1reas.<\/p>\n\n\n\n<p>El informe fue publicado bajo el t\u00edtulo <strong><a href=\"https:\/\/repositorio.inta.gob.ar\/bitstream\/handle\/20.500.12123\/10712\/INTA_CRLaPampa-SanLuis_EEA%20Anguil_Vazquez_P._Prevenci%c3%b3n%20de%20Incendios%20en%20la%20provincia%20de%20La%20Pampa_noviembre2021_marzo2022.pdf?sequence=1&amp;isAllowed=y\" target=\"_blank\" rel=\"noreferrer noopener\">\u201cPrevenci\u00f3n de Incendios en la provincia de La Pampa. Pron\u00f3stico temprano de peligrosidad. Per\u00edodo noviembre 2021 &#8211; marzo 2022\u201d<\/a><\/strong>, a cargo del ingeniero agr\u00f3nomo Pablo V\u00e1zquez del \u00e1rea gesti\u00f3n Ambiental y Recursos Naturales del INTA &#8211; EEA Anguil.<\/p>\n\n\n\n<p>\u201cLa sequ\u00eda presente durante el per\u00edodo noviembre 2018-octubre 2021 pareciera favorecer condiciones para otro a\u00f1o de bajo riesgo de incendios. Casi tres campa\u00f1as con escasas precipitaciones provocaron una disminuci\u00f3n significativa de la oferta forrajera natural del ciclo productivo julio 2020-junio 2021, principalmente en el \u00e1rea del Caldenal. Sin embargo existen 4.2 millones de hect\u00e1reas sin quemar desde 2011, y la identificaci\u00f3n de 7 millones de hect\u00e1reas con bajo a nulo aprovechamiento ganadero, (distancias medias a las aguadas superiores a los 3 km)\u201d, expres\u00f3 V\u00e1zquez en su estudio.<\/p>\n\n\n\n<figure class=\"wp-block-image size-large\"><img fetchpriority=\"high\" decoding=\"async\" width=\"640\" height=\"579\" src=\"https:\/\/diariotextual.com\/inicio\/wp-content\/uploads\/2021\/11\/incendiosriesgos2021-2022-vazquezinta2021-1.jpg\" alt=\"\" class=\"wp-image-168399\" srcset=\"https:\/\/diariotextual.com\/inicio\/wp-content\/uploads\/2021\/11\/incendiosriesgos2021-2022-vazquezinta2021-1.jpg 640w, https:\/\/diariotextual.com\/inicio\/wp-content\/uploads\/2021\/11\/incendiosriesgos2021-2022-vazquezinta2021-1-300x271.jpg 300w, https:\/\/diariotextual.com\/inicio\/wp-content\/uploads\/2021\/11\/incendiosriesgos2021-2022-vazquezinta2021-1-585x529.jpg 585w\" sizes=\"(max-width: 640px) 100vw, 640px\" \/><\/figure>\n\n\n\n<p>Adem\u00e1s, aclar\u00f3 que que este mapa identifica \u00e1reas de peligrosidad y fue generado a partir del modelo desarrollado por el \u00c1rea de Gesti\u00f3n Ambiental y Recursos Naturales de la EEA Anguil, donde se consideraron las siguientes variables:<\/p>\n\n\n\n<ol class=\"wp-block-list\"><li>\u00c1reas sin fuego durante los \u00faltimos 10 a\u00f1os.<\/li><li>Productividad forrajera superior al 20% respecto a la media estimada para el per\u00edodo 2000-2019.<\/li><li>Dificultad para acceder a los sitios.<\/li><li>\u00c1reas de escaso pastoreo.<\/li><li>\u00c1reas de conservaci\u00f3n.<\/li><li>\u00c1reas arbustizadas.<\/li><li>Presencia de tendido el\u00e9ctrico de alta tensi\u00f3n.<\/li><\/ol>\n","protected":false},"excerpt":{"rendered":"<p>La Estaci\u00f3n Experimental Agropecuaria Anguil del INTA inform\u00f3 que para el per\u00edodo que abarca desde noviembre a febrero del 2022 en nuestra provincia hay 248.212 hect\u00e1reas con riesgo alto de&hellip;<\/p>\n","protected":false},"author":3,"featured_media":134753,"comment_status":"closed","ping_status":"open","sticky":false,"template":"","format":"standard","meta":{"_acf_changed":false,"footnotes":""},"categories":[10,20],"tags":[6261,32],"class_list":["post-168397","post","type-post","status-publish","format-standard","has-post-thumbnail","hentry","category-portada-2","category-campo","tag-fuegos","tag-incendios"],"acf":[],"yoast_head":"<!-- This site is optimized with the Yoast SEO plugin v27.5 - https:\/\/yoast.com\/product\/yoast-seo-wordpress\/ -->\n<title>La Pampa: el INTA advierte que hay 248.212 hect\u00e1reas con riesgo alto de incendio - Diario Textual<\/title>\n<meta name=\"robots\" content=\"index, follow, max-snippet:-1, max-image-preview:large, max-video-preview:-1\" \/>\n<link rel=\"canonical\" href=\"https:\/\/diariotextual.com\/inicio\/index.php\/2021\/11\/10\/la-pampa-el-inta-advierte-que-hay-248-212-hectareas-con-riesgo-alto-de-incendio\/\" \/>\n<meta property=\"og:locale\" content=\"es_ES\" \/>\n<meta property=\"og:type\" content=\"article\" \/>\n<meta property=\"og:title\" content=\"La Pampa: el INTA advierte que hay 248.212 hect\u00e1reas con riesgo alto de incendio - Diario Textual\" \/>\n<meta property=\"og:description\" content=\"La Estaci\u00f3n Experimental Agropecuaria Anguil del INTA inform\u00f3 que para el per\u00edodo que abarca desde noviembre a febrero del 2022 en nuestra provincia hay 248.212 hect\u00e1reas con riesgo alto de&hellip;\" \/>\n<meta property=\"og:url\" content=\"https:\/\/diariotextual.com\/inicio\/index.php\/2021\/11\/10\/la-pampa-el-inta-advierte-que-hay-248-212-hectareas-con-riesgo-alto-de-incendio\/\" \/>\n<meta property=\"og:site_name\" content=\"Diario Textual\" \/>\n<meta property=\"article:publisher\" content=\"https:\/\/www.facebook.com\/eltextual\" \/>\n<meta property=\"article:published_time\" content=\"2021-11-10T14:34:36+00:00\" \/>\n<meta property=\"article:modified_time\" content=\"2021-11-10T19:59:20+00:00\" \/>\n<meta property=\"og:image\" content=\"https:\/\/diariotextual.com\/inicio\/wp-content\/uploads\/2021\/02\/incendiopuelches202114738.jpg\" \/>\n\t<meta property=\"og:image:width\" content=\"967\" \/>\n\t<meta property=\"og:image:height\" content=\"570\" \/>\n\t<meta property=\"og:image:type\" content=\"image\/jpeg\" \/>\n<meta name=\"author\" content=\"Diario1 Diario1\" \/>\n<meta name=\"twitter:card\" content=\"summary_large_image\" \/>\n<meta name=\"twitter:creator\" content=\"@eltextual\" \/>\n<meta name=\"twitter:site\" content=\"@eltextual\" \/>\n<meta name=\"twitter:label1\" content=\"Escrito por\" \/>\n\t<meta name=\"twitter:data1\" content=\"Diario1 Diario1\" \/>\n\t<meta name=\"twitter:label2\" content=\"Tiempo de lectura\" \/>\n\t<meta name=\"twitter:data2\" content=\"2 minutos\" \/>\n<script type=\"application\/ld+json\" class=\"yoast-schema-graph\">{\"@context\":\"https:\\\/\\\/schema.org\",\"@graph\":[{\"@type\":\"Article\",\"@id\":\"https:\\\/\\\/diariotextual.com\\\/inicio\\\/index.php\\\/2021\\\/11\\\/10\\\/la-pampa-el-inta-advierte-que-hay-248-212-hectareas-con-riesgo-alto-de-incendio\\\/#article\",\"isPartOf\":{\"@id\":\"https:\\\/\\\/diariotextual.com\\\/inicio\\\/index.php\\\/2021\\\/11\\\/10\\\/la-pampa-el-inta-advierte-que-hay-248-212-hectareas-con-riesgo-alto-de-incendio\\\/\"},\"author\":{\"name\":\"Diario1 Diario1\",\"@id\":\"https:\\\/\\\/diariotextual.com\\\/inicio\\\/#\\\/schema\\\/person\\\/418fc4093c33e86ed41562db3508f958\"},\"headline\":\"La Pampa: el INTA advierte que hay 248.212 hect\u00e1reas con riesgo alto de incendio\",\"datePublished\":\"2021-11-10T14:34:36+00:00\",\"dateModified\":\"2021-11-10T19:59:20+00:00\",\"mainEntityOfPage\":{\"@id\":\"https:\\\/\\\/diariotextual.com\\\/inicio\\\/index.php\\\/2021\\\/11\\\/10\\\/la-pampa-el-inta-advierte-que-hay-248-212-hectareas-con-riesgo-alto-de-incendio\\\/\"},\"wordCount\":283,\"publisher\":{\"@id\":\"https:\\\/\\\/diariotextual.com\\\/inicio\\\/#organization\"},\"image\":{\"@id\":\"https:\\\/\\\/diariotextual.com\\\/inicio\\\/index.php\\\/2021\\\/11\\\/10\\\/la-pampa-el-inta-advierte-que-hay-248-212-hectareas-con-riesgo-alto-de-incendio\\\/#primaryimage\"},\"thumbnailUrl\":\"https:\\\/\\\/diariotextual.com\\\/inicio\\\/wp-content\\\/uploads\\\/2021\\\/02\\\/incendiopuelches202114738.jpg\",\"keywords\":[\"fuegos\",\"incendios\"],\"articleSection\":[\"A - PORTADA2\",\"CAMPO\"],\"inLanguage\":\"es\"},{\"@type\":\"WebPage\",\"@id\":\"https:\\\/\\\/diariotextual.com\\\/inicio\\\/index.php\\\/2021\\\/11\\\/10\\\/la-pampa-el-inta-advierte-que-hay-248-212-hectareas-con-riesgo-alto-de-incendio\\\/\",\"url\":\"https:\\\/\\\/diariotextual.com\\\/inicio\\\/index.php\\\/2021\\\/11\\\/10\\\/la-pampa-el-inta-advierte-que-hay-248-212-hectareas-con-riesgo-alto-de-incendio\\\/\",\"name\":\"La Pampa: el INTA advierte que hay 248.212 hect\u00e1reas con riesgo alto de incendio - Diario Textual\",\"isPartOf\":{\"@id\":\"https:\\\/\\\/diariotextual.com\\\/inicio\\\/#website\"},\"primaryImageOfPage\":{\"@id\":\"https:\\\/\\\/diariotextual.com\\\/inicio\\\/index.php\\\/2021\\\/11\\\/10\\\/la-pampa-el-inta-advierte-que-hay-248-212-hectareas-con-riesgo-alto-de-incendio\\\/#primaryimage\"},\"image\":{\"@id\":\"https:\\\/\\\/diariotextual.com\\\/inicio\\\/index.php\\\/2021\\\/11\\\/10\\\/la-pampa-el-inta-advierte-que-hay-248-212-hectareas-con-riesgo-alto-de-incendio\\\/#primaryimage\"},\"thumbnailUrl\":\"https:\\\/\\\/diariotextual.com\\\/inicio\\\/wp-content\\\/uploads\\\/2021\\\/02\\\/incendiopuelches202114738.jpg\",\"datePublished\":\"2021-11-10T14:34:36+00:00\",\"dateModified\":\"2021-11-10T19:59:20+00:00\",\"breadcrumb\":{\"@id\":\"https:\\\/\\\/diariotextual.com\\\/inicio\\\/index.php\\\/2021\\\/11\\\/10\\\/la-pampa-el-inta-advierte-que-hay-248-212-hectareas-con-riesgo-alto-de-incendio\\\/#breadcrumb\"},\"inLanguage\":\"es\",\"potentialAction\":[{\"@type\":\"ReadAction\",\"target\":[\"https:\\\/\\\/diariotextual.com\\\/inicio\\\/index.php\\\/2021\\\/11\\\/10\\\/la-pampa-el-inta-advierte-que-hay-248-212-hectareas-con-riesgo-alto-de-incendio\\\/\"]}]},{\"@type\":\"ImageObject\",\"inLanguage\":\"es\",\"@id\":\"https:\\\/\\\/diariotextual.com\\\/inicio\\\/index.php\\\/2021\\\/11\\\/10\\\/la-pampa-el-inta-advierte-que-hay-248-212-hectareas-con-riesgo-alto-de-incendio\\\/#primaryimage\",\"url\":\"https:\\\/\\\/diariotextual.com\\\/inicio\\\/wp-content\\\/uploads\\\/2021\\\/02\\\/incendiopuelches202114738.jpg\",\"contentUrl\":\"https:\\\/\\\/diariotextual.com\\\/inicio\\\/wp-content\\\/uploads\\\/2021\\\/02\\\/incendiopuelches202114738.jpg\",\"width\":967,\"height\":570},{\"@type\":\"BreadcrumbList\",\"@id\":\"https:\\\/\\\/diariotextual.com\\\/inicio\\\/index.php\\\/2021\\\/11\\\/10\\\/la-pampa-el-inta-advierte-que-hay-248-212-hectareas-con-riesgo-alto-de-incendio\\\/#breadcrumb\",\"itemListElement\":[{\"@type\":\"ListItem\",\"position\":1,\"name\":\"Portada\",\"item\":\"https:\\\/\\\/diariotextual.com\\\/inicio\\\/\"},{\"@type\":\"ListItem\",\"position\":2,\"name\":\"La Pampa: el INTA advierte que hay 248.212 hect\u00e1reas con riesgo alto de incendio\"}]},{\"@type\":\"WebSite\",\"@id\":\"https:\\\/\\\/diariotextual.com\\\/inicio\\\/#website\",\"url\":\"https:\\\/\\\/diariotextual.com\\\/inicio\\\/\",\"name\":\"Diario Textual\",\"description\":\"\",\"publisher\":{\"@id\":\"https:\\\/\\\/diariotextual.com\\\/inicio\\\/#organization\"},\"potentialAction\":[{\"@type\":\"SearchAction\",\"target\":{\"@type\":\"EntryPoint\",\"urlTemplate\":\"https:\\\/\\\/diariotextual.com\\\/inicio\\\/?s={search_term_string}\"},\"query-input\":{\"@type\":\"PropertyValueSpecification\",\"valueRequired\":true,\"valueName\":\"search_term_string\"}}],\"inLanguage\":\"es\"},{\"@type\":\"Organization\",\"@id\":\"https:\\\/\\\/diariotextual.com\\\/inicio\\\/#organization\",\"name\":\"Diario Textual\",\"url\":\"https:\\\/\\\/diariotextual.com\\\/inicio\\\/\",\"logo\":{\"@type\":\"ImageObject\",\"inLanguage\":\"es\",\"@id\":\"https:\\\/\\\/diariotextual.com\\\/inicio\\\/#\\\/schema\\\/logo\\\/image\\\/\",\"url\":\"https:\\\/\\\/diariotextual.com\\\/inicio\\\/wp-content\\\/uploads\\\/2023\\\/05\\\/logotextual1.jpg\",\"contentUrl\":\"https:\\\/\\\/diariotextual.com\\\/inicio\\\/wp-content\\\/uploads\\\/2023\\\/05\\\/logotextual1.jpg\",\"width\":516,\"height\":76,\"caption\":\"Diario Textual\"},\"image\":{\"@id\":\"https:\\\/\\\/diariotextual.com\\\/inicio\\\/#\\\/schema\\\/logo\\\/image\\\/\"},\"sameAs\":[\"https:\\\/\\\/www.facebook.com\\\/eltextual\",\"https:\\\/\\\/x.com\\\/eltextual\",\"http:\\\/\\\/www.instagram.com\\\/eltextual\"]},{\"@type\":\"Person\",\"@id\":\"https:\\\/\\\/diariotextual.com\\\/inicio\\\/#\\\/schema\\\/person\\\/418fc4093c33e86ed41562db3508f958\",\"name\":\"Diario1 Diario1\",\"image\":{\"@type\":\"ImageObject\",\"inLanguage\":\"es\",\"@id\":\"https:\\\/\\\/secure.gravatar.com\\\/avatar\\\/9167d280179c85bc18be67aa7eda765854300033af4896dd779b608640f2ef7a?s=96&d=mm&r=g\",\"url\":\"https:\\\/\\\/secure.gravatar.com\\\/avatar\\\/9167d280179c85bc18be67aa7eda765854300033af4896dd779b608640f2ef7a?s=96&d=mm&r=g\",\"contentUrl\":\"https:\\\/\\\/secure.gravatar.com\\\/avatar\\\/9167d280179c85bc18be67aa7eda765854300033af4896dd779b608640f2ef7a?s=96&d=mm&r=g\",\"caption\":\"Diario1 Diario1\"},\"url\":\"https:\\\/\\\/diariotextual.com\\\/inicio\\\/index.php\\\/author\\\/diario1\\\/\"}]}<\/script>\n<!-- \/ Yoast SEO plugin. -->","yoast_head_json":{"title":"La Pampa: el INTA advierte que hay 248.212 hect\u00e1reas con riesgo alto de incendio - Diario Textual","robots":{"index":"index","follow":"follow","max-snippet":"max-snippet:-1","max-image-preview":"max-image-preview:large","max-video-preview":"max-video-preview:-1"},"canonical":"https:\/\/diariotextual.com\/inicio\/index.php\/2021\/11\/10\/la-pampa-el-inta-advierte-que-hay-248-212-hectareas-con-riesgo-alto-de-incendio\/","og_locale":"es_ES","og_type":"article","og_title":"La Pampa: el INTA advierte que hay 248.212 hect\u00e1reas con riesgo alto de incendio - Diario Textual","og_description":"La Estaci\u00f3n Experimental Agropecuaria Anguil del INTA inform\u00f3 que para el per\u00edodo que abarca desde noviembre a febrero del 2022 en nuestra provincia hay 248.212 hect\u00e1reas con riesgo alto de&hellip;","og_url":"https:\/\/diariotextual.com\/inicio\/index.php\/2021\/11\/10\/la-pampa-el-inta-advierte-que-hay-248-212-hectareas-con-riesgo-alto-de-incendio\/","og_site_name":"Diario Textual","article_publisher":"https:\/\/www.facebook.com\/eltextual","article_published_time":"2021-11-10T14:34:36+00:00","article_modified_time":"2021-11-10T19:59:20+00:00","og_image":[{"width":967,"height":570,"url":"https:\/\/diariotextual.com\/inicio\/wp-content\/uploads\/2021\/02\/incendiopuelches202114738.jpg","type":"image\/jpeg"}],"author":"Diario1 Diario1","twitter_card":"summary_large_image","twitter_creator":"@eltextual","twitter_site":"@eltextual","twitter_misc":{"Escrito por":"Diario1 Diario1","Tiempo de lectura":"2 minutos"},"schema":{"@context":"https:\/\/schema.org","@graph":[{"@type":"Article","@id":"https:\/\/diariotextual.com\/inicio\/index.php\/2021\/11\/10\/la-pampa-el-inta-advierte-que-hay-248-212-hectareas-con-riesgo-alto-de-incendio\/#article","isPartOf":{"@id":"https:\/\/diariotextual.com\/inicio\/index.php\/2021\/11\/10\/la-pampa-el-inta-advierte-que-hay-248-212-hectareas-con-riesgo-alto-de-incendio\/"},"author":{"name":"Diario1 Diario1","@id":"https:\/\/diariotextual.com\/inicio\/#\/schema\/person\/418fc4093c33e86ed41562db3508f958"},"headline":"La Pampa: el INTA advierte que hay 248.212 hect\u00e1reas con riesgo alto de incendio","datePublished":"2021-11-10T14:34:36+00:00","dateModified":"2021-11-10T19:59:20+00:00","mainEntityOfPage":{"@id":"https:\/\/diariotextual.com\/inicio\/index.php\/2021\/11\/10\/la-pampa-el-inta-advierte-que-hay-248-212-hectareas-con-riesgo-alto-de-incendio\/"},"wordCount":283,"publisher":{"@id":"https:\/\/diariotextual.com\/inicio\/#organization"},"image":{"@id":"https:\/\/diariotextual.com\/inicio\/index.php\/2021\/11\/10\/la-pampa-el-inta-advierte-que-hay-248-212-hectareas-con-riesgo-alto-de-incendio\/#primaryimage"},"thumbnailUrl":"https:\/\/diariotextual.com\/inicio\/wp-content\/uploads\/2021\/02\/incendiopuelches202114738.jpg","keywords":["fuegos","incendios"],"articleSection":["A - PORTADA2","CAMPO"],"inLanguage":"es"},{"@type":"WebPage","@id":"https:\/\/diariotextual.com\/inicio\/index.php\/2021\/11\/10\/la-pampa-el-inta-advierte-que-hay-248-212-hectareas-con-riesgo-alto-de-incendio\/","url":"https:\/\/diariotextual.com\/inicio\/index.php\/2021\/11\/10\/la-pampa-el-inta-advierte-que-hay-248-212-hectareas-con-riesgo-alto-de-incendio\/","name":"La Pampa: el INTA advierte que hay 248.212 hect\u00e1reas con riesgo alto de incendio - Diario Textual","isPartOf":{"@id":"https:\/\/diariotextual.com\/inicio\/#website"},"primaryImageOfPage":{"@id":"https:\/\/diariotextual.com\/inicio\/index.php\/2021\/11\/10\/la-pampa-el-inta-advierte-que-hay-248-212-hectareas-con-riesgo-alto-de-incendio\/#primaryimage"},"image":{"@id":"https:\/\/diariotextual.com\/inicio\/index.php\/2021\/11\/10\/la-pampa-el-inta-advierte-que-hay-248-212-hectareas-con-riesgo-alto-de-incendio\/#primaryimage"},"thumbnailUrl":"https:\/\/diariotextual.com\/inicio\/wp-content\/uploads\/2021\/02\/incendiopuelches202114738.jpg","datePublished":"2021-11-10T14:34:36+00:00","dateModified":"2021-11-10T19:59:20+00:00","breadcrumb":{"@id":"https:\/\/diariotextual.com\/inicio\/index.php\/2021\/11\/10\/la-pampa-el-inta-advierte-que-hay-248-212-hectareas-con-riesgo-alto-de-incendio\/#breadcrumb"},"inLanguage":"es","potentialAction":[{"@type":"ReadAction","target":["https:\/\/diariotextual.com\/inicio\/index.php\/2021\/11\/10\/la-pampa-el-inta-advierte-que-hay-248-212-hectareas-con-riesgo-alto-de-incendio\/"]}]},{"@type":"ImageObject","inLanguage":"es","@id":"https:\/\/diariotextual.com\/inicio\/index.php\/2021\/11\/10\/la-pampa-el-inta-advierte-que-hay-248-212-hectareas-con-riesgo-alto-de-incendio\/#primaryimage","url":"https:\/\/diariotextual.com\/inicio\/wp-content\/uploads\/2021\/02\/incendiopuelches202114738.jpg","contentUrl":"https:\/\/diariotextual.com\/inicio\/wp-content\/uploads\/2021\/02\/incendiopuelches202114738.jpg","width":967,"height":570},{"@type":"BreadcrumbList","@id":"https:\/\/diariotextual.com\/inicio\/index.php\/2021\/11\/10\/la-pampa-el-inta-advierte-que-hay-248-212-hectareas-con-riesgo-alto-de-incendio\/#breadcrumb","itemListElement":[{"@type":"ListItem","position":1,"name":"Portada","item":"https:\/\/diariotextual.com\/inicio\/"},{"@type":"ListItem","position":2,"name":"La Pampa: el INTA advierte que hay 248.212 hect\u00e1reas con riesgo alto de incendio"}]},{"@type":"WebSite","@id":"https:\/\/diariotextual.com\/inicio\/#website","url":"https:\/\/diariotextual.com\/inicio\/","name":"Diario Textual","description":"","publisher":{"@id":"https:\/\/diariotextual.com\/inicio\/#organization"},"potentialAction":[{"@type":"SearchAction","target":{"@type":"EntryPoint","urlTemplate":"https:\/\/diariotextual.com\/inicio\/?s={search_term_string}"},"query-input":{"@type":"PropertyValueSpecification","valueRequired":true,"valueName":"search_term_string"}}],"inLanguage":"es"},{"@type":"Organization","@id":"https:\/\/diariotextual.com\/inicio\/#organization","name":"Diario Textual","url":"https:\/\/diariotextual.com\/inicio\/","logo":{"@type":"ImageObject","inLanguage":"es","@id":"https:\/\/diariotextual.com\/inicio\/#\/schema\/logo\/image\/","url":"https:\/\/diariotextual.com\/inicio\/wp-content\/uploads\/2023\/05\/logotextual1.jpg","contentUrl":"https:\/\/diariotextual.com\/inicio\/wp-content\/uploads\/2023\/05\/logotextual1.jpg","width":516,"height":76,"caption":"Diario Textual"},"image":{"@id":"https:\/\/diariotextual.com\/inicio\/#\/schema\/logo\/image\/"},"sameAs":["https:\/\/www.facebook.com\/eltextual","https:\/\/x.com\/eltextual","http:\/\/www.instagram.com\/eltextual"]},{"@type":"Person","@id":"https:\/\/diariotextual.com\/inicio\/#\/schema\/person\/418fc4093c33e86ed41562db3508f958","name":"Diario1 Diario1","image":{"@type":"ImageObject","inLanguage":"es","@id":"https:\/\/secure.gravatar.com\/avatar\/9167d280179c85bc18be67aa7eda765854300033af4896dd779b608640f2ef7a?s=96&d=mm&r=g","url":"https:\/\/secure.gravatar.com\/avatar\/9167d280179c85bc18be67aa7eda765854300033af4896dd779b608640f2ef7a?s=96&d=mm&r=g","contentUrl":"https:\/\/secure.gravatar.com\/avatar\/9167d280179c85bc18be67aa7eda765854300033af4896dd779b608640f2ef7a?s=96&d=mm&r=g","caption":"Diario1 Diario1"},"url":"https:\/\/diariotextual.com\/inicio\/index.php\/author\/diario1\/"}]}},"_links":{"self":[{"href":"https:\/\/diariotextual.com\/inicio\/index.php\/wp-json\/wp\/v2\/posts\/168397","targetHints":{"allow":["GET"]}}],"collection":[{"href":"https:\/\/diariotextual.com\/inicio\/index.php\/wp-json\/wp\/v2\/posts"}],"about":[{"href":"https:\/\/diariotextual.com\/inicio\/index.php\/wp-json\/wp\/v2\/types\/post"}],"author":[{"embeddable":true,"href":"https:\/\/diariotextual.com\/inicio\/index.php\/wp-json\/wp\/v2\/users\/3"}],"replies":[{"embeddable":true,"href":"https:\/\/diariotextual.com\/inicio\/index.php\/wp-json\/wp\/v2\/comments?post=168397"}],"version-history":[{"count":2,"href":"https:\/\/diariotextual.com\/inicio\/index.php\/wp-json\/wp\/v2\/posts\/168397\/revisions"}],"predecessor-version":[{"id":168400,"href":"https:\/\/diariotextual.com\/inicio\/index.php\/wp-json\/wp\/v2\/posts\/168397\/revisions\/168400"}],"wp:featuredmedia":[{"embeddable":true,"href":"https:\/\/diariotextual.com\/inicio\/index.php\/wp-json\/wp\/v2\/media\/134753"}],"wp:attachment":[{"href":"https:\/\/diariotextual.com\/inicio\/index.php\/wp-json\/wp\/v2\/media?parent=168397"}],"wp:term":[{"taxonomy":"category","embeddable":true,"href":"https:\/\/diariotextual.com\/inicio\/index.php\/wp-json\/wp\/v2\/categories?post=168397"},{"taxonomy":"post_tag","embeddable":true,"href":"https:\/\/diariotextual.com\/inicio\/index.php\/wp-json\/wp\/v2\/tags?post=168397"}],"curies":[{"name":"wp","href":"https:\/\/api.w.org\/{rel}","templated":true}]}}