{"id":168408,"date":"2021-11-10T12:29:06","date_gmt":"2021-11-10T15:29:06","guid":{"rendered":"https:\/\/diariotextual.com\/inicio\/?p=168408"},"modified":"2021-11-10T14:24:35","modified_gmt":"2021-11-10T17:24:35","slug":"confirmaron-16-anos-de-carcel-a-un-camionero-por-abusar-de-las-tres-hijas-de-su-amigo","status":"publish","type":"post","link":"https:\/\/diariotextual.com\/inicio\/index.php\/2021\/11\/10\/confirmaron-16-anos-de-carcel-a-un-camionero-por-abusar-de-las-tres-hijas-de-su-amigo\/","title":{"rendered":"Confirmaron  16 a\u00f1os de c\u00e1rcel a un camionero por abusar de las tres hijas de su amigo"},"content":{"rendered":"\n<p>El Tribunal de Impugnaci\u00f3n Penal TIP) confirm\u00f3 la pena de<strong> 16 a\u00f1os de prisi\u00f3n <\/strong>contra un camionero por abusar sexualmente de tres menores, con quienes manten\u00eda v\u00ednculos de parentesco o de amistad con sus padres. <strong>La resoluci\u00f3n de la Sala A, conformada por los jueces Pablo Balaguer y Mauricio Piombi, sirvi\u00f3 para ratificar casi en un todo la sentencia dictada por el juez de audiencia de General Pico, Marcelo Pagano.<\/strong><\/p>\n\n\n\n<p>A pesar de mantener la sanci\u00f3n, el TIP incluy\u00f3 una modificaci\u00f3n a la calificaci\u00f3n legal de los delitos ya que \u2013receptando el recurso de impugnaci\u00f3n de la fiscala Ana Laura Ruffini\u2013 consider\u00f3 que <strong>el acusado los cometi\u00f3 cuando ten\u00eda la guarda de las v\u00edctimas.<\/strong><\/p>\n\n\n\n<p>As\u00ed, el imputado fue condenado por ser autor de los delitos de abuso sexual gravemente ultrajante agravado por la guarda (tres hechos, en concurso real, en perjuicio de una ni\u00f1a de cinco a\u00f1os; abuso sexual simple agravado por la situaci\u00f3n de guarda (un hecho), contra una peque\u00f1a de siete u ocho a\u00f1os; y abuso sexual gravemente ultrajante, agravado por la guarda, como delito continuado, en perjuicio de otra menor de diez u once a\u00f1os.<\/p>\n\n\n\n<p>Adem\u00e1s, Balaguer y Piombi valoraron los hechos en el marco de las leyes nacionales 26485 de Protecci\u00f3n Integral contra las Mujeres, y 26061 de Protecci\u00f3n Integral de los Derechos de las Ni\u00f1as, Ni\u00f1os y Adolescentes.<\/p>\n\n\n\n<p>El fallo de Pagano hab\u00eda sido recurrido por los defensores particulares del acusado, Carlos Pedro Febre y Jer\u00f3nimo Altamirano; y por Ruffini. El juez hab\u00eda dado por probado que a principios de 2011, el acusado abus\u00f3 en tres ocasiones de la m\u00e1s chica de las ni\u00f1as, que es la nieta de su hermano. Las otras agresiones ocurrieron entre 2010 y 2014 en el predio rural donde trabajaba el acusado.<\/p>\n\n\n\n<p>Balaguer, autor del voto inicial, y al que adhiri\u00f3 Piombi, se\u00f1al\u00f3 que \u201cno voy a compartir las razones expuestas por el juez (Pagano)\u201d con respecto al agravante de la guarda. \u201cComo ya lo expres\u00e9 m\u00e1s arriba, <strong>lo que caracteriza a los hechos que tienen por v\u00edctimas a las tres ni\u00f1as es el grado de confianza que ten\u00edan depositado en el acusado<\/strong> (\u2026) Como as\u00ed tambi\u00e9n que, en los tres casos, s<strong>e presentan situaciones de guarda t\u00e1cita<\/strong>, que, aunque puedan ser caracterizadas como fugaces, generaron en el n\u00facleo familiar de las v\u00edctimas una expectativa de cuidado\u201d, explic\u00f3 Balaguer.<\/p>\n\n\n\n<p>Finalmente, al no hacer lugar al recurso de impugnaci\u00f3n de la defensa, el TIP acept\u00f3 que era \u201catendible\u201d desde el rol que cumplieron Febre y Altamirano en el proceso; pero a\u00f1adi\u00f3 que \u201cel juez no hizo m\u00e1s que cumplir en su valoraci\u00f3n con las exigencias que el ordenamiento jur\u00eddico\u201d le requiere. \u00abAnte el agravio -agreg\u00f3- por la err\u00f3nea valoraci\u00f3n de la prueba tampoco le asiste la raz\u00f3n al recurrente y, por ello, no debe hacerse lugar al planteo por existencia de duda razonable y aplicaci\u00f3n del precepto in dubio pro reo\u201d (la duda beneficia al reo).<\/p>\n\n\n\n<p>La causa se abri\u00f3 en enero del a\u00f1o pasado, a pesar del tiempo transcurrido desde los abusos, a ra\u00edz de la denuncia formulada por la madre de una de las v\u00edctimas cuando ella le pudo contar los sufrimientos que hab\u00eda padecido. \u200b<\/p>\n\n\n\n<p><\/p>\n","protected":false},"excerpt":{"rendered":"<p>El Tribunal de Impugnaci\u00f3n Penal TIP) confirm\u00f3 la pena de 16 a\u00f1os de prisi\u00f3n contra un camionero por abusar sexualmente de tres menores, con quienes manten\u00eda v\u00ednculos de parentesco o&hellip;<\/p>\n","protected":false},"author":3,"featured_media":135762,"comment_status":"closed","ping_status":"open","sticky":false,"template":"","format":"standard","meta":{"_acf_changed":false,"footnotes":""},"categories":[10,12],"tags":[],"class_list":["post-168408","post","type-post","status-publish","format-standard","has-post-thumbnail","hentry","category-portada-2","category-sociedad"],"acf":[],"yoast_head":"<!-- This site is optimized with the Yoast SEO plugin v27.5 - https:\/\/yoast.com\/product\/yoast-seo-wordpress\/ -->\n<title>Confirmaron 16 a\u00f1os de c\u00e1rcel a un camionero por abusar de las tres hijas de su amigo - Diario Textual<\/title>\n<meta name=\"robots\" content=\"index, follow, max-snippet:-1, max-image-preview:large, max-video-preview:-1\" \/>\n<link rel=\"canonical\" href=\"https:\/\/diariotextual.com\/inicio\/index.php\/2021\/11\/10\/confirmaron-16-anos-de-carcel-a-un-camionero-por-abusar-de-las-tres-hijas-de-su-amigo\/\" \/>\n<meta property=\"og:locale\" content=\"es_ES\" \/>\n<meta property=\"og:type\" content=\"article\" \/>\n<meta property=\"og:title\" content=\"Confirmaron 16 a\u00f1os de c\u00e1rcel a un camionero por abusar de las tres hijas de su amigo - Diario Textual\" \/>\n<meta property=\"og:description\" content=\"El Tribunal de Impugnaci\u00f3n Penal TIP) confirm\u00f3 la pena de 16 a\u00f1os de prisi\u00f3n contra un camionero por abusar sexualmente de tres menores, con quienes manten\u00eda v\u00ednculos de parentesco o&hellip;\" \/>\n<meta property=\"og:url\" content=\"https:\/\/diariotextual.com\/inicio\/index.php\/2021\/11\/10\/confirmaron-16-anos-de-carcel-a-un-camionero-por-abusar-de-las-tres-hijas-de-su-amigo\/\" \/>\n<meta property=\"og:site_name\" content=\"Diario Textual\" \/>\n<meta property=\"article:publisher\" content=\"https:\/\/www.facebook.com\/eltextual\" \/>\n<meta property=\"article:published_time\" content=\"2021-11-10T15:29:06+00:00\" \/>\n<meta property=\"article:modified_time\" content=\"2021-11-10T17:24:35+00:00\" \/>\n<meta property=\"og:image\" content=\"https:\/\/diariotextual.com\/inicio\/wp-content\/uploads\/2021\/03\/abusosexualinfantil0001.jpg\" \/>\n\t<meta property=\"og:image:width\" content=\"724\" \/>\n\t<meta property=\"og:image:height\" content=\"403\" \/>\n\t<meta property=\"og:image:type\" content=\"image\/jpeg\" \/>\n<meta name=\"author\" content=\"Diario1 Diario1\" \/>\n<meta name=\"twitter:card\" content=\"summary_large_image\" \/>\n<meta name=\"twitter:creator\" content=\"@eltextual\" \/>\n<meta name=\"twitter:site\" content=\"@eltextual\" \/>\n<meta name=\"twitter:label1\" content=\"Escrito por\" \/>\n\t<meta name=\"twitter:data1\" content=\"Diario1 Diario1\" \/>\n\t<meta name=\"twitter:label2\" content=\"Tiempo de lectura\" \/>\n\t<meta name=\"twitter:data2\" content=\"3 minutos\" \/>\n<script type=\"application\/ld+json\" class=\"yoast-schema-graph\">{\"@context\":\"https:\\\/\\\/schema.org\",\"@graph\":[{\"@type\":\"Article\",\"@id\":\"https:\\\/\\\/diariotextual.com\\\/inicio\\\/index.php\\\/2021\\\/11\\\/10\\\/confirmaron-16-anos-de-carcel-a-un-camionero-por-abusar-de-las-tres-hijas-de-su-amigo\\\/#article\",\"isPartOf\":{\"@id\":\"https:\\\/\\\/diariotextual.com\\\/inicio\\\/index.php\\\/2021\\\/11\\\/10\\\/confirmaron-16-anos-de-carcel-a-un-camionero-por-abusar-de-las-tres-hijas-de-su-amigo\\\/\"},\"author\":{\"name\":\"Diario1 Diario1\",\"@id\":\"https:\\\/\\\/diariotextual.com\\\/inicio\\\/#\\\/schema\\\/person\\\/418fc4093c33e86ed41562db3508f958\"},\"headline\":\"Confirmaron 16 a\u00f1os de c\u00e1rcel a un camionero por abusar de las tres hijas de su amigo\",\"datePublished\":\"2021-11-10T15:29:06+00:00\",\"dateModified\":\"2021-11-10T17:24:35+00:00\",\"mainEntityOfPage\":{\"@id\":\"https:\\\/\\\/diariotextual.com\\\/inicio\\\/index.php\\\/2021\\\/11\\\/10\\\/confirmaron-16-anos-de-carcel-a-un-camionero-por-abusar-de-las-tres-hijas-de-su-amigo\\\/\"},\"wordCount\":588,\"publisher\":{\"@id\":\"https:\\\/\\\/diariotextual.com\\\/inicio\\\/#organization\"},\"image\":{\"@id\":\"https:\\\/\\\/diariotextual.com\\\/inicio\\\/index.php\\\/2021\\\/11\\\/10\\\/confirmaron-16-anos-de-carcel-a-un-camionero-por-abusar-de-las-tres-hijas-de-su-amigo\\\/#primaryimage\"},\"thumbnailUrl\":\"https:\\\/\\\/diariotextual.com\\\/inicio\\\/wp-content\\\/uploads\\\/2021\\\/03\\\/abusosexualinfantil0001.jpg\",\"articleSection\":[\"A - PORTADA2\",\"SOCIEDAD\"],\"inLanguage\":\"es\"},{\"@type\":\"WebPage\",\"@id\":\"https:\\\/\\\/diariotextual.com\\\/inicio\\\/index.php\\\/2021\\\/11\\\/10\\\/confirmaron-16-anos-de-carcel-a-un-camionero-por-abusar-de-las-tres-hijas-de-su-amigo\\\/\",\"url\":\"https:\\\/\\\/diariotextual.com\\\/inicio\\\/index.php\\\/2021\\\/11\\\/10\\\/confirmaron-16-anos-de-carcel-a-un-camionero-por-abusar-de-las-tres-hijas-de-su-amigo\\\/\",\"name\":\"Confirmaron 16 a\u00f1os de c\u00e1rcel a un camionero por abusar de las tres hijas de su amigo - Diario Textual\",\"isPartOf\":{\"@id\":\"https:\\\/\\\/diariotextual.com\\\/inicio\\\/#website\"},\"primaryImageOfPage\":{\"@id\":\"https:\\\/\\\/diariotextual.com\\\/inicio\\\/index.php\\\/2021\\\/11\\\/10\\\/confirmaron-16-anos-de-carcel-a-un-camionero-por-abusar-de-las-tres-hijas-de-su-amigo\\\/#primaryimage\"},\"image\":{\"@id\":\"https:\\\/\\\/diariotextual.com\\\/inicio\\\/index.php\\\/2021\\\/11\\\/10\\\/confirmaron-16-anos-de-carcel-a-un-camionero-por-abusar-de-las-tres-hijas-de-su-amigo\\\/#primaryimage\"},\"thumbnailUrl\":\"https:\\\/\\\/diariotextual.com\\\/inicio\\\/wp-content\\\/uploads\\\/2021\\\/03\\\/abusosexualinfantil0001.jpg\",\"datePublished\":\"2021-11-10T15:29:06+00:00\",\"dateModified\":\"2021-11-10T17:24:35+00:00\",\"breadcrumb\":{\"@id\":\"https:\\\/\\\/diariotextual.com\\\/inicio\\\/index.php\\\/2021\\\/11\\\/10\\\/confirmaron-16-anos-de-carcel-a-un-camionero-por-abusar-de-las-tres-hijas-de-su-amigo\\\/#breadcrumb\"},\"inLanguage\":\"es\",\"potentialAction\":[{\"@type\":\"ReadAction\",\"target\":[\"https:\\\/\\\/diariotextual.com\\\/inicio\\\/index.php\\\/2021\\\/11\\\/10\\\/confirmaron-16-anos-de-carcel-a-un-camionero-por-abusar-de-las-tres-hijas-de-su-amigo\\\/\"]}]},{\"@type\":\"ImageObject\",\"inLanguage\":\"es\",\"@id\":\"https:\\\/\\\/diariotextual.com\\\/inicio\\\/index.php\\\/2021\\\/11\\\/10\\\/confirmaron-16-anos-de-carcel-a-un-camionero-por-abusar-de-las-tres-hijas-de-su-amigo\\\/#primaryimage\",\"url\":\"https:\\\/\\\/diariotextual.com\\\/inicio\\\/wp-content\\\/uploads\\\/2021\\\/03\\\/abusosexualinfantil0001.jpg\",\"contentUrl\":\"https:\\\/\\\/diariotextual.com\\\/inicio\\\/wp-content\\\/uploads\\\/2021\\\/03\\\/abusosexualinfantil0001.jpg\",\"width\":724,\"height\":403},{\"@type\":\"BreadcrumbList\",\"@id\":\"https:\\\/\\\/diariotextual.com\\\/inicio\\\/index.php\\\/2021\\\/11\\\/10\\\/confirmaron-16-anos-de-carcel-a-un-camionero-por-abusar-de-las-tres-hijas-de-su-amigo\\\/#breadcrumb\",\"itemListElement\":[{\"@type\":\"ListItem\",\"position\":1,\"name\":\"Portada\",\"item\":\"https:\\\/\\\/diariotextual.com\\\/inicio\\\/\"},{\"@type\":\"ListItem\",\"position\":2,\"name\":\"Confirmaron 16 a\u00f1os de c\u00e1rcel a un camionero por abusar de las tres hijas de su amigo\"}]},{\"@type\":\"WebSite\",\"@id\":\"https:\\\/\\\/diariotextual.com\\\/inicio\\\/#website\",\"url\":\"https:\\\/\\\/diariotextual.com\\\/inicio\\\/\",\"name\":\"Diario Textual\",\"description\":\"\",\"publisher\":{\"@id\":\"https:\\\/\\\/diariotextual.com\\\/inicio\\\/#organization\"},\"potentialAction\":[{\"@type\":\"SearchAction\",\"target\":{\"@type\":\"EntryPoint\",\"urlTemplate\":\"https:\\\/\\\/diariotextual.com\\\/inicio\\\/?s={search_term_string}\"},\"query-input\":{\"@type\":\"PropertyValueSpecification\",\"valueRequired\":true,\"valueName\":\"search_term_string\"}}],\"inLanguage\":\"es\"},{\"@type\":\"Organization\",\"@id\":\"https:\\\/\\\/diariotextual.com\\\/inicio\\\/#organization\",\"name\":\"Diario Textual\",\"url\":\"https:\\\/\\\/diariotextual.com\\\/inicio\\\/\",\"logo\":{\"@type\":\"ImageObject\",\"inLanguage\":\"es\",\"@id\":\"https:\\\/\\\/diariotextual.com\\\/inicio\\\/#\\\/schema\\\/logo\\\/image\\\/\",\"url\":\"https:\\\/\\\/diariotextual.com\\\/inicio\\\/wp-content\\\/uploads\\\/2023\\\/05\\\/logotextual1.jpg\",\"contentUrl\":\"https:\\\/\\\/diariotextual.com\\\/inicio\\\/wp-content\\\/uploads\\\/2023\\\/05\\\/logotextual1.jpg\",\"width\":516,\"height\":76,\"caption\":\"Diario Textual\"},\"image\":{\"@id\":\"https:\\\/\\\/diariotextual.com\\\/inicio\\\/#\\\/schema\\\/logo\\\/image\\\/\"},\"sameAs\":[\"https:\\\/\\\/www.facebook.com\\\/eltextual\",\"https:\\\/\\\/x.com\\\/eltextual\",\"http:\\\/\\\/www.instagram.com\\\/eltextual\"]},{\"@type\":\"Person\",\"@id\":\"https:\\\/\\\/diariotextual.com\\\/inicio\\\/#\\\/schema\\\/person\\\/418fc4093c33e86ed41562db3508f958\",\"name\":\"Diario1 Diario1\",\"image\":{\"@type\":\"ImageObject\",\"inLanguage\":\"es\",\"@id\":\"https:\\\/\\\/secure.gravatar.com\\\/avatar\\\/9167d280179c85bc18be67aa7eda765854300033af4896dd779b608640f2ef7a?s=96&d=mm&r=g\",\"url\":\"https:\\\/\\\/secure.gravatar.com\\\/avatar\\\/9167d280179c85bc18be67aa7eda765854300033af4896dd779b608640f2ef7a?s=96&d=mm&r=g\",\"contentUrl\":\"https:\\\/\\\/secure.gravatar.com\\\/avatar\\\/9167d280179c85bc18be67aa7eda765854300033af4896dd779b608640f2ef7a?s=96&d=mm&r=g\",\"caption\":\"Diario1 Diario1\"},\"url\":\"https:\\\/\\\/diariotextual.com\\\/inicio\\\/index.php\\\/author\\\/diario1\\\/\"}]}<\/script>\n<!-- \/ Yoast SEO plugin. -->","yoast_head_json":{"title":"Confirmaron 16 a\u00f1os de c\u00e1rcel a un camionero por abusar de las tres hijas de su amigo - Diario Textual","robots":{"index":"index","follow":"follow","max-snippet":"max-snippet:-1","max-image-preview":"max-image-preview:large","max-video-preview":"max-video-preview:-1"},"canonical":"https:\/\/diariotextual.com\/inicio\/index.php\/2021\/11\/10\/confirmaron-16-anos-de-carcel-a-un-camionero-por-abusar-de-las-tres-hijas-de-su-amigo\/","og_locale":"es_ES","og_type":"article","og_title":"Confirmaron 16 a\u00f1os de c\u00e1rcel a un camionero por abusar de las tres hijas de su amigo - Diario Textual","og_description":"El Tribunal de Impugnaci\u00f3n Penal TIP) confirm\u00f3 la pena de 16 a\u00f1os de prisi\u00f3n contra un camionero por abusar sexualmente de tres menores, con quienes manten\u00eda v\u00ednculos de parentesco o&hellip;","og_url":"https:\/\/diariotextual.com\/inicio\/index.php\/2021\/11\/10\/confirmaron-16-anos-de-carcel-a-un-camionero-por-abusar-de-las-tres-hijas-de-su-amigo\/","og_site_name":"Diario Textual","article_publisher":"https:\/\/www.facebook.com\/eltextual","article_published_time":"2021-11-10T15:29:06+00:00","article_modified_time":"2021-11-10T17:24:35+00:00","og_image":[{"width":724,"height":403,"url":"https:\/\/diariotextual.com\/inicio\/wp-content\/uploads\/2021\/03\/abusosexualinfantil0001.jpg","type":"image\/jpeg"}],"author":"Diario1 Diario1","twitter_card":"summary_large_image","twitter_creator":"@eltextual","twitter_site":"@eltextual","twitter_misc":{"Escrito por":"Diario1 Diario1","Tiempo de lectura":"3 minutos"},"schema":{"@context":"https:\/\/schema.org","@graph":[{"@type":"Article","@id":"https:\/\/diariotextual.com\/inicio\/index.php\/2021\/11\/10\/confirmaron-16-anos-de-carcel-a-un-camionero-por-abusar-de-las-tres-hijas-de-su-amigo\/#article","isPartOf":{"@id":"https:\/\/diariotextual.com\/inicio\/index.php\/2021\/11\/10\/confirmaron-16-anos-de-carcel-a-un-camionero-por-abusar-de-las-tres-hijas-de-su-amigo\/"},"author":{"name":"Diario1 Diario1","@id":"https:\/\/diariotextual.com\/inicio\/#\/schema\/person\/418fc4093c33e86ed41562db3508f958"},"headline":"Confirmaron 16 a\u00f1os de c\u00e1rcel a un camionero por abusar de las tres hijas de su amigo","datePublished":"2021-11-10T15:29:06+00:00","dateModified":"2021-11-10T17:24:35+00:00","mainEntityOfPage":{"@id":"https:\/\/diariotextual.com\/inicio\/index.php\/2021\/11\/10\/confirmaron-16-anos-de-carcel-a-un-camionero-por-abusar-de-las-tres-hijas-de-su-amigo\/"},"wordCount":588,"publisher":{"@id":"https:\/\/diariotextual.com\/inicio\/#organization"},"image":{"@id":"https:\/\/diariotextual.com\/inicio\/index.php\/2021\/11\/10\/confirmaron-16-anos-de-carcel-a-un-camionero-por-abusar-de-las-tres-hijas-de-su-amigo\/#primaryimage"},"thumbnailUrl":"https:\/\/diariotextual.com\/inicio\/wp-content\/uploads\/2021\/03\/abusosexualinfantil0001.jpg","articleSection":["A - PORTADA2","SOCIEDAD"],"inLanguage":"es"},{"@type":"WebPage","@id":"https:\/\/diariotextual.com\/inicio\/index.php\/2021\/11\/10\/confirmaron-16-anos-de-carcel-a-un-camionero-por-abusar-de-las-tres-hijas-de-su-amigo\/","url":"https:\/\/diariotextual.com\/inicio\/index.php\/2021\/11\/10\/confirmaron-16-anos-de-carcel-a-un-camionero-por-abusar-de-las-tres-hijas-de-su-amigo\/","name":"Confirmaron 16 a\u00f1os de c\u00e1rcel a un camionero por abusar de las tres hijas de su amigo - Diario Textual","isPartOf":{"@id":"https:\/\/diariotextual.com\/inicio\/#website"},"primaryImageOfPage":{"@id":"https:\/\/diariotextual.com\/inicio\/index.php\/2021\/11\/10\/confirmaron-16-anos-de-carcel-a-un-camionero-por-abusar-de-las-tres-hijas-de-su-amigo\/#primaryimage"},"image":{"@id":"https:\/\/diariotextual.com\/inicio\/index.php\/2021\/11\/10\/confirmaron-16-anos-de-carcel-a-un-camionero-por-abusar-de-las-tres-hijas-de-su-amigo\/#primaryimage"},"thumbnailUrl":"https:\/\/diariotextual.com\/inicio\/wp-content\/uploads\/2021\/03\/abusosexualinfantil0001.jpg","datePublished":"2021-11-10T15:29:06+00:00","dateModified":"2021-11-10T17:24:35+00:00","breadcrumb":{"@id":"https:\/\/diariotextual.com\/inicio\/index.php\/2021\/11\/10\/confirmaron-16-anos-de-carcel-a-un-camionero-por-abusar-de-las-tres-hijas-de-su-amigo\/#breadcrumb"},"inLanguage":"es","potentialAction":[{"@type":"ReadAction","target":["https:\/\/diariotextual.com\/inicio\/index.php\/2021\/11\/10\/confirmaron-16-anos-de-carcel-a-un-camionero-por-abusar-de-las-tres-hijas-de-su-amigo\/"]}]},{"@type":"ImageObject","inLanguage":"es","@id":"https:\/\/diariotextual.com\/inicio\/index.php\/2021\/11\/10\/confirmaron-16-anos-de-carcel-a-un-camionero-por-abusar-de-las-tres-hijas-de-su-amigo\/#primaryimage","url":"https:\/\/diariotextual.com\/inicio\/wp-content\/uploads\/2021\/03\/abusosexualinfantil0001.jpg","contentUrl":"https:\/\/diariotextual.com\/inicio\/wp-content\/uploads\/2021\/03\/abusosexualinfantil0001.jpg","width":724,"height":403},{"@type":"BreadcrumbList","@id":"https:\/\/diariotextual.com\/inicio\/index.php\/2021\/11\/10\/confirmaron-16-anos-de-carcel-a-un-camionero-por-abusar-de-las-tres-hijas-de-su-amigo\/#breadcrumb","itemListElement":[{"@type":"ListItem","position":1,"name":"Portada","item":"https:\/\/diariotextual.com\/inicio\/"},{"@type":"ListItem","position":2,"name":"Confirmaron 16 a\u00f1os de c\u00e1rcel a un camionero por abusar de las tres hijas de su amigo"}]},{"@type":"WebSite","@id":"https:\/\/diariotextual.com\/inicio\/#website","url":"https:\/\/diariotextual.com\/inicio\/","name":"Diario Textual","description":"","publisher":{"@id":"https:\/\/diariotextual.com\/inicio\/#organization"},"potentialAction":[{"@type":"SearchAction","target":{"@type":"EntryPoint","urlTemplate":"https:\/\/diariotextual.com\/inicio\/?s={search_term_string}"},"query-input":{"@type":"PropertyValueSpecification","valueRequired":true,"valueName":"search_term_string"}}],"inLanguage":"es"},{"@type":"Organization","@id":"https:\/\/diariotextual.com\/inicio\/#organization","name":"Diario Textual","url":"https:\/\/diariotextual.com\/inicio\/","logo":{"@type":"ImageObject","inLanguage":"es","@id":"https:\/\/diariotextual.com\/inicio\/#\/schema\/logo\/image\/","url":"https:\/\/diariotextual.com\/inicio\/wp-content\/uploads\/2023\/05\/logotextual1.jpg","contentUrl":"https:\/\/diariotextual.com\/inicio\/wp-content\/uploads\/2023\/05\/logotextual1.jpg","width":516,"height":76,"caption":"Diario Textual"},"image":{"@id":"https:\/\/diariotextual.com\/inicio\/#\/schema\/logo\/image\/"},"sameAs":["https:\/\/www.facebook.com\/eltextual","https:\/\/x.com\/eltextual","http:\/\/www.instagram.com\/eltextual"]},{"@type":"Person","@id":"https:\/\/diariotextual.com\/inicio\/#\/schema\/person\/418fc4093c33e86ed41562db3508f958","name":"Diario1 Diario1","image":{"@type":"ImageObject","inLanguage":"es","@id":"https:\/\/secure.gravatar.com\/avatar\/9167d280179c85bc18be67aa7eda765854300033af4896dd779b608640f2ef7a?s=96&d=mm&r=g","url":"https:\/\/secure.gravatar.com\/avatar\/9167d280179c85bc18be67aa7eda765854300033af4896dd779b608640f2ef7a?s=96&d=mm&r=g","contentUrl":"https:\/\/secure.gravatar.com\/avatar\/9167d280179c85bc18be67aa7eda765854300033af4896dd779b608640f2ef7a?s=96&d=mm&r=g","caption":"Diario1 Diario1"},"url":"https:\/\/diariotextual.com\/inicio\/index.php\/author\/diario1\/"}]}},"_links":{"self":[{"href":"https:\/\/diariotextual.com\/inicio\/index.php\/wp-json\/wp\/v2\/posts\/168408","targetHints":{"allow":["GET"]}}],"collection":[{"href":"https:\/\/diariotextual.com\/inicio\/index.php\/wp-json\/wp\/v2\/posts"}],"about":[{"href":"https:\/\/diariotextual.com\/inicio\/index.php\/wp-json\/wp\/v2\/types\/post"}],"author":[{"embeddable":true,"href":"https:\/\/diariotextual.com\/inicio\/index.php\/wp-json\/wp\/v2\/users\/3"}],"replies":[{"embeddable":true,"href":"https:\/\/diariotextual.com\/inicio\/index.php\/wp-json\/wp\/v2\/comments?post=168408"}],"version-history":[{"count":3,"href":"https:\/\/diariotextual.com\/inicio\/index.php\/wp-json\/wp\/v2\/posts\/168408\/revisions"}],"predecessor-version":[{"id":168411,"href":"https:\/\/diariotextual.com\/inicio\/index.php\/wp-json\/wp\/v2\/posts\/168408\/revisions\/168411"}],"wp:featuredmedia":[{"embeddable":true,"href":"https:\/\/diariotextual.com\/inicio\/index.php\/wp-json\/wp\/v2\/media\/135762"}],"wp:attachment":[{"href":"https:\/\/diariotextual.com\/inicio\/index.php\/wp-json\/wp\/v2\/media?parent=168408"}],"wp:term":[{"taxonomy":"category","embeddable":true,"href":"https:\/\/diariotextual.com\/inicio\/index.php\/wp-json\/wp\/v2\/categories?post=168408"},{"taxonomy":"post_tag","embeddable":true,"href":"https:\/\/diariotextual.com\/inicio\/index.php\/wp-json\/wp\/v2\/tags?post=168408"}],"curies":[{"name":"wp","href":"https:\/\/api.w.org\/{rel}","templated":true}]}}