{"id":168631,"date":"2021-11-12T08:49:26","date_gmt":"2021-11-12T11:49:26","guid":{"rendered":"https:\/\/diariotextual.com\/inicio\/?p=168631"},"modified":"2021-11-12T12:43:02","modified_gmt":"2021-11-12T15:43:02","slug":"la-gloria-el-pueblo-que-crece-se-hicieron-21-casas-en-la-pandemia","status":"publish","type":"post","link":"https:\/\/diariotextual.com\/inicio\/index.php\/2021\/11\/12\/la-gloria-el-pueblo-que-crece-se-hicieron-21-casas-en-la-pandemia\/","title":{"rendered":"La Gloria, el pueblo que crece: se hicieron 21 casas en la pandemia"},"content":{"rendered":"\n<p>Una de las apuestas de la municipalidad de Uriburu en los \u00faltimos a\u00f1os fue la<strong> transformaci\u00f3n de La Gloria<\/strong>, darle el impulso necesario para que la localidad crezca con la radicaci\u00f3n de nuevos habitantes. En los \u00faltimos dos a\u00f1os esta peque\u00f1a poblaci\u00f3n comenz\u00f3 su transformaci\u00f3n y crecimiento, tanto que <strong>durante la pandemia se comenzaron a construir 21 casas.<\/strong><\/p>\n\n\n\n<p>La Gloria cuenta con 88 pobladores y depende administrativamente del municipio de Uriburu. \u201cLas 21 casas se hicieron o se est\u00e1n haciendo en el \u00faltimo tiempo, eso marca un poco el crecimiento de esta localidad\u201d, dijo el intendente Pascual Fern\u00e1ndez.  <\/p>\n\n\n\n<p>Adem\u00e1s en los \u00faltimos dos a\u00f1os, para promover la radicaci\u00f3n de m\u00e1s habitantes y mejorar las condiciones de quienes ya viven all\u00ed, se hizo la iluminaci\u00f3n de la plaza y se sumaron juegos y en los \u00faltimos d\u00edas se ilumin\u00f3 la calle de acceso con luminarias Led que le dan otra visi\u00f3n desde la ruta 5. Se pint\u00f3 la delegaci\u00f3n municipal, la posta sanitaria y la dependencia de la Polic\u00eda, lo que tambi\u00e9n le da otra cara a la localidad. Y hay un mantenimiento permanente de las calles de la localidad y las rurales. Tambi\u00e9n <a href=\"https:\/\/diariotextual.com\/inicio\/index.php\/2021\/10\/22\/apuesta-a-la-gloria-quieren-asfaltar-el-ingreso-a-la-localidad\/\" target=\"_blank\" rel=\"noreferrer noopener\">ya se anunci\u00f3 que se asfaltar\u00e1 el pr\u00f3ximo a\u00f1o el camino de ingreso,<\/a> lo que redundar\u00e1 en una mejor comunicaci\u00f3n.<\/p>\n\n\n\n<p>\u201cLo que pusimos en marcha es que la Municipalidad compra en la localidad y los trabajadores y la delegada, Dora Vendramini, son de la localidad. Esto fue toda una decisi\u00f3n pol\u00edtica que pudimos llevar adelante. Antes eran de Uriburu los que iban a trabajar a La Gloria\u201d, explic\u00f3 Fern\u00e1ndez.<\/p>\n\n\n\n<figure class=\"wp-block-embed is-type-wp-embed is-provider-diario-textual wp-block-embed-diario-textual\"><div class=\"wp-block-embed__wrapper\">\n<blockquote class=\"wp-embedded-content\" data-secret=\"XrlZWjrxks\"><a href=\"https:\/\/diariotextual.com\/inicio\/index.php\/2021\/11\/01\/el-pueblo-de-la-gloria-organiza-la-segunda-edicion-del-festival-de-canto-y-danza\/\">El pueblo de La Gloria organiza la segunda edici\u00f3n del festival de canto y danza<\/a><\/blockquote><iframe class=\"wp-embedded-content\" sandbox=\"allow-scripts\" security=\"restricted\" style=\"position: absolute; clip: rect(1px, 1px, 1px, 1px);\" title=\"\u00abEl pueblo de La Gloria organiza la segunda edici\u00f3n del festival de canto y danza\u00bb \u2014 Diario Textual\" src=\"https:\/\/diariotextual.com\/inicio\/index.php\/2021\/11\/01\/el-pueblo-de-la-gloria-organiza-la-segunda-edicion-del-festival-de-canto-y-danza\/embed\/#?secret=XrlZWjrxks\" data-secret=\"XrlZWjrxks\" width=\"600\" height=\"338\" frameborder=\"0\" marginwidth=\"0\" marginheight=\"0\" scrolling=\"no\"><\/iframe>\n<\/div><\/figure>\n","protected":false},"excerpt":{"rendered":"<p>Una de las apuestas de la municipalidad de Uriburu en los \u00faltimos a\u00f1os fue la transformaci\u00f3n de La Gloria, darle el impulso necesario para que la localidad crezca con la&hellip;<\/p>\n","protected":false},"author":4,"featured_media":168633,"comment_status":"closed","ping_status":"open","sticky":false,"template":"","format":"standard","meta":{"_acf_changed":false,"footnotes":""},"categories":[10,12],"tags":[],"class_list":["post-168631","post","type-post","status-publish","format-standard","has-post-thumbnail","hentry","category-portada-2","category-sociedad"],"acf":[],"yoast_head":"<!-- This site is optimized with the Yoast SEO plugin v27.5 - https:\/\/yoast.com\/product\/yoast-seo-wordpress\/ -->\n<title>La Gloria, el pueblo que crece: se hicieron 21 casas en la pandemia - Diario Textual<\/title>\n<meta name=\"robots\" content=\"index, follow, max-snippet:-1, max-image-preview:large, max-video-preview:-1\" \/>\n<link rel=\"canonical\" href=\"https:\/\/diariotextual.com\/inicio\/index.php\/2021\/11\/12\/la-gloria-el-pueblo-que-crece-se-hicieron-21-casas-en-la-pandemia\/\" \/>\n<meta property=\"og:locale\" content=\"es_ES\" \/>\n<meta property=\"og:type\" content=\"article\" \/>\n<meta property=\"og:title\" content=\"La Gloria, el pueblo que crece: se hicieron 21 casas en la pandemia - Diario Textual\" \/>\n<meta property=\"og:description\" content=\"Una de las apuestas de la municipalidad de Uriburu en los \u00faltimos a\u00f1os fue la transformaci\u00f3n de La Gloria, darle el impulso necesario para que la localidad crezca con la&hellip;\" \/>\n<meta property=\"og:url\" content=\"https:\/\/diariotextual.com\/inicio\/index.php\/2021\/11\/12\/la-gloria-el-pueblo-que-crece-se-hicieron-21-casas-en-la-pandemia\/\" \/>\n<meta property=\"og:site_name\" content=\"Diario Textual\" \/>\n<meta property=\"article:publisher\" content=\"https:\/\/www.facebook.com\/eltextual\" \/>\n<meta property=\"article:published_time\" content=\"2021-11-12T11:49:26+00:00\" \/>\n<meta property=\"article:modified_time\" content=\"2021-11-12T15:43:02+00:00\" \/>\n<meta property=\"og:image\" content=\"https:\/\/diariotextual.com\/inicio\/wp-content\/uploads\/2021\/11\/lagloriaparqueninos5.jpg\" \/>\n\t<meta property=\"og:image:width\" content=\"1280\" \/>\n\t<meta property=\"og:image:height\" content=\"758\" \/>\n\t<meta property=\"og:image:type\" content=\"image\/jpeg\" \/>\n<meta name=\"author\" content=\"diario2\" \/>\n<meta name=\"twitter:card\" content=\"summary_large_image\" \/>\n<meta name=\"twitter:creator\" content=\"@eltextual\" \/>\n<meta name=\"twitter:site\" content=\"@eltextual\" \/>\n<meta name=\"twitter:label1\" content=\"Escrito por\" \/>\n\t<meta name=\"twitter:data1\" content=\"diario2\" \/>\n\t<meta name=\"twitter:label2\" content=\"Tiempo de lectura\" \/>\n\t<meta name=\"twitter:data2\" content=\"2 minutos\" \/>\n<script type=\"application\/ld+json\" class=\"yoast-schema-graph\">{\"@context\":\"https:\\\/\\\/schema.org\",\"@graph\":[{\"@type\":\"Article\",\"@id\":\"https:\\\/\\\/diariotextual.com\\\/inicio\\\/index.php\\\/2021\\\/11\\\/12\\\/la-gloria-el-pueblo-que-crece-se-hicieron-21-casas-en-la-pandemia\\\/#article\",\"isPartOf\":{\"@id\":\"https:\\\/\\\/diariotextual.com\\\/inicio\\\/index.php\\\/2021\\\/11\\\/12\\\/la-gloria-el-pueblo-que-crece-se-hicieron-21-casas-en-la-pandemia\\\/\"},\"author\":{\"name\":\"diario2\",\"@id\":\"https:\\\/\\\/diariotextual.com\\\/inicio\\\/#\\\/schema\\\/person\\\/694f60677f23c4a530867a98f22b3768\"},\"headline\":\"La Gloria, el pueblo que crece: se hicieron 21 casas en la pandemia\",\"datePublished\":\"2021-11-12T11:49:26+00:00\",\"dateModified\":\"2021-11-12T15:43:02+00:00\",\"mainEntityOfPage\":{\"@id\":\"https:\\\/\\\/diariotextual.com\\\/inicio\\\/index.php\\\/2021\\\/11\\\/12\\\/la-gloria-el-pueblo-que-crece-se-hicieron-21-casas-en-la-pandemia\\\/\"},\"wordCount\":303,\"publisher\":{\"@id\":\"https:\\\/\\\/diariotextual.com\\\/inicio\\\/#organization\"},\"image\":{\"@id\":\"https:\\\/\\\/diariotextual.com\\\/inicio\\\/index.php\\\/2021\\\/11\\\/12\\\/la-gloria-el-pueblo-que-crece-se-hicieron-21-casas-en-la-pandemia\\\/#primaryimage\"},\"thumbnailUrl\":\"https:\\\/\\\/diariotextual.com\\\/inicio\\\/wp-content\\\/uploads\\\/2021\\\/11\\\/lagloriaparqueninos5.jpg\",\"articleSection\":[\"A - PORTADA2\",\"SOCIEDAD\"],\"inLanguage\":\"es\"},{\"@type\":\"WebPage\",\"@id\":\"https:\\\/\\\/diariotextual.com\\\/inicio\\\/index.php\\\/2021\\\/11\\\/12\\\/la-gloria-el-pueblo-que-crece-se-hicieron-21-casas-en-la-pandemia\\\/\",\"url\":\"https:\\\/\\\/diariotextual.com\\\/inicio\\\/index.php\\\/2021\\\/11\\\/12\\\/la-gloria-el-pueblo-que-crece-se-hicieron-21-casas-en-la-pandemia\\\/\",\"name\":\"La Gloria, el pueblo que crece: se hicieron 21 casas en la pandemia - Diario Textual\",\"isPartOf\":{\"@id\":\"https:\\\/\\\/diariotextual.com\\\/inicio\\\/#website\"},\"primaryImageOfPage\":{\"@id\":\"https:\\\/\\\/diariotextual.com\\\/inicio\\\/index.php\\\/2021\\\/11\\\/12\\\/la-gloria-el-pueblo-que-crece-se-hicieron-21-casas-en-la-pandemia\\\/#primaryimage\"},\"image\":{\"@id\":\"https:\\\/\\\/diariotextual.com\\\/inicio\\\/index.php\\\/2021\\\/11\\\/12\\\/la-gloria-el-pueblo-que-crece-se-hicieron-21-casas-en-la-pandemia\\\/#primaryimage\"},\"thumbnailUrl\":\"https:\\\/\\\/diariotextual.com\\\/inicio\\\/wp-content\\\/uploads\\\/2021\\\/11\\\/lagloriaparqueninos5.jpg\",\"datePublished\":\"2021-11-12T11:49:26+00:00\",\"dateModified\":\"2021-11-12T15:43:02+00:00\",\"breadcrumb\":{\"@id\":\"https:\\\/\\\/diariotextual.com\\\/inicio\\\/index.php\\\/2021\\\/11\\\/12\\\/la-gloria-el-pueblo-que-crece-se-hicieron-21-casas-en-la-pandemia\\\/#breadcrumb\"},\"inLanguage\":\"es\",\"potentialAction\":[{\"@type\":\"ReadAction\",\"target\":[\"https:\\\/\\\/diariotextual.com\\\/inicio\\\/index.php\\\/2021\\\/11\\\/12\\\/la-gloria-el-pueblo-que-crece-se-hicieron-21-casas-en-la-pandemia\\\/\"]}]},{\"@type\":\"ImageObject\",\"inLanguage\":\"es\",\"@id\":\"https:\\\/\\\/diariotextual.com\\\/inicio\\\/index.php\\\/2021\\\/11\\\/12\\\/la-gloria-el-pueblo-que-crece-se-hicieron-21-casas-en-la-pandemia\\\/#primaryimage\",\"url\":\"https:\\\/\\\/diariotextual.com\\\/inicio\\\/wp-content\\\/uploads\\\/2021\\\/11\\\/lagloriaparqueninos5.jpg\",\"contentUrl\":\"https:\\\/\\\/diariotextual.com\\\/inicio\\\/wp-content\\\/uploads\\\/2021\\\/11\\\/lagloriaparqueninos5.jpg\",\"width\":1280,\"height\":758},{\"@type\":\"BreadcrumbList\",\"@id\":\"https:\\\/\\\/diariotextual.com\\\/inicio\\\/index.php\\\/2021\\\/11\\\/12\\\/la-gloria-el-pueblo-que-crece-se-hicieron-21-casas-en-la-pandemia\\\/#breadcrumb\",\"itemListElement\":[{\"@type\":\"ListItem\",\"position\":1,\"name\":\"Portada\",\"item\":\"https:\\\/\\\/diariotextual.com\\\/inicio\\\/\"},{\"@type\":\"ListItem\",\"position\":2,\"name\":\"La Gloria, el pueblo que crece: se hicieron 21 casas en la pandemia\"}]},{\"@type\":\"WebSite\",\"@id\":\"https:\\\/\\\/diariotextual.com\\\/inicio\\\/#website\",\"url\":\"https:\\\/\\\/diariotextual.com\\\/inicio\\\/\",\"name\":\"Diario Textual\",\"description\":\"\",\"publisher\":{\"@id\":\"https:\\\/\\\/diariotextual.com\\\/inicio\\\/#organization\"},\"potentialAction\":[{\"@type\":\"SearchAction\",\"target\":{\"@type\":\"EntryPoint\",\"urlTemplate\":\"https:\\\/\\\/diariotextual.com\\\/inicio\\\/?s={search_term_string}\"},\"query-input\":{\"@type\":\"PropertyValueSpecification\",\"valueRequired\":true,\"valueName\":\"search_term_string\"}}],\"inLanguage\":\"es\"},{\"@type\":\"Organization\",\"@id\":\"https:\\\/\\\/diariotextual.com\\\/inicio\\\/#organization\",\"name\":\"Diario Textual\",\"url\":\"https:\\\/\\\/diariotextual.com\\\/inicio\\\/\",\"logo\":{\"@type\":\"ImageObject\",\"inLanguage\":\"es\",\"@id\":\"https:\\\/\\\/diariotextual.com\\\/inicio\\\/#\\\/schema\\\/logo\\\/image\\\/\",\"url\":\"https:\\\/\\\/diariotextual.com\\\/inicio\\\/wp-content\\\/uploads\\\/2023\\\/05\\\/logotextual1.jpg\",\"contentUrl\":\"https:\\\/\\\/diariotextual.com\\\/inicio\\\/wp-content\\\/uploads\\\/2023\\\/05\\\/logotextual1.jpg\",\"width\":516,\"height\":76,\"caption\":\"Diario Textual\"},\"image\":{\"@id\":\"https:\\\/\\\/diariotextual.com\\\/inicio\\\/#\\\/schema\\\/logo\\\/image\\\/\"},\"sameAs\":[\"https:\\\/\\\/www.facebook.com\\\/eltextual\",\"https:\\\/\\\/x.com\\\/eltextual\",\"http:\\\/\\\/www.instagram.com\\\/eltextual\"]},{\"@type\":\"Person\",\"@id\":\"https:\\\/\\\/diariotextual.com\\\/inicio\\\/#\\\/schema\\\/person\\\/694f60677f23c4a530867a98f22b3768\",\"name\":\"diario2\",\"image\":{\"@type\":\"ImageObject\",\"inLanguage\":\"es\",\"@id\":\"https:\\\/\\\/secure.gravatar.com\\\/avatar\\\/5a2567495ba16b852fcd8f1ed006a2e24fcace936018ed8237e95f488ad6e0a7?s=96&d=mm&r=g\",\"url\":\"https:\\\/\\\/secure.gravatar.com\\\/avatar\\\/5a2567495ba16b852fcd8f1ed006a2e24fcace936018ed8237e95f488ad6e0a7?s=96&d=mm&r=g\",\"contentUrl\":\"https:\\\/\\\/secure.gravatar.com\\\/avatar\\\/5a2567495ba16b852fcd8f1ed006a2e24fcace936018ed8237e95f488ad6e0a7?s=96&d=mm&r=g\",\"caption\":\"diario2\"},\"url\":\"https:\\\/\\\/diariotextual.com\\\/inicio\\\/index.php\\\/author\\\/diario2\\\/\"}]}<\/script>\n<!-- \/ Yoast SEO plugin. -->","yoast_head_json":{"title":"La Gloria, el pueblo que crece: se hicieron 21 casas en la pandemia - Diario Textual","robots":{"index":"index","follow":"follow","max-snippet":"max-snippet:-1","max-image-preview":"max-image-preview:large","max-video-preview":"max-video-preview:-1"},"canonical":"https:\/\/diariotextual.com\/inicio\/index.php\/2021\/11\/12\/la-gloria-el-pueblo-que-crece-se-hicieron-21-casas-en-la-pandemia\/","og_locale":"es_ES","og_type":"article","og_title":"La Gloria, el pueblo que crece: se hicieron 21 casas en la pandemia - Diario Textual","og_description":"Una de las apuestas de la municipalidad de Uriburu en los \u00faltimos a\u00f1os fue la transformaci\u00f3n de La Gloria, darle el impulso necesario para que la localidad crezca con la&hellip;","og_url":"https:\/\/diariotextual.com\/inicio\/index.php\/2021\/11\/12\/la-gloria-el-pueblo-que-crece-se-hicieron-21-casas-en-la-pandemia\/","og_site_name":"Diario Textual","article_publisher":"https:\/\/www.facebook.com\/eltextual","article_published_time":"2021-11-12T11:49:26+00:00","article_modified_time":"2021-11-12T15:43:02+00:00","og_image":[{"width":1280,"height":758,"url":"https:\/\/diariotextual.com\/inicio\/wp-content\/uploads\/2021\/11\/lagloriaparqueninos5.jpg","type":"image\/jpeg"}],"author":"diario2","twitter_card":"summary_large_image","twitter_creator":"@eltextual","twitter_site":"@eltextual","twitter_misc":{"Escrito por":"diario2","Tiempo de lectura":"2 minutos"},"schema":{"@context":"https:\/\/schema.org","@graph":[{"@type":"Article","@id":"https:\/\/diariotextual.com\/inicio\/index.php\/2021\/11\/12\/la-gloria-el-pueblo-que-crece-se-hicieron-21-casas-en-la-pandemia\/#article","isPartOf":{"@id":"https:\/\/diariotextual.com\/inicio\/index.php\/2021\/11\/12\/la-gloria-el-pueblo-que-crece-se-hicieron-21-casas-en-la-pandemia\/"},"author":{"name":"diario2","@id":"https:\/\/diariotextual.com\/inicio\/#\/schema\/person\/694f60677f23c4a530867a98f22b3768"},"headline":"La Gloria, el pueblo que crece: se hicieron 21 casas en la pandemia","datePublished":"2021-11-12T11:49:26+00:00","dateModified":"2021-11-12T15:43:02+00:00","mainEntityOfPage":{"@id":"https:\/\/diariotextual.com\/inicio\/index.php\/2021\/11\/12\/la-gloria-el-pueblo-que-crece-se-hicieron-21-casas-en-la-pandemia\/"},"wordCount":303,"publisher":{"@id":"https:\/\/diariotextual.com\/inicio\/#organization"},"image":{"@id":"https:\/\/diariotextual.com\/inicio\/index.php\/2021\/11\/12\/la-gloria-el-pueblo-que-crece-se-hicieron-21-casas-en-la-pandemia\/#primaryimage"},"thumbnailUrl":"https:\/\/diariotextual.com\/inicio\/wp-content\/uploads\/2021\/11\/lagloriaparqueninos5.jpg","articleSection":["A - PORTADA2","SOCIEDAD"],"inLanguage":"es"},{"@type":"WebPage","@id":"https:\/\/diariotextual.com\/inicio\/index.php\/2021\/11\/12\/la-gloria-el-pueblo-que-crece-se-hicieron-21-casas-en-la-pandemia\/","url":"https:\/\/diariotextual.com\/inicio\/index.php\/2021\/11\/12\/la-gloria-el-pueblo-que-crece-se-hicieron-21-casas-en-la-pandemia\/","name":"La Gloria, el pueblo que crece: se hicieron 21 casas en la pandemia - Diario Textual","isPartOf":{"@id":"https:\/\/diariotextual.com\/inicio\/#website"},"primaryImageOfPage":{"@id":"https:\/\/diariotextual.com\/inicio\/index.php\/2021\/11\/12\/la-gloria-el-pueblo-que-crece-se-hicieron-21-casas-en-la-pandemia\/#primaryimage"},"image":{"@id":"https:\/\/diariotextual.com\/inicio\/index.php\/2021\/11\/12\/la-gloria-el-pueblo-que-crece-se-hicieron-21-casas-en-la-pandemia\/#primaryimage"},"thumbnailUrl":"https:\/\/diariotextual.com\/inicio\/wp-content\/uploads\/2021\/11\/lagloriaparqueninos5.jpg","datePublished":"2021-11-12T11:49:26+00:00","dateModified":"2021-11-12T15:43:02+00:00","breadcrumb":{"@id":"https:\/\/diariotextual.com\/inicio\/index.php\/2021\/11\/12\/la-gloria-el-pueblo-que-crece-se-hicieron-21-casas-en-la-pandemia\/#breadcrumb"},"inLanguage":"es","potentialAction":[{"@type":"ReadAction","target":["https:\/\/diariotextual.com\/inicio\/index.php\/2021\/11\/12\/la-gloria-el-pueblo-que-crece-se-hicieron-21-casas-en-la-pandemia\/"]}]},{"@type":"ImageObject","inLanguage":"es","@id":"https:\/\/diariotextual.com\/inicio\/index.php\/2021\/11\/12\/la-gloria-el-pueblo-que-crece-se-hicieron-21-casas-en-la-pandemia\/#primaryimage","url":"https:\/\/diariotextual.com\/inicio\/wp-content\/uploads\/2021\/11\/lagloriaparqueninos5.jpg","contentUrl":"https:\/\/diariotextual.com\/inicio\/wp-content\/uploads\/2021\/11\/lagloriaparqueninos5.jpg","width":1280,"height":758},{"@type":"BreadcrumbList","@id":"https:\/\/diariotextual.com\/inicio\/index.php\/2021\/11\/12\/la-gloria-el-pueblo-que-crece-se-hicieron-21-casas-en-la-pandemia\/#breadcrumb","itemListElement":[{"@type":"ListItem","position":1,"name":"Portada","item":"https:\/\/diariotextual.com\/inicio\/"},{"@type":"ListItem","position":2,"name":"La Gloria, el pueblo que crece: se hicieron 21 casas en la pandemia"}]},{"@type":"WebSite","@id":"https:\/\/diariotextual.com\/inicio\/#website","url":"https:\/\/diariotextual.com\/inicio\/","name":"Diario Textual","description":"","publisher":{"@id":"https:\/\/diariotextual.com\/inicio\/#organization"},"potentialAction":[{"@type":"SearchAction","target":{"@type":"EntryPoint","urlTemplate":"https:\/\/diariotextual.com\/inicio\/?s={search_term_string}"},"query-input":{"@type":"PropertyValueSpecification","valueRequired":true,"valueName":"search_term_string"}}],"inLanguage":"es"},{"@type":"Organization","@id":"https:\/\/diariotextual.com\/inicio\/#organization","name":"Diario Textual","url":"https:\/\/diariotextual.com\/inicio\/","logo":{"@type":"ImageObject","inLanguage":"es","@id":"https:\/\/diariotextual.com\/inicio\/#\/schema\/logo\/image\/","url":"https:\/\/diariotextual.com\/inicio\/wp-content\/uploads\/2023\/05\/logotextual1.jpg","contentUrl":"https:\/\/diariotextual.com\/inicio\/wp-content\/uploads\/2023\/05\/logotextual1.jpg","width":516,"height":76,"caption":"Diario Textual"},"image":{"@id":"https:\/\/diariotextual.com\/inicio\/#\/schema\/logo\/image\/"},"sameAs":["https:\/\/www.facebook.com\/eltextual","https:\/\/x.com\/eltextual","http:\/\/www.instagram.com\/eltextual"]},{"@type":"Person","@id":"https:\/\/diariotextual.com\/inicio\/#\/schema\/person\/694f60677f23c4a530867a98f22b3768","name":"diario2","image":{"@type":"ImageObject","inLanguage":"es","@id":"https:\/\/secure.gravatar.com\/avatar\/5a2567495ba16b852fcd8f1ed006a2e24fcace936018ed8237e95f488ad6e0a7?s=96&d=mm&r=g","url":"https:\/\/secure.gravatar.com\/avatar\/5a2567495ba16b852fcd8f1ed006a2e24fcace936018ed8237e95f488ad6e0a7?s=96&d=mm&r=g","contentUrl":"https:\/\/secure.gravatar.com\/avatar\/5a2567495ba16b852fcd8f1ed006a2e24fcace936018ed8237e95f488ad6e0a7?s=96&d=mm&r=g","caption":"diario2"},"url":"https:\/\/diariotextual.com\/inicio\/index.php\/author\/diario2\/"}]}},"_links":{"self":[{"href":"https:\/\/diariotextual.com\/inicio\/index.php\/wp-json\/wp\/v2\/posts\/168631","targetHints":{"allow":["GET"]}}],"collection":[{"href":"https:\/\/diariotextual.com\/inicio\/index.php\/wp-json\/wp\/v2\/posts"}],"about":[{"href":"https:\/\/diariotextual.com\/inicio\/index.php\/wp-json\/wp\/v2\/types\/post"}],"author":[{"embeddable":true,"href":"https:\/\/diariotextual.com\/inicio\/index.php\/wp-json\/wp\/v2\/users\/4"}],"replies":[{"embeddable":true,"href":"https:\/\/diariotextual.com\/inicio\/index.php\/wp-json\/wp\/v2\/comments?post=168631"}],"version-history":[{"count":3,"href":"https:\/\/diariotextual.com\/inicio\/index.php\/wp-json\/wp\/v2\/posts\/168631\/revisions"}],"predecessor-version":[{"id":168635,"href":"https:\/\/diariotextual.com\/inicio\/index.php\/wp-json\/wp\/v2\/posts\/168631\/revisions\/168635"}],"wp:featuredmedia":[{"embeddable":true,"href":"https:\/\/diariotextual.com\/inicio\/index.php\/wp-json\/wp\/v2\/media\/168633"}],"wp:attachment":[{"href":"https:\/\/diariotextual.com\/inicio\/index.php\/wp-json\/wp\/v2\/media?parent=168631"}],"wp:term":[{"taxonomy":"category","embeddable":true,"href":"https:\/\/diariotextual.com\/inicio\/index.php\/wp-json\/wp\/v2\/categories?post=168631"},{"taxonomy":"post_tag","embeddable":true,"href":"https:\/\/diariotextual.com\/inicio\/index.php\/wp-json\/wp\/v2\/tags?post=168631"}],"curies":[{"name":"wp","href":"https:\/\/api.w.org\/{rel}","templated":true}]}}