{"id":168709,"date":"2021-11-13T12:52:09","date_gmt":"2021-11-13T15:52:09","guid":{"rendered":"https:\/\/diariotextual.com\/inicio\/?p=168709"},"modified":"2021-11-13T17:18:19","modified_gmt":"2021-11-13T20:18:19","slug":"dos-fallecidos-en-un-choque-frontal-cerca-de-pellegrini","status":"publish","type":"post","link":"https:\/\/diariotextual.com\/inicio\/index.php\/2021\/11\/13\/dos-fallecidos-en-un-choque-frontal-cerca-de-pellegrini\/","title":{"rendered":"Dos fallecidos en un choque frontal cerca de Pellegrini"},"content":{"rendered":"\n<p>Una pareja oriunda de Pellegrini falleci\u00f3 este s\u00e1bado a ra\u00edz de un accidente ocurrido sobre las 4.30 en la ruta nacional 5 en el kil\u00f3metro 503, cerca de la Escuela Agropecuaria. En el lugar chocaron un cami\u00f3n de transporte con acoplado de la empresa Andreani y un VW Vento azul.<br><\/p>\n\n\n\n<p>En el autom\u00f3vil iba una mujer de 23 a\u00f1os que falleci\u00f3 en el lugar. El conductor del veh\u00edculo de 37 a\u00f1os fue trasladado al hospital en grave estado, y muri\u00f3 poco despu\u00e9s, public\u00f3 La 5 Noticias.<\/p>\n\n\n\n<p>En tanto, los ocupantes del cami\u00f3n tuvieron heridas pero est\u00e1n fuera de peligro, inform\u00f3 el comisario Leandro Mascaro, jefe de la comisar\u00eda de Pellegrini.<br><\/p>\n\n\n\n<figure class=\"wp-block-image size-large\"><img fetchpriority=\"high\" decoding=\"async\" width=\"701\" height=\"502\" src=\"https:\/\/diariotextual.com\/inicio\/wp-content\/uploads\/2021\/11\/choquepellegrini2021-2.jpeg\" alt=\"\" class=\"wp-image-168710\" srcset=\"https:\/\/diariotextual.com\/inicio\/wp-content\/uploads\/2021\/11\/choquepellegrini2021-2.jpeg 701w, https:\/\/diariotextual.com\/inicio\/wp-content\/uploads\/2021\/11\/choquepellegrini2021-2-300x215.jpeg 300w, https:\/\/diariotextual.com\/inicio\/wp-content\/uploads\/2021\/11\/choquepellegrini2021-2-585x419.jpeg 585w\" sizes=\"(max-width: 701px) 100vw, 701px\" \/><\/figure>\n\n\n\n<p><\/p>\n","protected":false},"excerpt":{"rendered":"<p>Una pareja oriunda de Pellegrini falleci\u00f3 este s\u00e1bado a ra\u00edz de un accidente ocurrido sobre las 4.30 en la ruta nacional 5 en el kil\u00f3metro 503, cerca de la Escuela&hellip;<\/p>\n","protected":false},"author":3,"featured_media":168711,"comment_status":"closed","ping_status":"open","sticky":false,"template":"","format":"standard","meta":{"_acf_changed":false,"footnotes":""},"categories":[10,12],"tags":[3449],"class_list":["post-168709","post","type-post","status-publish","format-standard","has-post-thumbnail","hentry","category-portada-2","category-sociedad","tag-pellegrini"],"acf":[],"yoast_head":"<!-- This site is optimized with the Yoast SEO plugin v27.5 - https:\/\/yoast.com\/product\/yoast-seo-wordpress\/ -->\n<title>Dos fallecidos en un choque frontal cerca de Pellegrini - Diario Textual<\/title>\n<meta name=\"robots\" content=\"index, follow, max-snippet:-1, max-image-preview:large, max-video-preview:-1\" \/>\n<link rel=\"canonical\" href=\"https:\/\/diariotextual.com\/inicio\/index.php\/2021\/11\/13\/dos-fallecidos-en-un-choque-frontal-cerca-de-pellegrini\/\" \/>\n<meta property=\"og:locale\" content=\"es_ES\" \/>\n<meta property=\"og:type\" content=\"article\" \/>\n<meta property=\"og:title\" content=\"Dos fallecidos en un choque frontal cerca de Pellegrini - Diario Textual\" \/>\n<meta property=\"og:description\" content=\"Una pareja oriunda de Pellegrini falleci\u00f3 este s\u00e1bado a ra\u00edz de un accidente ocurrido sobre las 4.30 en la ruta nacional 5 en el kil\u00f3metro 503, cerca de la Escuela&hellip;\" \/>\n<meta property=\"og:url\" content=\"https:\/\/diariotextual.com\/inicio\/index.php\/2021\/11\/13\/dos-fallecidos-en-un-choque-frontal-cerca-de-pellegrini\/\" \/>\n<meta property=\"og:site_name\" content=\"Diario Textual\" \/>\n<meta property=\"article:publisher\" content=\"https:\/\/www.facebook.com\/eltextual\" \/>\n<meta property=\"article:published_time\" content=\"2021-11-13T15:52:09+00:00\" \/>\n<meta property=\"article:modified_time\" content=\"2021-11-13T20:18:19+00:00\" \/>\n<meta property=\"og:image\" content=\"https:\/\/diariotextual.com\/inicio\/wp-content\/uploads\/2021\/11\/choquepellegrini2021-1.jpeg\" \/>\n\t<meta property=\"og:image:width\" content=\"707\" \/>\n\t<meta property=\"og:image:height\" content=\"493\" \/>\n\t<meta property=\"og:image:type\" content=\"image\/jpeg\" \/>\n<meta name=\"author\" content=\"Diario1 Diario1\" \/>\n<meta name=\"twitter:card\" content=\"summary_large_image\" \/>\n<meta name=\"twitter:creator\" content=\"@eltextual\" \/>\n<meta name=\"twitter:site\" content=\"@eltextual\" \/>\n<meta name=\"twitter:label1\" content=\"Escrito por\" \/>\n\t<meta name=\"twitter:data1\" content=\"Diario1 Diario1\" \/>\n\t<meta name=\"twitter:label2\" content=\"Tiempo de lectura\" \/>\n\t<meta name=\"twitter:data2\" content=\"1 minuto\" \/>\n<script type=\"application\/ld+json\" class=\"yoast-schema-graph\">{\"@context\":\"https:\\\/\\\/schema.org\",\"@graph\":[{\"@type\":\"Article\",\"@id\":\"https:\\\/\\\/diariotextual.com\\\/inicio\\\/index.php\\\/2021\\\/11\\\/13\\\/dos-fallecidos-en-un-choque-frontal-cerca-de-pellegrini\\\/#article\",\"isPartOf\":{\"@id\":\"https:\\\/\\\/diariotextual.com\\\/inicio\\\/index.php\\\/2021\\\/11\\\/13\\\/dos-fallecidos-en-un-choque-frontal-cerca-de-pellegrini\\\/\"},\"author\":{\"name\":\"Diario1 Diario1\",\"@id\":\"https:\\\/\\\/diariotextual.com\\\/inicio\\\/#\\\/schema\\\/person\\\/418fc4093c33e86ed41562db3508f958\"},\"headline\":\"Dos fallecidos en un choque frontal cerca de Pellegrini\",\"datePublished\":\"2021-11-13T15:52:09+00:00\",\"dateModified\":\"2021-11-13T20:18:19+00:00\",\"mainEntityOfPage\":{\"@id\":\"https:\\\/\\\/diariotextual.com\\\/inicio\\\/index.php\\\/2021\\\/11\\\/13\\\/dos-fallecidos-en-un-choque-frontal-cerca-de-pellegrini\\\/\"},\"wordCount\":125,\"publisher\":{\"@id\":\"https:\\\/\\\/diariotextual.com\\\/inicio\\\/#organization\"},\"image\":{\"@id\":\"https:\\\/\\\/diariotextual.com\\\/inicio\\\/index.php\\\/2021\\\/11\\\/13\\\/dos-fallecidos-en-un-choque-frontal-cerca-de-pellegrini\\\/#primaryimage\"},\"thumbnailUrl\":\"https:\\\/\\\/diariotextual.com\\\/inicio\\\/wp-content\\\/uploads\\\/2021\\\/11\\\/choquepellegrini2021-1.jpeg\",\"keywords\":[\"Pellegrini\"],\"articleSection\":[\"A - PORTADA2\",\"SOCIEDAD\"],\"inLanguage\":\"es\"},{\"@type\":\"WebPage\",\"@id\":\"https:\\\/\\\/diariotextual.com\\\/inicio\\\/index.php\\\/2021\\\/11\\\/13\\\/dos-fallecidos-en-un-choque-frontal-cerca-de-pellegrini\\\/\",\"url\":\"https:\\\/\\\/diariotextual.com\\\/inicio\\\/index.php\\\/2021\\\/11\\\/13\\\/dos-fallecidos-en-un-choque-frontal-cerca-de-pellegrini\\\/\",\"name\":\"Dos fallecidos en un choque frontal cerca de Pellegrini - Diario Textual\",\"isPartOf\":{\"@id\":\"https:\\\/\\\/diariotextual.com\\\/inicio\\\/#website\"},\"primaryImageOfPage\":{\"@id\":\"https:\\\/\\\/diariotextual.com\\\/inicio\\\/index.php\\\/2021\\\/11\\\/13\\\/dos-fallecidos-en-un-choque-frontal-cerca-de-pellegrini\\\/#primaryimage\"},\"image\":{\"@id\":\"https:\\\/\\\/diariotextual.com\\\/inicio\\\/index.php\\\/2021\\\/11\\\/13\\\/dos-fallecidos-en-un-choque-frontal-cerca-de-pellegrini\\\/#primaryimage\"},\"thumbnailUrl\":\"https:\\\/\\\/diariotextual.com\\\/inicio\\\/wp-content\\\/uploads\\\/2021\\\/11\\\/choquepellegrini2021-1.jpeg\",\"datePublished\":\"2021-11-13T15:52:09+00:00\",\"dateModified\":\"2021-11-13T20:18:19+00:00\",\"breadcrumb\":{\"@id\":\"https:\\\/\\\/diariotextual.com\\\/inicio\\\/index.php\\\/2021\\\/11\\\/13\\\/dos-fallecidos-en-un-choque-frontal-cerca-de-pellegrini\\\/#breadcrumb\"},\"inLanguage\":\"es\",\"potentialAction\":[{\"@type\":\"ReadAction\",\"target\":[\"https:\\\/\\\/diariotextual.com\\\/inicio\\\/index.php\\\/2021\\\/11\\\/13\\\/dos-fallecidos-en-un-choque-frontal-cerca-de-pellegrini\\\/\"]}]},{\"@type\":\"ImageObject\",\"inLanguage\":\"es\",\"@id\":\"https:\\\/\\\/diariotextual.com\\\/inicio\\\/index.php\\\/2021\\\/11\\\/13\\\/dos-fallecidos-en-un-choque-frontal-cerca-de-pellegrini\\\/#primaryimage\",\"url\":\"https:\\\/\\\/diariotextual.com\\\/inicio\\\/wp-content\\\/uploads\\\/2021\\\/11\\\/choquepellegrini2021-1.jpeg\",\"contentUrl\":\"https:\\\/\\\/diariotextual.com\\\/inicio\\\/wp-content\\\/uploads\\\/2021\\\/11\\\/choquepellegrini2021-1.jpeg\",\"width\":707,\"height\":493},{\"@type\":\"BreadcrumbList\",\"@id\":\"https:\\\/\\\/diariotextual.com\\\/inicio\\\/index.php\\\/2021\\\/11\\\/13\\\/dos-fallecidos-en-un-choque-frontal-cerca-de-pellegrini\\\/#breadcrumb\",\"itemListElement\":[{\"@type\":\"ListItem\",\"position\":1,\"name\":\"Portada\",\"item\":\"https:\\\/\\\/diariotextual.com\\\/inicio\\\/\"},{\"@type\":\"ListItem\",\"position\":2,\"name\":\"Dos fallecidos en un choque frontal cerca de Pellegrini\"}]},{\"@type\":\"WebSite\",\"@id\":\"https:\\\/\\\/diariotextual.com\\\/inicio\\\/#website\",\"url\":\"https:\\\/\\\/diariotextual.com\\\/inicio\\\/\",\"name\":\"Diario Textual\",\"description\":\"\",\"publisher\":{\"@id\":\"https:\\\/\\\/diariotextual.com\\\/inicio\\\/#organization\"},\"potentialAction\":[{\"@type\":\"SearchAction\",\"target\":{\"@type\":\"EntryPoint\",\"urlTemplate\":\"https:\\\/\\\/diariotextual.com\\\/inicio\\\/?s={search_term_string}\"},\"query-input\":{\"@type\":\"PropertyValueSpecification\",\"valueRequired\":true,\"valueName\":\"search_term_string\"}}],\"inLanguage\":\"es\"},{\"@type\":\"Organization\",\"@id\":\"https:\\\/\\\/diariotextual.com\\\/inicio\\\/#organization\",\"name\":\"Diario Textual\",\"url\":\"https:\\\/\\\/diariotextual.com\\\/inicio\\\/\",\"logo\":{\"@type\":\"ImageObject\",\"inLanguage\":\"es\",\"@id\":\"https:\\\/\\\/diariotextual.com\\\/inicio\\\/#\\\/schema\\\/logo\\\/image\\\/\",\"url\":\"https:\\\/\\\/diariotextual.com\\\/inicio\\\/wp-content\\\/uploads\\\/2023\\\/05\\\/logotextual1.jpg\",\"contentUrl\":\"https:\\\/\\\/diariotextual.com\\\/inicio\\\/wp-content\\\/uploads\\\/2023\\\/05\\\/logotextual1.jpg\",\"width\":516,\"height\":76,\"caption\":\"Diario Textual\"},\"image\":{\"@id\":\"https:\\\/\\\/diariotextual.com\\\/inicio\\\/#\\\/schema\\\/logo\\\/image\\\/\"},\"sameAs\":[\"https:\\\/\\\/www.facebook.com\\\/eltextual\",\"https:\\\/\\\/x.com\\\/eltextual\",\"http:\\\/\\\/www.instagram.com\\\/eltextual\"]},{\"@type\":\"Person\",\"@id\":\"https:\\\/\\\/diariotextual.com\\\/inicio\\\/#\\\/schema\\\/person\\\/418fc4093c33e86ed41562db3508f958\",\"name\":\"Diario1 Diario1\",\"image\":{\"@type\":\"ImageObject\",\"inLanguage\":\"es\",\"@id\":\"https:\\\/\\\/secure.gravatar.com\\\/avatar\\\/9167d280179c85bc18be67aa7eda765854300033af4896dd779b608640f2ef7a?s=96&d=mm&r=g\",\"url\":\"https:\\\/\\\/secure.gravatar.com\\\/avatar\\\/9167d280179c85bc18be67aa7eda765854300033af4896dd779b608640f2ef7a?s=96&d=mm&r=g\",\"contentUrl\":\"https:\\\/\\\/secure.gravatar.com\\\/avatar\\\/9167d280179c85bc18be67aa7eda765854300033af4896dd779b608640f2ef7a?s=96&d=mm&r=g\",\"caption\":\"Diario1 Diario1\"},\"url\":\"https:\\\/\\\/diariotextual.com\\\/inicio\\\/index.php\\\/author\\\/diario1\\\/\"}]}<\/script>\n<!-- \/ Yoast SEO plugin. -->","yoast_head_json":{"title":"Dos fallecidos en un choque frontal cerca de Pellegrini - Diario Textual","robots":{"index":"index","follow":"follow","max-snippet":"max-snippet:-1","max-image-preview":"max-image-preview:large","max-video-preview":"max-video-preview:-1"},"canonical":"https:\/\/diariotextual.com\/inicio\/index.php\/2021\/11\/13\/dos-fallecidos-en-un-choque-frontal-cerca-de-pellegrini\/","og_locale":"es_ES","og_type":"article","og_title":"Dos fallecidos en un choque frontal cerca de Pellegrini - Diario Textual","og_description":"Una pareja oriunda de Pellegrini falleci\u00f3 este s\u00e1bado a ra\u00edz de un accidente ocurrido sobre las 4.30 en la ruta nacional 5 en el kil\u00f3metro 503, cerca de la Escuela&hellip;","og_url":"https:\/\/diariotextual.com\/inicio\/index.php\/2021\/11\/13\/dos-fallecidos-en-un-choque-frontal-cerca-de-pellegrini\/","og_site_name":"Diario Textual","article_publisher":"https:\/\/www.facebook.com\/eltextual","article_published_time":"2021-11-13T15:52:09+00:00","article_modified_time":"2021-11-13T20:18:19+00:00","og_image":[{"width":707,"height":493,"url":"https:\/\/diariotextual.com\/inicio\/wp-content\/uploads\/2021\/11\/choquepellegrini2021-1.jpeg","type":"image\/jpeg"}],"author":"Diario1 Diario1","twitter_card":"summary_large_image","twitter_creator":"@eltextual","twitter_site":"@eltextual","twitter_misc":{"Escrito por":"Diario1 Diario1","Tiempo de lectura":"1 minuto"},"schema":{"@context":"https:\/\/schema.org","@graph":[{"@type":"Article","@id":"https:\/\/diariotextual.com\/inicio\/index.php\/2021\/11\/13\/dos-fallecidos-en-un-choque-frontal-cerca-de-pellegrini\/#article","isPartOf":{"@id":"https:\/\/diariotextual.com\/inicio\/index.php\/2021\/11\/13\/dos-fallecidos-en-un-choque-frontal-cerca-de-pellegrini\/"},"author":{"name":"Diario1 Diario1","@id":"https:\/\/diariotextual.com\/inicio\/#\/schema\/person\/418fc4093c33e86ed41562db3508f958"},"headline":"Dos fallecidos en un choque frontal cerca de Pellegrini","datePublished":"2021-11-13T15:52:09+00:00","dateModified":"2021-11-13T20:18:19+00:00","mainEntityOfPage":{"@id":"https:\/\/diariotextual.com\/inicio\/index.php\/2021\/11\/13\/dos-fallecidos-en-un-choque-frontal-cerca-de-pellegrini\/"},"wordCount":125,"publisher":{"@id":"https:\/\/diariotextual.com\/inicio\/#organization"},"image":{"@id":"https:\/\/diariotextual.com\/inicio\/index.php\/2021\/11\/13\/dos-fallecidos-en-un-choque-frontal-cerca-de-pellegrini\/#primaryimage"},"thumbnailUrl":"https:\/\/diariotextual.com\/inicio\/wp-content\/uploads\/2021\/11\/choquepellegrini2021-1.jpeg","keywords":["Pellegrini"],"articleSection":["A - PORTADA2","SOCIEDAD"],"inLanguage":"es"},{"@type":"WebPage","@id":"https:\/\/diariotextual.com\/inicio\/index.php\/2021\/11\/13\/dos-fallecidos-en-un-choque-frontal-cerca-de-pellegrini\/","url":"https:\/\/diariotextual.com\/inicio\/index.php\/2021\/11\/13\/dos-fallecidos-en-un-choque-frontal-cerca-de-pellegrini\/","name":"Dos fallecidos en un choque frontal cerca de Pellegrini - Diario Textual","isPartOf":{"@id":"https:\/\/diariotextual.com\/inicio\/#website"},"primaryImageOfPage":{"@id":"https:\/\/diariotextual.com\/inicio\/index.php\/2021\/11\/13\/dos-fallecidos-en-un-choque-frontal-cerca-de-pellegrini\/#primaryimage"},"image":{"@id":"https:\/\/diariotextual.com\/inicio\/index.php\/2021\/11\/13\/dos-fallecidos-en-un-choque-frontal-cerca-de-pellegrini\/#primaryimage"},"thumbnailUrl":"https:\/\/diariotextual.com\/inicio\/wp-content\/uploads\/2021\/11\/choquepellegrini2021-1.jpeg","datePublished":"2021-11-13T15:52:09+00:00","dateModified":"2021-11-13T20:18:19+00:00","breadcrumb":{"@id":"https:\/\/diariotextual.com\/inicio\/index.php\/2021\/11\/13\/dos-fallecidos-en-un-choque-frontal-cerca-de-pellegrini\/#breadcrumb"},"inLanguage":"es","potentialAction":[{"@type":"ReadAction","target":["https:\/\/diariotextual.com\/inicio\/index.php\/2021\/11\/13\/dos-fallecidos-en-un-choque-frontal-cerca-de-pellegrini\/"]}]},{"@type":"ImageObject","inLanguage":"es","@id":"https:\/\/diariotextual.com\/inicio\/index.php\/2021\/11\/13\/dos-fallecidos-en-un-choque-frontal-cerca-de-pellegrini\/#primaryimage","url":"https:\/\/diariotextual.com\/inicio\/wp-content\/uploads\/2021\/11\/choquepellegrini2021-1.jpeg","contentUrl":"https:\/\/diariotextual.com\/inicio\/wp-content\/uploads\/2021\/11\/choquepellegrini2021-1.jpeg","width":707,"height":493},{"@type":"BreadcrumbList","@id":"https:\/\/diariotextual.com\/inicio\/index.php\/2021\/11\/13\/dos-fallecidos-en-un-choque-frontal-cerca-de-pellegrini\/#breadcrumb","itemListElement":[{"@type":"ListItem","position":1,"name":"Portada","item":"https:\/\/diariotextual.com\/inicio\/"},{"@type":"ListItem","position":2,"name":"Dos fallecidos en un choque frontal cerca de Pellegrini"}]},{"@type":"WebSite","@id":"https:\/\/diariotextual.com\/inicio\/#website","url":"https:\/\/diariotextual.com\/inicio\/","name":"Diario Textual","description":"","publisher":{"@id":"https:\/\/diariotextual.com\/inicio\/#organization"},"potentialAction":[{"@type":"SearchAction","target":{"@type":"EntryPoint","urlTemplate":"https:\/\/diariotextual.com\/inicio\/?s={search_term_string}"},"query-input":{"@type":"PropertyValueSpecification","valueRequired":true,"valueName":"search_term_string"}}],"inLanguage":"es"},{"@type":"Organization","@id":"https:\/\/diariotextual.com\/inicio\/#organization","name":"Diario Textual","url":"https:\/\/diariotextual.com\/inicio\/","logo":{"@type":"ImageObject","inLanguage":"es","@id":"https:\/\/diariotextual.com\/inicio\/#\/schema\/logo\/image\/","url":"https:\/\/diariotextual.com\/inicio\/wp-content\/uploads\/2023\/05\/logotextual1.jpg","contentUrl":"https:\/\/diariotextual.com\/inicio\/wp-content\/uploads\/2023\/05\/logotextual1.jpg","width":516,"height":76,"caption":"Diario Textual"},"image":{"@id":"https:\/\/diariotextual.com\/inicio\/#\/schema\/logo\/image\/"},"sameAs":["https:\/\/www.facebook.com\/eltextual","https:\/\/x.com\/eltextual","http:\/\/www.instagram.com\/eltextual"]},{"@type":"Person","@id":"https:\/\/diariotextual.com\/inicio\/#\/schema\/person\/418fc4093c33e86ed41562db3508f958","name":"Diario1 Diario1","image":{"@type":"ImageObject","inLanguage":"es","@id":"https:\/\/secure.gravatar.com\/avatar\/9167d280179c85bc18be67aa7eda765854300033af4896dd779b608640f2ef7a?s=96&d=mm&r=g","url":"https:\/\/secure.gravatar.com\/avatar\/9167d280179c85bc18be67aa7eda765854300033af4896dd779b608640f2ef7a?s=96&d=mm&r=g","contentUrl":"https:\/\/secure.gravatar.com\/avatar\/9167d280179c85bc18be67aa7eda765854300033af4896dd779b608640f2ef7a?s=96&d=mm&r=g","caption":"Diario1 Diario1"},"url":"https:\/\/diariotextual.com\/inicio\/index.php\/author\/diario1\/"}]}},"_links":{"self":[{"href":"https:\/\/diariotextual.com\/inicio\/index.php\/wp-json\/wp\/v2\/posts\/168709","targetHints":{"allow":["GET"]}}],"collection":[{"href":"https:\/\/diariotextual.com\/inicio\/index.php\/wp-json\/wp\/v2\/posts"}],"about":[{"href":"https:\/\/diariotextual.com\/inicio\/index.php\/wp-json\/wp\/v2\/types\/post"}],"author":[{"embeddable":true,"href":"https:\/\/diariotextual.com\/inicio\/index.php\/wp-json\/wp\/v2\/users\/3"}],"replies":[{"embeddable":true,"href":"https:\/\/diariotextual.com\/inicio\/index.php\/wp-json\/wp\/v2\/comments?post=168709"}],"version-history":[{"count":2,"href":"https:\/\/diariotextual.com\/inicio\/index.php\/wp-json\/wp\/v2\/posts\/168709\/revisions"}],"predecessor-version":[{"id":168713,"href":"https:\/\/diariotextual.com\/inicio\/index.php\/wp-json\/wp\/v2\/posts\/168709\/revisions\/168713"}],"wp:featuredmedia":[{"embeddable":true,"href":"https:\/\/diariotextual.com\/inicio\/index.php\/wp-json\/wp\/v2\/media\/168711"}],"wp:attachment":[{"href":"https:\/\/diariotextual.com\/inicio\/index.php\/wp-json\/wp\/v2\/media?parent=168709"}],"wp:term":[{"taxonomy":"category","embeddable":true,"href":"https:\/\/diariotextual.com\/inicio\/index.php\/wp-json\/wp\/v2\/categories?post=168709"},{"taxonomy":"post_tag","embeddable":true,"href":"https:\/\/diariotextual.com\/inicio\/index.php\/wp-json\/wp\/v2\/tags?post=168709"}],"curies":[{"name":"wp","href":"https:\/\/api.w.org\/{rel}","templated":true}]}}