{"id":168723,"date":"2021-11-13T16:59:40","date_gmt":"2021-11-13T19:59:40","guid":{"rendered":"https:\/\/diariotextual.com\/inicio\/?p=168723"},"modified":"2021-11-13T19:06:48","modified_gmt":"2021-11-13T22:06:48","slug":"josito-di-palma-gano-la-carrera-de-tc-en-toay","status":"publish","type":"post","link":"https:\/\/diariotextual.com\/inicio\/index.php\/2021\/11\/13\/josito-di-palma-gano-la-carrera-de-tc-en-toay\/","title":{"rendered":"Josito Di Palma gan\u00f3 la carrera de TC en Toay"},"content":{"rendered":"\n<p>Josito Di Palma, con Ford, se llev\u00f3 la carrera de TC en Toay, ante\u00faltima del calendario. Segundo fue Mauricio Lambiris y tercero Valent\u00edn Aguirre. El l\u00edder de la Copa de Oro, Mariano Werner (Ford), finaliz\u00f3 octavo y se alej\u00f3 en la cima a falta de competencia.<\/p>\n\n\n\n<p>La elecci\u00f3n de gomas fue clave en la definici\u00f3n de la final del Turismo Carretera en La Pampa y Di Palma sac\u00f3 r\u00e9dito de ello porque opt\u00f3 por gomas lisas para piso seco, a diferencia de los que largaron adelante, Juan Mart\u00edn Trucco (Dodge) y Facundo Ardusso (Chevrolet) que eligieron neum\u00e1ticos para pista mojada. <\/p>\n\n\n\n<p>Todos los que corrieron con gomas para piso mojado se fueron cayendo de a poco en el clasificador y avanzaron los que gomas lisas, entre ellos Josito.<\/p>\n\n\n\n<p>Werner es el puntero con 150.5 puntos, seguido por Lambiris con 135 pero a\u00fan sin victorias, condici\u00f3n necesaria para pelear por el campeonato, y tercero se ubica Agust\u00edn Canapino con 114.<\/p>\n\n\n\n<p>La pr\u00f3xima competencia, la \u00faltima, el 5 de diciembre en San Juan. <\/p>\n","protected":false},"excerpt":{"rendered":"<p>Josito Di Palma, con Ford, se llev\u00f3 la carrera de TC en Toay, ante\u00faltima del calendario. Segundo fue Mauricio Lambiris y tercero Valent\u00edn Aguirre. El l\u00edder de la Copa de&hellip;<\/p>\n","protected":false},"author":7,"featured_media":168724,"comment_status":"closed","ping_status":"open","sticky":false,"template":"","format":"standard","meta":{"_acf_changed":false,"footnotes":""},"categories":[10,3],"tags":[],"class_list":["post-168723","post","type-post","status-publish","format-standard","has-post-thumbnail","hentry","category-portada-2","category-deportes"],"acf":[],"yoast_head":"<!-- This site is optimized with the Yoast SEO plugin v27.5 - https:\/\/yoast.com\/product\/yoast-seo-wordpress\/ -->\n<title>Josito Di Palma gan\u00f3 la carrera de TC en Toay - Diario Textual<\/title>\n<meta name=\"robots\" content=\"index, follow, max-snippet:-1, max-image-preview:large, max-video-preview:-1\" \/>\n<link rel=\"canonical\" href=\"https:\/\/diariotextual.com\/inicio\/index.php\/2021\/11\/13\/josito-di-palma-gano-la-carrera-de-tc-en-toay\/\" \/>\n<meta property=\"og:locale\" content=\"es_ES\" \/>\n<meta property=\"og:type\" content=\"article\" \/>\n<meta property=\"og:title\" content=\"Josito Di Palma gan\u00f3 la carrera de TC en Toay - Diario Textual\" \/>\n<meta property=\"og:description\" content=\"Josito Di Palma, con Ford, se llev\u00f3 la carrera de TC en Toay, ante\u00faltima del calendario. Segundo fue Mauricio Lambiris y tercero Valent\u00edn Aguirre. El l\u00edder de la Copa de&hellip;\" \/>\n<meta property=\"og:url\" content=\"https:\/\/diariotextual.com\/inicio\/index.php\/2021\/11\/13\/josito-di-palma-gano-la-carrera-de-tc-en-toay\/\" \/>\n<meta property=\"og:site_name\" content=\"Diario Textual\" \/>\n<meta property=\"article:publisher\" content=\"https:\/\/www.facebook.com\/eltextual\" \/>\n<meta property=\"article:published_time\" content=\"2021-11-13T19:59:40+00:00\" \/>\n<meta property=\"article:modified_time\" content=\"2021-11-13T22:06:48+00:00\" \/>\n<meta property=\"og:image\" content=\"https:\/\/diariotextual.com\/inicio\/wp-content\/uploads\/2021\/11\/jositodipalma.jpg\" \/>\n\t<meta property=\"og:image:width\" content=\"1200\" \/>\n\t<meta property=\"og:image:height\" content=\"792\" \/>\n\t<meta property=\"og:image:type\" content=\"image\/jpeg\" \/>\n<meta name=\"author\" content=\"diario5\" \/>\n<meta name=\"twitter:card\" content=\"summary_large_image\" \/>\n<meta name=\"twitter:creator\" content=\"@eltextual\" \/>\n<meta name=\"twitter:site\" content=\"@eltextual\" \/>\n<meta name=\"twitter:label1\" content=\"Escrito por\" \/>\n\t<meta name=\"twitter:data1\" content=\"diario5\" \/>\n\t<meta name=\"twitter:label2\" content=\"Tiempo de lectura\" \/>\n\t<meta name=\"twitter:data2\" content=\"1 minuto\" \/>\n<script type=\"application\/ld+json\" class=\"yoast-schema-graph\">{\"@context\":\"https:\\\/\\\/schema.org\",\"@graph\":[{\"@type\":\"Article\",\"@id\":\"https:\\\/\\\/diariotextual.com\\\/inicio\\\/index.php\\\/2021\\\/11\\\/13\\\/josito-di-palma-gano-la-carrera-de-tc-en-toay\\\/#article\",\"isPartOf\":{\"@id\":\"https:\\\/\\\/diariotextual.com\\\/inicio\\\/index.php\\\/2021\\\/11\\\/13\\\/josito-di-palma-gano-la-carrera-de-tc-en-toay\\\/\"},\"author\":{\"name\":\"diario5\",\"@id\":\"https:\\\/\\\/diariotextual.com\\\/inicio\\\/#\\\/schema\\\/person\\\/c7834961ad8b29b1d9cdbf4571299067\"},\"headline\":\"Josito Di Palma gan\u00f3 la carrera de TC en Toay\",\"datePublished\":\"2021-11-13T19:59:40+00:00\",\"dateModified\":\"2021-11-13T22:06:48+00:00\",\"mainEntityOfPage\":{\"@id\":\"https:\\\/\\\/diariotextual.com\\\/inicio\\\/index.php\\\/2021\\\/11\\\/13\\\/josito-di-palma-gano-la-carrera-de-tc-en-toay\\\/\"},\"wordCount\":188,\"publisher\":{\"@id\":\"https:\\\/\\\/diariotextual.com\\\/inicio\\\/#organization\"},\"image\":{\"@id\":\"https:\\\/\\\/diariotextual.com\\\/inicio\\\/index.php\\\/2021\\\/11\\\/13\\\/josito-di-palma-gano-la-carrera-de-tc-en-toay\\\/#primaryimage\"},\"thumbnailUrl\":\"https:\\\/\\\/diariotextual.com\\\/inicio\\\/wp-content\\\/uploads\\\/2021\\\/11\\\/jositodipalma.jpg\",\"articleSection\":[\"A - PORTADA2\",\"DEPORTES\"],\"inLanguage\":\"es\"},{\"@type\":\"WebPage\",\"@id\":\"https:\\\/\\\/diariotextual.com\\\/inicio\\\/index.php\\\/2021\\\/11\\\/13\\\/josito-di-palma-gano-la-carrera-de-tc-en-toay\\\/\",\"url\":\"https:\\\/\\\/diariotextual.com\\\/inicio\\\/index.php\\\/2021\\\/11\\\/13\\\/josito-di-palma-gano-la-carrera-de-tc-en-toay\\\/\",\"name\":\"Josito Di Palma gan\u00f3 la carrera de TC en Toay - Diario Textual\",\"isPartOf\":{\"@id\":\"https:\\\/\\\/diariotextual.com\\\/inicio\\\/#website\"},\"primaryImageOfPage\":{\"@id\":\"https:\\\/\\\/diariotextual.com\\\/inicio\\\/index.php\\\/2021\\\/11\\\/13\\\/josito-di-palma-gano-la-carrera-de-tc-en-toay\\\/#primaryimage\"},\"image\":{\"@id\":\"https:\\\/\\\/diariotextual.com\\\/inicio\\\/index.php\\\/2021\\\/11\\\/13\\\/josito-di-palma-gano-la-carrera-de-tc-en-toay\\\/#primaryimage\"},\"thumbnailUrl\":\"https:\\\/\\\/diariotextual.com\\\/inicio\\\/wp-content\\\/uploads\\\/2021\\\/11\\\/jositodipalma.jpg\",\"datePublished\":\"2021-11-13T19:59:40+00:00\",\"dateModified\":\"2021-11-13T22:06:48+00:00\",\"breadcrumb\":{\"@id\":\"https:\\\/\\\/diariotextual.com\\\/inicio\\\/index.php\\\/2021\\\/11\\\/13\\\/josito-di-palma-gano-la-carrera-de-tc-en-toay\\\/#breadcrumb\"},\"inLanguage\":\"es\",\"potentialAction\":[{\"@type\":\"ReadAction\",\"target\":[\"https:\\\/\\\/diariotextual.com\\\/inicio\\\/index.php\\\/2021\\\/11\\\/13\\\/josito-di-palma-gano-la-carrera-de-tc-en-toay\\\/\"]}]},{\"@type\":\"ImageObject\",\"inLanguage\":\"es\",\"@id\":\"https:\\\/\\\/diariotextual.com\\\/inicio\\\/index.php\\\/2021\\\/11\\\/13\\\/josito-di-palma-gano-la-carrera-de-tc-en-toay\\\/#primaryimage\",\"url\":\"https:\\\/\\\/diariotextual.com\\\/inicio\\\/wp-content\\\/uploads\\\/2021\\\/11\\\/jositodipalma.jpg\",\"contentUrl\":\"https:\\\/\\\/diariotextual.com\\\/inicio\\\/wp-content\\\/uploads\\\/2021\\\/11\\\/jositodipalma.jpg\",\"width\":1200,\"height\":792},{\"@type\":\"BreadcrumbList\",\"@id\":\"https:\\\/\\\/diariotextual.com\\\/inicio\\\/index.php\\\/2021\\\/11\\\/13\\\/josito-di-palma-gano-la-carrera-de-tc-en-toay\\\/#breadcrumb\",\"itemListElement\":[{\"@type\":\"ListItem\",\"position\":1,\"name\":\"Portada\",\"item\":\"https:\\\/\\\/diariotextual.com\\\/inicio\\\/\"},{\"@type\":\"ListItem\",\"position\":2,\"name\":\"Josito Di Palma gan\u00f3 la carrera de TC en Toay\"}]},{\"@type\":\"WebSite\",\"@id\":\"https:\\\/\\\/diariotextual.com\\\/inicio\\\/#website\",\"url\":\"https:\\\/\\\/diariotextual.com\\\/inicio\\\/\",\"name\":\"Diario Textual\",\"description\":\"\",\"publisher\":{\"@id\":\"https:\\\/\\\/diariotextual.com\\\/inicio\\\/#organization\"},\"potentialAction\":[{\"@type\":\"SearchAction\",\"target\":{\"@type\":\"EntryPoint\",\"urlTemplate\":\"https:\\\/\\\/diariotextual.com\\\/inicio\\\/?s={search_term_string}\"},\"query-input\":{\"@type\":\"PropertyValueSpecification\",\"valueRequired\":true,\"valueName\":\"search_term_string\"}}],\"inLanguage\":\"es\"},{\"@type\":\"Organization\",\"@id\":\"https:\\\/\\\/diariotextual.com\\\/inicio\\\/#organization\",\"name\":\"Diario Textual\",\"url\":\"https:\\\/\\\/diariotextual.com\\\/inicio\\\/\",\"logo\":{\"@type\":\"ImageObject\",\"inLanguage\":\"es\",\"@id\":\"https:\\\/\\\/diariotextual.com\\\/inicio\\\/#\\\/schema\\\/logo\\\/image\\\/\",\"url\":\"https:\\\/\\\/diariotextual.com\\\/inicio\\\/wp-content\\\/uploads\\\/2023\\\/05\\\/logotextual1.jpg\",\"contentUrl\":\"https:\\\/\\\/diariotextual.com\\\/inicio\\\/wp-content\\\/uploads\\\/2023\\\/05\\\/logotextual1.jpg\",\"width\":516,\"height\":76,\"caption\":\"Diario Textual\"},\"image\":{\"@id\":\"https:\\\/\\\/diariotextual.com\\\/inicio\\\/#\\\/schema\\\/logo\\\/image\\\/\"},\"sameAs\":[\"https:\\\/\\\/www.facebook.com\\\/eltextual\",\"https:\\\/\\\/x.com\\\/eltextual\",\"http:\\\/\\\/www.instagram.com\\\/eltextual\"]},{\"@type\":\"Person\",\"@id\":\"https:\\\/\\\/diariotextual.com\\\/inicio\\\/#\\\/schema\\\/person\\\/c7834961ad8b29b1d9cdbf4571299067\",\"name\":\"diario5\",\"image\":{\"@type\":\"ImageObject\",\"inLanguage\":\"es\",\"@id\":\"https:\\\/\\\/secure.gravatar.com\\\/avatar\\\/948c893b847ca6df68216ead81b63f363408ec9b0f600fefc0641ce78613b111?s=96&d=mm&r=g\",\"url\":\"https:\\\/\\\/secure.gravatar.com\\\/avatar\\\/948c893b847ca6df68216ead81b63f363408ec9b0f600fefc0641ce78613b111?s=96&d=mm&r=g\",\"contentUrl\":\"https:\\\/\\\/secure.gravatar.com\\\/avatar\\\/948c893b847ca6df68216ead81b63f363408ec9b0f600fefc0641ce78613b111?s=96&d=mm&r=g\",\"caption\":\"diario5\"},\"url\":\"https:\\\/\\\/diariotextual.com\\\/inicio\\\/index.php\\\/author\\\/diario5\\\/\"}]}<\/script>\n<!-- \/ Yoast SEO plugin. -->","yoast_head_json":{"title":"Josito Di Palma gan\u00f3 la carrera de TC en Toay - Diario Textual","robots":{"index":"index","follow":"follow","max-snippet":"max-snippet:-1","max-image-preview":"max-image-preview:large","max-video-preview":"max-video-preview:-1"},"canonical":"https:\/\/diariotextual.com\/inicio\/index.php\/2021\/11\/13\/josito-di-palma-gano-la-carrera-de-tc-en-toay\/","og_locale":"es_ES","og_type":"article","og_title":"Josito Di Palma gan\u00f3 la carrera de TC en Toay - Diario Textual","og_description":"Josito Di Palma, con Ford, se llev\u00f3 la carrera de TC en Toay, ante\u00faltima del calendario. Segundo fue Mauricio Lambiris y tercero Valent\u00edn Aguirre. El l\u00edder de la Copa de&hellip;","og_url":"https:\/\/diariotextual.com\/inicio\/index.php\/2021\/11\/13\/josito-di-palma-gano-la-carrera-de-tc-en-toay\/","og_site_name":"Diario Textual","article_publisher":"https:\/\/www.facebook.com\/eltextual","article_published_time":"2021-11-13T19:59:40+00:00","article_modified_time":"2021-11-13T22:06:48+00:00","og_image":[{"width":1200,"height":792,"url":"https:\/\/diariotextual.com\/inicio\/wp-content\/uploads\/2021\/11\/jositodipalma.jpg","type":"image\/jpeg"}],"author":"diario5","twitter_card":"summary_large_image","twitter_creator":"@eltextual","twitter_site":"@eltextual","twitter_misc":{"Escrito por":"diario5","Tiempo de lectura":"1 minuto"},"schema":{"@context":"https:\/\/schema.org","@graph":[{"@type":"Article","@id":"https:\/\/diariotextual.com\/inicio\/index.php\/2021\/11\/13\/josito-di-palma-gano-la-carrera-de-tc-en-toay\/#article","isPartOf":{"@id":"https:\/\/diariotextual.com\/inicio\/index.php\/2021\/11\/13\/josito-di-palma-gano-la-carrera-de-tc-en-toay\/"},"author":{"name":"diario5","@id":"https:\/\/diariotextual.com\/inicio\/#\/schema\/person\/c7834961ad8b29b1d9cdbf4571299067"},"headline":"Josito Di Palma gan\u00f3 la carrera de TC en Toay","datePublished":"2021-11-13T19:59:40+00:00","dateModified":"2021-11-13T22:06:48+00:00","mainEntityOfPage":{"@id":"https:\/\/diariotextual.com\/inicio\/index.php\/2021\/11\/13\/josito-di-palma-gano-la-carrera-de-tc-en-toay\/"},"wordCount":188,"publisher":{"@id":"https:\/\/diariotextual.com\/inicio\/#organization"},"image":{"@id":"https:\/\/diariotextual.com\/inicio\/index.php\/2021\/11\/13\/josito-di-palma-gano-la-carrera-de-tc-en-toay\/#primaryimage"},"thumbnailUrl":"https:\/\/diariotextual.com\/inicio\/wp-content\/uploads\/2021\/11\/jositodipalma.jpg","articleSection":["A - PORTADA2","DEPORTES"],"inLanguage":"es"},{"@type":"WebPage","@id":"https:\/\/diariotextual.com\/inicio\/index.php\/2021\/11\/13\/josito-di-palma-gano-la-carrera-de-tc-en-toay\/","url":"https:\/\/diariotextual.com\/inicio\/index.php\/2021\/11\/13\/josito-di-palma-gano-la-carrera-de-tc-en-toay\/","name":"Josito Di Palma gan\u00f3 la carrera de TC en Toay - Diario Textual","isPartOf":{"@id":"https:\/\/diariotextual.com\/inicio\/#website"},"primaryImageOfPage":{"@id":"https:\/\/diariotextual.com\/inicio\/index.php\/2021\/11\/13\/josito-di-palma-gano-la-carrera-de-tc-en-toay\/#primaryimage"},"image":{"@id":"https:\/\/diariotextual.com\/inicio\/index.php\/2021\/11\/13\/josito-di-palma-gano-la-carrera-de-tc-en-toay\/#primaryimage"},"thumbnailUrl":"https:\/\/diariotextual.com\/inicio\/wp-content\/uploads\/2021\/11\/jositodipalma.jpg","datePublished":"2021-11-13T19:59:40+00:00","dateModified":"2021-11-13T22:06:48+00:00","breadcrumb":{"@id":"https:\/\/diariotextual.com\/inicio\/index.php\/2021\/11\/13\/josito-di-palma-gano-la-carrera-de-tc-en-toay\/#breadcrumb"},"inLanguage":"es","potentialAction":[{"@type":"ReadAction","target":["https:\/\/diariotextual.com\/inicio\/index.php\/2021\/11\/13\/josito-di-palma-gano-la-carrera-de-tc-en-toay\/"]}]},{"@type":"ImageObject","inLanguage":"es","@id":"https:\/\/diariotextual.com\/inicio\/index.php\/2021\/11\/13\/josito-di-palma-gano-la-carrera-de-tc-en-toay\/#primaryimage","url":"https:\/\/diariotextual.com\/inicio\/wp-content\/uploads\/2021\/11\/jositodipalma.jpg","contentUrl":"https:\/\/diariotextual.com\/inicio\/wp-content\/uploads\/2021\/11\/jositodipalma.jpg","width":1200,"height":792},{"@type":"BreadcrumbList","@id":"https:\/\/diariotextual.com\/inicio\/index.php\/2021\/11\/13\/josito-di-palma-gano-la-carrera-de-tc-en-toay\/#breadcrumb","itemListElement":[{"@type":"ListItem","position":1,"name":"Portada","item":"https:\/\/diariotextual.com\/inicio\/"},{"@type":"ListItem","position":2,"name":"Josito Di Palma gan\u00f3 la carrera de TC en Toay"}]},{"@type":"WebSite","@id":"https:\/\/diariotextual.com\/inicio\/#website","url":"https:\/\/diariotextual.com\/inicio\/","name":"Diario Textual","description":"","publisher":{"@id":"https:\/\/diariotextual.com\/inicio\/#organization"},"potentialAction":[{"@type":"SearchAction","target":{"@type":"EntryPoint","urlTemplate":"https:\/\/diariotextual.com\/inicio\/?s={search_term_string}"},"query-input":{"@type":"PropertyValueSpecification","valueRequired":true,"valueName":"search_term_string"}}],"inLanguage":"es"},{"@type":"Organization","@id":"https:\/\/diariotextual.com\/inicio\/#organization","name":"Diario Textual","url":"https:\/\/diariotextual.com\/inicio\/","logo":{"@type":"ImageObject","inLanguage":"es","@id":"https:\/\/diariotextual.com\/inicio\/#\/schema\/logo\/image\/","url":"https:\/\/diariotextual.com\/inicio\/wp-content\/uploads\/2023\/05\/logotextual1.jpg","contentUrl":"https:\/\/diariotextual.com\/inicio\/wp-content\/uploads\/2023\/05\/logotextual1.jpg","width":516,"height":76,"caption":"Diario Textual"},"image":{"@id":"https:\/\/diariotextual.com\/inicio\/#\/schema\/logo\/image\/"},"sameAs":["https:\/\/www.facebook.com\/eltextual","https:\/\/x.com\/eltextual","http:\/\/www.instagram.com\/eltextual"]},{"@type":"Person","@id":"https:\/\/diariotextual.com\/inicio\/#\/schema\/person\/c7834961ad8b29b1d9cdbf4571299067","name":"diario5","image":{"@type":"ImageObject","inLanguage":"es","@id":"https:\/\/secure.gravatar.com\/avatar\/948c893b847ca6df68216ead81b63f363408ec9b0f600fefc0641ce78613b111?s=96&d=mm&r=g","url":"https:\/\/secure.gravatar.com\/avatar\/948c893b847ca6df68216ead81b63f363408ec9b0f600fefc0641ce78613b111?s=96&d=mm&r=g","contentUrl":"https:\/\/secure.gravatar.com\/avatar\/948c893b847ca6df68216ead81b63f363408ec9b0f600fefc0641ce78613b111?s=96&d=mm&r=g","caption":"diario5"},"url":"https:\/\/diariotextual.com\/inicio\/index.php\/author\/diario5\/"}]}},"_links":{"self":[{"href":"https:\/\/diariotextual.com\/inicio\/index.php\/wp-json\/wp\/v2\/posts\/168723","targetHints":{"allow":["GET"]}}],"collection":[{"href":"https:\/\/diariotextual.com\/inicio\/index.php\/wp-json\/wp\/v2\/posts"}],"about":[{"href":"https:\/\/diariotextual.com\/inicio\/index.php\/wp-json\/wp\/v2\/types\/post"}],"author":[{"embeddable":true,"href":"https:\/\/diariotextual.com\/inicio\/index.php\/wp-json\/wp\/v2\/users\/7"}],"replies":[{"embeddable":true,"href":"https:\/\/diariotextual.com\/inicio\/index.php\/wp-json\/wp\/v2\/comments?post=168723"}],"version-history":[{"count":2,"href":"https:\/\/diariotextual.com\/inicio\/index.php\/wp-json\/wp\/v2\/posts\/168723\/revisions"}],"predecessor-version":[{"id":168727,"href":"https:\/\/diariotextual.com\/inicio\/index.php\/wp-json\/wp\/v2\/posts\/168723\/revisions\/168727"}],"wp:featuredmedia":[{"embeddable":true,"href":"https:\/\/diariotextual.com\/inicio\/index.php\/wp-json\/wp\/v2\/media\/168724"}],"wp:attachment":[{"href":"https:\/\/diariotextual.com\/inicio\/index.php\/wp-json\/wp\/v2\/media?parent=168723"}],"wp:term":[{"taxonomy":"category","embeddable":true,"href":"https:\/\/diariotextual.com\/inicio\/index.php\/wp-json\/wp\/v2\/categories?post=168723"},{"taxonomy":"post_tag","embeddable":true,"href":"https:\/\/diariotextual.com\/inicio\/index.php\/wp-json\/wp\/v2\/tags?post=168723"}],"curies":[{"name":"wp","href":"https:\/\/api.w.org\/{rel}","templated":true}]}}