{"id":168778,"date":"2021-11-14T10:15:49","date_gmt":"2021-11-14T13:15:49","guid":{"rendered":"https:\/\/diariotextual.com\/inicio\/?p=168778"},"modified":"2021-11-14T11:50:07","modified_gmt":"2021-11-14T14:50:07","slug":"bensusan-dice-estar-convencido-de-poder-remontar-los-resultados","status":"publish","type":"post","link":"https:\/\/diariotextual.com\/inicio\/index.php\/2021\/11\/14\/bensusan-dice-estar-convencido-de-poder-remontar-los-resultados\/","title":{"rendered":"Bensus\u00e1n dice estar \u00abconvencido\u00bb de poder remontar los resultados"},"content":{"rendered":"\n<p>Daniel \u00abPali\u00bb Bensus\u00e1n, candidato a diputado nacional por el Frente de Todos, vot\u00f3 a las 10 horas en la Escuela 74 de Santa Rosa. \u00abEstoy convencido de poder remontar\u00bb, dijo al llegar a votar, junto a su pareja Ver\u00f3nica Garay y su hija Camila.<\/p>\n\n\n\n<p><\/p>\n\n\n\n<p>Un total de 293 mil pampeanos est\u00e1n habilitados para sufragar en las elecciones legislativas generales de este domingo, en las cuales la provincia renueva en el Congreso Nacional las bancas de tres diputados y tres senadores.<\/p>\n\n\n\n<p>El Frente de Todos (FdT, liderado por el PJ) postula para el Senado nacional al ministro de Gobierno, Daniel \u00abPali\u00bb Bensus\u00e1n, a la referente de La C\u00e1mpora y secretaria administrativa del Senado, Mar\u00eda Luz \u201cLuchy\u201d Alonso. En tanto, para la C\u00e1mara baja se presentan la secretaria legislativa Varinia \u201cLichi\u201d Mar\u00edn y el diputado nacional Ariel Rauschenberger.<\/p>\n\n\n\n<p>Por su parte, los candidatos de Juntos por el Cambio (JxC, conformado entre otros por la UCR y el PRO) para el Senado son el radical Daniel Kroneberger, que fue diputado nacional e intendente de Colonia Bar\u00f3n, y la militante macrista Mar\u00eda Victoria Huala.<\/p>\n\n\n\n<p>A su vez, para la C\u00e1mara baja se postulan el diputado nacional Mart\u00edn Maquieyra y la docente Marcela In\u00e9s Coli.<\/p>\n\n\n\n<p>En tanto, el Frente de Izquierda (FIT, integrado por el Partido Obrero, Partido de los Trabajadores Socialistas, Movimiento Socialista de los Trabajadores) postula como primera senadora a Claudia Lupardo y como primer diputado a Luciano Gonz\u00e1lez Cabiati.<\/p>\n\n\n\n<p>El Partido Socialista, a su vez, propone a Luis Solana para senador y a Marina Vanini para diputada.<\/p>\n\n\n\n<p>En tanto, el MAS lleva como primeras candidatas a Maite P\u00e9rez Garc\u00eda para la C\u00e1mara alta y a Ayel\u00e9n Pilcic para la C\u00e1mara baja.<\/p>\n","protected":false},"excerpt":{"rendered":"<p>Daniel \u00abPali\u00bb Bensus\u00e1n, candidato a diputado nacional por el Frente de Todos, vot\u00f3 a las 10 horas en la Escuela 74 de Santa Rosa. \u00abEstoy convencido de poder remontar\u00bb, dijo&hellip;<\/p>\n","protected":false},"author":3,"featured_media":168855,"comment_status":"closed","ping_status":"open","sticky":false,"template":"","format":"standard","meta":{"_acf_changed":false,"footnotes":""},"categories":[4,8],"tags":[685],"class_list":["post-168778","post","type-post","status-publish","format-standard","has-post-thumbnail","hentry","category-destacadas","category-politica","tag-bensusan"],"acf":[],"yoast_head":"<!-- This site is optimized with the Yoast SEO plugin v27.5 - https:\/\/yoast.com\/product\/yoast-seo-wordpress\/ -->\n<title>Bensus\u00e1n dice estar &quot;convencido&quot; de poder remontar los resultados - Diario Textual<\/title>\n<meta name=\"robots\" content=\"index, follow, max-snippet:-1, max-image-preview:large, max-video-preview:-1\" \/>\n<link rel=\"canonical\" href=\"https:\/\/diariotextual.com\/inicio\/index.php\/2021\/11\/14\/bensusan-dice-estar-convencido-de-poder-remontar-los-resultados\/\" \/>\n<meta property=\"og:locale\" content=\"es_ES\" \/>\n<meta property=\"og:type\" content=\"article\" \/>\n<meta property=\"og:title\" content=\"Bensus\u00e1n dice estar &quot;convencido&quot; de poder remontar los resultados - Diario Textual\" \/>\n<meta property=\"og:description\" content=\"Daniel \u00abPali\u00bb Bensus\u00e1n, candidato a diputado nacional por el Frente de Todos, vot\u00f3 a las 10 horas en la Escuela 74 de Santa Rosa. \u00abEstoy convencido de poder remontar\u00bb, dijo&hellip;\" \/>\n<meta property=\"og:url\" content=\"https:\/\/diariotextual.com\/inicio\/index.php\/2021\/11\/14\/bensusan-dice-estar-convencido-de-poder-remontar-los-resultados\/\" \/>\n<meta property=\"og:site_name\" content=\"Diario Textual\" \/>\n<meta property=\"article:publisher\" content=\"https:\/\/www.facebook.com\/eltextual\" \/>\n<meta property=\"article:published_time\" content=\"2021-11-14T13:15:49+00:00\" \/>\n<meta property=\"article:modified_time\" content=\"2021-11-14T14:50:07+00:00\" \/>\n<meta property=\"og:image\" content=\"https:\/\/diariotextual.com\/inicio\/wp-content\/uploads\/2021\/11\/bensusanpablodanieleleccionesvotando2021-10.jpeg\" \/>\n\t<meta property=\"og:image:width\" content=\"1280\" \/>\n\t<meta property=\"og:image:height\" content=\"852\" \/>\n\t<meta property=\"og:image:type\" content=\"image\/jpeg\" \/>\n<meta name=\"author\" content=\"Diario1 Diario1\" \/>\n<meta name=\"twitter:card\" content=\"summary_large_image\" \/>\n<meta name=\"twitter:creator\" content=\"@eltextual\" \/>\n<meta name=\"twitter:site\" content=\"@eltextual\" \/>\n<meta name=\"twitter:label1\" content=\"Escrito por\" \/>\n\t<meta name=\"twitter:data1\" content=\"Diario1 Diario1\" \/>\n\t<meta name=\"twitter:label2\" content=\"Tiempo de lectura\" \/>\n\t<meta name=\"twitter:data2\" content=\"2 minutos\" \/>\n<script type=\"application\/ld+json\" class=\"yoast-schema-graph\">{\"@context\":\"https:\\\/\\\/schema.org\",\"@graph\":[{\"@type\":\"Article\",\"@id\":\"https:\\\/\\\/diariotextual.com\\\/inicio\\\/index.php\\\/2021\\\/11\\\/14\\\/bensusan-dice-estar-convencido-de-poder-remontar-los-resultados\\\/#article\",\"isPartOf\":{\"@id\":\"https:\\\/\\\/diariotextual.com\\\/inicio\\\/index.php\\\/2021\\\/11\\\/14\\\/bensusan-dice-estar-convencido-de-poder-remontar-los-resultados\\\/\"},\"author\":{\"name\":\"Diario1 Diario1\",\"@id\":\"https:\\\/\\\/diariotextual.com\\\/inicio\\\/#\\\/schema\\\/person\\\/418fc4093c33e86ed41562db3508f958\"},\"headline\":\"Bensus\u00e1n dice estar \u00abconvencido\u00bb de poder remontar los resultados\",\"datePublished\":\"2021-11-14T13:15:49+00:00\",\"dateModified\":\"2021-11-14T14:50:07+00:00\",\"mainEntityOfPage\":{\"@id\":\"https:\\\/\\\/diariotextual.com\\\/inicio\\\/index.php\\\/2021\\\/11\\\/14\\\/bensusan-dice-estar-convencido-de-poder-remontar-los-resultados\\\/\"},\"wordCount\":305,\"publisher\":{\"@id\":\"https:\\\/\\\/diariotextual.com\\\/inicio\\\/#organization\"},\"image\":{\"@id\":\"https:\\\/\\\/diariotextual.com\\\/inicio\\\/index.php\\\/2021\\\/11\\\/14\\\/bensusan-dice-estar-convencido-de-poder-remontar-los-resultados\\\/#primaryimage\"},\"thumbnailUrl\":\"https:\\\/\\\/diariotextual.com\\\/inicio\\\/wp-content\\\/uploads\\\/2021\\\/11\\\/bensusanpablodanieleleccionesvotando2021-10.jpeg\",\"keywords\":[\"bensusan\"],\"articleSection\":[\"A - DESTACADAS (mod 16)\",\"POLITICA\"],\"inLanguage\":\"es\"},{\"@type\":\"WebPage\",\"@id\":\"https:\\\/\\\/diariotextual.com\\\/inicio\\\/index.php\\\/2021\\\/11\\\/14\\\/bensusan-dice-estar-convencido-de-poder-remontar-los-resultados\\\/\",\"url\":\"https:\\\/\\\/diariotextual.com\\\/inicio\\\/index.php\\\/2021\\\/11\\\/14\\\/bensusan-dice-estar-convencido-de-poder-remontar-los-resultados\\\/\",\"name\":\"Bensus\u00e1n dice estar \\\"convencido\\\" de poder remontar los resultados - Diario Textual\",\"isPartOf\":{\"@id\":\"https:\\\/\\\/diariotextual.com\\\/inicio\\\/#website\"},\"primaryImageOfPage\":{\"@id\":\"https:\\\/\\\/diariotextual.com\\\/inicio\\\/index.php\\\/2021\\\/11\\\/14\\\/bensusan-dice-estar-convencido-de-poder-remontar-los-resultados\\\/#primaryimage\"},\"image\":{\"@id\":\"https:\\\/\\\/diariotextual.com\\\/inicio\\\/index.php\\\/2021\\\/11\\\/14\\\/bensusan-dice-estar-convencido-de-poder-remontar-los-resultados\\\/#primaryimage\"},\"thumbnailUrl\":\"https:\\\/\\\/diariotextual.com\\\/inicio\\\/wp-content\\\/uploads\\\/2021\\\/11\\\/bensusanpablodanieleleccionesvotando2021-10.jpeg\",\"datePublished\":\"2021-11-14T13:15:49+00:00\",\"dateModified\":\"2021-11-14T14:50:07+00:00\",\"breadcrumb\":{\"@id\":\"https:\\\/\\\/diariotextual.com\\\/inicio\\\/index.php\\\/2021\\\/11\\\/14\\\/bensusan-dice-estar-convencido-de-poder-remontar-los-resultados\\\/#breadcrumb\"},\"inLanguage\":\"es\",\"potentialAction\":[{\"@type\":\"ReadAction\",\"target\":[\"https:\\\/\\\/diariotextual.com\\\/inicio\\\/index.php\\\/2021\\\/11\\\/14\\\/bensusan-dice-estar-convencido-de-poder-remontar-los-resultados\\\/\"]}]},{\"@type\":\"ImageObject\",\"inLanguage\":\"es\",\"@id\":\"https:\\\/\\\/diariotextual.com\\\/inicio\\\/index.php\\\/2021\\\/11\\\/14\\\/bensusan-dice-estar-convencido-de-poder-remontar-los-resultados\\\/#primaryimage\",\"url\":\"https:\\\/\\\/diariotextual.com\\\/inicio\\\/wp-content\\\/uploads\\\/2021\\\/11\\\/bensusanpablodanieleleccionesvotando2021-10.jpeg\",\"contentUrl\":\"https:\\\/\\\/diariotextual.com\\\/inicio\\\/wp-content\\\/uploads\\\/2021\\\/11\\\/bensusanpablodanieleleccionesvotando2021-10.jpeg\",\"width\":1280,\"height\":852},{\"@type\":\"BreadcrumbList\",\"@id\":\"https:\\\/\\\/diariotextual.com\\\/inicio\\\/index.php\\\/2021\\\/11\\\/14\\\/bensusan-dice-estar-convencido-de-poder-remontar-los-resultados\\\/#breadcrumb\",\"itemListElement\":[{\"@type\":\"ListItem\",\"position\":1,\"name\":\"Portada\",\"item\":\"https:\\\/\\\/diariotextual.com\\\/inicio\\\/\"},{\"@type\":\"ListItem\",\"position\":2,\"name\":\"Bensus\u00e1n dice estar \u00abconvencido\u00bb de poder remontar los resultados\"}]},{\"@type\":\"WebSite\",\"@id\":\"https:\\\/\\\/diariotextual.com\\\/inicio\\\/#website\",\"url\":\"https:\\\/\\\/diariotextual.com\\\/inicio\\\/\",\"name\":\"Diario Textual\",\"description\":\"\",\"publisher\":{\"@id\":\"https:\\\/\\\/diariotextual.com\\\/inicio\\\/#organization\"},\"potentialAction\":[{\"@type\":\"SearchAction\",\"target\":{\"@type\":\"EntryPoint\",\"urlTemplate\":\"https:\\\/\\\/diariotextual.com\\\/inicio\\\/?s={search_term_string}\"},\"query-input\":{\"@type\":\"PropertyValueSpecification\",\"valueRequired\":true,\"valueName\":\"search_term_string\"}}],\"inLanguage\":\"es\"},{\"@type\":\"Organization\",\"@id\":\"https:\\\/\\\/diariotextual.com\\\/inicio\\\/#organization\",\"name\":\"Diario Textual\",\"url\":\"https:\\\/\\\/diariotextual.com\\\/inicio\\\/\",\"logo\":{\"@type\":\"ImageObject\",\"inLanguage\":\"es\",\"@id\":\"https:\\\/\\\/diariotextual.com\\\/inicio\\\/#\\\/schema\\\/logo\\\/image\\\/\",\"url\":\"https:\\\/\\\/diariotextual.com\\\/inicio\\\/wp-content\\\/uploads\\\/2023\\\/05\\\/logotextual1.jpg\",\"contentUrl\":\"https:\\\/\\\/diariotextual.com\\\/inicio\\\/wp-content\\\/uploads\\\/2023\\\/05\\\/logotextual1.jpg\",\"width\":516,\"height\":76,\"caption\":\"Diario Textual\"},\"image\":{\"@id\":\"https:\\\/\\\/diariotextual.com\\\/inicio\\\/#\\\/schema\\\/logo\\\/image\\\/\"},\"sameAs\":[\"https:\\\/\\\/www.facebook.com\\\/eltextual\",\"https:\\\/\\\/x.com\\\/eltextual\",\"http:\\\/\\\/www.instagram.com\\\/eltextual\"]},{\"@type\":\"Person\",\"@id\":\"https:\\\/\\\/diariotextual.com\\\/inicio\\\/#\\\/schema\\\/person\\\/418fc4093c33e86ed41562db3508f958\",\"name\":\"Diario1 Diario1\",\"image\":{\"@type\":\"ImageObject\",\"inLanguage\":\"es\",\"@id\":\"https:\\\/\\\/secure.gravatar.com\\\/avatar\\\/9167d280179c85bc18be67aa7eda765854300033af4896dd779b608640f2ef7a?s=96&d=mm&r=g\",\"url\":\"https:\\\/\\\/secure.gravatar.com\\\/avatar\\\/9167d280179c85bc18be67aa7eda765854300033af4896dd779b608640f2ef7a?s=96&d=mm&r=g\",\"contentUrl\":\"https:\\\/\\\/secure.gravatar.com\\\/avatar\\\/9167d280179c85bc18be67aa7eda765854300033af4896dd779b608640f2ef7a?s=96&d=mm&r=g\",\"caption\":\"Diario1 Diario1\"},\"url\":\"https:\\\/\\\/diariotextual.com\\\/inicio\\\/index.php\\\/author\\\/diario1\\\/\"}]}<\/script>\n<!-- \/ Yoast SEO plugin. -->","yoast_head_json":{"title":"Bensus\u00e1n dice estar \"convencido\" de poder remontar los resultados - Diario Textual","robots":{"index":"index","follow":"follow","max-snippet":"max-snippet:-1","max-image-preview":"max-image-preview:large","max-video-preview":"max-video-preview:-1"},"canonical":"https:\/\/diariotextual.com\/inicio\/index.php\/2021\/11\/14\/bensusan-dice-estar-convencido-de-poder-remontar-los-resultados\/","og_locale":"es_ES","og_type":"article","og_title":"Bensus\u00e1n dice estar \"convencido\" de poder remontar los resultados - Diario Textual","og_description":"Daniel \u00abPali\u00bb Bensus\u00e1n, candidato a diputado nacional por el Frente de Todos, vot\u00f3 a las 10 horas en la Escuela 74 de Santa Rosa. \u00abEstoy convencido de poder remontar\u00bb, dijo&hellip;","og_url":"https:\/\/diariotextual.com\/inicio\/index.php\/2021\/11\/14\/bensusan-dice-estar-convencido-de-poder-remontar-los-resultados\/","og_site_name":"Diario Textual","article_publisher":"https:\/\/www.facebook.com\/eltextual","article_published_time":"2021-11-14T13:15:49+00:00","article_modified_time":"2021-11-14T14:50:07+00:00","og_image":[{"width":1280,"height":852,"url":"https:\/\/diariotextual.com\/inicio\/wp-content\/uploads\/2021\/11\/bensusanpablodanieleleccionesvotando2021-10.jpeg","type":"image\/jpeg"}],"author":"Diario1 Diario1","twitter_card":"summary_large_image","twitter_creator":"@eltextual","twitter_site":"@eltextual","twitter_misc":{"Escrito por":"Diario1 Diario1","Tiempo de lectura":"2 minutos"},"schema":{"@context":"https:\/\/schema.org","@graph":[{"@type":"Article","@id":"https:\/\/diariotextual.com\/inicio\/index.php\/2021\/11\/14\/bensusan-dice-estar-convencido-de-poder-remontar-los-resultados\/#article","isPartOf":{"@id":"https:\/\/diariotextual.com\/inicio\/index.php\/2021\/11\/14\/bensusan-dice-estar-convencido-de-poder-remontar-los-resultados\/"},"author":{"name":"Diario1 Diario1","@id":"https:\/\/diariotextual.com\/inicio\/#\/schema\/person\/418fc4093c33e86ed41562db3508f958"},"headline":"Bensus\u00e1n dice estar \u00abconvencido\u00bb de poder remontar los resultados","datePublished":"2021-11-14T13:15:49+00:00","dateModified":"2021-11-14T14:50:07+00:00","mainEntityOfPage":{"@id":"https:\/\/diariotextual.com\/inicio\/index.php\/2021\/11\/14\/bensusan-dice-estar-convencido-de-poder-remontar-los-resultados\/"},"wordCount":305,"publisher":{"@id":"https:\/\/diariotextual.com\/inicio\/#organization"},"image":{"@id":"https:\/\/diariotextual.com\/inicio\/index.php\/2021\/11\/14\/bensusan-dice-estar-convencido-de-poder-remontar-los-resultados\/#primaryimage"},"thumbnailUrl":"https:\/\/diariotextual.com\/inicio\/wp-content\/uploads\/2021\/11\/bensusanpablodanieleleccionesvotando2021-10.jpeg","keywords":["bensusan"],"articleSection":["A - DESTACADAS (mod 16)","POLITICA"],"inLanguage":"es"},{"@type":"WebPage","@id":"https:\/\/diariotextual.com\/inicio\/index.php\/2021\/11\/14\/bensusan-dice-estar-convencido-de-poder-remontar-los-resultados\/","url":"https:\/\/diariotextual.com\/inicio\/index.php\/2021\/11\/14\/bensusan-dice-estar-convencido-de-poder-remontar-los-resultados\/","name":"Bensus\u00e1n dice estar \"convencido\" de poder remontar los resultados - Diario Textual","isPartOf":{"@id":"https:\/\/diariotextual.com\/inicio\/#website"},"primaryImageOfPage":{"@id":"https:\/\/diariotextual.com\/inicio\/index.php\/2021\/11\/14\/bensusan-dice-estar-convencido-de-poder-remontar-los-resultados\/#primaryimage"},"image":{"@id":"https:\/\/diariotextual.com\/inicio\/index.php\/2021\/11\/14\/bensusan-dice-estar-convencido-de-poder-remontar-los-resultados\/#primaryimage"},"thumbnailUrl":"https:\/\/diariotextual.com\/inicio\/wp-content\/uploads\/2021\/11\/bensusanpablodanieleleccionesvotando2021-10.jpeg","datePublished":"2021-11-14T13:15:49+00:00","dateModified":"2021-11-14T14:50:07+00:00","breadcrumb":{"@id":"https:\/\/diariotextual.com\/inicio\/index.php\/2021\/11\/14\/bensusan-dice-estar-convencido-de-poder-remontar-los-resultados\/#breadcrumb"},"inLanguage":"es","potentialAction":[{"@type":"ReadAction","target":["https:\/\/diariotextual.com\/inicio\/index.php\/2021\/11\/14\/bensusan-dice-estar-convencido-de-poder-remontar-los-resultados\/"]}]},{"@type":"ImageObject","inLanguage":"es","@id":"https:\/\/diariotextual.com\/inicio\/index.php\/2021\/11\/14\/bensusan-dice-estar-convencido-de-poder-remontar-los-resultados\/#primaryimage","url":"https:\/\/diariotextual.com\/inicio\/wp-content\/uploads\/2021\/11\/bensusanpablodanieleleccionesvotando2021-10.jpeg","contentUrl":"https:\/\/diariotextual.com\/inicio\/wp-content\/uploads\/2021\/11\/bensusanpablodanieleleccionesvotando2021-10.jpeg","width":1280,"height":852},{"@type":"BreadcrumbList","@id":"https:\/\/diariotextual.com\/inicio\/index.php\/2021\/11\/14\/bensusan-dice-estar-convencido-de-poder-remontar-los-resultados\/#breadcrumb","itemListElement":[{"@type":"ListItem","position":1,"name":"Portada","item":"https:\/\/diariotextual.com\/inicio\/"},{"@type":"ListItem","position":2,"name":"Bensus\u00e1n dice estar \u00abconvencido\u00bb de poder remontar los resultados"}]},{"@type":"WebSite","@id":"https:\/\/diariotextual.com\/inicio\/#website","url":"https:\/\/diariotextual.com\/inicio\/","name":"Diario Textual","description":"","publisher":{"@id":"https:\/\/diariotextual.com\/inicio\/#organization"},"potentialAction":[{"@type":"SearchAction","target":{"@type":"EntryPoint","urlTemplate":"https:\/\/diariotextual.com\/inicio\/?s={search_term_string}"},"query-input":{"@type":"PropertyValueSpecification","valueRequired":true,"valueName":"search_term_string"}}],"inLanguage":"es"},{"@type":"Organization","@id":"https:\/\/diariotextual.com\/inicio\/#organization","name":"Diario Textual","url":"https:\/\/diariotextual.com\/inicio\/","logo":{"@type":"ImageObject","inLanguage":"es","@id":"https:\/\/diariotextual.com\/inicio\/#\/schema\/logo\/image\/","url":"https:\/\/diariotextual.com\/inicio\/wp-content\/uploads\/2023\/05\/logotextual1.jpg","contentUrl":"https:\/\/diariotextual.com\/inicio\/wp-content\/uploads\/2023\/05\/logotextual1.jpg","width":516,"height":76,"caption":"Diario Textual"},"image":{"@id":"https:\/\/diariotextual.com\/inicio\/#\/schema\/logo\/image\/"},"sameAs":["https:\/\/www.facebook.com\/eltextual","https:\/\/x.com\/eltextual","http:\/\/www.instagram.com\/eltextual"]},{"@type":"Person","@id":"https:\/\/diariotextual.com\/inicio\/#\/schema\/person\/418fc4093c33e86ed41562db3508f958","name":"Diario1 Diario1","image":{"@type":"ImageObject","inLanguage":"es","@id":"https:\/\/secure.gravatar.com\/avatar\/9167d280179c85bc18be67aa7eda765854300033af4896dd779b608640f2ef7a?s=96&d=mm&r=g","url":"https:\/\/secure.gravatar.com\/avatar\/9167d280179c85bc18be67aa7eda765854300033af4896dd779b608640f2ef7a?s=96&d=mm&r=g","contentUrl":"https:\/\/secure.gravatar.com\/avatar\/9167d280179c85bc18be67aa7eda765854300033af4896dd779b608640f2ef7a?s=96&d=mm&r=g","caption":"Diario1 Diario1"},"url":"https:\/\/diariotextual.com\/inicio\/index.php\/author\/diario1\/"}]}},"_links":{"self":[{"href":"https:\/\/diariotextual.com\/inicio\/index.php\/wp-json\/wp\/v2\/posts\/168778","targetHints":{"allow":["GET"]}}],"collection":[{"href":"https:\/\/diariotextual.com\/inicio\/index.php\/wp-json\/wp\/v2\/posts"}],"about":[{"href":"https:\/\/diariotextual.com\/inicio\/index.php\/wp-json\/wp\/v2\/types\/post"}],"author":[{"embeddable":true,"href":"https:\/\/diariotextual.com\/inicio\/index.php\/wp-json\/wp\/v2\/users\/3"}],"replies":[{"embeddable":true,"href":"https:\/\/diariotextual.com\/inicio\/index.php\/wp-json\/wp\/v2\/comments?post=168778"}],"version-history":[{"count":2,"href":"https:\/\/diariotextual.com\/inicio\/index.php\/wp-json\/wp\/v2\/posts\/168778\/revisions"}],"predecessor-version":[{"id":168836,"href":"https:\/\/diariotextual.com\/inicio\/index.php\/wp-json\/wp\/v2\/posts\/168778\/revisions\/168836"}],"wp:featuredmedia":[{"embeddable":true,"href":"https:\/\/diariotextual.com\/inicio\/index.php\/wp-json\/wp\/v2\/media\/168855"}],"wp:attachment":[{"href":"https:\/\/diariotextual.com\/inicio\/index.php\/wp-json\/wp\/v2\/media?parent=168778"}],"wp:term":[{"taxonomy":"category","embeddable":true,"href":"https:\/\/diariotextual.com\/inicio\/index.php\/wp-json\/wp\/v2\/categories?post=168778"},{"taxonomy":"post_tag","embeddable":true,"href":"https:\/\/diariotextual.com\/inicio\/index.php\/wp-json\/wp\/v2\/tags?post=168778"}],"curies":[{"name":"wp","href":"https:\/\/api.w.org\/{rel}","templated":true}]}}