{"id":168784,"date":"2021-11-14T12:07:44","date_gmt":"2021-11-14T15:07:44","guid":{"rendered":"https:\/\/diariotextual.com\/inicio\/?p=168784"},"modified":"2021-11-14T12:07:47","modified_gmt":"2021-11-14T15:07:47","slug":"luciano-di-napoli-creemos-que-vamos-a-andar-bien","status":"publish","type":"post","link":"https:\/\/diariotextual.com\/inicio\/index.php\/2021\/11\/14\/luciano-di-napoli-creemos-que-vamos-a-andar-bien\/","title":{"rendered":"Luciano di N\u00e1poli: \u00abCreemos que vamos a andar bien\u00bb"},"content":{"rendered":"\n<p>Luciano di N\u00e1poli, intendente de Santa Rosa y uno de los referentes de la agrupaci\u00f3n La C\u00e1mpora, vot\u00f3 pasadas las 9.15 horas en la Escuela 6.<\/p>\n\n\n\n<p>\u201cEstoy muy contento de poder volver a votar y llegar al d\u00eda de la elecci\u00f3n. Le mando un gran abrazo a toda la militancia de nuestro espacio que hizo un gran esfuerzo en toda la campa\u00f1a y a los fiscales que est\u00e1n en todas las escuelas\u201d, manifest\u00f3.<\/p>\n\n\n\n<p>\u201cSiempre est\u00e1 bueno que la gente vaya a votar. En cuanto a las expectativas, sali\u00f3 el sol y ustedes saben lo que dicen de los d\u00edas de sol\u2026 Creo que vamos a andar muy bien\u201d, dijo. \u201cTenemos buenas expectativas y creemos que vamos a andar bien\u201d.<\/p>\n\n\n\n<p>Dijo que se not\u00f3 una diferencia con la campa\u00f1a de las PASO. \u201cAhora salimos a hablar con todos los vecinos cara a cara, recorrer la ciudad\u201d, dijo. \u201cQuiero agradecer tambi\u00e9n a los vecinos de Santa Rosa que nos recibieron muy bien y poder hacer una campa\u00f1a distinta al 12 de septiembre, donde ten\u00edamos una situaci\u00f3n sanitaria un poco m\u00e1s complicada. Ayer tuvimos otro d\u00eda sin casos y la situaci\u00f3n sanitaria, gracias a la vacunaci\u00f3n est\u00e1 mucho mejor y m\u00e1s relajada. Tenemos que segur cuid\u00e1ndonos, como decimos siempre, pero est\u00e1 todo controlado y muy bien\u201d, dijo.<\/p>\n\n\n\n<p>Un total de 293 mil pampeanos est\u00e1n habilitados para sufragar en las elecciones legislativas generales de este domingo, en las cuales la provincia renueva en el Congreso Nacional las bancas de tres diputados y tres senadores.<\/p>\n\n\n\n<p>El Frente de Todos (FdT, liderado por el PJ) postula para el Senado nacional al ministro de Gobierno, Daniel \u00abPali\u00bb Bensus\u00e1n, a la referente de La C\u00e1mpora y secretaria administrativa del Senado, Mar\u00eda Luz \u201cLuchy\u201d Alonso. En tanto, para la C\u00e1mara baja se presentan la secretaria legislativa Varinia \u201cLichi\u201d Mar\u00edn y el diputado nacional Ariel Rauschenberger.<\/p>\n\n\n\n<p>Por su parte, los candidatos de Juntos por el Cambio (JxC, conformado entre otros por la UCR y el PRO) para el Senado son el radical Daniel Kroneberger, que fue diputado nacional e intendente de Colonia Bar\u00f3n, y la militante macrista Mar\u00eda Victoria Huala.<\/p>\n\n\n\n<p>A su vez, para la C\u00e1mara baja se postulan el diputado nacional Mart\u00edn Maquieyra y la docente Marcela In\u00e9s Coli.<\/p>\n\n\n\n<p>En tanto, el Frente de Izquierda (FIT, integrado por el Partido Obrero, Partido de los Trabajadores Socialistas, Movimiento Socialista de los Trabajadores) postula como primera senadora a Claudia Lupardo y como primer diputado a Luciano Gonz\u00e1lez Cabiati.<\/p>\n\n\n\n<p>El Partido Socialista, a su vez, propone a Luis Solana para senador y a Marina Vanini para diputada.<\/p>\n\n\n\n<p>En tanto, el MAS lleva como primeras candidatas a Maite P\u00e9rez Garc\u00eda para la C\u00e1mara alta y a Ayel\u00e9n Pilcic para la C\u00e1mara baja.<\/p>\n","protected":false},"excerpt":{"rendered":"<p>Luciano di N\u00e1poli, intendente de Santa Rosa y uno de los referentes de la agrupaci\u00f3n La C\u00e1mpora, vot\u00f3 pasadas las 9.15 horas en la Escuela 6. \u201cEstoy muy contento de&hellip;<\/p>\n","protected":false},"author":3,"featured_media":168865,"comment_status":"closed","ping_status":"open","sticky":false,"template":"","format":"standard","meta":{"_acf_changed":false,"footnotes":""},"categories":[4,8],"tags":[836],"class_list":["post-168784","post","type-post","status-publish","format-standard","has-post-thumbnail","hentry","category-destacadas","category-politica","tag-di-napoli"],"acf":[],"yoast_head":"<!-- This site is optimized with the Yoast SEO plugin v27.5 - https:\/\/yoast.com\/product\/yoast-seo-wordpress\/ -->\n<title>Luciano di N\u00e1poli: &quot;Creemos que vamos a andar bien&quot; - Diario Textual<\/title>\n<meta name=\"robots\" content=\"index, follow, max-snippet:-1, max-image-preview:large, max-video-preview:-1\" \/>\n<link rel=\"canonical\" href=\"https:\/\/diariotextual.com\/inicio\/index.php\/2021\/11\/14\/luciano-di-napoli-creemos-que-vamos-a-andar-bien\/\" \/>\n<meta property=\"og:locale\" content=\"es_ES\" \/>\n<meta property=\"og:type\" content=\"article\" \/>\n<meta property=\"og:title\" content=\"Luciano di N\u00e1poli: &quot;Creemos que vamos a andar bien&quot; - Diario Textual\" \/>\n<meta property=\"og:description\" content=\"Luciano di N\u00e1poli, intendente de Santa Rosa y uno de los referentes de la agrupaci\u00f3n La C\u00e1mpora, vot\u00f3 pasadas las 9.15 horas en la Escuela 6. \u201cEstoy muy contento de&hellip;\" \/>\n<meta property=\"og:url\" content=\"https:\/\/diariotextual.com\/inicio\/index.php\/2021\/11\/14\/luciano-di-napoli-creemos-que-vamos-a-andar-bien\/\" \/>\n<meta property=\"og:site_name\" content=\"Diario Textual\" \/>\n<meta property=\"article:publisher\" content=\"https:\/\/www.facebook.com\/eltextual\" \/>\n<meta property=\"article:published_time\" content=\"2021-11-14T15:07:44+00:00\" \/>\n<meta property=\"article:modified_time\" content=\"2021-11-14T15:07:47+00:00\" \/>\n<meta property=\"og:image\" content=\"https:\/\/diariotextual.com\/inicio\/wp-content\/uploads\/2021\/11\/dinapolilucianovotando2021-1.jpeg\" \/>\n\t<meta property=\"og:image:width\" content=\"1472\" \/>\n\t<meta property=\"og:image:height\" content=\"900\" \/>\n\t<meta property=\"og:image:type\" content=\"image\/jpeg\" \/>\n<meta name=\"author\" content=\"Diario1 Diario1\" \/>\n<meta name=\"twitter:card\" content=\"summary_large_image\" \/>\n<meta name=\"twitter:creator\" content=\"@eltextual\" \/>\n<meta name=\"twitter:site\" content=\"@eltextual\" \/>\n<meta name=\"twitter:label1\" content=\"Escrito por\" \/>\n\t<meta name=\"twitter:data1\" content=\"Diario1 Diario1\" \/>\n\t<meta name=\"twitter:label2\" content=\"Tiempo de lectura\" \/>\n\t<meta name=\"twitter:data2\" content=\"2 minutos\" \/>\n<script type=\"application\/ld+json\" class=\"yoast-schema-graph\">{\"@context\":\"https:\\\/\\\/schema.org\",\"@graph\":[{\"@type\":\"Article\",\"@id\":\"https:\\\/\\\/diariotextual.com\\\/inicio\\\/index.php\\\/2021\\\/11\\\/14\\\/luciano-di-napoli-creemos-que-vamos-a-andar-bien\\\/#article\",\"isPartOf\":{\"@id\":\"https:\\\/\\\/diariotextual.com\\\/inicio\\\/index.php\\\/2021\\\/11\\\/14\\\/luciano-di-napoli-creemos-que-vamos-a-andar-bien\\\/\"},\"author\":{\"name\":\"Diario1 Diario1\",\"@id\":\"https:\\\/\\\/diariotextual.com\\\/inicio\\\/#\\\/schema\\\/person\\\/418fc4093c33e86ed41562db3508f958\"},\"headline\":\"Luciano di N\u00e1poli: \u00abCreemos que vamos a andar bien\u00bb\",\"datePublished\":\"2021-11-14T15:07:44+00:00\",\"dateModified\":\"2021-11-14T15:07:47+00:00\",\"mainEntityOfPage\":{\"@id\":\"https:\\\/\\\/diariotextual.com\\\/inicio\\\/index.php\\\/2021\\\/11\\\/14\\\/luciano-di-napoli-creemos-que-vamos-a-andar-bien\\\/\"},\"wordCount\":491,\"publisher\":{\"@id\":\"https:\\\/\\\/diariotextual.com\\\/inicio\\\/#organization\"},\"image\":{\"@id\":\"https:\\\/\\\/diariotextual.com\\\/inicio\\\/index.php\\\/2021\\\/11\\\/14\\\/luciano-di-napoli-creemos-que-vamos-a-andar-bien\\\/#primaryimage\"},\"thumbnailUrl\":\"https:\\\/\\\/diariotextual.com\\\/inicio\\\/wp-content\\\/uploads\\\/2021\\\/11\\\/dinapolilucianovotando2021-1.jpeg\",\"keywords\":[\"di napoli\"],\"articleSection\":[\"A - DESTACADAS (mod 16)\",\"POLITICA\"],\"inLanguage\":\"es\"},{\"@type\":\"WebPage\",\"@id\":\"https:\\\/\\\/diariotextual.com\\\/inicio\\\/index.php\\\/2021\\\/11\\\/14\\\/luciano-di-napoli-creemos-que-vamos-a-andar-bien\\\/\",\"url\":\"https:\\\/\\\/diariotextual.com\\\/inicio\\\/index.php\\\/2021\\\/11\\\/14\\\/luciano-di-napoli-creemos-que-vamos-a-andar-bien\\\/\",\"name\":\"Luciano di N\u00e1poli: \\\"Creemos que vamos a andar bien\\\" - Diario Textual\",\"isPartOf\":{\"@id\":\"https:\\\/\\\/diariotextual.com\\\/inicio\\\/#website\"},\"primaryImageOfPage\":{\"@id\":\"https:\\\/\\\/diariotextual.com\\\/inicio\\\/index.php\\\/2021\\\/11\\\/14\\\/luciano-di-napoli-creemos-que-vamos-a-andar-bien\\\/#primaryimage\"},\"image\":{\"@id\":\"https:\\\/\\\/diariotextual.com\\\/inicio\\\/index.php\\\/2021\\\/11\\\/14\\\/luciano-di-napoli-creemos-que-vamos-a-andar-bien\\\/#primaryimage\"},\"thumbnailUrl\":\"https:\\\/\\\/diariotextual.com\\\/inicio\\\/wp-content\\\/uploads\\\/2021\\\/11\\\/dinapolilucianovotando2021-1.jpeg\",\"datePublished\":\"2021-11-14T15:07:44+00:00\",\"dateModified\":\"2021-11-14T15:07:47+00:00\",\"breadcrumb\":{\"@id\":\"https:\\\/\\\/diariotextual.com\\\/inicio\\\/index.php\\\/2021\\\/11\\\/14\\\/luciano-di-napoli-creemos-que-vamos-a-andar-bien\\\/#breadcrumb\"},\"inLanguage\":\"es\",\"potentialAction\":[{\"@type\":\"ReadAction\",\"target\":[\"https:\\\/\\\/diariotextual.com\\\/inicio\\\/index.php\\\/2021\\\/11\\\/14\\\/luciano-di-napoli-creemos-que-vamos-a-andar-bien\\\/\"]}]},{\"@type\":\"ImageObject\",\"inLanguage\":\"es\",\"@id\":\"https:\\\/\\\/diariotextual.com\\\/inicio\\\/index.php\\\/2021\\\/11\\\/14\\\/luciano-di-napoli-creemos-que-vamos-a-andar-bien\\\/#primaryimage\",\"url\":\"https:\\\/\\\/diariotextual.com\\\/inicio\\\/wp-content\\\/uploads\\\/2021\\\/11\\\/dinapolilucianovotando2021-1.jpeg\",\"contentUrl\":\"https:\\\/\\\/diariotextual.com\\\/inicio\\\/wp-content\\\/uploads\\\/2021\\\/11\\\/dinapolilucianovotando2021-1.jpeg\",\"width\":1472,\"height\":900},{\"@type\":\"BreadcrumbList\",\"@id\":\"https:\\\/\\\/diariotextual.com\\\/inicio\\\/index.php\\\/2021\\\/11\\\/14\\\/luciano-di-napoli-creemos-que-vamos-a-andar-bien\\\/#breadcrumb\",\"itemListElement\":[{\"@type\":\"ListItem\",\"position\":1,\"name\":\"Portada\",\"item\":\"https:\\\/\\\/diariotextual.com\\\/inicio\\\/\"},{\"@type\":\"ListItem\",\"position\":2,\"name\":\"Luciano di N\u00e1poli: \u00abCreemos que vamos a andar bien\u00bb\"}]},{\"@type\":\"WebSite\",\"@id\":\"https:\\\/\\\/diariotextual.com\\\/inicio\\\/#website\",\"url\":\"https:\\\/\\\/diariotextual.com\\\/inicio\\\/\",\"name\":\"Diario Textual\",\"description\":\"\",\"publisher\":{\"@id\":\"https:\\\/\\\/diariotextual.com\\\/inicio\\\/#organization\"},\"potentialAction\":[{\"@type\":\"SearchAction\",\"target\":{\"@type\":\"EntryPoint\",\"urlTemplate\":\"https:\\\/\\\/diariotextual.com\\\/inicio\\\/?s={search_term_string}\"},\"query-input\":{\"@type\":\"PropertyValueSpecification\",\"valueRequired\":true,\"valueName\":\"search_term_string\"}}],\"inLanguage\":\"es\"},{\"@type\":\"Organization\",\"@id\":\"https:\\\/\\\/diariotextual.com\\\/inicio\\\/#organization\",\"name\":\"Diario Textual\",\"url\":\"https:\\\/\\\/diariotextual.com\\\/inicio\\\/\",\"logo\":{\"@type\":\"ImageObject\",\"inLanguage\":\"es\",\"@id\":\"https:\\\/\\\/diariotextual.com\\\/inicio\\\/#\\\/schema\\\/logo\\\/image\\\/\",\"url\":\"https:\\\/\\\/diariotextual.com\\\/inicio\\\/wp-content\\\/uploads\\\/2023\\\/05\\\/logotextual1.jpg\",\"contentUrl\":\"https:\\\/\\\/diariotextual.com\\\/inicio\\\/wp-content\\\/uploads\\\/2023\\\/05\\\/logotextual1.jpg\",\"width\":516,\"height\":76,\"caption\":\"Diario Textual\"},\"image\":{\"@id\":\"https:\\\/\\\/diariotextual.com\\\/inicio\\\/#\\\/schema\\\/logo\\\/image\\\/\"},\"sameAs\":[\"https:\\\/\\\/www.facebook.com\\\/eltextual\",\"https:\\\/\\\/x.com\\\/eltextual\",\"http:\\\/\\\/www.instagram.com\\\/eltextual\"]},{\"@type\":\"Person\",\"@id\":\"https:\\\/\\\/diariotextual.com\\\/inicio\\\/#\\\/schema\\\/person\\\/418fc4093c33e86ed41562db3508f958\",\"name\":\"Diario1 Diario1\",\"image\":{\"@type\":\"ImageObject\",\"inLanguage\":\"es\",\"@id\":\"https:\\\/\\\/secure.gravatar.com\\\/avatar\\\/9167d280179c85bc18be67aa7eda765854300033af4896dd779b608640f2ef7a?s=96&d=mm&r=g\",\"url\":\"https:\\\/\\\/secure.gravatar.com\\\/avatar\\\/9167d280179c85bc18be67aa7eda765854300033af4896dd779b608640f2ef7a?s=96&d=mm&r=g\",\"contentUrl\":\"https:\\\/\\\/secure.gravatar.com\\\/avatar\\\/9167d280179c85bc18be67aa7eda765854300033af4896dd779b608640f2ef7a?s=96&d=mm&r=g\",\"caption\":\"Diario1 Diario1\"},\"url\":\"https:\\\/\\\/diariotextual.com\\\/inicio\\\/index.php\\\/author\\\/diario1\\\/\"}]}<\/script>\n<!-- \/ Yoast SEO plugin. -->","yoast_head_json":{"title":"Luciano di N\u00e1poli: \"Creemos que vamos a andar bien\" - Diario Textual","robots":{"index":"index","follow":"follow","max-snippet":"max-snippet:-1","max-image-preview":"max-image-preview:large","max-video-preview":"max-video-preview:-1"},"canonical":"https:\/\/diariotextual.com\/inicio\/index.php\/2021\/11\/14\/luciano-di-napoli-creemos-que-vamos-a-andar-bien\/","og_locale":"es_ES","og_type":"article","og_title":"Luciano di N\u00e1poli: \"Creemos que vamos a andar bien\" - Diario Textual","og_description":"Luciano di N\u00e1poli, intendente de Santa Rosa y uno de los referentes de la agrupaci\u00f3n La C\u00e1mpora, vot\u00f3 pasadas las 9.15 horas en la Escuela 6. \u201cEstoy muy contento de&hellip;","og_url":"https:\/\/diariotextual.com\/inicio\/index.php\/2021\/11\/14\/luciano-di-napoli-creemos-que-vamos-a-andar-bien\/","og_site_name":"Diario Textual","article_publisher":"https:\/\/www.facebook.com\/eltextual","article_published_time":"2021-11-14T15:07:44+00:00","article_modified_time":"2021-11-14T15:07:47+00:00","og_image":[{"width":1472,"height":900,"url":"https:\/\/diariotextual.com\/inicio\/wp-content\/uploads\/2021\/11\/dinapolilucianovotando2021-1.jpeg","type":"image\/jpeg"}],"author":"Diario1 Diario1","twitter_card":"summary_large_image","twitter_creator":"@eltextual","twitter_site":"@eltextual","twitter_misc":{"Escrito por":"Diario1 Diario1","Tiempo de lectura":"2 minutos"},"schema":{"@context":"https:\/\/schema.org","@graph":[{"@type":"Article","@id":"https:\/\/diariotextual.com\/inicio\/index.php\/2021\/11\/14\/luciano-di-napoli-creemos-que-vamos-a-andar-bien\/#article","isPartOf":{"@id":"https:\/\/diariotextual.com\/inicio\/index.php\/2021\/11\/14\/luciano-di-napoli-creemos-que-vamos-a-andar-bien\/"},"author":{"name":"Diario1 Diario1","@id":"https:\/\/diariotextual.com\/inicio\/#\/schema\/person\/418fc4093c33e86ed41562db3508f958"},"headline":"Luciano di N\u00e1poli: \u00abCreemos que vamos a andar bien\u00bb","datePublished":"2021-11-14T15:07:44+00:00","dateModified":"2021-11-14T15:07:47+00:00","mainEntityOfPage":{"@id":"https:\/\/diariotextual.com\/inicio\/index.php\/2021\/11\/14\/luciano-di-napoli-creemos-que-vamos-a-andar-bien\/"},"wordCount":491,"publisher":{"@id":"https:\/\/diariotextual.com\/inicio\/#organization"},"image":{"@id":"https:\/\/diariotextual.com\/inicio\/index.php\/2021\/11\/14\/luciano-di-napoli-creemos-que-vamos-a-andar-bien\/#primaryimage"},"thumbnailUrl":"https:\/\/diariotextual.com\/inicio\/wp-content\/uploads\/2021\/11\/dinapolilucianovotando2021-1.jpeg","keywords":["di napoli"],"articleSection":["A - DESTACADAS (mod 16)","POLITICA"],"inLanguage":"es"},{"@type":"WebPage","@id":"https:\/\/diariotextual.com\/inicio\/index.php\/2021\/11\/14\/luciano-di-napoli-creemos-que-vamos-a-andar-bien\/","url":"https:\/\/diariotextual.com\/inicio\/index.php\/2021\/11\/14\/luciano-di-napoli-creemos-que-vamos-a-andar-bien\/","name":"Luciano di N\u00e1poli: \"Creemos que vamos a andar bien\" - Diario Textual","isPartOf":{"@id":"https:\/\/diariotextual.com\/inicio\/#website"},"primaryImageOfPage":{"@id":"https:\/\/diariotextual.com\/inicio\/index.php\/2021\/11\/14\/luciano-di-napoli-creemos-que-vamos-a-andar-bien\/#primaryimage"},"image":{"@id":"https:\/\/diariotextual.com\/inicio\/index.php\/2021\/11\/14\/luciano-di-napoli-creemos-que-vamos-a-andar-bien\/#primaryimage"},"thumbnailUrl":"https:\/\/diariotextual.com\/inicio\/wp-content\/uploads\/2021\/11\/dinapolilucianovotando2021-1.jpeg","datePublished":"2021-11-14T15:07:44+00:00","dateModified":"2021-11-14T15:07:47+00:00","breadcrumb":{"@id":"https:\/\/diariotextual.com\/inicio\/index.php\/2021\/11\/14\/luciano-di-napoli-creemos-que-vamos-a-andar-bien\/#breadcrumb"},"inLanguage":"es","potentialAction":[{"@type":"ReadAction","target":["https:\/\/diariotextual.com\/inicio\/index.php\/2021\/11\/14\/luciano-di-napoli-creemos-que-vamos-a-andar-bien\/"]}]},{"@type":"ImageObject","inLanguage":"es","@id":"https:\/\/diariotextual.com\/inicio\/index.php\/2021\/11\/14\/luciano-di-napoli-creemos-que-vamos-a-andar-bien\/#primaryimage","url":"https:\/\/diariotextual.com\/inicio\/wp-content\/uploads\/2021\/11\/dinapolilucianovotando2021-1.jpeg","contentUrl":"https:\/\/diariotextual.com\/inicio\/wp-content\/uploads\/2021\/11\/dinapolilucianovotando2021-1.jpeg","width":1472,"height":900},{"@type":"BreadcrumbList","@id":"https:\/\/diariotextual.com\/inicio\/index.php\/2021\/11\/14\/luciano-di-napoli-creemos-que-vamos-a-andar-bien\/#breadcrumb","itemListElement":[{"@type":"ListItem","position":1,"name":"Portada","item":"https:\/\/diariotextual.com\/inicio\/"},{"@type":"ListItem","position":2,"name":"Luciano di N\u00e1poli: \u00abCreemos que vamos a andar bien\u00bb"}]},{"@type":"WebSite","@id":"https:\/\/diariotextual.com\/inicio\/#website","url":"https:\/\/diariotextual.com\/inicio\/","name":"Diario Textual","description":"","publisher":{"@id":"https:\/\/diariotextual.com\/inicio\/#organization"},"potentialAction":[{"@type":"SearchAction","target":{"@type":"EntryPoint","urlTemplate":"https:\/\/diariotextual.com\/inicio\/?s={search_term_string}"},"query-input":{"@type":"PropertyValueSpecification","valueRequired":true,"valueName":"search_term_string"}}],"inLanguage":"es"},{"@type":"Organization","@id":"https:\/\/diariotextual.com\/inicio\/#organization","name":"Diario Textual","url":"https:\/\/diariotextual.com\/inicio\/","logo":{"@type":"ImageObject","inLanguage":"es","@id":"https:\/\/diariotextual.com\/inicio\/#\/schema\/logo\/image\/","url":"https:\/\/diariotextual.com\/inicio\/wp-content\/uploads\/2023\/05\/logotextual1.jpg","contentUrl":"https:\/\/diariotextual.com\/inicio\/wp-content\/uploads\/2023\/05\/logotextual1.jpg","width":516,"height":76,"caption":"Diario Textual"},"image":{"@id":"https:\/\/diariotextual.com\/inicio\/#\/schema\/logo\/image\/"},"sameAs":["https:\/\/www.facebook.com\/eltextual","https:\/\/x.com\/eltextual","http:\/\/www.instagram.com\/eltextual"]},{"@type":"Person","@id":"https:\/\/diariotextual.com\/inicio\/#\/schema\/person\/418fc4093c33e86ed41562db3508f958","name":"Diario1 Diario1","image":{"@type":"ImageObject","inLanguage":"es","@id":"https:\/\/secure.gravatar.com\/avatar\/9167d280179c85bc18be67aa7eda765854300033af4896dd779b608640f2ef7a?s=96&d=mm&r=g","url":"https:\/\/secure.gravatar.com\/avatar\/9167d280179c85bc18be67aa7eda765854300033af4896dd779b608640f2ef7a?s=96&d=mm&r=g","contentUrl":"https:\/\/secure.gravatar.com\/avatar\/9167d280179c85bc18be67aa7eda765854300033af4896dd779b608640f2ef7a?s=96&d=mm&r=g","caption":"Diario1 Diario1"},"url":"https:\/\/diariotextual.com\/inicio\/index.php\/author\/diario1\/"}]}},"_links":{"self":[{"href":"https:\/\/diariotextual.com\/inicio\/index.php\/wp-json\/wp\/v2\/posts\/168784","targetHints":{"allow":["GET"]}}],"collection":[{"href":"https:\/\/diariotextual.com\/inicio\/index.php\/wp-json\/wp\/v2\/posts"}],"about":[{"href":"https:\/\/diariotextual.com\/inicio\/index.php\/wp-json\/wp\/v2\/types\/post"}],"author":[{"embeddable":true,"href":"https:\/\/diariotextual.com\/inicio\/index.php\/wp-json\/wp\/v2\/users\/3"}],"replies":[{"embeddable":true,"href":"https:\/\/diariotextual.com\/inicio\/index.php\/wp-json\/wp\/v2\/comments?post=168784"}],"version-history":[{"count":3,"href":"https:\/\/diariotextual.com\/inicio\/index.php\/wp-json\/wp\/v2\/posts\/168784\/revisions"}],"predecessor-version":[{"id":168864,"href":"https:\/\/diariotextual.com\/inicio\/index.php\/wp-json\/wp\/v2\/posts\/168784\/revisions\/168864"}],"wp:featuredmedia":[{"embeddable":true,"href":"https:\/\/diariotextual.com\/inicio\/index.php\/wp-json\/wp\/v2\/media\/168865"}],"wp:attachment":[{"href":"https:\/\/diariotextual.com\/inicio\/index.php\/wp-json\/wp\/v2\/media?parent=168784"}],"wp:term":[{"taxonomy":"category","embeddable":true,"href":"https:\/\/diariotextual.com\/inicio\/index.php\/wp-json\/wp\/v2\/categories?post=168784"},{"taxonomy":"post_tag","embeddable":true,"href":"https:\/\/diariotextual.com\/inicio\/index.php\/wp-json\/wp\/v2\/tags?post=168784"}],"curies":[{"name":"wp","href":"https:\/\/api.w.org\/{rel}","templated":true}]}}