{"id":168824,"date":"2021-11-14T09:40:34","date_gmt":"2021-11-14T12:40:34","guid":{"rendered":"https:\/\/diariotextual.com\/inicio\/?p=168824"},"modified":"2021-11-14T16:21:24","modified_gmt":"2021-11-14T19:21:24","slug":"voto-verna-no-voy-a-hacer-declaraciones","status":"publish","type":"post","link":"https:\/\/diariotextual.com\/inicio\/index.php\/2021\/11\/14\/voto-verna-no-voy-a-hacer-declaraciones\/","title":{"rendered":"Vot\u00f3 Verna: \u00abNo voy a hacer declaraciones\u00bb"},"content":{"rendered":"\n<p>El exgobernador Carlos Verna emiti\u00f3 su voto en la mesa 564 de la Escuela N\u00ba 264 de General Pico, minutos despu\u00e9s de las 8 horas.<\/p>\n\n\n\n<p>Verna, public\u00f3 Infopico, fue abordado por varios periodistas y fot\u00f3grafos que esperaban su palabra, aunque el l\u00edder de la l\u00ednea Plural prefiri\u00f3 mantenerse en silencio. \u00abNo voy a hacer declaraciones\u00bb, dijo.<\/p>\n\n\n\n<p>Verna ha mantenido silencio en toda la campa\u00f1a. De hecho, <strong>no sali\u00f3 a respaldar a los candidatos del Frente de Todos y sus allegados hicieron la plancha.<\/strong><\/p>\n\n\n\n<p>En la llamada madre de todas las batallas, este domingo la coalici\u00f3n oficialista del&nbsp;<strong>Frente de Todos<\/strong>&nbsp;ir\u00e1 por&nbsp;<strong>la haza\u00f1a en La Pampa<\/strong>: buscar\u00e1<strong>&nbsp;dar vuelta el resultado de las PASO,<\/strong>&nbsp;que lo dej\u00f3 debajo de Juntos por el Cambio, para&nbsp;<strong>mantener las bancas en el Congreso nacional.<\/strong>&nbsp;Es el llamado<strong>&nbsp;Plan Remontada<\/strong>.<\/p>\n\n\n\n<p>Es una&nbsp;<strong>elecci\u00f3n clave<\/strong>. Las miradas de buena parte del pa\u00eds est\u00e1n puestas en la provincia:&nbsp;<strong>las bancas que obtenga el frente peronista en La Pampa ser\u00e1n vitales para que Cristina Fern\u00e1ndez puedan mantener el qu\u00f3rum propio que tiene en el Senado nacional.<\/strong><\/p>\n\n\n\n<p>Se espera una&nbsp;<strong>elecci\u00f3n polarizada<\/strong>&nbsp;entre el Frente de Todos y Juntos por el Cambio. La coalici\u00f3n del radicalismo \u2013 macrismo va por el batacazo:&nbsp;<strong>ven muy cerca la posibilidad de asestarle la primera derrota al peronismo luego de 36 a\u00f1os&nbsp;<\/strong>(en 1985, el radicalismo venci\u00f3 al PJ en La Pampa)<\/p>\n\n\n\n<p>Sergio Ziliotto, quien en las PASO dijo que se plebiscitaba su gesti\u00f3n,<strong>&nbsp;fue el actor central de la campa\u00f1a<\/strong>. Trat\u00f3 de&nbsp;<strong>surfear la interna y \u201cprovincializar\u201d la campa\u00f1a<\/strong>:&nbsp;<strong>minimiz\u00f3 las diferencias con los ultravernistas y apost\u00f3 al anuncio de obras y a las ayudas a trabajadores, jubilados y empresarios. Contrast\u00f3 con la estrategia de JxC de nacionalizar la campa\u00f1a y apelar al voto bronca<\/strong>.<\/p>\n\n\n\n<figure class=\"wp-block-embed is-type-wp-embed is-provider-diario-textual wp-block-embed-diario-textual\"><div class=\"wp-block-embed__wrapper\">\n<blockquote class=\"wp-embedded-content\" data-secret=\"x6a5prY74W\"><a href=\"https:\/\/diariotextual.com\/inicio\/index.php\/2021\/11\/14\/ziliotto-el-principal-objetivo-es-recuperar-los-20-mil-votos\/\">Ziliotto: \u201cEl principal objetivo es recuperar los 20 mil votos\u201d<\/a><\/blockquote><iframe class=\"wp-embedded-content\" sandbox=\"allow-scripts\" security=\"restricted\" style=\"position: absolute; clip: rect(1px, 1px, 1px, 1px);\" title=\"\u00abZiliotto: \u201cEl principal objetivo es recuperar los 20 mil votos\u201d\u00bb \u2014 Diario Textual\" src=\"https:\/\/diariotextual.com\/inicio\/index.php\/2021\/11\/14\/ziliotto-el-principal-objetivo-es-recuperar-los-20-mil-votos\/embed\/#?secret=x6a5prY74W\" data-secret=\"x6a5prY74W\" width=\"600\" height=\"338\" frameborder=\"0\" marginwidth=\"0\" marginheight=\"0\" scrolling=\"no\"><\/iframe>\n<\/div><\/figure>\n","protected":false},"excerpt":{"rendered":"<p>El exgobernador Carlos Verna emiti\u00f3 su voto en la mesa 564 de la Escuela N\u00ba 264 de General Pico, minutos despu\u00e9s de las 8 horas. Verna, public\u00f3 Infopico, fue abordado&hellip;<\/p>\n","protected":false},"author":3,"featured_media":168826,"comment_status":"closed","ping_status":"open","sticky":false,"template":"","format":"standard","meta":{"_acf_changed":false,"footnotes":""},"categories":[10,8],"tags":[19],"class_list":["post-168824","post","type-post","status-publish","format-standard","has-post-thumbnail","hentry","category-portada-2","category-politica","tag-verna"],"acf":[],"yoast_head":"<!-- This site is optimized with the Yoast SEO plugin v27.5 - https:\/\/yoast.com\/product\/yoast-seo-wordpress\/ -->\n<title>Vot\u00f3 Verna: &quot;No voy a hacer declaraciones&quot; - Diario Textual<\/title>\n<meta name=\"robots\" content=\"index, follow, max-snippet:-1, max-image-preview:large, max-video-preview:-1\" \/>\n<link rel=\"canonical\" href=\"https:\/\/diariotextual.com\/inicio\/index.php\/2021\/11\/14\/voto-verna-no-voy-a-hacer-declaraciones\/\" \/>\n<meta property=\"og:locale\" content=\"es_ES\" \/>\n<meta property=\"og:type\" content=\"article\" \/>\n<meta property=\"og:title\" content=\"Vot\u00f3 Verna: &quot;No voy a hacer declaraciones&quot; - Diario Textual\" \/>\n<meta property=\"og:description\" content=\"El exgobernador Carlos Verna emiti\u00f3 su voto en la mesa 564 de la Escuela N\u00ba 264 de General Pico, minutos despu\u00e9s de las 8 horas. Verna, public\u00f3 Infopico, fue abordado&hellip;\" \/>\n<meta property=\"og:url\" content=\"https:\/\/diariotextual.com\/inicio\/index.php\/2021\/11\/14\/voto-verna-no-voy-a-hacer-declaraciones\/\" \/>\n<meta property=\"og:site_name\" content=\"Diario Textual\" \/>\n<meta property=\"article:publisher\" content=\"https:\/\/www.facebook.com\/eltextual\" \/>\n<meta property=\"article:published_time\" content=\"2021-11-14T12:40:34+00:00\" \/>\n<meta property=\"article:modified_time\" content=\"2021-11-14T19:21:24+00:00\" \/>\n<meta property=\"og:image\" content=\"https:\/\/diariotextual.com\/inicio\/wp-content\/uploads\/2021\/11\/vernacarlosvotandoelecciones14noviembre2021-1.jpeg\" \/>\n\t<meta property=\"og:image:width\" content=\"1296\" \/>\n\t<meta property=\"og:image:height\" content=\"864\" \/>\n\t<meta property=\"og:image:type\" content=\"image\/jpeg\" \/>\n<meta name=\"author\" content=\"Diario1 Diario1\" \/>\n<meta name=\"twitter:card\" content=\"summary_large_image\" \/>\n<meta name=\"twitter:creator\" content=\"@eltextual\" \/>\n<meta name=\"twitter:site\" content=\"@eltextual\" \/>\n<meta name=\"twitter:label1\" content=\"Escrito por\" \/>\n\t<meta name=\"twitter:data1\" content=\"Diario1 Diario1\" \/>\n\t<meta name=\"twitter:label2\" content=\"Tiempo de lectura\" \/>\n\t<meta name=\"twitter:data2\" content=\"2 minutos\" \/>\n<script type=\"application\/ld+json\" class=\"yoast-schema-graph\">{\"@context\":\"https:\\\/\\\/schema.org\",\"@graph\":[{\"@type\":\"Article\",\"@id\":\"https:\\\/\\\/diariotextual.com\\\/inicio\\\/index.php\\\/2021\\\/11\\\/14\\\/voto-verna-no-voy-a-hacer-declaraciones\\\/#article\",\"isPartOf\":{\"@id\":\"https:\\\/\\\/diariotextual.com\\\/inicio\\\/index.php\\\/2021\\\/11\\\/14\\\/voto-verna-no-voy-a-hacer-declaraciones\\\/\"},\"author\":{\"name\":\"Diario1 Diario1\",\"@id\":\"https:\\\/\\\/diariotextual.com\\\/inicio\\\/#\\\/schema\\\/person\\\/418fc4093c33e86ed41562db3508f958\"},\"headline\":\"Vot\u00f3 Verna: \u00abNo voy a hacer declaraciones\u00bb\",\"datePublished\":\"2021-11-14T12:40:34+00:00\",\"dateModified\":\"2021-11-14T19:21:24+00:00\",\"mainEntityOfPage\":{\"@id\":\"https:\\\/\\\/diariotextual.com\\\/inicio\\\/index.php\\\/2021\\\/11\\\/14\\\/voto-verna-no-voy-a-hacer-declaraciones\\\/\"},\"wordCount\":341,\"publisher\":{\"@id\":\"https:\\\/\\\/diariotextual.com\\\/inicio\\\/#organization\"},\"image\":{\"@id\":\"https:\\\/\\\/diariotextual.com\\\/inicio\\\/index.php\\\/2021\\\/11\\\/14\\\/voto-verna-no-voy-a-hacer-declaraciones\\\/#primaryimage\"},\"thumbnailUrl\":\"https:\\\/\\\/diariotextual.com\\\/inicio\\\/wp-content\\\/uploads\\\/2021\\\/11\\\/vernacarlosvotandoelecciones14noviembre2021-1.jpeg\",\"keywords\":[\"verna\"],\"articleSection\":[\"A - PORTADA2\",\"POLITICA\"],\"inLanguage\":\"es\"},{\"@type\":\"WebPage\",\"@id\":\"https:\\\/\\\/diariotextual.com\\\/inicio\\\/index.php\\\/2021\\\/11\\\/14\\\/voto-verna-no-voy-a-hacer-declaraciones\\\/\",\"url\":\"https:\\\/\\\/diariotextual.com\\\/inicio\\\/index.php\\\/2021\\\/11\\\/14\\\/voto-verna-no-voy-a-hacer-declaraciones\\\/\",\"name\":\"Vot\u00f3 Verna: \\\"No voy a hacer declaraciones\\\" - Diario Textual\",\"isPartOf\":{\"@id\":\"https:\\\/\\\/diariotextual.com\\\/inicio\\\/#website\"},\"primaryImageOfPage\":{\"@id\":\"https:\\\/\\\/diariotextual.com\\\/inicio\\\/index.php\\\/2021\\\/11\\\/14\\\/voto-verna-no-voy-a-hacer-declaraciones\\\/#primaryimage\"},\"image\":{\"@id\":\"https:\\\/\\\/diariotextual.com\\\/inicio\\\/index.php\\\/2021\\\/11\\\/14\\\/voto-verna-no-voy-a-hacer-declaraciones\\\/#primaryimage\"},\"thumbnailUrl\":\"https:\\\/\\\/diariotextual.com\\\/inicio\\\/wp-content\\\/uploads\\\/2021\\\/11\\\/vernacarlosvotandoelecciones14noviembre2021-1.jpeg\",\"datePublished\":\"2021-11-14T12:40:34+00:00\",\"dateModified\":\"2021-11-14T19:21:24+00:00\",\"breadcrumb\":{\"@id\":\"https:\\\/\\\/diariotextual.com\\\/inicio\\\/index.php\\\/2021\\\/11\\\/14\\\/voto-verna-no-voy-a-hacer-declaraciones\\\/#breadcrumb\"},\"inLanguage\":\"es\",\"potentialAction\":[{\"@type\":\"ReadAction\",\"target\":[\"https:\\\/\\\/diariotextual.com\\\/inicio\\\/index.php\\\/2021\\\/11\\\/14\\\/voto-verna-no-voy-a-hacer-declaraciones\\\/\"]}]},{\"@type\":\"ImageObject\",\"inLanguage\":\"es\",\"@id\":\"https:\\\/\\\/diariotextual.com\\\/inicio\\\/index.php\\\/2021\\\/11\\\/14\\\/voto-verna-no-voy-a-hacer-declaraciones\\\/#primaryimage\",\"url\":\"https:\\\/\\\/diariotextual.com\\\/inicio\\\/wp-content\\\/uploads\\\/2021\\\/11\\\/vernacarlosvotandoelecciones14noviembre2021-1.jpeg\",\"contentUrl\":\"https:\\\/\\\/diariotextual.com\\\/inicio\\\/wp-content\\\/uploads\\\/2021\\\/11\\\/vernacarlosvotandoelecciones14noviembre2021-1.jpeg\",\"width\":1296,\"height\":864},{\"@type\":\"BreadcrumbList\",\"@id\":\"https:\\\/\\\/diariotextual.com\\\/inicio\\\/index.php\\\/2021\\\/11\\\/14\\\/voto-verna-no-voy-a-hacer-declaraciones\\\/#breadcrumb\",\"itemListElement\":[{\"@type\":\"ListItem\",\"position\":1,\"name\":\"Portada\",\"item\":\"https:\\\/\\\/diariotextual.com\\\/inicio\\\/\"},{\"@type\":\"ListItem\",\"position\":2,\"name\":\"Vot\u00f3 Verna: \u00abNo voy a hacer declaraciones\u00bb\"}]},{\"@type\":\"WebSite\",\"@id\":\"https:\\\/\\\/diariotextual.com\\\/inicio\\\/#website\",\"url\":\"https:\\\/\\\/diariotextual.com\\\/inicio\\\/\",\"name\":\"Diario Textual\",\"description\":\"\",\"publisher\":{\"@id\":\"https:\\\/\\\/diariotextual.com\\\/inicio\\\/#organization\"},\"potentialAction\":[{\"@type\":\"SearchAction\",\"target\":{\"@type\":\"EntryPoint\",\"urlTemplate\":\"https:\\\/\\\/diariotextual.com\\\/inicio\\\/?s={search_term_string}\"},\"query-input\":{\"@type\":\"PropertyValueSpecification\",\"valueRequired\":true,\"valueName\":\"search_term_string\"}}],\"inLanguage\":\"es\"},{\"@type\":\"Organization\",\"@id\":\"https:\\\/\\\/diariotextual.com\\\/inicio\\\/#organization\",\"name\":\"Diario Textual\",\"url\":\"https:\\\/\\\/diariotextual.com\\\/inicio\\\/\",\"logo\":{\"@type\":\"ImageObject\",\"inLanguage\":\"es\",\"@id\":\"https:\\\/\\\/diariotextual.com\\\/inicio\\\/#\\\/schema\\\/logo\\\/image\\\/\",\"url\":\"https:\\\/\\\/diariotextual.com\\\/inicio\\\/wp-content\\\/uploads\\\/2023\\\/05\\\/logotextual1.jpg\",\"contentUrl\":\"https:\\\/\\\/diariotextual.com\\\/inicio\\\/wp-content\\\/uploads\\\/2023\\\/05\\\/logotextual1.jpg\",\"width\":516,\"height\":76,\"caption\":\"Diario Textual\"},\"image\":{\"@id\":\"https:\\\/\\\/diariotextual.com\\\/inicio\\\/#\\\/schema\\\/logo\\\/image\\\/\"},\"sameAs\":[\"https:\\\/\\\/www.facebook.com\\\/eltextual\",\"https:\\\/\\\/x.com\\\/eltextual\",\"http:\\\/\\\/www.instagram.com\\\/eltextual\"]},{\"@type\":\"Person\",\"@id\":\"https:\\\/\\\/diariotextual.com\\\/inicio\\\/#\\\/schema\\\/person\\\/418fc4093c33e86ed41562db3508f958\",\"name\":\"Diario1 Diario1\",\"image\":{\"@type\":\"ImageObject\",\"inLanguage\":\"es\",\"@id\":\"https:\\\/\\\/secure.gravatar.com\\\/avatar\\\/9167d280179c85bc18be67aa7eda765854300033af4896dd779b608640f2ef7a?s=96&d=mm&r=g\",\"url\":\"https:\\\/\\\/secure.gravatar.com\\\/avatar\\\/9167d280179c85bc18be67aa7eda765854300033af4896dd779b608640f2ef7a?s=96&d=mm&r=g\",\"contentUrl\":\"https:\\\/\\\/secure.gravatar.com\\\/avatar\\\/9167d280179c85bc18be67aa7eda765854300033af4896dd779b608640f2ef7a?s=96&d=mm&r=g\",\"caption\":\"Diario1 Diario1\"},\"url\":\"https:\\\/\\\/diariotextual.com\\\/inicio\\\/index.php\\\/author\\\/diario1\\\/\"}]}<\/script>\n<!-- \/ Yoast SEO plugin. -->","yoast_head_json":{"title":"Vot\u00f3 Verna: \"No voy a hacer declaraciones\" - Diario Textual","robots":{"index":"index","follow":"follow","max-snippet":"max-snippet:-1","max-image-preview":"max-image-preview:large","max-video-preview":"max-video-preview:-1"},"canonical":"https:\/\/diariotextual.com\/inicio\/index.php\/2021\/11\/14\/voto-verna-no-voy-a-hacer-declaraciones\/","og_locale":"es_ES","og_type":"article","og_title":"Vot\u00f3 Verna: \"No voy a hacer declaraciones\" - Diario Textual","og_description":"El exgobernador Carlos Verna emiti\u00f3 su voto en la mesa 564 de la Escuela N\u00ba 264 de General Pico, minutos despu\u00e9s de las 8 horas. Verna, public\u00f3 Infopico, fue abordado&hellip;","og_url":"https:\/\/diariotextual.com\/inicio\/index.php\/2021\/11\/14\/voto-verna-no-voy-a-hacer-declaraciones\/","og_site_name":"Diario Textual","article_publisher":"https:\/\/www.facebook.com\/eltextual","article_published_time":"2021-11-14T12:40:34+00:00","article_modified_time":"2021-11-14T19:21:24+00:00","og_image":[{"width":1296,"height":864,"url":"https:\/\/diariotextual.com\/inicio\/wp-content\/uploads\/2021\/11\/vernacarlosvotandoelecciones14noviembre2021-1.jpeg","type":"image\/jpeg"}],"author":"Diario1 Diario1","twitter_card":"summary_large_image","twitter_creator":"@eltextual","twitter_site":"@eltextual","twitter_misc":{"Escrito por":"Diario1 Diario1","Tiempo de lectura":"2 minutos"},"schema":{"@context":"https:\/\/schema.org","@graph":[{"@type":"Article","@id":"https:\/\/diariotextual.com\/inicio\/index.php\/2021\/11\/14\/voto-verna-no-voy-a-hacer-declaraciones\/#article","isPartOf":{"@id":"https:\/\/diariotextual.com\/inicio\/index.php\/2021\/11\/14\/voto-verna-no-voy-a-hacer-declaraciones\/"},"author":{"name":"Diario1 Diario1","@id":"https:\/\/diariotextual.com\/inicio\/#\/schema\/person\/418fc4093c33e86ed41562db3508f958"},"headline":"Vot\u00f3 Verna: \u00abNo voy a hacer declaraciones\u00bb","datePublished":"2021-11-14T12:40:34+00:00","dateModified":"2021-11-14T19:21:24+00:00","mainEntityOfPage":{"@id":"https:\/\/diariotextual.com\/inicio\/index.php\/2021\/11\/14\/voto-verna-no-voy-a-hacer-declaraciones\/"},"wordCount":341,"publisher":{"@id":"https:\/\/diariotextual.com\/inicio\/#organization"},"image":{"@id":"https:\/\/diariotextual.com\/inicio\/index.php\/2021\/11\/14\/voto-verna-no-voy-a-hacer-declaraciones\/#primaryimage"},"thumbnailUrl":"https:\/\/diariotextual.com\/inicio\/wp-content\/uploads\/2021\/11\/vernacarlosvotandoelecciones14noviembre2021-1.jpeg","keywords":["verna"],"articleSection":["A - PORTADA2","POLITICA"],"inLanguage":"es"},{"@type":"WebPage","@id":"https:\/\/diariotextual.com\/inicio\/index.php\/2021\/11\/14\/voto-verna-no-voy-a-hacer-declaraciones\/","url":"https:\/\/diariotextual.com\/inicio\/index.php\/2021\/11\/14\/voto-verna-no-voy-a-hacer-declaraciones\/","name":"Vot\u00f3 Verna: \"No voy a hacer declaraciones\" - Diario Textual","isPartOf":{"@id":"https:\/\/diariotextual.com\/inicio\/#website"},"primaryImageOfPage":{"@id":"https:\/\/diariotextual.com\/inicio\/index.php\/2021\/11\/14\/voto-verna-no-voy-a-hacer-declaraciones\/#primaryimage"},"image":{"@id":"https:\/\/diariotextual.com\/inicio\/index.php\/2021\/11\/14\/voto-verna-no-voy-a-hacer-declaraciones\/#primaryimage"},"thumbnailUrl":"https:\/\/diariotextual.com\/inicio\/wp-content\/uploads\/2021\/11\/vernacarlosvotandoelecciones14noviembre2021-1.jpeg","datePublished":"2021-11-14T12:40:34+00:00","dateModified":"2021-11-14T19:21:24+00:00","breadcrumb":{"@id":"https:\/\/diariotextual.com\/inicio\/index.php\/2021\/11\/14\/voto-verna-no-voy-a-hacer-declaraciones\/#breadcrumb"},"inLanguage":"es","potentialAction":[{"@type":"ReadAction","target":["https:\/\/diariotextual.com\/inicio\/index.php\/2021\/11\/14\/voto-verna-no-voy-a-hacer-declaraciones\/"]}]},{"@type":"ImageObject","inLanguage":"es","@id":"https:\/\/diariotextual.com\/inicio\/index.php\/2021\/11\/14\/voto-verna-no-voy-a-hacer-declaraciones\/#primaryimage","url":"https:\/\/diariotextual.com\/inicio\/wp-content\/uploads\/2021\/11\/vernacarlosvotandoelecciones14noviembre2021-1.jpeg","contentUrl":"https:\/\/diariotextual.com\/inicio\/wp-content\/uploads\/2021\/11\/vernacarlosvotandoelecciones14noviembre2021-1.jpeg","width":1296,"height":864},{"@type":"BreadcrumbList","@id":"https:\/\/diariotextual.com\/inicio\/index.php\/2021\/11\/14\/voto-verna-no-voy-a-hacer-declaraciones\/#breadcrumb","itemListElement":[{"@type":"ListItem","position":1,"name":"Portada","item":"https:\/\/diariotextual.com\/inicio\/"},{"@type":"ListItem","position":2,"name":"Vot\u00f3 Verna: \u00abNo voy a hacer declaraciones\u00bb"}]},{"@type":"WebSite","@id":"https:\/\/diariotextual.com\/inicio\/#website","url":"https:\/\/diariotextual.com\/inicio\/","name":"Diario Textual","description":"","publisher":{"@id":"https:\/\/diariotextual.com\/inicio\/#organization"},"potentialAction":[{"@type":"SearchAction","target":{"@type":"EntryPoint","urlTemplate":"https:\/\/diariotextual.com\/inicio\/?s={search_term_string}"},"query-input":{"@type":"PropertyValueSpecification","valueRequired":true,"valueName":"search_term_string"}}],"inLanguage":"es"},{"@type":"Organization","@id":"https:\/\/diariotextual.com\/inicio\/#organization","name":"Diario Textual","url":"https:\/\/diariotextual.com\/inicio\/","logo":{"@type":"ImageObject","inLanguage":"es","@id":"https:\/\/diariotextual.com\/inicio\/#\/schema\/logo\/image\/","url":"https:\/\/diariotextual.com\/inicio\/wp-content\/uploads\/2023\/05\/logotextual1.jpg","contentUrl":"https:\/\/diariotextual.com\/inicio\/wp-content\/uploads\/2023\/05\/logotextual1.jpg","width":516,"height":76,"caption":"Diario Textual"},"image":{"@id":"https:\/\/diariotextual.com\/inicio\/#\/schema\/logo\/image\/"},"sameAs":["https:\/\/www.facebook.com\/eltextual","https:\/\/x.com\/eltextual","http:\/\/www.instagram.com\/eltextual"]},{"@type":"Person","@id":"https:\/\/diariotextual.com\/inicio\/#\/schema\/person\/418fc4093c33e86ed41562db3508f958","name":"Diario1 Diario1","image":{"@type":"ImageObject","inLanguage":"es","@id":"https:\/\/secure.gravatar.com\/avatar\/9167d280179c85bc18be67aa7eda765854300033af4896dd779b608640f2ef7a?s=96&d=mm&r=g","url":"https:\/\/secure.gravatar.com\/avatar\/9167d280179c85bc18be67aa7eda765854300033af4896dd779b608640f2ef7a?s=96&d=mm&r=g","contentUrl":"https:\/\/secure.gravatar.com\/avatar\/9167d280179c85bc18be67aa7eda765854300033af4896dd779b608640f2ef7a?s=96&d=mm&r=g","caption":"Diario1 Diario1"},"url":"https:\/\/diariotextual.com\/inicio\/index.php\/author\/diario1\/"}]}},"_links":{"self":[{"href":"https:\/\/diariotextual.com\/inicio\/index.php\/wp-json\/wp\/v2\/posts\/168824","targetHints":{"allow":["GET"]}}],"collection":[{"href":"https:\/\/diariotextual.com\/inicio\/index.php\/wp-json\/wp\/v2\/posts"}],"about":[{"href":"https:\/\/diariotextual.com\/inicio\/index.php\/wp-json\/wp\/v2\/types\/post"}],"author":[{"embeddable":true,"href":"https:\/\/diariotextual.com\/inicio\/index.php\/wp-json\/wp\/v2\/users\/3"}],"replies":[{"embeddable":true,"href":"https:\/\/diariotextual.com\/inicio\/index.php\/wp-json\/wp\/v2\/comments?post=168824"}],"version-history":[{"count":4,"href":"https:\/\/diariotextual.com\/inicio\/index.php\/wp-json\/wp\/v2\/posts\/168824\/revisions"}],"predecessor-version":[{"id":168883,"href":"https:\/\/diariotextual.com\/inicio\/index.php\/wp-json\/wp\/v2\/posts\/168824\/revisions\/168883"}],"wp:featuredmedia":[{"embeddable":true,"href":"https:\/\/diariotextual.com\/inicio\/index.php\/wp-json\/wp\/v2\/media\/168826"}],"wp:attachment":[{"href":"https:\/\/diariotextual.com\/inicio\/index.php\/wp-json\/wp\/v2\/media?parent=168824"}],"wp:term":[{"taxonomy":"category","embeddable":true,"href":"https:\/\/diariotextual.com\/inicio\/index.php\/wp-json\/wp\/v2\/categories?post=168824"},{"taxonomy":"post_tag","embeddable":true,"href":"https:\/\/diariotextual.com\/inicio\/index.php\/wp-json\/wp\/v2\/tags?post=168824"}],"curies":[{"name":"wp","href":"https:\/\/api.w.org\/{rel}","templated":true}]}}