{"id":169101,"date":"2021-11-15T18:13:51","date_gmt":"2021-11-15T21:13:51","guid":{"rendered":"https:\/\/diariotextual.com\/inicio\/?p=169101"},"modified":"2021-11-16T07:34:58","modified_gmt":"2021-11-16T10:34:58","slug":"colegio-de-la-unlpam-docentes-piden-mas-aulas-banos-y-arreglos","status":"publish","type":"post","link":"https:\/\/diariotextual.com\/inicio\/index.php\/2021\/11\/15\/colegio-de-la-unlpam-docentes-piden-mas-aulas-banos-y-arreglos\/","title":{"rendered":"Colegio de la UNLPam: docentes piden m\u00e1s aulas, ba\u00f1os y arreglos"},"content":{"rendered":"\n<p>Docentes del <strong>Colegio Secundario de la UNLPam <\/strong>pidieron nuevamente en la <strong>Facultad de Ciencias Humanas<\/strong> una serie de medidas \u201ccon car\u00e1cter inminente\u201d para garantizar el dictado de clases y que se inicien de manera urgente los tr\u00e1mites para un nuevo edificio.<br><\/p>\n\n\n\n<p><strong>Entre los reclamos, se habla del d\u00e9ficit de infraestructura, riesgo sanitario, escasez de ba\u00f1os (tanto para docentes como para estudiantes), falta de aulas para desarrollar la totalidad de las clases, deterioro de espacios como cielorrasos, paredes, bancos) que no cumplen con las pautas de seguridad e higiene establecidas por la normativa y carencia de espacios comunes o de usos m\u00faltiples para actividades deportivas, art\u00edsticas y recreativas.<\/strong><br><\/p>\n\n\n\n<p>Las y los docentes solicitaron hace unas semanas una entrevista con el Consejo Directivo de la Facultad para retomar los pedidos que en 2019 le hab\u00edan realizado a la rectora Stella Leduc.<br><\/p>\n\n\n\n<p>\u00abEn aquel momento fundamentamos nuestra petici\u00f3n en los 36 a\u00f1os de postergaci\u00f3n para contar con un edificio adecuado. Hoy, con 38 a\u00f1os, lejos de imaginar el contexto al que la humanidad se vio inmerso por la pandemia de COVID-19, cobra m\u00e1s fuerza nuestra solicitud\u00bb, dijeron en la nota dirigida a la decana de Humanas, Beatriz Cossio.<br><\/p>\n\n\n\n<p>\u201cConsideramos que la propuesta educativa ha logrado sostenerse principalmente con los recursos humanos de nuestra instituci\u00f3n. Este compromiso se vio renovado con el esfuerzo que toda la comunidad docente y no docente del Colegio demostr\u00f3 desde el primer momento. Inmediatamente al establecimiento del ASPO (Aislamiento Social Preventivo y Obligatorio) las autoridades, docentes y no docentes elaboramos distintas estrategias para continuar con actividades educativas en entornos virtuales y as\u00ed acompa\u00f1ar a nuestro estudiantado en las dificultades que pod\u00edan presentarse producto de la situaci\u00f3n de pandemia\u201d, detallaron.<br><\/p>\n\n\n\n<p>\u201cComo lo hicimos en aquel momento, renovamos nuestro pedido. Entendemos que la situaci\u00f3n de emergencia sanitaria provocada por el Covid-19 agrav\u00f3 las condiciones que dificultaron el retorno a la presencialidad. Por ello requerimos que se nos informe cu\u00e1les ser\u00e1n las gestiones en respuesta a nuestra solicitud y que se inicien de manera urgente los tr\u00e1mites para un nuevo edificio. Es imprescindible para garantizar el derecho a la educaci\u00f3n p\u00fablica, gratuita, de calidad y para sostener el proyecto educativo reconocido por la sociedad\u201d, precisaron en la nota elevada.<\/p>\n","protected":false},"excerpt":{"rendered":"<p>Docentes del Colegio Secundario de la UNLPam pidieron nuevamente en la Facultad de Ciencias Humanas una serie de medidas \u201ccon car\u00e1cter inminente\u201d para garantizar el dictado de clases y que&hellip;<\/p>\n","protected":false},"author":3,"featured_media":17498,"comment_status":"closed","ping_status":"open","sticky":false,"template":"","format":"standard","meta":{"_acf_changed":false,"footnotes":""},"categories":[10,12],"tags":[],"class_list":["post-169101","post","type-post","status-publish","format-standard","has-post-thumbnail","hentry","category-portada-2","category-sociedad"],"acf":[],"yoast_head":"<!-- This site is optimized with the Yoast SEO plugin v27.5 - https:\/\/yoast.com\/product\/yoast-seo-wordpress\/ -->\n<title>Colegio de la UNLPam: docentes piden m\u00e1s aulas, ba\u00f1os y arreglos - Diario Textual<\/title>\n<meta name=\"robots\" content=\"index, follow, max-snippet:-1, max-image-preview:large, max-video-preview:-1\" \/>\n<link rel=\"canonical\" href=\"https:\/\/diariotextual.com\/inicio\/index.php\/2021\/11\/15\/colegio-de-la-unlpam-docentes-piden-mas-aulas-banos-y-arreglos\/\" \/>\n<meta property=\"og:locale\" content=\"es_ES\" \/>\n<meta property=\"og:type\" content=\"article\" \/>\n<meta property=\"og:title\" content=\"Colegio de la UNLPam: docentes piden m\u00e1s aulas, ba\u00f1os y arreglos - Diario Textual\" \/>\n<meta property=\"og:description\" content=\"Docentes del Colegio Secundario de la UNLPam pidieron nuevamente en la Facultad de Ciencias Humanas una serie de medidas \u201ccon car\u00e1cter inminente\u201d para garantizar el dictado de clases y que&hellip;\" \/>\n<meta property=\"og:url\" content=\"https:\/\/diariotextual.com\/inicio\/index.php\/2021\/11\/15\/colegio-de-la-unlpam-docentes-piden-mas-aulas-banos-y-arreglos\/\" \/>\n<meta property=\"og:site_name\" content=\"Diario Textual\" \/>\n<meta property=\"article:publisher\" content=\"https:\/\/www.facebook.com\/eltextual\" \/>\n<meta property=\"article:published_time\" content=\"2021-11-15T21:13:51+00:00\" \/>\n<meta property=\"article:modified_time\" content=\"2021-11-16T10:34:58+00:00\" \/>\n<meta property=\"og:image\" content=\"https:\/\/diariotextual.com\/inicio\/wp-content\/uploads\/2018\/08\/unlpamcolegiouniversidadhuelga2018-2.jpg\" \/>\n\t<meta property=\"og:image:width\" content=\"873\" \/>\n\t<meta property=\"og:image:height\" content=\"624\" \/>\n\t<meta property=\"og:image:type\" content=\"image\/jpeg\" \/>\n<meta name=\"author\" content=\"Diario1 Diario1\" \/>\n<meta name=\"twitter:card\" content=\"summary_large_image\" \/>\n<meta name=\"twitter:creator\" content=\"@eltextual\" \/>\n<meta name=\"twitter:site\" content=\"@eltextual\" \/>\n<meta name=\"twitter:label1\" content=\"Escrito por\" \/>\n\t<meta name=\"twitter:data1\" content=\"Diario1 Diario1\" \/>\n\t<meta name=\"twitter:label2\" content=\"Tiempo de lectura\" \/>\n\t<meta name=\"twitter:data2\" content=\"2 minutos\" \/>\n<script type=\"application\/ld+json\" class=\"yoast-schema-graph\">{\"@context\":\"https:\\\/\\\/schema.org\",\"@graph\":[{\"@type\":\"Article\",\"@id\":\"https:\\\/\\\/diariotextual.com\\\/inicio\\\/index.php\\\/2021\\\/11\\\/15\\\/colegio-de-la-unlpam-docentes-piden-mas-aulas-banos-y-arreglos\\\/#article\",\"isPartOf\":{\"@id\":\"https:\\\/\\\/diariotextual.com\\\/inicio\\\/index.php\\\/2021\\\/11\\\/15\\\/colegio-de-la-unlpam-docentes-piden-mas-aulas-banos-y-arreglos\\\/\"},\"author\":{\"name\":\"Diario1 Diario1\",\"@id\":\"https:\\\/\\\/diariotextual.com\\\/inicio\\\/#\\\/schema\\\/person\\\/418fc4093c33e86ed41562db3508f958\"},\"headline\":\"Colegio de la UNLPam: docentes piden m\u00e1s aulas, ba\u00f1os y arreglos\",\"datePublished\":\"2021-11-15T21:13:51+00:00\",\"dateModified\":\"2021-11-16T10:34:58+00:00\",\"mainEntityOfPage\":{\"@id\":\"https:\\\/\\\/diariotextual.com\\\/inicio\\\/index.php\\\/2021\\\/11\\\/15\\\/colegio-de-la-unlpam-docentes-piden-mas-aulas-banos-y-arreglos\\\/\"},\"wordCount\":399,\"publisher\":{\"@id\":\"https:\\\/\\\/diariotextual.com\\\/inicio\\\/#organization\"},\"image\":{\"@id\":\"https:\\\/\\\/diariotextual.com\\\/inicio\\\/index.php\\\/2021\\\/11\\\/15\\\/colegio-de-la-unlpam-docentes-piden-mas-aulas-banos-y-arreglos\\\/#primaryimage\"},\"thumbnailUrl\":\"https:\\\/\\\/diariotextual.com\\\/inicio\\\/wp-content\\\/uploads\\\/2018\\\/08\\\/unlpamcolegiouniversidadhuelga2018-2.jpg\",\"articleSection\":[\"A - PORTADA2\",\"SOCIEDAD\"],\"inLanguage\":\"es\"},{\"@type\":\"WebPage\",\"@id\":\"https:\\\/\\\/diariotextual.com\\\/inicio\\\/index.php\\\/2021\\\/11\\\/15\\\/colegio-de-la-unlpam-docentes-piden-mas-aulas-banos-y-arreglos\\\/\",\"url\":\"https:\\\/\\\/diariotextual.com\\\/inicio\\\/index.php\\\/2021\\\/11\\\/15\\\/colegio-de-la-unlpam-docentes-piden-mas-aulas-banos-y-arreglos\\\/\",\"name\":\"Colegio de la UNLPam: docentes piden m\u00e1s aulas, ba\u00f1os y arreglos - Diario Textual\",\"isPartOf\":{\"@id\":\"https:\\\/\\\/diariotextual.com\\\/inicio\\\/#website\"},\"primaryImageOfPage\":{\"@id\":\"https:\\\/\\\/diariotextual.com\\\/inicio\\\/index.php\\\/2021\\\/11\\\/15\\\/colegio-de-la-unlpam-docentes-piden-mas-aulas-banos-y-arreglos\\\/#primaryimage\"},\"image\":{\"@id\":\"https:\\\/\\\/diariotextual.com\\\/inicio\\\/index.php\\\/2021\\\/11\\\/15\\\/colegio-de-la-unlpam-docentes-piden-mas-aulas-banos-y-arreglos\\\/#primaryimage\"},\"thumbnailUrl\":\"https:\\\/\\\/diariotextual.com\\\/inicio\\\/wp-content\\\/uploads\\\/2018\\\/08\\\/unlpamcolegiouniversidadhuelga2018-2.jpg\",\"datePublished\":\"2021-11-15T21:13:51+00:00\",\"dateModified\":\"2021-11-16T10:34:58+00:00\",\"breadcrumb\":{\"@id\":\"https:\\\/\\\/diariotextual.com\\\/inicio\\\/index.php\\\/2021\\\/11\\\/15\\\/colegio-de-la-unlpam-docentes-piden-mas-aulas-banos-y-arreglos\\\/#breadcrumb\"},\"inLanguage\":\"es\",\"potentialAction\":[{\"@type\":\"ReadAction\",\"target\":[\"https:\\\/\\\/diariotextual.com\\\/inicio\\\/index.php\\\/2021\\\/11\\\/15\\\/colegio-de-la-unlpam-docentes-piden-mas-aulas-banos-y-arreglos\\\/\"]}]},{\"@type\":\"ImageObject\",\"inLanguage\":\"es\",\"@id\":\"https:\\\/\\\/diariotextual.com\\\/inicio\\\/index.php\\\/2021\\\/11\\\/15\\\/colegio-de-la-unlpam-docentes-piden-mas-aulas-banos-y-arreglos\\\/#primaryimage\",\"url\":\"https:\\\/\\\/diariotextual.com\\\/inicio\\\/wp-content\\\/uploads\\\/2018\\\/08\\\/unlpamcolegiouniversidadhuelga2018-2.jpg\",\"contentUrl\":\"https:\\\/\\\/diariotextual.com\\\/inicio\\\/wp-content\\\/uploads\\\/2018\\\/08\\\/unlpamcolegiouniversidadhuelga2018-2.jpg\",\"width\":873,\"height\":624},{\"@type\":\"BreadcrumbList\",\"@id\":\"https:\\\/\\\/diariotextual.com\\\/inicio\\\/index.php\\\/2021\\\/11\\\/15\\\/colegio-de-la-unlpam-docentes-piden-mas-aulas-banos-y-arreglos\\\/#breadcrumb\",\"itemListElement\":[{\"@type\":\"ListItem\",\"position\":1,\"name\":\"Portada\",\"item\":\"https:\\\/\\\/diariotextual.com\\\/inicio\\\/\"},{\"@type\":\"ListItem\",\"position\":2,\"name\":\"Colegio de la UNLPam: docentes piden m\u00e1s aulas, ba\u00f1os y arreglos\"}]},{\"@type\":\"WebSite\",\"@id\":\"https:\\\/\\\/diariotextual.com\\\/inicio\\\/#website\",\"url\":\"https:\\\/\\\/diariotextual.com\\\/inicio\\\/\",\"name\":\"Diario Textual\",\"description\":\"\",\"publisher\":{\"@id\":\"https:\\\/\\\/diariotextual.com\\\/inicio\\\/#organization\"},\"potentialAction\":[{\"@type\":\"SearchAction\",\"target\":{\"@type\":\"EntryPoint\",\"urlTemplate\":\"https:\\\/\\\/diariotextual.com\\\/inicio\\\/?s={search_term_string}\"},\"query-input\":{\"@type\":\"PropertyValueSpecification\",\"valueRequired\":true,\"valueName\":\"search_term_string\"}}],\"inLanguage\":\"es\"},{\"@type\":\"Organization\",\"@id\":\"https:\\\/\\\/diariotextual.com\\\/inicio\\\/#organization\",\"name\":\"Diario Textual\",\"url\":\"https:\\\/\\\/diariotextual.com\\\/inicio\\\/\",\"logo\":{\"@type\":\"ImageObject\",\"inLanguage\":\"es\",\"@id\":\"https:\\\/\\\/diariotextual.com\\\/inicio\\\/#\\\/schema\\\/logo\\\/image\\\/\",\"url\":\"https:\\\/\\\/diariotextual.com\\\/inicio\\\/wp-content\\\/uploads\\\/2023\\\/05\\\/logotextual1.jpg\",\"contentUrl\":\"https:\\\/\\\/diariotextual.com\\\/inicio\\\/wp-content\\\/uploads\\\/2023\\\/05\\\/logotextual1.jpg\",\"width\":516,\"height\":76,\"caption\":\"Diario Textual\"},\"image\":{\"@id\":\"https:\\\/\\\/diariotextual.com\\\/inicio\\\/#\\\/schema\\\/logo\\\/image\\\/\"},\"sameAs\":[\"https:\\\/\\\/www.facebook.com\\\/eltextual\",\"https:\\\/\\\/x.com\\\/eltextual\",\"http:\\\/\\\/www.instagram.com\\\/eltextual\"]},{\"@type\":\"Person\",\"@id\":\"https:\\\/\\\/diariotextual.com\\\/inicio\\\/#\\\/schema\\\/person\\\/418fc4093c33e86ed41562db3508f958\",\"name\":\"Diario1 Diario1\",\"image\":{\"@type\":\"ImageObject\",\"inLanguage\":\"es\",\"@id\":\"https:\\\/\\\/secure.gravatar.com\\\/avatar\\\/9167d280179c85bc18be67aa7eda765854300033af4896dd779b608640f2ef7a?s=96&d=mm&r=g\",\"url\":\"https:\\\/\\\/secure.gravatar.com\\\/avatar\\\/9167d280179c85bc18be67aa7eda765854300033af4896dd779b608640f2ef7a?s=96&d=mm&r=g\",\"contentUrl\":\"https:\\\/\\\/secure.gravatar.com\\\/avatar\\\/9167d280179c85bc18be67aa7eda765854300033af4896dd779b608640f2ef7a?s=96&d=mm&r=g\",\"caption\":\"Diario1 Diario1\"},\"url\":\"https:\\\/\\\/diariotextual.com\\\/inicio\\\/index.php\\\/author\\\/diario1\\\/\"}]}<\/script>\n<!-- \/ Yoast SEO plugin. -->","yoast_head_json":{"title":"Colegio de la UNLPam: docentes piden m\u00e1s aulas, ba\u00f1os y arreglos - Diario Textual","robots":{"index":"index","follow":"follow","max-snippet":"max-snippet:-1","max-image-preview":"max-image-preview:large","max-video-preview":"max-video-preview:-1"},"canonical":"https:\/\/diariotextual.com\/inicio\/index.php\/2021\/11\/15\/colegio-de-la-unlpam-docentes-piden-mas-aulas-banos-y-arreglos\/","og_locale":"es_ES","og_type":"article","og_title":"Colegio de la UNLPam: docentes piden m\u00e1s aulas, ba\u00f1os y arreglos - Diario Textual","og_description":"Docentes del Colegio Secundario de la UNLPam pidieron nuevamente en la Facultad de Ciencias Humanas una serie de medidas \u201ccon car\u00e1cter inminente\u201d para garantizar el dictado de clases y que&hellip;","og_url":"https:\/\/diariotextual.com\/inicio\/index.php\/2021\/11\/15\/colegio-de-la-unlpam-docentes-piden-mas-aulas-banos-y-arreglos\/","og_site_name":"Diario Textual","article_publisher":"https:\/\/www.facebook.com\/eltextual","article_published_time":"2021-11-15T21:13:51+00:00","article_modified_time":"2021-11-16T10:34:58+00:00","og_image":[{"width":873,"height":624,"url":"https:\/\/diariotextual.com\/inicio\/wp-content\/uploads\/2018\/08\/unlpamcolegiouniversidadhuelga2018-2.jpg","type":"image\/jpeg"}],"author":"Diario1 Diario1","twitter_card":"summary_large_image","twitter_creator":"@eltextual","twitter_site":"@eltextual","twitter_misc":{"Escrito por":"Diario1 Diario1","Tiempo de lectura":"2 minutos"},"schema":{"@context":"https:\/\/schema.org","@graph":[{"@type":"Article","@id":"https:\/\/diariotextual.com\/inicio\/index.php\/2021\/11\/15\/colegio-de-la-unlpam-docentes-piden-mas-aulas-banos-y-arreglos\/#article","isPartOf":{"@id":"https:\/\/diariotextual.com\/inicio\/index.php\/2021\/11\/15\/colegio-de-la-unlpam-docentes-piden-mas-aulas-banos-y-arreglos\/"},"author":{"name":"Diario1 Diario1","@id":"https:\/\/diariotextual.com\/inicio\/#\/schema\/person\/418fc4093c33e86ed41562db3508f958"},"headline":"Colegio de la UNLPam: docentes piden m\u00e1s aulas, ba\u00f1os y arreglos","datePublished":"2021-11-15T21:13:51+00:00","dateModified":"2021-11-16T10:34:58+00:00","mainEntityOfPage":{"@id":"https:\/\/diariotextual.com\/inicio\/index.php\/2021\/11\/15\/colegio-de-la-unlpam-docentes-piden-mas-aulas-banos-y-arreglos\/"},"wordCount":399,"publisher":{"@id":"https:\/\/diariotextual.com\/inicio\/#organization"},"image":{"@id":"https:\/\/diariotextual.com\/inicio\/index.php\/2021\/11\/15\/colegio-de-la-unlpam-docentes-piden-mas-aulas-banos-y-arreglos\/#primaryimage"},"thumbnailUrl":"https:\/\/diariotextual.com\/inicio\/wp-content\/uploads\/2018\/08\/unlpamcolegiouniversidadhuelga2018-2.jpg","articleSection":["A - PORTADA2","SOCIEDAD"],"inLanguage":"es"},{"@type":"WebPage","@id":"https:\/\/diariotextual.com\/inicio\/index.php\/2021\/11\/15\/colegio-de-la-unlpam-docentes-piden-mas-aulas-banos-y-arreglos\/","url":"https:\/\/diariotextual.com\/inicio\/index.php\/2021\/11\/15\/colegio-de-la-unlpam-docentes-piden-mas-aulas-banos-y-arreglos\/","name":"Colegio de la UNLPam: docentes piden m\u00e1s aulas, ba\u00f1os y arreglos - Diario Textual","isPartOf":{"@id":"https:\/\/diariotextual.com\/inicio\/#website"},"primaryImageOfPage":{"@id":"https:\/\/diariotextual.com\/inicio\/index.php\/2021\/11\/15\/colegio-de-la-unlpam-docentes-piden-mas-aulas-banos-y-arreglos\/#primaryimage"},"image":{"@id":"https:\/\/diariotextual.com\/inicio\/index.php\/2021\/11\/15\/colegio-de-la-unlpam-docentes-piden-mas-aulas-banos-y-arreglos\/#primaryimage"},"thumbnailUrl":"https:\/\/diariotextual.com\/inicio\/wp-content\/uploads\/2018\/08\/unlpamcolegiouniversidadhuelga2018-2.jpg","datePublished":"2021-11-15T21:13:51+00:00","dateModified":"2021-11-16T10:34:58+00:00","breadcrumb":{"@id":"https:\/\/diariotextual.com\/inicio\/index.php\/2021\/11\/15\/colegio-de-la-unlpam-docentes-piden-mas-aulas-banos-y-arreglos\/#breadcrumb"},"inLanguage":"es","potentialAction":[{"@type":"ReadAction","target":["https:\/\/diariotextual.com\/inicio\/index.php\/2021\/11\/15\/colegio-de-la-unlpam-docentes-piden-mas-aulas-banos-y-arreglos\/"]}]},{"@type":"ImageObject","inLanguage":"es","@id":"https:\/\/diariotextual.com\/inicio\/index.php\/2021\/11\/15\/colegio-de-la-unlpam-docentes-piden-mas-aulas-banos-y-arreglos\/#primaryimage","url":"https:\/\/diariotextual.com\/inicio\/wp-content\/uploads\/2018\/08\/unlpamcolegiouniversidadhuelga2018-2.jpg","contentUrl":"https:\/\/diariotextual.com\/inicio\/wp-content\/uploads\/2018\/08\/unlpamcolegiouniversidadhuelga2018-2.jpg","width":873,"height":624},{"@type":"BreadcrumbList","@id":"https:\/\/diariotextual.com\/inicio\/index.php\/2021\/11\/15\/colegio-de-la-unlpam-docentes-piden-mas-aulas-banos-y-arreglos\/#breadcrumb","itemListElement":[{"@type":"ListItem","position":1,"name":"Portada","item":"https:\/\/diariotextual.com\/inicio\/"},{"@type":"ListItem","position":2,"name":"Colegio de la UNLPam: docentes piden m\u00e1s aulas, ba\u00f1os y arreglos"}]},{"@type":"WebSite","@id":"https:\/\/diariotextual.com\/inicio\/#website","url":"https:\/\/diariotextual.com\/inicio\/","name":"Diario Textual","description":"","publisher":{"@id":"https:\/\/diariotextual.com\/inicio\/#organization"},"potentialAction":[{"@type":"SearchAction","target":{"@type":"EntryPoint","urlTemplate":"https:\/\/diariotextual.com\/inicio\/?s={search_term_string}"},"query-input":{"@type":"PropertyValueSpecification","valueRequired":true,"valueName":"search_term_string"}}],"inLanguage":"es"},{"@type":"Organization","@id":"https:\/\/diariotextual.com\/inicio\/#organization","name":"Diario Textual","url":"https:\/\/diariotextual.com\/inicio\/","logo":{"@type":"ImageObject","inLanguage":"es","@id":"https:\/\/diariotextual.com\/inicio\/#\/schema\/logo\/image\/","url":"https:\/\/diariotextual.com\/inicio\/wp-content\/uploads\/2023\/05\/logotextual1.jpg","contentUrl":"https:\/\/diariotextual.com\/inicio\/wp-content\/uploads\/2023\/05\/logotextual1.jpg","width":516,"height":76,"caption":"Diario Textual"},"image":{"@id":"https:\/\/diariotextual.com\/inicio\/#\/schema\/logo\/image\/"},"sameAs":["https:\/\/www.facebook.com\/eltextual","https:\/\/x.com\/eltextual","http:\/\/www.instagram.com\/eltextual"]},{"@type":"Person","@id":"https:\/\/diariotextual.com\/inicio\/#\/schema\/person\/418fc4093c33e86ed41562db3508f958","name":"Diario1 Diario1","image":{"@type":"ImageObject","inLanguage":"es","@id":"https:\/\/secure.gravatar.com\/avatar\/9167d280179c85bc18be67aa7eda765854300033af4896dd779b608640f2ef7a?s=96&d=mm&r=g","url":"https:\/\/secure.gravatar.com\/avatar\/9167d280179c85bc18be67aa7eda765854300033af4896dd779b608640f2ef7a?s=96&d=mm&r=g","contentUrl":"https:\/\/secure.gravatar.com\/avatar\/9167d280179c85bc18be67aa7eda765854300033af4896dd779b608640f2ef7a?s=96&d=mm&r=g","caption":"Diario1 Diario1"},"url":"https:\/\/diariotextual.com\/inicio\/index.php\/author\/diario1\/"}]}},"_links":{"self":[{"href":"https:\/\/diariotextual.com\/inicio\/index.php\/wp-json\/wp\/v2\/posts\/169101","targetHints":{"allow":["GET"]}}],"collection":[{"href":"https:\/\/diariotextual.com\/inicio\/index.php\/wp-json\/wp\/v2\/posts"}],"about":[{"href":"https:\/\/diariotextual.com\/inicio\/index.php\/wp-json\/wp\/v2\/types\/post"}],"author":[{"embeddable":true,"href":"https:\/\/diariotextual.com\/inicio\/index.php\/wp-json\/wp\/v2\/users\/3"}],"replies":[{"embeddable":true,"href":"https:\/\/diariotextual.com\/inicio\/index.php\/wp-json\/wp\/v2\/comments?post=169101"}],"version-history":[{"count":2,"href":"https:\/\/diariotextual.com\/inicio\/index.php\/wp-json\/wp\/v2\/posts\/169101\/revisions"}],"predecessor-version":[{"id":169103,"href":"https:\/\/diariotextual.com\/inicio\/index.php\/wp-json\/wp\/v2\/posts\/169101\/revisions\/169103"}],"wp:featuredmedia":[{"embeddable":true,"href":"https:\/\/diariotextual.com\/inicio\/index.php\/wp-json\/wp\/v2\/media\/17498"}],"wp:attachment":[{"href":"https:\/\/diariotextual.com\/inicio\/index.php\/wp-json\/wp\/v2\/media?parent=169101"}],"wp:term":[{"taxonomy":"category","embeddable":true,"href":"https:\/\/diariotextual.com\/inicio\/index.php\/wp-json\/wp\/v2\/categories?post=169101"},{"taxonomy":"post_tag","embeddable":true,"href":"https:\/\/diariotextual.com\/inicio\/index.php\/wp-json\/wp\/v2\/tags?post=169101"}],"curies":[{"name":"wp","href":"https:\/\/api.w.org\/{rel}","templated":true}]}}