{"id":169280,"date":"2021-11-17T09:36:01","date_gmt":"2021-11-17T12:36:01","guid":{"rendered":"https:\/\/diariotextual.com\/inicio\/?p=169280"},"modified":"2021-11-17T15:49:25","modified_gmt":"2021-11-17T18:49:25","slug":"ziliotto-no-va-al-acto-del-dia-de-la-militancia-en-el-argentino-y-vuela-a-buenos-aires","status":"publish","type":"post","link":"https:\/\/diariotextual.com\/inicio\/index.php\/2021\/11\/17\/ziliotto-no-va-al-acto-del-dia-de-la-militancia-en-el-argentino-y-vuela-a-buenos-aires\/","title":{"rendered":"Ziliotto hace un cambio y celebra el D\u00eda de la Militancia en la Plaza de Mayo"},"content":{"rendered":"\n<p>El gobernador y presidente del PJ pampeano, Sergio Ziliotto, no participar\u00e1 del&nbsp;<strong>acto para festejar el D\u00eda de la Militancia en el Club Argentino de Santa Rosa. Es que fue convocado por el presidente Alberto Fern\u00e1ndez para participar de las celebraciones en Plaza de Mayo<\/strong>, confirmaron fuentes oficiales a<strong> Diario Textual.<\/strong><\/p>\n\n\n\n<p>El acto en el Club Argentino -en Duval y Ant\u00e1rtida Argentina- es organizado por el Consejo Local de Unidades B\u00e1sicas del PJ de Santa Rosa.<\/p>\n\n\n\n<p>La intenci\u00f3n es un reconocimiento a la militancia peronista de todos los sectores que participaron de la campa\u00f1a electoral.<\/p>\n\n\n\n<p>En el Frente de Todos intentaron el Plan Remontada y, si bien recuperaron unos 16 mil votos, cayeron ante Juntos por el Cambio.<\/p>\n\n\n\n<p>Ziliotto salud\u00f3 a la militancia peronista desde su cuenta de Twitter. \u00abQuiero reconocer el compromiso y entrega que las y los militantes demuestran en cada circunstancia en la que el peronismo sale en defensa de los humildes y los trabajadores, con la justicia social como bandera\u00bb, tuite\u00f3.<\/p>\n\n\n\n<p><\/p>\n\n\n\n<p><\/p>\n","protected":false},"excerpt":{"rendered":"<p>El gobernador y presidente del PJ pampeano, Sergio Ziliotto, no participar\u00e1 del&nbsp;acto para festejar el D\u00eda de la Militancia en el Club Argentino de Santa Rosa. Es que fue convocado&hellip;<\/p>\n","protected":false},"author":3,"featured_media":168588,"comment_status":"closed","ping_status":"open","sticky":false,"template":"","format":"standard","meta":{"_acf_changed":false,"footnotes":""},"categories":[10,8],"tags":[424],"class_list":["post-169280","post","type-post","status-publish","format-standard","has-post-thumbnail","hentry","category-portada-2","category-politica","tag-ziliotto"],"acf":[],"yoast_head":"<!-- This site is optimized with the Yoast SEO plugin v27.5 - https:\/\/yoast.com\/product\/yoast-seo-wordpress\/ -->\n<title>Ziliotto hace un cambio y celebra el D\u00eda de la Militancia en la Plaza de Mayo - Diario Textual<\/title>\n<meta name=\"robots\" content=\"index, follow, max-snippet:-1, max-image-preview:large, max-video-preview:-1\" \/>\n<link rel=\"canonical\" href=\"https:\/\/diariotextual.com\/inicio\/index.php\/2021\/11\/17\/ziliotto-no-va-al-acto-del-dia-de-la-militancia-en-el-argentino-y-vuela-a-buenos-aires\/\" \/>\n<meta property=\"og:locale\" content=\"es_ES\" \/>\n<meta property=\"og:type\" content=\"article\" \/>\n<meta property=\"og:title\" content=\"Ziliotto hace un cambio y celebra el D\u00eda de la Militancia en la Plaza de Mayo - Diario Textual\" \/>\n<meta property=\"og:description\" content=\"El gobernador y presidente del PJ pampeano, Sergio Ziliotto, no participar\u00e1 del&nbsp;acto para festejar el D\u00eda de la Militancia en el Club Argentino de Santa Rosa. Es que fue convocado&hellip;\" \/>\n<meta property=\"og:url\" content=\"https:\/\/diariotextual.com\/inicio\/index.php\/2021\/11\/17\/ziliotto-no-va-al-acto-del-dia-de-la-militancia-en-el-argentino-y-vuela-a-buenos-aires\/\" \/>\n<meta property=\"og:site_name\" content=\"Diario Textual\" \/>\n<meta property=\"article:publisher\" content=\"https:\/\/www.facebook.com\/eltextual\" \/>\n<meta property=\"article:published_time\" content=\"2021-11-17T12:36:01+00:00\" \/>\n<meta property=\"article:modified_time\" content=\"2021-11-17T18:49:25+00:00\" \/>\n<meta property=\"og:image\" content=\"https:\/\/diariotextual.com\/inicio\/wp-content\/uploads\/2021\/11\/ziliottosergio2021-715.jpg\" \/>\n\t<meta property=\"og:image:width\" content=\"910\" \/>\n\t<meta property=\"og:image:height\" content=\"575\" \/>\n\t<meta property=\"og:image:type\" content=\"image\/jpeg\" \/>\n<meta name=\"author\" content=\"Diario1 Diario1\" \/>\n<meta name=\"twitter:card\" content=\"summary_large_image\" \/>\n<meta name=\"twitter:creator\" content=\"@eltextual\" \/>\n<meta name=\"twitter:site\" content=\"@eltextual\" \/>\n<meta name=\"twitter:label1\" content=\"Escrito por\" \/>\n\t<meta name=\"twitter:data1\" content=\"Diario1 Diario1\" \/>\n\t<meta name=\"twitter:label2\" content=\"Tiempo de lectura\" \/>\n\t<meta name=\"twitter:data2\" content=\"1 minuto\" \/>\n<script type=\"application\/ld+json\" class=\"yoast-schema-graph\">{\"@context\":\"https:\\\/\\\/schema.org\",\"@graph\":[{\"@type\":\"Article\",\"@id\":\"https:\\\/\\\/diariotextual.com\\\/inicio\\\/index.php\\\/2021\\\/11\\\/17\\\/ziliotto-no-va-al-acto-del-dia-de-la-militancia-en-el-argentino-y-vuela-a-buenos-aires\\\/#article\",\"isPartOf\":{\"@id\":\"https:\\\/\\\/diariotextual.com\\\/inicio\\\/index.php\\\/2021\\\/11\\\/17\\\/ziliotto-no-va-al-acto-del-dia-de-la-militancia-en-el-argentino-y-vuela-a-buenos-aires\\\/\"},\"author\":{\"name\":\"Diario1 Diario1\",\"@id\":\"https:\\\/\\\/diariotextual.com\\\/inicio\\\/#\\\/schema\\\/person\\\/418fc4093c33e86ed41562db3508f958\"},\"headline\":\"Ziliotto hace un cambio y celebra el D\u00eda de la Militancia en la Plaza de Mayo\",\"datePublished\":\"2021-11-17T12:36:01+00:00\",\"dateModified\":\"2021-11-17T18:49:25+00:00\",\"mainEntityOfPage\":{\"@id\":\"https:\\\/\\\/diariotextual.com\\\/inicio\\\/index.php\\\/2021\\\/11\\\/17\\\/ziliotto-no-va-al-acto-del-dia-de-la-militancia-en-el-argentino-y-vuela-a-buenos-aires\\\/\"},\"wordCount\":188,\"publisher\":{\"@id\":\"https:\\\/\\\/diariotextual.com\\\/inicio\\\/#organization\"},\"image\":{\"@id\":\"https:\\\/\\\/diariotextual.com\\\/inicio\\\/index.php\\\/2021\\\/11\\\/17\\\/ziliotto-no-va-al-acto-del-dia-de-la-militancia-en-el-argentino-y-vuela-a-buenos-aires\\\/#primaryimage\"},\"thumbnailUrl\":\"https:\\\/\\\/diariotextual.com\\\/inicio\\\/wp-content\\\/uploads\\\/2021\\\/11\\\/ziliottosergio2021-715.jpg\",\"keywords\":[\"ziliotto\"],\"articleSection\":[\"A - PORTADA2\",\"POLITICA\"],\"inLanguage\":\"es\"},{\"@type\":\"WebPage\",\"@id\":\"https:\\\/\\\/diariotextual.com\\\/inicio\\\/index.php\\\/2021\\\/11\\\/17\\\/ziliotto-no-va-al-acto-del-dia-de-la-militancia-en-el-argentino-y-vuela-a-buenos-aires\\\/\",\"url\":\"https:\\\/\\\/diariotextual.com\\\/inicio\\\/index.php\\\/2021\\\/11\\\/17\\\/ziliotto-no-va-al-acto-del-dia-de-la-militancia-en-el-argentino-y-vuela-a-buenos-aires\\\/\",\"name\":\"Ziliotto hace un cambio y celebra el D\u00eda de la Militancia en la Plaza de Mayo - Diario Textual\",\"isPartOf\":{\"@id\":\"https:\\\/\\\/diariotextual.com\\\/inicio\\\/#website\"},\"primaryImageOfPage\":{\"@id\":\"https:\\\/\\\/diariotextual.com\\\/inicio\\\/index.php\\\/2021\\\/11\\\/17\\\/ziliotto-no-va-al-acto-del-dia-de-la-militancia-en-el-argentino-y-vuela-a-buenos-aires\\\/#primaryimage\"},\"image\":{\"@id\":\"https:\\\/\\\/diariotextual.com\\\/inicio\\\/index.php\\\/2021\\\/11\\\/17\\\/ziliotto-no-va-al-acto-del-dia-de-la-militancia-en-el-argentino-y-vuela-a-buenos-aires\\\/#primaryimage\"},\"thumbnailUrl\":\"https:\\\/\\\/diariotextual.com\\\/inicio\\\/wp-content\\\/uploads\\\/2021\\\/11\\\/ziliottosergio2021-715.jpg\",\"datePublished\":\"2021-11-17T12:36:01+00:00\",\"dateModified\":\"2021-11-17T18:49:25+00:00\",\"breadcrumb\":{\"@id\":\"https:\\\/\\\/diariotextual.com\\\/inicio\\\/index.php\\\/2021\\\/11\\\/17\\\/ziliotto-no-va-al-acto-del-dia-de-la-militancia-en-el-argentino-y-vuela-a-buenos-aires\\\/#breadcrumb\"},\"inLanguage\":\"es\",\"potentialAction\":[{\"@type\":\"ReadAction\",\"target\":[\"https:\\\/\\\/diariotextual.com\\\/inicio\\\/index.php\\\/2021\\\/11\\\/17\\\/ziliotto-no-va-al-acto-del-dia-de-la-militancia-en-el-argentino-y-vuela-a-buenos-aires\\\/\"]}]},{\"@type\":\"ImageObject\",\"inLanguage\":\"es\",\"@id\":\"https:\\\/\\\/diariotextual.com\\\/inicio\\\/index.php\\\/2021\\\/11\\\/17\\\/ziliotto-no-va-al-acto-del-dia-de-la-militancia-en-el-argentino-y-vuela-a-buenos-aires\\\/#primaryimage\",\"url\":\"https:\\\/\\\/diariotextual.com\\\/inicio\\\/wp-content\\\/uploads\\\/2021\\\/11\\\/ziliottosergio2021-715.jpg\",\"contentUrl\":\"https:\\\/\\\/diariotextual.com\\\/inicio\\\/wp-content\\\/uploads\\\/2021\\\/11\\\/ziliottosergio2021-715.jpg\",\"width\":910,\"height\":575},{\"@type\":\"BreadcrumbList\",\"@id\":\"https:\\\/\\\/diariotextual.com\\\/inicio\\\/index.php\\\/2021\\\/11\\\/17\\\/ziliotto-no-va-al-acto-del-dia-de-la-militancia-en-el-argentino-y-vuela-a-buenos-aires\\\/#breadcrumb\",\"itemListElement\":[{\"@type\":\"ListItem\",\"position\":1,\"name\":\"Portada\",\"item\":\"https:\\\/\\\/diariotextual.com\\\/inicio\\\/\"},{\"@type\":\"ListItem\",\"position\":2,\"name\":\"Ziliotto hace un cambio y celebra el D\u00eda de la Militancia en la Plaza de Mayo\"}]},{\"@type\":\"WebSite\",\"@id\":\"https:\\\/\\\/diariotextual.com\\\/inicio\\\/#website\",\"url\":\"https:\\\/\\\/diariotextual.com\\\/inicio\\\/\",\"name\":\"Diario Textual\",\"description\":\"\",\"publisher\":{\"@id\":\"https:\\\/\\\/diariotextual.com\\\/inicio\\\/#organization\"},\"potentialAction\":[{\"@type\":\"SearchAction\",\"target\":{\"@type\":\"EntryPoint\",\"urlTemplate\":\"https:\\\/\\\/diariotextual.com\\\/inicio\\\/?s={search_term_string}\"},\"query-input\":{\"@type\":\"PropertyValueSpecification\",\"valueRequired\":true,\"valueName\":\"search_term_string\"}}],\"inLanguage\":\"es\"},{\"@type\":\"Organization\",\"@id\":\"https:\\\/\\\/diariotextual.com\\\/inicio\\\/#organization\",\"name\":\"Diario Textual\",\"url\":\"https:\\\/\\\/diariotextual.com\\\/inicio\\\/\",\"logo\":{\"@type\":\"ImageObject\",\"inLanguage\":\"es\",\"@id\":\"https:\\\/\\\/diariotextual.com\\\/inicio\\\/#\\\/schema\\\/logo\\\/image\\\/\",\"url\":\"https:\\\/\\\/diariotextual.com\\\/inicio\\\/wp-content\\\/uploads\\\/2023\\\/05\\\/logotextual1.jpg\",\"contentUrl\":\"https:\\\/\\\/diariotextual.com\\\/inicio\\\/wp-content\\\/uploads\\\/2023\\\/05\\\/logotextual1.jpg\",\"width\":516,\"height\":76,\"caption\":\"Diario Textual\"},\"image\":{\"@id\":\"https:\\\/\\\/diariotextual.com\\\/inicio\\\/#\\\/schema\\\/logo\\\/image\\\/\"},\"sameAs\":[\"https:\\\/\\\/www.facebook.com\\\/eltextual\",\"https:\\\/\\\/x.com\\\/eltextual\",\"http:\\\/\\\/www.instagram.com\\\/eltextual\"]},{\"@type\":\"Person\",\"@id\":\"https:\\\/\\\/diariotextual.com\\\/inicio\\\/#\\\/schema\\\/person\\\/418fc4093c33e86ed41562db3508f958\",\"name\":\"Diario1 Diario1\",\"image\":{\"@type\":\"ImageObject\",\"inLanguage\":\"es\",\"@id\":\"https:\\\/\\\/secure.gravatar.com\\\/avatar\\\/9167d280179c85bc18be67aa7eda765854300033af4896dd779b608640f2ef7a?s=96&d=mm&r=g\",\"url\":\"https:\\\/\\\/secure.gravatar.com\\\/avatar\\\/9167d280179c85bc18be67aa7eda765854300033af4896dd779b608640f2ef7a?s=96&d=mm&r=g\",\"contentUrl\":\"https:\\\/\\\/secure.gravatar.com\\\/avatar\\\/9167d280179c85bc18be67aa7eda765854300033af4896dd779b608640f2ef7a?s=96&d=mm&r=g\",\"caption\":\"Diario1 Diario1\"},\"url\":\"https:\\\/\\\/diariotextual.com\\\/inicio\\\/index.php\\\/author\\\/diario1\\\/\"}]}<\/script>\n<!-- \/ Yoast SEO plugin. -->","yoast_head_json":{"title":"Ziliotto hace un cambio y celebra el D\u00eda de la Militancia en la Plaza de Mayo - Diario Textual","robots":{"index":"index","follow":"follow","max-snippet":"max-snippet:-1","max-image-preview":"max-image-preview:large","max-video-preview":"max-video-preview:-1"},"canonical":"https:\/\/diariotextual.com\/inicio\/index.php\/2021\/11\/17\/ziliotto-no-va-al-acto-del-dia-de-la-militancia-en-el-argentino-y-vuela-a-buenos-aires\/","og_locale":"es_ES","og_type":"article","og_title":"Ziliotto hace un cambio y celebra el D\u00eda de la Militancia en la Plaza de Mayo - Diario Textual","og_description":"El gobernador y presidente del PJ pampeano, Sergio Ziliotto, no participar\u00e1 del&nbsp;acto para festejar el D\u00eda de la Militancia en el Club Argentino de Santa Rosa. Es que fue convocado&hellip;","og_url":"https:\/\/diariotextual.com\/inicio\/index.php\/2021\/11\/17\/ziliotto-no-va-al-acto-del-dia-de-la-militancia-en-el-argentino-y-vuela-a-buenos-aires\/","og_site_name":"Diario Textual","article_publisher":"https:\/\/www.facebook.com\/eltextual","article_published_time":"2021-11-17T12:36:01+00:00","article_modified_time":"2021-11-17T18:49:25+00:00","og_image":[{"width":910,"height":575,"url":"https:\/\/diariotextual.com\/inicio\/wp-content\/uploads\/2021\/11\/ziliottosergio2021-715.jpg","type":"image\/jpeg"}],"author":"Diario1 Diario1","twitter_card":"summary_large_image","twitter_creator":"@eltextual","twitter_site":"@eltextual","twitter_misc":{"Escrito por":"Diario1 Diario1","Tiempo de lectura":"1 minuto"},"schema":{"@context":"https:\/\/schema.org","@graph":[{"@type":"Article","@id":"https:\/\/diariotextual.com\/inicio\/index.php\/2021\/11\/17\/ziliotto-no-va-al-acto-del-dia-de-la-militancia-en-el-argentino-y-vuela-a-buenos-aires\/#article","isPartOf":{"@id":"https:\/\/diariotextual.com\/inicio\/index.php\/2021\/11\/17\/ziliotto-no-va-al-acto-del-dia-de-la-militancia-en-el-argentino-y-vuela-a-buenos-aires\/"},"author":{"name":"Diario1 Diario1","@id":"https:\/\/diariotextual.com\/inicio\/#\/schema\/person\/418fc4093c33e86ed41562db3508f958"},"headline":"Ziliotto hace un cambio y celebra el D\u00eda de la Militancia en la Plaza de Mayo","datePublished":"2021-11-17T12:36:01+00:00","dateModified":"2021-11-17T18:49:25+00:00","mainEntityOfPage":{"@id":"https:\/\/diariotextual.com\/inicio\/index.php\/2021\/11\/17\/ziliotto-no-va-al-acto-del-dia-de-la-militancia-en-el-argentino-y-vuela-a-buenos-aires\/"},"wordCount":188,"publisher":{"@id":"https:\/\/diariotextual.com\/inicio\/#organization"},"image":{"@id":"https:\/\/diariotextual.com\/inicio\/index.php\/2021\/11\/17\/ziliotto-no-va-al-acto-del-dia-de-la-militancia-en-el-argentino-y-vuela-a-buenos-aires\/#primaryimage"},"thumbnailUrl":"https:\/\/diariotextual.com\/inicio\/wp-content\/uploads\/2021\/11\/ziliottosergio2021-715.jpg","keywords":["ziliotto"],"articleSection":["A - PORTADA2","POLITICA"],"inLanguage":"es"},{"@type":"WebPage","@id":"https:\/\/diariotextual.com\/inicio\/index.php\/2021\/11\/17\/ziliotto-no-va-al-acto-del-dia-de-la-militancia-en-el-argentino-y-vuela-a-buenos-aires\/","url":"https:\/\/diariotextual.com\/inicio\/index.php\/2021\/11\/17\/ziliotto-no-va-al-acto-del-dia-de-la-militancia-en-el-argentino-y-vuela-a-buenos-aires\/","name":"Ziliotto hace un cambio y celebra el D\u00eda de la Militancia en la Plaza de Mayo - Diario Textual","isPartOf":{"@id":"https:\/\/diariotextual.com\/inicio\/#website"},"primaryImageOfPage":{"@id":"https:\/\/diariotextual.com\/inicio\/index.php\/2021\/11\/17\/ziliotto-no-va-al-acto-del-dia-de-la-militancia-en-el-argentino-y-vuela-a-buenos-aires\/#primaryimage"},"image":{"@id":"https:\/\/diariotextual.com\/inicio\/index.php\/2021\/11\/17\/ziliotto-no-va-al-acto-del-dia-de-la-militancia-en-el-argentino-y-vuela-a-buenos-aires\/#primaryimage"},"thumbnailUrl":"https:\/\/diariotextual.com\/inicio\/wp-content\/uploads\/2021\/11\/ziliottosergio2021-715.jpg","datePublished":"2021-11-17T12:36:01+00:00","dateModified":"2021-11-17T18:49:25+00:00","breadcrumb":{"@id":"https:\/\/diariotextual.com\/inicio\/index.php\/2021\/11\/17\/ziliotto-no-va-al-acto-del-dia-de-la-militancia-en-el-argentino-y-vuela-a-buenos-aires\/#breadcrumb"},"inLanguage":"es","potentialAction":[{"@type":"ReadAction","target":["https:\/\/diariotextual.com\/inicio\/index.php\/2021\/11\/17\/ziliotto-no-va-al-acto-del-dia-de-la-militancia-en-el-argentino-y-vuela-a-buenos-aires\/"]}]},{"@type":"ImageObject","inLanguage":"es","@id":"https:\/\/diariotextual.com\/inicio\/index.php\/2021\/11\/17\/ziliotto-no-va-al-acto-del-dia-de-la-militancia-en-el-argentino-y-vuela-a-buenos-aires\/#primaryimage","url":"https:\/\/diariotextual.com\/inicio\/wp-content\/uploads\/2021\/11\/ziliottosergio2021-715.jpg","contentUrl":"https:\/\/diariotextual.com\/inicio\/wp-content\/uploads\/2021\/11\/ziliottosergio2021-715.jpg","width":910,"height":575},{"@type":"BreadcrumbList","@id":"https:\/\/diariotextual.com\/inicio\/index.php\/2021\/11\/17\/ziliotto-no-va-al-acto-del-dia-de-la-militancia-en-el-argentino-y-vuela-a-buenos-aires\/#breadcrumb","itemListElement":[{"@type":"ListItem","position":1,"name":"Portada","item":"https:\/\/diariotextual.com\/inicio\/"},{"@type":"ListItem","position":2,"name":"Ziliotto hace un cambio y celebra el D\u00eda de la Militancia en la Plaza de Mayo"}]},{"@type":"WebSite","@id":"https:\/\/diariotextual.com\/inicio\/#website","url":"https:\/\/diariotextual.com\/inicio\/","name":"Diario Textual","description":"","publisher":{"@id":"https:\/\/diariotextual.com\/inicio\/#organization"},"potentialAction":[{"@type":"SearchAction","target":{"@type":"EntryPoint","urlTemplate":"https:\/\/diariotextual.com\/inicio\/?s={search_term_string}"},"query-input":{"@type":"PropertyValueSpecification","valueRequired":true,"valueName":"search_term_string"}}],"inLanguage":"es"},{"@type":"Organization","@id":"https:\/\/diariotextual.com\/inicio\/#organization","name":"Diario Textual","url":"https:\/\/diariotextual.com\/inicio\/","logo":{"@type":"ImageObject","inLanguage":"es","@id":"https:\/\/diariotextual.com\/inicio\/#\/schema\/logo\/image\/","url":"https:\/\/diariotextual.com\/inicio\/wp-content\/uploads\/2023\/05\/logotextual1.jpg","contentUrl":"https:\/\/diariotextual.com\/inicio\/wp-content\/uploads\/2023\/05\/logotextual1.jpg","width":516,"height":76,"caption":"Diario Textual"},"image":{"@id":"https:\/\/diariotextual.com\/inicio\/#\/schema\/logo\/image\/"},"sameAs":["https:\/\/www.facebook.com\/eltextual","https:\/\/x.com\/eltextual","http:\/\/www.instagram.com\/eltextual"]},{"@type":"Person","@id":"https:\/\/diariotextual.com\/inicio\/#\/schema\/person\/418fc4093c33e86ed41562db3508f958","name":"Diario1 Diario1","image":{"@type":"ImageObject","inLanguage":"es","@id":"https:\/\/secure.gravatar.com\/avatar\/9167d280179c85bc18be67aa7eda765854300033af4896dd779b608640f2ef7a?s=96&d=mm&r=g","url":"https:\/\/secure.gravatar.com\/avatar\/9167d280179c85bc18be67aa7eda765854300033af4896dd779b608640f2ef7a?s=96&d=mm&r=g","contentUrl":"https:\/\/secure.gravatar.com\/avatar\/9167d280179c85bc18be67aa7eda765854300033af4896dd779b608640f2ef7a?s=96&d=mm&r=g","caption":"Diario1 Diario1"},"url":"https:\/\/diariotextual.com\/inicio\/index.php\/author\/diario1\/"}]}},"_links":{"self":[{"href":"https:\/\/diariotextual.com\/inicio\/index.php\/wp-json\/wp\/v2\/posts\/169280","targetHints":{"allow":["GET"]}}],"collection":[{"href":"https:\/\/diariotextual.com\/inicio\/index.php\/wp-json\/wp\/v2\/posts"}],"about":[{"href":"https:\/\/diariotextual.com\/inicio\/index.php\/wp-json\/wp\/v2\/types\/post"}],"author":[{"embeddable":true,"href":"https:\/\/diariotextual.com\/inicio\/index.php\/wp-json\/wp\/v2\/users\/3"}],"replies":[{"embeddable":true,"href":"https:\/\/diariotextual.com\/inicio\/index.php\/wp-json\/wp\/v2\/comments?post=169280"}],"version-history":[{"count":4,"href":"https:\/\/diariotextual.com\/inicio\/index.php\/wp-json\/wp\/v2\/posts\/169280\/revisions"}],"predecessor-version":[{"id":169289,"href":"https:\/\/diariotextual.com\/inicio\/index.php\/wp-json\/wp\/v2\/posts\/169280\/revisions\/169289"}],"wp:featuredmedia":[{"embeddable":true,"href":"https:\/\/diariotextual.com\/inicio\/index.php\/wp-json\/wp\/v2\/media\/168588"}],"wp:attachment":[{"href":"https:\/\/diariotextual.com\/inicio\/index.php\/wp-json\/wp\/v2\/media?parent=169280"}],"wp:term":[{"taxonomy":"category","embeddable":true,"href":"https:\/\/diariotextual.com\/inicio\/index.php\/wp-json\/wp\/v2\/categories?post=169280"},{"taxonomy":"post_tag","embeddable":true,"href":"https:\/\/diariotextual.com\/inicio\/index.php\/wp-json\/wp\/v2\/tags?post=169280"}],"curies":[{"name":"wp","href":"https:\/\/api.w.org\/{rel}","templated":true}]}}