{"id":170242,"date":"2021-11-26T11:22:33","date_gmt":"2021-11-26T14:22:33","guid":{"rendered":"https:\/\/diariotextual.com\/inicio\/?p=170242"},"modified":"2021-11-26T11:22:50","modified_gmt":"2021-11-26T14:22:50","slug":"marzo-de-2021-el-mes-que-mas-denuncias-de-violencia-de-genero-se-recibieron","status":"publish","type":"post","link":"https:\/\/diariotextual.com\/inicio\/index.php\/2021\/11\/26\/marzo-de-2021-el-mes-que-mas-denuncias-de-violencia-de-genero-se-recibieron\/","title":{"rendered":"Marzo de 2021, el mes que m\u00e1s denuncias de violencia de g\u00e9nero se recibieron"},"content":{"rendered":"\n<p>La Oficina de Violencia Dom\u00e9stica de la Corte Suprema de Justicia inform\u00f3 que en marzo de 2021 fue el mes en el que se registr\u00f3 el mayor n\u00famero de denuncias de violencia intrahogare\u00f1a, con un total de 835, mientras que en noviembre y diciembre de 2020 y en enero de este a\u00f1o se recibieron cifras superiores a las 760.<\/p>\n\n\n\n<p>En el informe difundido en el marco del D\u00eda Internacional de la Eliminaci\u00f3n de la Violencia Contra la Mujer, tambi\u00e9n se establece que el 58% de las personas afectadas son mujeres adultas; el 29% ni\u00f1as, ni\u00f1os y adolescentes; el 6% adultos mayores (5% mujeres y 1% hombres) y el 7% restante varones adultos.<\/p>\n\n\n\n<p>\u201cUna vez ingresadas las denuncias y realizado el informe de riesgo, la OVD deriva los casos a la justicia penal y\/o civil, seg\u00fan corresponda, o a otros organismos que dependen de los poderes ejecutivos nacional y local\u201d, especific\u00f3 la OVD del m\u00e1ximo tribunal, que destac\u00f3 que siempre mantuvo la atenci\u00f3n presencial durante la pandemia las 24 horas.<\/p>\n\n\n\n<p>En el 78% de los casos en los que intervino la Justicia Civil, se dictaron prohibiciones de acercamiento de los agresores y en el 68% se prohibi\u00f3 el contacto telef\u00f3nico o por v\u00edas digitales, mientras que en el 27% de las denuncias se suministr\u00f3 un bot\u00f3n antip\u00e1nico a las personas afectadas.<\/p>\n\n\n\n<p>Adem\u00e1s, en el 19% de los casos se orden\u00f3 la prohibici\u00f3n de acercamiento a ni\u00f1as, ni\u00f1os y adolescentes para las personas denunciadas y en el 17% la exclusi\u00f3n del hogar, de acuerdo al reporte de la OVD.<\/p>\n\n\n\n<p>Desde su creaci\u00f3n hace 13 a\u00f1os, la Oficina de Violencia Dom\u00e9stica de la Corte Suprema lleva atendidos un total de 124.930 casos. En el 96% de los casos se registr\u00f3 violencia psicol\u00f3gica, en el 61% violencia f\u00edsica y en el 47% violencia simb\u00f3lica, seg\u00fan se especific\u00f3.<\/p>\n\n\n\n<p>Las mujeres se animaron a acusar por primera vez ante la Justicia a sus parejas o exparejas luego de haber sufrido en promedio \u201centre cinco y seis a\u00f1os\u201d de maltrato y un 45% \u201clo hizo antes de los dos a\u00f1os de iniciado el v\u00ednculo\u201d.<\/p>\n\n\n\n<p>Anal\u00eda Monferrer, responsable de la OVD, record\u00f3 que tienen competencia en la Ciudad de Buenos Aires; que en Tucum\u00e1n, Santiago del Estero, La Pampa, Santa Cruz y Salta hay oficinas con iguales fines, y que en la provincia de Buenos Aires funcionan \u201cComisar\u00edas de la mujer\u201d.<\/p>\n\n\n\n<p><\/p>\n","protected":false},"excerpt":{"rendered":"<p>La Oficina de Violencia Dom\u00e9stica de la Corte Suprema de Justicia inform\u00f3 que en marzo de 2021 fue el mes en el que se registr\u00f3 el mayor n\u00famero de denuncias&hellip;<\/p>\n","protected":false},"author":3,"featured_media":26851,"comment_status":"closed","ping_status":"open","sticky":false,"template":"","format":"standard","meta":{"_acf_changed":false,"footnotes":""},"categories":[10,12],"tags":[],"class_list":["post-170242","post","type-post","status-publish","format-standard","has-post-thumbnail","hentry","category-portada-2","category-sociedad"],"acf":[],"yoast_head":"<!-- This site is optimized with the Yoast SEO plugin v27.5 - https:\/\/yoast.com\/product\/yoast-seo-wordpress\/ -->\n<title>Marzo de 2021, el mes que m\u00e1s denuncias de violencia de g\u00e9nero se recibieron - Diario Textual<\/title>\n<meta name=\"robots\" content=\"index, follow, max-snippet:-1, max-image-preview:large, max-video-preview:-1\" \/>\n<link rel=\"canonical\" href=\"https:\/\/diariotextual.com\/inicio\/index.php\/2021\/11\/26\/marzo-de-2021-el-mes-que-mas-denuncias-de-violencia-de-genero-se-recibieron\/\" \/>\n<meta property=\"og:locale\" content=\"es_ES\" \/>\n<meta property=\"og:type\" content=\"article\" \/>\n<meta property=\"og:title\" content=\"Marzo de 2021, el mes que m\u00e1s denuncias de violencia de g\u00e9nero se recibieron - Diario Textual\" \/>\n<meta property=\"og:description\" content=\"La Oficina de Violencia Dom\u00e9stica de la Corte Suprema de Justicia inform\u00f3 que en marzo de 2021 fue el mes en el que se registr\u00f3 el mayor n\u00famero de denuncias&hellip;\" \/>\n<meta property=\"og:url\" content=\"https:\/\/diariotextual.com\/inicio\/index.php\/2021\/11\/26\/marzo-de-2021-el-mes-que-mas-denuncias-de-violencia-de-genero-se-recibieron\/\" \/>\n<meta property=\"og:site_name\" content=\"Diario Textual\" \/>\n<meta property=\"article:publisher\" content=\"https:\/\/www.facebook.com\/eltextual\" \/>\n<meta property=\"article:published_time\" content=\"2021-11-26T14:22:33+00:00\" \/>\n<meta property=\"article:modified_time\" content=\"2021-11-26T14:22:50+00:00\" \/>\n<meta property=\"og:image\" content=\"https:\/\/diariotextual.com\/inicio\/wp-content\/uploads\/2018\/11\/niunamenos9121111.jpg\" \/>\n\t<meta property=\"og:image:width\" content=\"580\" \/>\n\t<meta property=\"og:image:height\" content=\"350\" \/>\n\t<meta property=\"og:image:type\" content=\"image\/jpeg\" \/>\n<meta name=\"author\" content=\"Diario1 Diario1\" \/>\n<meta name=\"twitter:card\" content=\"summary_large_image\" \/>\n<meta name=\"twitter:creator\" content=\"@eltextual\" \/>\n<meta name=\"twitter:site\" content=\"@eltextual\" \/>\n<meta name=\"twitter:label1\" content=\"Escrito por\" \/>\n\t<meta name=\"twitter:data1\" content=\"Diario1 Diario1\" \/>\n\t<meta name=\"twitter:label2\" content=\"Tiempo de lectura\" \/>\n\t<meta name=\"twitter:data2\" content=\"2 minutos\" \/>\n<script type=\"application\/ld+json\" class=\"yoast-schema-graph\">{\"@context\":\"https:\\\/\\\/schema.org\",\"@graph\":[{\"@type\":\"Article\",\"@id\":\"https:\\\/\\\/diariotextual.com\\\/inicio\\\/index.php\\\/2021\\\/11\\\/26\\\/marzo-de-2021-el-mes-que-mas-denuncias-de-violencia-de-genero-se-recibieron\\\/#article\",\"isPartOf\":{\"@id\":\"https:\\\/\\\/diariotextual.com\\\/inicio\\\/index.php\\\/2021\\\/11\\\/26\\\/marzo-de-2021-el-mes-que-mas-denuncias-de-violencia-de-genero-se-recibieron\\\/\"},\"author\":{\"name\":\"Diario1 Diario1\",\"@id\":\"https:\\\/\\\/diariotextual.com\\\/inicio\\\/#\\\/schema\\\/person\\\/418fc4093c33e86ed41562db3508f958\"},\"headline\":\"Marzo de 2021, el mes que m\u00e1s denuncias de violencia de g\u00e9nero se recibieron\",\"datePublished\":\"2021-11-26T14:22:33+00:00\",\"dateModified\":\"2021-11-26T14:22:50+00:00\",\"mainEntityOfPage\":{\"@id\":\"https:\\\/\\\/diariotextual.com\\\/inicio\\\/index.php\\\/2021\\\/11\\\/26\\\/marzo-de-2021-el-mes-que-mas-denuncias-de-violencia-de-genero-se-recibieron\\\/\"},\"wordCount\":421,\"publisher\":{\"@id\":\"https:\\\/\\\/diariotextual.com\\\/inicio\\\/#organization\"},\"image\":{\"@id\":\"https:\\\/\\\/diariotextual.com\\\/inicio\\\/index.php\\\/2021\\\/11\\\/26\\\/marzo-de-2021-el-mes-que-mas-denuncias-de-violencia-de-genero-se-recibieron\\\/#primaryimage\"},\"thumbnailUrl\":\"https:\\\/\\\/diariotextual.com\\\/inicio\\\/wp-content\\\/uploads\\\/2018\\\/11\\\/niunamenos9121111.jpg\",\"articleSection\":[\"A - PORTADA2\",\"SOCIEDAD\"],\"inLanguage\":\"es\"},{\"@type\":\"WebPage\",\"@id\":\"https:\\\/\\\/diariotextual.com\\\/inicio\\\/index.php\\\/2021\\\/11\\\/26\\\/marzo-de-2021-el-mes-que-mas-denuncias-de-violencia-de-genero-se-recibieron\\\/\",\"url\":\"https:\\\/\\\/diariotextual.com\\\/inicio\\\/index.php\\\/2021\\\/11\\\/26\\\/marzo-de-2021-el-mes-que-mas-denuncias-de-violencia-de-genero-se-recibieron\\\/\",\"name\":\"Marzo de 2021, el mes que m\u00e1s denuncias de violencia de g\u00e9nero se recibieron - Diario Textual\",\"isPartOf\":{\"@id\":\"https:\\\/\\\/diariotextual.com\\\/inicio\\\/#website\"},\"primaryImageOfPage\":{\"@id\":\"https:\\\/\\\/diariotextual.com\\\/inicio\\\/index.php\\\/2021\\\/11\\\/26\\\/marzo-de-2021-el-mes-que-mas-denuncias-de-violencia-de-genero-se-recibieron\\\/#primaryimage\"},\"image\":{\"@id\":\"https:\\\/\\\/diariotextual.com\\\/inicio\\\/index.php\\\/2021\\\/11\\\/26\\\/marzo-de-2021-el-mes-que-mas-denuncias-de-violencia-de-genero-se-recibieron\\\/#primaryimage\"},\"thumbnailUrl\":\"https:\\\/\\\/diariotextual.com\\\/inicio\\\/wp-content\\\/uploads\\\/2018\\\/11\\\/niunamenos9121111.jpg\",\"datePublished\":\"2021-11-26T14:22:33+00:00\",\"dateModified\":\"2021-11-26T14:22:50+00:00\",\"breadcrumb\":{\"@id\":\"https:\\\/\\\/diariotextual.com\\\/inicio\\\/index.php\\\/2021\\\/11\\\/26\\\/marzo-de-2021-el-mes-que-mas-denuncias-de-violencia-de-genero-se-recibieron\\\/#breadcrumb\"},\"inLanguage\":\"es\",\"potentialAction\":[{\"@type\":\"ReadAction\",\"target\":[\"https:\\\/\\\/diariotextual.com\\\/inicio\\\/index.php\\\/2021\\\/11\\\/26\\\/marzo-de-2021-el-mes-que-mas-denuncias-de-violencia-de-genero-se-recibieron\\\/\"]}]},{\"@type\":\"ImageObject\",\"inLanguage\":\"es\",\"@id\":\"https:\\\/\\\/diariotextual.com\\\/inicio\\\/index.php\\\/2021\\\/11\\\/26\\\/marzo-de-2021-el-mes-que-mas-denuncias-de-violencia-de-genero-se-recibieron\\\/#primaryimage\",\"url\":\"https:\\\/\\\/diariotextual.com\\\/inicio\\\/wp-content\\\/uploads\\\/2018\\\/11\\\/niunamenos9121111.jpg\",\"contentUrl\":\"https:\\\/\\\/diariotextual.com\\\/inicio\\\/wp-content\\\/uploads\\\/2018\\\/11\\\/niunamenos9121111.jpg\",\"width\":580,\"height\":350},{\"@type\":\"BreadcrumbList\",\"@id\":\"https:\\\/\\\/diariotextual.com\\\/inicio\\\/index.php\\\/2021\\\/11\\\/26\\\/marzo-de-2021-el-mes-que-mas-denuncias-de-violencia-de-genero-se-recibieron\\\/#breadcrumb\",\"itemListElement\":[{\"@type\":\"ListItem\",\"position\":1,\"name\":\"Portada\",\"item\":\"https:\\\/\\\/diariotextual.com\\\/inicio\\\/\"},{\"@type\":\"ListItem\",\"position\":2,\"name\":\"Marzo de 2021, el mes que m\u00e1s denuncias de violencia de g\u00e9nero se recibieron\"}]},{\"@type\":\"WebSite\",\"@id\":\"https:\\\/\\\/diariotextual.com\\\/inicio\\\/#website\",\"url\":\"https:\\\/\\\/diariotextual.com\\\/inicio\\\/\",\"name\":\"Diario Textual\",\"description\":\"\",\"publisher\":{\"@id\":\"https:\\\/\\\/diariotextual.com\\\/inicio\\\/#organization\"},\"potentialAction\":[{\"@type\":\"SearchAction\",\"target\":{\"@type\":\"EntryPoint\",\"urlTemplate\":\"https:\\\/\\\/diariotextual.com\\\/inicio\\\/?s={search_term_string}\"},\"query-input\":{\"@type\":\"PropertyValueSpecification\",\"valueRequired\":true,\"valueName\":\"search_term_string\"}}],\"inLanguage\":\"es\"},{\"@type\":\"Organization\",\"@id\":\"https:\\\/\\\/diariotextual.com\\\/inicio\\\/#organization\",\"name\":\"Diario Textual\",\"url\":\"https:\\\/\\\/diariotextual.com\\\/inicio\\\/\",\"logo\":{\"@type\":\"ImageObject\",\"inLanguage\":\"es\",\"@id\":\"https:\\\/\\\/diariotextual.com\\\/inicio\\\/#\\\/schema\\\/logo\\\/image\\\/\",\"url\":\"https:\\\/\\\/diariotextual.com\\\/inicio\\\/wp-content\\\/uploads\\\/2023\\\/05\\\/logotextual1.jpg\",\"contentUrl\":\"https:\\\/\\\/diariotextual.com\\\/inicio\\\/wp-content\\\/uploads\\\/2023\\\/05\\\/logotextual1.jpg\",\"width\":516,\"height\":76,\"caption\":\"Diario Textual\"},\"image\":{\"@id\":\"https:\\\/\\\/diariotextual.com\\\/inicio\\\/#\\\/schema\\\/logo\\\/image\\\/\"},\"sameAs\":[\"https:\\\/\\\/www.facebook.com\\\/eltextual\",\"https:\\\/\\\/x.com\\\/eltextual\",\"http:\\\/\\\/www.instagram.com\\\/eltextual\"]},{\"@type\":\"Person\",\"@id\":\"https:\\\/\\\/diariotextual.com\\\/inicio\\\/#\\\/schema\\\/person\\\/418fc4093c33e86ed41562db3508f958\",\"name\":\"Diario1 Diario1\",\"image\":{\"@type\":\"ImageObject\",\"inLanguage\":\"es\",\"@id\":\"https:\\\/\\\/secure.gravatar.com\\\/avatar\\\/9167d280179c85bc18be67aa7eda765854300033af4896dd779b608640f2ef7a?s=96&d=mm&r=g\",\"url\":\"https:\\\/\\\/secure.gravatar.com\\\/avatar\\\/9167d280179c85bc18be67aa7eda765854300033af4896dd779b608640f2ef7a?s=96&d=mm&r=g\",\"contentUrl\":\"https:\\\/\\\/secure.gravatar.com\\\/avatar\\\/9167d280179c85bc18be67aa7eda765854300033af4896dd779b608640f2ef7a?s=96&d=mm&r=g\",\"caption\":\"Diario1 Diario1\"},\"url\":\"https:\\\/\\\/diariotextual.com\\\/inicio\\\/index.php\\\/author\\\/diario1\\\/\"}]}<\/script>\n<!-- \/ Yoast SEO plugin. -->","yoast_head_json":{"title":"Marzo de 2021, el mes que m\u00e1s denuncias de violencia de g\u00e9nero se recibieron - Diario Textual","robots":{"index":"index","follow":"follow","max-snippet":"max-snippet:-1","max-image-preview":"max-image-preview:large","max-video-preview":"max-video-preview:-1"},"canonical":"https:\/\/diariotextual.com\/inicio\/index.php\/2021\/11\/26\/marzo-de-2021-el-mes-que-mas-denuncias-de-violencia-de-genero-se-recibieron\/","og_locale":"es_ES","og_type":"article","og_title":"Marzo de 2021, el mes que m\u00e1s denuncias de violencia de g\u00e9nero se recibieron - Diario Textual","og_description":"La Oficina de Violencia Dom\u00e9stica de la Corte Suprema de Justicia inform\u00f3 que en marzo de 2021 fue el mes en el que se registr\u00f3 el mayor n\u00famero de denuncias&hellip;","og_url":"https:\/\/diariotextual.com\/inicio\/index.php\/2021\/11\/26\/marzo-de-2021-el-mes-que-mas-denuncias-de-violencia-de-genero-se-recibieron\/","og_site_name":"Diario Textual","article_publisher":"https:\/\/www.facebook.com\/eltextual","article_published_time":"2021-11-26T14:22:33+00:00","article_modified_time":"2021-11-26T14:22:50+00:00","og_image":[{"width":580,"height":350,"url":"https:\/\/diariotextual.com\/inicio\/wp-content\/uploads\/2018\/11\/niunamenos9121111.jpg","type":"image\/jpeg"}],"author":"Diario1 Diario1","twitter_card":"summary_large_image","twitter_creator":"@eltextual","twitter_site":"@eltextual","twitter_misc":{"Escrito por":"Diario1 Diario1","Tiempo de lectura":"2 minutos"},"schema":{"@context":"https:\/\/schema.org","@graph":[{"@type":"Article","@id":"https:\/\/diariotextual.com\/inicio\/index.php\/2021\/11\/26\/marzo-de-2021-el-mes-que-mas-denuncias-de-violencia-de-genero-se-recibieron\/#article","isPartOf":{"@id":"https:\/\/diariotextual.com\/inicio\/index.php\/2021\/11\/26\/marzo-de-2021-el-mes-que-mas-denuncias-de-violencia-de-genero-se-recibieron\/"},"author":{"name":"Diario1 Diario1","@id":"https:\/\/diariotextual.com\/inicio\/#\/schema\/person\/418fc4093c33e86ed41562db3508f958"},"headline":"Marzo de 2021, el mes que m\u00e1s denuncias de violencia de g\u00e9nero se recibieron","datePublished":"2021-11-26T14:22:33+00:00","dateModified":"2021-11-26T14:22:50+00:00","mainEntityOfPage":{"@id":"https:\/\/diariotextual.com\/inicio\/index.php\/2021\/11\/26\/marzo-de-2021-el-mes-que-mas-denuncias-de-violencia-de-genero-se-recibieron\/"},"wordCount":421,"publisher":{"@id":"https:\/\/diariotextual.com\/inicio\/#organization"},"image":{"@id":"https:\/\/diariotextual.com\/inicio\/index.php\/2021\/11\/26\/marzo-de-2021-el-mes-que-mas-denuncias-de-violencia-de-genero-se-recibieron\/#primaryimage"},"thumbnailUrl":"https:\/\/diariotextual.com\/inicio\/wp-content\/uploads\/2018\/11\/niunamenos9121111.jpg","articleSection":["A - PORTADA2","SOCIEDAD"],"inLanguage":"es"},{"@type":"WebPage","@id":"https:\/\/diariotextual.com\/inicio\/index.php\/2021\/11\/26\/marzo-de-2021-el-mes-que-mas-denuncias-de-violencia-de-genero-se-recibieron\/","url":"https:\/\/diariotextual.com\/inicio\/index.php\/2021\/11\/26\/marzo-de-2021-el-mes-que-mas-denuncias-de-violencia-de-genero-se-recibieron\/","name":"Marzo de 2021, el mes que m\u00e1s denuncias de violencia de g\u00e9nero se recibieron - Diario Textual","isPartOf":{"@id":"https:\/\/diariotextual.com\/inicio\/#website"},"primaryImageOfPage":{"@id":"https:\/\/diariotextual.com\/inicio\/index.php\/2021\/11\/26\/marzo-de-2021-el-mes-que-mas-denuncias-de-violencia-de-genero-se-recibieron\/#primaryimage"},"image":{"@id":"https:\/\/diariotextual.com\/inicio\/index.php\/2021\/11\/26\/marzo-de-2021-el-mes-que-mas-denuncias-de-violencia-de-genero-se-recibieron\/#primaryimage"},"thumbnailUrl":"https:\/\/diariotextual.com\/inicio\/wp-content\/uploads\/2018\/11\/niunamenos9121111.jpg","datePublished":"2021-11-26T14:22:33+00:00","dateModified":"2021-11-26T14:22:50+00:00","breadcrumb":{"@id":"https:\/\/diariotextual.com\/inicio\/index.php\/2021\/11\/26\/marzo-de-2021-el-mes-que-mas-denuncias-de-violencia-de-genero-se-recibieron\/#breadcrumb"},"inLanguage":"es","potentialAction":[{"@type":"ReadAction","target":["https:\/\/diariotextual.com\/inicio\/index.php\/2021\/11\/26\/marzo-de-2021-el-mes-que-mas-denuncias-de-violencia-de-genero-se-recibieron\/"]}]},{"@type":"ImageObject","inLanguage":"es","@id":"https:\/\/diariotextual.com\/inicio\/index.php\/2021\/11\/26\/marzo-de-2021-el-mes-que-mas-denuncias-de-violencia-de-genero-se-recibieron\/#primaryimage","url":"https:\/\/diariotextual.com\/inicio\/wp-content\/uploads\/2018\/11\/niunamenos9121111.jpg","contentUrl":"https:\/\/diariotextual.com\/inicio\/wp-content\/uploads\/2018\/11\/niunamenos9121111.jpg","width":580,"height":350},{"@type":"BreadcrumbList","@id":"https:\/\/diariotextual.com\/inicio\/index.php\/2021\/11\/26\/marzo-de-2021-el-mes-que-mas-denuncias-de-violencia-de-genero-se-recibieron\/#breadcrumb","itemListElement":[{"@type":"ListItem","position":1,"name":"Portada","item":"https:\/\/diariotextual.com\/inicio\/"},{"@type":"ListItem","position":2,"name":"Marzo de 2021, el mes que m\u00e1s denuncias de violencia de g\u00e9nero se recibieron"}]},{"@type":"WebSite","@id":"https:\/\/diariotextual.com\/inicio\/#website","url":"https:\/\/diariotextual.com\/inicio\/","name":"Diario Textual","description":"","publisher":{"@id":"https:\/\/diariotextual.com\/inicio\/#organization"},"potentialAction":[{"@type":"SearchAction","target":{"@type":"EntryPoint","urlTemplate":"https:\/\/diariotextual.com\/inicio\/?s={search_term_string}"},"query-input":{"@type":"PropertyValueSpecification","valueRequired":true,"valueName":"search_term_string"}}],"inLanguage":"es"},{"@type":"Organization","@id":"https:\/\/diariotextual.com\/inicio\/#organization","name":"Diario Textual","url":"https:\/\/diariotextual.com\/inicio\/","logo":{"@type":"ImageObject","inLanguage":"es","@id":"https:\/\/diariotextual.com\/inicio\/#\/schema\/logo\/image\/","url":"https:\/\/diariotextual.com\/inicio\/wp-content\/uploads\/2023\/05\/logotextual1.jpg","contentUrl":"https:\/\/diariotextual.com\/inicio\/wp-content\/uploads\/2023\/05\/logotextual1.jpg","width":516,"height":76,"caption":"Diario Textual"},"image":{"@id":"https:\/\/diariotextual.com\/inicio\/#\/schema\/logo\/image\/"},"sameAs":["https:\/\/www.facebook.com\/eltextual","https:\/\/x.com\/eltextual","http:\/\/www.instagram.com\/eltextual"]},{"@type":"Person","@id":"https:\/\/diariotextual.com\/inicio\/#\/schema\/person\/418fc4093c33e86ed41562db3508f958","name":"Diario1 Diario1","image":{"@type":"ImageObject","inLanguage":"es","@id":"https:\/\/secure.gravatar.com\/avatar\/9167d280179c85bc18be67aa7eda765854300033af4896dd779b608640f2ef7a?s=96&d=mm&r=g","url":"https:\/\/secure.gravatar.com\/avatar\/9167d280179c85bc18be67aa7eda765854300033af4896dd779b608640f2ef7a?s=96&d=mm&r=g","contentUrl":"https:\/\/secure.gravatar.com\/avatar\/9167d280179c85bc18be67aa7eda765854300033af4896dd779b608640f2ef7a?s=96&d=mm&r=g","caption":"Diario1 Diario1"},"url":"https:\/\/diariotextual.com\/inicio\/index.php\/author\/diario1\/"}]}},"_links":{"self":[{"href":"https:\/\/diariotextual.com\/inicio\/index.php\/wp-json\/wp\/v2\/posts\/170242","targetHints":{"allow":["GET"]}}],"collection":[{"href":"https:\/\/diariotextual.com\/inicio\/index.php\/wp-json\/wp\/v2\/posts"}],"about":[{"href":"https:\/\/diariotextual.com\/inicio\/index.php\/wp-json\/wp\/v2\/types\/post"}],"author":[{"embeddable":true,"href":"https:\/\/diariotextual.com\/inicio\/index.php\/wp-json\/wp\/v2\/users\/3"}],"replies":[{"embeddable":true,"href":"https:\/\/diariotextual.com\/inicio\/index.php\/wp-json\/wp\/v2\/comments?post=170242"}],"version-history":[{"count":1,"href":"https:\/\/diariotextual.com\/inicio\/index.php\/wp-json\/wp\/v2\/posts\/170242\/revisions"}],"predecessor-version":[{"id":170243,"href":"https:\/\/diariotextual.com\/inicio\/index.php\/wp-json\/wp\/v2\/posts\/170242\/revisions\/170243"}],"wp:featuredmedia":[{"embeddable":true,"href":"https:\/\/diariotextual.com\/inicio\/index.php\/wp-json\/wp\/v2\/media\/26851"}],"wp:attachment":[{"href":"https:\/\/diariotextual.com\/inicio\/index.php\/wp-json\/wp\/v2\/media?parent=170242"}],"wp:term":[{"taxonomy":"category","embeddable":true,"href":"https:\/\/diariotextual.com\/inicio\/index.php\/wp-json\/wp\/v2\/categories?post=170242"},{"taxonomy":"post_tag","embeddable":true,"href":"https:\/\/diariotextual.com\/inicio\/index.php\/wp-json\/wp\/v2\/tags?post=170242"}],"curies":[{"name":"wp","href":"https:\/\/api.w.org\/{rel}","templated":true}]}}