{"id":170269,"date":"2021-11-26T18:12:31","date_gmt":"2021-11-26T21:12:31","guid":{"rendered":"https:\/\/diariotextual.com\/inicio\/?p=170269"},"modified":"2021-11-28T10:56:33","modified_gmt":"2021-11-28T13:56:33","slug":"vizzotti-y-los-ministros-de-salud-acuerdan-un-pase-sanitario-para-actividades-de-mayor-riesgo","status":"publish","type":"post","link":"https:\/\/diariotextual.com\/inicio\/index.php\/2021\/11\/26\/vizzotti-y-los-ministros-de-salud-acuerdan-un-pase-sanitario-para-actividades-de-mayor-riesgo\/","title":{"rendered":"Vizzotti y los ministros de Salud acuerdan un pase sanitario para eventos masivos"},"content":{"rendered":"\n<p>La ministra de Salud de la Naci\u00f3n,<strong> Carla Vizzotti<\/strong>, inform\u00f3 que el uno de los consensos logrado en el marco del Consejo Federal de Salud (Cofesa) fue habilitar un <strong>\u00abpase sanitario para actividades de mayor riesgo, sobre todo para eventos masivos y en espacios cerrados\u00bb<\/strong>, que se podr\u00e1 obtener para mayores de 13 a\u00f1os a trav\u00e9s de la app Cuidar.<\/p>\n\n\n\n<p>La semana pasada, el subsecretario de Salud de La Pampa, Gustavo Vera, consider\u00f3 que deber\u00eda analizarse la implementaci\u00f3n en todo el pa\u00eds un&nbsp;<strong>pase sanitario<\/strong>&nbsp;para los vacunados contra el coronavirus y, as\u00ed, alentar la inmunizaci\u00f3n y bajar las posibilidades de una nueva ola de covid en el oto\u00f1o de 2022. <strong>\u201cEs una idea del Ministerio de Salud de La Pampa\u201d<\/strong>, dijo el funcionario al ser consultado por&nbsp;<strong>Diario Textual<\/strong>. \u201cTodav\u00eda no est\u00e1 hablado en el Cofesa, pero pretendemos llevar all\u00ed el debate\u00bb, dijo. Ahora, finalmente, el tema fue tratado en ese organismo.<\/p>\n\n\n\n<figure class=\"wp-block-embed is-type-wp-embed is-provider-diario-textual wp-block-embed-diario-textual\"><div class=\"wp-block-embed__wrapper\">\n<blockquote class=\"wp-embedded-content\" data-secret=\"jQ9xp8pFKu\"><a href=\"https:\/\/diariotextual.com\/inicio\/index.php\/2021\/11\/26\/se-confirmo-otra-vez-la-circulacion-comunitaria-de-la-delta-en-la-pampa-otros-6-casos\/\">Se confirm\u00f3 otra vez la circulaci\u00f3n comunitaria de la Delta en La Pampa: otros 6 casos<\/a><\/blockquote><iframe class=\"wp-embedded-content\" sandbox=\"allow-scripts\" security=\"restricted\" style=\"position: absolute; clip: rect(1px, 1px, 1px, 1px);\" title=\"\u00abSe confirm\u00f3 otra vez la circulaci\u00f3n comunitaria de la Delta en La Pampa: otros 6 casos\u00bb \u2014 Diario Textual\" src=\"https:\/\/diariotextual.com\/inicio\/index.php\/2021\/11\/26\/se-confirmo-otra-vez-la-circulacion-comunitaria-de-la-delta-en-la-pampa-otros-6-casos\/embed\/#?secret=jQ9xp8pFKu\" data-secret=\"jQ9xp8pFKu\" width=\"600\" height=\"338\" frameborder=\"0\" marginwidth=\"0\" marginheight=\"0\" scrolling=\"no\"><\/iframe>\n<\/div><\/figure>\n\n\n\n<p>\u201cEsta pandemia no termin\u00f3\u00bb, dijo hoy Vizzotti. \u00abLo decimos hasta en la mejor situaci\u00f3n epidemiol\u00f3gica. Hasta que todos los pa\u00edses no accedan a las vacunas, pod\u00eda emerger una nueva cepa que pusiera en peligro el avance en todo el mundo. Esto es lo que se est\u00e1 registrando en todo el mundo, con una variante del sur de \u00c1frica que la OMS ha definido como variante de preocupaci\u00f3n\u201d, expres\u00f3 la ministra en conferencia de prensa.<\/p>\n\n\n\n<p>La funcionaria la describi\u00f3 como \u201cm\u00e1s transmisible\u201d, aunque se\u00f1al\u00f3 que todav\u00eda falta generar informaci\u00f3n sobre su letalidad y cobertura por parte de las vacunas. \u201cEn la Argentina estamos en una situaci\u00f3n epidemiol\u00f3gica favorable, con un n\u00famero de casos estable, bajo\u201d, dijo. \u201cPero estamos viendo lo que est\u00e1 pasando en Europa\u201d.<\/p>\n\n\n\n<p>La conferencia de prensa tuvo lugar inmediatamente despu\u00e9s de una nueva reuni\u00f3n del Consejo Federal de Salud (Cofesa) en el que se re\u00fanen las ministras y los ministros de las 24 jurisdicciones del pa\u00eds para analizar la situaci\u00f3n epidemiol\u00f3gica. Esta vez se evaluaron&nbsp;<strong>\u201clos pr\u00f3ximos desaf\u00edos en relaci\u00f3n a la respuesta a la pandemia por COVID-19,&nbsp;<\/strong>as\u00ed como para alcanzar consensos y definir estrategias conjuntas sobre los principales ejes de la pol\u00edtica sanitaria\u201d, se inform\u00f3 desde Salud.<\/p>\n\n\n\n<p>El Ministerio de Salud de la Naci\u00f3n indic\u00f3 este viernes que,&nbsp;<strong>en las \u00faltimas 24 horas, se registraron 25 muertes y 1.912 nuevos contagios de coronavirus.&nbsp;<\/strong>Con estos datos, el pa\u00eds acumula un total de 5.324.039 casos positivos desde el comienzo de la pandemia. En tanto, los fallecimientos fueron 116.505.<\/p>\n\n\n\n<p>En ese encuentro, Vizzotti transmiti\u00f3 \u201cpreocupaci\u00f3n por la situaci\u00f3n epidemiol\u00f3gica que atraviesa el hemisferio norte y la emergencia de una nueva variante en el sur de \u00c1frica\u201d. Y afirm\u00f3 que, en relaci\u00f3n al avance de vacunaci\u00f3n y las particularidades del pa\u00eds,&nbsp;<strong>\u201cla Argentina tiene una situaci\u00f3n que no es comparable con el hemisferio norte\u201d.<\/strong>&nbsp;De esta manera, la ministra convoc\u00f3 a sus pares a \u201canalizar la situaci\u00f3n, consensuar, transmitir esos consensos y hacer lo que tenemos que hacer nosotros como pa\u00eds\u201d, aunque aclar\u00f3, en el mismo sentido, que esas medidas&nbsp;<strong>\u201cno necesariamente son las que se est\u00e1n tomando en otros lados\u201d.<\/strong><\/p>\n\n\n\n<p>Del Cofesa, que se realiz\u00f3 de manera presencial en el Palacio San Mart\u00edn, participaron los ministros de las provincias de Buenos Aires, Nicol\u00e1s Kreplak; de Catamarca, Claudia Palladino; de Chaco, Carolina Centeno; de Chubut, Fabi\u00e1n Puratich; de la Ciudad Aut\u00f3noma de Buenos Aires, Fern\u00e1n Gonz\u00e1lez Bernaldo de Quir\u00f3s; de Entre R\u00edos, Sonia Vel\u00e1zquez; de Jujuy, Gustavo Bouhid; de La Pampa, Mario Rub\u00e9n Kohan; de La Rioja, Juan Carlos Vergara; de Mendoza, Ana Mar\u00eda Nadal; de Misiones, Oscar Francisco Alarc\u00f3n; de Neuqu\u00e9n, Andrea Peve; de R\u00edo Negro, Luis Fabi\u00e1n Zgaib; de Salta, Juan Jos\u00e9 Esteban Quinteros; de San Juan, Silvia Venerando; de San Luis, Silvia Sosa Araujo; de Santa Cruz, Claudio Jos\u00e9 Garc\u00eda; de Santiago del Estero, Natividad Nassif; de Tierra del Fuego, Judit Di Giglio y de Tucum\u00e1n, Rossana Chahla. Tambi\u00e9n el secretario de Salud de C\u00f3rdoba, Pablo Carvajal; su par de Santa Fe, Jorge Prieto; la directora de Epidemiolog\u00eda de Corrientes, Ang\u00e9lica Bobadilla y la de Formosa, Claudia Rodr\u00edguez.<\/p>\n\n\n\n<figure class=\"wp-block-embed is-type-wp-embed is-provider-diario-textual wp-block-embed-diario-textual\"><div class=\"wp-block-embed__wrapper\">\n<blockquote class=\"wp-embedded-content\" data-secret=\"J4rSUWbocI\"><a href=\"https:\/\/diariotextual.com\/inicio\/index.php\/2021\/11\/20\/la-pampa-a-favor-de-implementar-un-pase-sanitario\/\">Covid: La Pampa, a favor de implementar un pase sanitario<\/a><\/blockquote><iframe class=\"wp-embedded-content\" sandbox=\"allow-scripts\" security=\"restricted\" style=\"position: absolute; clip: rect(1px, 1px, 1px, 1px);\" title=\"\u00abCovid: La Pampa, a favor de implementar un pase sanitario\u00bb \u2014 Diario Textual\" src=\"https:\/\/diariotextual.com\/inicio\/index.php\/2021\/11\/20\/la-pampa-a-favor-de-implementar-un-pase-sanitario\/embed\/#?secret=J4rSUWbocI\" data-secret=\"J4rSUWbocI\" width=\"600\" height=\"338\" frameborder=\"0\" marginwidth=\"0\" marginheight=\"0\" scrolling=\"no\"><\/iframe>\n<\/div><\/figure>\n\n\n\n<p><\/p>\n","protected":false},"excerpt":{"rendered":"<p>La ministra de Salud de la Naci\u00f3n, Carla Vizzotti, inform\u00f3 que el uno de los consensos logrado en el marco del Consejo Federal de Salud (Cofesa) fue habilitar un \u00abpase&hellip;<\/p>\n","protected":false},"author":3,"featured_media":170287,"comment_status":"closed","ping_status":"open","sticky":false,"template":"","format":"standard","meta":{"_acf_changed":false,"footnotes":""},"categories":[11,12],"tags":[6326,5036],"class_list":["post-170269","post","type-post","status-publish","format-standard","has-post-thumbnail","hentry","category-que-pasa","category-sociedad","tag-pase","tag-vizzotti"],"acf":[],"yoast_head":"<!-- This site is optimized with the Yoast SEO plugin v27.5 - https:\/\/yoast.com\/product\/yoast-seo-wordpress\/ -->\n<title>Vizzotti y los ministros de Salud acuerdan un pase sanitario para eventos masivos - Diario Textual<\/title>\n<meta name=\"robots\" content=\"index, follow, max-snippet:-1, max-image-preview:large, max-video-preview:-1\" \/>\n<link rel=\"canonical\" href=\"https:\/\/diariotextual.com\/inicio\/index.php\/2021\/11\/26\/vizzotti-y-los-ministros-de-salud-acuerdan-un-pase-sanitario-para-actividades-de-mayor-riesgo\/\" \/>\n<meta property=\"og:locale\" content=\"es_ES\" \/>\n<meta property=\"og:type\" content=\"article\" \/>\n<meta property=\"og:title\" content=\"Vizzotti y los ministros de Salud acuerdan un pase sanitario para eventos masivos - Diario Textual\" \/>\n<meta property=\"og:description\" content=\"La ministra de Salud de la Naci\u00f3n, Carla Vizzotti, inform\u00f3 que el uno de los consensos logrado en el marco del Consejo Federal de Salud (Cofesa) fue habilitar un \u00abpase&hellip;\" \/>\n<meta property=\"og:url\" content=\"https:\/\/diariotextual.com\/inicio\/index.php\/2021\/11\/26\/vizzotti-y-los-ministros-de-salud-acuerdan-un-pase-sanitario-para-actividades-de-mayor-riesgo\/\" \/>\n<meta property=\"og:site_name\" content=\"Diario Textual\" \/>\n<meta property=\"article:publisher\" content=\"https:\/\/www.facebook.com\/eltextual\" \/>\n<meta property=\"article:published_time\" content=\"2021-11-26T21:12:31+00:00\" \/>\n<meta property=\"article:modified_time\" content=\"2021-11-28T13:56:33+00:00\" \/>\n<meta property=\"og:image\" content=\"https:\/\/diariotextual.com\/inicio\/wp-content\/uploads\/2021\/11\/vizzotticarlatelam2021-7.jpg\" \/>\n\t<meta property=\"og:image:width\" content=\"866\" \/>\n\t<meta property=\"og:image:height\" content=\"587\" \/>\n\t<meta property=\"og:image:type\" content=\"image\/jpeg\" \/>\n<meta name=\"author\" content=\"Diario1 Diario1\" \/>\n<meta name=\"twitter:card\" content=\"summary_large_image\" \/>\n<meta name=\"twitter:creator\" content=\"@eltextual\" \/>\n<meta name=\"twitter:site\" content=\"@eltextual\" \/>\n<meta name=\"twitter:label1\" content=\"Escrito por\" \/>\n\t<meta name=\"twitter:data1\" content=\"Diario1 Diario1\" \/>\n\t<meta name=\"twitter:label2\" content=\"Tiempo de lectura\" \/>\n\t<meta name=\"twitter:data2\" content=\"3 minutos\" \/>\n<script type=\"application\/ld+json\" class=\"yoast-schema-graph\">{\"@context\":\"https:\\\/\\\/schema.org\",\"@graph\":[{\"@type\":\"Article\",\"@id\":\"https:\\\/\\\/diariotextual.com\\\/inicio\\\/index.php\\\/2021\\\/11\\\/26\\\/vizzotti-y-los-ministros-de-salud-acuerdan-un-pase-sanitario-para-actividades-de-mayor-riesgo\\\/#article\",\"isPartOf\":{\"@id\":\"https:\\\/\\\/diariotextual.com\\\/inicio\\\/index.php\\\/2021\\\/11\\\/26\\\/vizzotti-y-los-ministros-de-salud-acuerdan-un-pase-sanitario-para-actividades-de-mayor-riesgo\\\/\"},\"author\":{\"name\":\"Diario1 Diario1\",\"@id\":\"https:\\\/\\\/diariotextual.com\\\/inicio\\\/#\\\/schema\\\/person\\\/418fc4093c33e86ed41562db3508f958\"},\"headline\":\"Vizzotti y los ministros de Salud acuerdan un pase sanitario para eventos masivos\",\"datePublished\":\"2021-11-26T21:12:31+00:00\",\"dateModified\":\"2021-11-28T13:56:33+00:00\",\"mainEntityOfPage\":{\"@id\":\"https:\\\/\\\/diariotextual.com\\\/inicio\\\/index.php\\\/2021\\\/11\\\/26\\\/vizzotti-y-los-ministros-de-salud-acuerdan-un-pase-sanitario-para-actividades-de-mayor-riesgo\\\/\"},\"wordCount\":760,\"publisher\":{\"@id\":\"https:\\\/\\\/diariotextual.com\\\/inicio\\\/#organization\"},\"image\":{\"@id\":\"https:\\\/\\\/diariotextual.com\\\/inicio\\\/index.php\\\/2021\\\/11\\\/26\\\/vizzotti-y-los-ministros-de-salud-acuerdan-un-pase-sanitario-para-actividades-de-mayor-riesgo\\\/#primaryimage\"},\"thumbnailUrl\":\"https:\\\/\\\/diariotextual.com\\\/inicio\\\/wp-content\\\/uploads\\\/2021\\\/11\\\/vizzotticarlatelam2021-7.jpg\",\"keywords\":[\"pase\",\"vizzotti\"],\"articleSection\":[\"A - QUE PASA (al costado)\",\"SOCIEDAD\"],\"inLanguage\":\"es\"},{\"@type\":\"WebPage\",\"@id\":\"https:\\\/\\\/diariotextual.com\\\/inicio\\\/index.php\\\/2021\\\/11\\\/26\\\/vizzotti-y-los-ministros-de-salud-acuerdan-un-pase-sanitario-para-actividades-de-mayor-riesgo\\\/\",\"url\":\"https:\\\/\\\/diariotextual.com\\\/inicio\\\/index.php\\\/2021\\\/11\\\/26\\\/vizzotti-y-los-ministros-de-salud-acuerdan-un-pase-sanitario-para-actividades-de-mayor-riesgo\\\/\",\"name\":\"Vizzotti y los ministros de Salud acuerdan un pase sanitario para eventos masivos - Diario Textual\",\"isPartOf\":{\"@id\":\"https:\\\/\\\/diariotextual.com\\\/inicio\\\/#website\"},\"primaryImageOfPage\":{\"@id\":\"https:\\\/\\\/diariotextual.com\\\/inicio\\\/index.php\\\/2021\\\/11\\\/26\\\/vizzotti-y-los-ministros-de-salud-acuerdan-un-pase-sanitario-para-actividades-de-mayor-riesgo\\\/#primaryimage\"},\"image\":{\"@id\":\"https:\\\/\\\/diariotextual.com\\\/inicio\\\/index.php\\\/2021\\\/11\\\/26\\\/vizzotti-y-los-ministros-de-salud-acuerdan-un-pase-sanitario-para-actividades-de-mayor-riesgo\\\/#primaryimage\"},\"thumbnailUrl\":\"https:\\\/\\\/diariotextual.com\\\/inicio\\\/wp-content\\\/uploads\\\/2021\\\/11\\\/vizzotticarlatelam2021-7.jpg\",\"datePublished\":\"2021-11-26T21:12:31+00:00\",\"dateModified\":\"2021-11-28T13:56:33+00:00\",\"breadcrumb\":{\"@id\":\"https:\\\/\\\/diariotextual.com\\\/inicio\\\/index.php\\\/2021\\\/11\\\/26\\\/vizzotti-y-los-ministros-de-salud-acuerdan-un-pase-sanitario-para-actividades-de-mayor-riesgo\\\/#breadcrumb\"},\"inLanguage\":\"es\",\"potentialAction\":[{\"@type\":\"ReadAction\",\"target\":[\"https:\\\/\\\/diariotextual.com\\\/inicio\\\/index.php\\\/2021\\\/11\\\/26\\\/vizzotti-y-los-ministros-de-salud-acuerdan-un-pase-sanitario-para-actividades-de-mayor-riesgo\\\/\"]}]},{\"@type\":\"ImageObject\",\"inLanguage\":\"es\",\"@id\":\"https:\\\/\\\/diariotextual.com\\\/inicio\\\/index.php\\\/2021\\\/11\\\/26\\\/vizzotti-y-los-ministros-de-salud-acuerdan-un-pase-sanitario-para-actividades-de-mayor-riesgo\\\/#primaryimage\",\"url\":\"https:\\\/\\\/diariotextual.com\\\/inicio\\\/wp-content\\\/uploads\\\/2021\\\/11\\\/vizzotticarlatelam2021-7.jpg\",\"contentUrl\":\"https:\\\/\\\/diariotextual.com\\\/inicio\\\/wp-content\\\/uploads\\\/2021\\\/11\\\/vizzotticarlatelam2021-7.jpg\",\"width\":866,\"height\":587},{\"@type\":\"BreadcrumbList\",\"@id\":\"https:\\\/\\\/diariotextual.com\\\/inicio\\\/index.php\\\/2021\\\/11\\\/26\\\/vizzotti-y-los-ministros-de-salud-acuerdan-un-pase-sanitario-para-actividades-de-mayor-riesgo\\\/#breadcrumb\",\"itemListElement\":[{\"@type\":\"ListItem\",\"position\":1,\"name\":\"Portada\",\"item\":\"https:\\\/\\\/diariotextual.com\\\/inicio\\\/\"},{\"@type\":\"ListItem\",\"position\":2,\"name\":\"Vizzotti y los ministros de Salud acuerdan un pase sanitario para eventos masivos\"}]},{\"@type\":\"WebSite\",\"@id\":\"https:\\\/\\\/diariotextual.com\\\/inicio\\\/#website\",\"url\":\"https:\\\/\\\/diariotextual.com\\\/inicio\\\/\",\"name\":\"Diario Textual\",\"description\":\"\",\"publisher\":{\"@id\":\"https:\\\/\\\/diariotextual.com\\\/inicio\\\/#organization\"},\"potentialAction\":[{\"@type\":\"SearchAction\",\"target\":{\"@type\":\"EntryPoint\",\"urlTemplate\":\"https:\\\/\\\/diariotextual.com\\\/inicio\\\/?s={search_term_string}\"},\"query-input\":{\"@type\":\"PropertyValueSpecification\",\"valueRequired\":true,\"valueName\":\"search_term_string\"}}],\"inLanguage\":\"es\"},{\"@type\":\"Organization\",\"@id\":\"https:\\\/\\\/diariotextual.com\\\/inicio\\\/#organization\",\"name\":\"Diario Textual\",\"url\":\"https:\\\/\\\/diariotextual.com\\\/inicio\\\/\",\"logo\":{\"@type\":\"ImageObject\",\"inLanguage\":\"es\",\"@id\":\"https:\\\/\\\/diariotextual.com\\\/inicio\\\/#\\\/schema\\\/logo\\\/image\\\/\",\"url\":\"https:\\\/\\\/diariotextual.com\\\/inicio\\\/wp-content\\\/uploads\\\/2023\\\/05\\\/logotextual1.jpg\",\"contentUrl\":\"https:\\\/\\\/diariotextual.com\\\/inicio\\\/wp-content\\\/uploads\\\/2023\\\/05\\\/logotextual1.jpg\",\"width\":516,\"height\":76,\"caption\":\"Diario Textual\"},\"image\":{\"@id\":\"https:\\\/\\\/diariotextual.com\\\/inicio\\\/#\\\/schema\\\/logo\\\/image\\\/\"},\"sameAs\":[\"https:\\\/\\\/www.facebook.com\\\/eltextual\",\"https:\\\/\\\/x.com\\\/eltextual\",\"http:\\\/\\\/www.instagram.com\\\/eltextual\"]},{\"@type\":\"Person\",\"@id\":\"https:\\\/\\\/diariotextual.com\\\/inicio\\\/#\\\/schema\\\/person\\\/418fc4093c33e86ed41562db3508f958\",\"name\":\"Diario1 Diario1\",\"image\":{\"@type\":\"ImageObject\",\"inLanguage\":\"es\",\"@id\":\"https:\\\/\\\/secure.gravatar.com\\\/avatar\\\/9167d280179c85bc18be67aa7eda765854300033af4896dd779b608640f2ef7a?s=96&d=mm&r=g\",\"url\":\"https:\\\/\\\/secure.gravatar.com\\\/avatar\\\/9167d280179c85bc18be67aa7eda765854300033af4896dd779b608640f2ef7a?s=96&d=mm&r=g\",\"contentUrl\":\"https:\\\/\\\/secure.gravatar.com\\\/avatar\\\/9167d280179c85bc18be67aa7eda765854300033af4896dd779b608640f2ef7a?s=96&d=mm&r=g\",\"caption\":\"Diario1 Diario1\"},\"url\":\"https:\\\/\\\/diariotextual.com\\\/inicio\\\/index.php\\\/author\\\/diario1\\\/\"}]}<\/script>\n<!-- \/ Yoast SEO plugin. -->","yoast_head_json":{"title":"Vizzotti y los ministros de Salud acuerdan un pase sanitario para eventos masivos - Diario Textual","robots":{"index":"index","follow":"follow","max-snippet":"max-snippet:-1","max-image-preview":"max-image-preview:large","max-video-preview":"max-video-preview:-1"},"canonical":"https:\/\/diariotextual.com\/inicio\/index.php\/2021\/11\/26\/vizzotti-y-los-ministros-de-salud-acuerdan-un-pase-sanitario-para-actividades-de-mayor-riesgo\/","og_locale":"es_ES","og_type":"article","og_title":"Vizzotti y los ministros de Salud acuerdan un pase sanitario para eventos masivos - Diario Textual","og_description":"La ministra de Salud de la Naci\u00f3n, Carla Vizzotti, inform\u00f3 que el uno de los consensos logrado en el marco del Consejo Federal de Salud (Cofesa) fue habilitar un \u00abpase&hellip;","og_url":"https:\/\/diariotextual.com\/inicio\/index.php\/2021\/11\/26\/vizzotti-y-los-ministros-de-salud-acuerdan-un-pase-sanitario-para-actividades-de-mayor-riesgo\/","og_site_name":"Diario Textual","article_publisher":"https:\/\/www.facebook.com\/eltextual","article_published_time":"2021-11-26T21:12:31+00:00","article_modified_time":"2021-11-28T13:56:33+00:00","og_image":[{"width":866,"height":587,"url":"https:\/\/diariotextual.com\/inicio\/wp-content\/uploads\/2021\/11\/vizzotticarlatelam2021-7.jpg","type":"image\/jpeg"}],"author":"Diario1 Diario1","twitter_card":"summary_large_image","twitter_creator":"@eltextual","twitter_site":"@eltextual","twitter_misc":{"Escrito por":"Diario1 Diario1","Tiempo de lectura":"3 minutos"},"schema":{"@context":"https:\/\/schema.org","@graph":[{"@type":"Article","@id":"https:\/\/diariotextual.com\/inicio\/index.php\/2021\/11\/26\/vizzotti-y-los-ministros-de-salud-acuerdan-un-pase-sanitario-para-actividades-de-mayor-riesgo\/#article","isPartOf":{"@id":"https:\/\/diariotextual.com\/inicio\/index.php\/2021\/11\/26\/vizzotti-y-los-ministros-de-salud-acuerdan-un-pase-sanitario-para-actividades-de-mayor-riesgo\/"},"author":{"name":"Diario1 Diario1","@id":"https:\/\/diariotextual.com\/inicio\/#\/schema\/person\/418fc4093c33e86ed41562db3508f958"},"headline":"Vizzotti y los ministros de Salud acuerdan un pase sanitario para eventos masivos","datePublished":"2021-11-26T21:12:31+00:00","dateModified":"2021-11-28T13:56:33+00:00","mainEntityOfPage":{"@id":"https:\/\/diariotextual.com\/inicio\/index.php\/2021\/11\/26\/vizzotti-y-los-ministros-de-salud-acuerdan-un-pase-sanitario-para-actividades-de-mayor-riesgo\/"},"wordCount":760,"publisher":{"@id":"https:\/\/diariotextual.com\/inicio\/#organization"},"image":{"@id":"https:\/\/diariotextual.com\/inicio\/index.php\/2021\/11\/26\/vizzotti-y-los-ministros-de-salud-acuerdan-un-pase-sanitario-para-actividades-de-mayor-riesgo\/#primaryimage"},"thumbnailUrl":"https:\/\/diariotextual.com\/inicio\/wp-content\/uploads\/2021\/11\/vizzotticarlatelam2021-7.jpg","keywords":["pase","vizzotti"],"articleSection":["A - QUE PASA (al costado)","SOCIEDAD"],"inLanguage":"es"},{"@type":"WebPage","@id":"https:\/\/diariotextual.com\/inicio\/index.php\/2021\/11\/26\/vizzotti-y-los-ministros-de-salud-acuerdan-un-pase-sanitario-para-actividades-de-mayor-riesgo\/","url":"https:\/\/diariotextual.com\/inicio\/index.php\/2021\/11\/26\/vizzotti-y-los-ministros-de-salud-acuerdan-un-pase-sanitario-para-actividades-de-mayor-riesgo\/","name":"Vizzotti y los ministros de Salud acuerdan un pase sanitario para eventos masivos - Diario Textual","isPartOf":{"@id":"https:\/\/diariotextual.com\/inicio\/#website"},"primaryImageOfPage":{"@id":"https:\/\/diariotextual.com\/inicio\/index.php\/2021\/11\/26\/vizzotti-y-los-ministros-de-salud-acuerdan-un-pase-sanitario-para-actividades-de-mayor-riesgo\/#primaryimage"},"image":{"@id":"https:\/\/diariotextual.com\/inicio\/index.php\/2021\/11\/26\/vizzotti-y-los-ministros-de-salud-acuerdan-un-pase-sanitario-para-actividades-de-mayor-riesgo\/#primaryimage"},"thumbnailUrl":"https:\/\/diariotextual.com\/inicio\/wp-content\/uploads\/2021\/11\/vizzotticarlatelam2021-7.jpg","datePublished":"2021-11-26T21:12:31+00:00","dateModified":"2021-11-28T13:56:33+00:00","breadcrumb":{"@id":"https:\/\/diariotextual.com\/inicio\/index.php\/2021\/11\/26\/vizzotti-y-los-ministros-de-salud-acuerdan-un-pase-sanitario-para-actividades-de-mayor-riesgo\/#breadcrumb"},"inLanguage":"es","potentialAction":[{"@type":"ReadAction","target":["https:\/\/diariotextual.com\/inicio\/index.php\/2021\/11\/26\/vizzotti-y-los-ministros-de-salud-acuerdan-un-pase-sanitario-para-actividades-de-mayor-riesgo\/"]}]},{"@type":"ImageObject","inLanguage":"es","@id":"https:\/\/diariotextual.com\/inicio\/index.php\/2021\/11\/26\/vizzotti-y-los-ministros-de-salud-acuerdan-un-pase-sanitario-para-actividades-de-mayor-riesgo\/#primaryimage","url":"https:\/\/diariotextual.com\/inicio\/wp-content\/uploads\/2021\/11\/vizzotticarlatelam2021-7.jpg","contentUrl":"https:\/\/diariotextual.com\/inicio\/wp-content\/uploads\/2021\/11\/vizzotticarlatelam2021-7.jpg","width":866,"height":587},{"@type":"BreadcrumbList","@id":"https:\/\/diariotextual.com\/inicio\/index.php\/2021\/11\/26\/vizzotti-y-los-ministros-de-salud-acuerdan-un-pase-sanitario-para-actividades-de-mayor-riesgo\/#breadcrumb","itemListElement":[{"@type":"ListItem","position":1,"name":"Portada","item":"https:\/\/diariotextual.com\/inicio\/"},{"@type":"ListItem","position":2,"name":"Vizzotti y los ministros de Salud acuerdan un pase sanitario para eventos masivos"}]},{"@type":"WebSite","@id":"https:\/\/diariotextual.com\/inicio\/#website","url":"https:\/\/diariotextual.com\/inicio\/","name":"Diario Textual","description":"","publisher":{"@id":"https:\/\/diariotextual.com\/inicio\/#organization"},"potentialAction":[{"@type":"SearchAction","target":{"@type":"EntryPoint","urlTemplate":"https:\/\/diariotextual.com\/inicio\/?s={search_term_string}"},"query-input":{"@type":"PropertyValueSpecification","valueRequired":true,"valueName":"search_term_string"}}],"inLanguage":"es"},{"@type":"Organization","@id":"https:\/\/diariotextual.com\/inicio\/#organization","name":"Diario Textual","url":"https:\/\/diariotextual.com\/inicio\/","logo":{"@type":"ImageObject","inLanguage":"es","@id":"https:\/\/diariotextual.com\/inicio\/#\/schema\/logo\/image\/","url":"https:\/\/diariotextual.com\/inicio\/wp-content\/uploads\/2023\/05\/logotextual1.jpg","contentUrl":"https:\/\/diariotextual.com\/inicio\/wp-content\/uploads\/2023\/05\/logotextual1.jpg","width":516,"height":76,"caption":"Diario Textual"},"image":{"@id":"https:\/\/diariotextual.com\/inicio\/#\/schema\/logo\/image\/"},"sameAs":["https:\/\/www.facebook.com\/eltextual","https:\/\/x.com\/eltextual","http:\/\/www.instagram.com\/eltextual"]},{"@type":"Person","@id":"https:\/\/diariotextual.com\/inicio\/#\/schema\/person\/418fc4093c33e86ed41562db3508f958","name":"Diario1 Diario1","image":{"@type":"ImageObject","inLanguage":"es","@id":"https:\/\/secure.gravatar.com\/avatar\/9167d280179c85bc18be67aa7eda765854300033af4896dd779b608640f2ef7a?s=96&d=mm&r=g","url":"https:\/\/secure.gravatar.com\/avatar\/9167d280179c85bc18be67aa7eda765854300033af4896dd779b608640f2ef7a?s=96&d=mm&r=g","contentUrl":"https:\/\/secure.gravatar.com\/avatar\/9167d280179c85bc18be67aa7eda765854300033af4896dd779b608640f2ef7a?s=96&d=mm&r=g","caption":"Diario1 Diario1"},"url":"https:\/\/diariotextual.com\/inicio\/index.php\/author\/diario1\/"}]}},"_links":{"self":[{"href":"https:\/\/diariotextual.com\/inicio\/index.php\/wp-json\/wp\/v2\/posts\/170269","targetHints":{"allow":["GET"]}}],"collection":[{"href":"https:\/\/diariotextual.com\/inicio\/index.php\/wp-json\/wp\/v2\/posts"}],"about":[{"href":"https:\/\/diariotextual.com\/inicio\/index.php\/wp-json\/wp\/v2\/types\/post"}],"author":[{"embeddable":true,"href":"https:\/\/diariotextual.com\/inicio\/index.php\/wp-json\/wp\/v2\/users\/3"}],"replies":[{"embeddable":true,"href":"https:\/\/diariotextual.com\/inicio\/index.php\/wp-json\/wp\/v2\/comments?post=170269"}],"version-history":[{"count":8,"href":"https:\/\/diariotextual.com\/inicio\/index.php\/wp-json\/wp\/v2\/posts\/170269\/revisions"}],"predecessor-version":[{"id":170289,"href":"https:\/\/diariotextual.com\/inicio\/index.php\/wp-json\/wp\/v2\/posts\/170269\/revisions\/170289"}],"wp:featuredmedia":[{"embeddable":true,"href":"https:\/\/diariotextual.com\/inicio\/index.php\/wp-json\/wp\/v2\/media\/170287"}],"wp:attachment":[{"href":"https:\/\/diariotextual.com\/inicio\/index.php\/wp-json\/wp\/v2\/media?parent=170269"}],"wp:term":[{"taxonomy":"category","embeddable":true,"href":"https:\/\/diariotextual.com\/inicio\/index.php\/wp-json\/wp\/v2\/categories?post=170269"},{"taxonomy":"post_tag","embeddable":true,"href":"https:\/\/diariotextual.com\/inicio\/index.php\/wp-json\/wp\/v2\/tags?post=170269"}],"curies":[{"name":"wp","href":"https:\/\/api.w.org\/{rel}","templated":true}]}}