{"id":170277,"date":"2021-11-26T18:25:06","date_gmt":"2021-11-26T21:25:06","guid":{"rendered":"https:\/\/diariotextual.com\/inicio\/?p=170277"},"modified":"2021-11-27T08:51:52","modified_gmt":"2021-11-27T11:51:52","slug":"se-confirmo-otra-vez-la-circulacion-comunitaria-de-la-delta-en-la-pampa-otros-6-casos","status":"publish","type":"post","link":"https:\/\/diariotextual.com\/inicio\/index.php\/2021\/11\/26\/se-confirmo-otra-vez-la-circulacion-comunitaria-de-la-delta-en-la-pampa-otros-6-casos\/","title":{"rendered":"Se confirm\u00f3 otra vez la circulaci\u00f3n comunitaria de la Delta en La Pampa: otros 6 casos"},"content":{"rendered":"\n<p>El Gobierno de la provincia de La Pampa, a trav\u00e9s del Ministerio de Salud, inform\u00f3 que en el d\u00eda de la fecha, el Instituto Malbr\u00e1n, confirm\u00f3 seis muestras detectadas para Covid como variante <strong>Delta<\/strong> por secuenciaci\u00f3n gen\u00f3mica. De esta manera, como ya hab\u00eda ocurrido hace unos d\u00edas, se est\u00e1 confirmando que esta variante, m\u00e1s contagiosa que otras, ya es de circulaci\u00f3n comunitaria en la provincia.<\/p>\n\n\n\n<p>De los seis casos informados hoy, <strong>dos son de la ciudad de Santa Rosa -uno de ellos sin vacunar, mientras el otro posee esquema completo de vacunaci\u00f3n- y cuatro de los casos son de Realic\u00f3 -dos con esquema completo de vacunaci\u00f3n y dos sin vacunar-.<\/strong><\/p>\n\n\n\n<p>Hasta el momento, se han detectado 11 casos con variante Delta. Cinco ya fueron dados a conocer con anterioridad y solo tres ten\u00edan antecedentes de viaje al exterior. Por eso, ya hab\u00eda indicios de la circulaci\u00f3n comunitaria de esta variante.<\/p>\n\n\n\n<p>Desde el mes de marzo del a\u00f1o en curso, en concepto de la vigilancia regular de las variantes de SARS CoV2, desde la Direcci\u00f3n de Epidemiologia se derivan muestras al Instituto Malbr\u00e1n para secuenciaci\u00f3n. Hasta el momento se derivaron 241 muestras correspondientes hasta el mes de noviembre, de las cuales 18 no fueron posibles de secuenciaci\u00f3n gen\u00f3mica, 40 est\u00e1n pendientes de resultados y de las restantes 183 se rescatan resultados positivos para variantes de SARS CoV 2.<br><\/p>\n\n\n\n<p>Estas \u00faltimas se distribuyen de la siguiente manera: 76% (139 casos) como variante Gamma (P.1- Manaos); 12% (22 casos) como variante Lambda (C37- Andina); 6 % (11 casos) como variante Delta (B.1.617.2- India); 2,7 % (5 casos) como variante Alpha (B.1.1.7- Reino Unido); y finalmente las ultimas 6 (3,2%) como NO VOC NO VOI (no inter\u00e9s no preocupaci\u00f3n).<\/p>\n\n\n\n<p><\/p>\n\n\n\n<figure class=\"wp-block-embed is-type-wp-embed is-provider-diario-textual wp-block-embed-diario-textual\"><div class=\"wp-block-embed__wrapper\">\n<blockquote class=\"wp-embedded-content\" data-secret=\"QttGYH2wqy\"><a href=\"https:\/\/diariotextual.com\/inicio\/index.php\/2021\/11\/26\/vizzotti-y-los-ministros-de-salud-acuerdan-un-pase-sanitario-para-actividades-de-mayor-riesgo\/\">Vizzotti y los ministros de Salud acuerdan un pase sanitario para &#8220;actividades de mayor riesgo&#8221;<\/a><\/blockquote><iframe class=\"wp-embedded-content\" sandbox=\"allow-scripts\" security=\"restricted\" style=\"position: absolute; clip: rect(1px, 1px, 1px, 1px);\" title=\"\u00abVizzotti y los ministros de Salud acuerdan un pase sanitario para &#8220;actividades de mayor riesgo&#8221;\u00bb \u2014 Diario Textual\" src=\"https:\/\/diariotextual.com\/inicio\/index.php\/2021\/11\/26\/vizzotti-y-los-ministros-de-salud-acuerdan-un-pase-sanitario-para-actividades-de-mayor-riesgo\/embed\/#?secret=QttGYH2wqy\" data-secret=\"QttGYH2wqy\" width=\"600\" height=\"338\" frameborder=\"0\" marginwidth=\"0\" marginheight=\"0\" scrolling=\"no\"><\/iframe>\n<\/div><\/figure>\n\n\n\n<p><\/p>\n","protected":false},"excerpt":{"rendered":"<p>El Gobierno de la provincia de La Pampa, a trav\u00e9s del Ministerio de Salud, inform\u00f3 que en el d\u00eda de la fecha, el Instituto Malbr\u00e1n, confirm\u00f3 seis muestras detectadas para&hellip;<\/p>\n","protected":false},"author":3,"featured_media":167729,"comment_status":"closed","ping_status":"open","sticky":false,"template":"","format":"standard","meta":{"_acf_changed":false,"footnotes":""},"categories":[10,12],"tags":[5701],"class_list":["post-170277","post","type-post","status-publish","format-standard","has-post-thumbnail","hentry","category-portada-2","category-sociedad","tag-delta"],"acf":[],"yoast_head":"<!-- This site is optimized with the Yoast SEO plugin v27.5 - https:\/\/yoast.com\/product\/yoast-seo-wordpress\/ -->\n<title>Se confirm\u00f3 otra vez la circulaci\u00f3n comunitaria de la Delta en La Pampa: otros 6 casos - Diario Textual<\/title>\n<meta name=\"robots\" content=\"index, follow, max-snippet:-1, max-image-preview:large, max-video-preview:-1\" \/>\n<link rel=\"canonical\" href=\"https:\/\/diariotextual.com\/inicio\/index.php\/2021\/11\/26\/se-confirmo-otra-vez-la-circulacion-comunitaria-de-la-delta-en-la-pampa-otros-6-casos\/\" \/>\n<meta property=\"og:locale\" content=\"es_ES\" \/>\n<meta property=\"og:type\" content=\"article\" \/>\n<meta property=\"og:title\" content=\"Se confirm\u00f3 otra vez la circulaci\u00f3n comunitaria de la Delta en La Pampa: otros 6 casos - Diario Textual\" \/>\n<meta property=\"og:description\" content=\"El Gobierno de la provincia de La Pampa, a trav\u00e9s del Ministerio de Salud, inform\u00f3 que en el d\u00eda de la fecha, el Instituto Malbr\u00e1n, confirm\u00f3 seis muestras detectadas para&hellip;\" \/>\n<meta property=\"og:url\" content=\"https:\/\/diariotextual.com\/inicio\/index.php\/2021\/11\/26\/se-confirmo-otra-vez-la-circulacion-comunitaria-de-la-delta-en-la-pampa-otros-6-casos\/\" \/>\n<meta property=\"og:site_name\" content=\"Diario Textual\" \/>\n<meta property=\"article:publisher\" content=\"https:\/\/www.facebook.com\/eltextual\" \/>\n<meta property=\"article:published_time\" content=\"2021-11-26T21:25:06+00:00\" \/>\n<meta property=\"article:modified_time\" content=\"2021-11-27T11:51:52+00:00\" \/>\n<meta property=\"og:image\" content=\"https:\/\/diariotextual.com\/inicio\/wp-content\/uploads\/2021\/11\/coronavirustest2001.jpg\" \/>\n\t<meta property=\"og:image:width\" content=\"1200\" \/>\n\t<meta property=\"og:image:height\" content=\"675\" \/>\n\t<meta property=\"og:image:type\" content=\"image\/jpeg\" \/>\n<meta name=\"author\" content=\"Diario1 Diario1\" \/>\n<meta name=\"twitter:card\" content=\"summary_large_image\" \/>\n<meta name=\"twitter:creator\" content=\"@eltextual\" \/>\n<meta name=\"twitter:site\" content=\"@eltextual\" \/>\n<meta name=\"twitter:label1\" content=\"Escrito por\" \/>\n\t<meta name=\"twitter:data1\" content=\"Diario1 Diario1\" \/>\n\t<meta name=\"twitter:label2\" content=\"Tiempo de lectura\" \/>\n\t<meta name=\"twitter:data2\" content=\"2 minutos\" \/>\n<script type=\"application\/ld+json\" class=\"yoast-schema-graph\">{\"@context\":\"https:\\\/\\\/schema.org\",\"@graph\":[{\"@type\":\"Article\",\"@id\":\"https:\\\/\\\/diariotextual.com\\\/inicio\\\/index.php\\\/2021\\\/11\\\/26\\\/se-confirmo-otra-vez-la-circulacion-comunitaria-de-la-delta-en-la-pampa-otros-6-casos\\\/#article\",\"isPartOf\":{\"@id\":\"https:\\\/\\\/diariotextual.com\\\/inicio\\\/index.php\\\/2021\\\/11\\\/26\\\/se-confirmo-otra-vez-la-circulacion-comunitaria-de-la-delta-en-la-pampa-otros-6-casos\\\/\"},\"author\":{\"name\":\"Diario1 Diario1\",\"@id\":\"https:\\\/\\\/diariotextual.com\\\/inicio\\\/#\\\/schema\\\/person\\\/418fc4093c33e86ed41562db3508f958\"},\"headline\":\"Se confirm\u00f3 otra vez la circulaci\u00f3n comunitaria de la Delta en La Pampa: otros 6 casos\",\"datePublished\":\"2021-11-26T21:25:06+00:00\",\"dateModified\":\"2021-11-27T11:51:52+00:00\",\"mainEntityOfPage\":{\"@id\":\"https:\\\/\\\/diariotextual.com\\\/inicio\\\/index.php\\\/2021\\\/11\\\/26\\\/se-confirmo-otra-vez-la-circulacion-comunitaria-de-la-delta-en-la-pampa-otros-6-casos\\\/\"},\"wordCount\":317,\"publisher\":{\"@id\":\"https:\\\/\\\/diariotextual.com\\\/inicio\\\/#organization\"},\"image\":{\"@id\":\"https:\\\/\\\/diariotextual.com\\\/inicio\\\/index.php\\\/2021\\\/11\\\/26\\\/se-confirmo-otra-vez-la-circulacion-comunitaria-de-la-delta-en-la-pampa-otros-6-casos\\\/#primaryimage\"},\"thumbnailUrl\":\"https:\\\/\\\/diariotextual.com\\\/inicio\\\/wp-content\\\/uploads\\\/2021\\\/11\\\/coronavirustest2001.jpg\",\"keywords\":[\"delta\"],\"articleSection\":[\"A - PORTADA2\",\"SOCIEDAD\"],\"inLanguage\":\"es\"},{\"@type\":\"WebPage\",\"@id\":\"https:\\\/\\\/diariotextual.com\\\/inicio\\\/index.php\\\/2021\\\/11\\\/26\\\/se-confirmo-otra-vez-la-circulacion-comunitaria-de-la-delta-en-la-pampa-otros-6-casos\\\/\",\"url\":\"https:\\\/\\\/diariotextual.com\\\/inicio\\\/index.php\\\/2021\\\/11\\\/26\\\/se-confirmo-otra-vez-la-circulacion-comunitaria-de-la-delta-en-la-pampa-otros-6-casos\\\/\",\"name\":\"Se confirm\u00f3 otra vez la circulaci\u00f3n comunitaria de la Delta en La Pampa: otros 6 casos - Diario Textual\",\"isPartOf\":{\"@id\":\"https:\\\/\\\/diariotextual.com\\\/inicio\\\/#website\"},\"primaryImageOfPage\":{\"@id\":\"https:\\\/\\\/diariotextual.com\\\/inicio\\\/index.php\\\/2021\\\/11\\\/26\\\/se-confirmo-otra-vez-la-circulacion-comunitaria-de-la-delta-en-la-pampa-otros-6-casos\\\/#primaryimage\"},\"image\":{\"@id\":\"https:\\\/\\\/diariotextual.com\\\/inicio\\\/index.php\\\/2021\\\/11\\\/26\\\/se-confirmo-otra-vez-la-circulacion-comunitaria-de-la-delta-en-la-pampa-otros-6-casos\\\/#primaryimage\"},\"thumbnailUrl\":\"https:\\\/\\\/diariotextual.com\\\/inicio\\\/wp-content\\\/uploads\\\/2021\\\/11\\\/coronavirustest2001.jpg\",\"datePublished\":\"2021-11-26T21:25:06+00:00\",\"dateModified\":\"2021-11-27T11:51:52+00:00\",\"breadcrumb\":{\"@id\":\"https:\\\/\\\/diariotextual.com\\\/inicio\\\/index.php\\\/2021\\\/11\\\/26\\\/se-confirmo-otra-vez-la-circulacion-comunitaria-de-la-delta-en-la-pampa-otros-6-casos\\\/#breadcrumb\"},\"inLanguage\":\"es\",\"potentialAction\":[{\"@type\":\"ReadAction\",\"target\":[\"https:\\\/\\\/diariotextual.com\\\/inicio\\\/index.php\\\/2021\\\/11\\\/26\\\/se-confirmo-otra-vez-la-circulacion-comunitaria-de-la-delta-en-la-pampa-otros-6-casos\\\/\"]}]},{\"@type\":\"ImageObject\",\"inLanguage\":\"es\",\"@id\":\"https:\\\/\\\/diariotextual.com\\\/inicio\\\/index.php\\\/2021\\\/11\\\/26\\\/se-confirmo-otra-vez-la-circulacion-comunitaria-de-la-delta-en-la-pampa-otros-6-casos\\\/#primaryimage\",\"url\":\"https:\\\/\\\/diariotextual.com\\\/inicio\\\/wp-content\\\/uploads\\\/2021\\\/11\\\/coronavirustest2001.jpg\",\"contentUrl\":\"https:\\\/\\\/diariotextual.com\\\/inicio\\\/wp-content\\\/uploads\\\/2021\\\/11\\\/coronavirustest2001.jpg\",\"width\":1200,\"height\":675},{\"@type\":\"BreadcrumbList\",\"@id\":\"https:\\\/\\\/diariotextual.com\\\/inicio\\\/index.php\\\/2021\\\/11\\\/26\\\/se-confirmo-otra-vez-la-circulacion-comunitaria-de-la-delta-en-la-pampa-otros-6-casos\\\/#breadcrumb\",\"itemListElement\":[{\"@type\":\"ListItem\",\"position\":1,\"name\":\"Portada\",\"item\":\"https:\\\/\\\/diariotextual.com\\\/inicio\\\/\"},{\"@type\":\"ListItem\",\"position\":2,\"name\":\"Se confirm\u00f3 otra vez la circulaci\u00f3n comunitaria de la Delta en La Pampa: otros 6 casos\"}]},{\"@type\":\"WebSite\",\"@id\":\"https:\\\/\\\/diariotextual.com\\\/inicio\\\/#website\",\"url\":\"https:\\\/\\\/diariotextual.com\\\/inicio\\\/\",\"name\":\"Diario Textual\",\"description\":\"\",\"publisher\":{\"@id\":\"https:\\\/\\\/diariotextual.com\\\/inicio\\\/#organization\"},\"potentialAction\":[{\"@type\":\"SearchAction\",\"target\":{\"@type\":\"EntryPoint\",\"urlTemplate\":\"https:\\\/\\\/diariotextual.com\\\/inicio\\\/?s={search_term_string}\"},\"query-input\":{\"@type\":\"PropertyValueSpecification\",\"valueRequired\":true,\"valueName\":\"search_term_string\"}}],\"inLanguage\":\"es\"},{\"@type\":\"Organization\",\"@id\":\"https:\\\/\\\/diariotextual.com\\\/inicio\\\/#organization\",\"name\":\"Diario Textual\",\"url\":\"https:\\\/\\\/diariotextual.com\\\/inicio\\\/\",\"logo\":{\"@type\":\"ImageObject\",\"inLanguage\":\"es\",\"@id\":\"https:\\\/\\\/diariotextual.com\\\/inicio\\\/#\\\/schema\\\/logo\\\/image\\\/\",\"url\":\"https:\\\/\\\/diariotextual.com\\\/inicio\\\/wp-content\\\/uploads\\\/2023\\\/05\\\/logotextual1.jpg\",\"contentUrl\":\"https:\\\/\\\/diariotextual.com\\\/inicio\\\/wp-content\\\/uploads\\\/2023\\\/05\\\/logotextual1.jpg\",\"width\":516,\"height\":76,\"caption\":\"Diario Textual\"},\"image\":{\"@id\":\"https:\\\/\\\/diariotextual.com\\\/inicio\\\/#\\\/schema\\\/logo\\\/image\\\/\"},\"sameAs\":[\"https:\\\/\\\/www.facebook.com\\\/eltextual\",\"https:\\\/\\\/x.com\\\/eltextual\",\"http:\\\/\\\/www.instagram.com\\\/eltextual\"]},{\"@type\":\"Person\",\"@id\":\"https:\\\/\\\/diariotextual.com\\\/inicio\\\/#\\\/schema\\\/person\\\/418fc4093c33e86ed41562db3508f958\",\"name\":\"Diario1 Diario1\",\"image\":{\"@type\":\"ImageObject\",\"inLanguage\":\"es\",\"@id\":\"https:\\\/\\\/secure.gravatar.com\\\/avatar\\\/9167d280179c85bc18be67aa7eda765854300033af4896dd779b608640f2ef7a?s=96&d=mm&r=g\",\"url\":\"https:\\\/\\\/secure.gravatar.com\\\/avatar\\\/9167d280179c85bc18be67aa7eda765854300033af4896dd779b608640f2ef7a?s=96&d=mm&r=g\",\"contentUrl\":\"https:\\\/\\\/secure.gravatar.com\\\/avatar\\\/9167d280179c85bc18be67aa7eda765854300033af4896dd779b608640f2ef7a?s=96&d=mm&r=g\",\"caption\":\"Diario1 Diario1\"},\"url\":\"https:\\\/\\\/diariotextual.com\\\/inicio\\\/index.php\\\/author\\\/diario1\\\/\"}]}<\/script>\n<!-- \/ Yoast SEO plugin. -->","yoast_head_json":{"title":"Se confirm\u00f3 otra vez la circulaci\u00f3n comunitaria de la Delta en La Pampa: otros 6 casos - Diario Textual","robots":{"index":"index","follow":"follow","max-snippet":"max-snippet:-1","max-image-preview":"max-image-preview:large","max-video-preview":"max-video-preview:-1"},"canonical":"https:\/\/diariotextual.com\/inicio\/index.php\/2021\/11\/26\/se-confirmo-otra-vez-la-circulacion-comunitaria-de-la-delta-en-la-pampa-otros-6-casos\/","og_locale":"es_ES","og_type":"article","og_title":"Se confirm\u00f3 otra vez la circulaci\u00f3n comunitaria de la Delta en La Pampa: otros 6 casos - Diario Textual","og_description":"El Gobierno de la provincia de La Pampa, a trav\u00e9s del Ministerio de Salud, inform\u00f3 que en el d\u00eda de la fecha, el Instituto Malbr\u00e1n, confirm\u00f3 seis muestras detectadas para&hellip;","og_url":"https:\/\/diariotextual.com\/inicio\/index.php\/2021\/11\/26\/se-confirmo-otra-vez-la-circulacion-comunitaria-de-la-delta-en-la-pampa-otros-6-casos\/","og_site_name":"Diario Textual","article_publisher":"https:\/\/www.facebook.com\/eltextual","article_published_time":"2021-11-26T21:25:06+00:00","article_modified_time":"2021-11-27T11:51:52+00:00","og_image":[{"width":1200,"height":675,"url":"https:\/\/diariotextual.com\/inicio\/wp-content\/uploads\/2021\/11\/coronavirustest2001.jpg","type":"image\/jpeg"}],"author":"Diario1 Diario1","twitter_card":"summary_large_image","twitter_creator":"@eltextual","twitter_site":"@eltextual","twitter_misc":{"Escrito por":"Diario1 Diario1","Tiempo de lectura":"2 minutos"},"schema":{"@context":"https:\/\/schema.org","@graph":[{"@type":"Article","@id":"https:\/\/diariotextual.com\/inicio\/index.php\/2021\/11\/26\/se-confirmo-otra-vez-la-circulacion-comunitaria-de-la-delta-en-la-pampa-otros-6-casos\/#article","isPartOf":{"@id":"https:\/\/diariotextual.com\/inicio\/index.php\/2021\/11\/26\/se-confirmo-otra-vez-la-circulacion-comunitaria-de-la-delta-en-la-pampa-otros-6-casos\/"},"author":{"name":"Diario1 Diario1","@id":"https:\/\/diariotextual.com\/inicio\/#\/schema\/person\/418fc4093c33e86ed41562db3508f958"},"headline":"Se confirm\u00f3 otra vez la circulaci\u00f3n comunitaria de la Delta en La Pampa: otros 6 casos","datePublished":"2021-11-26T21:25:06+00:00","dateModified":"2021-11-27T11:51:52+00:00","mainEntityOfPage":{"@id":"https:\/\/diariotextual.com\/inicio\/index.php\/2021\/11\/26\/se-confirmo-otra-vez-la-circulacion-comunitaria-de-la-delta-en-la-pampa-otros-6-casos\/"},"wordCount":317,"publisher":{"@id":"https:\/\/diariotextual.com\/inicio\/#organization"},"image":{"@id":"https:\/\/diariotextual.com\/inicio\/index.php\/2021\/11\/26\/se-confirmo-otra-vez-la-circulacion-comunitaria-de-la-delta-en-la-pampa-otros-6-casos\/#primaryimage"},"thumbnailUrl":"https:\/\/diariotextual.com\/inicio\/wp-content\/uploads\/2021\/11\/coronavirustest2001.jpg","keywords":["delta"],"articleSection":["A - PORTADA2","SOCIEDAD"],"inLanguage":"es"},{"@type":"WebPage","@id":"https:\/\/diariotextual.com\/inicio\/index.php\/2021\/11\/26\/se-confirmo-otra-vez-la-circulacion-comunitaria-de-la-delta-en-la-pampa-otros-6-casos\/","url":"https:\/\/diariotextual.com\/inicio\/index.php\/2021\/11\/26\/se-confirmo-otra-vez-la-circulacion-comunitaria-de-la-delta-en-la-pampa-otros-6-casos\/","name":"Se confirm\u00f3 otra vez la circulaci\u00f3n comunitaria de la Delta en La Pampa: otros 6 casos - Diario Textual","isPartOf":{"@id":"https:\/\/diariotextual.com\/inicio\/#website"},"primaryImageOfPage":{"@id":"https:\/\/diariotextual.com\/inicio\/index.php\/2021\/11\/26\/se-confirmo-otra-vez-la-circulacion-comunitaria-de-la-delta-en-la-pampa-otros-6-casos\/#primaryimage"},"image":{"@id":"https:\/\/diariotextual.com\/inicio\/index.php\/2021\/11\/26\/se-confirmo-otra-vez-la-circulacion-comunitaria-de-la-delta-en-la-pampa-otros-6-casos\/#primaryimage"},"thumbnailUrl":"https:\/\/diariotextual.com\/inicio\/wp-content\/uploads\/2021\/11\/coronavirustest2001.jpg","datePublished":"2021-11-26T21:25:06+00:00","dateModified":"2021-11-27T11:51:52+00:00","breadcrumb":{"@id":"https:\/\/diariotextual.com\/inicio\/index.php\/2021\/11\/26\/se-confirmo-otra-vez-la-circulacion-comunitaria-de-la-delta-en-la-pampa-otros-6-casos\/#breadcrumb"},"inLanguage":"es","potentialAction":[{"@type":"ReadAction","target":["https:\/\/diariotextual.com\/inicio\/index.php\/2021\/11\/26\/se-confirmo-otra-vez-la-circulacion-comunitaria-de-la-delta-en-la-pampa-otros-6-casos\/"]}]},{"@type":"ImageObject","inLanguage":"es","@id":"https:\/\/diariotextual.com\/inicio\/index.php\/2021\/11\/26\/se-confirmo-otra-vez-la-circulacion-comunitaria-de-la-delta-en-la-pampa-otros-6-casos\/#primaryimage","url":"https:\/\/diariotextual.com\/inicio\/wp-content\/uploads\/2021\/11\/coronavirustest2001.jpg","contentUrl":"https:\/\/diariotextual.com\/inicio\/wp-content\/uploads\/2021\/11\/coronavirustest2001.jpg","width":1200,"height":675},{"@type":"BreadcrumbList","@id":"https:\/\/diariotextual.com\/inicio\/index.php\/2021\/11\/26\/se-confirmo-otra-vez-la-circulacion-comunitaria-de-la-delta-en-la-pampa-otros-6-casos\/#breadcrumb","itemListElement":[{"@type":"ListItem","position":1,"name":"Portada","item":"https:\/\/diariotextual.com\/inicio\/"},{"@type":"ListItem","position":2,"name":"Se confirm\u00f3 otra vez la circulaci\u00f3n comunitaria de la Delta en La Pampa: otros 6 casos"}]},{"@type":"WebSite","@id":"https:\/\/diariotextual.com\/inicio\/#website","url":"https:\/\/diariotextual.com\/inicio\/","name":"Diario Textual","description":"","publisher":{"@id":"https:\/\/diariotextual.com\/inicio\/#organization"},"potentialAction":[{"@type":"SearchAction","target":{"@type":"EntryPoint","urlTemplate":"https:\/\/diariotextual.com\/inicio\/?s={search_term_string}"},"query-input":{"@type":"PropertyValueSpecification","valueRequired":true,"valueName":"search_term_string"}}],"inLanguage":"es"},{"@type":"Organization","@id":"https:\/\/diariotextual.com\/inicio\/#organization","name":"Diario Textual","url":"https:\/\/diariotextual.com\/inicio\/","logo":{"@type":"ImageObject","inLanguage":"es","@id":"https:\/\/diariotextual.com\/inicio\/#\/schema\/logo\/image\/","url":"https:\/\/diariotextual.com\/inicio\/wp-content\/uploads\/2023\/05\/logotextual1.jpg","contentUrl":"https:\/\/diariotextual.com\/inicio\/wp-content\/uploads\/2023\/05\/logotextual1.jpg","width":516,"height":76,"caption":"Diario Textual"},"image":{"@id":"https:\/\/diariotextual.com\/inicio\/#\/schema\/logo\/image\/"},"sameAs":["https:\/\/www.facebook.com\/eltextual","https:\/\/x.com\/eltextual","http:\/\/www.instagram.com\/eltextual"]},{"@type":"Person","@id":"https:\/\/diariotextual.com\/inicio\/#\/schema\/person\/418fc4093c33e86ed41562db3508f958","name":"Diario1 Diario1","image":{"@type":"ImageObject","inLanguage":"es","@id":"https:\/\/secure.gravatar.com\/avatar\/9167d280179c85bc18be67aa7eda765854300033af4896dd779b608640f2ef7a?s=96&d=mm&r=g","url":"https:\/\/secure.gravatar.com\/avatar\/9167d280179c85bc18be67aa7eda765854300033af4896dd779b608640f2ef7a?s=96&d=mm&r=g","contentUrl":"https:\/\/secure.gravatar.com\/avatar\/9167d280179c85bc18be67aa7eda765854300033af4896dd779b608640f2ef7a?s=96&d=mm&r=g","caption":"Diario1 Diario1"},"url":"https:\/\/diariotextual.com\/inicio\/index.php\/author\/diario1\/"}]}},"_links":{"self":[{"href":"https:\/\/diariotextual.com\/inicio\/index.php\/wp-json\/wp\/v2\/posts\/170277","targetHints":{"allow":["GET"]}}],"collection":[{"href":"https:\/\/diariotextual.com\/inicio\/index.php\/wp-json\/wp\/v2\/posts"}],"about":[{"href":"https:\/\/diariotextual.com\/inicio\/index.php\/wp-json\/wp\/v2\/types\/post"}],"author":[{"embeddable":true,"href":"https:\/\/diariotextual.com\/inicio\/index.php\/wp-json\/wp\/v2\/users\/3"}],"replies":[{"embeddable":true,"href":"https:\/\/diariotextual.com\/inicio\/index.php\/wp-json\/wp\/v2\/comments?post=170277"}],"version-history":[{"count":5,"href":"https:\/\/diariotextual.com\/inicio\/index.php\/wp-json\/wp\/v2\/posts\/170277\/revisions"}],"predecessor-version":[{"id":170284,"href":"https:\/\/diariotextual.com\/inicio\/index.php\/wp-json\/wp\/v2\/posts\/170277\/revisions\/170284"}],"wp:featuredmedia":[{"embeddable":true,"href":"https:\/\/diariotextual.com\/inicio\/index.php\/wp-json\/wp\/v2\/media\/167729"}],"wp:attachment":[{"href":"https:\/\/diariotextual.com\/inicio\/index.php\/wp-json\/wp\/v2\/media?parent=170277"}],"wp:term":[{"taxonomy":"category","embeddable":true,"href":"https:\/\/diariotextual.com\/inicio\/index.php\/wp-json\/wp\/v2\/categories?post=170277"},{"taxonomy":"post_tag","embeddable":true,"href":"https:\/\/diariotextual.com\/inicio\/index.php\/wp-json\/wp\/v2\/tags?post=170277"}],"curies":[{"name":"wp","href":"https:\/\/api.w.org\/{rel}","templated":true}]}}