{"id":170290,"date":"2021-11-26T19:39:23","date_gmt":"2021-11-26T22:39:23","guid":{"rendered":"https:\/\/diariotextual.com\/inicio\/?p=170290"},"modified":"2021-11-27T10:39:27","modified_gmt":"2021-11-27T13:39:27","slug":"hotesur-sobreseyeron-a-la-vicepresidenta-cristina-kirchner-y-a-sus-hijos","status":"publish","type":"post","link":"https:\/\/diariotextual.com\/inicio\/index.php\/2021\/11\/26\/hotesur-sobreseyeron-a-la-vicepresidenta-cristina-kirchner-y-a-sus-hijos\/","title":{"rendered":"Hotesur: sobreseyeron a la vicepresidenta Cristina Kirchner y a sus hijos"},"content":{"rendered":"\n<p>El Tribunal Oral Federal (TOF) 5 sobresey\u00f3 a la vicepresidenta <strong>Cristina Fern\u00e1ndez de Kirchner <\/strong>y a sus hijos en la causa en la que se los investig\u00f3 por supuesto lavado de dinero con alquileres de propiedades y plazas hoteleras a trav\u00e9s de las sociedades Hotesur y Los Sauces.<\/p>\n\n\n\n<p>La decisi\u00f3n la tomaron los jueces <strong>Adri\u00e1n Gr\u00fcnberg <\/strong>y <strong>Daniel Obligado<\/strong>. La jueza <strong>Adriana Palliotti<\/strong> vot\u00f3 en disidencia y sostuvo que el planteo deb\u00eda ser rechazado. El fiscal ante el tribunal, <strong>Diego Velasco<\/strong>, hab\u00eda dictaminado en contra del sobreseimiento y hab\u00eda pedido que se fijara una fecha para el juicio oral. El planteo de la vicepresidenta fue resuelto en menos de un mes, y cuando -seg\u00fan el planteo del fiscal- todav\u00eda hab\u00eda prueba pendiente para incorporar al expediente.<\/p>\n\n\n\n<p>En el fallo de 375 p\u00e1ginas firmado esta tarde,<strong> los jueces Grunberg y Obligado consideraron que por los hechos que componen la acusaci\u00f3n por asociaci\u00f3n il\u00edcita los acusados ya fueron juzgados en la provincia de Santa Cruz. <\/strong>Este era uno de los pilares del planteo de Beraldi.<\/p>\n\n\n\n<p>Este es el tercer sobreseimiento que recibi\u00f3 la vicepresidenta en menos de un a\u00f1o. A diferencia de las causas D\u00f3lar Futuro y Memor\u00e1ndum con Ir\u00e1n, que fueron cerradas por inexistencia de delito y por ser considerados hechos pol\u00edticos y econ\u00f3micos no justiciables, los hechos que estaban bajo investigaci\u00f3n en esta causa eran los negocios hoteleros de los Kirchner con empresarios amigos y contratistas del Estado, entre ellos L\u00e1zaro Ba\u00e9z, Crist\u00f3bal L\u00f3pez y Fabi\u00e1n De Sousa.<\/p>\n\n\n\n<p>Eventualmente, esta decisi\u00f3n podr\u00e1 ser revisada por la C\u00e1mara Federal de Casaci\u00f3n Penal. La Sala I de ese tribunal es la que interviene en el caso. Actualmente est\u00e1 integrada por los jueces Daniel Petrone, Diego Barroetave\u00f1a y Ana Mar\u00eda Figueroa.<\/p>\n\n\n\n<p>La medida a tambi\u00e9n alcanza a los empresarios L<strong>\u00e1zaro B\u00e1ez, Crist\u00f3bal L\u00f3pez y Fabi\u00e1n De Sousa,<\/strong>&nbsp;estos \u00faltimos dos accionistas del Grupo Indalo, en un fallo de 375 p\u00e1ginas.<\/p>\n\n\n\n<p>La defensa de Cristina, M\u00e1ximo y Florencia Kirchner, a trav\u00e9s de su abogado Alberto Beraldi,&nbsp;<strong>hab\u00eda pedido a fines de octubre el sobreseimiento al argumentar que no hubo lavado de dinero porque el dinero de los alquileres estaba bancarizado y la prueba de ello es el seguimiento de su trazabilidad.&nbsp;<\/strong>Otros acusados se sumaron tambi\u00e9n al pedido.<\/p>\n\n\n\n<p>Por su parte, el fiscal Diego Velasco dictamin\u00f3 que los planteos se deb\u00edan rechazar al sostener que a\u00fan hay prueba pendiente y que todo se debe analizar en un juicio oral.<\/p>\n\n\n\n<p>En tanto, la Unidad de Informaci\u00f3n Financiera<strong>&nbsp;(UIF)<\/strong>, que act\u00faa como querellante,<strong>&nbsp;plante\u00f3 que se deb\u00eda resolver teniendo en cuenta que el lavado de dinero requiere un delito precedente que tenga sentencia firme.<\/strong><\/p>\n\n\n\n<p>El tribunal consider\u00f3 que&nbsp;<strong>no hubo delito<\/strong>, por lo que los jueces Daniel Obligado y Adri\u00e1n Gr\u00fcnberg con la disidencia de Adriana Pallioti, decidieron&nbsp;<strong>aceptar el pedido de Cristina y los dem\u00e1s acusados y dictaron sobreseimientos.<\/strong><\/p>\n\n\n\n<p>Los jueces declararon la&nbsp;<strong>\u00abimposibilidad de seguir el tr\u00e1mite de las actuaciones\u00bb<\/strong>&nbsp;por asociaci\u00f3n il\u00edcita al haberse violado la garant\u00eda del&nbsp;<em>ne bis in idem<\/em>, esto es que no pueden ser juzgados dos veces por un mismo hecho, respecto de Cristina y L\u00e1zaro Baez, tal como lo hab\u00edan planteado las defensas. Es que ya hab\u00edan sido sobrese\u00eddos por ese delito.<\/p>\n","protected":false},"excerpt":{"rendered":"<p>El Tribunal Oral Federal (TOF) 5 sobresey\u00f3 a la vicepresidenta Cristina Fern\u00e1ndez de Kirchner y a sus hijos en la causa en la que se los investig\u00f3 por supuesto lavado&hellip;<\/p>\n","protected":false},"author":3,"featured_media":170292,"comment_status":"closed","ping_status":"open","sticky":false,"template":"","format":"standard","meta":{"_acf_changed":false,"footnotes":""},"categories":[1,8],"tags":[],"class_list":["post-170290","post","type-post","status-publish","format-standard","has-post-thumbnail","hentry","category-es-noticia","category-politica"],"acf":[],"yoast_head":"<!-- This site is optimized with the Yoast SEO plugin v27.5 - https:\/\/yoast.com\/product\/yoast-seo-wordpress\/ -->\n<title>Hotesur: sobreseyeron a la vicepresidenta Cristina Kirchner y a sus hijos - Diario Textual<\/title>\n<meta name=\"robots\" content=\"index, follow, max-snippet:-1, max-image-preview:large, max-video-preview:-1\" \/>\n<link rel=\"canonical\" href=\"https:\/\/diariotextual.com\/inicio\/index.php\/2021\/11\/26\/hotesur-sobreseyeron-a-la-vicepresidenta-cristina-kirchner-y-a-sus-hijos\/\" \/>\n<meta property=\"og:locale\" content=\"es_ES\" \/>\n<meta property=\"og:type\" content=\"article\" \/>\n<meta property=\"og:title\" content=\"Hotesur: sobreseyeron a la vicepresidenta Cristina Kirchner y a sus hijos - Diario Textual\" \/>\n<meta property=\"og:description\" content=\"El Tribunal Oral Federal (TOF) 5 sobresey\u00f3 a la vicepresidenta Cristina Fern\u00e1ndez de Kirchner y a sus hijos en la causa en la que se los investig\u00f3 por supuesto lavado&hellip;\" \/>\n<meta property=\"og:url\" content=\"https:\/\/diariotextual.com\/inicio\/index.php\/2021\/11\/26\/hotesur-sobreseyeron-a-la-vicepresidenta-cristina-kirchner-y-a-sus-hijos\/\" \/>\n<meta property=\"og:site_name\" content=\"Diario Textual\" \/>\n<meta property=\"article:publisher\" content=\"https:\/\/www.facebook.com\/eltextual\" \/>\n<meta property=\"article:published_time\" content=\"2021-11-26T22:39:23+00:00\" \/>\n<meta property=\"article:modified_time\" content=\"2021-11-27T13:39:27+00:00\" \/>\n<meta property=\"og:image\" content=\"https:\/\/diariotextual.com\/inicio\/wp-content\/uploads\/2021\/11\/fernandezcristinatelam2021-1.jpg\" \/>\n\t<meta property=\"og:image:width\" content=\"900\" \/>\n\t<meta property=\"og:image:height\" content=\"506\" \/>\n\t<meta property=\"og:image:type\" content=\"image\/jpeg\" \/>\n<meta name=\"author\" content=\"Diario1 Diario1\" \/>\n<meta name=\"twitter:card\" content=\"summary_large_image\" \/>\n<meta name=\"twitter:creator\" content=\"@eltextual\" \/>\n<meta name=\"twitter:site\" content=\"@eltextual\" \/>\n<meta name=\"twitter:label1\" content=\"Escrito por\" \/>\n\t<meta name=\"twitter:data1\" content=\"Diario1 Diario1\" \/>\n\t<meta name=\"twitter:label2\" content=\"Tiempo de lectura\" \/>\n\t<meta name=\"twitter:data2\" content=\"3 minutos\" \/>\n<script type=\"application\/ld+json\" class=\"yoast-schema-graph\">{\"@context\":\"https:\\\/\\\/schema.org\",\"@graph\":[{\"@type\":\"Article\",\"@id\":\"https:\\\/\\\/diariotextual.com\\\/inicio\\\/index.php\\\/2021\\\/11\\\/26\\\/hotesur-sobreseyeron-a-la-vicepresidenta-cristina-kirchner-y-a-sus-hijos\\\/#article\",\"isPartOf\":{\"@id\":\"https:\\\/\\\/diariotextual.com\\\/inicio\\\/index.php\\\/2021\\\/11\\\/26\\\/hotesur-sobreseyeron-a-la-vicepresidenta-cristina-kirchner-y-a-sus-hijos\\\/\"},\"author\":{\"name\":\"Diario1 Diario1\",\"@id\":\"https:\\\/\\\/diariotextual.com\\\/inicio\\\/#\\\/schema\\\/person\\\/418fc4093c33e86ed41562db3508f958\"},\"headline\":\"Hotesur: sobreseyeron a la vicepresidenta Cristina Kirchner y a sus hijos\",\"datePublished\":\"2021-11-26T22:39:23+00:00\",\"dateModified\":\"2021-11-27T13:39:27+00:00\",\"mainEntityOfPage\":{\"@id\":\"https:\\\/\\\/diariotextual.com\\\/inicio\\\/index.php\\\/2021\\\/11\\\/26\\\/hotesur-sobreseyeron-a-la-vicepresidenta-cristina-kirchner-y-a-sus-hijos\\\/\"},\"wordCount\":611,\"publisher\":{\"@id\":\"https:\\\/\\\/diariotextual.com\\\/inicio\\\/#organization\"},\"image\":{\"@id\":\"https:\\\/\\\/diariotextual.com\\\/inicio\\\/index.php\\\/2021\\\/11\\\/26\\\/hotesur-sobreseyeron-a-la-vicepresidenta-cristina-kirchner-y-a-sus-hijos\\\/#primaryimage\"},\"thumbnailUrl\":\"https:\\\/\\\/diariotextual.com\\\/inicio\\\/wp-content\\\/uploads\\\/2021\\\/11\\\/fernandezcristinatelam2021-1.jpg\",\"articleSection\":[\"A - ES NOTICIA (van abajo)\",\"POLITICA\"],\"inLanguage\":\"es\"},{\"@type\":\"WebPage\",\"@id\":\"https:\\\/\\\/diariotextual.com\\\/inicio\\\/index.php\\\/2021\\\/11\\\/26\\\/hotesur-sobreseyeron-a-la-vicepresidenta-cristina-kirchner-y-a-sus-hijos\\\/\",\"url\":\"https:\\\/\\\/diariotextual.com\\\/inicio\\\/index.php\\\/2021\\\/11\\\/26\\\/hotesur-sobreseyeron-a-la-vicepresidenta-cristina-kirchner-y-a-sus-hijos\\\/\",\"name\":\"Hotesur: sobreseyeron a la vicepresidenta Cristina Kirchner y a sus hijos - Diario Textual\",\"isPartOf\":{\"@id\":\"https:\\\/\\\/diariotextual.com\\\/inicio\\\/#website\"},\"primaryImageOfPage\":{\"@id\":\"https:\\\/\\\/diariotextual.com\\\/inicio\\\/index.php\\\/2021\\\/11\\\/26\\\/hotesur-sobreseyeron-a-la-vicepresidenta-cristina-kirchner-y-a-sus-hijos\\\/#primaryimage\"},\"image\":{\"@id\":\"https:\\\/\\\/diariotextual.com\\\/inicio\\\/index.php\\\/2021\\\/11\\\/26\\\/hotesur-sobreseyeron-a-la-vicepresidenta-cristina-kirchner-y-a-sus-hijos\\\/#primaryimage\"},\"thumbnailUrl\":\"https:\\\/\\\/diariotextual.com\\\/inicio\\\/wp-content\\\/uploads\\\/2021\\\/11\\\/fernandezcristinatelam2021-1.jpg\",\"datePublished\":\"2021-11-26T22:39:23+00:00\",\"dateModified\":\"2021-11-27T13:39:27+00:00\",\"breadcrumb\":{\"@id\":\"https:\\\/\\\/diariotextual.com\\\/inicio\\\/index.php\\\/2021\\\/11\\\/26\\\/hotesur-sobreseyeron-a-la-vicepresidenta-cristina-kirchner-y-a-sus-hijos\\\/#breadcrumb\"},\"inLanguage\":\"es\",\"potentialAction\":[{\"@type\":\"ReadAction\",\"target\":[\"https:\\\/\\\/diariotextual.com\\\/inicio\\\/index.php\\\/2021\\\/11\\\/26\\\/hotesur-sobreseyeron-a-la-vicepresidenta-cristina-kirchner-y-a-sus-hijos\\\/\"]}]},{\"@type\":\"ImageObject\",\"inLanguage\":\"es\",\"@id\":\"https:\\\/\\\/diariotextual.com\\\/inicio\\\/index.php\\\/2021\\\/11\\\/26\\\/hotesur-sobreseyeron-a-la-vicepresidenta-cristina-kirchner-y-a-sus-hijos\\\/#primaryimage\",\"url\":\"https:\\\/\\\/diariotextual.com\\\/inicio\\\/wp-content\\\/uploads\\\/2021\\\/11\\\/fernandezcristinatelam2021-1.jpg\",\"contentUrl\":\"https:\\\/\\\/diariotextual.com\\\/inicio\\\/wp-content\\\/uploads\\\/2021\\\/11\\\/fernandezcristinatelam2021-1.jpg\",\"width\":900,\"height\":506},{\"@type\":\"BreadcrumbList\",\"@id\":\"https:\\\/\\\/diariotextual.com\\\/inicio\\\/index.php\\\/2021\\\/11\\\/26\\\/hotesur-sobreseyeron-a-la-vicepresidenta-cristina-kirchner-y-a-sus-hijos\\\/#breadcrumb\",\"itemListElement\":[{\"@type\":\"ListItem\",\"position\":1,\"name\":\"Portada\",\"item\":\"https:\\\/\\\/diariotextual.com\\\/inicio\\\/\"},{\"@type\":\"ListItem\",\"position\":2,\"name\":\"Hotesur: sobreseyeron a la vicepresidenta Cristina Kirchner y a sus hijos\"}]},{\"@type\":\"WebSite\",\"@id\":\"https:\\\/\\\/diariotextual.com\\\/inicio\\\/#website\",\"url\":\"https:\\\/\\\/diariotextual.com\\\/inicio\\\/\",\"name\":\"Diario Textual\",\"description\":\"\",\"publisher\":{\"@id\":\"https:\\\/\\\/diariotextual.com\\\/inicio\\\/#organization\"},\"potentialAction\":[{\"@type\":\"SearchAction\",\"target\":{\"@type\":\"EntryPoint\",\"urlTemplate\":\"https:\\\/\\\/diariotextual.com\\\/inicio\\\/?s={search_term_string}\"},\"query-input\":{\"@type\":\"PropertyValueSpecification\",\"valueRequired\":true,\"valueName\":\"search_term_string\"}}],\"inLanguage\":\"es\"},{\"@type\":\"Organization\",\"@id\":\"https:\\\/\\\/diariotextual.com\\\/inicio\\\/#organization\",\"name\":\"Diario Textual\",\"url\":\"https:\\\/\\\/diariotextual.com\\\/inicio\\\/\",\"logo\":{\"@type\":\"ImageObject\",\"inLanguage\":\"es\",\"@id\":\"https:\\\/\\\/diariotextual.com\\\/inicio\\\/#\\\/schema\\\/logo\\\/image\\\/\",\"url\":\"https:\\\/\\\/diariotextual.com\\\/inicio\\\/wp-content\\\/uploads\\\/2023\\\/05\\\/logotextual1.jpg\",\"contentUrl\":\"https:\\\/\\\/diariotextual.com\\\/inicio\\\/wp-content\\\/uploads\\\/2023\\\/05\\\/logotextual1.jpg\",\"width\":516,\"height\":76,\"caption\":\"Diario Textual\"},\"image\":{\"@id\":\"https:\\\/\\\/diariotextual.com\\\/inicio\\\/#\\\/schema\\\/logo\\\/image\\\/\"},\"sameAs\":[\"https:\\\/\\\/www.facebook.com\\\/eltextual\",\"https:\\\/\\\/x.com\\\/eltextual\",\"http:\\\/\\\/www.instagram.com\\\/eltextual\"]},{\"@type\":\"Person\",\"@id\":\"https:\\\/\\\/diariotextual.com\\\/inicio\\\/#\\\/schema\\\/person\\\/418fc4093c33e86ed41562db3508f958\",\"name\":\"Diario1 Diario1\",\"image\":{\"@type\":\"ImageObject\",\"inLanguage\":\"es\",\"@id\":\"https:\\\/\\\/secure.gravatar.com\\\/avatar\\\/9167d280179c85bc18be67aa7eda765854300033af4896dd779b608640f2ef7a?s=96&d=mm&r=g\",\"url\":\"https:\\\/\\\/secure.gravatar.com\\\/avatar\\\/9167d280179c85bc18be67aa7eda765854300033af4896dd779b608640f2ef7a?s=96&d=mm&r=g\",\"contentUrl\":\"https:\\\/\\\/secure.gravatar.com\\\/avatar\\\/9167d280179c85bc18be67aa7eda765854300033af4896dd779b608640f2ef7a?s=96&d=mm&r=g\",\"caption\":\"Diario1 Diario1\"},\"url\":\"https:\\\/\\\/diariotextual.com\\\/inicio\\\/index.php\\\/author\\\/diario1\\\/\"}]}<\/script>\n<!-- \/ Yoast SEO plugin. -->","yoast_head_json":{"title":"Hotesur: sobreseyeron a la vicepresidenta Cristina Kirchner y a sus hijos - Diario Textual","robots":{"index":"index","follow":"follow","max-snippet":"max-snippet:-1","max-image-preview":"max-image-preview:large","max-video-preview":"max-video-preview:-1"},"canonical":"https:\/\/diariotextual.com\/inicio\/index.php\/2021\/11\/26\/hotesur-sobreseyeron-a-la-vicepresidenta-cristina-kirchner-y-a-sus-hijos\/","og_locale":"es_ES","og_type":"article","og_title":"Hotesur: sobreseyeron a la vicepresidenta Cristina Kirchner y a sus hijos - Diario Textual","og_description":"El Tribunal Oral Federal (TOF) 5 sobresey\u00f3 a la vicepresidenta Cristina Fern\u00e1ndez de Kirchner y a sus hijos en la causa en la que se los investig\u00f3 por supuesto lavado&hellip;","og_url":"https:\/\/diariotextual.com\/inicio\/index.php\/2021\/11\/26\/hotesur-sobreseyeron-a-la-vicepresidenta-cristina-kirchner-y-a-sus-hijos\/","og_site_name":"Diario Textual","article_publisher":"https:\/\/www.facebook.com\/eltextual","article_published_time":"2021-11-26T22:39:23+00:00","article_modified_time":"2021-11-27T13:39:27+00:00","og_image":[{"width":900,"height":506,"url":"https:\/\/diariotextual.com\/inicio\/wp-content\/uploads\/2021\/11\/fernandezcristinatelam2021-1.jpg","type":"image\/jpeg"}],"author":"Diario1 Diario1","twitter_card":"summary_large_image","twitter_creator":"@eltextual","twitter_site":"@eltextual","twitter_misc":{"Escrito por":"Diario1 Diario1","Tiempo de lectura":"3 minutos"},"schema":{"@context":"https:\/\/schema.org","@graph":[{"@type":"Article","@id":"https:\/\/diariotextual.com\/inicio\/index.php\/2021\/11\/26\/hotesur-sobreseyeron-a-la-vicepresidenta-cristina-kirchner-y-a-sus-hijos\/#article","isPartOf":{"@id":"https:\/\/diariotextual.com\/inicio\/index.php\/2021\/11\/26\/hotesur-sobreseyeron-a-la-vicepresidenta-cristina-kirchner-y-a-sus-hijos\/"},"author":{"name":"Diario1 Diario1","@id":"https:\/\/diariotextual.com\/inicio\/#\/schema\/person\/418fc4093c33e86ed41562db3508f958"},"headline":"Hotesur: sobreseyeron a la vicepresidenta Cristina Kirchner y a sus hijos","datePublished":"2021-11-26T22:39:23+00:00","dateModified":"2021-11-27T13:39:27+00:00","mainEntityOfPage":{"@id":"https:\/\/diariotextual.com\/inicio\/index.php\/2021\/11\/26\/hotesur-sobreseyeron-a-la-vicepresidenta-cristina-kirchner-y-a-sus-hijos\/"},"wordCount":611,"publisher":{"@id":"https:\/\/diariotextual.com\/inicio\/#organization"},"image":{"@id":"https:\/\/diariotextual.com\/inicio\/index.php\/2021\/11\/26\/hotesur-sobreseyeron-a-la-vicepresidenta-cristina-kirchner-y-a-sus-hijos\/#primaryimage"},"thumbnailUrl":"https:\/\/diariotextual.com\/inicio\/wp-content\/uploads\/2021\/11\/fernandezcristinatelam2021-1.jpg","articleSection":["A - ES NOTICIA (van abajo)","POLITICA"],"inLanguage":"es"},{"@type":"WebPage","@id":"https:\/\/diariotextual.com\/inicio\/index.php\/2021\/11\/26\/hotesur-sobreseyeron-a-la-vicepresidenta-cristina-kirchner-y-a-sus-hijos\/","url":"https:\/\/diariotextual.com\/inicio\/index.php\/2021\/11\/26\/hotesur-sobreseyeron-a-la-vicepresidenta-cristina-kirchner-y-a-sus-hijos\/","name":"Hotesur: sobreseyeron a la vicepresidenta Cristina Kirchner y a sus hijos - Diario Textual","isPartOf":{"@id":"https:\/\/diariotextual.com\/inicio\/#website"},"primaryImageOfPage":{"@id":"https:\/\/diariotextual.com\/inicio\/index.php\/2021\/11\/26\/hotesur-sobreseyeron-a-la-vicepresidenta-cristina-kirchner-y-a-sus-hijos\/#primaryimage"},"image":{"@id":"https:\/\/diariotextual.com\/inicio\/index.php\/2021\/11\/26\/hotesur-sobreseyeron-a-la-vicepresidenta-cristina-kirchner-y-a-sus-hijos\/#primaryimage"},"thumbnailUrl":"https:\/\/diariotextual.com\/inicio\/wp-content\/uploads\/2021\/11\/fernandezcristinatelam2021-1.jpg","datePublished":"2021-11-26T22:39:23+00:00","dateModified":"2021-11-27T13:39:27+00:00","breadcrumb":{"@id":"https:\/\/diariotextual.com\/inicio\/index.php\/2021\/11\/26\/hotesur-sobreseyeron-a-la-vicepresidenta-cristina-kirchner-y-a-sus-hijos\/#breadcrumb"},"inLanguage":"es","potentialAction":[{"@type":"ReadAction","target":["https:\/\/diariotextual.com\/inicio\/index.php\/2021\/11\/26\/hotesur-sobreseyeron-a-la-vicepresidenta-cristina-kirchner-y-a-sus-hijos\/"]}]},{"@type":"ImageObject","inLanguage":"es","@id":"https:\/\/diariotextual.com\/inicio\/index.php\/2021\/11\/26\/hotesur-sobreseyeron-a-la-vicepresidenta-cristina-kirchner-y-a-sus-hijos\/#primaryimage","url":"https:\/\/diariotextual.com\/inicio\/wp-content\/uploads\/2021\/11\/fernandezcristinatelam2021-1.jpg","contentUrl":"https:\/\/diariotextual.com\/inicio\/wp-content\/uploads\/2021\/11\/fernandezcristinatelam2021-1.jpg","width":900,"height":506},{"@type":"BreadcrumbList","@id":"https:\/\/diariotextual.com\/inicio\/index.php\/2021\/11\/26\/hotesur-sobreseyeron-a-la-vicepresidenta-cristina-kirchner-y-a-sus-hijos\/#breadcrumb","itemListElement":[{"@type":"ListItem","position":1,"name":"Portada","item":"https:\/\/diariotextual.com\/inicio\/"},{"@type":"ListItem","position":2,"name":"Hotesur: sobreseyeron a la vicepresidenta Cristina Kirchner y a sus hijos"}]},{"@type":"WebSite","@id":"https:\/\/diariotextual.com\/inicio\/#website","url":"https:\/\/diariotextual.com\/inicio\/","name":"Diario Textual","description":"","publisher":{"@id":"https:\/\/diariotextual.com\/inicio\/#organization"},"potentialAction":[{"@type":"SearchAction","target":{"@type":"EntryPoint","urlTemplate":"https:\/\/diariotextual.com\/inicio\/?s={search_term_string}"},"query-input":{"@type":"PropertyValueSpecification","valueRequired":true,"valueName":"search_term_string"}}],"inLanguage":"es"},{"@type":"Organization","@id":"https:\/\/diariotextual.com\/inicio\/#organization","name":"Diario Textual","url":"https:\/\/diariotextual.com\/inicio\/","logo":{"@type":"ImageObject","inLanguage":"es","@id":"https:\/\/diariotextual.com\/inicio\/#\/schema\/logo\/image\/","url":"https:\/\/diariotextual.com\/inicio\/wp-content\/uploads\/2023\/05\/logotextual1.jpg","contentUrl":"https:\/\/diariotextual.com\/inicio\/wp-content\/uploads\/2023\/05\/logotextual1.jpg","width":516,"height":76,"caption":"Diario Textual"},"image":{"@id":"https:\/\/diariotextual.com\/inicio\/#\/schema\/logo\/image\/"},"sameAs":["https:\/\/www.facebook.com\/eltextual","https:\/\/x.com\/eltextual","http:\/\/www.instagram.com\/eltextual"]},{"@type":"Person","@id":"https:\/\/diariotextual.com\/inicio\/#\/schema\/person\/418fc4093c33e86ed41562db3508f958","name":"Diario1 Diario1","image":{"@type":"ImageObject","inLanguage":"es","@id":"https:\/\/secure.gravatar.com\/avatar\/9167d280179c85bc18be67aa7eda765854300033af4896dd779b608640f2ef7a?s=96&d=mm&r=g","url":"https:\/\/secure.gravatar.com\/avatar\/9167d280179c85bc18be67aa7eda765854300033af4896dd779b608640f2ef7a?s=96&d=mm&r=g","contentUrl":"https:\/\/secure.gravatar.com\/avatar\/9167d280179c85bc18be67aa7eda765854300033af4896dd779b608640f2ef7a?s=96&d=mm&r=g","caption":"Diario1 Diario1"},"url":"https:\/\/diariotextual.com\/inicio\/index.php\/author\/diario1\/"}]}},"_links":{"self":[{"href":"https:\/\/diariotextual.com\/inicio\/index.php\/wp-json\/wp\/v2\/posts\/170290","targetHints":{"allow":["GET"]}}],"collection":[{"href":"https:\/\/diariotextual.com\/inicio\/index.php\/wp-json\/wp\/v2\/posts"}],"about":[{"href":"https:\/\/diariotextual.com\/inicio\/index.php\/wp-json\/wp\/v2\/types\/post"}],"author":[{"embeddable":true,"href":"https:\/\/diariotextual.com\/inicio\/index.php\/wp-json\/wp\/v2\/users\/3"}],"replies":[{"embeddable":true,"href":"https:\/\/diariotextual.com\/inicio\/index.php\/wp-json\/wp\/v2\/comments?post=170290"}],"version-history":[{"count":5,"href":"https:\/\/diariotextual.com\/inicio\/index.php\/wp-json\/wp\/v2\/posts\/170290\/revisions"}],"predecessor-version":[{"id":170297,"href":"https:\/\/diariotextual.com\/inicio\/index.php\/wp-json\/wp\/v2\/posts\/170290\/revisions\/170297"}],"wp:featuredmedia":[{"embeddable":true,"href":"https:\/\/diariotextual.com\/inicio\/index.php\/wp-json\/wp\/v2\/media\/170292"}],"wp:attachment":[{"href":"https:\/\/diariotextual.com\/inicio\/index.php\/wp-json\/wp\/v2\/media?parent=170290"}],"wp:term":[{"taxonomy":"category","embeddable":true,"href":"https:\/\/diariotextual.com\/inicio\/index.php\/wp-json\/wp\/v2\/categories?post=170290"},{"taxonomy":"post_tag","embeddable":true,"href":"https:\/\/diariotextual.com\/inicio\/index.php\/wp-json\/wp\/v2\/tags?post=170290"}],"curies":[{"name":"wp","href":"https:\/\/api.w.org\/{rel}","templated":true}]}}