{"id":170406,"date":"2021-11-27T19:12:06","date_gmt":"2021-11-27T22:12:06","guid":{"rendered":"https:\/\/diariotextual.com\/inicio\/?p=170406"},"modified":"2021-11-28T09:42:29","modified_gmt":"2021-11-28T12:42:29","slug":"cfk-advierte-a-alberto-que-el-acuerdo-con-el-fmi-puede-ser-un-cepo-a-la-inclusion-social","status":"publish","type":"post","link":"https:\/\/diariotextual.com\/inicio\/index.php\/2021\/11\/27\/cfk-advierte-a-alberto-que-el-acuerdo-con-el-fmi-puede-ser-un-cepo-a-la-inclusion-social\/","title":{"rendered":"CFK advierte a Alberto que el acuerdo con el FMI puede ser \u00abun cepo\u00bb a la inclusi\u00f3n social"},"content":{"rendered":"\n<p>Cristina Kirchner rompi\u00f3 el silencio y public\u00f3 una nueva carta p\u00fablica en la que asegura que no propone desconocer la deuda con el Fondo Monetario Internacional (FMI), pero advierte que el acuerdo puede ser \u00abun cepo\u00bb a la inclusi\u00f3n social. Adem\u00e1s, dej\u00f3 en claro que la responsabilidad de la negociaci\u00f3n con el organismo internacional \u00abes del presidente\u00bb Alberto Fern\u00e1ndez.<\/p>\n\n\n\n<p>Bajo el t\u00edtulo \u00abDe silencios y curiosidades. De leyes y responsabilidades\u00bb, la vicepresidenta critic\u00f3 a la oposici\u00f3n y a los medios y destac\u00f3 el discurso de Alberto Fern\u00e1ndez del pasado 9 de julio.<\/p>\n\n\n\n<p>La vicepresidenta hizo referencia al t\u00edtulo de una noticia que hablaba de la lapicera de Cristina Kirchner en la negociaci\u00f3n con el Fondo, para afirmar que \u00abla lapicera no la tiene Cristina. Siempre la tuvo, la tiene y la tendr\u00e1 el Presidente de la Naci\u00f3n\u00bb.<\/p>\n\n\n\n<p>\u00abNo lo digo yo, lo dice la Constituci\u00f3n Nacional. Que a nadie lo enga\u00f1en sobre qui\u00e9n decide las pol\u00edticas en la Argentina\u00bb, agreg\u00f3.<\/p>\n\n\n\n<p>Entre cuestionamientos, afirma adem\u00e1s que el acuerdo puede ser \u00abun cepo\u00bb a la inclusi\u00f3n social. En el texto argumenta que el pa\u00eds -al igual que el resto del mundo- sigue atravesado por la pandemia y los riesgos permanentes de una nueva cepa. Dijo que a esa situaci\u00f3n se le suma el peso \u00abin\u00e9dito\u00bb de una deuda con el FMI.<\/p>\n\n\n\n<p>\u00abEs un momento hist\u00f3rico de extrema gravedad y la definici\u00f3n que se adopte y se apruebe, puede llegar a constituir el m\u00e1s aut\u00e9ntico y verdadero cepo del que se tenga memoria para el desarrollo y el crecimiento con inclusi\u00f3n social de nuestro pa\u00eds\u00bb, afirma en uno de los p\u00e1rrafos m\u00e1s contundentes.<\/p>\n\n\n\n<p>A lo largo del texto, Cristina argumenta que no existe de su parte un planteo para \u00abdesconocer\u00bb la deuda. \u00ab\u00a1Ojo! Que nadie est\u00e1 hablando de desconocer deudas. Creo que el kirchnerismo tiene un atributo hist\u00f3rico que es el de haber pagado las deudas que generaron otros gobiernos\u00bb, dijo y agreg\u00f3 que \u00abbasta recordar una vez m\u00e1s la cancelaci\u00f3n de la deuda con el FMI llevada a cabo por N\u00e9stor Kirchner, as\u00ed como tambi\u00e9n la reestructuraci\u00f3n de deuda llevada a cabo en 2005 y en 2010 con acreedores privados, con la quita m\u00e1s grande de capital e intereses de la que se tenga memoria\u00bb.<\/p>\n\n\n\n<p>Entre cr\u00edticas a la oposici\u00f3n, Cristina reconoci\u00f3 el triunfo de Cambiemos en las elecciones legislativas. \u00abLa actitud m\u00e1s curiosa proviene de la coalici\u00f3n opositora que ha ganado, a nivel nacional, las elecciones parlamentarias\u00bb, dijo.<\/p>\n\n\n\n<p>La menci\u00f3n lleg\u00f3 al momento de argumentar la especulaci\u00f3n respecto de su silencio respecto de un posible acuerdo con el Fondo. \u00abDeclaraciones como \u2018no vamos a decir nada del acuerdo con el FMI hasta que Cristina no opine&#8217; son moneda corriente en portales, programas de TV y redes sociales\u00bb, escribi\u00f3 la vicepresidenta y agreg\u00f3: \u00ab\u00bfEn serio que los mismos hoy no se hacen cargo de nada?\u00bb.<\/p>\n\n\n\n<p>La carta p\u00fablica cierra con varios p\u00e1rrafos en los que cita las palabras del Presidente el pasado 9 de julio en la conmemoraci\u00f3n de la gesta de la Independencia en la Casa de Tucum\u00e1n. Cristina asegura que comparte esos p\u00e1rrafos y la reproducci\u00f3n de los textuales puede interpretarse -seg\u00fan el lector- como un respaldo o como un condicionamiento.<\/p>\n\n\n\n<p>All\u00ed, el Presidente dijo: \u00abtodos los d\u00edas peleo porque la Argentina se ponga de pie, y todos los d\u00edas peleo contra los que quieren ver de adentro a la Argentina arrodillada. Y no paro, y sigo, y acordamos con los acreedores privados, estamos negociando con el Fondo\u00bb.<\/p>\n\n\n\n<p>\u00ab\u00bfLa Argentina sabe que este a\u00f1o, de ac\u00e1 a fin de a\u00f1o, tenemos compromisos por casi 5 mil millones de d\u00f3lares que afrontar con el Fondo, tomado por un gobierno que asumi\u00f3 ese compromiso hace dos a\u00f1os atr\u00e1s? \u00bfLa Argentina lo sabe? Y adem\u00e1s me reclaman que arregle r\u00e1pido\u00bb, reproduce la carta.<\/p>\n\n\n\n<p>\u00abMi modelo no est\u00e1 en los que mandan balas de goma a Bolivia. Mi modelo sigue siendo San Mart\u00edn, G\u00fcemes y Belgrano. Nunca esperen de m\u00ed que firme algo que arruine la vida del pueblo argentino, nunca, nunca. Y espero que me entiendan, porque si alguien espera que yo claudique ante los acreedores o que claudique ante un laboratorio, se equivoca. No lo voy a hacer. Antes me voy a mi casa, porque no tendr\u00eda realmente cara para entrar en esa sala si hiciera algo semejante\u00bb, cierra la cita de las palabras de Alberto.<\/p>\n","protected":false},"excerpt":{"rendered":"<p>Cristina Kirchner rompi\u00f3 el silencio y public\u00f3 una nueva carta p\u00fablica en la que asegura que no propone desconocer la deuda con el Fondo Monetario Internacional (FMI), pero advierte que&hellip;<\/p>\n","protected":false},"author":3,"featured_media":118315,"comment_status":"closed","ping_status":"open","sticky":false,"template":"","format":"standard","meta":{"_acf_changed":false,"footnotes":""},"categories":[10,8],"tags":[31],"class_list":["post-170406","post","type-post","status-publish","format-standard","has-post-thumbnail","hentry","category-portada-2","category-politica","tag-cristina"],"acf":[],"yoast_head":"<!-- This site is optimized with the Yoast SEO plugin v27.5 - https:\/\/yoast.com\/product\/yoast-seo-wordpress\/ -->\n<title>CFK advierte a Alberto que el acuerdo con el FMI puede ser &quot;un cepo&quot; a la inclusi\u00f3n social - Diario Textual<\/title>\n<meta name=\"robots\" content=\"index, follow, max-snippet:-1, max-image-preview:large, max-video-preview:-1\" \/>\n<link rel=\"canonical\" href=\"https:\/\/diariotextual.com\/inicio\/index.php\/2021\/11\/27\/cfk-advierte-a-alberto-que-el-acuerdo-con-el-fmi-puede-ser-un-cepo-a-la-inclusion-social\/\" \/>\n<meta property=\"og:locale\" content=\"es_ES\" \/>\n<meta property=\"og:type\" content=\"article\" \/>\n<meta property=\"og:title\" content=\"CFK advierte a Alberto que el acuerdo con el FMI puede ser &quot;un cepo&quot; a la inclusi\u00f3n social - Diario Textual\" \/>\n<meta property=\"og:description\" content=\"Cristina Kirchner rompi\u00f3 el silencio y public\u00f3 una nueva carta p\u00fablica en la que asegura que no propone desconocer la deuda con el Fondo Monetario Internacional (FMI), pero advierte que&hellip;\" \/>\n<meta property=\"og:url\" content=\"https:\/\/diariotextual.com\/inicio\/index.php\/2021\/11\/27\/cfk-advierte-a-alberto-que-el-acuerdo-con-el-fmi-puede-ser-un-cepo-a-la-inclusion-social\/\" \/>\n<meta property=\"og:site_name\" content=\"Diario Textual\" \/>\n<meta property=\"article:publisher\" content=\"https:\/\/www.facebook.com\/eltextual\" \/>\n<meta property=\"article:published_time\" content=\"2021-11-27T22:12:06+00:00\" \/>\n<meta property=\"article:modified_time\" content=\"2021-11-28T12:42:29+00:00\" \/>\n<meta property=\"og:image\" content=\"https:\/\/diariotextual.com\/inicio\/wp-content\/uploads\/2020\/10\/fernandezcristinatelam2020-2.jpg\" \/>\n\t<meta property=\"og:image:width\" content=\"940\" \/>\n\t<meta property=\"og:image:height\" content=\"529\" \/>\n\t<meta property=\"og:image:type\" content=\"image\/jpeg\" \/>\n<meta name=\"author\" content=\"Diario1 Diario1\" \/>\n<meta name=\"twitter:card\" content=\"summary_large_image\" \/>\n<meta name=\"twitter:creator\" content=\"@eltextual\" \/>\n<meta name=\"twitter:site\" content=\"@eltextual\" \/>\n<meta name=\"twitter:label1\" content=\"Escrito por\" \/>\n\t<meta name=\"twitter:data1\" content=\"Diario1 Diario1\" \/>\n\t<meta name=\"twitter:label2\" content=\"Tiempo de lectura\" \/>\n\t<meta name=\"twitter:data2\" content=\"4 minutos\" \/>\n<script type=\"application\/ld+json\" class=\"yoast-schema-graph\">{\"@context\":\"https:\\\/\\\/schema.org\",\"@graph\":[{\"@type\":\"Article\",\"@id\":\"https:\\\/\\\/diariotextual.com\\\/inicio\\\/index.php\\\/2021\\\/11\\\/27\\\/cfk-advierte-a-alberto-que-el-acuerdo-con-el-fmi-puede-ser-un-cepo-a-la-inclusion-social\\\/#article\",\"isPartOf\":{\"@id\":\"https:\\\/\\\/diariotextual.com\\\/inicio\\\/index.php\\\/2021\\\/11\\\/27\\\/cfk-advierte-a-alberto-que-el-acuerdo-con-el-fmi-puede-ser-un-cepo-a-la-inclusion-social\\\/\"},\"author\":{\"name\":\"Diario1 Diario1\",\"@id\":\"https:\\\/\\\/diariotextual.com\\\/inicio\\\/#\\\/schema\\\/person\\\/418fc4093c33e86ed41562db3508f958\"},\"headline\":\"CFK advierte a Alberto que el acuerdo con el FMI puede ser \u00abun cepo\u00bb a la inclusi\u00f3n social\",\"datePublished\":\"2021-11-27T22:12:06+00:00\",\"dateModified\":\"2021-11-28T12:42:29+00:00\",\"mainEntityOfPage\":{\"@id\":\"https:\\\/\\\/diariotextual.com\\\/inicio\\\/index.php\\\/2021\\\/11\\\/27\\\/cfk-advierte-a-alberto-que-el-acuerdo-con-el-fmi-puede-ser-un-cepo-a-la-inclusion-social\\\/\"},\"wordCount\":798,\"publisher\":{\"@id\":\"https:\\\/\\\/diariotextual.com\\\/inicio\\\/#organization\"},\"image\":{\"@id\":\"https:\\\/\\\/diariotextual.com\\\/inicio\\\/index.php\\\/2021\\\/11\\\/27\\\/cfk-advierte-a-alberto-que-el-acuerdo-con-el-fmi-puede-ser-un-cepo-a-la-inclusion-social\\\/#primaryimage\"},\"thumbnailUrl\":\"https:\\\/\\\/diariotextual.com\\\/inicio\\\/wp-content\\\/uploads\\\/2020\\\/10\\\/fernandezcristinatelam2020-2.jpg\",\"keywords\":[\"cristina\"],\"articleSection\":[\"A - PORTADA2\",\"POLITICA\"],\"inLanguage\":\"es\"},{\"@type\":\"WebPage\",\"@id\":\"https:\\\/\\\/diariotextual.com\\\/inicio\\\/index.php\\\/2021\\\/11\\\/27\\\/cfk-advierte-a-alberto-que-el-acuerdo-con-el-fmi-puede-ser-un-cepo-a-la-inclusion-social\\\/\",\"url\":\"https:\\\/\\\/diariotextual.com\\\/inicio\\\/index.php\\\/2021\\\/11\\\/27\\\/cfk-advierte-a-alberto-que-el-acuerdo-con-el-fmi-puede-ser-un-cepo-a-la-inclusion-social\\\/\",\"name\":\"CFK advierte a Alberto que el acuerdo con el FMI puede ser \\\"un cepo\\\" a la inclusi\u00f3n social - Diario Textual\",\"isPartOf\":{\"@id\":\"https:\\\/\\\/diariotextual.com\\\/inicio\\\/#website\"},\"primaryImageOfPage\":{\"@id\":\"https:\\\/\\\/diariotextual.com\\\/inicio\\\/index.php\\\/2021\\\/11\\\/27\\\/cfk-advierte-a-alberto-que-el-acuerdo-con-el-fmi-puede-ser-un-cepo-a-la-inclusion-social\\\/#primaryimage\"},\"image\":{\"@id\":\"https:\\\/\\\/diariotextual.com\\\/inicio\\\/index.php\\\/2021\\\/11\\\/27\\\/cfk-advierte-a-alberto-que-el-acuerdo-con-el-fmi-puede-ser-un-cepo-a-la-inclusion-social\\\/#primaryimage\"},\"thumbnailUrl\":\"https:\\\/\\\/diariotextual.com\\\/inicio\\\/wp-content\\\/uploads\\\/2020\\\/10\\\/fernandezcristinatelam2020-2.jpg\",\"datePublished\":\"2021-11-27T22:12:06+00:00\",\"dateModified\":\"2021-11-28T12:42:29+00:00\",\"breadcrumb\":{\"@id\":\"https:\\\/\\\/diariotextual.com\\\/inicio\\\/index.php\\\/2021\\\/11\\\/27\\\/cfk-advierte-a-alberto-que-el-acuerdo-con-el-fmi-puede-ser-un-cepo-a-la-inclusion-social\\\/#breadcrumb\"},\"inLanguage\":\"es\",\"potentialAction\":[{\"@type\":\"ReadAction\",\"target\":[\"https:\\\/\\\/diariotextual.com\\\/inicio\\\/index.php\\\/2021\\\/11\\\/27\\\/cfk-advierte-a-alberto-que-el-acuerdo-con-el-fmi-puede-ser-un-cepo-a-la-inclusion-social\\\/\"]}]},{\"@type\":\"ImageObject\",\"inLanguage\":\"es\",\"@id\":\"https:\\\/\\\/diariotextual.com\\\/inicio\\\/index.php\\\/2021\\\/11\\\/27\\\/cfk-advierte-a-alberto-que-el-acuerdo-con-el-fmi-puede-ser-un-cepo-a-la-inclusion-social\\\/#primaryimage\",\"url\":\"https:\\\/\\\/diariotextual.com\\\/inicio\\\/wp-content\\\/uploads\\\/2020\\\/10\\\/fernandezcristinatelam2020-2.jpg\",\"contentUrl\":\"https:\\\/\\\/diariotextual.com\\\/inicio\\\/wp-content\\\/uploads\\\/2020\\\/10\\\/fernandezcristinatelam2020-2.jpg\",\"width\":940,\"height\":529},{\"@type\":\"BreadcrumbList\",\"@id\":\"https:\\\/\\\/diariotextual.com\\\/inicio\\\/index.php\\\/2021\\\/11\\\/27\\\/cfk-advierte-a-alberto-que-el-acuerdo-con-el-fmi-puede-ser-un-cepo-a-la-inclusion-social\\\/#breadcrumb\",\"itemListElement\":[{\"@type\":\"ListItem\",\"position\":1,\"name\":\"Portada\",\"item\":\"https:\\\/\\\/diariotextual.com\\\/inicio\\\/\"},{\"@type\":\"ListItem\",\"position\":2,\"name\":\"CFK advierte a Alberto que el acuerdo con el FMI puede ser \u00abun cepo\u00bb a la inclusi\u00f3n social\"}]},{\"@type\":\"WebSite\",\"@id\":\"https:\\\/\\\/diariotextual.com\\\/inicio\\\/#website\",\"url\":\"https:\\\/\\\/diariotextual.com\\\/inicio\\\/\",\"name\":\"Diario Textual\",\"description\":\"\",\"publisher\":{\"@id\":\"https:\\\/\\\/diariotextual.com\\\/inicio\\\/#organization\"},\"potentialAction\":[{\"@type\":\"SearchAction\",\"target\":{\"@type\":\"EntryPoint\",\"urlTemplate\":\"https:\\\/\\\/diariotextual.com\\\/inicio\\\/?s={search_term_string}\"},\"query-input\":{\"@type\":\"PropertyValueSpecification\",\"valueRequired\":true,\"valueName\":\"search_term_string\"}}],\"inLanguage\":\"es\"},{\"@type\":\"Organization\",\"@id\":\"https:\\\/\\\/diariotextual.com\\\/inicio\\\/#organization\",\"name\":\"Diario Textual\",\"url\":\"https:\\\/\\\/diariotextual.com\\\/inicio\\\/\",\"logo\":{\"@type\":\"ImageObject\",\"inLanguage\":\"es\",\"@id\":\"https:\\\/\\\/diariotextual.com\\\/inicio\\\/#\\\/schema\\\/logo\\\/image\\\/\",\"url\":\"https:\\\/\\\/diariotextual.com\\\/inicio\\\/wp-content\\\/uploads\\\/2023\\\/05\\\/logotextual1.jpg\",\"contentUrl\":\"https:\\\/\\\/diariotextual.com\\\/inicio\\\/wp-content\\\/uploads\\\/2023\\\/05\\\/logotextual1.jpg\",\"width\":516,\"height\":76,\"caption\":\"Diario Textual\"},\"image\":{\"@id\":\"https:\\\/\\\/diariotextual.com\\\/inicio\\\/#\\\/schema\\\/logo\\\/image\\\/\"},\"sameAs\":[\"https:\\\/\\\/www.facebook.com\\\/eltextual\",\"https:\\\/\\\/x.com\\\/eltextual\",\"http:\\\/\\\/www.instagram.com\\\/eltextual\"]},{\"@type\":\"Person\",\"@id\":\"https:\\\/\\\/diariotextual.com\\\/inicio\\\/#\\\/schema\\\/person\\\/418fc4093c33e86ed41562db3508f958\",\"name\":\"Diario1 Diario1\",\"image\":{\"@type\":\"ImageObject\",\"inLanguage\":\"es\",\"@id\":\"https:\\\/\\\/secure.gravatar.com\\\/avatar\\\/9167d280179c85bc18be67aa7eda765854300033af4896dd779b608640f2ef7a?s=96&d=mm&r=g\",\"url\":\"https:\\\/\\\/secure.gravatar.com\\\/avatar\\\/9167d280179c85bc18be67aa7eda765854300033af4896dd779b608640f2ef7a?s=96&d=mm&r=g\",\"contentUrl\":\"https:\\\/\\\/secure.gravatar.com\\\/avatar\\\/9167d280179c85bc18be67aa7eda765854300033af4896dd779b608640f2ef7a?s=96&d=mm&r=g\",\"caption\":\"Diario1 Diario1\"},\"url\":\"https:\\\/\\\/diariotextual.com\\\/inicio\\\/index.php\\\/author\\\/diario1\\\/\"}]}<\/script>\n<!-- \/ Yoast SEO plugin. -->","yoast_head_json":{"title":"CFK advierte a Alberto que el acuerdo con el FMI puede ser \"un cepo\" a la inclusi\u00f3n social - Diario Textual","robots":{"index":"index","follow":"follow","max-snippet":"max-snippet:-1","max-image-preview":"max-image-preview:large","max-video-preview":"max-video-preview:-1"},"canonical":"https:\/\/diariotextual.com\/inicio\/index.php\/2021\/11\/27\/cfk-advierte-a-alberto-que-el-acuerdo-con-el-fmi-puede-ser-un-cepo-a-la-inclusion-social\/","og_locale":"es_ES","og_type":"article","og_title":"CFK advierte a Alberto que el acuerdo con el FMI puede ser \"un cepo\" a la inclusi\u00f3n social - Diario Textual","og_description":"Cristina Kirchner rompi\u00f3 el silencio y public\u00f3 una nueva carta p\u00fablica en la que asegura que no propone desconocer la deuda con el Fondo Monetario Internacional (FMI), pero advierte que&hellip;","og_url":"https:\/\/diariotextual.com\/inicio\/index.php\/2021\/11\/27\/cfk-advierte-a-alberto-que-el-acuerdo-con-el-fmi-puede-ser-un-cepo-a-la-inclusion-social\/","og_site_name":"Diario Textual","article_publisher":"https:\/\/www.facebook.com\/eltextual","article_published_time":"2021-11-27T22:12:06+00:00","article_modified_time":"2021-11-28T12:42:29+00:00","og_image":[{"width":940,"height":529,"url":"https:\/\/diariotextual.com\/inicio\/wp-content\/uploads\/2020\/10\/fernandezcristinatelam2020-2.jpg","type":"image\/jpeg"}],"author":"Diario1 Diario1","twitter_card":"summary_large_image","twitter_creator":"@eltextual","twitter_site":"@eltextual","twitter_misc":{"Escrito por":"Diario1 Diario1","Tiempo de lectura":"4 minutos"},"schema":{"@context":"https:\/\/schema.org","@graph":[{"@type":"Article","@id":"https:\/\/diariotextual.com\/inicio\/index.php\/2021\/11\/27\/cfk-advierte-a-alberto-que-el-acuerdo-con-el-fmi-puede-ser-un-cepo-a-la-inclusion-social\/#article","isPartOf":{"@id":"https:\/\/diariotextual.com\/inicio\/index.php\/2021\/11\/27\/cfk-advierte-a-alberto-que-el-acuerdo-con-el-fmi-puede-ser-un-cepo-a-la-inclusion-social\/"},"author":{"name":"Diario1 Diario1","@id":"https:\/\/diariotextual.com\/inicio\/#\/schema\/person\/418fc4093c33e86ed41562db3508f958"},"headline":"CFK advierte a Alberto que el acuerdo con el FMI puede ser \u00abun cepo\u00bb a la inclusi\u00f3n social","datePublished":"2021-11-27T22:12:06+00:00","dateModified":"2021-11-28T12:42:29+00:00","mainEntityOfPage":{"@id":"https:\/\/diariotextual.com\/inicio\/index.php\/2021\/11\/27\/cfk-advierte-a-alberto-que-el-acuerdo-con-el-fmi-puede-ser-un-cepo-a-la-inclusion-social\/"},"wordCount":798,"publisher":{"@id":"https:\/\/diariotextual.com\/inicio\/#organization"},"image":{"@id":"https:\/\/diariotextual.com\/inicio\/index.php\/2021\/11\/27\/cfk-advierte-a-alberto-que-el-acuerdo-con-el-fmi-puede-ser-un-cepo-a-la-inclusion-social\/#primaryimage"},"thumbnailUrl":"https:\/\/diariotextual.com\/inicio\/wp-content\/uploads\/2020\/10\/fernandezcristinatelam2020-2.jpg","keywords":["cristina"],"articleSection":["A - PORTADA2","POLITICA"],"inLanguage":"es"},{"@type":"WebPage","@id":"https:\/\/diariotextual.com\/inicio\/index.php\/2021\/11\/27\/cfk-advierte-a-alberto-que-el-acuerdo-con-el-fmi-puede-ser-un-cepo-a-la-inclusion-social\/","url":"https:\/\/diariotextual.com\/inicio\/index.php\/2021\/11\/27\/cfk-advierte-a-alberto-que-el-acuerdo-con-el-fmi-puede-ser-un-cepo-a-la-inclusion-social\/","name":"CFK advierte a Alberto que el acuerdo con el FMI puede ser \"un cepo\" a la inclusi\u00f3n social - Diario Textual","isPartOf":{"@id":"https:\/\/diariotextual.com\/inicio\/#website"},"primaryImageOfPage":{"@id":"https:\/\/diariotextual.com\/inicio\/index.php\/2021\/11\/27\/cfk-advierte-a-alberto-que-el-acuerdo-con-el-fmi-puede-ser-un-cepo-a-la-inclusion-social\/#primaryimage"},"image":{"@id":"https:\/\/diariotextual.com\/inicio\/index.php\/2021\/11\/27\/cfk-advierte-a-alberto-que-el-acuerdo-con-el-fmi-puede-ser-un-cepo-a-la-inclusion-social\/#primaryimage"},"thumbnailUrl":"https:\/\/diariotextual.com\/inicio\/wp-content\/uploads\/2020\/10\/fernandezcristinatelam2020-2.jpg","datePublished":"2021-11-27T22:12:06+00:00","dateModified":"2021-11-28T12:42:29+00:00","breadcrumb":{"@id":"https:\/\/diariotextual.com\/inicio\/index.php\/2021\/11\/27\/cfk-advierte-a-alberto-que-el-acuerdo-con-el-fmi-puede-ser-un-cepo-a-la-inclusion-social\/#breadcrumb"},"inLanguage":"es","potentialAction":[{"@type":"ReadAction","target":["https:\/\/diariotextual.com\/inicio\/index.php\/2021\/11\/27\/cfk-advierte-a-alberto-que-el-acuerdo-con-el-fmi-puede-ser-un-cepo-a-la-inclusion-social\/"]}]},{"@type":"ImageObject","inLanguage":"es","@id":"https:\/\/diariotextual.com\/inicio\/index.php\/2021\/11\/27\/cfk-advierte-a-alberto-que-el-acuerdo-con-el-fmi-puede-ser-un-cepo-a-la-inclusion-social\/#primaryimage","url":"https:\/\/diariotextual.com\/inicio\/wp-content\/uploads\/2020\/10\/fernandezcristinatelam2020-2.jpg","contentUrl":"https:\/\/diariotextual.com\/inicio\/wp-content\/uploads\/2020\/10\/fernandezcristinatelam2020-2.jpg","width":940,"height":529},{"@type":"BreadcrumbList","@id":"https:\/\/diariotextual.com\/inicio\/index.php\/2021\/11\/27\/cfk-advierte-a-alberto-que-el-acuerdo-con-el-fmi-puede-ser-un-cepo-a-la-inclusion-social\/#breadcrumb","itemListElement":[{"@type":"ListItem","position":1,"name":"Portada","item":"https:\/\/diariotextual.com\/inicio\/"},{"@type":"ListItem","position":2,"name":"CFK advierte a Alberto que el acuerdo con el FMI puede ser \u00abun cepo\u00bb a la inclusi\u00f3n social"}]},{"@type":"WebSite","@id":"https:\/\/diariotextual.com\/inicio\/#website","url":"https:\/\/diariotextual.com\/inicio\/","name":"Diario Textual","description":"","publisher":{"@id":"https:\/\/diariotextual.com\/inicio\/#organization"},"potentialAction":[{"@type":"SearchAction","target":{"@type":"EntryPoint","urlTemplate":"https:\/\/diariotextual.com\/inicio\/?s={search_term_string}"},"query-input":{"@type":"PropertyValueSpecification","valueRequired":true,"valueName":"search_term_string"}}],"inLanguage":"es"},{"@type":"Organization","@id":"https:\/\/diariotextual.com\/inicio\/#organization","name":"Diario Textual","url":"https:\/\/diariotextual.com\/inicio\/","logo":{"@type":"ImageObject","inLanguage":"es","@id":"https:\/\/diariotextual.com\/inicio\/#\/schema\/logo\/image\/","url":"https:\/\/diariotextual.com\/inicio\/wp-content\/uploads\/2023\/05\/logotextual1.jpg","contentUrl":"https:\/\/diariotextual.com\/inicio\/wp-content\/uploads\/2023\/05\/logotextual1.jpg","width":516,"height":76,"caption":"Diario Textual"},"image":{"@id":"https:\/\/diariotextual.com\/inicio\/#\/schema\/logo\/image\/"},"sameAs":["https:\/\/www.facebook.com\/eltextual","https:\/\/x.com\/eltextual","http:\/\/www.instagram.com\/eltextual"]},{"@type":"Person","@id":"https:\/\/diariotextual.com\/inicio\/#\/schema\/person\/418fc4093c33e86ed41562db3508f958","name":"Diario1 Diario1","image":{"@type":"ImageObject","inLanguage":"es","@id":"https:\/\/secure.gravatar.com\/avatar\/9167d280179c85bc18be67aa7eda765854300033af4896dd779b608640f2ef7a?s=96&d=mm&r=g","url":"https:\/\/secure.gravatar.com\/avatar\/9167d280179c85bc18be67aa7eda765854300033af4896dd779b608640f2ef7a?s=96&d=mm&r=g","contentUrl":"https:\/\/secure.gravatar.com\/avatar\/9167d280179c85bc18be67aa7eda765854300033af4896dd779b608640f2ef7a?s=96&d=mm&r=g","caption":"Diario1 Diario1"},"url":"https:\/\/diariotextual.com\/inicio\/index.php\/author\/diario1\/"}]}},"_links":{"self":[{"href":"https:\/\/diariotextual.com\/inicio\/index.php\/wp-json\/wp\/v2\/posts\/170406","targetHints":{"allow":["GET"]}}],"collection":[{"href":"https:\/\/diariotextual.com\/inicio\/index.php\/wp-json\/wp\/v2\/posts"}],"about":[{"href":"https:\/\/diariotextual.com\/inicio\/index.php\/wp-json\/wp\/v2\/types\/post"}],"author":[{"embeddable":true,"href":"https:\/\/diariotextual.com\/inicio\/index.php\/wp-json\/wp\/v2\/users\/3"}],"replies":[{"embeddable":true,"href":"https:\/\/diariotextual.com\/inicio\/index.php\/wp-json\/wp\/v2\/comments?post=170406"}],"version-history":[{"count":2,"href":"https:\/\/diariotextual.com\/inicio\/index.php\/wp-json\/wp\/v2\/posts\/170406\/revisions"}],"predecessor-version":[{"id":170408,"href":"https:\/\/diariotextual.com\/inicio\/index.php\/wp-json\/wp\/v2\/posts\/170406\/revisions\/170408"}],"wp:featuredmedia":[{"embeddable":true,"href":"https:\/\/diariotextual.com\/inicio\/index.php\/wp-json\/wp\/v2\/media\/118315"}],"wp:attachment":[{"href":"https:\/\/diariotextual.com\/inicio\/index.php\/wp-json\/wp\/v2\/media?parent=170406"}],"wp:term":[{"taxonomy":"category","embeddable":true,"href":"https:\/\/diariotextual.com\/inicio\/index.php\/wp-json\/wp\/v2\/categories?post=170406"},{"taxonomy":"post_tag","embeddable":true,"href":"https:\/\/diariotextual.com\/inicio\/index.php\/wp-json\/wp\/v2\/tags?post=170406"}],"curies":[{"name":"wp","href":"https:\/\/api.w.org\/{rel}","templated":true}]}}