{"id":170565,"date":"2021-11-28T21:02:19","date_gmt":"2021-11-29T00:02:19","guid":{"rendered":"https:\/\/diariotextual.com\/inicio\/?p=170565"},"modified":"2021-11-28T23:16:51","modified_gmt":"2021-11-29T02:16:51","slug":"la-policia-dijo-que-entre-los-manifestantes-hubo-vandalos-que-aprovecharon-para-saquear-y-hacer-desmanes","status":"publish","type":"post","link":"https:\/\/diariotextual.com\/inicio\/index.php\/2021\/11\/28\/la-policia-dijo-que-entre-los-manifestantes-hubo-vandalos-que-aprovecharon-para-saquear-y-hacer-desmanes\/","title":{"rendered":"\u00abEntre los manifestantes hubo v\u00e1ndalos que aprovecharon para saquear y hacer desmanes\u201d"},"content":{"rendered":"\n<p>El jefe de la Unidad Regional I, Guillermo Torres, dijo que en los graves incidentes que ocurrieron frente a la Seccional Sexta, donde est\u00e1n detenidas las dos mujeres sospechosas del homicidio del ni\u00f1o Lucio Dupuy (5 a\u00f1os), \u201chubo v\u00e1ndalos que aprovecharon para hacer saqueos y desmanes\u00bb en la zona.<\/p>\n\n\n\n<figure class=\"wp-block-embed is-type-rich is-provider-twitter wp-block-embed-twitter\"><div class=\"wp-block-embed__wrapper\">\nhttps:\/\/twitter.com\/elTextual\/status\/1465141168119898121?ref_src=twsrc%5Etfw%7Ctwcamp%5Etweetembed%7Ctwterm%5E1465141168119898121%7Ctwgr%5E%7Ctwcon%5Es1_&#038;ref_url=https%3A%2F%2Fdiariotextual.com%2Finicio%2Findex.php%2F2021%2F11%2F28%2Fcaso-lucio-por-los-disturbios-retiraron-de-la-sexta-a-las-dos-acusadas-del-infanticidio%2F\n<\/div><\/figure>\n\n\n\n<p>\u201cEl reclamo es genuino, pero tenemos la obligaci\u00f3n de darles prioridad a todas las personas y bienes del estado, incluidas las detenidas que est\u00e1n alojadas en esta comisar\u00eda. Las tenemos que poner a disposici\u00f3n de la Justicia y garantizar su seguridad\u201d, dijo Torres a Diario Textual.<\/p>\n\n\n\n<figure class=\"wp-block-embed is-type-rich is-provider-twitter wp-block-embed-twitter\"><div class=\"wp-block-embed__wrapper\">\n<blockquote class=\"twitter-tweet\" data-width=\"550\" data-dnt=\"true\"><p lang=\"es\" dir=\"ltr\"><a href=\"https:\/\/twitter.com\/hashtag\/JusticiaPorLucio?src=hash&amp;ref_src=twsrc%5Etfw\">#JusticiaPorLucio<\/a>. Arrojan piedras y queman patrulleros en la comisar\u00eda Sexta (Santa Rosa). <a href=\"https:\/\/t.co\/KBSB6Tgcx8\">pic.twitter.com\/KBSB6Tgcx8<\/a><\/p>&mdash; DiarioTextual (@elTextual) <a href=\"https:\/\/twitter.com\/elTextual\/status\/1465096055838629897?ref_src=twsrc%5Etfw\">November 28, 2021<\/a><\/blockquote><script async src=\"https:\/\/platform.twitter.com\/widgets.js\" charset=\"utf-8\"><\/script>\n<\/div><\/figure>\n\n\n\n<p>El polic\u00eda confirm\u00f3 que no hubo civiles lesionados. \u201cEstamos actuando con todos los protocolos para la seguridad de la gente, pero hay un grupo que aprovecha para cometer desmanes al por mayor\u201d, dijo.<\/p>\n\n\n\n<p>Un grupo reducido de manifestantes se moviliz\u00f3 este domingo hacia la Comisar\u00eda Sexta, en la esquina de Trenel y El Piquill\u00edn, en Santa Rosa, e intent\u00f3 ingresar. All\u00ed quemaron tres autos, dos de ellos patrulleros, y arrojan piedras hacia la dependencia policial. Los manifestantes fueron dispersados con balas de goma. En ese lugar est\u00e1n alojadas ambas detenidas por el peque\u00f1o de cinco a\u00f1os asesinado a golpes.<\/p>\n\n\n\n<p>Lucio, de 5 a\u00f1os de edad, muri\u00f3 el viernes 26 por la noche, luego de ser brutalmente golpeado. El ni\u00f1o viv\u00eda en una casa de la calle Allan Kardec al 2300, de Santa Rosa, junto a su madre Magdalena Esp\u00f3sito Valenti (24 a\u00f1os) y a la pareja de su mam\u00e1 Abigail P\u00e1ez (27 a\u00f1os).<\/p>\n\n\n\n<figure class=\"wp-block-embed is-type-wp-embed is-provider-diario-textual wp-block-embed-diario-textual\"><div class=\"wp-block-embed__wrapper\">\n<blockquote class=\"wp-embedded-content\" data-secret=\"qG6TECEgi0\"><a href=\"https:\/\/diariotextual.com\/inicio\/index.php\/2021\/11\/28\/en-santa-rosa-y-pico-cientos-de-personas-salieron-a-pedir-justicia-por-lucio\/\">En Santa Rosa y Pico cientos de personas salieron a pedir justicia por Lucio<\/a><\/blockquote><iframe class=\"wp-embedded-content\" sandbox=\"allow-scripts\" security=\"restricted\" style=\"position: absolute; clip: rect(1px, 1px, 1px, 1px);\" title=\"\u00abEn Santa Rosa y Pico cientos de personas salieron a pedir justicia por Lucio\u00bb \u2014 Diario Textual\" src=\"https:\/\/diariotextual.com\/inicio\/index.php\/2021\/11\/28\/en-santa-rosa-y-pico-cientos-de-personas-salieron-a-pedir-justicia-por-lucio\/embed\/#?secret=qG6TECEgi0\" data-secret=\"qG6TECEgi0\" width=\"600\" height=\"338\" frameborder=\"0\" marginwidth=\"0\" marginheight=\"0\" scrolling=\"no\"><\/iframe>\n<\/div><\/figure>\n\n\n\n<p>El viernes, cerca de las 21.30 horas, las dos mujeres concurrieron con el ni\u00f1o en brazos, convulsionando, a la posta sanitaria del barrio Atuel.<\/p>\n\n\n\n<p>Posteriormente el ni\u00f1o fue trasladado al Hospital Evita, ya sin signos vitales, donde se constat\u00f3 su fallecimiento.<\/p>\n\n\n\n<p>Lucio<strong>&nbsp;ingres\u00f3 al hospital con sangre en la boca y moretones en diversos lugares del cuerpo. Incluso ten\u00eda la marca de una zapatilla en la espalda.<\/strong><\/p>\n\n\n\n<p>Seg\u00fan una autopsia,<strong>&nbsp;se pudo establecer que muri\u00f3 por \u201cm\u00faltiples golpes\u201d y, adem\u00e1s, se comprob\u00f3 que ten\u00eda -de vieja data- mordeduras y quemaduras de cigarrillo.<\/strong><\/p>\n\n\n\n<p><strong>Magdalena Esp\u00f3sito Valenti&nbsp;<\/strong>est\u00e1 acusada del delito de<strong>&nbsp;homicidio calificado por el v\u00ednculo<\/strong>&nbsp;-que prev\u00e9 una pena de perpetua-, en tanto que P\u00e1ez est\u00e1 apuntada por<strong>&nbsp;homicidio simple<\/strong>&nbsp;-de 8 a 25 a\u00f1os-. El juez Daniel Ralli dict\u00f3 la prisi\u00f3n preventiva para ambas hasta la finalizaci\u00f3n del proceso.<\/p>\n\n\n\n<p>Christian Dupuy y Magdalena Esp\u00f3sito Valenti convivieron junto a Lucio, en General Pico. Sin embargo, hace unos 3 a\u00f1os se separaron y Magdalena form\u00f3 pareja con Abigail.<\/p>\n\n\n\n<p>Seg\u00fan dijo la familia paterna de Lucio, Magdalena se traslad\u00f3 desde Pico a C\u00f3rdoba y \u201cabandon\u00f3\u201d a Lucio, que qued\u00f3 al cuidado de un t\u00edo, Maximiliano Dupuy.<\/p>\n\n\n\n<p>Posteriormente, a punto de perder la patria potestad, Magdalena se hizo cargo de Lucio y se traslad\u00f3 a Santa Rosa.<\/p>\n\n\n\n<p>En el medio, siempre seg\u00fan la versi\u00f3n de la familia paterna, hubo advertencias de la familia paterna del riesgo que corr\u00eda con su madre y su pareja. Christian Dupuy en varias ocasiones solicit\u00f3 ante la Justicia la tenencia del chico, pero siempre le fue negada en beneficio de la madre.<\/p>\n\n\n\n<p>Hoy Diario Textual public\u00f3 que los organismos de prevenci\u00f3n de violencia familiar y de ni\u00f1ez de La Pampa&nbsp;<strong>nunca intervinieron&nbsp;<\/strong>para abordar la situaci\u00f3n de vulnerabilidad de&nbsp;<strong>Lucio Dupuy<\/strong>, el ni\u00f1o de 5 a\u00f1os que<strong>&nbsp;fue asesinado a golpes en Santa Rosa<\/strong>, porque, entre otros puntos,&nbsp;<strong>no hay registros de denuncias sobre maltratos o golpizas.<\/strong><\/p>\n\n\n\n<p>Seg\u00fan manifestaron esas fuentes,&nbsp;<strong>no existen denuncias ni en General Pico ni en Santa Rosa y, por eso, nunca intervinieron desde la Subsecretar\u00eda de Ni\u00f1ez, Adolescencia y Familia -que tiene a su cargo la Direcci\u00f3n de Ni\u00f1ez y Adolescencia de La Pampa y la Direcci\u00f3n de Prevenci\u00f3n y Asistencia de la Violencia Familiar-, la Unidad Funcional de G\u00e9nero, Ni\u00f1ez y Adolescencia o el \u00e1rea de prevenci\u00f3n de violencia de la municipalidad santarrose\u00f1a.<\/strong><\/p>\n","protected":false},"excerpt":{"rendered":"<p>El jefe de la Unidad Regional I, Guillermo Torres, dijo que en los graves incidentes que ocurrieron frente a la Seccional Sexta, donde est\u00e1n detenidas las dos mujeres sospechosas del&hellip;<\/p>\n","protected":false},"author":7,"featured_media":170559,"comment_status":"closed","ping_status":"open","sticky":false,"template":"","format":"standard","meta":{"_acf_changed":false,"footnotes":""},"categories":[1,12],"tags":[3545],"class_list":["post-170565","post","type-post","status-publish","format-standard","has-post-thumbnail","hentry","category-es-noticia","category-sociedad","tag-sexta"],"acf":[],"yoast_head":"<!-- This site is optimized with the Yoast SEO plugin v27.5 - https:\/\/yoast.com\/product\/yoast-seo-wordpress\/ -->\n<title>&quot;Entre los manifestantes hubo v\u00e1ndalos que aprovecharon para saquear y hacer desmanes\u201d - Diario Textual<\/title>\n<meta name=\"robots\" content=\"index, follow, max-snippet:-1, max-image-preview:large, max-video-preview:-1\" \/>\n<link rel=\"canonical\" href=\"https:\/\/diariotextual.com\/inicio\/index.php\/2021\/11\/28\/la-policia-dijo-que-entre-los-manifestantes-hubo-vandalos-que-aprovecharon-para-saquear-y-hacer-desmanes\/\" \/>\n<meta property=\"og:locale\" content=\"es_ES\" \/>\n<meta property=\"og:type\" content=\"article\" \/>\n<meta property=\"og:title\" content=\"&quot;Entre los manifestantes hubo v\u00e1ndalos que aprovecharon para saquear y hacer desmanes\u201d - Diario Textual\" \/>\n<meta property=\"og:description\" content=\"El jefe de la Unidad Regional I, Guillermo Torres, dijo que en los graves incidentes que ocurrieron frente a la Seccional Sexta, donde est\u00e1n detenidas las dos mujeres sospechosas del&hellip;\" \/>\n<meta property=\"og:url\" content=\"https:\/\/diariotextual.com\/inicio\/index.php\/2021\/11\/28\/la-policia-dijo-que-entre-los-manifestantes-hubo-vandalos-que-aprovecharon-para-saquear-y-hacer-desmanes\/\" \/>\n<meta property=\"og:site_name\" content=\"Diario Textual\" \/>\n<meta property=\"article:publisher\" content=\"https:\/\/www.facebook.com\/eltextual\" \/>\n<meta property=\"article:published_time\" content=\"2021-11-29T00:02:19+00:00\" \/>\n<meta property=\"article:modified_time\" content=\"2021-11-29T02:16:51+00:00\" \/>\n<meta property=\"og:image\" content=\"https:\/\/diariotextual.com\/inicio\/wp-content\/uploads\/2021\/11\/20211128_202540-scaled.jpg\" \/>\n\t<meta property=\"og:image:width\" content=\"2560\" \/>\n\t<meta property=\"og:image:height\" content=\"1440\" \/>\n\t<meta property=\"og:image:type\" content=\"image\/jpeg\" \/>\n<meta name=\"author\" content=\"diario5\" \/>\n<meta name=\"twitter:card\" content=\"summary_large_image\" \/>\n<meta name=\"twitter:creator\" content=\"@eltextual\" \/>\n<meta name=\"twitter:site\" content=\"@eltextual\" \/>\n<meta name=\"twitter:label1\" content=\"Escrito por\" \/>\n\t<meta name=\"twitter:data1\" content=\"diario5\" \/>\n\t<meta name=\"twitter:label2\" content=\"Tiempo de lectura\" \/>\n\t<meta name=\"twitter:data2\" content=\"3 minutos\" \/>\n<script type=\"application\/ld+json\" class=\"yoast-schema-graph\">{\"@context\":\"https:\\\/\\\/schema.org\",\"@graph\":[{\"@type\":\"Article\",\"@id\":\"https:\\\/\\\/diariotextual.com\\\/inicio\\\/index.php\\\/2021\\\/11\\\/28\\\/la-policia-dijo-que-entre-los-manifestantes-hubo-vandalos-que-aprovecharon-para-saquear-y-hacer-desmanes\\\/#article\",\"isPartOf\":{\"@id\":\"https:\\\/\\\/diariotextual.com\\\/inicio\\\/index.php\\\/2021\\\/11\\\/28\\\/la-policia-dijo-que-entre-los-manifestantes-hubo-vandalos-que-aprovecharon-para-saquear-y-hacer-desmanes\\\/\"},\"author\":{\"name\":\"diario5\",\"@id\":\"https:\\\/\\\/diariotextual.com\\\/inicio\\\/#\\\/schema\\\/person\\\/c7834961ad8b29b1d9cdbf4571299067\"},\"headline\":\"\u00abEntre los manifestantes hubo v\u00e1ndalos que aprovecharon para saquear y hacer desmanes\u201d\",\"datePublished\":\"2021-11-29T00:02:19+00:00\",\"dateModified\":\"2021-11-29T02:16:51+00:00\",\"mainEntityOfPage\":{\"@id\":\"https:\\\/\\\/diariotextual.com\\\/inicio\\\/index.php\\\/2021\\\/11\\\/28\\\/la-policia-dijo-que-entre-los-manifestantes-hubo-vandalos-que-aprovecharon-para-saquear-y-hacer-desmanes\\\/\"},\"wordCount\":757,\"publisher\":{\"@id\":\"https:\\\/\\\/diariotextual.com\\\/inicio\\\/#organization\"},\"image\":{\"@id\":\"https:\\\/\\\/diariotextual.com\\\/inicio\\\/index.php\\\/2021\\\/11\\\/28\\\/la-policia-dijo-que-entre-los-manifestantes-hubo-vandalos-que-aprovecharon-para-saquear-y-hacer-desmanes\\\/#primaryimage\"},\"thumbnailUrl\":\"https:\\\/\\\/diariotextual.com\\\/inicio\\\/wp-content\\\/uploads\\\/2021\\\/11\\\/20211128_202540-scaled.jpg\",\"keywords\":[\"sexta\"],\"articleSection\":[\"A - ES NOTICIA (van abajo)\",\"SOCIEDAD\"],\"inLanguage\":\"es\"},{\"@type\":\"WebPage\",\"@id\":\"https:\\\/\\\/diariotextual.com\\\/inicio\\\/index.php\\\/2021\\\/11\\\/28\\\/la-policia-dijo-que-entre-los-manifestantes-hubo-vandalos-que-aprovecharon-para-saquear-y-hacer-desmanes\\\/\",\"url\":\"https:\\\/\\\/diariotextual.com\\\/inicio\\\/index.php\\\/2021\\\/11\\\/28\\\/la-policia-dijo-que-entre-los-manifestantes-hubo-vandalos-que-aprovecharon-para-saquear-y-hacer-desmanes\\\/\",\"name\":\"\\\"Entre los manifestantes hubo v\u00e1ndalos que aprovecharon para saquear y hacer desmanes\u201d - Diario Textual\",\"isPartOf\":{\"@id\":\"https:\\\/\\\/diariotextual.com\\\/inicio\\\/#website\"},\"primaryImageOfPage\":{\"@id\":\"https:\\\/\\\/diariotextual.com\\\/inicio\\\/index.php\\\/2021\\\/11\\\/28\\\/la-policia-dijo-que-entre-los-manifestantes-hubo-vandalos-que-aprovecharon-para-saquear-y-hacer-desmanes\\\/#primaryimage\"},\"image\":{\"@id\":\"https:\\\/\\\/diariotextual.com\\\/inicio\\\/index.php\\\/2021\\\/11\\\/28\\\/la-policia-dijo-que-entre-los-manifestantes-hubo-vandalos-que-aprovecharon-para-saquear-y-hacer-desmanes\\\/#primaryimage\"},\"thumbnailUrl\":\"https:\\\/\\\/diariotextual.com\\\/inicio\\\/wp-content\\\/uploads\\\/2021\\\/11\\\/20211128_202540-scaled.jpg\",\"datePublished\":\"2021-11-29T00:02:19+00:00\",\"dateModified\":\"2021-11-29T02:16:51+00:00\",\"breadcrumb\":{\"@id\":\"https:\\\/\\\/diariotextual.com\\\/inicio\\\/index.php\\\/2021\\\/11\\\/28\\\/la-policia-dijo-que-entre-los-manifestantes-hubo-vandalos-que-aprovecharon-para-saquear-y-hacer-desmanes\\\/#breadcrumb\"},\"inLanguage\":\"es\",\"potentialAction\":[{\"@type\":\"ReadAction\",\"target\":[\"https:\\\/\\\/diariotextual.com\\\/inicio\\\/index.php\\\/2021\\\/11\\\/28\\\/la-policia-dijo-que-entre-los-manifestantes-hubo-vandalos-que-aprovecharon-para-saquear-y-hacer-desmanes\\\/\"]}]},{\"@type\":\"ImageObject\",\"inLanguage\":\"es\",\"@id\":\"https:\\\/\\\/diariotextual.com\\\/inicio\\\/index.php\\\/2021\\\/11\\\/28\\\/la-policia-dijo-que-entre-los-manifestantes-hubo-vandalos-que-aprovecharon-para-saquear-y-hacer-desmanes\\\/#primaryimage\",\"url\":\"https:\\\/\\\/diariotextual.com\\\/inicio\\\/wp-content\\\/uploads\\\/2021\\\/11\\\/20211128_202540-scaled.jpg\",\"contentUrl\":\"https:\\\/\\\/diariotextual.com\\\/inicio\\\/wp-content\\\/uploads\\\/2021\\\/11\\\/20211128_202540-scaled.jpg\",\"width\":2560,\"height\":1440},{\"@type\":\"BreadcrumbList\",\"@id\":\"https:\\\/\\\/diariotextual.com\\\/inicio\\\/index.php\\\/2021\\\/11\\\/28\\\/la-policia-dijo-que-entre-los-manifestantes-hubo-vandalos-que-aprovecharon-para-saquear-y-hacer-desmanes\\\/#breadcrumb\",\"itemListElement\":[{\"@type\":\"ListItem\",\"position\":1,\"name\":\"Portada\",\"item\":\"https:\\\/\\\/diariotextual.com\\\/inicio\\\/\"},{\"@type\":\"ListItem\",\"position\":2,\"name\":\"\u00abEntre los manifestantes hubo v\u00e1ndalos que aprovecharon para saquear y hacer desmanes\u201d\"}]},{\"@type\":\"WebSite\",\"@id\":\"https:\\\/\\\/diariotextual.com\\\/inicio\\\/#website\",\"url\":\"https:\\\/\\\/diariotextual.com\\\/inicio\\\/\",\"name\":\"Diario Textual\",\"description\":\"\",\"publisher\":{\"@id\":\"https:\\\/\\\/diariotextual.com\\\/inicio\\\/#organization\"},\"potentialAction\":[{\"@type\":\"SearchAction\",\"target\":{\"@type\":\"EntryPoint\",\"urlTemplate\":\"https:\\\/\\\/diariotextual.com\\\/inicio\\\/?s={search_term_string}\"},\"query-input\":{\"@type\":\"PropertyValueSpecification\",\"valueRequired\":true,\"valueName\":\"search_term_string\"}}],\"inLanguage\":\"es\"},{\"@type\":\"Organization\",\"@id\":\"https:\\\/\\\/diariotextual.com\\\/inicio\\\/#organization\",\"name\":\"Diario Textual\",\"url\":\"https:\\\/\\\/diariotextual.com\\\/inicio\\\/\",\"logo\":{\"@type\":\"ImageObject\",\"inLanguage\":\"es\",\"@id\":\"https:\\\/\\\/diariotextual.com\\\/inicio\\\/#\\\/schema\\\/logo\\\/image\\\/\",\"url\":\"https:\\\/\\\/diariotextual.com\\\/inicio\\\/wp-content\\\/uploads\\\/2023\\\/05\\\/logotextual1.jpg\",\"contentUrl\":\"https:\\\/\\\/diariotextual.com\\\/inicio\\\/wp-content\\\/uploads\\\/2023\\\/05\\\/logotextual1.jpg\",\"width\":516,\"height\":76,\"caption\":\"Diario Textual\"},\"image\":{\"@id\":\"https:\\\/\\\/diariotextual.com\\\/inicio\\\/#\\\/schema\\\/logo\\\/image\\\/\"},\"sameAs\":[\"https:\\\/\\\/www.facebook.com\\\/eltextual\",\"https:\\\/\\\/x.com\\\/eltextual\",\"http:\\\/\\\/www.instagram.com\\\/eltextual\"]},{\"@type\":\"Person\",\"@id\":\"https:\\\/\\\/diariotextual.com\\\/inicio\\\/#\\\/schema\\\/person\\\/c7834961ad8b29b1d9cdbf4571299067\",\"name\":\"diario5\",\"image\":{\"@type\":\"ImageObject\",\"inLanguage\":\"es\",\"@id\":\"https:\\\/\\\/secure.gravatar.com\\\/avatar\\\/948c893b847ca6df68216ead81b63f363408ec9b0f600fefc0641ce78613b111?s=96&d=mm&r=g\",\"url\":\"https:\\\/\\\/secure.gravatar.com\\\/avatar\\\/948c893b847ca6df68216ead81b63f363408ec9b0f600fefc0641ce78613b111?s=96&d=mm&r=g\",\"contentUrl\":\"https:\\\/\\\/secure.gravatar.com\\\/avatar\\\/948c893b847ca6df68216ead81b63f363408ec9b0f600fefc0641ce78613b111?s=96&d=mm&r=g\",\"caption\":\"diario5\"},\"url\":\"https:\\\/\\\/diariotextual.com\\\/inicio\\\/index.php\\\/author\\\/diario5\\\/\"}]}<\/script>\n<!-- \/ Yoast SEO plugin. -->","yoast_head_json":{"title":"\"Entre los manifestantes hubo v\u00e1ndalos que aprovecharon para saquear y hacer desmanes\u201d - Diario Textual","robots":{"index":"index","follow":"follow","max-snippet":"max-snippet:-1","max-image-preview":"max-image-preview:large","max-video-preview":"max-video-preview:-1"},"canonical":"https:\/\/diariotextual.com\/inicio\/index.php\/2021\/11\/28\/la-policia-dijo-que-entre-los-manifestantes-hubo-vandalos-que-aprovecharon-para-saquear-y-hacer-desmanes\/","og_locale":"es_ES","og_type":"article","og_title":"\"Entre los manifestantes hubo v\u00e1ndalos que aprovecharon para saquear y hacer desmanes\u201d - Diario Textual","og_description":"El jefe de la Unidad Regional I, Guillermo Torres, dijo que en los graves incidentes que ocurrieron frente a la Seccional Sexta, donde est\u00e1n detenidas las dos mujeres sospechosas del&hellip;","og_url":"https:\/\/diariotextual.com\/inicio\/index.php\/2021\/11\/28\/la-policia-dijo-que-entre-los-manifestantes-hubo-vandalos-que-aprovecharon-para-saquear-y-hacer-desmanes\/","og_site_name":"Diario Textual","article_publisher":"https:\/\/www.facebook.com\/eltextual","article_published_time":"2021-11-29T00:02:19+00:00","article_modified_time":"2021-11-29T02:16:51+00:00","og_image":[{"width":2560,"height":1440,"url":"https:\/\/diariotextual.com\/inicio\/wp-content\/uploads\/2021\/11\/20211128_202540-scaled.jpg","type":"image\/jpeg"}],"author":"diario5","twitter_card":"summary_large_image","twitter_creator":"@eltextual","twitter_site":"@eltextual","twitter_misc":{"Escrito por":"diario5","Tiempo de lectura":"3 minutos"},"schema":{"@context":"https:\/\/schema.org","@graph":[{"@type":"Article","@id":"https:\/\/diariotextual.com\/inicio\/index.php\/2021\/11\/28\/la-policia-dijo-que-entre-los-manifestantes-hubo-vandalos-que-aprovecharon-para-saquear-y-hacer-desmanes\/#article","isPartOf":{"@id":"https:\/\/diariotextual.com\/inicio\/index.php\/2021\/11\/28\/la-policia-dijo-que-entre-los-manifestantes-hubo-vandalos-que-aprovecharon-para-saquear-y-hacer-desmanes\/"},"author":{"name":"diario5","@id":"https:\/\/diariotextual.com\/inicio\/#\/schema\/person\/c7834961ad8b29b1d9cdbf4571299067"},"headline":"\u00abEntre los manifestantes hubo v\u00e1ndalos que aprovecharon para saquear y hacer desmanes\u201d","datePublished":"2021-11-29T00:02:19+00:00","dateModified":"2021-11-29T02:16:51+00:00","mainEntityOfPage":{"@id":"https:\/\/diariotextual.com\/inicio\/index.php\/2021\/11\/28\/la-policia-dijo-que-entre-los-manifestantes-hubo-vandalos-que-aprovecharon-para-saquear-y-hacer-desmanes\/"},"wordCount":757,"publisher":{"@id":"https:\/\/diariotextual.com\/inicio\/#organization"},"image":{"@id":"https:\/\/diariotextual.com\/inicio\/index.php\/2021\/11\/28\/la-policia-dijo-que-entre-los-manifestantes-hubo-vandalos-que-aprovecharon-para-saquear-y-hacer-desmanes\/#primaryimage"},"thumbnailUrl":"https:\/\/diariotextual.com\/inicio\/wp-content\/uploads\/2021\/11\/20211128_202540-scaled.jpg","keywords":["sexta"],"articleSection":["A - ES NOTICIA (van abajo)","SOCIEDAD"],"inLanguage":"es"},{"@type":"WebPage","@id":"https:\/\/diariotextual.com\/inicio\/index.php\/2021\/11\/28\/la-policia-dijo-que-entre-los-manifestantes-hubo-vandalos-que-aprovecharon-para-saquear-y-hacer-desmanes\/","url":"https:\/\/diariotextual.com\/inicio\/index.php\/2021\/11\/28\/la-policia-dijo-que-entre-los-manifestantes-hubo-vandalos-que-aprovecharon-para-saquear-y-hacer-desmanes\/","name":"\"Entre los manifestantes hubo v\u00e1ndalos que aprovecharon para saquear y hacer desmanes\u201d - Diario Textual","isPartOf":{"@id":"https:\/\/diariotextual.com\/inicio\/#website"},"primaryImageOfPage":{"@id":"https:\/\/diariotextual.com\/inicio\/index.php\/2021\/11\/28\/la-policia-dijo-que-entre-los-manifestantes-hubo-vandalos-que-aprovecharon-para-saquear-y-hacer-desmanes\/#primaryimage"},"image":{"@id":"https:\/\/diariotextual.com\/inicio\/index.php\/2021\/11\/28\/la-policia-dijo-que-entre-los-manifestantes-hubo-vandalos-que-aprovecharon-para-saquear-y-hacer-desmanes\/#primaryimage"},"thumbnailUrl":"https:\/\/diariotextual.com\/inicio\/wp-content\/uploads\/2021\/11\/20211128_202540-scaled.jpg","datePublished":"2021-11-29T00:02:19+00:00","dateModified":"2021-11-29T02:16:51+00:00","breadcrumb":{"@id":"https:\/\/diariotextual.com\/inicio\/index.php\/2021\/11\/28\/la-policia-dijo-que-entre-los-manifestantes-hubo-vandalos-que-aprovecharon-para-saquear-y-hacer-desmanes\/#breadcrumb"},"inLanguage":"es","potentialAction":[{"@type":"ReadAction","target":["https:\/\/diariotextual.com\/inicio\/index.php\/2021\/11\/28\/la-policia-dijo-que-entre-los-manifestantes-hubo-vandalos-que-aprovecharon-para-saquear-y-hacer-desmanes\/"]}]},{"@type":"ImageObject","inLanguage":"es","@id":"https:\/\/diariotextual.com\/inicio\/index.php\/2021\/11\/28\/la-policia-dijo-que-entre-los-manifestantes-hubo-vandalos-que-aprovecharon-para-saquear-y-hacer-desmanes\/#primaryimage","url":"https:\/\/diariotextual.com\/inicio\/wp-content\/uploads\/2021\/11\/20211128_202540-scaled.jpg","contentUrl":"https:\/\/diariotextual.com\/inicio\/wp-content\/uploads\/2021\/11\/20211128_202540-scaled.jpg","width":2560,"height":1440},{"@type":"BreadcrumbList","@id":"https:\/\/diariotextual.com\/inicio\/index.php\/2021\/11\/28\/la-policia-dijo-que-entre-los-manifestantes-hubo-vandalos-que-aprovecharon-para-saquear-y-hacer-desmanes\/#breadcrumb","itemListElement":[{"@type":"ListItem","position":1,"name":"Portada","item":"https:\/\/diariotextual.com\/inicio\/"},{"@type":"ListItem","position":2,"name":"\u00abEntre los manifestantes hubo v\u00e1ndalos que aprovecharon para saquear y hacer desmanes\u201d"}]},{"@type":"WebSite","@id":"https:\/\/diariotextual.com\/inicio\/#website","url":"https:\/\/diariotextual.com\/inicio\/","name":"Diario Textual","description":"","publisher":{"@id":"https:\/\/diariotextual.com\/inicio\/#organization"},"potentialAction":[{"@type":"SearchAction","target":{"@type":"EntryPoint","urlTemplate":"https:\/\/diariotextual.com\/inicio\/?s={search_term_string}"},"query-input":{"@type":"PropertyValueSpecification","valueRequired":true,"valueName":"search_term_string"}}],"inLanguage":"es"},{"@type":"Organization","@id":"https:\/\/diariotextual.com\/inicio\/#organization","name":"Diario Textual","url":"https:\/\/diariotextual.com\/inicio\/","logo":{"@type":"ImageObject","inLanguage":"es","@id":"https:\/\/diariotextual.com\/inicio\/#\/schema\/logo\/image\/","url":"https:\/\/diariotextual.com\/inicio\/wp-content\/uploads\/2023\/05\/logotextual1.jpg","contentUrl":"https:\/\/diariotextual.com\/inicio\/wp-content\/uploads\/2023\/05\/logotextual1.jpg","width":516,"height":76,"caption":"Diario Textual"},"image":{"@id":"https:\/\/diariotextual.com\/inicio\/#\/schema\/logo\/image\/"},"sameAs":["https:\/\/www.facebook.com\/eltextual","https:\/\/x.com\/eltextual","http:\/\/www.instagram.com\/eltextual"]},{"@type":"Person","@id":"https:\/\/diariotextual.com\/inicio\/#\/schema\/person\/c7834961ad8b29b1d9cdbf4571299067","name":"diario5","image":{"@type":"ImageObject","inLanguage":"es","@id":"https:\/\/secure.gravatar.com\/avatar\/948c893b847ca6df68216ead81b63f363408ec9b0f600fefc0641ce78613b111?s=96&d=mm&r=g","url":"https:\/\/secure.gravatar.com\/avatar\/948c893b847ca6df68216ead81b63f363408ec9b0f600fefc0641ce78613b111?s=96&d=mm&r=g","contentUrl":"https:\/\/secure.gravatar.com\/avatar\/948c893b847ca6df68216ead81b63f363408ec9b0f600fefc0641ce78613b111?s=96&d=mm&r=g","caption":"diario5"},"url":"https:\/\/diariotextual.com\/inicio\/index.php\/author\/diario5\/"}]}},"_links":{"self":[{"href":"https:\/\/diariotextual.com\/inicio\/index.php\/wp-json\/wp\/v2\/posts\/170565","targetHints":{"allow":["GET"]}}],"collection":[{"href":"https:\/\/diariotextual.com\/inicio\/index.php\/wp-json\/wp\/v2\/posts"}],"about":[{"href":"https:\/\/diariotextual.com\/inicio\/index.php\/wp-json\/wp\/v2\/types\/post"}],"author":[{"embeddable":true,"href":"https:\/\/diariotextual.com\/inicio\/index.php\/wp-json\/wp\/v2\/users\/7"}],"replies":[{"embeddable":true,"href":"https:\/\/diariotextual.com\/inicio\/index.php\/wp-json\/wp\/v2\/comments?post=170565"}],"version-history":[{"count":6,"href":"https:\/\/diariotextual.com\/inicio\/index.php\/wp-json\/wp\/v2\/posts\/170565\/revisions"}],"predecessor-version":[{"id":170602,"href":"https:\/\/diariotextual.com\/inicio\/index.php\/wp-json\/wp\/v2\/posts\/170565\/revisions\/170602"}],"wp:featuredmedia":[{"embeddable":true,"href":"https:\/\/diariotextual.com\/inicio\/index.php\/wp-json\/wp\/v2\/media\/170559"}],"wp:attachment":[{"href":"https:\/\/diariotextual.com\/inicio\/index.php\/wp-json\/wp\/v2\/media?parent=170565"}],"wp:term":[{"taxonomy":"category","embeddable":true,"href":"https:\/\/diariotextual.com\/inicio\/index.php\/wp-json\/wp\/v2\/categories?post=170565"},{"taxonomy":"post_tag","embeddable":true,"href":"https:\/\/diariotextual.com\/inicio\/index.php\/wp-json\/wp\/v2\/tags?post=170565"}],"curies":[{"name":"wp","href":"https:\/\/api.w.org\/{rel}","templated":true}]}}