{"id":170703,"date":"2021-11-29T13:19:23","date_gmt":"2021-11-29T16:19:23","guid":{"rendered":"https:\/\/diariotextual.com\/inicio\/?p=170703"},"modified":"2021-11-29T16:26:39","modified_gmt":"2021-11-29T19:26:39","slug":"marcharon-a-los-tribunales-de-pico-para-pedir-justicia-por-lucio-que-nos-expliquen-por-que-nos-sacaron-al-nene","status":"publish","type":"post","link":"https:\/\/diariotextual.com\/inicio\/index.php\/2021\/11\/29\/marcharon-a-los-tribunales-de-pico-para-pedir-justicia-por-lucio-que-nos-expliquen-por-que-nos-sacaron-al-nene\/","title":{"rendered":"Marcha por Lucio a los tribunales de Pico: \u201cQue nos expliquen por qu\u00e9 nos sacaron al nene\u201d"},"content":{"rendered":"\n<p>Familiares, allegados y vecinos de General Pico realizaron este lunes una <strong>movilizaci\u00f3n a los tribunales<\/strong> para pedir <strong>justicia por Lucio Dupuy<\/strong>, el nene de 5 a\u00f1os asesinado a golpes. Exigieron explicaciones de por qu\u00e9 le concedieron la tenencia del peque\u00f1o a la madre.   <\/p>\n\n\n\n<p>La marcha fue encabezada por el pap\u00e1 de Lucio, Christian Dupuy y tuvo el acompa\u00f1amiento de decenas de vecinos y vecinas que se acercaron a pedirle a la Justicia el esclarecimiento del caso.<\/p>\n\n\n\n<p><strong>\u201cQuiero que me expliquen por qu\u00e9 el nene ten\u00eda que estar con la madre. Que me expliquen cu\u00e1l fue el motivo por el cual le revocaron la tenencia a mi hijo y se lo volvieron a la madre. Quiero una explicaci\u00f3n, por qu\u00e9 nos sacaron al nene teniendo una calidad de vida hermosa\u201d<\/strong>, reclam\u00f3 el abuelo de Lucio, Ram\u00f3n Dupuy.<\/p>\n\n\n\n<p><strong>\u201cQue cambien las leyes, que no haya otro Lucio y que no sufra la tortura que sufri\u00f3 Lucio\u201d<\/strong>, pidi\u00f3.<\/p>\n\n\n\n<p>Lucio, de 5 a\u00f1os de edad, muri\u00f3 el viernes 26 por la noche, luego de ser brutalmente golpeado. Viv\u00eda en una casa de la calle Allan Kardec al 2300, de Santa Rosa, junto a su madre Magdalena Esp\u00f3sito Valenti (24 a\u00f1os) y a la pareja de su mam\u00e1 Abigail P\u00e1ez (27 a\u00f1os).<\/p>\n\n\n\n<p>El ni\u00f1o fue ingresado el viernes 26 por la noche, convulsionando, a la posta sanitaria del barrio Atuel.<\/p>\n\n\n\n<p>Posteriormente el ni\u00f1o fue trasladado al Hospital Evita, ya sin signos vitales, donde se constat\u00f3 su fallecimiento.<\/p>\n\n\n\n<p>Lucio ingres\u00f3 al hospital con sangre en la boca y moretones en diversos lugares del cuerpo. Incluso ten\u00eda la marca de una zapatilla en la espalda.<\/p>\n\n\n\n<p>Seg\u00fan una autopsia, se pudo establecer que muri\u00f3 por \u201cm\u00faltiples golpes\u201d y, adem\u00e1s, se comprob\u00f3 que ten\u00eda -de vieja data- mordeduras y quemaduras de cigarrillo.<\/p>\n\n\n\n<p>Magdalena Esp\u00f3sito Valenti est\u00e1 acusada del delito de homicidio calificado por el v\u00ednculo -que prev\u00e9 una pena de perpetua-, en tanto que P\u00e1ez est\u00e1 apuntada por homicidio simple -de 8 a 25 a\u00f1os-. El juez Daniel Ralli dict\u00f3 la prisi\u00f3n preventiva para ambas hasta la finalizaci\u00f3n del proceso.<\/p>\n\n\n\n<p>Christian Dupuy y Magdalena Esp\u00f3sito Valenti convivieron junto a Lucio, en General Pico y luego en la ciudad bonarense de Luj\u00e1n. Sin embargo, en 2018 se separaron, Magdalena form\u00f3 pareja con Abigail y el ni\u00f1o qued\u00f3 a cargo de los abuelos paternos.<\/p>\n\n\n\n<p>Seg\u00fan dijo la familia paterna de Lucio, Magdalena se traslad\u00f3 desde Pico a C\u00f3rdoba y dej\u00f3 a Lucio al cuidado de un t\u00edo, Maximiliano Dupuy.<\/p>\n\n\n\n<p>Posteriormente, a punto de perder la patria potestad y cuando no lo hab\u00eda visto por un a\u00f1o y medio, Magdalena se hizo cargo de Lucio y se traslad\u00f3 a Santa Rosa.<\/p>\n\n\n\n<p>En el medio, siempre seg\u00fan la versi\u00f3n de la familia paterna, hubo advertencias de la familia paterna del riesgo que corr\u00eda con su madre y su pareja. Christian Dupuy en varias ocasiones solicit\u00f3 ante la Justicia la tenencia del chico, pero siempre le fue negada en beneficio de la madre.<\/p>\n","protected":false},"excerpt":{"rendered":"<p>Familiares, allegados y vecinos de General Pico realizaron este lunes una movilizaci\u00f3n a los tribunales para pedir justicia por Lucio Dupuy, el nene de 5 a\u00f1os asesinado a golpes. Exigieron&hellip;<\/p>\n","protected":false},"author":7,"featured_media":170704,"comment_status":"closed","ping_status":"open","sticky":false,"template":"","format":"standard","meta":{"_acf_changed":false,"footnotes":""},"categories":[10,12],"tags":[],"class_list":["post-170703","post","type-post","status-publish","format-standard","has-post-thumbnail","hentry","category-portada-2","category-sociedad"],"acf":[],"yoast_head":"<!-- This site is optimized with the Yoast SEO plugin v27.5 - https:\/\/yoast.com\/product\/yoast-seo-wordpress\/ -->\n<title>Marcha por Lucio a los tribunales de Pico: \u201cQue nos expliquen por qu\u00e9 nos sacaron al nene\u201d - Diario Textual<\/title>\n<meta name=\"robots\" content=\"index, follow, max-snippet:-1, max-image-preview:large, max-video-preview:-1\" \/>\n<link rel=\"canonical\" href=\"https:\/\/diariotextual.com\/inicio\/index.php\/2021\/11\/29\/marcharon-a-los-tribunales-de-pico-para-pedir-justicia-por-lucio-que-nos-expliquen-por-que-nos-sacaron-al-nene\/\" \/>\n<meta property=\"og:locale\" content=\"es_ES\" \/>\n<meta property=\"og:type\" content=\"article\" \/>\n<meta property=\"og:title\" content=\"Marcha por Lucio a los tribunales de Pico: \u201cQue nos expliquen por qu\u00e9 nos sacaron al nene\u201d - Diario Textual\" \/>\n<meta property=\"og:description\" content=\"Familiares, allegados y vecinos de General Pico realizaron este lunes una movilizaci\u00f3n a los tribunales para pedir justicia por Lucio Dupuy, el nene de 5 a\u00f1os asesinado a golpes. Exigieron&hellip;\" \/>\n<meta property=\"og:url\" content=\"https:\/\/diariotextual.com\/inicio\/index.php\/2021\/11\/29\/marcharon-a-los-tribunales-de-pico-para-pedir-justicia-por-lucio-que-nos-expliquen-por-que-nos-sacaron-al-nene\/\" \/>\n<meta property=\"og:site_name\" content=\"Diario Textual\" \/>\n<meta property=\"article:publisher\" content=\"https:\/\/www.facebook.com\/eltextual\" \/>\n<meta property=\"article:published_time\" content=\"2021-11-29T16:19:23+00:00\" \/>\n<meta property=\"article:modified_time\" content=\"2021-11-29T19:26:39+00:00\" \/>\n<meta property=\"og:image\" content=\"https:\/\/diariotextual.com\/inicio\/wp-content\/uploads\/2021\/11\/luciomarchatribunalespico.jpg\" \/>\n\t<meta property=\"og:image:width\" content=\"899\" \/>\n\t<meta property=\"og:image:height\" content=\"412\" \/>\n\t<meta property=\"og:image:type\" content=\"image\/jpeg\" \/>\n<meta name=\"author\" content=\"diario5\" \/>\n<meta name=\"twitter:card\" content=\"summary_large_image\" \/>\n<meta name=\"twitter:creator\" content=\"@eltextual\" \/>\n<meta name=\"twitter:site\" content=\"@eltextual\" \/>\n<meta name=\"twitter:label1\" content=\"Escrito por\" \/>\n\t<meta name=\"twitter:data1\" content=\"diario5\" \/>\n\t<meta name=\"twitter:label2\" content=\"Tiempo de lectura\" \/>\n\t<meta name=\"twitter:data2\" content=\"3 minutos\" \/>\n<script type=\"application\/ld+json\" class=\"yoast-schema-graph\">{\"@context\":\"https:\\\/\\\/schema.org\",\"@graph\":[{\"@type\":\"Article\",\"@id\":\"https:\\\/\\\/diariotextual.com\\\/inicio\\\/index.php\\\/2021\\\/11\\\/29\\\/marcharon-a-los-tribunales-de-pico-para-pedir-justicia-por-lucio-que-nos-expliquen-por-que-nos-sacaron-al-nene\\\/#article\",\"isPartOf\":{\"@id\":\"https:\\\/\\\/diariotextual.com\\\/inicio\\\/index.php\\\/2021\\\/11\\\/29\\\/marcharon-a-los-tribunales-de-pico-para-pedir-justicia-por-lucio-que-nos-expliquen-por-que-nos-sacaron-al-nene\\\/\"},\"author\":{\"name\":\"diario5\",\"@id\":\"https:\\\/\\\/diariotextual.com\\\/inicio\\\/#\\\/schema\\\/person\\\/c7834961ad8b29b1d9cdbf4571299067\"},\"headline\":\"Marcha por Lucio a los tribunales de Pico: \u201cQue nos expliquen por qu\u00e9 nos sacaron al nene\u201d\",\"datePublished\":\"2021-11-29T16:19:23+00:00\",\"dateModified\":\"2021-11-29T19:26:39+00:00\",\"mainEntityOfPage\":{\"@id\":\"https:\\\/\\\/diariotextual.com\\\/inicio\\\/index.php\\\/2021\\\/11\\\/29\\\/marcharon-a-los-tribunales-de-pico-para-pedir-justicia-por-lucio-que-nos-expliquen-por-que-nos-sacaron-al-nene\\\/\"},\"wordCount\":534,\"publisher\":{\"@id\":\"https:\\\/\\\/diariotextual.com\\\/inicio\\\/#organization\"},\"image\":{\"@id\":\"https:\\\/\\\/diariotextual.com\\\/inicio\\\/index.php\\\/2021\\\/11\\\/29\\\/marcharon-a-los-tribunales-de-pico-para-pedir-justicia-por-lucio-que-nos-expliquen-por-que-nos-sacaron-al-nene\\\/#primaryimage\"},\"thumbnailUrl\":\"https:\\\/\\\/diariotextual.com\\\/inicio\\\/wp-content\\\/uploads\\\/2021\\\/11\\\/luciomarchatribunalespico.jpg\",\"articleSection\":[\"A - PORTADA2\",\"SOCIEDAD\"],\"inLanguage\":\"es\"},{\"@type\":\"WebPage\",\"@id\":\"https:\\\/\\\/diariotextual.com\\\/inicio\\\/index.php\\\/2021\\\/11\\\/29\\\/marcharon-a-los-tribunales-de-pico-para-pedir-justicia-por-lucio-que-nos-expliquen-por-que-nos-sacaron-al-nene\\\/\",\"url\":\"https:\\\/\\\/diariotextual.com\\\/inicio\\\/index.php\\\/2021\\\/11\\\/29\\\/marcharon-a-los-tribunales-de-pico-para-pedir-justicia-por-lucio-que-nos-expliquen-por-que-nos-sacaron-al-nene\\\/\",\"name\":\"Marcha por Lucio a los tribunales de Pico: \u201cQue nos expliquen por qu\u00e9 nos sacaron al nene\u201d - Diario Textual\",\"isPartOf\":{\"@id\":\"https:\\\/\\\/diariotextual.com\\\/inicio\\\/#website\"},\"primaryImageOfPage\":{\"@id\":\"https:\\\/\\\/diariotextual.com\\\/inicio\\\/index.php\\\/2021\\\/11\\\/29\\\/marcharon-a-los-tribunales-de-pico-para-pedir-justicia-por-lucio-que-nos-expliquen-por-que-nos-sacaron-al-nene\\\/#primaryimage\"},\"image\":{\"@id\":\"https:\\\/\\\/diariotextual.com\\\/inicio\\\/index.php\\\/2021\\\/11\\\/29\\\/marcharon-a-los-tribunales-de-pico-para-pedir-justicia-por-lucio-que-nos-expliquen-por-que-nos-sacaron-al-nene\\\/#primaryimage\"},\"thumbnailUrl\":\"https:\\\/\\\/diariotextual.com\\\/inicio\\\/wp-content\\\/uploads\\\/2021\\\/11\\\/luciomarchatribunalespico.jpg\",\"datePublished\":\"2021-11-29T16:19:23+00:00\",\"dateModified\":\"2021-11-29T19:26:39+00:00\",\"breadcrumb\":{\"@id\":\"https:\\\/\\\/diariotextual.com\\\/inicio\\\/index.php\\\/2021\\\/11\\\/29\\\/marcharon-a-los-tribunales-de-pico-para-pedir-justicia-por-lucio-que-nos-expliquen-por-que-nos-sacaron-al-nene\\\/#breadcrumb\"},\"inLanguage\":\"es\",\"potentialAction\":[{\"@type\":\"ReadAction\",\"target\":[\"https:\\\/\\\/diariotextual.com\\\/inicio\\\/index.php\\\/2021\\\/11\\\/29\\\/marcharon-a-los-tribunales-de-pico-para-pedir-justicia-por-lucio-que-nos-expliquen-por-que-nos-sacaron-al-nene\\\/\"]}]},{\"@type\":\"ImageObject\",\"inLanguage\":\"es\",\"@id\":\"https:\\\/\\\/diariotextual.com\\\/inicio\\\/index.php\\\/2021\\\/11\\\/29\\\/marcharon-a-los-tribunales-de-pico-para-pedir-justicia-por-lucio-que-nos-expliquen-por-que-nos-sacaron-al-nene\\\/#primaryimage\",\"url\":\"https:\\\/\\\/diariotextual.com\\\/inicio\\\/wp-content\\\/uploads\\\/2021\\\/11\\\/luciomarchatribunalespico.jpg\",\"contentUrl\":\"https:\\\/\\\/diariotextual.com\\\/inicio\\\/wp-content\\\/uploads\\\/2021\\\/11\\\/luciomarchatribunalespico.jpg\",\"width\":899,\"height\":412},{\"@type\":\"BreadcrumbList\",\"@id\":\"https:\\\/\\\/diariotextual.com\\\/inicio\\\/index.php\\\/2021\\\/11\\\/29\\\/marcharon-a-los-tribunales-de-pico-para-pedir-justicia-por-lucio-que-nos-expliquen-por-que-nos-sacaron-al-nene\\\/#breadcrumb\",\"itemListElement\":[{\"@type\":\"ListItem\",\"position\":1,\"name\":\"Portada\",\"item\":\"https:\\\/\\\/diariotextual.com\\\/inicio\\\/\"},{\"@type\":\"ListItem\",\"position\":2,\"name\":\"Marcha por Lucio a los tribunales de Pico: \u201cQue nos expliquen por qu\u00e9 nos sacaron al nene\u201d\"}]},{\"@type\":\"WebSite\",\"@id\":\"https:\\\/\\\/diariotextual.com\\\/inicio\\\/#website\",\"url\":\"https:\\\/\\\/diariotextual.com\\\/inicio\\\/\",\"name\":\"Diario Textual\",\"description\":\"\",\"publisher\":{\"@id\":\"https:\\\/\\\/diariotextual.com\\\/inicio\\\/#organization\"},\"potentialAction\":[{\"@type\":\"SearchAction\",\"target\":{\"@type\":\"EntryPoint\",\"urlTemplate\":\"https:\\\/\\\/diariotextual.com\\\/inicio\\\/?s={search_term_string}\"},\"query-input\":{\"@type\":\"PropertyValueSpecification\",\"valueRequired\":true,\"valueName\":\"search_term_string\"}}],\"inLanguage\":\"es\"},{\"@type\":\"Organization\",\"@id\":\"https:\\\/\\\/diariotextual.com\\\/inicio\\\/#organization\",\"name\":\"Diario Textual\",\"url\":\"https:\\\/\\\/diariotextual.com\\\/inicio\\\/\",\"logo\":{\"@type\":\"ImageObject\",\"inLanguage\":\"es\",\"@id\":\"https:\\\/\\\/diariotextual.com\\\/inicio\\\/#\\\/schema\\\/logo\\\/image\\\/\",\"url\":\"https:\\\/\\\/diariotextual.com\\\/inicio\\\/wp-content\\\/uploads\\\/2023\\\/05\\\/logotextual1.jpg\",\"contentUrl\":\"https:\\\/\\\/diariotextual.com\\\/inicio\\\/wp-content\\\/uploads\\\/2023\\\/05\\\/logotextual1.jpg\",\"width\":516,\"height\":76,\"caption\":\"Diario Textual\"},\"image\":{\"@id\":\"https:\\\/\\\/diariotextual.com\\\/inicio\\\/#\\\/schema\\\/logo\\\/image\\\/\"},\"sameAs\":[\"https:\\\/\\\/www.facebook.com\\\/eltextual\",\"https:\\\/\\\/x.com\\\/eltextual\",\"http:\\\/\\\/www.instagram.com\\\/eltextual\"]},{\"@type\":\"Person\",\"@id\":\"https:\\\/\\\/diariotextual.com\\\/inicio\\\/#\\\/schema\\\/person\\\/c7834961ad8b29b1d9cdbf4571299067\",\"name\":\"diario5\",\"image\":{\"@type\":\"ImageObject\",\"inLanguage\":\"es\",\"@id\":\"https:\\\/\\\/secure.gravatar.com\\\/avatar\\\/948c893b847ca6df68216ead81b63f363408ec9b0f600fefc0641ce78613b111?s=96&d=mm&r=g\",\"url\":\"https:\\\/\\\/secure.gravatar.com\\\/avatar\\\/948c893b847ca6df68216ead81b63f363408ec9b0f600fefc0641ce78613b111?s=96&d=mm&r=g\",\"contentUrl\":\"https:\\\/\\\/secure.gravatar.com\\\/avatar\\\/948c893b847ca6df68216ead81b63f363408ec9b0f600fefc0641ce78613b111?s=96&d=mm&r=g\",\"caption\":\"diario5\"},\"url\":\"https:\\\/\\\/diariotextual.com\\\/inicio\\\/index.php\\\/author\\\/diario5\\\/\"}]}<\/script>\n<!-- \/ Yoast SEO plugin. -->","yoast_head_json":{"title":"Marcha por Lucio a los tribunales de Pico: \u201cQue nos expliquen por qu\u00e9 nos sacaron al nene\u201d - Diario Textual","robots":{"index":"index","follow":"follow","max-snippet":"max-snippet:-1","max-image-preview":"max-image-preview:large","max-video-preview":"max-video-preview:-1"},"canonical":"https:\/\/diariotextual.com\/inicio\/index.php\/2021\/11\/29\/marcharon-a-los-tribunales-de-pico-para-pedir-justicia-por-lucio-que-nos-expliquen-por-que-nos-sacaron-al-nene\/","og_locale":"es_ES","og_type":"article","og_title":"Marcha por Lucio a los tribunales de Pico: \u201cQue nos expliquen por qu\u00e9 nos sacaron al nene\u201d - Diario Textual","og_description":"Familiares, allegados y vecinos de General Pico realizaron este lunes una movilizaci\u00f3n a los tribunales para pedir justicia por Lucio Dupuy, el nene de 5 a\u00f1os asesinado a golpes. Exigieron&hellip;","og_url":"https:\/\/diariotextual.com\/inicio\/index.php\/2021\/11\/29\/marcharon-a-los-tribunales-de-pico-para-pedir-justicia-por-lucio-que-nos-expliquen-por-que-nos-sacaron-al-nene\/","og_site_name":"Diario Textual","article_publisher":"https:\/\/www.facebook.com\/eltextual","article_published_time":"2021-11-29T16:19:23+00:00","article_modified_time":"2021-11-29T19:26:39+00:00","og_image":[{"width":899,"height":412,"url":"https:\/\/diariotextual.com\/inicio\/wp-content\/uploads\/2021\/11\/luciomarchatribunalespico.jpg","type":"image\/jpeg"}],"author":"diario5","twitter_card":"summary_large_image","twitter_creator":"@eltextual","twitter_site":"@eltextual","twitter_misc":{"Escrito por":"diario5","Tiempo de lectura":"3 minutos"},"schema":{"@context":"https:\/\/schema.org","@graph":[{"@type":"Article","@id":"https:\/\/diariotextual.com\/inicio\/index.php\/2021\/11\/29\/marcharon-a-los-tribunales-de-pico-para-pedir-justicia-por-lucio-que-nos-expliquen-por-que-nos-sacaron-al-nene\/#article","isPartOf":{"@id":"https:\/\/diariotextual.com\/inicio\/index.php\/2021\/11\/29\/marcharon-a-los-tribunales-de-pico-para-pedir-justicia-por-lucio-que-nos-expliquen-por-que-nos-sacaron-al-nene\/"},"author":{"name":"diario5","@id":"https:\/\/diariotextual.com\/inicio\/#\/schema\/person\/c7834961ad8b29b1d9cdbf4571299067"},"headline":"Marcha por Lucio a los tribunales de Pico: \u201cQue nos expliquen por qu\u00e9 nos sacaron al nene\u201d","datePublished":"2021-11-29T16:19:23+00:00","dateModified":"2021-11-29T19:26:39+00:00","mainEntityOfPage":{"@id":"https:\/\/diariotextual.com\/inicio\/index.php\/2021\/11\/29\/marcharon-a-los-tribunales-de-pico-para-pedir-justicia-por-lucio-que-nos-expliquen-por-que-nos-sacaron-al-nene\/"},"wordCount":534,"publisher":{"@id":"https:\/\/diariotextual.com\/inicio\/#organization"},"image":{"@id":"https:\/\/diariotextual.com\/inicio\/index.php\/2021\/11\/29\/marcharon-a-los-tribunales-de-pico-para-pedir-justicia-por-lucio-que-nos-expliquen-por-que-nos-sacaron-al-nene\/#primaryimage"},"thumbnailUrl":"https:\/\/diariotextual.com\/inicio\/wp-content\/uploads\/2021\/11\/luciomarchatribunalespico.jpg","articleSection":["A - PORTADA2","SOCIEDAD"],"inLanguage":"es"},{"@type":"WebPage","@id":"https:\/\/diariotextual.com\/inicio\/index.php\/2021\/11\/29\/marcharon-a-los-tribunales-de-pico-para-pedir-justicia-por-lucio-que-nos-expliquen-por-que-nos-sacaron-al-nene\/","url":"https:\/\/diariotextual.com\/inicio\/index.php\/2021\/11\/29\/marcharon-a-los-tribunales-de-pico-para-pedir-justicia-por-lucio-que-nos-expliquen-por-que-nos-sacaron-al-nene\/","name":"Marcha por Lucio a los tribunales de Pico: \u201cQue nos expliquen por qu\u00e9 nos sacaron al nene\u201d - Diario Textual","isPartOf":{"@id":"https:\/\/diariotextual.com\/inicio\/#website"},"primaryImageOfPage":{"@id":"https:\/\/diariotextual.com\/inicio\/index.php\/2021\/11\/29\/marcharon-a-los-tribunales-de-pico-para-pedir-justicia-por-lucio-que-nos-expliquen-por-que-nos-sacaron-al-nene\/#primaryimage"},"image":{"@id":"https:\/\/diariotextual.com\/inicio\/index.php\/2021\/11\/29\/marcharon-a-los-tribunales-de-pico-para-pedir-justicia-por-lucio-que-nos-expliquen-por-que-nos-sacaron-al-nene\/#primaryimage"},"thumbnailUrl":"https:\/\/diariotextual.com\/inicio\/wp-content\/uploads\/2021\/11\/luciomarchatribunalespico.jpg","datePublished":"2021-11-29T16:19:23+00:00","dateModified":"2021-11-29T19:26:39+00:00","breadcrumb":{"@id":"https:\/\/diariotextual.com\/inicio\/index.php\/2021\/11\/29\/marcharon-a-los-tribunales-de-pico-para-pedir-justicia-por-lucio-que-nos-expliquen-por-que-nos-sacaron-al-nene\/#breadcrumb"},"inLanguage":"es","potentialAction":[{"@type":"ReadAction","target":["https:\/\/diariotextual.com\/inicio\/index.php\/2021\/11\/29\/marcharon-a-los-tribunales-de-pico-para-pedir-justicia-por-lucio-que-nos-expliquen-por-que-nos-sacaron-al-nene\/"]}]},{"@type":"ImageObject","inLanguage":"es","@id":"https:\/\/diariotextual.com\/inicio\/index.php\/2021\/11\/29\/marcharon-a-los-tribunales-de-pico-para-pedir-justicia-por-lucio-que-nos-expliquen-por-que-nos-sacaron-al-nene\/#primaryimage","url":"https:\/\/diariotextual.com\/inicio\/wp-content\/uploads\/2021\/11\/luciomarchatribunalespico.jpg","contentUrl":"https:\/\/diariotextual.com\/inicio\/wp-content\/uploads\/2021\/11\/luciomarchatribunalespico.jpg","width":899,"height":412},{"@type":"BreadcrumbList","@id":"https:\/\/diariotextual.com\/inicio\/index.php\/2021\/11\/29\/marcharon-a-los-tribunales-de-pico-para-pedir-justicia-por-lucio-que-nos-expliquen-por-que-nos-sacaron-al-nene\/#breadcrumb","itemListElement":[{"@type":"ListItem","position":1,"name":"Portada","item":"https:\/\/diariotextual.com\/inicio\/"},{"@type":"ListItem","position":2,"name":"Marcha por Lucio a los tribunales de Pico: \u201cQue nos expliquen por qu\u00e9 nos sacaron al nene\u201d"}]},{"@type":"WebSite","@id":"https:\/\/diariotextual.com\/inicio\/#website","url":"https:\/\/diariotextual.com\/inicio\/","name":"Diario Textual","description":"","publisher":{"@id":"https:\/\/diariotextual.com\/inicio\/#organization"},"potentialAction":[{"@type":"SearchAction","target":{"@type":"EntryPoint","urlTemplate":"https:\/\/diariotextual.com\/inicio\/?s={search_term_string}"},"query-input":{"@type":"PropertyValueSpecification","valueRequired":true,"valueName":"search_term_string"}}],"inLanguage":"es"},{"@type":"Organization","@id":"https:\/\/diariotextual.com\/inicio\/#organization","name":"Diario Textual","url":"https:\/\/diariotextual.com\/inicio\/","logo":{"@type":"ImageObject","inLanguage":"es","@id":"https:\/\/diariotextual.com\/inicio\/#\/schema\/logo\/image\/","url":"https:\/\/diariotextual.com\/inicio\/wp-content\/uploads\/2023\/05\/logotextual1.jpg","contentUrl":"https:\/\/diariotextual.com\/inicio\/wp-content\/uploads\/2023\/05\/logotextual1.jpg","width":516,"height":76,"caption":"Diario Textual"},"image":{"@id":"https:\/\/diariotextual.com\/inicio\/#\/schema\/logo\/image\/"},"sameAs":["https:\/\/www.facebook.com\/eltextual","https:\/\/x.com\/eltextual","http:\/\/www.instagram.com\/eltextual"]},{"@type":"Person","@id":"https:\/\/diariotextual.com\/inicio\/#\/schema\/person\/c7834961ad8b29b1d9cdbf4571299067","name":"diario5","image":{"@type":"ImageObject","inLanguage":"es","@id":"https:\/\/secure.gravatar.com\/avatar\/948c893b847ca6df68216ead81b63f363408ec9b0f600fefc0641ce78613b111?s=96&d=mm&r=g","url":"https:\/\/secure.gravatar.com\/avatar\/948c893b847ca6df68216ead81b63f363408ec9b0f600fefc0641ce78613b111?s=96&d=mm&r=g","contentUrl":"https:\/\/secure.gravatar.com\/avatar\/948c893b847ca6df68216ead81b63f363408ec9b0f600fefc0641ce78613b111?s=96&d=mm&r=g","caption":"diario5"},"url":"https:\/\/diariotextual.com\/inicio\/index.php\/author\/diario5\/"}]}},"_links":{"self":[{"href":"https:\/\/diariotextual.com\/inicio\/index.php\/wp-json\/wp\/v2\/posts\/170703","targetHints":{"allow":["GET"]}}],"collection":[{"href":"https:\/\/diariotextual.com\/inicio\/index.php\/wp-json\/wp\/v2\/posts"}],"about":[{"href":"https:\/\/diariotextual.com\/inicio\/index.php\/wp-json\/wp\/v2\/types\/post"}],"author":[{"embeddable":true,"href":"https:\/\/diariotextual.com\/inicio\/index.php\/wp-json\/wp\/v2\/users\/7"}],"replies":[{"embeddable":true,"href":"https:\/\/diariotextual.com\/inicio\/index.php\/wp-json\/wp\/v2\/comments?post=170703"}],"version-history":[{"count":4,"href":"https:\/\/diariotextual.com\/inicio\/index.php\/wp-json\/wp\/v2\/posts\/170703\/revisions"}],"predecessor-version":[{"id":170713,"href":"https:\/\/diariotextual.com\/inicio\/index.php\/wp-json\/wp\/v2\/posts\/170703\/revisions\/170713"}],"wp:featuredmedia":[{"embeddable":true,"href":"https:\/\/diariotextual.com\/inicio\/index.php\/wp-json\/wp\/v2\/media\/170704"}],"wp:attachment":[{"href":"https:\/\/diariotextual.com\/inicio\/index.php\/wp-json\/wp\/v2\/media?parent=170703"}],"wp:term":[{"taxonomy":"category","embeddable":true,"href":"https:\/\/diariotextual.com\/inicio\/index.php\/wp-json\/wp\/v2\/categories?post=170703"},{"taxonomy":"post_tag","embeddable":true,"href":"https:\/\/diariotextual.com\/inicio\/index.php\/wp-json\/wp\/v2\/tags?post=170703"}],"curies":[{"name":"wp","href":"https:\/\/api.w.org\/{rel}","templated":true}]}}