{"id":171033,"date":"2021-12-01T11:15:16","date_gmt":"2021-12-01T14:15:16","guid":{"rendered":"https:\/\/diariotextual.com\/inicio\/?p=171033"},"modified":"2021-12-01T15:08:38","modified_gmt":"2021-12-01T18:08:38","slug":"la-unlpam-dictara-una-nueva-carrera-en-la-adela-y-colonia-baron","status":"publish","type":"post","link":"https:\/\/diariotextual.com\/inicio\/index.php\/2021\/12\/01\/la-unlpam-dictara-una-nueva-carrera-en-la-adela-y-colonia-baron\/","title":{"rendered":"La UNLPam lleva la carrera de Tecnicatura de Alimentos a La Adela y Colonia Bar\u00f3n"},"content":{"rendered":"\n<p>La Universidad Nacional de La Pampa (UNLPam) llevar\u00e1 la Tecnicatura en Gesti\u00f3n y Tecnolog\u00eda de Alimentos a los pueblos de Colonia Bar\u00f3n y La Adela. Ya se dicta en General Pico y Santa Rosa.<\/p>\n\n\n\n<p>El gobernador Sergio Ziliotto, autoridades de la Universidad Nacional de La Pampa y los intendentes de las municipalidades de La Adela y Colonia Bar\u00f3n anunciaron la puesta en marcha de la carrera en esas localidades.<\/p>\n\n\n\n<p>Participaron de la presentaci\u00f3n la rectora de la UNLPam, Ver\u00f3nica Moreno; el decano de la Facultad de Ciencias Veterinarias, Abelardo Mario Ferr\u00e1n; la decana de la Facultad de Agronom\u00eda, Ana Urioste; la ministra de la Producci\u00f3n, Fernanda Gonz\u00e1lez; el ministro de Educaci\u00f3n, Pablo Maccione; el intendente de La Adela, Juan Barrionuevo; y la intendenta de Colonia Bar\u00f3n, Sonia Luengo, entre otras autoridades.<br><\/p>\n\n\n\n<p>\u201cEs una peque\u00f1a alegr\u00eda en un momento tan duro para la provincia\u201d, afirm\u00f3 el mandatario pampeano. \u00abHoy estamos dando un paso m\u00e1s en la articulaci\u00f3n entre el Gobierno provincial y la Universidad para utilizar la educaci\u00f3n como uno de los elementos que tiene el ser humano para crecer personal y profesionalmente\u201d.<br><\/p>\n\n\n\n<p>&nbsp;\u201cHoy ponemos en marcha una nueva oferta educativa, una Tecnicatura en Gesti\u00f3n y Tecnolog\u00eda de Alimentos, que tiene que ver con una demanda de la sociedad que nos va a permitir lograr una mejor calidad de vida a partir de una mejor calidad de los alimentos\u00bb, dijo.<br><\/p>\n\n\n\n<p>Plante\u00f3 la necesidad de \u00abpotenciar la articulaci\u00f3n\u00bb entre la casa de altos estudios y el Gobierno provincial. \u00abTenemos como objetivo tratar de llegar a la mayor cantidad de localidades para tener igualdad de oportunidades en todo el territorio de la provincia\u00bb, dijo.<br><br><br>Ver\u00f3nica Moreno, en tanto, resalt\u00f3 la implementaci\u00f3n de la tecnicatura. \u00abEstamos dando un paso muy importante a partir de la resignificaci\u00f3n del conocimiento, pero adem\u00e1s porque estamos pensando no solo en los j\u00f3venes, sino tambi\u00e9n en las y los trabajadores\u00bb, dijo.<br><\/p>\n\n\n\n<p>\u201cCreo que hemos mancomunado un esfuerzo muy importante y es acorde a la demanda que tenemos sobre la Universidad y el conocimiento al que se sigue viendo como la clave del progreso, del desarrollo y la producci\u00f3n\u201d, concluy\u00f3.<\/p>\n\n\n\n<div style=\"height:100px\" aria-hidden=\"true\" class=\"wp-block-spacer\"><\/div>\n\n\n\n<p><br>&nbsp;<br><strong>La carrera<\/strong><br>La tecnicatura tendr\u00e1 una duraci\u00f3n de tres a\u00f1os. Consistir\u00e1 en clases presenciales intensivas y con un fuerte componente pr\u00e1ctico los s\u00e1bados, adem\u00e1s de un entorno virtual de aprendizaje.<\/p>\n\n\n\n<p>Las sedes centrales estar\u00e1n ubicadas en General Pico y Santa Rosa, donde se instalar\u00e1n los laboratorios, y habr\u00e1 dos sedes territoriales en Colonia Bar\u00f3n y La Adela.<br><\/p>\n\n\n\n<p>Al finalizar los estudios se genera un perfil t\u00e9cnico capacitado para la elaboraci\u00f3n de alimentos en todas las fases productivas, control y gesti\u00f3n de calidad de materia prima, productos en proceso y productos elaborados, dise\u00f1o y organizaci\u00f3n de la producci\u00f3n industrial, y principios de administraci\u00f3n, gesti\u00f3n de costos y comercializaci\u00f3n.<\/p>\n\n\n\n<div style=\"height:100px\" aria-hidden=\"true\" class=\"wp-block-spacer\"><\/div>\n\n\n\n<p><\/p>\n\n\n\n<p><br>&nbsp;<br><strong>Requisitos<\/strong><br>Los estudiantes deber\u00e1n tener los estudios secundarios finalizados o ser operarios estatales o privados que trabajen en la industria alimenticia (frigor\u00edficos, elaboraci\u00f3n de alimentos, industria l\u00e1ctea, etc\u00e9tera).<\/p>\n","protected":false},"excerpt":{"rendered":"<p>La Universidad Nacional de La Pampa (UNLPam) llevar\u00e1 la Tecnicatura en Gesti\u00f3n y Tecnolog\u00eda de Alimentos a los pueblos de Colonia Bar\u00f3n y La Adela. Ya se dicta en General&hellip;<\/p>\n","protected":false},"author":3,"featured_media":171036,"comment_status":"closed","ping_status":"open","sticky":false,"template":"","format":"standard","meta":{"_acf_changed":false,"footnotes":""},"categories":[10,12],"tags":[],"class_list":["post-171033","post","type-post","status-publish","format-standard","has-post-thumbnail","hentry","category-portada-2","category-sociedad"],"acf":[],"yoast_head":"<!-- This site is optimized with the Yoast SEO plugin v27.5 - https:\/\/yoast.com\/product\/yoast-seo-wordpress\/ -->\n<title>La UNLPam lleva la carrera de Tecnicatura de Alimentos a La Adela y Colonia Bar\u00f3n - Diario Textual<\/title>\n<meta name=\"robots\" content=\"index, follow, max-snippet:-1, max-image-preview:large, max-video-preview:-1\" \/>\n<link rel=\"canonical\" href=\"https:\/\/diariotextual.com\/inicio\/index.php\/2021\/12\/01\/la-unlpam-dictara-una-nueva-carrera-en-la-adela-y-colonia-baron\/\" \/>\n<meta property=\"og:locale\" content=\"es_ES\" \/>\n<meta property=\"og:type\" content=\"article\" \/>\n<meta property=\"og:title\" content=\"La UNLPam lleva la carrera de Tecnicatura de Alimentos a La Adela y Colonia Bar\u00f3n - Diario Textual\" \/>\n<meta property=\"og:description\" content=\"La Universidad Nacional de La Pampa (UNLPam) llevar\u00e1 la Tecnicatura en Gesti\u00f3n y Tecnolog\u00eda de Alimentos a los pueblos de Colonia Bar\u00f3n y La Adela. Ya se dicta en General&hellip;\" \/>\n<meta property=\"og:url\" content=\"https:\/\/diariotextual.com\/inicio\/index.php\/2021\/12\/01\/la-unlpam-dictara-una-nueva-carrera-en-la-adela-y-colonia-baron\/\" \/>\n<meta property=\"og:site_name\" content=\"Diario Textual\" \/>\n<meta property=\"article:publisher\" content=\"https:\/\/www.facebook.com\/eltextual\" \/>\n<meta property=\"article:published_time\" content=\"2021-12-01T14:15:16+00:00\" \/>\n<meta property=\"article:modified_time\" content=\"2021-12-01T18:08:38+00:00\" \/>\n<meta property=\"og:image\" content=\"https:\/\/diariotextual.com\/inicio\/wp-content\/uploads\/2021\/12\/tecnicaturaalimentosunlpamziliottomorenobaronlaadela2021-1.jpg\" \/>\n\t<meta property=\"og:image:width\" content=\"967\" \/>\n\t<meta property=\"og:image:height\" content=\"599\" \/>\n\t<meta property=\"og:image:type\" content=\"image\/jpeg\" \/>\n<meta name=\"author\" content=\"Diario1 Diario1\" \/>\n<meta name=\"twitter:card\" content=\"summary_large_image\" \/>\n<meta name=\"twitter:creator\" content=\"@eltextual\" \/>\n<meta name=\"twitter:site\" content=\"@eltextual\" \/>\n<meta name=\"twitter:label1\" content=\"Escrito por\" \/>\n\t<meta name=\"twitter:data1\" content=\"Diario1 Diario1\" \/>\n\t<meta name=\"twitter:label2\" content=\"Tiempo de lectura\" \/>\n\t<meta name=\"twitter:data2\" content=\"3 minutos\" \/>\n<script type=\"application\/ld+json\" class=\"yoast-schema-graph\">{\"@context\":\"https:\\\/\\\/schema.org\",\"@graph\":[{\"@type\":\"Article\",\"@id\":\"https:\\\/\\\/diariotextual.com\\\/inicio\\\/index.php\\\/2021\\\/12\\\/01\\\/la-unlpam-dictara-una-nueva-carrera-en-la-adela-y-colonia-baron\\\/#article\",\"isPartOf\":{\"@id\":\"https:\\\/\\\/diariotextual.com\\\/inicio\\\/index.php\\\/2021\\\/12\\\/01\\\/la-unlpam-dictara-una-nueva-carrera-en-la-adela-y-colonia-baron\\\/\"},\"author\":{\"name\":\"Diario1 Diario1\",\"@id\":\"https:\\\/\\\/diariotextual.com\\\/inicio\\\/#\\\/schema\\\/person\\\/418fc4093c33e86ed41562db3508f958\"},\"headline\":\"La UNLPam lleva la carrera de Tecnicatura de Alimentos a La Adela y Colonia Bar\u00f3n\",\"datePublished\":\"2021-12-01T14:15:16+00:00\",\"dateModified\":\"2021-12-01T18:08:38+00:00\",\"mainEntityOfPage\":{\"@id\":\"https:\\\/\\\/diariotextual.com\\\/inicio\\\/index.php\\\/2021\\\/12\\\/01\\\/la-unlpam-dictara-una-nueva-carrera-en-la-adela-y-colonia-baron\\\/\"},\"wordCount\":553,\"publisher\":{\"@id\":\"https:\\\/\\\/diariotextual.com\\\/inicio\\\/#organization\"},\"image\":{\"@id\":\"https:\\\/\\\/diariotextual.com\\\/inicio\\\/index.php\\\/2021\\\/12\\\/01\\\/la-unlpam-dictara-una-nueva-carrera-en-la-adela-y-colonia-baron\\\/#primaryimage\"},\"thumbnailUrl\":\"https:\\\/\\\/diariotextual.com\\\/inicio\\\/wp-content\\\/uploads\\\/2021\\\/12\\\/tecnicaturaalimentosunlpamziliottomorenobaronlaadela2021-1.jpg\",\"articleSection\":[\"A - PORTADA2\",\"SOCIEDAD\"],\"inLanguage\":\"es\"},{\"@type\":\"WebPage\",\"@id\":\"https:\\\/\\\/diariotextual.com\\\/inicio\\\/index.php\\\/2021\\\/12\\\/01\\\/la-unlpam-dictara-una-nueva-carrera-en-la-adela-y-colonia-baron\\\/\",\"url\":\"https:\\\/\\\/diariotextual.com\\\/inicio\\\/index.php\\\/2021\\\/12\\\/01\\\/la-unlpam-dictara-una-nueva-carrera-en-la-adela-y-colonia-baron\\\/\",\"name\":\"La UNLPam lleva la carrera de Tecnicatura de Alimentos a La Adela y Colonia Bar\u00f3n - Diario Textual\",\"isPartOf\":{\"@id\":\"https:\\\/\\\/diariotextual.com\\\/inicio\\\/#website\"},\"primaryImageOfPage\":{\"@id\":\"https:\\\/\\\/diariotextual.com\\\/inicio\\\/index.php\\\/2021\\\/12\\\/01\\\/la-unlpam-dictara-una-nueva-carrera-en-la-adela-y-colonia-baron\\\/#primaryimage\"},\"image\":{\"@id\":\"https:\\\/\\\/diariotextual.com\\\/inicio\\\/index.php\\\/2021\\\/12\\\/01\\\/la-unlpam-dictara-una-nueva-carrera-en-la-adela-y-colonia-baron\\\/#primaryimage\"},\"thumbnailUrl\":\"https:\\\/\\\/diariotextual.com\\\/inicio\\\/wp-content\\\/uploads\\\/2021\\\/12\\\/tecnicaturaalimentosunlpamziliottomorenobaronlaadela2021-1.jpg\",\"datePublished\":\"2021-12-01T14:15:16+00:00\",\"dateModified\":\"2021-12-01T18:08:38+00:00\",\"breadcrumb\":{\"@id\":\"https:\\\/\\\/diariotextual.com\\\/inicio\\\/index.php\\\/2021\\\/12\\\/01\\\/la-unlpam-dictara-una-nueva-carrera-en-la-adela-y-colonia-baron\\\/#breadcrumb\"},\"inLanguage\":\"es\",\"potentialAction\":[{\"@type\":\"ReadAction\",\"target\":[\"https:\\\/\\\/diariotextual.com\\\/inicio\\\/index.php\\\/2021\\\/12\\\/01\\\/la-unlpam-dictara-una-nueva-carrera-en-la-adela-y-colonia-baron\\\/\"]}]},{\"@type\":\"ImageObject\",\"inLanguage\":\"es\",\"@id\":\"https:\\\/\\\/diariotextual.com\\\/inicio\\\/index.php\\\/2021\\\/12\\\/01\\\/la-unlpam-dictara-una-nueva-carrera-en-la-adela-y-colonia-baron\\\/#primaryimage\",\"url\":\"https:\\\/\\\/diariotextual.com\\\/inicio\\\/wp-content\\\/uploads\\\/2021\\\/12\\\/tecnicaturaalimentosunlpamziliottomorenobaronlaadela2021-1.jpg\",\"contentUrl\":\"https:\\\/\\\/diariotextual.com\\\/inicio\\\/wp-content\\\/uploads\\\/2021\\\/12\\\/tecnicaturaalimentosunlpamziliottomorenobaronlaadela2021-1.jpg\",\"width\":967,\"height\":599},{\"@type\":\"BreadcrumbList\",\"@id\":\"https:\\\/\\\/diariotextual.com\\\/inicio\\\/index.php\\\/2021\\\/12\\\/01\\\/la-unlpam-dictara-una-nueva-carrera-en-la-adela-y-colonia-baron\\\/#breadcrumb\",\"itemListElement\":[{\"@type\":\"ListItem\",\"position\":1,\"name\":\"Portada\",\"item\":\"https:\\\/\\\/diariotextual.com\\\/inicio\\\/\"},{\"@type\":\"ListItem\",\"position\":2,\"name\":\"La UNLPam lleva la carrera de Tecnicatura de Alimentos a La Adela y Colonia Bar\u00f3n\"}]},{\"@type\":\"WebSite\",\"@id\":\"https:\\\/\\\/diariotextual.com\\\/inicio\\\/#website\",\"url\":\"https:\\\/\\\/diariotextual.com\\\/inicio\\\/\",\"name\":\"Diario Textual\",\"description\":\"\",\"publisher\":{\"@id\":\"https:\\\/\\\/diariotextual.com\\\/inicio\\\/#organization\"},\"potentialAction\":[{\"@type\":\"SearchAction\",\"target\":{\"@type\":\"EntryPoint\",\"urlTemplate\":\"https:\\\/\\\/diariotextual.com\\\/inicio\\\/?s={search_term_string}\"},\"query-input\":{\"@type\":\"PropertyValueSpecification\",\"valueRequired\":true,\"valueName\":\"search_term_string\"}}],\"inLanguage\":\"es\"},{\"@type\":\"Organization\",\"@id\":\"https:\\\/\\\/diariotextual.com\\\/inicio\\\/#organization\",\"name\":\"Diario Textual\",\"url\":\"https:\\\/\\\/diariotextual.com\\\/inicio\\\/\",\"logo\":{\"@type\":\"ImageObject\",\"inLanguage\":\"es\",\"@id\":\"https:\\\/\\\/diariotextual.com\\\/inicio\\\/#\\\/schema\\\/logo\\\/image\\\/\",\"url\":\"https:\\\/\\\/diariotextual.com\\\/inicio\\\/wp-content\\\/uploads\\\/2023\\\/05\\\/logotextual1.jpg\",\"contentUrl\":\"https:\\\/\\\/diariotextual.com\\\/inicio\\\/wp-content\\\/uploads\\\/2023\\\/05\\\/logotextual1.jpg\",\"width\":516,\"height\":76,\"caption\":\"Diario Textual\"},\"image\":{\"@id\":\"https:\\\/\\\/diariotextual.com\\\/inicio\\\/#\\\/schema\\\/logo\\\/image\\\/\"},\"sameAs\":[\"https:\\\/\\\/www.facebook.com\\\/eltextual\",\"https:\\\/\\\/x.com\\\/eltextual\",\"http:\\\/\\\/www.instagram.com\\\/eltextual\"]},{\"@type\":\"Person\",\"@id\":\"https:\\\/\\\/diariotextual.com\\\/inicio\\\/#\\\/schema\\\/person\\\/418fc4093c33e86ed41562db3508f958\",\"name\":\"Diario1 Diario1\",\"image\":{\"@type\":\"ImageObject\",\"inLanguage\":\"es\",\"@id\":\"https:\\\/\\\/secure.gravatar.com\\\/avatar\\\/9167d280179c85bc18be67aa7eda765854300033af4896dd779b608640f2ef7a?s=96&d=mm&r=g\",\"url\":\"https:\\\/\\\/secure.gravatar.com\\\/avatar\\\/9167d280179c85bc18be67aa7eda765854300033af4896dd779b608640f2ef7a?s=96&d=mm&r=g\",\"contentUrl\":\"https:\\\/\\\/secure.gravatar.com\\\/avatar\\\/9167d280179c85bc18be67aa7eda765854300033af4896dd779b608640f2ef7a?s=96&d=mm&r=g\",\"caption\":\"Diario1 Diario1\"},\"url\":\"https:\\\/\\\/diariotextual.com\\\/inicio\\\/index.php\\\/author\\\/diario1\\\/\"}]}<\/script>\n<!-- \/ Yoast SEO plugin. -->","yoast_head_json":{"title":"La UNLPam lleva la carrera de Tecnicatura de Alimentos a La Adela y Colonia Bar\u00f3n - Diario Textual","robots":{"index":"index","follow":"follow","max-snippet":"max-snippet:-1","max-image-preview":"max-image-preview:large","max-video-preview":"max-video-preview:-1"},"canonical":"https:\/\/diariotextual.com\/inicio\/index.php\/2021\/12\/01\/la-unlpam-dictara-una-nueva-carrera-en-la-adela-y-colonia-baron\/","og_locale":"es_ES","og_type":"article","og_title":"La UNLPam lleva la carrera de Tecnicatura de Alimentos a La Adela y Colonia Bar\u00f3n - Diario Textual","og_description":"La Universidad Nacional de La Pampa (UNLPam) llevar\u00e1 la Tecnicatura en Gesti\u00f3n y Tecnolog\u00eda de Alimentos a los pueblos de Colonia Bar\u00f3n y La Adela. Ya se dicta en General&hellip;","og_url":"https:\/\/diariotextual.com\/inicio\/index.php\/2021\/12\/01\/la-unlpam-dictara-una-nueva-carrera-en-la-adela-y-colonia-baron\/","og_site_name":"Diario Textual","article_publisher":"https:\/\/www.facebook.com\/eltextual","article_published_time":"2021-12-01T14:15:16+00:00","article_modified_time":"2021-12-01T18:08:38+00:00","og_image":[{"width":967,"height":599,"url":"https:\/\/diariotextual.com\/inicio\/wp-content\/uploads\/2021\/12\/tecnicaturaalimentosunlpamziliottomorenobaronlaadela2021-1.jpg","type":"image\/jpeg"}],"author":"Diario1 Diario1","twitter_card":"summary_large_image","twitter_creator":"@eltextual","twitter_site":"@eltextual","twitter_misc":{"Escrito por":"Diario1 Diario1","Tiempo de lectura":"3 minutos"},"schema":{"@context":"https:\/\/schema.org","@graph":[{"@type":"Article","@id":"https:\/\/diariotextual.com\/inicio\/index.php\/2021\/12\/01\/la-unlpam-dictara-una-nueva-carrera-en-la-adela-y-colonia-baron\/#article","isPartOf":{"@id":"https:\/\/diariotextual.com\/inicio\/index.php\/2021\/12\/01\/la-unlpam-dictara-una-nueva-carrera-en-la-adela-y-colonia-baron\/"},"author":{"name":"Diario1 Diario1","@id":"https:\/\/diariotextual.com\/inicio\/#\/schema\/person\/418fc4093c33e86ed41562db3508f958"},"headline":"La UNLPam lleva la carrera de Tecnicatura de Alimentos a La Adela y Colonia Bar\u00f3n","datePublished":"2021-12-01T14:15:16+00:00","dateModified":"2021-12-01T18:08:38+00:00","mainEntityOfPage":{"@id":"https:\/\/diariotextual.com\/inicio\/index.php\/2021\/12\/01\/la-unlpam-dictara-una-nueva-carrera-en-la-adela-y-colonia-baron\/"},"wordCount":553,"publisher":{"@id":"https:\/\/diariotextual.com\/inicio\/#organization"},"image":{"@id":"https:\/\/diariotextual.com\/inicio\/index.php\/2021\/12\/01\/la-unlpam-dictara-una-nueva-carrera-en-la-adela-y-colonia-baron\/#primaryimage"},"thumbnailUrl":"https:\/\/diariotextual.com\/inicio\/wp-content\/uploads\/2021\/12\/tecnicaturaalimentosunlpamziliottomorenobaronlaadela2021-1.jpg","articleSection":["A - PORTADA2","SOCIEDAD"],"inLanguage":"es"},{"@type":"WebPage","@id":"https:\/\/diariotextual.com\/inicio\/index.php\/2021\/12\/01\/la-unlpam-dictara-una-nueva-carrera-en-la-adela-y-colonia-baron\/","url":"https:\/\/diariotextual.com\/inicio\/index.php\/2021\/12\/01\/la-unlpam-dictara-una-nueva-carrera-en-la-adela-y-colonia-baron\/","name":"La UNLPam lleva la carrera de Tecnicatura de Alimentos a La Adela y Colonia Bar\u00f3n - Diario Textual","isPartOf":{"@id":"https:\/\/diariotextual.com\/inicio\/#website"},"primaryImageOfPage":{"@id":"https:\/\/diariotextual.com\/inicio\/index.php\/2021\/12\/01\/la-unlpam-dictara-una-nueva-carrera-en-la-adela-y-colonia-baron\/#primaryimage"},"image":{"@id":"https:\/\/diariotextual.com\/inicio\/index.php\/2021\/12\/01\/la-unlpam-dictara-una-nueva-carrera-en-la-adela-y-colonia-baron\/#primaryimage"},"thumbnailUrl":"https:\/\/diariotextual.com\/inicio\/wp-content\/uploads\/2021\/12\/tecnicaturaalimentosunlpamziliottomorenobaronlaadela2021-1.jpg","datePublished":"2021-12-01T14:15:16+00:00","dateModified":"2021-12-01T18:08:38+00:00","breadcrumb":{"@id":"https:\/\/diariotextual.com\/inicio\/index.php\/2021\/12\/01\/la-unlpam-dictara-una-nueva-carrera-en-la-adela-y-colonia-baron\/#breadcrumb"},"inLanguage":"es","potentialAction":[{"@type":"ReadAction","target":["https:\/\/diariotextual.com\/inicio\/index.php\/2021\/12\/01\/la-unlpam-dictara-una-nueva-carrera-en-la-adela-y-colonia-baron\/"]}]},{"@type":"ImageObject","inLanguage":"es","@id":"https:\/\/diariotextual.com\/inicio\/index.php\/2021\/12\/01\/la-unlpam-dictara-una-nueva-carrera-en-la-adela-y-colonia-baron\/#primaryimage","url":"https:\/\/diariotextual.com\/inicio\/wp-content\/uploads\/2021\/12\/tecnicaturaalimentosunlpamziliottomorenobaronlaadela2021-1.jpg","contentUrl":"https:\/\/diariotextual.com\/inicio\/wp-content\/uploads\/2021\/12\/tecnicaturaalimentosunlpamziliottomorenobaronlaadela2021-1.jpg","width":967,"height":599},{"@type":"BreadcrumbList","@id":"https:\/\/diariotextual.com\/inicio\/index.php\/2021\/12\/01\/la-unlpam-dictara-una-nueva-carrera-en-la-adela-y-colonia-baron\/#breadcrumb","itemListElement":[{"@type":"ListItem","position":1,"name":"Portada","item":"https:\/\/diariotextual.com\/inicio\/"},{"@type":"ListItem","position":2,"name":"La UNLPam lleva la carrera de Tecnicatura de Alimentos a La Adela y Colonia Bar\u00f3n"}]},{"@type":"WebSite","@id":"https:\/\/diariotextual.com\/inicio\/#website","url":"https:\/\/diariotextual.com\/inicio\/","name":"Diario Textual","description":"","publisher":{"@id":"https:\/\/diariotextual.com\/inicio\/#organization"},"potentialAction":[{"@type":"SearchAction","target":{"@type":"EntryPoint","urlTemplate":"https:\/\/diariotextual.com\/inicio\/?s={search_term_string}"},"query-input":{"@type":"PropertyValueSpecification","valueRequired":true,"valueName":"search_term_string"}}],"inLanguage":"es"},{"@type":"Organization","@id":"https:\/\/diariotextual.com\/inicio\/#organization","name":"Diario Textual","url":"https:\/\/diariotextual.com\/inicio\/","logo":{"@type":"ImageObject","inLanguage":"es","@id":"https:\/\/diariotextual.com\/inicio\/#\/schema\/logo\/image\/","url":"https:\/\/diariotextual.com\/inicio\/wp-content\/uploads\/2023\/05\/logotextual1.jpg","contentUrl":"https:\/\/diariotextual.com\/inicio\/wp-content\/uploads\/2023\/05\/logotextual1.jpg","width":516,"height":76,"caption":"Diario Textual"},"image":{"@id":"https:\/\/diariotextual.com\/inicio\/#\/schema\/logo\/image\/"},"sameAs":["https:\/\/www.facebook.com\/eltextual","https:\/\/x.com\/eltextual","http:\/\/www.instagram.com\/eltextual"]},{"@type":"Person","@id":"https:\/\/diariotextual.com\/inicio\/#\/schema\/person\/418fc4093c33e86ed41562db3508f958","name":"Diario1 Diario1","image":{"@type":"ImageObject","inLanguage":"es","@id":"https:\/\/secure.gravatar.com\/avatar\/9167d280179c85bc18be67aa7eda765854300033af4896dd779b608640f2ef7a?s=96&d=mm&r=g","url":"https:\/\/secure.gravatar.com\/avatar\/9167d280179c85bc18be67aa7eda765854300033af4896dd779b608640f2ef7a?s=96&d=mm&r=g","contentUrl":"https:\/\/secure.gravatar.com\/avatar\/9167d280179c85bc18be67aa7eda765854300033af4896dd779b608640f2ef7a?s=96&d=mm&r=g","caption":"Diario1 Diario1"},"url":"https:\/\/diariotextual.com\/inicio\/index.php\/author\/diario1\/"}]}},"_links":{"self":[{"href":"https:\/\/diariotextual.com\/inicio\/index.php\/wp-json\/wp\/v2\/posts\/171033","targetHints":{"allow":["GET"]}}],"collection":[{"href":"https:\/\/diariotextual.com\/inicio\/index.php\/wp-json\/wp\/v2\/posts"}],"about":[{"href":"https:\/\/diariotextual.com\/inicio\/index.php\/wp-json\/wp\/v2\/types\/post"}],"author":[{"embeddable":true,"href":"https:\/\/diariotextual.com\/inicio\/index.php\/wp-json\/wp\/v2\/users\/3"}],"replies":[{"embeddable":true,"href":"https:\/\/diariotextual.com\/inicio\/index.php\/wp-json\/wp\/v2\/comments?post=171033"}],"version-history":[{"count":8,"href":"https:\/\/diariotextual.com\/inicio\/index.php\/wp-json\/wp\/v2\/posts\/171033\/revisions"}],"predecessor-version":[{"id":171045,"href":"https:\/\/diariotextual.com\/inicio\/index.php\/wp-json\/wp\/v2\/posts\/171033\/revisions\/171045"}],"wp:featuredmedia":[{"embeddable":true,"href":"https:\/\/diariotextual.com\/inicio\/index.php\/wp-json\/wp\/v2\/media\/171036"}],"wp:attachment":[{"href":"https:\/\/diariotextual.com\/inicio\/index.php\/wp-json\/wp\/v2\/media?parent=171033"}],"wp:term":[{"taxonomy":"category","embeddable":true,"href":"https:\/\/diariotextual.com\/inicio\/index.php\/wp-json\/wp\/v2\/categories?post=171033"},{"taxonomy":"post_tag","embeddable":true,"href":"https:\/\/diariotextual.com\/inicio\/index.php\/wp-json\/wp\/v2\/tags?post=171033"}],"curies":[{"name":"wp","href":"https:\/\/api.w.org\/{rel}","templated":true}]}}