{"id":171119,"date":"2021-12-01T19:40:44","date_gmt":"2021-12-01T22:40:44","guid":{"rendered":"https:\/\/diariotextual.com\/inicio\/?p=171119"},"modified":"2021-12-02T10:56:57","modified_gmt":"2021-12-02T13:56:57","slug":"primera-reunion-en-la-pampa-por-el-censo-2022-podremos-autocensarnos-por-internet","status":"publish","type":"post","link":"https:\/\/diariotextual.com\/inicio\/index.php\/2021\/12\/01\/primera-reunion-en-la-pampa-por-el-censo-2022-podremos-autocensarnos-por-internet\/","title":{"rendered":"Primera reuni\u00f3n en La Pampa por el Censo 2022: podremos autocensarnos por internet"},"content":{"rendered":"\n<p>El gobernador <strong>Sergio Ziliotto<\/strong> encabez\u00f3 junto a la directora de Estad\u00edsticas y Censos de La Pampa,<strong> Laura Biasotti<\/strong>, la primera reuni\u00f3n del<strong> Comit\u00e9 Operativo Censal Provincial<\/strong>, con el fin de coordinar el desarrollo de las actividades pre- censales, censales y post- censales en nuestra provincia. <strong>Hay ciertos cambios con respecto a operativos anteriores: entre otros, se le permitir\u00e1 a la poblaci\u00f3n autocensarse a trav\u00e9s de internet.<\/strong><\/p>\n\n\n\n<p>El comit\u00e9 provincial es presidido por el gobernador. Tambi\u00e9n est\u00e1 integrado por los ministros y secretarios del gabinete provincial.<\/p>\n\n\n\n<p>En tanto, la secretaria ejecutiva del censo es la subsecretaria de Estad\u00edstica y Censos, Laura Biasotti, quien ejecutar\u00e1 y controlar\u00e1 el cumplimiento de todos los requerimientos y disposiciones emanadas del Comit\u00e9 Censal Nacional. <br><\/p>\n\n\n\n<p>\u00abSe trata de un evento que tiene una enorme importancia en virtud de la informaci\u00f3n que arroja. Los datos y posteriores estad\u00edsticas son uno de los principales elementos que nos permite a nosotros tomar decisiones y tener par\u00e1metros para determinar la eficiencia de la gesti\u00f3n\u00bb, dijo Ziliotto.<br><\/p>\n\n\n\n<p>Argentina realiza censos poblacionales desde 1869, e ininterrumpidamente cada 10 a\u00f1os en las \u00faltimas seis d\u00e9cadas. El recuento poblacional en tiempo y forma es un instrumento de gobierno y de pol\u00edtica p\u00fablica con rango constitucional.<\/p>\n\n\n\n<div style=\"height:100px\" aria-hidden=\"true\" class=\"wp-block-spacer\"><\/div>\n\n\n\n<p><br><\/p>\n\n\n\n<p><strong>\u201cConocernos\u201d<\/strong><br>Biasotti present\u00f3 parte del equipo de trabajo con el cual llevar\u00e1n adelante el operativo censal el pr\u00f3ximo 18 de mayo de 2022 y precis\u00f3 que se realizar\u00e1 bajo el eslogan \u201dConocernos\u201d, que \u00abimplica no solo saber cu\u00e1ntos somos, sino qui\u00e9nes somos\u201d.<br><\/p>\n\n\n\n<p>\u201cVamos a abordar, explorar y registrar todo lo que hay nuevo en nuestra provincia. Es el operativo m\u00e1s importante que tiene un pa\u00eds y es el \u00fanico que releva a toda la poblaci\u00f3n de la Argentina\u201d, apunt\u00f3.<br><\/p>\n\n\n\n<p>Detall\u00f3 que el censo demandar\u00e1 para su ejecuci\u00f3n tres veces m\u00e1s personas que las que se desempe\u00f1an en los procesos electorales. \u00abPor esto se requiere de un Comit\u00e9 Censal Provincial que demandar\u00e1 la acci\u00f3n y el compromiso de todas las carteras de gobierno\u00bb, dijo.<\/p>\n\n\n\n<div style=\"height:100px\" aria-hidden=\"true\" class=\"wp-block-spacer\"><\/div>\n\n\n\n<p><br><\/p>\n\n\n\n<p><strong>Metodolog\u00eda<\/strong><br>Por primera vez la poblaci\u00f3n ser\u00e1 censada en el lugar donde reside habitualmente, no como en los anteriores operativos que se los registraba donde hab\u00edan pernoctado la noche anterior.<br><\/p>\n\n\n\n<p>Una semana antes del 18 de mayo se censar\u00e1 la zona rural para lo que se solicitar\u00e1 la colaboraci\u00f3n de Defensa Civil, Senasa y polic\u00eda entre otros.<br><\/p>\n\n\n\n<p>El operativo prev\u00e9 el relevamiento de viviendas colectivas como geri\u00e1tricos, hoteles, etc., lo que demandar\u00e1 el involucramiento y compromiso de \u00e1reas como Desarrollo Social y Turismo entre otras.<\/p>\n\n\n\n<div style=\"height:100px\" aria-hidden=\"true\" class=\"wp-block-spacer\"><\/div>\n\n\n\n<p><br><strong>E-Censo<\/strong><br>Una de las particularidades del Censo 2022 es que, entre el 16 de marzo y el 18 de marzo,<strong> habr\u00e1 un e-censo<\/strong>. Esta nueva modalidad le permitir\u00e1 a la poblaci\u00f3n auto censarse a trav\u00e9s de un link en una p\u00e1gina de internet.<\/p>\n\n\n\n<p><br>\u00abEste cambio, que sigue lo que se hace a nivel internacional, es muy importante porque toda persona que se cense \u00e9l y su familia, va a hacer que el d\u00eda del censo, el operador solo vaya a su casa a registrar el c\u00f3digo que se obtiene una vez que se completan los datos requeridos de manera virtual\u201d.<\/p>\n\n\n\n<div style=\"height:100px\" aria-hidden=\"true\" class=\"wp-block-spacer\"><\/div>\n\n\n\n<p><br><strong>Cuestionario Censal<\/strong><br>Tendr\u00e1 56 preguntas, tanto en papel como en digital. Por un lado se consultar\u00e1 sobre las viviendas y el hogar (servicios, infraestructura, cantidad de ambientes, si viven personas con discapacidad, etc\u00e9tera) y por otro, incorpora como novedad, que se pedir\u00e1 el Documento Nacional de Identidad y, por primera vez, se preguntar\u00e1 por autopercepci\u00f3n de identidad de g\u00e9nero y auto reconocimiento \u00e9tnico.<\/p>\n\n\n\n<p><\/p>\n","protected":false},"excerpt":{"rendered":"<p>El gobernador Sergio Ziliotto encabez\u00f3 junto a la directora de Estad\u00edsticas y Censos de La Pampa, Laura Biasotti, la primera reuni\u00f3n del Comit\u00e9 Operativo Censal Provincial, con el fin de&hellip;<\/p>\n","protected":false},"author":3,"featured_media":171123,"comment_status":"closed","ping_status":"open","sticky":false,"template":"","format":"standard","meta":{"_acf_changed":false,"footnotes":""},"categories":[10,12],"tags":[3816],"class_list":["post-171119","post","type-post","status-publish","format-standard","has-post-thumbnail","hentry","category-portada-2","category-sociedad","tag-censo"],"acf":[],"yoast_head":"<!-- This site is optimized with the Yoast SEO plugin v27.5 - https:\/\/yoast.com\/product\/yoast-seo-wordpress\/ -->\n<title>Primera reuni\u00f3n en La Pampa por el Censo 2022: podremos autocensarnos por internet - Diario Textual<\/title>\n<meta name=\"robots\" content=\"index, follow, max-snippet:-1, max-image-preview:large, max-video-preview:-1\" \/>\n<link rel=\"canonical\" href=\"https:\/\/diariotextual.com\/inicio\/index.php\/2021\/12\/01\/primera-reunion-en-la-pampa-por-el-censo-2022-podremos-autocensarnos-por-internet\/\" \/>\n<meta property=\"og:locale\" content=\"es_ES\" \/>\n<meta property=\"og:type\" content=\"article\" \/>\n<meta property=\"og:title\" content=\"Primera reuni\u00f3n en La Pampa por el Censo 2022: podremos autocensarnos por internet - Diario Textual\" \/>\n<meta property=\"og:description\" content=\"El gobernador Sergio Ziliotto encabez\u00f3 junto a la directora de Estad\u00edsticas y Censos de La Pampa, Laura Biasotti, la primera reuni\u00f3n del Comit\u00e9 Operativo Censal Provincial, con el fin de&hellip;\" \/>\n<meta property=\"og:url\" content=\"https:\/\/diariotextual.com\/inicio\/index.php\/2021\/12\/01\/primera-reunion-en-la-pampa-por-el-censo-2022-podremos-autocensarnos-por-internet\/\" \/>\n<meta property=\"og:site_name\" content=\"Diario Textual\" \/>\n<meta property=\"article:publisher\" content=\"https:\/\/www.facebook.com\/eltextual\" \/>\n<meta property=\"article:published_time\" content=\"2021-12-01T22:40:44+00:00\" \/>\n<meta property=\"article:modified_time\" content=\"2021-12-02T13:56:57+00:00\" \/>\n<meta property=\"og:image\" content=\"https:\/\/diariotextual.com\/inicio\/wp-content\/uploads\/2021\/12\/censo2022reunionziliotto2021-2.jpg\" \/>\n\t<meta property=\"og:image:width\" content=\"975\" \/>\n\t<meta property=\"og:image:height\" content=\"629\" \/>\n\t<meta property=\"og:image:type\" content=\"image\/jpeg\" \/>\n<meta name=\"author\" content=\"Diario1 Diario1\" \/>\n<meta name=\"twitter:card\" content=\"summary_large_image\" \/>\n<meta name=\"twitter:creator\" content=\"@eltextual\" \/>\n<meta name=\"twitter:site\" content=\"@eltextual\" \/>\n<meta name=\"twitter:label1\" content=\"Escrito por\" \/>\n\t<meta name=\"twitter:data1\" content=\"Diario1 Diario1\" \/>\n\t<meta name=\"twitter:label2\" content=\"Tiempo de lectura\" \/>\n\t<meta name=\"twitter:data2\" content=\"3 minutos\" \/>\n<script type=\"application\/ld+json\" class=\"yoast-schema-graph\">{\"@context\":\"https:\\\/\\\/schema.org\",\"@graph\":[{\"@type\":\"Article\",\"@id\":\"https:\\\/\\\/diariotextual.com\\\/inicio\\\/index.php\\\/2021\\\/12\\\/01\\\/primera-reunion-en-la-pampa-por-el-censo-2022-podremos-autocensarnos-por-internet\\\/#article\",\"isPartOf\":{\"@id\":\"https:\\\/\\\/diariotextual.com\\\/inicio\\\/index.php\\\/2021\\\/12\\\/01\\\/primera-reunion-en-la-pampa-por-el-censo-2022-podremos-autocensarnos-por-internet\\\/\"},\"author\":{\"name\":\"Diario1 Diario1\",\"@id\":\"https:\\\/\\\/diariotextual.com\\\/inicio\\\/#\\\/schema\\\/person\\\/418fc4093c33e86ed41562db3508f958\"},\"headline\":\"Primera reuni\u00f3n en La Pampa por el Censo 2022: podremos autocensarnos por internet\",\"datePublished\":\"2021-12-01T22:40:44+00:00\",\"dateModified\":\"2021-12-02T13:56:57+00:00\",\"mainEntityOfPage\":{\"@id\":\"https:\\\/\\\/diariotextual.com\\\/inicio\\\/index.php\\\/2021\\\/12\\\/01\\\/primera-reunion-en-la-pampa-por-el-censo-2022-podremos-autocensarnos-por-internet\\\/\"},\"wordCount\":614,\"publisher\":{\"@id\":\"https:\\\/\\\/diariotextual.com\\\/inicio\\\/#organization\"},\"image\":{\"@id\":\"https:\\\/\\\/diariotextual.com\\\/inicio\\\/index.php\\\/2021\\\/12\\\/01\\\/primera-reunion-en-la-pampa-por-el-censo-2022-podremos-autocensarnos-por-internet\\\/#primaryimage\"},\"thumbnailUrl\":\"https:\\\/\\\/diariotextual.com\\\/inicio\\\/wp-content\\\/uploads\\\/2021\\\/12\\\/censo2022reunionziliotto2021-2.jpg\",\"keywords\":[\"censo\"],\"articleSection\":[\"A - PORTADA2\",\"SOCIEDAD\"],\"inLanguage\":\"es\"},{\"@type\":\"WebPage\",\"@id\":\"https:\\\/\\\/diariotextual.com\\\/inicio\\\/index.php\\\/2021\\\/12\\\/01\\\/primera-reunion-en-la-pampa-por-el-censo-2022-podremos-autocensarnos-por-internet\\\/\",\"url\":\"https:\\\/\\\/diariotextual.com\\\/inicio\\\/index.php\\\/2021\\\/12\\\/01\\\/primera-reunion-en-la-pampa-por-el-censo-2022-podremos-autocensarnos-por-internet\\\/\",\"name\":\"Primera reuni\u00f3n en La Pampa por el Censo 2022: podremos autocensarnos por internet - Diario Textual\",\"isPartOf\":{\"@id\":\"https:\\\/\\\/diariotextual.com\\\/inicio\\\/#website\"},\"primaryImageOfPage\":{\"@id\":\"https:\\\/\\\/diariotextual.com\\\/inicio\\\/index.php\\\/2021\\\/12\\\/01\\\/primera-reunion-en-la-pampa-por-el-censo-2022-podremos-autocensarnos-por-internet\\\/#primaryimage\"},\"image\":{\"@id\":\"https:\\\/\\\/diariotextual.com\\\/inicio\\\/index.php\\\/2021\\\/12\\\/01\\\/primera-reunion-en-la-pampa-por-el-censo-2022-podremos-autocensarnos-por-internet\\\/#primaryimage\"},\"thumbnailUrl\":\"https:\\\/\\\/diariotextual.com\\\/inicio\\\/wp-content\\\/uploads\\\/2021\\\/12\\\/censo2022reunionziliotto2021-2.jpg\",\"datePublished\":\"2021-12-01T22:40:44+00:00\",\"dateModified\":\"2021-12-02T13:56:57+00:00\",\"breadcrumb\":{\"@id\":\"https:\\\/\\\/diariotextual.com\\\/inicio\\\/index.php\\\/2021\\\/12\\\/01\\\/primera-reunion-en-la-pampa-por-el-censo-2022-podremos-autocensarnos-por-internet\\\/#breadcrumb\"},\"inLanguage\":\"es\",\"potentialAction\":[{\"@type\":\"ReadAction\",\"target\":[\"https:\\\/\\\/diariotextual.com\\\/inicio\\\/index.php\\\/2021\\\/12\\\/01\\\/primera-reunion-en-la-pampa-por-el-censo-2022-podremos-autocensarnos-por-internet\\\/\"]}]},{\"@type\":\"ImageObject\",\"inLanguage\":\"es\",\"@id\":\"https:\\\/\\\/diariotextual.com\\\/inicio\\\/index.php\\\/2021\\\/12\\\/01\\\/primera-reunion-en-la-pampa-por-el-censo-2022-podremos-autocensarnos-por-internet\\\/#primaryimage\",\"url\":\"https:\\\/\\\/diariotextual.com\\\/inicio\\\/wp-content\\\/uploads\\\/2021\\\/12\\\/censo2022reunionziliotto2021-2.jpg\",\"contentUrl\":\"https:\\\/\\\/diariotextual.com\\\/inicio\\\/wp-content\\\/uploads\\\/2021\\\/12\\\/censo2022reunionziliotto2021-2.jpg\",\"width\":975,\"height\":629},{\"@type\":\"BreadcrumbList\",\"@id\":\"https:\\\/\\\/diariotextual.com\\\/inicio\\\/index.php\\\/2021\\\/12\\\/01\\\/primera-reunion-en-la-pampa-por-el-censo-2022-podremos-autocensarnos-por-internet\\\/#breadcrumb\",\"itemListElement\":[{\"@type\":\"ListItem\",\"position\":1,\"name\":\"Portada\",\"item\":\"https:\\\/\\\/diariotextual.com\\\/inicio\\\/\"},{\"@type\":\"ListItem\",\"position\":2,\"name\":\"Primera reuni\u00f3n en La Pampa por el Censo 2022: podremos autocensarnos por internet\"}]},{\"@type\":\"WebSite\",\"@id\":\"https:\\\/\\\/diariotextual.com\\\/inicio\\\/#website\",\"url\":\"https:\\\/\\\/diariotextual.com\\\/inicio\\\/\",\"name\":\"Diario Textual\",\"description\":\"\",\"publisher\":{\"@id\":\"https:\\\/\\\/diariotextual.com\\\/inicio\\\/#organization\"},\"potentialAction\":[{\"@type\":\"SearchAction\",\"target\":{\"@type\":\"EntryPoint\",\"urlTemplate\":\"https:\\\/\\\/diariotextual.com\\\/inicio\\\/?s={search_term_string}\"},\"query-input\":{\"@type\":\"PropertyValueSpecification\",\"valueRequired\":true,\"valueName\":\"search_term_string\"}}],\"inLanguage\":\"es\"},{\"@type\":\"Organization\",\"@id\":\"https:\\\/\\\/diariotextual.com\\\/inicio\\\/#organization\",\"name\":\"Diario Textual\",\"url\":\"https:\\\/\\\/diariotextual.com\\\/inicio\\\/\",\"logo\":{\"@type\":\"ImageObject\",\"inLanguage\":\"es\",\"@id\":\"https:\\\/\\\/diariotextual.com\\\/inicio\\\/#\\\/schema\\\/logo\\\/image\\\/\",\"url\":\"https:\\\/\\\/diariotextual.com\\\/inicio\\\/wp-content\\\/uploads\\\/2023\\\/05\\\/logotextual1.jpg\",\"contentUrl\":\"https:\\\/\\\/diariotextual.com\\\/inicio\\\/wp-content\\\/uploads\\\/2023\\\/05\\\/logotextual1.jpg\",\"width\":516,\"height\":76,\"caption\":\"Diario Textual\"},\"image\":{\"@id\":\"https:\\\/\\\/diariotextual.com\\\/inicio\\\/#\\\/schema\\\/logo\\\/image\\\/\"},\"sameAs\":[\"https:\\\/\\\/www.facebook.com\\\/eltextual\",\"https:\\\/\\\/x.com\\\/eltextual\",\"http:\\\/\\\/www.instagram.com\\\/eltextual\"]},{\"@type\":\"Person\",\"@id\":\"https:\\\/\\\/diariotextual.com\\\/inicio\\\/#\\\/schema\\\/person\\\/418fc4093c33e86ed41562db3508f958\",\"name\":\"Diario1 Diario1\",\"image\":{\"@type\":\"ImageObject\",\"inLanguage\":\"es\",\"@id\":\"https:\\\/\\\/secure.gravatar.com\\\/avatar\\\/9167d280179c85bc18be67aa7eda765854300033af4896dd779b608640f2ef7a?s=96&d=mm&r=g\",\"url\":\"https:\\\/\\\/secure.gravatar.com\\\/avatar\\\/9167d280179c85bc18be67aa7eda765854300033af4896dd779b608640f2ef7a?s=96&d=mm&r=g\",\"contentUrl\":\"https:\\\/\\\/secure.gravatar.com\\\/avatar\\\/9167d280179c85bc18be67aa7eda765854300033af4896dd779b608640f2ef7a?s=96&d=mm&r=g\",\"caption\":\"Diario1 Diario1\"},\"url\":\"https:\\\/\\\/diariotextual.com\\\/inicio\\\/index.php\\\/author\\\/diario1\\\/\"}]}<\/script>\n<!-- \/ Yoast SEO plugin. -->","yoast_head_json":{"title":"Primera reuni\u00f3n en La Pampa por el Censo 2022: podremos autocensarnos por internet - Diario Textual","robots":{"index":"index","follow":"follow","max-snippet":"max-snippet:-1","max-image-preview":"max-image-preview:large","max-video-preview":"max-video-preview:-1"},"canonical":"https:\/\/diariotextual.com\/inicio\/index.php\/2021\/12\/01\/primera-reunion-en-la-pampa-por-el-censo-2022-podremos-autocensarnos-por-internet\/","og_locale":"es_ES","og_type":"article","og_title":"Primera reuni\u00f3n en La Pampa por el Censo 2022: podremos autocensarnos por internet - Diario Textual","og_description":"El gobernador Sergio Ziliotto encabez\u00f3 junto a la directora de Estad\u00edsticas y Censos de La Pampa, Laura Biasotti, la primera reuni\u00f3n del Comit\u00e9 Operativo Censal Provincial, con el fin de&hellip;","og_url":"https:\/\/diariotextual.com\/inicio\/index.php\/2021\/12\/01\/primera-reunion-en-la-pampa-por-el-censo-2022-podremos-autocensarnos-por-internet\/","og_site_name":"Diario Textual","article_publisher":"https:\/\/www.facebook.com\/eltextual","article_published_time":"2021-12-01T22:40:44+00:00","article_modified_time":"2021-12-02T13:56:57+00:00","og_image":[{"width":975,"height":629,"url":"https:\/\/diariotextual.com\/inicio\/wp-content\/uploads\/2021\/12\/censo2022reunionziliotto2021-2.jpg","type":"image\/jpeg"}],"author":"Diario1 Diario1","twitter_card":"summary_large_image","twitter_creator":"@eltextual","twitter_site":"@eltextual","twitter_misc":{"Escrito por":"Diario1 Diario1","Tiempo de lectura":"3 minutos"},"schema":{"@context":"https:\/\/schema.org","@graph":[{"@type":"Article","@id":"https:\/\/diariotextual.com\/inicio\/index.php\/2021\/12\/01\/primera-reunion-en-la-pampa-por-el-censo-2022-podremos-autocensarnos-por-internet\/#article","isPartOf":{"@id":"https:\/\/diariotextual.com\/inicio\/index.php\/2021\/12\/01\/primera-reunion-en-la-pampa-por-el-censo-2022-podremos-autocensarnos-por-internet\/"},"author":{"name":"Diario1 Diario1","@id":"https:\/\/diariotextual.com\/inicio\/#\/schema\/person\/418fc4093c33e86ed41562db3508f958"},"headline":"Primera reuni\u00f3n en La Pampa por el Censo 2022: podremos autocensarnos por internet","datePublished":"2021-12-01T22:40:44+00:00","dateModified":"2021-12-02T13:56:57+00:00","mainEntityOfPage":{"@id":"https:\/\/diariotextual.com\/inicio\/index.php\/2021\/12\/01\/primera-reunion-en-la-pampa-por-el-censo-2022-podremos-autocensarnos-por-internet\/"},"wordCount":614,"publisher":{"@id":"https:\/\/diariotextual.com\/inicio\/#organization"},"image":{"@id":"https:\/\/diariotextual.com\/inicio\/index.php\/2021\/12\/01\/primera-reunion-en-la-pampa-por-el-censo-2022-podremos-autocensarnos-por-internet\/#primaryimage"},"thumbnailUrl":"https:\/\/diariotextual.com\/inicio\/wp-content\/uploads\/2021\/12\/censo2022reunionziliotto2021-2.jpg","keywords":["censo"],"articleSection":["A - PORTADA2","SOCIEDAD"],"inLanguage":"es"},{"@type":"WebPage","@id":"https:\/\/diariotextual.com\/inicio\/index.php\/2021\/12\/01\/primera-reunion-en-la-pampa-por-el-censo-2022-podremos-autocensarnos-por-internet\/","url":"https:\/\/diariotextual.com\/inicio\/index.php\/2021\/12\/01\/primera-reunion-en-la-pampa-por-el-censo-2022-podremos-autocensarnos-por-internet\/","name":"Primera reuni\u00f3n en La Pampa por el Censo 2022: podremos autocensarnos por internet - Diario Textual","isPartOf":{"@id":"https:\/\/diariotextual.com\/inicio\/#website"},"primaryImageOfPage":{"@id":"https:\/\/diariotextual.com\/inicio\/index.php\/2021\/12\/01\/primera-reunion-en-la-pampa-por-el-censo-2022-podremos-autocensarnos-por-internet\/#primaryimage"},"image":{"@id":"https:\/\/diariotextual.com\/inicio\/index.php\/2021\/12\/01\/primera-reunion-en-la-pampa-por-el-censo-2022-podremos-autocensarnos-por-internet\/#primaryimage"},"thumbnailUrl":"https:\/\/diariotextual.com\/inicio\/wp-content\/uploads\/2021\/12\/censo2022reunionziliotto2021-2.jpg","datePublished":"2021-12-01T22:40:44+00:00","dateModified":"2021-12-02T13:56:57+00:00","breadcrumb":{"@id":"https:\/\/diariotextual.com\/inicio\/index.php\/2021\/12\/01\/primera-reunion-en-la-pampa-por-el-censo-2022-podremos-autocensarnos-por-internet\/#breadcrumb"},"inLanguage":"es","potentialAction":[{"@type":"ReadAction","target":["https:\/\/diariotextual.com\/inicio\/index.php\/2021\/12\/01\/primera-reunion-en-la-pampa-por-el-censo-2022-podremos-autocensarnos-por-internet\/"]}]},{"@type":"ImageObject","inLanguage":"es","@id":"https:\/\/diariotextual.com\/inicio\/index.php\/2021\/12\/01\/primera-reunion-en-la-pampa-por-el-censo-2022-podremos-autocensarnos-por-internet\/#primaryimage","url":"https:\/\/diariotextual.com\/inicio\/wp-content\/uploads\/2021\/12\/censo2022reunionziliotto2021-2.jpg","contentUrl":"https:\/\/diariotextual.com\/inicio\/wp-content\/uploads\/2021\/12\/censo2022reunionziliotto2021-2.jpg","width":975,"height":629},{"@type":"BreadcrumbList","@id":"https:\/\/diariotextual.com\/inicio\/index.php\/2021\/12\/01\/primera-reunion-en-la-pampa-por-el-censo-2022-podremos-autocensarnos-por-internet\/#breadcrumb","itemListElement":[{"@type":"ListItem","position":1,"name":"Portada","item":"https:\/\/diariotextual.com\/inicio\/"},{"@type":"ListItem","position":2,"name":"Primera reuni\u00f3n en La Pampa por el Censo 2022: podremos autocensarnos por internet"}]},{"@type":"WebSite","@id":"https:\/\/diariotextual.com\/inicio\/#website","url":"https:\/\/diariotextual.com\/inicio\/","name":"Diario Textual","description":"","publisher":{"@id":"https:\/\/diariotextual.com\/inicio\/#organization"},"potentialAction":[{"@type":"SearchAction","target":{"@type":"EntryPoint","urlTemplate":"https:\/\/diariotextual.com\/inicio\/?s={search_term_string}"},"query-input":{"@type":"PropertyValueSpecification","valueRequired":true,"valueName":"search_term_string"}}],"inLanguage":"es"},{"@type":"Organization","@id":"https:\/\/diariotextual.com\/inicio\/#organization","name":"Diario Textual","url":"https:\/\/diariotextual.com\/inicio\/","logo":{"@type":"ImageObject","inLanguage":"es","@id":"https:\/\/diariotextual.com\/inicio\/#\/schema\/logo\/image\/","url":"https:\/\/diariotextual.com\/inicio\/wp-content\/uploads\/2023\/05\/logotextual1.jpg","contentUrl":"https:\/\/diariotextual.com\/inicio\/wp-content\/uploads\/2023\/05\/logotextual1.jpg","width":516,"height":76,"caption":"Diario Textual"},"image":{"@id":"https:\/\/diariotextual.com\/inicio\/#\/schema\/logo\/image\/"},"sameAs":["https:\/\/www.facebook.com\/eltextual","https:\/\/x.com\/eltextual","http:\/\/www.instagram.com\/eltextual"]},{"@type":"Person","@id":"https:\/\/diariotextual.com\/inicio\/#\/schema\/person\/418fc4093c33e86ed41562db3508f958","name":"Diario1 Diario1","image":{"@type":"ImageObject","inLanguage":"es","@id":"https:\/\/secure.gravatar.com\/avatar\/9167d280179c85bc18be67aa7eda765854300033af4896dd779b608640f2ef7a?s=96&d=mm&r=g","url":"https:\/\/secure.gravatar.com\/avatar\/9167d280179c85bc18be67aa7eda765854300033af4896dd779b608640f2ef7a?s=96&d=mm&r=g","contentUrl":"https:\/\/secure.gravatar.com\/avatar\/9167d280179c85bc18be67aa7eda765854300033af4896dd779b608640f2ef7a?s=96&d=mm&r=g","caption":"Diario1 Diario1"},"url":"https:\/\/diariotextual.com\/inicio\/index.php\/author\/diario1\/"}]}},"_links":{"self":[{"href":"https:\/\/diariotextual.com\/inicio\/index.php\/wp-json\/wp\/v2\/posts\/171119","targetHints":{"allow":["GET"]}}],"collection":[{"href":"https:\/\/diariotextual.com\/inicio\/index.php\/wp-json\/wp\/v2\/posts"}],"about":[{"href":"https:\/\/diariotextual.com\/inicio\/index.php\/wp-json\/wp\/v2\/types\/post"}],"author":[{"embeddable":true,"href":"https:\/\/diariotextual.com\/inicio\/index.php\/wp-json\/wp\/v2\/users\/3"}],"replies":[{"embeddable":true,"href":"https:\/\/diariotextual.com\/inicio\/index.php\/wp-json\/wp\/v2\/comments?post=171119"}],"version-history":[{"count":2,"href":"https:\/\/diariotextual.com\/inicio\/index.php\/wp-json\/wp\/v2\/posts\/171119\/revisions"}],"predecessor-version":[{"id":171122,"href":"https:\/\/diariotextual.com\/inicio\/index.php\/wp-json\/wp\/v2\/posts\/171119\/revisions\/171122"}],"wp:featuredmedia":[{"embeddable":true,"href":"https:\/\/diariotextual.com\/inicio\/index.php\/wp-json\/wp\/v2\/media\/171123"}],"wp:attachment":[{"href":"https:\/\/diariotextual.com\/inicio\/index.php\/wp-json\/wp\/v2\/media?parent=171119"}],"wp:term":[{"taxonomy":"category","embeddable":true,"href":"https:\/\/diariotextual.com\/inicio\/index.php\/wp-json\/wp\/v2\/categories?post=171119"},{"taxonomy":"post_tag","embeddable":true,"href":"https:\/\/diariotextual.com\/inicio\/index.php\/wp-json\/wp\/v2\/tags?post=171119"}],"curies":[{"name":"wp","href":"https:\/\/api.w.org\/{rel}","templated":true}]}}