{"id":171279,"date":"2021-12-03T00:04:22","date_gmt":"2021-12-03T03:04:22","guid":{"rendered":"https:\/\/diariotextual.com\/inicio\/?p=171279"},"modified":"2021-12-03T11:22:37","modified_gmt":"2021-12-03T14:22:37","slug":"abigail-y-las-fracturas-y-lesiones-de-lucio-un-colador-parece-este-pibe","status":"publish","type":"post","link":"https:\/\/diariotextual.com\/inicio\/index.php\/2021\/12\/03\/abigail-y-las-fracturas-y-lesiones-de-lucio-un-colador-parece-este-pibe\/","title":{"rendered":"Abigail y las fracturas y lesiones de Lucio: \u00abUn colador parece ya este pibe\u00bb"},"content":{"rendered":"\n<p><strong>Abigail P\u00e1ez<\/strong> reconoci\u00f3 en marzo de este a\u00f1o que la gente <strong>le consultaba <\/strong>por qu\u00e9 <strong>Lucio Dupuy<\/strong>, el hijo de su novia <strong>Magdalena Esp\u00f3sito<\/strong> que fue <strong>asesinado<\/strong> hace una semana, ten\u00eda tantas <strong>quebraduras y heridas<\/strong>. Pero<strong> ella intent\u00f3 justificar las lesiones: dijo en ese momento que se las hab\u00eda provocado el mismo nene.<\/strong><\/p>\n\n\n\n<p>\u201cMe rompe mucho los huevos que digan <strong>\u2018ay, \u00bfqu\u00e9 le pas\u00f3 al nene?\u2019<\/strong>. <strong>Le pas\u00f3 que es un ni\u00f1o y se la pasa jugando en la tierra, trepando \u00e1rboles y siendo un ni\u00f1o, no estando enfermo con un celular todo el d\u00eda idiotizado <\/strong>y sin saber ni hablar como muchos\u201d, tuite\u00f3, seg\u00fan capturas de pantallas a las que accedi\u00f3 <strong>Diario Textual<\/strong>.<\/p>\n\n\n\n<p>\u201c<strong>Un colador parece este pibe, abierto por todos lados.<\/strong> Esto es ser madre (postiza), wey. Aborten\u201d, agreg\u00f3 el d\u00eda 13 de marzo de 2021.<\/p>\n\n\n\n<p>Tambi\u00e9n se conocieron en las \u00faltimas horas m\u00e1s im\u00e1genes del nene, con heridas. Entre ellos, un video donde se observa que tiene uno de sus dedos quebrado.<\/p>\n\n\n\n<figure class=\"wp-block-image size-large\"><img fetchpriority=\"high\" decoding=\"async\" width=\"526\" height=\"525\" src=\"https:\/\/diariotextual.com\/inicio\/wp-content\/uploads\/2021\/12\/luciodupuy09.jpg\" alt=\"\" class=\"wp-image-171286\" srcset=\"https:\/\/diariotextual.com\/inicio\/wp-content\/uploads\/2021\/12\/luciodupuy09.jpg 526w, https:\/\/diariotextual.com\/inicio\/wp-content\/uploads\/2021\/12\/luciodupuy09-300x300.jpg 300w, https:\/\/diariotextual.com\/inicio\/wp-content\/uploads\/2021\/12\/luciodupuy09-150x150.jpg 150w\" sizes=\"(max-width: 526px) 100vw, 526px\" \/><\/figure>\n\n\n\n<p><strong><a href=\"https:\/\/diariotextual.com\/inicio\/index.php\/2021\/11\/29\/el-calvario-de-lucio-dos-fracturas-y-varios-ingresos-al-hospital\/\" target=\"_blank\" rel=\"noreferrer noopener\">En tres meses fue hospitalizado cinco veces por diversas fracturas.&nbsp;<\/a><\/strong>Seg\u00fan consta en su historia cl\u00ednica, el 15 de diciembre de 2020 ingres\u00f3 por \u201ctraumatismos de miembro superior\u201d al Hospital Evita. El d\u00eda 18 fue atendido en el Hospital Molas y se le diagnostic\u00f3 una \u201cfractura a nivel de la mu\u00f1eca y de la mano\u201d.<\/p>\n\n\n\n<p>En tanto, el 22 de enero de 2021 fue llevado a la posta del barrio R\u00edo Atuel, donde le diagnosticaron \u201ctraumatismos de miembro superior\u201d.<\/p>\n\n\n\n<p>Por su parte, el 1\u00ba de febrero 2021 volvi\u00f3 al Evita por un \u201cc\u00f3digo T14-1\u201d, es decir, un traumatismo en el cuerpo.<\/p>\n\n\n\n<p>En tanto, el 23 de marzo le diagnosticaron en el Evita \u201cmallet finger\u201d, una deformidad en el dedo que se genera por una fractura \u00f3sea de la falange distal.<\/p>\n\n\n\n<p>Pese a que era reiteradamente hospitalizado, no se activaron los protocolos para constatar la violencia intrafamiliar. Por eso se abri\u00f3 una investigaci\u00f3n administrativa.<\/p>\n\n\n\n<p>Lucio, de 5 a\u00f1os de edad, muri\u00f3 el viernes 26 de noviembre por la noche, luego de ser brutalmente golpeado. La sospecha es que era maltratado en forma reiterada.<\/p>\n\n\n\n<p>Viv\u00eda en una casa de la calle Allan Kardec al 2300, de Santa Rosa, junto a su madre Magdalena Esp\u00f3sito Valenti y a la novia de su mam\u00e1, Abigail P\u00e1ez. Ambas fueron imputadas del homicidio y est\u00e1n detenidas.<\/p>\n\n\n\n<p>Lucio fue llevado cerca de las 21 horas del viernes 26 de noviembre por Abigail, en brazos, a la posta sanitaria del barrio R\u00edo Atuel. El nene estaba desvanecido.<\/p>\n\n\n\n<p>Su madre Magdalena Esp\u00f3sito, en ese momento, estaba trabajando de moza en el Hotel Mercure.<\/p>\n\n\n\n<figure class=\"wp-block-image size-large\"><img decoding=\"async\" width=\"833\" height=\"555\" src=\"https:\/\/diariotextual.com\/inicio\/wp-content\/uploads\/2021\/11\/luciodupuycasomadremagdalenaespositovalentiabigailpaez2021-2.jpg\" alt=\"\" class=\"wp-image-170736\" srcset=\"https:\/\/diariotextual.com\/inicio\/wp-content\/uploads\/2021\/11\/luciodupuycasomadremagdalenaespositovalentiabigailpaez2021-2.jpg 833w, https:\/\/diariotextual.com\/inicio\/wp-content\/uploads\/2021\/11\/luciodupuycasomadremagdalenaespositovalentiabigailpaez2021-2-300x200.jpg 300w, https:\/\/diariotextual.com\/inicio\/wp-content\/uploads\/2021\/11\/luciodupuycasomadremagdalenaespositovalentiabigailpaez2021-2-768x512.jpg 768w, https:\/\/diariotextual.com\/inicio\/wp-content\/uploads\/2021\/11\/luciodupuycasomadremagdalenaespositovalentiabigailpaez2021-2-585x390.jpg 585w, https:\/\/diariotextual.com\/inicio\/wp-content\/uploads\/2021\/11\/luciodupuycasomadremagdalenaespositovalentiabigailpaez2021-2-263x175.jpg 263w\" sizes=\"(max-width: 833px) 100vw, 833px\" \/><\/figure>\n\n\n\n<p>La posta estaba cerrada. Por eso un vecino comenz\u00f3 a hacerle respiraci\u00f3n boca a boca. Luego se sum\u00f3 una enfermera para hacerle RCP. Otra vecina, al ver que no llegaba la ambulancia, carg\u00f3 al nene en su auto y lo llev\u00f3, en contramano, al Hospital Evita. All\u00ed se confirm\u00f3 su muerte, cerca de las 21.30 horas.<\/p>\n\n\n\n<p>Pasadas las 22 horas, Abigail y Magdalena fueron detenidas por orden de la Justicia.<\/p>\n\n\n\n<figure class=\"wp-block-embed is-type-wp-embed is-provider-diario-textual wp-block-embed-diario-textual\"><div class=\"wp-block-embed__wrapper\">\n<blockquote class=\"wp-embedded-content\" data-secret=\"CvG4k1kIMa\"><a href=\"https:\/\/diariotextual.com\/inicio\/index.php\/2021\/12\/02\/secuestraron-los-dibujos-que-hacia-lucio-y-los-mandaron-a-peritar\/\">Secuestraron los dibujos que hac\u00eda Lucio y los mandaron a peritar<\/a><\/blockquote><iframe class=\"wp-embedded-content\" sandbox=\"allow-scripts\" security=\"restricted\" style=\"position: absolute; clip: rect(1px, 1px, 1px, 1px);\" title=\"\u00abSecuestraron los dibujos que hac\u00eda Lucio y los mandaron a peritar\u00bb \u2014 Diario Textual\" src=\"https:\/\/diariotextual.com\/inicio\/index.php\/2021\/12\/02\/secuestraron-los-dibujos-que-hacia-lucio-y-los-mandaron-a-peritar\/embed\/#?secret=CvG4k1kIMa\" data-secret=\"CvG4k1kIMa\" width=\"600\" height=\"338\" frameborder=\"0\" marginwidth=\"0\" marginheight=\"0\" scrolling=\"no\"><\/iframe>\n<\/div><\/figure>\n","protected":false},"excerpt":{"rendered":"<p>Abigail P\u00e1ez reconoci\u00f3 en marzo de este a\u00f1o que la gente le consultaba por qu\u00e9 Lucio Dupuy, el hijo de su novia Magdalena Esp\u00f3sito que fue asesinado hace una semana,&hellip;<\/p>\n","protected":false},"author":3,"featured_media":171289,"comment_status":"closed","ping_status":"open","sticky":false,"template":"","format":"standard","meta":{"_acf_changed":false,"footnotes":""},"categories":[10,12],"tags":[6330],"class_list":["post-171279","post","type-post","status-publish","format-standard","has-post-thumbnail","hentry","category-portada-2","category-sociedad","tag-lucio"],"acf":[],"yoast_head":"<!-- This site is optimized with the Yoast SEO plugin v27.5 - https:\/\/yoast.com\/product\/yoast-seo-wordpress\/ -->\n<title>Abigail y las fracturas y lesiones de Lucio: &quot;Un colador parece ya este pibe&quot; - Diario Textual<\/title>\n<meta name=\"robots\" content=\"index, follow, max-snippet:-1, max-image-preview:large, max-video-preview:-1\" \/>\n<link rel=\"canonical\" href=\"https:\/\/diariotextual.com\/inicio\/index.php\/2021\/12\/03\/abigail-y-las-fracturas-y-lesiones-de-lucio-un-colador-parece-este-pibe\/\" \/>\n<meta property=\"og:locale\" content=\"es_ES\" \/>\n<meta property=\"og:type\" content=\"article\" \/>\n<meta property=\"og:title\" content=\"Abigail y las fracturas y lesiones de Lucio: &quot;Un colador parece ya este pibe&quot; - Diario Textual\" \/>\n<meta property=\"og:description\" content=\"Abigail P\u00e1ez reconoci\u00f3 en marzo de este a\u00f1o que la gente le consultaba por qu\u00e9 Lucio Dupuy, el hijo de su novia Magdalena Esp\u00f3sito que fue asesinado hace una semana,&hellip;\" \/>\n<meta property=\"og:url\" content=\"https:\/\/diariotextual.com\/inicio\/index.php\/2021\/12\/03\/abigail-y-las-fracturas-y-lesiones-de-lucio-un-colador-parece-este-pibe\/\" \/>\n<meta property=\"og:site_name\" content=\"Diario Textual\" \/>\n<meta property=\"article:publisher\" content=\"https:\/\/www.facebook.com\/eltextual\" \/>\n<meta property=\"article:published_time\" content=\"2021-12-03T03:04:22+00:00\" \/>\n<meta property=\"article:modified_time\" content=\"2021-12-03T14:22:37+00:00\" \/>\n<meta property=\"og:image\" content=\"https:\/\/diariotextual.com\/inicio\/wp-content\/uploads\/2021\/12\/luciodupuycasotuitabigail2021-2.jpg\" \/>\n\t<meta property=\"og:image:width\" content=\"1080\" \/>\n\t<meta property=\"og:image:height\" content=\"644\" \/>\n\t<meta property=\"og:image:type\" content=\"image\/jpeg\" \/>\n<meta name=\"author\" content=\"Diario1 Diario1\" \/>\n<meta name=\"twitter:card\" content=\"summary_large_image\" \/>\n<meta name=\"twitter:creator\" content=\"@eltextual\" \/>\n<meta name=\"twitter:site\" content=\"@eltextual\" \/>\n<meta name=\"twitter:label1\" content=\"Escrito por\" \/>\n\t<meta name=\"twitter:data1\" content=\"Diario1 Diario1\" \/>\n\t<meta name=\"twitter:label2\" content=\"Tiempo de lectura\" \/>\n\t<meta name=\"twitter:data2\" content=\"3 minutos\" \/>\n<script type=\"application\/ld+json\" class=\"yoast-schema-graph\">{\"@context\":\"https:\\\/\\\/schema.org\",\"@graph\":[{\"@type\":\"Article\",\"@id\":\"https:\\\/\\\/diariotextual.com\\\/inicio\\\/index.php\\\/2021\\\/12\\\/03\\\/abigail-y-las-fracturas-y-lesiones-de-lucio-un-colador-parece-este-pibe\\\/#article\",\"isPartOf\":{\"@id\":\"https:\\\/\\\/diariotextual.com\\\/inicio\\\/index.php\\\/2021\\\/12\\\/03\\\/abigail-y-las-fracturas-y-lesiones-de-lucio-un-colador-parece-este-pibe\\\/\"},\"author\":{\"name\":\"Diario1 Diario1\",\"@id\":\"https:\\\/\\\/diariotextual.com\\\/inicio\\\/#\\\/schema\\\/person\\\/418fc4093c33e86ed41562db3508f958\"},\"headline\":\"Abigail y las fracturas y lesiones de Lucio: \u00abUn colador parece ya este pibe\u00bb\",\"datePublished\":\"2021-12-03T03:04:22+00:00\",\"dateModified\":\"2021-12-03T14:22:37+00:00\",\"mainEntityOfPage\":{\"@id\":\"https:\\\/\\\/diariotextual.com\\\/inicio\\\/index.php\\\/2021\\\/12\\\/03\\\/abigail-y-las-fracturas-y-lesiones-de-lucio-un-colador-parece-este-pibe\\\/\"},\"wordCount\":533,\"publisher\":{\"@id\":\"https:\\\/\\\/diariotextual.com\\\/inicio\\\/#organization\"},\"image\":{\"@id\":\"https:\\\/\\\/diariotextual.com\\\/inicio\\\/index.php\\\/2021\\\/12\\\/03\\\/abigail-y-las-fracturas-y-lesiones-de-lucio-un-colador-parece-este-pibe\\\/#primaryimage\"},\"thumbnailUrl\":\"https:\\\/\\\/diariotextual.com\\\/inicio\\\/wp-content\\\/uploads\\\/2021\\\/12\\\/luciodupuycasotuitabigail2021-2.jpg\",\"keywords\":[\"lucio\"],\"articleSection\":[\"A - PORTADA2\",\"SOCIEDAD\"],\"inLanguage\":\"es\"},{\"@type\":\"WebPage\",\"@id\":\"https:\\\/\\\/diariotextual.com\\\/inicio\\\/index.php\\\/2021\\\/12\\\/03\\\/abigail-y-las-fracturas-y-lesiones-de-lucio-un-colador-parece-este-pibe\\\/\",\"url\":\"https:\\\/\\\/diariotextual.com\\\/inicio\\\/index.php\\\/2021\\\/12\\\/03\\\/abigail-y-las-fracturas-y-lesiones-de-lucio-un-colador-parece-este-pibe\\\/\",\"name\":\"Abigail y las fracturas y lesiones de Lucio: \\\"Un colador parece ya este pibe\\\" - Diario Textual\",\"isPartOf\":{\"@id\":\"https:\\\/\\\/diariotextual.com\\\/inicio\\\/#website\"},\"primaryImageOfPage\":{\"@id\":\"https:\\\/\\\/diariotextual.com\\\/inicio\\\/index.php\\\/2021\\\/12\\\/03\\\/abigail-y-las-fracturas-y-lesiones-de-lucio-un-colador-parece-este-pibe\\\/#primaryimage\"},\"image\":{\"@id\":\"https:\\\/\\\/diariotextual.com\\\/inicio\\\/index.php\\\/2021\\\/12\\\/03\\\/abigail-y-las-fracturas-y-lesiones-de-lucio-un-colador-parece-este-pibe\\\/#primaryimage\"},\"thumbnailUrl\":\"https:\\\/\\\/diariotextual.com\\\/inicio\\\/wp-content\\\/uploads\\\/2021\\\/12\\\/luciodupuycasotuitabigail2021-2.jpg\",\"datePublished\":\"2021-12-03T03:04:22+00:00\",\"dateModified\":\"2021-12-03T14:22:37+00:00\",\"breadcrumb\":{\"@id\":\"https:\\\/\\\/diariotextual.com\\\/inicio\\\/index.php\\\/2021\\\/12\\\/03\\\/abigail-y-las-fracturas-y-lesiones-de-lucio-un-colador-parece-este-pibe\\\/#breadcrumb\"},\"inLanguage\":\"es\",\"potentialAction\":[{\"@type\":\"ReadAction\",\"target\":[\"https:\\\/\\\/diariotextual.com\\\/inicio\\\/index.php\\\/2021\\\/12\\\/03\\\/abigail-y-las-fracturas-y-lesiones-de-lucio-un-colador-parece-este-pibe\\\/\"]}]},{\"@type\":\"ImageObject\",\"inLanguage\":\"es\",\"@id\":\"https:\\\/\\\/diariotextual.com\\\/inicio\\\/index.php\\\/2021\\\/12\\\/03\\\/abigail-y-las-fracturas-y-lesiones-de-lucio-un-colador-parece-este-pibe\\\/#primaryimage\",\"url\":\"https:\\\/\\\/diariotextual.com\\\/inicio\\\/wp-content\\\/uploads\\\/2021\\\/12\\\/luciodupuycasotuitabigail2021-2.jpg\",\"contentUrl\":\"https:\\\/\\\/diariotextual.com\\\/inicio\\\/wp-content\\\/uploads\\\/2021\\\/12\\\/luciodupuycasotuitabigail2021-2.jpg\",\"width\":1080,\"height\":644},{\"@type\":\"BreadcrumbList\",\"@id\":\"https:\\\/\\\/diariotextual.com\\\/inicio\\\/index.php\\\/2021\\\/12\\\/03\\\/abigail-y-las-fracturas-y-lesiones-de-lucio-un-colador-parece-este-pibe\\\/#breadcrumb\",\"itemListElement\":[{\"@type\":\"ListItem\",\"position\":1,\"name\":\"Portada\",\"item\":\"https:\\\/\\\/diariotextual.com\\\/inicio\\\/\"},{\"@type\":\"ListItem\",\"position\":2,\"name\":\"Abigail y las fracturas y lesiones de Lucio: \u00abUn colador parece ya este pibe\u00bb\"}]},{\"@type\":\"WebSite\",\"@id\":\"https:\\\/\\\/diariotextual.com\\\/inicio\\\/#website\",\"url\":\"https:\\\/\\\/diariotextual.com\\\/inicio\\\/\",\"name\":\"Diario Textual\",\"description\":\"\",\"publisher\":{\"@id\":\"https:\\\/\\\/diariotextual.com\\\/inicio\\\/#organization\"},\"potentialAction\":[{\"@type\":\"SearchAction\",\"target\":{\"@type\":\"EntryPoint\",\"urlTemplate\":\"https:\\\/\\\/diariotextual.com\\\/inicio\\\/?s={search_term_string}\"},\"query-input\":{\"@type\":\"PropertyValueSpecification\",\"valueRequired\":true,\"valueName\":\"search_term_string\"}}],\"inLanguage\":\"es\"},{\"@type\":\"Organization\",\"@id\":\"https:\\\/\\\/diariotextual.com\\\/inicio\\\/#organization\",\"name\":\"Diario Textual\",\"url\":\"https:\\\/\\\/diariotextual.com\\\/inicio\\\/\",\"logo\":{\"@type\":\"ImageObject\",\"inLanguage\":\"es\",\"@id\":\"https:\\\/\\\/diariotextual.com\\\/inicio\\\/#\\\/schema\\\/logo\\\/image\\\/\",\"url\":\"https:\\\/\\\/diariotextual.com\\\/inicio\\\/wp-content\\\/uploads\\\/2023\\\/05\\\/logotextual1.jpg\",\"contentUrl\":\"https:\\\/\\\/diariotextual.com\\\/inicio\\\/wp-content\\\/uploads\\\/2023\\\/05\\\/logotextual1.jpg\",\"width\":516,\"height\":76,\"caption\":\"Diario Textual\"},\"image\":{\"@id\":\"https:\\\/\\\/diariotextual.com\\\/inicio\\\/#\\\/schema\\\/logo\\\/image\\\/\"},\"sameAs\":[\"https:\\\/\\\/www.facebook.com\\\/eltextual\",\"https:\\\/\\\/x.com\\\/eltextual\",\"http:\\\/\\\/www.instagram.com\\\/eltextual\"]},{\"@type\":\"Person\",\"@id\":\"https:\\\/\\\/diariotextual.com\\\/inicio\\\/#\\\/schema\\\/person\\\/418fc4093c33e86ed41562db3508f958\",\"name\":\"Diario1 Diario1\",\"image\":{\"@type\":\"ImageObject\",\"inLanguage\":\"es\",\"@id\":\"https:\\\/\\\/secure.gravatar.com\\\/avatar\\\/9167d280179c85bc18be67aa7eda765854300033af4896dd779b608640f2ef7a?s=96&d=mm&r=g\",\"url\":\"https:\\\/\\\/secure.gravatar.com\\\/avatar\\\/9167d280179c85bc18be67aa7eda765854300033af4896dd779b608640f2ef7a?s=96&d=mm&r=g\",\"contentUrl\":\"https:\\\/\\\/secure.gravatar.com\\\/avatar\\\/9167d280179c85bc18be67aa7eda765854300033af4896dd779b608640f2ef7a?s=96&d=mm&r=g\",\"caption\":\"Diario1 Diario1\"},\"url\":\"https:\\\/\\\/diariotextual.com\\\/inicio\\\/index.php\\\/author\\\/diario1\\\/\"}]}<\/script>\n<!-- \/ Yoast SEO plugin. -->","yoast_head_json":{"title":"Abigail y las fracturas y lesiones de Lucio: \"Un colador parece ya este pibe\" - Diario Textual","robots":{"index":"index","follow":"follow","max-snippet":"max-snippet:-1","max-image-preview":"max-image-preview:large","max-video-preview":"max-video-preview:-1"},"canonical":"https:\/\/diariotextual.com\/inicio\/index.php\/2021\/12\/03\/abigail-y-las-fracturas-y-lesiones-de-lucio-un-colador-parece-este-pibe\/","og_locale":"es_ES","og_type":"article","og_title":"Abigail y las fracturas y lesiones de Lucio: \"Un colador parece ya este pibe\" - Diario Textual","og_description":"Abigail P\u00e1ez reconoci\u00f3 en marzo de este a\u00f1o que la gente le consultaba por qu\u00e9 Lucio Dupuy, el hijo de su novia Magdalena Esp\u00f3sito que fue asesinado hace una semana,&hellip;","og_url":"https:\/\/diariotextual.com\/inicio\/index.php\/2021\/12\/03\/abigail-y-las-fracturas-y-lesiones-de-lucio-un-colador-parece-este-pibe\/","og_site_name":"Diario Textual","article_publisher":"https:\/\/www.facebook.com\/eltextual","article_published_time":"2021-12-03T03:04:22+00:00","article_modified_time":"2021-12-03T14:22:37+00:00","og_image":[{"width":1080,"height":644,"url":"https:\/\/diariotextual.com\/inicio\/wp-content\/uploads\/2021\/12\/luciodupuycasotuitabigail2021-2.jpg","type":"image\/jpeg"}],"author":"Diario1 Diario1","twitter_card":"summary_large_image","twitter_creator":"@eltextual","twitter_site":"@eltextual","twitter_misc":{"Escrito por":"Diario1 Diario1","Tiempo de lectura":"3 minutos"},"schema":{"@context":"https:\/\/schema.org","@graph":[{"@type":"Article","@id":"https:\/\/diariotextual.com\/inicio\/index.php\/2021\/12\/03\/abigail-y-las-fracturas-y-lesiones-de-lucio-un-colador-parece-este-pibe\/#article","isPartOf":{"@id":"https:\/\/diariotextual.com\/inicio\/index.php\/2021\/12\/03\/abigail-y-las-fracturas-y-lesiones-de-lucio-un-colador-parece-este-pibe\/"},"author":{"name":"Diario1 Diario1","@id":"https:\/\/diariotextual.com\/inicio\/#\/schema\/person\/418fc4093c33e86ed41562db3508f958"},"headline":"Abigail y las fracturas y lesiones de Lucio: \u00abUn colador parece ya este pibe\u00bb","datePublished":"2021-12-03T03:04:22+00:00","dateModified":"2021-12-03T14:22:37+00:00","mainEntityOfPage":{"@id":"https:\/\/diariotextual.com\/inicio\/index.php\/2021\/12\/03\/abigail-y-las-fracturas-y-lesiones-de-lucio-un-colador-parece-este-pibe\/"},"wordCount":533,"publisher":{"@id":"https:\/\/diariotextual.com\/inicio\/#organization"},"image":{"@id":"https:\/\/diariotextual.com\/inicio\/index.php\/2021\/12\/03\/abigail-y-las-fracturas-y-lesiones-de-lucio-un-colador-parece-este-pibe\/#primaryimage"},"thumbnailUrl":"https:\/\/diariotextual.com\/inicio\/wp-content\/uploads\/2021\/12\/luciodupuycasotuitabigail2021-2.jpg","keywords":["lucio"],"articleSection":["A - PORTADA2","SOCIEDAD"],"inLanguage":"es"},{"@type":"WebPage","@id":"https:\/\/diariotextual.com\/inicio\/index.php\/2021\/12\/03\/abigail-y-las-fracturas-y-lesiones-de-lucio-un-colador-parece-este-pibe\/","url":"https:\/\/diariotextual.com\/inicio\/index.php\/2021\/12\/03\/abigail-y-las-fracturas-y-lesiones-de-lucio-un-colador-parece-este-pibe\/","name":"Abigail y las fracturas y lesiones de Lucio: \"Un colador parece ya este pibe\" - Diario Textual","isPartOf":{"@id":"https:\/\/diariotextual.com\/inicio\/#website"},"primaryImageOfPage":{"@id":"https:\/\/diariotextual.com\/inicio\/index.php\/2021\/12\/03\/abigail-y-las-fracturas-y-lesiones-de-lucio-un-colador-parece-este-pibe\/#primaryimage"},"image":{"@id":"https:\/\/diariotextual.com\/inicio\/index.php\/2021\/12\/03\/abigail-y-las-fracturas-y-lesiones-de-lucio-un-colador-parece-este-pibe\/#primaryimage"},"thumbnailUrl":"https:\/\/diariotextual.com\/inicio\/wp-content\/uploads\/2021\/12\/luciodupuycasotuitabigail2021-2.jpg","datePublished":"2021-12-03T03:04:22+00:00","dateModified":"2021-12-03T14:22:37+00:00","breadcrumb":{"@id":"https:\/\/diariotextual.com\/inicio\/index.php\/2021\/12\/03\/abigail-y-las-fracturas-y-lesiones-de-lucio-un-colador-parece-este-pibe\/#breadcrumb"},"inLanguage":"es","potentialAction":[{"@type":"ReadAction","target":["https:\/\/diariotextual.com\/inicio\/index.php\/2021\/12\/03\/abigail-y-las-fracturas-y-lesiones-de-lucio-un-colador-parece-este-pibe\/"]}]},{"@type":"ImageObject","inLanguage":"es","@id":"https:\/\/diariotextual.com\/inicio\/index.php\/2021\/12\/03\/abigail-y-las-fracturas-y-lesiones-de-lucio-un-colador-parece-este-pibe\/#primaryimage","url":"https:\/\/diariotextual.com\/inicio\/wp-content\/uploads\/2021\/12\/luciodupuycasotuitabigail2021-2.jpg","contentUrl":"https:\/\/diariotextual.com\/inicio\/wp-content\/uploads\/2021\/12\/luciodupuycasotuitabigail2021-2.jpg","width":1080,"height":644},{"@type":"BreadcrumbList","@id":"https:\/\/diariotextual.com\/inicio\/index.php\/2021\/12\/03\/abigail-y-las-fracturas-y-lesiones-de-lucio-un-colador-parece-este-pibe\/#breadcrumb","itemListElement":[{"@type":"ListItem","position":1,"name":"Portada","item":"https:\/\/diariotextual.com\/inicio\/"},{"@type":"ListItem","position":2,"name":"Abigail y las fracturas y lesiones de Lucio: \u00abUn colador parece ya este pibe\u00bb"}]},{"@type":"WebSite","@id":"https:\/\/diariotextual.com\/inicio\/#website","url":"https:\/\/diariotextual.com\/inicio\/","name":"Diario Textual","description":"","publisher":{"@id":"https:\/\/diariotextual.com\/inicio\/#organization"},"potentialAction":[{"@type":"SearchAction","target":{"@type":"EntryPoint","urlTemplate":"https:\/\/diariotextual.com\/inicio\/?s={search_term_string}"},"query-input":{"@type":"PropertyValueSpecification","valueRequired":true,"valueName":"search_term_string"}}],"inLanguage":"es"},{"@type":"Organization","@id":"https:\/\/diariotextual.com\/inicio\/#organization","name":"Diario Textual","url":"https:\/\/diariotextual.com\/inicio\/","logo":{"@type":"ImageObject","inLanguage":"es","@id":"https:\/\/diariotextual.com\/inicio\/#\/schema\/logo\/image\/","url":"https:\/\/diariotextual.com\/inicio\/wp-content\/uploads\/2023\/05\/logotextual1.jpg","contentUrl":"https:\/\/diariotextual.com\/inicio\/wp-content\/uploads\/2023\/05\/logotextual1.jpg","width":516,"height":76,"caption":"Diario Textual"},"image":{"@id":"https:\/\/diariotextual.com\/inicio\/#\/schema\/logo\/image\/"},"sameAs":["https:\/\/www.facebook.com\/eltextual","https:\/\/x.com\/eltextual","http:\/\/www.instagram.com\/eltextual"]},{"@type":"Person","@id":"https:\/\/diariotextual.com\/inicio\/#\/schema\/person\/418fc4093c33e86ed41562db3508f958","name":"Diario1 Diario1","image":{"@type":"ImageObject","inLanguage":"es","@id":"https:\/\/secure.gravatar.com\/avatar\/9167d280179c85bc18be67aa7eda765854300033af4896dd779b608640f2ef7a?s=96&d=mm&r=g","url":"https:\/\/secure.gravatar.com\/avatar\/9167d280179c85bc18be67aa7eda765854300033af4896dd779b608640f2ef7a?s=96&d=mm&r=g","contentUrl":"https:\/\/secure.gravatar.com\/avatar\/9167d280179c85bc18be67aa7eda765854300033af4896dd779b608640f2ef7a?s=96&d=mm&r=g","caption":"Diario1 Diario1"},"url":"https:\/\/diariotextual.com\/inicio\/index.php\/author\/diario1\/"}]}},"_links":{"self":[{"href":"https:\/\/diariotextual.com\/inicio\/index.php\/wp-json\/wp\/v2\/posts\/171279","targetHints":{"allow":["GET"]}}],"collection":[{"href":"https:\/\/diariotextual.com\/inicio\/index.php\/wp-json\/wp\/v2\/posts"}],"about":[{"href":"https:\/\/diariotextual.com\/inicio\/index.php\/wp-json\/wp\/v2\/types\/post"}],"author":[{"embeddable":true,"href":"https:\/\/diariotextual.com\/inicio\/index.php\/wp-json\/wp\/v2\/users\/3"}],"replies":[{"embeddable":true,"href":"https:\/\/diariotextual.com\/inicio\/index.php\/wp-json\/wp\/v2\/comments?post=171279"}],"version-history":[{"count":11,"href":"https:\/\/diariotextual.com\/inicio\/index.php\/wp-json\/wp\/v2\/posts\/171279\/revisions"}],"predecessor-version":[{"id":171292,"href":"https:\/\/diariotextual.com\/inicio\/index.php\/wp-json\/wp\/v2\/posts\/171279\/revisions\/171292"}],"wp:featuredmedia":[{"embeddable":true,"href":"https:\/\/diariotextual.com\/inicio\/index.php\/wp-json\/wp\/v2\/media\/171289"}],"wp:attachment":[{"href":"https:\/\/diariotextual.com\/inicio\/index.php\/wp-json\/wp\/v2\/media?parent=171279"}],"wp:term":[{"taxonomy":"category","embeddable":true,"href":"https:\/\/diariotextual.com\/inicio\/index.php\/wp-json\/wp\/v2\/categories?post=171279"},{"taxonomy":"post_tag","embeddable":true,"href":"https:\/\/diariotextual.com\/inicio\/index.php\/wp-json\/wp\/v2\/tags?post=171279"}],"curies":[{"name":"wp","href":"https:\/\/api.w.org\/{rel}","templated":true}]}}