{"id":171320,"date":"2021-12-03T09:25:22","date_gmt":"2021-12-03T12:25:22","guid":{"rendered":"https:\/\/diariotextual.com\/inicio\/?p=171320"},"modified":"2021-12-03T20:05:15","modified_gmt":"2021-12-03T23:05:15","slug":"municipales-de-pico-estan-de-paro-en-reclamo-de-recategorizaciones","status":"publish","type":"post","link":"https:\/\/diariotextual.com\/inicio\/index.php\/2021\/12\/03\/municipales-de-pico-estan-de-paro-en-reclamo-de-recategorizaciones\/","title":{"rendered":"Municipales de Pico est\u00e1n de paro en reclamo de recategorizaciones"},"content":{"rendered":"\n<p>Trabajadores municipales de las \u00e1reas de recolecci\u00f3n de residuos, centro de transferencias, barrido, riego y mantenimiento de calles, de General Pico, lanzaron un paro de actividades en reclamo de recategorizaciones. La medida gener\u00f3 la acumulaci\u00f3n de la basura domiciliaria en la ciudad, situaci\u00f3n que se complic\u00f3 por la lluvia.<\/p>\n\n\n\n<p>El paro es por tiempo indeterminado. Seg\u00fan dijeron desde el gremio Sindicato de Obreros y Empleados Municipales de General Pico, alrededor de 250 trabajadores y trabajadoras adhirieron a la medida y son 180 quienes est\u00e1n reclamando ser recategorizados.<\/p>\n\n\n\n<p>Desde el municipio aseguraron que la medida es ilegal y amenazaron con sanciones a quienes adhieren.<\/p>\n\n\n\n<p><\/p>\n\n\n\n<p><strong><em>(Foto: Infopico.com)<\/em><\/strong><\/p>\n","protected":false},"excerpt":{"rendered":"<p>Trabajadores municipales de las \u00e1reas de recolecci\u00f3n de residuos, centro de transferencias, barrido, riego y mantenimiento de calles, de General Pico, lanzaron un paro de actividades en reclamo de recategorizaciones.&hellip;<\/p>\n","protected":false},"author":7,"featured_media":171323,"comment_status":"closed","ping_status":"open","sticky":false,"template":"","format":"standard","meta":{"_acf_changed":false,"footnotes":""},"categories":[10,12],"tags":[],"class_list":["post-171320","post","type-post","status-publish","format-standard","has-post-thumbnail","hentry","category-portada-2","category-sociedad"],"acf":[],"yoast_head":"<!-- This site is optimized with the Yoast SEO plugin v27.5 - https:\/\/yoast.com\/product\/yoast-seo-wordpress\/ -->\n<title>Municipales de Pico est\u00e1n de paro en reclamo de recategorizaciones - Diario Textual<\/title>\n<meta name=\"robots\" content=\"index, follow, max-snippet:-1, max-image-preview:large, max-video-preview:-1\" \/>\n<link rel=\"canonical\" href=\"https:\/\/diariotextual.com\/inicio\/index.php\/2021\/12\/03\/municipales-de-pico-estan-de-paro-en-reclamo-de-recategorizaciones\/\" \/>\n<meta property=\"og:locale\" content=\"es_ES\" \/>\n<meta property=\"og:type\" content=\"article\" \/>\n<meta property=\"og:title\" content=\"Municipales de Pico est\u00e1n de paro en reclamo de recategorizaciones - Diario Textual\" \/>\n<meta property=\"og:description\" content=\"Trabajadores municipales de las \u00e1reas de recolecci\u00f3n de residuos, centro de transferencias, barrido, riego y mantenimiento de calles, de General Pico, lanzaron un paro de actividades en reclamo de recategorizaciones.&hellip;\" \/>\n<meta property=\"og:url\" content=\"https:\/\/diariotextual.com\/inicio\/index.php\/2021\/12\/03\/municipales-de-pico-estan-de-paro-en-reclamo-de-recategorizaciones\/\" \/>\n<meta property=\"og:site_name\" content=\"Diario Textual\" \/>\n<meta property=\"article:publisher\" content=\"https:\/\/www.facebook.com\/eltextual\" \/>\n<meta property=\"article:published_time\" content=\"2021-12-03T12:25:22+00:00\" \/>\n<meta property=\"article:modified_time\" content=\"2021-12-03T23:05:15+00:00\" \/>\n<meta property=\"og:image\" content=\"https:\/\/diariotextual.com\/inicio\/wp-content\/uploads\/2021\/12\/paromunicipalespico.jpeg\" \/>\n\t<meta property=\"og:image:width\" content=\"1536\" \/>\n\t<meta property=\"og:image:height\" content=\"1024\" \/>\n\t<meta property=\"og:image:type\" content=\"image\/jpeg\" \/>\n<meta name=\"author\" content=\"diario5\" \/>\n<meta name=\"twitter:card\" content=\"summary_large_image\" \/>\n<meta name=\"twitter:creator\" content=\"@eltextual\" \/>\n<meta name=\"twitter:site\" content=\"@eltextual\" \/>\n<meta name=\"twitter:label1\" content=\"Escrito por\" \/>\n\t<meta name=\"twitter:data1\" content=\"diario5\" \/>\n\t<meta name=\"twitter:label2\" content=\"Tiempo de lectura\" \/>\n\t<meta name=\"twitter:data2\" content=\"1 minuto\" \/>\n<script type=\"application\/ld+json\" class=\"yoast-schema-graph\">{\"@context\":\"https:\\\/\\\/schema.org\",\"@graph\":[{\"@type\":\"Article\",\"@id\":\"https:\\\/\\\/diariotextual.com\\\/inicio\\\/index.php\\\/2021\\\/12\\\/03\\\/municipales-de-pico-estan-de-paro-en-reclamo-de-recategorizaciones\\\/#article\",\"isPartOf\":{\"@id\":\"https:\\\/\\\/diariotextual.com\\\/inicio\\\/index.php\\\/2021\\\/12\\\/03\\\/municipales-de-pico-estan-de-paro-en-reclamo-de-recategorizaciones\\\/\"},\"author\":{\"name\":\"diario5\",\"@id\":\"https:\\\/\\\/diariotextual.com\\\/inicio\\\/#\\\/schema\\\/person\\\/c7834961ad8b29b1d9cdbf4571299067\"},\"headline\":\"Municipales de Pico est\u00e1n de paro en reclamo de recategorizaciones\",\"datePublished\":\"2021-12-03T12:25:22+00:00\",\"dateModified\":\"2021-12-03T23:05:15+00:00\",\"mainEntityOfPage\":{\"@id\":\"https:\\\/\\\/diariotextual.com\\\/inicio\\\/index.php\\\/2021\\\/12\\\/03\\\/municipales-de-pico-estan-de-paro-en-reclamo-de-recategorizaciones\\\/\"},\"wordCount\":120,\"publisher\":{\"@id\":\"https:\\\/\\\/diariotextual.com\\\/inicio\\\/#organization\"},\"image\":{\"@id\":\"https:\\\/\\\/diariotextual.com\\\/inicio\\\/index.php\\\/2021\\\/12\\\/03\\\/municipales-de-pico-estan-de-paro-en-reclamo-de-recategorizaciones\\\/#primaryimage\"},\"thumbnailUrl\":\"https:\\\/\\\/diariotextual.com\\\/inicio\\\/wp-content\\\/uploads\\\/2021\\\/12\\\/paromunicipalespico.jpeg\",\"articleSection\":[\"A - PORTADA2\",\"SOCIEDAD\"],\"inLanguage\":\"es\"},{\"@type\":\"WebPage\",\"@id\":\"https:\\\/\\\/diariotextual.com\\\/inicio\\\/index.php\\\/2021\\\/12\\\/03\\\/municipales-de-pico-estan-de-paro-en-reclamo-de-recategorizaciones\\\/\",\"url\":\"https:\\\/\\\/diariotextual.com\\\/inicio\\\/index.php\\\/2021\\\/12\\\/03\\\/municipales-de-pico-estan-de-paro-en-reclamo-de-recategorizaciones\\\/\",\"name\":\"Municipales de Pico est\u00e1n de paro en reclamo de recategorizaciones - Diario Textual\",\"isPartOf\":{\"@id\":\"https:\\\/\\\/diariotextual.com\\\/inicio\\\/#website\"},\"primaryImageOfPage\":{\"@id\":\"https:\\\/\\\/diariotextual.com\\\/inicio\\\/index.php\\\/2021\\\/12\\\/03\\\/municipales-de-pico-estan-de-paro-en-reclamo-de-recategorizaciones\\\/#primaryimage\"},\"image\":{\"@id\":\"https:\\\/\\\/diariotextual.com\\\/inicio\\\/index.php\\\/2021\\\/12\\\/03\\\/municipales-de-pico-estan-de-paro-en-reclamo-de-recategorizaciones\\\/#primaryimage\"},\"thumbnailUrl\":\"https:\\\/\\\/diariotextual.com\\\/inicio\\\/wp-content\\\/uploads\\\/2021\\\/12\\\/paromunicipalespico.jpeg\",\"datePublished\":\"2021-12-03T12:25:22+00:00\",\"dateModified\":\"2021-12-03T23:05:15+00:00\",\"breadcrumb\":{\"@id\":\"https:\\\/\\\/diariotextual.com\\\/inicio\\\/index.php\\\/2021\\\/12\\\/03\\\/municipales-de-pico-estan-de-paro-en-reclamo-de-recategorizaciones\\\/#breadcrumb\"},\"inLanguage\":\"es\",\"potentialAction\":[{\"@type\":\"ReadAction\",\"target\":[\"https:\\\/\\\/diariotextual.com\\\/inicio\\\/index.php\\\/2021\\\/12\\\/03\\\/municipales-de-pico-estan-de-paro-en-reclamo-de-recategorizaciones\\\/\"]}]},{\"@type\":\"ImageObject\",\"inLanguage\":\"es\",\"@id\":\"https:\\\/\\\/diariotextual.com\\\/inicio\\\/index.php\\\/2021\\\/12\\\/03\\\/municipales-de-pico-estan-de-paro-en-reclamo-de-recategorizaciones\\\/#primaryimage\",\"url\":\"https:\\\/\\\/diariotextual.com\\\/inicio\\\/wp-content\\\/uploads\\\/2021\\\/12\\\/paromunicipalespico.jpeg\",\"contentUrl\":\"https:\\\/\\\/diariotextual.com\\\/inicio\\\/wp-content\\\/uploads\\\/2021\\\/12\\\/paromunicipalespico.jpeg\",\"width\":1536,\"height\":1024},{\"@type\":\"BreadcrumbList\",\"@id\":\"https:\\\/\\\/diariotextual.com\\\/inicio\\\/index.php\\\/2021\\\/12\\\/03\\\/municipales-de-pico-estan-de-paro-en-reclamo-de-recategorizaciones\\\/#breadcrumb\",\"itemListElement\":[{\"@type\":\"ListItem\",\"position\":1,\"name\":\"Portada\",\"item\":\"https:\\\/\\\/diariotextual.com\\\/inicio\\\/\"},{\"@type\":\"ListItem\",\"position\":2,\"name\":\"Municipales de Pico est\u00e1n de paro en reclamo de recategorizaciones\"}]},{\"@type\":\"WebSite\",\"@id\":\"https:\\\/\\\/diariotextual.com\\\/inicio\\\/#website\",\"url\":\"https:\\\/\\\/diariotextual.com\\\/inicio\\\/\",\"name\":\"Diario Textual\",\"description\":\"\",\"publisher\":{\"@id\":\"https:\\\/\\\/diariotextual.com\\\/inicio\\\/#organization\"},\"potentialAction\":[{\"@type\":\"SearchAction\",\"target\":{\"@type\":\"EntryPoint\",\"urlTemplate\":\"https:\\\/\\\/diariotextual.com\\\/inicio\\\/?s={search_term_string}\"},\"query-input\":{\"@type\":\"PropertyValueSpecification\",\"valueRequired\":true,\"valueName\":\"search_term_string\"}}],\"inLanguage\":\"es\"},{\"@type\":\"Organization\",\"@id\":\"https:\\\/\\\/diariotextual.com\\\/inicio\\\/#organization\",\"name\":\"Diario Textual\",\"url\":\"https:\\\/\\\/diariotextual.com\\\/inicio\\\/\",\"logo\":{\"@type\":\"ImageObject\",\"inLanguage\":\"es\",\"@id\":\"https:\\\/\\\/diariotextual.com\\\/inicio\\\/#\\\/schema\\\/logo\\\/image\\\/\",\"url\":\"https:\\\/\\\/diariotextual.com\\\/inicio\\\/wp-content\\\/uploads\\\/2023\\\/05\\\/logotextual1.jpg\",\"contentUrl\":\"https:\\\/\\\/diariotextual.com\\\/inicio\\\/wp-content\\\/uploads\\\/2023\\\/05\\\/logotextual1.jpg\",\"width\":516,\"height\":76,\"caption\":\"Diario Textual\"},\"image\":{\"@id\":\"https:\\\/\\\/diariotextual.com\\\/inicio\\\/#\\\/schema\\\/logo\\\/image\\\/\"},\"sameAs\":[\"https:\\\/\\\/www.facebook.com\\\/eltextual\",\"https:\\\/\\\/x.com\\\/eltextual\",\"http:\\\/\\\/www.instagram.com\\\/eltextual\"]},{\"@type\":\"Person\",\"@id\":\"https:\\\/\\\/diariotextual.com\\\/inicio\\\/#\\\/schema\\\/person\\\/c7834961ad8b29b1d9cdbf4571299067\",\"name\":\"diario5\",\"image\":{\"@type\":\"ImageObject\",\"inLanguage\":\"es\",\"@id\":\"https:\\\/\\\/secure.gravatar.com\\\/avatar\\\/948c893b847ca6df68216ead81b63f363408ec9b0f600fefc0641ce78613b111?s=96&d=mm&r=g\",\"url\":\"https:\\\/\\\/secure.gravatar.com\\\/avatar\\\/948c893b847ca6df68216ead81b63f363408ec9b0f600fefc0641ce78613b111?s=96&d=mm&r=g\",\"contentUrl\":\"https:\\\/\\\/secure.gravatar.com\\\/avatar\\\/948c893b847ca6df68216ead81b63f363408ec9b0f600fefc0641ce78613b111?s=96&d=mm&r=g\",\"caption\":\"diario5\"},\"url\":\"https:\\\/\\\/diariotextual.com\\\/inicio\\\/index.php\\\/author\\\/diario5\\\/\"}]}<\/script>\n<!-- \/ Yoast SEO plugin. -->","yoast_head_json":{"title":"Municipales de Pico est\u00e1n de paro en reclamo de recategorizaciones - Diario Textual","robots":{"index":"index","follow":"follow","max-snippet":"max-snippet:-1","max-image-preview":"max-image-preview:large","max-video-preview":"max-video-preview:-1"},"canonical":"https:\/\/diariotextual.com\/inicio\/index.php\/2021\/12\/03\/municipales-de-pico-estan-de-paro-en-reclamo-de-recategorizaciones\/","og_locale":"es_ES","og_type":"article","og_title":"Municipales de Pico est\u00e1n de paro en reclamo de recategorizaciones - Diario Textual","og_description":"Trabajadores municipales de las \u00e1reas de recolecci\u00f3n de residuos, centro de transferencias, barrido, riego y mantenimiento de calles, de General Pico, lanzaron un paro de actividades en reclamo de recategorizaciones.&hellip;","og_url":"https:\/\/diariotextual.com\/inicio\/index.php\/2021\/12\/03\/municipales-de-pico-estan-de-paro-en-reclamo-de-recategorizaciones\/","og_site_name":"Diario Textual","article_publisher":"https:\/\/www.facebook.com\/eltextual","article_published_time":"2021-12-03T12:25:22+00:00","article_modified_time":"2021-12-03T23:05:15+00:00","og_image":[{"width":1536,"height":1024,"url":"https:\/\/diariotextual.com\/inicio\/wp-content\/uploads\/2021\/12\/paromunicipalespico.jpeg","type":"image\/jpeg"}],"author":"diario5","twitter_card":"summary_large_image","twitter_creator":"@eltextual","twitter_site":"@eltextual","twitter_misc":{"Escrito por":"diario5","Tiempo de lectura":"1 minuto"},"schema":{"@context":"https:\/\/schema.org","@graph":[{"@type":"Article","@id":"https:\/\/diariotextual.com\/inicio\/index.php\/2021\/12\/03\/municipales-de-pico-estan-de-paro-en-reclamo-de-recategorizaciones\/#article","isPartOf":{"@id":"https:\/\/diariotextual.com\/inicio\/index.php\/2021\/12\/03\/municipales-de-pico-estan-de-paro-en-reclamo-de-recategorizaciones\/"},"author":{"name":"diario5","@id":"https:\/\/diariotextual.com\/inicio\/#\/schema\/person\/c7834961ad8b29b1d9cdbf4571299067"},"headline":"Municipales de Pico est\u00e1n de paro en reclamo de recategorizaciones","datePublished":"2021-12-03T12:25:22+00:00","dateModified":"2021-12-03T23:05:15+00:00","mainEntityOfPage":{"@id":"https:\/\/diariotextual.com\/inicio\/index.php\/2021\/12\/03\/municipales-de-pico-estan-de-paro-en-reclamo-de-recategorizaciones\/"},"wordCount":120,"publisher":{"@id":"https:\/\/diariotextual.com\/inicio\/#organization"},"image":{"@id":"https:\/\/diariotextual.com\/inicio\/index.php\/2021\/12\/03\/municipales-de-pico-estan-de-paro-en-reclamo-de-recategorizaciones\/#primaryimage"},"thumbnailUrl":"https:\/\/diariotextual.com\/inicio\/wp-content\/uploads\/2021\/12\/paromunicipalespico.jpeg","articleSection":["A - PORTADA2","SOCIEDAD"],"inLanguage":"es"},{"@type":"WebPage","@id":"https:\/\/diariotextual.com\/inicio\/index.php\/2021\/12\/03\/municipales-de-pico-estan-de-paro-en-reclamo-de-recategorizaciones\/","url":"https:\/\/diariotextual.com\/inicio\/index.php\/2021\/12\/03\/municipales-de-pico-estan-de-paro-en-reclamo-de-recategorizaciones\/","name":"Municipales de Pico est\u00e1n de paro en reclamo de recategorizaciones - Diario Textual","isPartOf":{"@id":"https:\/\/diariotextual.com\/inicio\/#website"},"primaryImageOfPage":{"@id":"https:\/\/diariotextual.com\/inicio\/index.php\/2021\/12\/03\/municipales-de-pico-estan-de-paro-en-reclamo-de-recategorizaciones\/#primaryimage"},"image":{"@id":"https:\/\/diariotextual.com\/inicio\/index.php\/2021\/12\/03\/municipales-de-pico-estan-de-paro-en-reclamo-de-recategorizaciones\/#primaryimage"},"thumbnailUrl":"https:\/\/diariotextual.com\/inicio\/wp-content\/uploads\/2021\/12\/paromunicipalespico.jpeg","datePublished":"2021-12-03T12:25:22+00:00","dateModified":"2021-12-03T23:05:15+00:00","breadcrumb":{"@id":"https:\/\/diariotextual.com\/inicio\/index.php\/2021\/12\/03\/municipales-de-pico-estan-de-paro-en-reclamo-de-recategorizaciones\/#breadcrumb"},"inLanguage":"es","potentialAction":[{"@type":"ReadAction","target":["https:\/\/diariotextual.com\/inicio\/index.php\/2021\/12\/03\/municipales-de-pico-estan-de-paro-en-reclamo-de-recategorizaciones\/"]}]},{"@type":"ImageObject","inLanguage":"es","@id":"https:\/\/diariotextual.com\/inicio\/index.php\/2021\/12\/03\/municipales-de-pico-estan-de-paro-en-reclamo-de-recategorizaciones\/#primaryimage","url":"https:\/\/diariotextual.com\/inicio\/wp-content\/uploads\/2021\/12\/paromunicipalespico.jpeg","contentUrl":"https:\/\/diariotextual.com\/inicio\/wp-content\/uploads\/2021\/12\/paromunicipalespico.jpeg","width":1536,"height":1024},{"@type":"BreadcrumbList","@id":"https:\/\/diariotextual.com\/inicio\/index.php\/2021\/12\/03\/municipales-de-pico-estan-de-paro-en-reclamo-de-recategorizaciones\/#breadcrumb","itemListElement":[{"@type":"ListItem","position":1,"name":"Portada","item":"https:\/\/diariotextual.com\/inicio\/"},{"@type":"ListItem","position":2,"name":"Municipales de Pico est\u00e1n de paro en reclamo de recategorizaciones"}]},{"@type":"WebSite","@id":"https:\/\/diariotextual.com\/inicio\/#website","url":"https:\/\/diariotextual.com\/inicio\/","name":"Diario Textual","description":"","publisher":{"@id":"https:\/\/diariotextual.com\/inicio\/#organization"},"potentialAction":[{"@type":"SearchAction","target":{"@type":"EntryPoint","urlTemplate":"https:\/\/diariotextual.com\/inicio\/?s={search_term_string}"},"query-input":{"@type":"PropertyValueSpecification","valueRequired":true,"valueName":"search_term_string"}}],"inLanguage":"es"},{"@type":"Organization","@id":"https:\/\/diariotextual.com\/inicio\/#organization","name":"Diario Textual","url":"https:\/\/diariotextual.com\/inicio\/","logo":{"@type":"ImageObject","inLanguage":"es","@id":"https:\/\/diariotextual.com\/inicio\/#\/schema\/logo\/image\/","url":"https:\/\/diariotextual.com\/inicio\/wp-content\/uploads\/2023\/05\/logotextual1.jpg","contentUrl":"https:\/\/diariotextual.com\/inicio\/wp-content\/uploads\/2023\/05\/logotextual1.jpg","width":516,"height":76,"caption":"Diario Textual"},"image":{"@id":"https:\/\/diariotextual.com\/inicio\/#\/schema\/logo\/image\/"},"sameAs":["https:\/\/www.facebook.com\/eltextual","https:\/\/x.com\/eltextual","http:\/\/www.instagram.com\/eltextual"]},{"@type":"Person","@id":"https:\/\/diariotextual.com\/inicio\/#\/schema\/person\/c7834961ad8b29b1d9cdbf4571299067","name":"diario5","image":{"@type":"ImageObject","inLanguage":"es","@id":"https:\/\/secure.gravatar.com\/avatar\/948c893b847ca6df68216ead81b63f363408ec9b0f600fefc0641ce78613b111?s=96&d=mm&r=g","url":"https:\/\/secure.gravatar.com\/avatar\/948c893b847ca6df68216ead81b63f363408ec9b0f600fefc0641ce78613b111?s=96&d=mm&r=g","contentUrl":"https:\/\/secure.gravatar.com\/avatar\/948c893b847ca6df68216ead81b63f363408ec9b0f600fefc0641ce78613b111?s=96&d=mm&r=g","caption":"diario5"},"url":"https:\/\/diariotextual.com\/inicio\/index.php\/author\/diario5\/"}]}},"_links":{"self":[{"href":"https:\/\/diariotextual.com\/inicio\/index.php\/wp-json\/wp\/v2\/posts\/171320","targetHints":{"allow":["GET"]}}],"collection":[{"href":"https:\/\/diariotextual.com\/inicio\/index.php\/wp-json\/wp\/v2\/posts"}],"about":[{"href":"https:\/\/diariotextual.com\/inicio\/index.php\/wp-json\/wp\/v2\/types\/post"}],"author":[{"embeddable":true,"href":"https:\/\/diariotextual.com\/inicio\/index.php\/wp-json\/wp\/v2\/users\/7"}],"replies":[{"embeddable":true,"href":"https:\/\/diariotextual.com\/inicio\/index.php\/wp-json\/wp\/v2\/comments?post=171320"}],"version-history":[{"count":4,"href":"https:\/\/diariotextual.com\/inicio\/index.php\/wp-json\/wp\/v2\/posts\/171320\/revisions"}],"predecessor-version":[{"id":171332,"href":"https:\/\/diariotextual.com\/inicio\/index.php\/wp-json\/wp\/v2\/posts\/171320\/revisions\/171332"}],"wp:featuredmedia":[{"embeddable":true,"href":"https:\/\/diariotextual.com\/inicio\/index.php\/wp-json\/wp\/v2\/media\/171323"}],"wp:attachment":[{"href":"https:\/\/diariotextual.com\/inicio\/index.php\/wp-json\/wp\/v2\/media?parent=171320"}],"wp:term":[{"taxonomy":"category","embeddable":true,"href":"https:\/\/diariotextual.com\/inicio\/index.php\/wp-json\/wp\/v2\/categories?post=171320"},{"taxonomy":"post_tag","embeddable":true,"href":"https:\/\/diariotextual.com\/inicio\/index.php\/wp-json\/wp\/v2\/tags?post=171320"}],"curies":[{"name":"wp","href":"https:\/\/api.w.org\/{rel}","templated":true}]}}