{"id":171479,"date":"2021-12-04T11:08:00","date_gmt":"2021-12-04T14:08:00","guid":{"rendered":"https:\/\/diariotextual.com\/inicio\/?p=171479"},"modified":"2021-12-05T10:12:14","modified_gmt":"2021-12-05T13:12:14","slug":"caso-lucio-defensores-se-van-a-trasladar-a-san-luis-para-reunirse-con-las-detenidas","status":"publish","type":"post","link":"https:\/\/diariotextual.com\/inicio\/index.php\/2021\/12\/04\/caso-lucio-defensores-se-van-a-trasladar-a-san-luis-para-reunirse-con-las-detenidas\/","title":{"rendered":"Caso Lucio: defensores se van a trasladar a San Luis para reunirse con las detenidas"},"content":{"rendered":"\n<p>Los defensores<strong> Pablo de Biasi <\/strong>y <strong>Silvina Blanco<\/strong> se van a trasladar a la P<strong>enitenciar\u00eda de San Luis <\/strong>para reunirse personalmente con las dos mujeres acusadas de asesinar al ni\u00f1o <strong>Lucio Dupuy<\/strong>, dijeron fuentes del caso a <strong>Diario Textual<\/strong>. Posiblemente viajen la pr\u00f3xima semana.<\/p>\n\n\n\n<p>De Biasi es el defensor de <strong>Magdalena Esp\u00f3sito Valenti<\/strong>, de 24 a\u00f1os y madre de Lucio. En tanto, Blanco es la defensora de <strong>Abigail P\u00e1ez<\/strong>, de 27 a\u00f1os y novia de Magdalena.<\/p>\n\n\n\n<p>&nbsp;<strong>Magdalena Esp\u00f3sito Valenti&nbsp;<\/strong>est\u00e1 acusada de&nbsp;<strong>homicidio simple agravado por el v\u00ednculo -prev\u00e9 una pena de perpetua-&nbsp;<\/strong>y<strong>&nbsp;Abigail P\u00e1ez por homicidio simple<\/strong> -establece pena de 8 a 25 a\u00f1os de prisi\u00f3n-.&nbsp;<\/p>\n\n\n\n<p>Se descuenta, sin embargo, que los fiscales y la querella pedir\u00e1n una nueva calificaci\u00f3n de las imputaciones para ambas imputadas, que agravar\u00e1 la expectativa de condena.<\/p>\n\n\n\n<p>Por lo pronto, el abogado querellante que representa a la familia paterna, Jos\u00e9 Mario Aguerrido, dijo que se trat\u00f3 de un \u00abcrimen de odio\u00bb, que prev\u00e9 penas m\u00e1s duras.<\/p>\n\n\n\n<figure class=\"wp-block-image size-large\"><img fetchpriority=\"high\" decoding=\"async\" width=\"1024\" height=\"651\" src=\"https:\/\/diariotextual.com\/inicio\/wp-content\/uploads\/2021\/12\/luciodupuymanifestaciontextual2021-40-1024x651.jpg\" alt=\"\" class=\"wp-image-171502\" srcset=\"https:\/\/diariotextual.com\/inicio\/wp-content\/uploads\/2021\/12\/luciodupuymanifestaciontextual2021-40-1024x651.jpg 1024w, https:\/\/diariotextual.com\/inicio\/wp-content\/uploads\/2021\/12\/luciodupuymanifestaciontextual2021-40-300x191.jpg 300w, https:\/\/diariotextual.com\/inicio\/wp-content\/uploads\/2021\/12\/luciodupuymanifestaciontextual2021-40-768x488.jpg 768w, https:\/\/diariotextual.com\/inicio\/wp-content\/uploads\/2021\/12\/luciodupuymanifestaciontextual2021-40-1536x976.jpg 1536w, https:\/\/diariotextual.com\/inicio\/wp-content\/uploads\/2021\/12\/luciodupuymanifestaciontextual2021-40-2048x1302.jpg 2048w, https:\/\/diariotextual.com\/inicio\/wp-content\/uploads\/2021\/12\/luciodupuymanifestaciontextual2021-40-1170x744.jpg 1170w, https:\/\/diariotextual.com\/inicio\/wp-content\/uploads\/2021\/12\/luciodupuymanifestaciontextual2021-40-585x372.jpg 585w\" sizes=\"(max-width: 1024px) 100vw, 1024px\" \/><\/figure>\n\n\n\n<p>El caso fue declarado complejo y por eso se conform\u00f3 un equipo de fiscales para investigarlo. Est\u00e1 integrado por <strong>Walter Martos, Ver\u00f3nica Ferrero <\/strong>y<strong> Marcos Hern\u00e1n Sacco.<\/strong><\/p>\n\n\n\n<p>La semana pasada, el forense Juan Carlos Toulousse entreg\u00f3 un informe final de la autopsia. Se revelaron golpizas y otros m\u00faltiples maltratos. Tanto actuales como de vieja data.<\/p>\n\n\n\n<p>Las dos acusadas est\u00e1n en San Luis. Fueron retiradas de La Pampa, a ra\u00edz de los graves disturbios frente a la comisar\u00eda Sexta -donde se encontraban presas hasta el fin de semana pasado-.<\/p>\n\n\n\n<p>\u00abMagui\u00bb y \u00abAbi\u00bb est\u00e1n aisladas desde el primer d\u00eda. Sin embargo, no est\u00e1n incomunicadas: pueden hablar por tel\u00e9fono con sus defensores y sus familiares.<\/p>\n\n\n\n<figure class=\"wp-block-embed is-type-wp-embed is-provider-diario-textual wp-block-embed-diario-textual\"><div class=\"wp-block-embed__wrapper\">\n<blockquote class=\"wp-embedded-content\" data-secret=\"HhfXKNiQ8H\"><a href=\"https:\/\/diariotextual.com\/inicio\/index.php\/2021\/12\/04\/caso-lucio-fiscales-comienzan-a-llamar-a-testigos-y-reciben-mas-datos-de-la-autopsia\/\">Caso Lucio: fiscales comienzan a llamar a testigos y reciben m\u00e1s datos de la autopsia<\/a><\/blockquote><iframe class=\"wp-embedded-content\" sandbox=\"allow-scripts\" security=\"restricted\" style=\"position: absolute; clip: rect(1px, 1px, 1px, 1px);\" title=\"\u00abCaso Lucio: fiscales comienzan a llamar a testigos y reciben m\u00e1s datos de la autopsia\u00bb \u2014 Diario Textual\" src=\"https:\/\/diariotextual.com\/inicio\/index.php\/2021\/12\/04\/caso-lucio-fiscales-comienzan-a-llamar-a-testigos-y-reciben-mas-datos-de-la-autopsia\/embed\/#?secret=HhfXKNiQ8H\" data-secret=\"HhfXKNiQ8H\" width=\"600\" height=\"338\" frameborder=\"0\" marginwidth=\"0\" marginheight=\"0\" scrolling=\"no\"><\/iframe>\n<\/div><\/figure>\n\n\n\n<p>Lucio, de 5 a\u00f1os de edad, muri\u00f3 el viernes 26 de noviembre por la noche, luego de ser brutalmente golpeado. La sospecha es que era maltratado en forma reiterada: entre diciembre de 2020 y marzo de 2021 fue hospitalizado en cinco oportunidades por diversas fracturas -por ejemplo, de un brazo y de un dedo-. Sin embargo, pese a esas alertas, nadie del sistema sanitario hizo una denuncia.<\/p>\n\n\n\n<p>Viv\u00eda en una casa de la calle Allan Kardec al 2300, de Santa Rosa, junto a su madre y a la novia de su mam\u00e1.<\/p>\n\n\n\n<p>Lucio fue llevado cerca de las 21 horas del viernes 26 de noviembre por Abigail, en brazos, a la posta sanitaria del barrio R\u00edo Atuel. El nene estaba desvanecido. Su madre, en ese momento, estaba trabajando de moza en el Hotel Mercure.<\/p>\n\n\n\n<p>La posta estaba cerrada. Por eso un vecino comenz\u00f3 a hacerle respiraci\u00f3n boca a boca. Luego se sum\u00f3 una enfermera para hacerle RCP. Otra vecina, al ver que no llegaba la ambulancia, carg\u00f3 al nene en su auto y lo llev\u00f3, en contramano, al Hospital Evita. All\u00ed se confirm\u00f3 su muerte, cerca de las 21.30 horas.<\/p>\n\n\n\n<p>Pasadas las 22 horas, Abigail y Magdalena fueron detenidas por orden de la Justicia.<\/p>\n\n\n\n<p><\/p>\n","protected":false},"excerpt":{"rendered":"<p>Los defensores Pablo de Biasi y Silvina Blanco se van a trasladar a la Penitenciar\u00eda de San Luis para reunirse personalmente con las dos mujeres acusadas de asesinar al ni\u00f1o&hellip;<\/p>\n","protected":false},"author":3,"featured_media":171114,"comment_status":"closed","ping_status":"open","sticky":false,"template":"","format":"standard","meta":{"_acf_changed":false,"footnotes":""},"categories":[10,12],"tags":[6330],"class_list":["post-171479","post","type-post","status-publish","format-standard","has-post-thumbnail","hentry","category-portada-2","category-sociedad","tag-lucio"],"acf":[],"yoast_head":"<!-- This site is optimized with the Yoast SEO plugin v27.5 - https:\/\/yoast.com\/product\/yoast-seo-wordpress\/ -->\n<title>Caso Lucio: defensores se van a trasladar a San Luis para reunirse con las detenidas - Diario Textual<\/title>\n<meta name=\"robots\" content=\"index, follow, max-snippet:-1, max-image-preview:large, max-video-preview:-1\" \/>\n<link rel=\"canonical\" href=\"https:\/\/diariotextual.com\/inicio\/index.php\/2021\/12\/04\/caso-lucio-defensores-se-van-a-trasladar-a-san-luis-para-reunirse-con-las-detenidas\/\" \/>\n<meta property=\"og:locale\" content=\"es_ES\" \/>\n<meta property=\"og:type\" content=\"article\" \/>\n<meta property=\"og:title\" content=\"Caso Lucio: defensores se van a trasladar a San Luis para reunirse con las detenidas - Diario Textual\" \/>\n<meta property=\"og:description\" content=\"Los defensores Pablo de Biasi y Silvina Blanco se van a trasladar a la Penitenciar\u00eda de San Luis para reunirse personalmente con las dos mujeres acusadas de asesinar al ni\u00f1o&hellip;\" \/>\n<meta property=\"og:url\" content=\"https:\/\/diariotextual.com\/inicio\/index.php\/2021\/12\/04\/caso-lucio-defensores-se-van-a-trasladar-a-san-luis-para-reunirse-con-las-detenidas\/\" \/>\n<meta property=\"og:site_name\" content=\"Diario Textual\" \/>\n<meta property=\"article:publisher\" content=\"https:\/\/www.facebook.com\/eltextual\" \/>\n<meta property=\"article:published_time\" content=\"2021-12-04T14:08:00+00:00\" \/>\n<meta property=\"article:modified_time\" content=\"2021-12-05T13:12:14+00:00\" \/>\n<meta property=\"og:image\" content=\"https:\/\/diariotextual.com\/inicio\/wp-content\/uploads\/2021\/12\/luciodupuycasomadremagdalenaespositovalentiabigailpaez2021-8.jpg\" \/>\n\t<meta property=\"og:image:width\" content=\"1440\" \/>\n\t<meta property=\"og:image:height\" content=\"806\" \/>\n\t<meta property=\"og:image:type\" content=\"image\/jpeg\" \/>\n<meta name=\"author\" content=\"Diario1 Diario1\" \/>\n<meta name=\"twitter:card\" content=\"summary_large_image\" \/>\n<meta name=\"twitter:creator\" content=\"@eltextual\" \/>\n<meta name=\"twitter:site\" content=\"@eltextual\" \/>\n<meta name=\"twitter:label1\" content=\"Escrito por\" \/>\n\t<meta name=\"twitter:data1\" content=\"Diario1 Diario1\" \/>\n\t<meta name=\"twitter:label2\" content=\"Tiempo de lectura\" \/>\n\t<meta name=\"twitter:data2\" content=\"3 minutos\" \/>\n<script type=\"application\/ld+json\" class=\"yoast-schema-graph\">{\"@context\":\"https:\\\/\\\/schema.org\",\"@graph\":[{\"@type\":\"Article\",\"@id\":\"https:\\\/\\\/diariotextual.com\\\/inicio\\\/index.php\\\/2021\\\/12\\\/04\\\/caso-lucio-defensores-se-van-a-trasladar-a-san-luis-para-reunirse-con-las-detenidas\\\/#article\",\"isPartOf\":{\"@id\":\"https:\\\/\\\/diariotextual.com\\\/inicio\\\/index.php\\\/2021\\\/12\\\/04\\\/caso-lucio-defensores-se-van-a-trasladar-a-san-luis-para-reunirse-con-las-detenidas\\\/\"},\"author\":{\"name\":\"Diario1 Diario1\",\"@id\":\"https:\\\/\\\/diariotextual.com\\\/inicio\\\/#\\\/schema\\\/person\\\/418fc4093c33e86ed41562db3508f958\"},\"headline\":\"Caso Lucio: defensores se van a trasladar a San Luis para reunirse con las detenidas\",\"datePublished\":\"2021-12-04T14:08:00+00:00\",\"dateModified\":\"2021-12-05T13:12:14+00:00\",\"mainEntityOfPage\":{\"@id\":\"https:\\\/\\\/diariotextual.com\\\/inicio\\\/index.php\\\/2021\\\/12\\\/04\\\/caso-lucio-defensores-se-van-a-trasladar-a-san-luis-para-reunirse-con-las-detenidas\\\/\"},\"wordCount\":523,\"publisher\":{\"@id\":\"https:\\\/\\\/diariotextual.com\\\/inicio\\\/#organization\"},\"image\":{\"@id\":\"https:\\\/\\\/diariotextual.com\\\/inicio\\\/index.php\\\/2021\\\/12\\\/04\\\/caso-lucio-defensores-se-van-a-trasladar-a-san-luis-para-reunirse-con-las-detenidas\\\/#primaryimage\"},\"thumbnailUrl\":\"https:\\\/\\\/diariotextual.com\\\/inicio\\\/wp-content\\\/uploads\\\/2021\\\/12\\\/luciodupuycasomadremagdalenaespositovalentiabigailpaez2021-8.jpg\",\"keywords\":[\"lucio\"],\"articleSection\":[\"A - PORTADA2\",\"SOCIEDAD\"],\"inLanguage\":\"es\"},{\"@type\":\"WebPage\",\"@id\":\"https:\\\/\\\/diariotextual.com\\\/inicio\\\/index.php\\\/2021\\\/12\\\/04\\\/caso-lucio-defensores-se-van-a-trasladar-a-san-luis-para-reunirse-con-las-detenidas\\\/\",\"url\":\"https:\\\/\\\/diariotextual.com\\\/inicio\\\/index.php\\\/2021\\\/12\\\/04\\\/caso-lucio-defensores-se-van-a-trasladar-a-san-luis-para-reunirse-con-las-detenidas\\\/\",\"name\":\"Caso Lucio: defensores se van a trasladar a San Luis para reunirse con las detenidas - Diario Textual\",\"isPartOf\":{\"@id\":\"https:\\\/\\\/diariotextual.com\\\/inicio\\\/#website\"},\"primaryImageOfPage\":{\"@id\":\"https:\\\/\\\/diariotextual.com\\\/inicio\\\/index.php\\\/2021\\\/12\\\/04\\\/caso-lucio-defensores-se-van-a-trasladar-a-san-luis-para-reunirse-con-las-detenidas\\\/#primaryimage\"},\"image\":{\"@id\":\"https:\\\/\\\/diariotextual.com\\\/inicio\\\/index.php\\\/2021\\\/12\\\/04\\\/caso-lucio-defensores-se-van-a-trasladar-a-san-luis-para-reunirse-con-las-detenidas\\\/#primaryimage\"},\"thumbnailUrl\":\"https:\\\/\\\/diariotextual.com\\\/inicio\\\/wp-content\\\/uploads\\\/2021\\\/12\\\/luciodupuycasomadremagdalenaespositovalentiabigailpaez2021-8.jpg\",\"datePublished\":\"2021-12-04T14:08:00+00:00\",\"dateModified\":\"2021-12-05T13:12:14+00:00\",\"breadcrumb\":{\"@id\":\"https:\\\/\\\/diariotextual.com\\\/inicio\\\/index.php\\\/2021\\\/12\\\/04\\\/caso-lucio-defensores-se-van-a-trasladar-a-san-luis-para-reunirse-con-las-detenidas\\\/#breadcrumb\"},\"inLanguage\":\"es\",\"potentialAction\":[{\"@type\":\"ReadAction\",\"target\":[\"https:\\\/\\\/diariotextual.com\\\/inicio\\\/index.php\\\/2021\\\/12\\\/04\\\/caso-lucio-defensores-se-van-a-trasladar-a-san-luis-para-reunirse-con-las-detenidas\\\/\"]}]},{\"@type\":\"ImageObject\",\"inLanguage\":\"es\",\"@id\":\"https:\\\/\\\/diariotextual.com\\\/inicio\\\/index.php\\\/2021\\\/12\\\/04\\\/caso-lucio-defensores-se-van-a-trasladar-a-san-luis-para-reunirse-con-las-detenidas\\\/#primaryimage\",\"url\":\"https:\\\/\\\/diariotextual.com\\\/inicio\\\/wp-content\\\/uploads\\\/2021\\\/12\\\/luciodupuycasomadremagdalenaespositovalentiabigailpaez2021-8.jpg\",\"contentUrl\":\"https:\\\/\\\/diariotextual.com\\\/inicio\\\/wp-content\\\/uploads\\\/2021\\\/12\\\/luciodupuycasomadremagdalenaespositovalentiabigailpaez2021-8.jpg\",\"width\":1440,\"height\":806},{\"@type\":\"BreadcrumbList\",\"@id\":\"https:\\\/\\\/diariotextual.com\\\/inicio\\\/index.php\\\/2021\\\/12\\\/04\\\/caso-lucio-defensores-se-van-a-trasladar-a-san-luis-para-reunirse-con-las-detenidas\\\/#breadcrumb\",\"itemListElement\":[{\"@type\":\"ListItem\",\"position\":1,\"name\":\"Portada\",\"item\":\"https:\\\/\\\/diariotextual.com\\\/inicio\\\/\"},{\"@type\":\"ListItem\",\"position\":2,\"name\":\"Caso Lucio: defensores se van a trasladar a San Luis para reunirse con las detenidas\"}]},{\"@type\":\"WebSite\",\"@id\":\"https:\\\/\\\/diariotextual.com\\\/inicio\\\/#website\",\"url\":\"https:\\\/\\\/diariotextual.com\\\/inicio\\\/\",\"name\":\"Diario Textual\",\"description\":\"\",\"publisher\":{\"@id\":\"https:\\\/\\\/diariotextual.com\\\/inicio\\\/#organization\"},\"potentialAction\":[{\"@type\":\"SearchAction\",\"target\":{\"@type\":\"EntryPoint\",\"urlTemplate\":\"https:\\\/\\\/diariotextual.com\\\/inicio\\\/?s={search_term_string}\"},\"query-input\":{\"@type\":\"PropertyValueSpecification\",\"valueRequired\":true,\"valueName\":\"search_term_string\"}}],\"inLanguage\":\"es\"},{\"@type\":\"Organization\",\"@id\":\"https:\\\/\\\/diariotextual.com\\\/inicio\\\/#organization\",\"name\":\"Diario Textual\",\"url\":\"https:\\\/\\\/diariotextual.com\\\/inicio\\\/\",\"logo\":{\"@type\":\"ImageObject\",\"inLanguage\":\"es\",\"@id\":\"https:\\\/\\\/diariotextual.com\\\/inicio\\\/#\\\/schema\\\/logo\\\/image\\\/\",\"url\":\"https:\\\/\\\/diariotextual.com\\\/inicio\\\/wp-content\\\/uploads\\\/2023\\\/05\\\/logotextual1.jpg\",\"contentUrl\":\"https:\\\/\\\/diariotextual.com\\\/inicio\\\/wp-content\\\/uploads\\\/2023\\\/05\\\/logotextual1.jpg\",\"width\":516,\"height\":76,\"caption\":\"Diario Textual\"},\"image\":{\"@id\":\"https:\\\/\\\/diariotextual.com\\\/inicio\\\/#\\\/schema\\\/logo\\\/image\\\/\"},\"sameAs\":[\"https:\\\/\\\/www.facebook.com\\\/eltextual\",\"https:\\\/\\\/x.com\\\/eltextual\",\"http:\\\/\\\/www.instagram.com\\\/eltextual\"]},{\"@type\":\"Person\",\"@id\":\"https:\\\/\\\/diariotextual.com\\\/inicio\\\/#\\\/schema\\\/person\\\/418fc4093c33e86ed41562db3508f958\",\"name\":\"Diario1 Diario1\",\"image\":{\"@type\":\"ImageObject\",\"inLanguage\":\"es\",\"@id\":\"https:\\\/\\\/secure.gravatar.com\\\/avatar\\\/9167d280179c85bc18be67aa7eda765854300033af4896dd779b608640f2ef7a?s=96&d=mm&r=g\",\"url\":\"https:\\\/\\\/secure.gravatar.com\\\/avatar\\\/9167d280179c85bc18be67aa7eda765854300033af4896dd779b608640f2ef7a?s=96&d=mm&r=g\",\"contentUrl\":\"https:\\\/\\\/secure.gravatar.com\\\/avatar\\\/9167d280179c85bc18be67aa7eda765854300033af4896dd779b608640f2ef7a?s=96&d=mm&r=g\",\"caption\":\"Diario1 Diario1\"},\"url\":\"https:\\\/\\\/diariotextual.com\\\/inicio\\\/index.php\\\/author\\\/diario1\\\/\"}]}<\/script>\n<!-- \/ Yoast SEO plugin. -->","yoast_head_json":{"title":"Caso Lucio: defensores se van a trasladar a San Luis para reunirse con las detenidas - Diario Textual","robots":{"index":"index","follow":"follow","max-snippet":"max-snippet:-1","max-image-preview":"max-image-preview:large","max-video-preview":"max-video-preview:-1"},"canonical":"https:\/\/diariotextual.com\/inicio\/index.php\/2021\/12\/04\/caso-lucio-defensores-se-van-a-trasladar-a-san-luis-para-reunirse-con-las-detenidas\/","og_locale":"es_ES","og_type":"article","og_title":"Caso Lucio: defensores se van a trasladar a San Luis para reunirse con las detenidas - Diario Textual","og_description":"Los defensores Pablo de Biasi y Silvina Blanco se van a trasladar a la Penitenciar\u00eda de San Luis para reunirse personalmente con las dos mujeres acusadas de asesinar al ni\u00f1o&hellip;","og_url":"https:\/\/diariotextual.com\/inicio\/index.php\/2021\/12\/04\/caso-lucio-defensores-se-van-a-trasladar-a-san-luis-para-reunirse-con-las-detenidas\/","og_site_name":"Diario Textual","article_publisher":"https:\/\/www.facebook.com\/eltextual","article_published_time":"2021-12-04T14:08:00+00:00","article_modified_time":"2021-12-05T13:12:14+00:00","og_image":[{"width":1440,"height":806,"url":"https:\/\/diariotextual.com\/inicio\/wp-content\/uploads\/2021\/12\/luciodupuycasomadremagdalenaespositovalentiabigailpaez2021-8.jpg","type":"image\/jpeg"}],"author":"Diario1 Diario1","twitter_card":"summary_large_image","twitter_creator":"@eltextual","twitter_site":"@eltextual","twitter_misc":{"Escrito por":"Diario1 Diario1","Tiempo de lectura":"3 minutos"},"schema":{"@context":"https:\/\/schema.org","@graph":[{"@type":"Article","@id":"https:\/\/diariotextual.com\/inicio\/index.php\/2021\/12\/04\/caso-lucio-defensores-se-van-a-trasladar-a-san-luis-para-reunirse-con-las-detenidas\/#article","isPartOf":{"@id":"https:\/\/diariotextual.com\/inicio\/index.php\/2021\/12\/04\/caso-lucio-defensores-se-van-a-trasladar-a-san-luis-para-reunirse-con-las-detenidas\/"},"author":{"name":"Diario1 Diario1","@id":"https:\/\/diariotextual.com\/inicio\/#\/schema\/person\/418fc4093c33e86ed41562db3508f958"},"headline":"Caso Lucio: defensores se van a trasladar a San Luis para reunirse con las detenidas","datePublished":"2021-12-04T14:08:00+00:00","dateModified":"2021-12-05T13:12:14+00:00","mainEntityOfPage":{"@id":"https:\/\/diariotextual.com\/inicio\/index.php\/2021\/12\/04\/caso-lucio-defensores-se-van-a-trasladar-a-san-luis-para-reunirse-con-las-detenidas\/"},"wordCount":523,"publisher":{"@id":"https:\/\/diariotextual.com\/inicio\/#organization"},"image":{"@id":"https:\/\/diariotextual.com\/inicio\/index.php\/2021\/12\/04\/caso-lucio-defensores-se-van-a-trasladar-a-san-luis-para-reunirse-con-las-detenidas\/#primaryimage"},"thumbnailUrl":"https:\/\/diariotextual.com\/inicio\/wp-content\/uploads\/2021\/12\/luciodupuycasomadremagdalenaespositovalentiabigailpaez2021-8.jpg","keywords":["lucio"],"articleSection":["A - PORTADA2","SOCIEDAD"],"inLanguage":"es"},{"@type":"WebPage","@id":"https:\/\/diariotextual.com\/inicio\/index.php\/2021\/12\/04\/caso-lucio-defensores-se-van-a-trasladar-a-san-luis-para-reunirse-con-las-detenidas\/","url":"https:\/\/diariotextual.com\/inicio\/index.php\/2021\/12\/04\/caso-lucio-defensores-se-van-a-trasladar-a-san-luis-para-reunirse-con-las-detenidas\/","name":"Caso Lucio: defensores se van a trasladar a San Luis para reunirse con las detenidas - Diario Textual","isPartOf":{"@id":"https:\/\/diariotextual.com\/inicio\/#website"},"primaryImageOfPage":{"@id":"https:\/\/diariotextual.com\/inicio\/index.php\/2021\/12\/04\/caso-lucio-defensores-se-van-a-trasladar-a-san-luis-para-reunirse-con-las-detenidas\/#primaryimage"},"image":{"@id":"https:\/\/diariotextual.com\/inicio\/index.php\/2021\/12\/04\/caso-lucio-defensores-se-van-a-trasladar-a-san-luis-para-reunirse-con-las-detenidas\/#primaryimage"},"thumbnailUrl":"https:\/\/diariotextual.com\/inicio\/wp-content\/uploads\/2021\/12\/luciodupuycasomadremagdalenaespositovalentiabigailpaez2021-8.jpg","datePublished":"2021-12-04T14:08:00+00:00","dateModified":"2021-12-05T13:12:14+00:00","breadcrumb":{"@id":"https:\/\/diariotextual.com\/inicio\/index.php\/2021\/12\/04\/caso-lucio-defensores-se-van-a-trasladar-a-san-luis-para-reunirse-con-las-detenidas\/#breadcrumb"},"inLanguage":"es","potentialAction":[{"@type":"ReadAction","target":["https:\/\/diariotextual.com\/inicio\/index.php\/2021\/12\/04\/caso-lucio-defensores-se-van-a-trasladar-a-san-luis-para-reunirse-con-las-detenidas\/"]}]},{"@type":"ImageObject","inLanguage":"es","@id":"https:\/\/diariotextual.com\/inicio\/index.php\/2021\/12\/04\/caso-lucio-defensores-se-van-a-trasladar-a-san-luis-para-reunirse-con-las-detenidas\/#primaryimage","url":"https:\/\/diariotextual.com\/inicio\/wp-content\/uploads\/2021\/12\/luciodupuycasomadremagdalenaespositovalentiabigailpaez2021-8.jpg","contentUrl":"https:\/\/diariotextual.com\/inicio\/wp-content\/uploads\/2021\/12\/luciodupuycasomadremagdalenaespositovalentiabigailpaez2021-8.jpg","width":1440,"height":806},{"@type":"BreadcrumbList","@id":"https:\/\/diariotextual.com\/inicio\/index.php\/2021\/12\/04\/caso-lucio-defensores-se-van-a-trasladar-a-san-luis-para-reunirse-con-las-detenidas\/#breadcrumb","itemListElement":[{"@type":"ListItem","position":1,"name":"Portada","item":"https:\/\/diariotextual.com\/inicio\/"},{"@type":"ListItem","position":2,"name":"Caso Lucio: defensores se van a trasladar a San Luis para reunirse con las detenidas"}]},{"@type":"WebSite","@id":"https:\/\/diariotextual.com\/inicio\/#website","url":"https:\/\/diariotextual.com\/inicio\/","name":"Diario Textual","description":"","publisher":{"@id":"https:\/\/diariotextual.com\/inicio\/#organization"},"potentialAction":[{"@type":"SearchAction","target":{"@type":"EntryPoint","urlTemplate":"https:\/\/diariotextual.com\/inicio\/?s={search_term_string}"},"query-input":{"@type":"PropertyValueSpecification","valueRequired":true,"valueName":"search_term_string"}}],"inLanguage":"es"},{"@type":"Organization","@id":"https:\/\/diariotextual.com\/inicio\/#organization","name":"Diario Textual","url":"https:\/\/diariotextual.com\/inicio\/","logo":{"@type":"ImageObject","inLanguage":"es","@id":"https:\/\/diariotextual.com\/inicio\/#\/schema\/logo\/image\/","url":"https:\/\/diariotextual.com\/inicio\/wp-content\/uploads\/2023\/05\/logotextual1.jpg","contentUrl":"https:\/\/diariotextual.com\/inicio\/wp-content\/uploads\/2023\/05\/logotextual1.jpg","width":516,"height":76,"caption":"Diario Textual"},"image":{"@id":"https:\/\/diariotextual.com\/inicio\/#\/schema\/logo\/image\/"},"sameAs":["https:\/\/www.facebook.com\/eltextual","https:\/\/x.com\/eltextual","http:\/\/www.instagram.com\/eltextual"]},{"@type":"Person","@id":"https:\/\/diariotextual.com\/inicio\/#\/schema\/person\/418fc4093c33e86ed41562db3508f958","name":"Diario1 Diario1","image":{"@type":"ImageObject","inLanguage":"es","@id":"https:\/\/secure.gravatar.com\/avatar\/9167d280179c85bc18be67aa7eda765854300033af4896dd779b608640f2ef7a?s=96&d=mm&r=g","url":"https:\/\/secure.gravatar.com\/avatar\/9167d280179c85bc18be67aa7eda765854300033af4896dd779b608640f2ef7a?s=96&d=mm&r=g","contentUrl":"https:\/\/secure.gravatar.com\/avatar\/9167d280179c85bc18be67aa7eda765854300033af4896dd779b608640f2ef7a?s=96&d=mm&r=g","caption":"Diario1 Diario1"},"url":"https:\/\/diariotextual.com\/inicio\/index.php\/author\/diario1\/"}]}},"_links":{"self":[{"href":"https:\/\/diariotextual.com\/inicio\/index.php\/wp-json\/wp\/v2\/posts\/171479","targetHints":{"allow":["GET"]}}],"collection":[{"href":"https:\/\/diariotextual.com\/inicio\/index.php\/wp-json\/wp\/v2\/posts"}],"about":[{"href":"https:\/\/diariotextual.com\/inicio\/index.php\/wp-json\/wp\/v2\/types\/post"}],"author":[{"embeddable":true,"href":"https:\/\/diariotextual.com\/inicio\/index.php\/wp-json\/wp\/v2\/users\/3"}],"replies":[{"embeddable":true,"href":"https:\/\/diariotextual.com\/inicio\/index.php\/wp-json\/wp\/v2\/comments?post=171479"}],"version-history":[{"count":15,"href":"https:\/\/diariotextual.com\/inicio\/index.php\/wp-json\/wp\/v2\/posts\/171479\/revisions"}],"predecessor-version":[{"id":171525,"href":"https:\/\/diariotextual.com\/inicio\/index.php\/wp-json\/wp\/v2\/posts\/171479\/revisions\/171525"}],"wp:featuredmedia":[{"embeddable":true,"href":"https:\/\/diariotextual.com\/inicio\/index.php\/wp-json\/wp\/v2\/media\/171114"}],"wp:attachment":[{"href":"https:\/\/diariotextual.com\/inicio\/index.php\/wp-json\/wp\/v2\/media?parent=171479"}],"wp:term":[{"taxonomy":"category","embeddable":true,"href":"https:\/\/diariotextual.com\/inicio\/index.php\/wp-json\/wp\/v2\/categories?post=171479"},{"taxonomy":"post_tag","embeddable":true,"href":"https:\/\/diariotextual.com\/inicio\/index.php\/wp-json\/wp\/v2\/tags?post=171479"}],"curies":[{"name":"wp","href":"https:\/\/api.w.org\/{rel}","templated":true}]}}