{"id":171513,"date":"2021-12-04T20:05:48","date_gmt":"2021-12-04T23:05:48","guid":{"rendered":"https:\/\/diariotextual.com\/inicio\/?p=171513"},"modified":"2021-12-05T10:08:20","modified_gmt":"2021-12-05T13:08:20","slug":"por-el-caso-lucio-se-dispararon-las-denuncias-de-maltrato-hacia-la-ninez","status":"publish","type":"post","link":"https:\/\/diariotextual.com\/inicio\/index.php\/2021\/12\/04\/por-el-caso-lucio-se-dispararon-las-denuncias-de-maltrato-hacia-la-ninez\/","title":{"rendered":"Por el Caso Lucio se dispararon las denuncias de maltrato hacia la ni\u00f1ez"},"content":{"rendered":"\n<p>La difusi\u00f3n que tuvo el caso del ni\u00f1o <strong>Lucio Dupuy<\/strong>, quien falleci\u00f3 en un hospital de Santa Rosa a ra\u00edz de las heridas recibidas presuntamente por su madre y su pareja, motiv\u00f3 que\u00a0<strong>las denuncias por maltrato a la ni\u00f1ez al programa del Ministerio de Justicia de la Naci\u00f3n se multiplicaran en un 73%<\/strong>\u00a0en los \u00faltimos cinco d\u00edas.<\/p>\n\n\n\n<p>La psic\u00f3loga especializada en maltrato infantil y directora del programa \u00abLas V\u00edctimas contra las Violencias\u00bb, Eva Giberti, dijo a T\u00e9lam que se trata \u00abde un incremento exponencial que no se daba desde la denuncia de Thelma Fard\u00edn por violaci\u00f3n contra Juan Darth\u00e9s\u00bb y asegur\u00f3 que \u00abcada vez son m\u00e1s los chicos que se animan a denunciar\u00bb.<\/p>\n\n\n\n<p>\u00abSon denuncias hecha por sus protagonistas, o por vecinos del mismo barrio o por ni\u00f1os que aseguran que un familiar suyo es abusado.&nbsp;<strong>Ac\u00e1 las v\u00edctimas son absolutamente ingenuas e inocentes y no pueden hacer nada para defenderse<\/strong>\u00ab, destac\u00f3 Giberti.<\/p>\n\n\n\n<figure class=\"wp-block-embed is-type-wp-embed is-provider-diario-textual wp-block-embed-diario-textual\"><div class=\"wp-block-embed__wrapper\">\n<blockquote class=\"wp-embedded-content\" data-secret=\"var4hqTgZZ\"><a href=\"https:\/\/diariotextual.com\/inicio\/index.php\/2021\/12\/04\/caso-lucio-defensores-se-van-a-trasladar-a-san-luis-para-reunirse-con-las-detenidas\/\">Caso Lucio: defensores se van a trasladar a San Luis para reunirse con las detenidas<\/a><\/blockquote><iframe class=\"wp-embedded-content\" sandbox=\"allow-scripts\" security=\"restricted\" style=\"position: absolute; clip: rect(1px, 1px, 1px, 1px);\" title=\"\u00abCaso Lucio: defensores se van a trasladar a San Luis para reunirse con las detenidas\u00bb \u2014 Diario Textual\" src=\"https:\/\/diariotextual.com\/inicio\/index.php\/2021\/12\/04\/caso-lucio-defensores-se-van-a-trasladar-a-san-luis-para-reunirse-con-las-detenidas\/embed\/#?secret=var4hqTgZZ\" data-secret=\"var4hqTgZZ\" width=\"600\" height=\"338\" frameborder=\"0\" marginwidth=\"0\" marginheight=\"0\" scrolling=\"no\"><\/iframe>\n<\/div><\/figure>\n\n\n\n<p>L<strong>a conmoci\u00f3n por el asesinato del nene de 5 a\u00f1os trascendi\u00f3 las fronteras de La Pampa<\/strong>&nbsp;al ser descubiertos todo tipo de golpes, quemaduras de cigarrillo, mordeduras y abusos sexuales que databan de a\u00f1os.<\/p>\n\n\n\n<p>Las acusadas son su madre Magdalena Valenti y su novia Abigail P\u00e9rez y, tras la autopsia, se descubri\u00f3 que el ni\u00f1o ten\u00eda heridas de vieja data y que la causa de la muerte fue por hemorragia interna a ra\u00edz de un golpe, presuntamente provocado por una de las tantas palizas que recib\u00eda.<\/p>\n\n\n\n<p>\u00abLos sistemas de protecci\u00f3n hacia los ni\u00f1os est\u00e1n fracasando ante situaciones como esta, porque<strong>&nbsp;la escuela y el barrio tendr\u00edan que haber estado viendo lo que pasaba<\/strong>. En esos sistemas hay varias cosas que no funcionan bien, protocolos hay, esta el s\u00edndrome del ni\u00f1o golpeado que es t\u00edpico, pero aqu\u00ed tenemos a dos perversas que se ocupaban placenteramente de golpearlo\u00bb, refiri\u00f3 Giberti.<\/p>\n\n\n\n<p>Para Giberti lo que ocurri\u00f3 despu\u00e9s de la difusi\u00f3n de este hecho lamentable es que se haya superado en un 73% la media de denuncias que recibimos y asegur\u00f3 que&nbsp;<strong>\u00abcada vez m\u00e1s son chicos de 7, 8, 9 y 10 a\u00f1os los que se animan a denunciar en la l\u00ednea 137\u00bb.<\/strong><\/p>\n\n\n\n<p>Esta v\u00eda totalmente an\u00f3nima es utilizada por los ni\u00f1os mediante los llamados por WhatsApp \u00aby no s\u00f3lo llaman para denunciar el maltrato o abuso que reciben sino que tambi\u00e9n lo hacen cuando se enteran de que por ejemplo una t\u00eda es abusada\u00bb, destac\u00f3 la profesional.<\/p>\n\n\n\n<p>Entre los meses de octubre de 2020 y septiembre de 2021,&nbsp;<strong>las consultas recibidas por el Programa a trav\u00e9s de la L\u00ednea Nacional 137 y la l\u00ednea de WhatsApp fueron 15.118<\/strong>, para un total de 20.520 v\u00edctimas (pueden existir m\u00e1s de una v\u00edctima por consulta), de las cuales 9.989 fueron ni\u00f1os, ni\u00f1as y adolescentes.<\/p>\n\n\n\n<p><\/p>\n\n\n\n<blockquote class=\"wp-block-quote is-layout-flow wp-block-quote-is-layout-flow\"><p>En la cuarentena los llamados a la l\u00ednea 137 por violencias intra familiares y\/o sexuales aumentaron un 20% respecto al mismo per\u00edodo de 2019.<\/p><p><\/p><\/blockquote>\n\n\n\n<p>En la cuarentena los llamados a la l\u00ednea 137 por violencias intra familiares y\/o sexuales aumentaron un 20% respecto al mismo per\u00edodo de 2019.&nbsp;<strong>La cantidad total de ni\u00f1as y ni\u00f1os que sufrieron estos tipos de violencias se increment\u00f3 un 23%<\/strong>, mientras que hubo un aumento del 28% en violencia familiar y del 13% en violencia sexual.<\/p>\n\n\n\n<p>En tanto, la cantidad de chicos y chicas que fueron violentados\/as en el entorno digital, lo que incluye principalmente al grooming y la utilizaci\u00f3n de im\u00e1genes en pornograf\u00eda, creci\u00f3 un 267%\u00bb.<\/p>\n\n\n\n<p>\u00abLo novedoso e impresionante que vemos este a\u00f1o es como los chicos llaman. Tenemos una perversi\u00f3n que aumenta, pero tambi\u00e9n tenemos gente que se ocupa. Los que denuncian los ni\u00f1os son las situaciones de maltrato y las cuentan a las operadoras con mucha valent\u00eda\u00bb, dijo Giberti.<\/p>\n\n\n\n<p>Pero&nbsp;<strong>el hecho de que los adultos no denuncien un hecho de maltrato tiene que ver \u00abpor un lado con la naturalizaci\u00f3n de la violencia y por el otro con el no registro del chico como persona sujeta de derechos<\/strong>: La invisibilizaci\u00f3n del ni\u00f1o es un fen\u00f3meno que ocurre en toda Am\u00e9rica Latina\u00bb, remarc\u00f3 Giberti.<\/p>\n\n\n\n<p>\u00abTampoco la Justicia los ve como personas -dijo la especialista- , hay mucha legislaci\u00f3n en favor de los chicos pero los que tienen que intervenir no los ven como personas\u00bb.<\/p>\n\n\n\n<p><strong>En los casos de abuso, \u00abes dif\u00edcil probarlo&nbsp;<\/strong>salvo que haya habido penetraci\u00f3n y sabemos que los abusos est\u00e1n muy lejos de ser s\u00f3lo un acto f\u00edsico. Hay tocamientos, manoseos, muestra de im\u00e1genes pornogr\u00e1ficas, las formas de abuso son de una variedad enorme\u00bb.<\/p>\n\n\n\n<p>Y explic\u00f3 que, en este contexto, \u00ablos medios juegan un papel fundamental. Pese a lo terrible del hecho sufrido, los chicos cuando llaman a la l\u00ednea 137 no tienen reparos en decir su nombre, donde viven y asombra que ellos mismos digan que fueron abusados\u00bb.<\/p>\n\n\n\n<p>Por otra parte, Giberti consider\u00f3 que la legislaci\u00f3n que hay en la Argentina en la materia \u00abes aceptable\u00bb, pero dijo que los responsables de llevar justicia \u00abtienen que estudiar y escucharnos a los psic\u00f3logos que estamos en el terreno. La Justicia no s\u00f3lo es machista, sino fan\u00e1ticamente patriarcal\u00bb.<\/p>\n\n\n\n<p>Y esto, concluy\u00f3, \u00abincide en el juzgamiento de los casos de maltrato y abuso infantil, por eso cuesta tanto conseguir que un abusador de ni\u00f1os vaya preso.\u00a0<strong>La tendencia es que una vez que se consolida la denuncia, cuenten con la simpat\u00eda de mucha gente de la Justicia\u00bb.<\/strong><\/p>\n\n\n\n<figure class=\"wp-block-embed is-type-wp-embed is-provider-diario-textual wp-block-embed-diario-textual\"><div class=\"wp-block-embed__wrapper\">\n<blockquote class=\"wp-embedded-content\" data-secret=\"SaP1JZ5nmx\"><a href=\"https:\/\/diariotextual.com\/inicio\/index.php\/2021\/12\/03\/la-ninez-pampeana-en-el-contexto-de-lucio\/\">La Ni\u00f1ez pampeana en el contexto de Lucio<\/a><\/blockquote><iframe class=\"wp-embedded-content\" sandbox=\"allow-scripts\" security=\"restricted\" style=\"position: absolute; clip: rect(1px, 1px, 1px, 1px);\" title=\"\u00abLa Ni\u00f1ez pampeana en el contexto de Lucio\u00bb \u2014 Diario Textual\" src=\"https:\/\/diariotextual.com\/inicio\/index.php\/2021\/12\/03\/la-ninez-pampeana-en-el-contexto-de-lucio\/embed\/#?secret=SaP1JZ5nmx\" data-secret=\"SaP1JZ5nmx\" width=\"600\" height=\"338\" frameborder=\"0\" marginwidth=\"0\" marginheight=\"0\" scrolling=\"no\"><\/iframe>\n<\/div><\/figure>\n","protected":false},"excerpt":{"rendered":"<p>La difusi\u00f3n que tuvo el caso del ni\u00f1o Lucio Dupuy, quien falleci\u00f3 en un hospital de Santa Rosa a ra\u00edz de las heridas recibidas presuntamente por su madre y su&hellip;<\/p>\n","protected":false},"author":3,"featured_media":171518,"comment_status":"closed","ping_status":"open","sticky":false,"template":"","format":"standard","meta":{"_acf_changed":false,"footnotes":""},"categories":[10,12],"tags":[6330],"class_list":["post-171513","post","type-post","status-publish","format-standard","has-post-thumbnail","hentry","category-portada-2","category-sociedad","tag-lucio"],"acf":[],"yoast_head":"<!-- This site is optimized with the Yoast SEO plugin v27.5 - https:\/\/yoast.com\/product\/yoast-seo-wordpress\/ -->\n<title>Por el Caso Lucio se dispararon las denuncias de maltrato hacia la ni\u00f1ez - Diario Textual<\/title>\n<meta name=\"robots\" content=\"index, follow, max-snippet:-1, max-image-preview:large, max-video-preview:-1\" \/>\n<link rel=\"canonical\" href=\"https:\/\/diariotextual.com\/inicio\/index.php\/2021\/12\/04\/por-el-caso-lucio-se-dispararon-las-denuncias-de-maltrato-hacia-la-ninez\/\" \/>\n<meta property=\"og:locale\" content=\"es_ES\" \/>\n<meta property=\"og:type\" content=\"article\" \/>\n<meta property=\"og:title\" content=\"Por el Caso Lucio se dispararon las denuncias de maltrato hacia la ni\u00f1ez - Diario Textual\" \/>\n<meta property=\"og:description\" content=\"La difusi\u00f3n que tuvo el caso del ni\u00f1o Lucio Dupuy, quien falleci\u00f3 en un hospital de Santa Rosa a ra\u00edz de las heridas recibidas presuntamente por su madre y su&hellip;\" \/>\n<meta property=\"og:url\" content=\"https:\/\/diariotextual.com\/inicio\/index.php\/2021\/12\/04\/por-el-caso-lucio-se-dispararon-las-denuncias-de-maltrato-hacia-la-ninez\/\" \/>\n<meta property=\"og:site_name\" content=\"Diario Textual\" \/>\n<meta property=\"article:publisher\" content=\"https:\/\/www.facebook.com\/eltextual\" \/>\n<meta property=\"article:published_time\" content=\"2021-12-04T23:05:48+00:00\" \/>\n<meta property=\"article:modified_time\" content=\"2021-12-05T13:08:20+00:00\" \/>\n<meta property=\"og:image\" content=\"https:\/\/diariotextual.com\/inicio\/wp-content\/uploads\/2021\/12\/luciodupuymanifestaciontelam2021-1.jpg\" \/>\n\t<meta property=\"og:image:width\" content=\"906\" \/>\n\t<meta property=\"og:image:height\" content=\"578\" \/>\n\t<meta property=\"og:image:type\" content=\"image\/jpeg\" \/>\n<meta name=\"author\" content=\"Diario1 Diario1\" \/>\n<meta name=\"twitter:card\" content=\"summary_large_image\" \/>\n<meta name=\"twitter:creator\" content=\"@eltextual\" \/>\n<meta name=\"twitter:site\" content=\"@eltextual\" \/>\n<meta name=\"twitter:label1\" content=\"Escrito por\" \/>\n\t<meta name=\"twitter:data1\" content=\"Diario1 Diario1\" \/>\n\t<meta name=\"twitter:label2\" content=\"Tiempo de lectura\" \/>\n\t<meta name=\"twitter:data2\" content=\"4 minutos\" \/>\n<script type=\"application\/ld+json\" class=\"yoast-schema-graph\">{\"@context\":\"https:\\\/\\\/schema.org\",\"@graph\":[{\"@type\":\"Article\",\"@id\":\"https:\\\/\\\/diariotextual.com\\\/inicio\\\/index.php\\\/2021\\\/12\\\/04\\\/por-el-caso-lucio-se-dispararon-las-denuncias-de-maltrato-hacia-la-ninez\\\/#article\",\"isPartOf\":{\"@id\":\"https:\\\/\\\/diariotextual.com\\\/inicio\\\/index.php\\\/2021\\\/12\\\/04\\\/por-el-caso-lucio-se-dispararon-las-denuncias-de-maltrato-hacia-la-ninez\\\/\"},\"author\":{\"name\":\"Diario1 Diario1\",\"@id\":\"https:\\\/\\\/diariotextual.com\\\/inicio\\\/#\\\/schema\\\/person\\\/418fc4093c33e86ed41562db3508f958\"},\"headline\":\"Por el Caso Lucio se dispararon las denuncias de maltrato hacia la ni\u00f1ez\",\"datePublished\":\"2021-12-04T23:05:48+00:00\",\"dateModified\":\"2021-12-05T13:08:20+00:00\",\"mainEntityOfPage\":{\"@id\":\"https:\\\/\\\/diariotextual.com\\\/inicio\\\/index.php\\\/2021\\\/12\\\/04\\\/por-el-caso-lucio-se-dispararon-las-denuncias-de-maltrato-hacia-la-ninez\\\/\"},\"wordCount\":977,\"publisher\":{\"@id\":\"https:\\\/\\\/diariotextual.com\\\/inicio\\\/#organization\"},\"image\":{\"@id\":\"https:\\\/\\\/diariotextual.com\\\/inicio\\\/index.php\\\/2021\\\/12\\\/04\\\/por-el-caso-lucio-se-dispararon-las-denuncias-de-maltrato-hacia-la-ninez\\\/#primaryimage\"},\"thumbnailUrl\":\"https:\\\/\\\/diariotextual.com\\\/inicio\\\/wp-content\\\/uploads\\\/2021\\\/12\\\/luciodupuymanifestaciontelam2021-1.jpg\",\"keywords\":[\"lucio\"],\"articleSection\":[\"A - PORTADA2\",\"SOCIEDAD\"],\"inLanguage\":\"es\"},{\"@type\":\"WebPage\",\"@id\":\"https:\\\/\\\/diariotextual.com\\\/inicio\\\/index.php\\\/2021\\\/12\\\/04\\\/por-el-caso-lucio-se-dispararon-las-denuncias-de-maltrato-hacia-la-ninez\\\/\",\"url\":\"https:\\\/\\\/diariotextual.com\\\/inicio\\\/index.php\\\/2021\\\/12\\\/04\\\/por-el-caso-lucio-se-dispararon-las-denuncias-de-maltrato-hacia-la-ninez\\\/\",\"name\":\"Por el Caso Lucio se dispararon las denuncias de maltrato hacia la ni\u00f1ez - Diario Textual\",\"isPartOf\":{\"@id\":\"https:\\\/\\\/diariotextual.com\\\/inicio\\\/#website\"},\"primaryImageOfPage\":{\"@id\":\"https:\\\/\\\/diariotextual.com\\\/inicio\\\/index.php\\\/2021\\\/12\\\/04\\\/por-el-caso-lucio-se-dispararon-las-denuncias-de-maltrato-hacia-la-ninez\\\/#primaryimage\"},\"image\":{\"@id\":\"https:\\\/\\\/diariotextual.com\\\/inicio\\\/index.php\\\/2021\\\/12\\\/04\\\/por-el-caso-lucio-se-dispararon-las-denuncias-de-maltrato-hacia-la-ninez\\\/#primaryimage\"},\"thumbnailUrl\":\"https:\\\/\\\/diariotextual.com\\\/inicio\\\/wp-content\\\/uploads\\\/2021\\\/12\\\/luciodupuymanifestaciontelam2021-1.jpg\",\"datePublished\":\"2021-12-04T23:05:48+00:00\",\"dateModified\":\"2021-12-05T13:08:20+00:00\",\"breadcrumb\":{\"@id\":\"https:\\\/\\\/diariotextual.com\\\/inicio\\\/index.php\\\/2021\\\/12\\\/04\\\/por-el-caso-lucio-se-dispararon-las-denuncias-de-maltrato-hacia-la-ninez\\\/#breadcrumb\"},\"inLanguage\":\"es\",\"potentialAction\":[{\"@type\":\"ReadAction\",\"target\":[\"https:\\\/\\\/diariotextual.com\\\/inicio\\\/index.php\\\/2021\\\/12\\\/04\\\/por-el-caso-lucio-se-dispararon-las-denuncias-de-maltrato-hacia-la-ninez\\\/\"]}]},{\"@type\":\"ImageObject\",\"inLanguage\":\"es\",\"@id\":\"https:\\\/\\\/diariotextual.com\\\/inicio\\\/index.php\\\/2021\\\/12\\\/04\\\/por-el-caso-lucio-se-dispararon-las-denuncias-de-maltrato-hacia-la-ninez\\\/#primaryimage\",\"url\":\"https:\\\/\\\/diariotextual.com\\\/inicio\\\/wp-content\\\/uploads\\\/2021\\\/12\\\/luciodupuymanifestaciontelam2021-1.jpg\",\"contentUrl\":\"https:\\\/\\\/diariotextual.com\\\/inicio\\\/wp-content\\\/uploads\\\/2021\\\/12\\\/luciodupuymanifestaciontelam2021-1.jpg\",\"width\":906,\"height\":578},{\"@type\":\"BreadcrumbList\",\"@id\":\"https:\\\/\\\/diariotextual.com\\\/inicio\\\/index.php\\\/2021\\\/12\\\/04\\\/por-el-caso-lucio-se-dispararon-las-denuncias-de-maltrato-hacia-la-ninez\\\/#breadcrumb\",\"itemListElement\":[{\"@type\":\"ListItem\",\"position\":1,\"name\":\"Portada\",\"item\":\"https:\\\/\\\/diariotextual.com\\\/inicio\\\/\"},{\"@type\":\"ListItem\",\"position\":2,\"name\":\"Por el Caso Lucio se dispararon las denuncias de maltrato hacia la ni\u00f1ez\"}]},{\"@type\":\"WebSite\",\"@id\":\"https:\\\/\\\/diariotextual.com\\\/inicio\\\/#website\",\"url\":\"https:\\\/\\\/diariotextual.com\\\/inicio\\\/\",\"name\":\"Diario Textual\",\"description\":\"\",\"publisher\":{\"@id\":\"https:\\\/\\\/diariotextual.com\\\/inicio\\\/#organization\"},\"potentialAction\":[{\"@type\":\"SearchAction\",\"target\":{\"@type\":\"EntryPoint\",\"urlTemplate\":\"https:\\\/\\\/diariotextual.com\\\/inicio\\\/?s={search_term_string}\"},\"query-input\":{\"@type\":\"PropertyValueSpecification\",\"valueRequired\":true,\"valueName\":\"search_term_string\"}}],\"inLanguage\":\"es\"},{\"@type\":\"Organization\",\"@id\":\"https:\\\/\\\/diariotextual.com\\\/inicio\\\/#organization\",\"name\":\"Diario Textual\",\"url\":\"https:\\\/\\\/diariotextual.com\\\/inicio\\\/\",\"logo\":{\"@type\":\"ImageObject\",\"inLanguage\":\"es\",\"@id\":\"https:\\\/\\\/diariotextual.com\\\/inicio\\\/#\\\/schema\\\/logo\\\/image\\\/\",\"url\":\"https:\\\/\\\/diariotextual.com\\\/inicio\\\/wp-content\\\/uploads\\\/2023\\\/05\\\/logotextual1.jpg\",\"contentUrl\":\"https:\\\/\\\/diariotextual.com\\\/inicio\\\/wp-content\\\/uploads\\\/2023\\\/05\\\/logotextual1.jpg\",\"width\":516,\"height\":76,\"caption\":\"Diario Textual\"},\"image\":{\"@id\":\"https:\\\/\\\/diariotextual.com\\\/inicio\\\/#\\\/schema\\\/logo\\\/image\\\/\"},\"sameAs\":[\"https:\\\/\\\/www.facebook.com\\\/eltextual\",\"https:\\\/\\\/x.com\\\/eltextual\",\"http:\\\/\\\/www.instagram.com\\\/eltextual\"]},{\"@type\":\"Person\",\"@id\":\"https:\\\/\\\/diariotextual.com\\\/inicio\\\/#\\\/schema\\\/person\\\/418fc4093c33e86ed41562db3508f958\",\"name\":\"Diario1 Diario1\",\"image\":{\"@type\":\"ImageObject\",\"inLanguage\":\"es\",\"@id\":\"https:\\\/\\\/secure.gravatar.com\\\/avatar\\\/9167d280179c85bc18be67aa7eda765854300033af4896dd779b608640f2ef7a?s=96&d=mm&r=g\",\"url\":\"https:\\\/\\\/secure.gravatar.com\\\/avatar\\\/9167d280179c85bc18be67aa7eda765854300033af4896dd779b608640f2ef7a?s=96&d=mm&r=g\",\"contentUrl\":\"https:\\\/\\\/secure.gravatar.com\\\/avatar\\\/9167d280179c85bc18be67aa7eda765854300033af4896dd779b608640f2ef7a?s=96&d=mm&r=g\",\"caption\":\"Diario1 Diario1\"},\"url\":\"https:\\\/\\\/diariotextual.com\\\/inicio\\\/index.php\\\/author\\\/diario1\\\/\"}]}<\/script>\n<!-- \/ Yoast SEO plugin. -->","yoast_head_json":{"title":"Por el Caso Lucio se dispararon las denuncias de maltrato hacia la ni\u00f1ez - Diario Textual","robots":{"index":"index","follow":"follow","max-snippet":"max-snippet:-1","max-image-preview":"max-image-preview:large","max-video-preview":"max-video-preview:-1"},"canonical":"https:\/\/diariotextual.com\/inicio\/index.php\/2021\/12\/04\/por-el-caso-lucio-se-dispararon-las-denuncias-de-maltrato-hacia-la-ninez\/","og_locale":"es_ES","og_type":"article","og_title":"Por el Caso Lucio se dispararon las denuncias de maltrato hacia la ni\u00f1ez - Diario Textual","og_description":"La difusi\u00f3n que tuvo el caso del ni\u00f1o Lucio Dupuy, quien falleci\u00f3 en un hospital de Santa Rosa a ra\u00edz de las heridas recibidas presuntamente por su madre y su&hellip;","og_url":"https:\/\/diariotextual.com\/inicio\/index.php\/2021\/12\/04\/por-el-caso-lucio-se-dispararon-las-denuncias-de-maltrato-hacia-la-ninez\/","og_site_name":"Diario Textual","article_publisher":"https:\/\/www.facebook.com\/eltextual","article_published_time":"2021-12-04T23:05:48+00:00","article_modified_time":"2021-12-05T13:08:20+00:00","og_image":[{"width":906,"height":578,"url":"https:\/\/diariotextual.com\/inicio\/wp-content\/uploads\/2021\/12\/luciodupuymanifestaciontelam2021-1.jpg","type":"image\/jpeg"}],"author":"Diario1 Diario1","twitter_card":"summary_large_image","twitter_creator":"@eltextual","twitter_site":"@eltextual","twitter_misc":{"Escrito por":"Diario1 Diario1","Tiempo de lectura":"4 minutos"},"schema":{"@context":"https:\/\/schema.org","@graph":[{"@type":"Article","@id":"https:\/\/diariotextual.com\/inicio\/index.php\/2021\/12\/04\/por-el-caso-lucio-se-dispararon-las-denuncias-de-maltrato-hacia-la-ninez\/#article","isPartOf":{"@id":"https:\/\/diariotextual.com\/inicio\/index.php\/2021\/12\/04\/por-el-caso-lucio-se-dispararon-las-denuncias-de-maltrato-hacia-la-ninez\/"},"author":{"name":"Diario1 Diario1","@id":"https:\/\/diariotextual.com\/inicio\/#\/schema\/person\/418fc4093c33e86ed41562db3508f958"},"headline":"Por el Caso Lucio se dispararon las denuncias de maltrato hacia la ni\u00f1ez","datePublished":"2021-12-04T23:05:48+00:00","dateModified":"2021-12-05T13:08:20+00:00","mainEntityOfPage":{"@id":"https:\/\/diariotextual.com\/inicio\/index.php\/2021\/12\/04\/por-el-caso-lucio-se-dispararon-las-denuncias-de-maltrato-hacia-la-ninez\/"},"wordCount":977,"publisher":{"@id":"https:\/\/diariotextual.com\/inicio\/#organization"},"image":{"@id":"https:\/\/diariotextual.com\/inicio\/index.php\/2021\/12\/04\/por-el-caso-lucio-se-dispararon-las-denuncias-de-maltrato-hacia-la-ninez\/#primaryimage"},"thumbnailUrl":"https:\/\/diariotextual.com\/inicio\/wp-content\/uploads\/2021\/12\/luciodupuymanifestaciontelam2021-1.jpg","keywords":["lucio"],"articleSection":["A - PORTADA2","SOCIEDAD"],"inLanguage":"es"},{"@type":"WebPage","@id":"https:\/\/diariotextual.com\/inicio\/index.php\/2021\/12\/04\/por-el-caso-lucio-se-dispararon-las-denuncias-de-maltrato-hacia-la-ninez\/","url":"https:\/\/diariotextual.com\/inicio\/index.php\/2021\/12\/04\/por-el-caso-lucio-se-dispararon-las-denuncias-de-maltrato-hacia-la-ninez\/","name":"Por el Caso Lucio se dispararon las denuncias de maltrato hacia la ni\u00f1ez - Diario Textual","isPartOf":{"@id":"https:\/\/diariotextual.com\/inicio\/#website"},"primaryImageOfPage":{"@id":"https:\/\/diariotextual.com\/inicio\/index.php\/2021\/12\/04\/por-el-caso-lucio-se-dispararon-las-denuncias-de-maltrato-hacia-la-ninez\/#primaryimage"},"image":{"@id":"https:\/\/diariotextual.com\/inicio\/index.php\/2021\/12\/04\/por-el-caso-lucio-se-dispararon-las-denuncias-de-maltrato-hacia-la-ninez\/#primaryimage"},"thumbnailUrl":"https:\/\/diariotextual.com\/inicio\/wp-content\/uploads\/2021\/12\/luciodupuymanifestaciontelam2021-1.jpg","datePublished":"2021-12-04T23:05:48+00:00","dateModified":"2021-12-05T13:08:20+00:00","breadcrumb":{"@id":"https:\/\/diariotextual.com\/inicio\/index.php\/2021\/12\/04\/por-el-caso-lucio-se-dispararon-las-denuncias-de-maltrato-hacia-la-ninez\/#breadcrumb"},"inLanguage":"es","potentialAction":[{"@type":"ReadAction","target":["https:\/\/diariotextual.com\/inicio\/index.php\/2021\/12\/04\/por-el-caso-lucio-se-dispararon-las-denuncias-de-maltrato-hacia-la-ninez\/"]}]},{"@type":"ImageObject","inLanguage":"es","@id":"https:\/\/diariotextual.com\/inicio\/index.php\/2021\/12\/04\/por-el-caso-lucio-se-dispararon-las-denuncias-de-maltrato-hacia-la-ninez\/#primaryimage","url":"https:\/\/diariotextual.com\/inicio\/wp-content\/uploads\/2021\/12\/luciodupuymanifestaciontelam2021-1.jpg","contentUrl":"https:\/\/diariotextual.com\/inicio\/wp-content\/uploads\/2021\/12\/luciodupuymanifestaciontelam2021-1.jpg","width":906,"height":578},{"@type":"BreadcrumbList","@id":"https:\/\/diariotextual.com\/inicio\/index.php\/2021\/12\/04\/por-el-caso-lucio-se-dispararon-las-denuncias-de-maltrato-hacia-la-ninez\/#breadcrumb","itemListElement":[{"@type":"ListItem","position":1,"name":"Portada","item":"https:\/\/diariotextual.com\/inicio\/"},{"@type":"ListItem","position":2,"name":"Por el Caso Lucio se dispararon las denuncias de maltrato hacia la ni\u00f1ez"}]},{"@type":"WebSite","@id":"https:\/\/diariotextual.com\/inicio\/#website","url":"https:\/\/diariotextual.com\/inicio\/","name":"Diario Textual","description":"","publisher":{"@id":"https:\/\/diariotextual.com\/inicio\/#organization"},"potentialAction":[{"@type":"SearchAction","target":{"@type":"EntryPoint","urlTemplate":"https:\/\/diariotextual.com\/inicio\/?s={search_term_string}"},"query-input":{"@type":"PropertyValueSpecification","valueRequired":true,"valueName":"search_term_string"}}],"inLanguage":"es"},{"@type":"Organization","@id":"https:\/\/diariotextual.com\/inicio\/#organization","name":"Diario Textual","url":"https:\/\/diariotextual.com\/inicio\/","logo":{"@type":"ImageObject","inLanguage":"es","@id":"https:\/\/diariotextual.com\/inicio\/#\/schema\/logo\/image\/","url":"https:\/\/diariotextual.com\/inicio\/wp-content\/uploads\/2023\/05\/logotextual1.jpg","contentUrl":"https:\/\/diariotextual.com\/inicio\/wp-content\/uploads\/2023\/05\/logotextual1.jpg","width":516,"height":76,"caption":"Diario Textual"},"image":{"@id":"https:\/\/diariotextual.com\/inicio\/#\/schema\/logo\/image\/"},"sameAs":["https:\/\/www.facebook.com\/eltextual","https:\/\/x.com\/eltextual","http:\/\/www.instagram.com\/eltextual"]},{"@type":"Person","@id":"https:\/\/diariotextual.com\/inicio\/#\/schema\/person\/418fc4093c33e86ed41562db3508f958","name":"Diario1 Diario1","image":{"@type":"ImageObject","inLanguage":"es","@id":"https:\/\/secure.gravatar.com\/avatar\/9167d280179c85bc18be67aa7eda765854300033af4896dd779b608640f2ef7a?s=96&d=mm&r=g","url":"https:\/\/secure.gravatar.com\/avatar\/9167d280179c85bc18be67aa7eda765854300033af4896dd779b608640f2ef7a?s=96&d=mm&r=g","contentUrl":"https:\/\/secure.gravatar.com\/avatar\/9167d280179c85bc18be67aa7eda765854300033af4896dd779b608640f2ef7a?s=96&d=mm&r=g","caption":"Diario1 Diario1"},"url":"https:\/\/diariotextual.com\/inicio\/index.php\/author\/diario1\/"}]}},"_links":{"self":[{"href":"https:\/\/diariotextual.com\/inicio\/index.php\/wp-json\/wp\/v2\/posts\/171513","targetHints":{"allow":["GET"]}}],"collection":[{"href":"https:\/\/diariotextual.com\/inicio\/index.php\/wp-json\/wp\/v2\/posts"}],"about":[{"href":"https:\/\/diariotextual.com\/inicio\/index.php\/wp-json\/wp\/v2\/types\/post"}],"author":[{"embeddable":true,"href":"https:\/\/diariotextual.com\/inicio\/index.php\/wp-json\/wp\/v2\/users\/3"}],"replies":[{"embeddable":true,"href":"https:\/\/diariotextual.com\/inicio\/index.php\/wp-json\/wp\/v2\/comments?post=171513"}],"version-history":[{"count":7,"href":"https:\/\/diariotextual.com\/inicio\/index.php\/wp-json\/wp\/v2\/posts\/171513\/revisions"}],"predecessor-version":[{"id":171523,"href":"https:\/\/diariotextual.com\/inicio\/index.php\/wp-json\/wp\/v2\/posts\/171513\/revisions\/171523"}],"wp:featuredmedia":[{"embeddable":true,"href":"https:\/\/diariotextual.com\/inicio\/index.php\/wp-json\/wp\/v2\/media\/171518"}],"wp:attachment":[{"href":"https:\/\/diariotextual.com\/inicio\/index.php\/wp-json\/wp\/v2\/media?parent=171513"}],"wp:term":[{"taxonomy":"category","embeddable":true,"href":"https:\/\/diariotextual.com\/inicio\/index.php\/wp-json\/wp\/v2\/categories?post=171513"},{"taxonomy":"post_tag","embeddable":true,"href":"https:\/\/diariotextual.com\/inicio\/index.php\/wp-json\/wp\/v2\/tags?post=171513"}],"curies":[{"name":"wp","href":"https:\/\/api.w.org\/{rel}","templated":true}]}}